{"id":267154,"date":"2024-12-11T05:54:03","date_gmt":"2024-12-11T09:54:03","guid":{"rendered":"https:\/\/www.eldiario.net\/portal\/?p=267154"},"modified":"2024-12-11T05:54:03","modified_gmt":"2024-12-11T09:54:03","slug":"el-litio-la-perdida-tabla-de-salvacion","status":"publish","type":"post","link":"https:\/\/www.eldiario.net\/portal\/2024\/12\/11\/el-litio-la-perdida-tabla-de-salvacion\/","title":{"rendered":"El litio, la perdida  tabla de salvaci\u00f3n"},"content":{"rendered":"<p><em>Hace casi cinco a\u00f1os, cuando el actual gobierno naci\u00f3, estaba empezando una de las crisis econ\u00f3micas m\u00e1s fuertes de la historia del pa\u00eds, sin que se pueda pronosticar que llegar\u00eda a extremos negativos, tanto por aspectos internos como externos.<\/em><br \/>\n<em>El gobierno que empez\u00f3 en el a\u00f1o 2020, sin embargo, ten\u00eda esperanzas en que la crisis ser\u00eda solucionada, pues todav\u00eda el Banco Central ten\u00eda alrededor de dos mil millones de d\u00f3lares, por las exportaciones de materias primas. Pensaba que la econom\u00eda nacional seguir\u00eda creciendo, que no se presentar\u00edan dificultades clim\u00e1ticas, no se realizar\u00edan bloqueos de caminos, ni paros catastr\u00f3ficos y otras medidas de presi\u00f3n.<\/em><br \/>\n<em>Esos augurios, sin embargo, resultaron demasiado optimistas, en especial por la ca\u00edda del ingreso de divisas debido a la suspensi\u00f3n de compra de gas por Argentina, el derrumbe de la producci\u00f3n agropecuaria y una serie de dificultades desatadas por la corriente pol\u00edtica evista, que hab\u00eda perdido el goce de las delicias del poder.<\/em><br \/>\n<em>Cuando ya se perfilaba un cielo de tempestad, el gobierno de Luis Arce encontr\u00f3 dos soluciones para la grave crisis que golpeaba las puertas del gobierno, la primera fue ver a la explotaci\u00f3n de litio como la tabla de salvaci\u00f3n de su gobierno y la segunda, anunciar el \u00e9xito de un proyecto de industrializaci\u00f3n que se levantar\u00eda a lo ancho y largo del pa\u00eds. Se pens\u00f3 que los ingresos de divisas al pa\u00eds que producir\u00edan esos dos rubros, podr\u00edan pasar de los cinco mil millones de d\u00f3lares y, en esa forma, se retornar\u00eda a los tiempos de las vacas gordas, a las cuales orde\u00f1aba, sin l\u00edmite ni descanso, cuando fue Ministro de Econom\u00eda y era propuesto, por afines al MAS, como candidato al Premio Nobel de Econom\u00eda.<\/em><br \/>\n<em>En particular, la explotaci\u00f3n y exportaci\u00f3n de lito ser\u00eda la que salve al pa\u00eds de la crisis, porque el proyecto de industrializaci\u00f3n result\u00f3 un castillo de arena que se desintegr\u00f3 ante la menor brisa marina. En efecto, el gobierno firm\u00f3 con empresas chinas, rusas y de otras partes del mundo notables contratos que aseguraban la explotaci\u00f3n de litio de salmueras. Pero tanto optimismo se derriti\u00f3 como una cucharilla de az\u00facar en una taza de caf\u00e9. Algunas empresas contratistas no cumplieron con sus ofrecimientos y otras se retiraron, como una empresa china que asegur\u00f3 que, mediante modernos m\u00e9todos de explotaci\u00f3n, a fines de 2023 estar\u00eda exportando \u201ccarbonato de litio\u201d y otros derivados, que dar\u00edan al Estado Plurinacional verdaderos chorros de d\u00f3lares.<\/em><br \/>\n<em>En verdad, el pa\u00eds ha llegado tarde, cuando el precio del litio se ha derrumbado en m\u00e1s de la mitad. Las negociaciones han sido tard\u00edas y todav\u00eda no estamos en condiciones de producir y exportar carbonato de litio. As\u00ed, toda la ilusi\u00f3n del litio termin\u00f3 en un enorme cero, como podr\u00edan terminar otros dos contratos reci\u00e9n firmados. En esa forma, la esperanza que ocasionaba la explotaci\u00f3n del litio, que al principio fue considerada por los gobernantes como la isla de salvaci\u00f3n ante la crisis econ\u00f3mica, result\u00f3 solo como el lomo de una ballena.<\/em><\/p>\n","protected":false},"excerpt":{"rendered":"<p>Hace casi cinco a\u00f1os, cuando el actual gobierno naci\u00f3, estaba empezando una de las crisis econ\u00f3micas m\u00e1s fuertes de la historia del pa\u00eds, sin que se pueda pronosticar que llegar\u00eda a extremos negativos, tanto por aspectos internos como externos. El gobierno que empez\u00f3 en el a\u00f1o 2020, sin embargo, ten\u00eda esperanzas en que la crisis [&hellip;]<\/p>\n","protected":false},"author":1,"featured_media":194776,"comment_status":"closed","ping_status":"open","sticky":false,"template":"","format":"standard","meta":{"_acf_changed":false,"footnotes":""},"categories":[4],"tags":[],"class_list":["post-267154","post","type-post","status-publish","format-standard","has-post-thumbnail","category-editorial"],"acf":{"antetitulo":""},"yoast_head":"<!-- This site is optimized with the Yoast SEO plugin v28.4 - https:\/\/yoast.com\/product\/yoast-seo-wordpress\/ -->\n<title>El litio, la perdida tabla de salvaci\u00f3n - El Diario - Bolivia<\/title>\n<meta name=\"robots\" content=\"index, follow, max-snippet:-1, max-image-preview:large, max-video-preview:-1\" \/>\n<link rel=\"canonical\" href=\"https:\/\/www.eldiario.net\/portal\/2024\/12\/11\/el-litio-la-perdida-tabla-de-salvacion\/\" \/>\n<meta property=\"og:locale\" content=\"es_ES\" \/>\n<meta property=\"og:type\" content=\"article\" \/>\n<meta property=\"og:title\" content=\"El litio, la perdida tabla de salvaci\u00f3n - El Diario - Bolivia\" \/>\n<meta property=\"og:description\" content=\"Hace casi cinco a\u00f1os, cuando el actual gobierno naci\u00f3, estaba empezando una de las crisis econ\u00f3micas m\u00e1s fuertes de la historia del pa\u00eds, sin que se pueda pronosticar que llegar\u00eda a extremos negativos, tanto por aspectos internos como externos. El gobierno que empez\u00f3 en el a\u00f1o 2020, sin embargo, ten\u00eda esperanzas en que la crisis [&hellip;]\" \/>\n<meta property=\"og:url\" content=\"https:\/\/www.eldiario.net\/portal\/2024\/12\/11\/el-litio-la-perdida-tabla-de-salvacion\/\" \/>\n<meta property=\"og:site_name\" content=\"El Diario - Bolivia\" \/>\n<meta property=\"article:publisher\" content=\"https:\/\/www.facebook.com\/eldiario.bolivia\/\" \/>\n<meta property=\"article:published_time\" content=\"2024-12-11T09:54:03+00:00\" \/>\n<meta property=\"og:image\" content=\"https:\/\/www.eldiario.net\/portal\/wp-content\/uploads\/2023\/12\/Editorial.jpg\" \/>\n\t<meta property=\"og:image:width\" content=\"800\" \/>\n\t<meta property=\"og:image:height\" content=\"500\" \/>\n\t<meta property=\"og:image:type\" content=\"image\/jpeg\" \/>\n<meta name=\"author\" content=\"Jeanette\" \/>\n<meta name=\"twitter:card\" content=\"summary_large_image\" \/>\n<meta name=\"twitter:creator\" content=\"@eldiario_net\" \/>\n<meta name=\"twitter:site\" content=\"@eldiario_net\" \/>\n<meta name=\"twitter:label1\" content=\"Escrito por\" \/>\n\t<meta name=\"twitter:data1\" content=\"Jeanette\" \/>\n\t<meta name=\"twitter:label2\" content=\"Tiempo de lectura\" \/>\n\t<meta name=\"twitter:data2\" content=\"3 minutos\" \/>\n<script type=\"application\/ld+json\" class=\"yoast-schema-graph\">{\"@context\":\"https:\\\/\\\/schema.org\",\"@graph\":[{\"@type\":\"Article\",\"@id\":\"https:\\\/\\\/www.eldiario.net\\\/portal\\\/2024\\\/12\\\/11\\\/el-litio-la-perdida-tabla-de-salvacion\\\/#article\",\"isPartOf\":{\"@id\":\"https:\\\/\\\/www.eldiario.net\\\/portal\\\/2024\\\/12\\\/11\\\/el-litio-la-perdida-tabla-de-salvacion\\\/\"},\"author\":{\"name\":\"Jeanette\",\"@id\":\"https:\\\/\\\/www.eldiario.net\\\/portal\\\/#\\\/schema\\\/person\\\/2c57cf2b7a7ae032e449e4c9b1019eac\"},\"headline\":\"El litio, la perdida tabla de salvaci\u00f3n\",\"datePublished\":\"2024-12-11T09:54:03+00:00\",\"mainEntityOfPage\":{\"@id\":\"https:\\\/\\\/www.eldiario.net\\\/portal\\\/2024\\\/12\\\/11\\\/el-litio-la-perdida-tabla-de-salvacion\\\/\"},\"wordCount\":561,\"publisher\":{\"@id\":\"https:\\\/\\\/www.eldiario.net\\\/portal\\\/#organization\"},\"image\":{\"@id\":\"https:\\\/\\\/www.eldiario.net\\\/portal\\\/2024\\\/12\\\/11\\\/el-litio-la-perdida-tabla-de-salvacion\\\/#primaryimage\"},\"thumbnailUrl\":\"https:\\\/\\\/www.eldiario.net\\\/portal\\\/wp-content\\\/uploads\\\/2023\\\/12\\\/Editorial.jpg\",\"articleSection\":[\"Editorial\"],\"inLanguage\":\"es\"},{\"@type\":\"WebPage\",\"@id\":\"https:\\\/\\\/www.eldiario.net\\\/portal\\\/2024\\\/12\\\/11\\\/el-litio-la-perdida-tabla-de-salvacion\\\/\",\"url\":\"https:\\\/\\\/www.eldiario.net\\\/portal\\\/2024\\\/12\\\/11\\\/el-litio-la-perdida-tabla-de-salvacion\\\/\",\"name\":\"El litio, la perdida tabla de salvaci\u00f3n - El Diario - Bolivia\",\"isPartOf\":{\"@id\":\"https:\\\/\\\/www.eldiario.net\\\/portal\\\/#website\"},\"primaryImageOfPage\":{\"@id\":\"https:\\\/\\\/www.eldiario.net\\\/portal\\\/2024\\\/12\\\/11\\\/el-litio-la-perdida-tabla-de-salvacion\\\/#primaryimage\"},\"image\":{\"@id\":\"https:\\\/\\\/www.eldiario.net\\\/portal\\\/2024\\\/12\\\/11\\\/el-litio-la-perdida-tabla-de-salvacion\\\/#primaryimage\"},\"thumbnailUrl\":\"https:\\\/\\\/www.eldiario.net\\\/portal\\\/wp-content\\\/uploads\\\/2023\\\/12\\\/Editorial.jpg\",\"datePublished\":\"2024-12-11T09:54:03+00:00\",\"breadcrumb\":{\"@id\":\"https:\\\/\\\/www.eldiario.net\\\/portal\\\/2024\\\/12\\\/11\\\/el-litio-la-perdida-tabla-de-salvacion\\\/#breadcrumb\"},\"inLanguage\":\"es\",\"potentialAction\":[{\"@type\":\"ReadAction\",\"target\":[\"https:\\\/\\\/www.eldiario.net\\\/portal\\\/2024\\\/12\\\/11\\\/el-litio-la-perdida-tabla-de-salvacion\\\/\"]}]},{\"@type\":\"ImageObject\",\"inLanguage\":\"es\",\"@id\":\"https:\\\/\\\/www.eldiario.net\\\/portal\\\/2024\\\/12\\\/11\\\/el-litio-la-perdida-tabla-de-salvacion\\\/#primaryimage\",\"url\":\"https:\\\/\\\/www.eldiario.net\\\/portal\\\/wp-content\\\/uploads\\\/2023\\\/12\\\/Editorial.jpg\",\"contentUrl\":\"https:\\\/\\\/www.eldiario.net\\\/portal\\\/wp-content\\\/uploads\\\/2023\\\/12\\\/Editorial.jpg\",\"width\":800,\"height\":500},{\"@type\":\"BreadcrumbList\",\"@id\":\"https:\\\/\\\/www.eldiario.net\\\/portal\\\/2024\\\/12\\\/11\\\/el-litio-la-perdida-tabla-de-salvacion\\\/#breadcrumb\",\"itemListElement\":[{\"@type\":\"ListItem\",\"position\":1,\"name\":\"Portada\",\"item\":\"https:\\\/\\\/www.eldiario.net\\\/portal\\\/\"},{\"@type\":\"ListItem\",\"position\":2,\"name\":\"El litio, la perdida tabla de salvaci\u00f3n\"}]},{\"@type\":\"WebSite\",\"@id\":\"https:\\\/\\\/www.eldiario.net\\\/portal\\\/#website\",\"url\":\"https:\\\/\\\/www.eldiario.net\\\/portal\\\/\",\"name\":\"El Diario - Decano de la prensa nacional\",\"description\":\"El Diario - Decano de la prensa nacional\",\"publisher\":{\"@id\":\"https:\\\/\\\/www.eldiario.net\\\/portal\\\/#organization\"},\"potentialAction\":[{\"@type\":\"SearchAction\",\"target\":{\"@type\":\"EntryPoint\",\"urlTemplate\":\"https:\\\/\\\/www.eldiario.net\\\/portal\\\/?s={search_term_string}\"},\"query-input\":{\"@type\":\"PropertyValueSpecification\",\"valueRequired\":true,\"valueName\":\"search_term_string\"}}],\"inLanguage\":\"es\"},{\"@type\":\"Organization\",\"@id\":\"https:\\\/\\\/www.eldiario.net\\\/portal\\\/#organization\",\"name\":\"El Diario - Decano de la prensa nacional\",\"url\":\"https:\\\/\\\/www.eldiario.net\\\/portal\\\/\",\"logo\":{\"@type\":\"ImageObject\",\"inLanguage\":\"es\",\"@id\":\"https:\\\/\\\/www.eldiario.net\\\/portal\\\/#\\\/schema\\\/logo\\\/image\\\/\",\"url\":\"https:\\\/\\\/www.eldiario.net\\\/portal\\\/wp-content\\\/uploads\\\/2023\\\/07\\\/logo_ED.jpg\",\"contentUrl\":\"https:\\\/\\\/www.eldiario.net\\\/portal\\\/wp-content\\\/uploads\\\/2023\\\/07\\\/logo_ED.jpg\",\"width\":272,\"height\":52,\"caption\":\"El Diario - Decano de la prensa nacional\"},\"image\":{\"@id\":\"https:\\\/\\\/www.eldiario.net\\\/portal\\\/#\\\/schema\\\/logo\\\/image\\\/\"},\"sameAs\":[\"https:\\\/\\\/www.facebook.com\\\/eldiario.bolivia\\\/\",\"https:\\\/\\\/x.com\\\/eldiario_net\"]},{\"@type\":\"Person\",\"@id\":\"https:\\\/\\\/www.eldiario.net\\\/portal\\\/#\\\/schema\\\/person\\\/2c57cf2b7a7ae032e449e4c9b1019eac\",\"name\":\"Jeanette\",\"image\":{\"@type\":\"ImageObject\",\"inLanguage\":\"es\",\"@id\":\"https:\\\/\\\/secure.gravatar.com\\\/avatar\\\/3ea2118a5f7dad2b7138b1187a6b7ee55f160b9968b66013c3a3ef39dd7e5798?s=96&d=mm&r=g\",\"url\":\"https:\\\/\\\/secure.gravatar.com\\\/avatar\\\/3ea2118a5f7dad2b7138b1187a6b7ee55f160b9968b66013c3a3ef39dd7e5798?s=96&d=mm&r=g\",\"contentUrl\":\"https:\\\/\\\/secure.gravatar.com\\\/avatar\\\/3ea2118a5f7dad2b7138b1187a6b7ee55f160b9968b66013c3a3ef39dd7e5798?s=96&d=mm&r=g\",\"caption\":\"Jeanette\"},\"sameAs\":[\"https:\\\/\\\/www.eldiario.net\\\/portal\"],\"url\":\"https:\\\/\\\/www.eldiario.net\\\/portal\\\/author\\\/jeanette\\\/\"}]}<\/script>\n<!-- \/ Yoast SEO plugin. -->","yoast_head_json":{"title":"El litio, la perdida tabla de salvaci\u00f3n - El Diario - Bolivia","robots":{"index":"index","follow":"follow","max-snippet":"max-snippet:-1","max-image-preview":"max-image-preview:large","max-video-preview":"max-video-preview:-1"},"canonical":"https:\/\/www.eldiario.net\/portal\/2024\/12\/11\/el-litio-la-perdida-tabla-de-salvacion\/","og_locale":"es_ES","og_type":"article","og_title":"El litio, la perdida tabla de salvaci\u00f3n - El Diario - Bolivia","og_description":"Hace casi cinco a\u00f1os, cuando el actual gobierno naci\u00f3, estaba empezando una de las crisis econ\u00f3micas m\u00e1s fuertes de la historia del pa\u00eds, sin que se pueda pronosticar que llegar\u00eda a extremos negativos, tanto por aspectos internos como externos. El gobierno que empez\u00f3 en el a\u00f1o 2020, sin embargo, ten\u00eda esperanzas en que la crisis [&hellip;]","og_url":"https:\/\/www.eldiario.net\/portal\/2024\/12\/11\/el-litio-la-perdida-tabla-de-salvacion\/","og_site_name":"El Diario - Bolivia","article_publisher":"https:\/\/www.facebook.com\/eldiario.bolivia\/","article_published_time":"2024-12-11T09:54:03+00:00","og_image":[{"width":800,"height":500,"url":"https:\/\/www.eldiario.net\/portal\/wp-content\/uploads\/2023\/12\/Editorial.jpg","type":"image\/jpeg"}],"author":"Jeanette","twitter_card":"summary_large_image","twitter_creator":"@eldiario_net","twitter_site":"@eldiario_net","twitter_misc":{"Escrito por":"Jeanette","Tiempo de lectura":"3 minutos"},"schema":{"@context":"https:\/\/schema.org","@graph":[{"@type":"Article","@id":"https:\/\/www.eldiario.net\/portal\/2024\/12\/11\/el-litio-la-perdida-tabla-de-salvacion\/#article","isPartOf":{"@id":"https:\/\/www.eldiario.net\/portal\/2024\/12\/11\/el-litio-la-perdida-tabla-de-salvacion\/"},"author":{"name":"Jeanette","@id":"https:\/\/www.eldiario.net\/portal\/#\/schema\/person\/2c57cf2b7a7ae032e449e4c9b1019eac"},"headline":"El litio, la perdida tabla de salvaci\u00f3n","datePublished":"2024-12-11T09:54:03+00:00","mainEntityOfPage":{"@id":"https:\/\/www.eldiario.net\/portal\/2024\/12\/11\/el-litio-la-perdida-tabla-de-salvacion\/"},"wordCount":561,"publisher":{"@id":"https:\/\/www.eldiario.net\/portal\/#organization"},"image":{"@id":"https:\/\/www.eldiario.net\/portal\/2024\/12\/11\/el-litio-la-perdida-tabla-de-salvacion\/#primaryimage"},"thumbnailUrl":"https:\/\/www.eldiario.net\/portal\/wp-content\/uploads\/2023\/12\/Editorial.jpg","articleSection":["Editorial"],"inLanguage":"es"},{"@type":"WebPage","@id":"https:\/\/www.eldiario.net\/portal\/2024\/12\/11\/el-litio-la-perdida-tabla-de-salvacion\/","url":"https:\/\/www.eldiario.net\/portal\/2024\/12\/11\/el-litio-la-perdida-tabla-de-salvacion\/","name":"El litio, la perdida tabla de salvaci\u00f3n - El Diario - Bolivia","isPartOf":{"@id":"https:\/\/www.eldiario.net\/portal\/#website"},"primaryImageOfPage":{"@id":"https:\/\/www.eldiario.net\/portal\/2024\/12\/11\/el-litio-la-perdida-tabla-de-salvacion\/#primaryimage"},"image":{"@id":"https:\/\/www.eldiario.net\/portal\/2024\/12\/11\/el-litio-la-perdida-tabla-de-salvacion\/#primaryimage"},"thumbnailUrl":"https:\/\/www.eldiario.net\/portal\/wp-content\/uploads\/2023\/12\/Editorial.jpg","datePublished":"2024-12-11T09:54:03+00:00","breadcrumb":{"@id":"https:\/\/www.eldiario.net\/portal\/2024\/12\/11\/el-litio-la-perdida-tabla-de-salvacion\/#breadcrumb"},"inLanguage":"es","potentialAction":[{"@type":"ReadAction","target":["https:\/\/www.eldiario.net\/portal\/2024\/12\/11\/el-litio-la-perdida-tabla-de-salvacion\/"]}]},{"@type":"ImageObject","inLanguage":"es","@id":"https:\/\/www.eldiario.net\/portal\/2024\/12\/11\/el-litio-la-perdida-tabla-de-salvacion\/#primaryimage","url":"https:\/\/www.eldiario.net\/portal\/wp-content\/uploads\/2023\/12\/Editorial.jpg","contentUrl":"https:\/\/www.eldiario.net\/portal\/wp-content\/uploads\/2023\/12\/Editorial.jpg","width":800,"height":500},{"@type":"BreadcrumbList","@id":"https:\/\/www.eldiario.net\/portal\/2024\/12\/11\/el-litio-la-perdida-tabla-de-salvacion\/#breadcrumb","itemListElement":[{"@type":"ListItem","position":1,"name":"Portada","item":"https:\/\/www.eldiario.net\/portal\/"},{"@type":"ListItem","position":2,"name":"El litio, la perdida tabla de salvaci\u00f3n"}]},{"@type":"WebSite","@id":"https:\/\/www.eldiario.net\/portal\/#website","url":"https:\/\/www.eldiario.net\/portal\/","name":"El Diario - Decano de la prensa nacional","description":"El Diario - Decano de la prensa nacional","publisher":{"@id":"https:\/\/www.eldiario.net\/portal\/#organization"},"potentialAction":[{"@type":"SearchAction","target":{"@type":"EntryPoint","urlTemplate":"https:\/\/www.eldiario.net\/portal\/?s={search_term_string}"},"query-input":{"@type":"PropertyValueSpecification","valueRequired":true,"valueName":"search_term_string"}}],"inLanguage":"es"},{"@type":"Organization","@id":"https:\/\/www.eldiario.net\/portal\/#organization","name":"El Diario - Decano de la prensa nacional","url":"https:\/\/www.eldiario.net\/portal\/","logo":{"@type":"ImageObject","inLanguage":"es","@id":"https:\/\/www.eldiario.net\/portal\/#\/schema\/logo\/image\/","url":"https:\/\/www.eldiario.net\/portal\/wp-content\/uploads\/2023\/07\/logo_ED.jpg","contentUrl":"https:\/\/www.eldiario.net\/portal\/wp-content\/uploads\/2023\/07\/logo_ED.jpg","width":272,"height":52,"caption":"El Diario - Decano de la prensa nacional"},"image":{"@id":"https:\/\/www.eldiario.net\/portal\/#\/schema\/logo\/image\/"},"sameAs":["https:\/\/www.facebook.com\/eldiario.bolivia\/","https:\/\/x.com\/eldiario_net"]},{"@type":"Person","@id":"https:\/\/www.eldiario.net\/portal\/#\/schema\/person\/2c57cf2b7a7ae032e449e4c9b1019eac","name":"Jeanette","image":{"@type":"ImageObject","inLanguage":"es","@id":"https:\/\/secure.gravatar.com\/avatar\/3ea2118a5f7dad2b7138b1187a6b7ee55f160b9968b66013c3a3ef39dd7e5798?s=96&d=mm&r=g","url":"https:\/\/secure.gravatar.com\/avatar\/3ea2118a5f7dad2b7138b1187a6b7ee55f160b9968b66013c3a3ef39dd7e5798?s=96&d=mm&r=g","contentUrl":"https:\/\/secure.gravatar.com\/avatar\/3ea2118a5f7dad2b7138b1187a6b7ee55f160b9968b66013c3a3ef39dd7e5798?s=96&d=mm&r=g","caption":"Jeanette"},"sameAs":["https:\/\/www.eldiario.net\/portal"],"url":"https:\/\/www.eldiario.net\/portal\/author\/jeanette\/"}]}},"_links":{"self":[{"href":"https:\/\/www.eldiario.net\/portal\/wp-json\/wp\/v2\/posts\/267154","targetHints":{"allow":["GET"]}}],"collection":[{"href":"https:\/\/www.eldiario.net\/portal\/wp-json\/wp\/v2\/posts"}],"about":[{"href":"https:\/\/www.eldiario.net\/portal\/wp-json\/wp\/v2\/types\/post"}],"author":[{"embeddable":true,"href":"https:\/\/www.eldiario.net\/portal\/wp-json\/wp\/v2\/users\/1"}],"replies":[{"embeddable":true,"href":"https:\/\/www.eldiario.net\/portal\/wp-json\/wp\/v2\/comments?post=267154"}],"version-history":[{"count":1,"href":"https:\/\/www.eldiario.net\/portal\/wp-json\/wp\/v2\/posts\/267154\/revisions"}],"predecessor-version":[{"id":267155,"href":"https:\/\/www.eldiario.net\/portal\/wp-json\/wp\/v2\/posts\/267154\/revisions\/267155"}],"wp:featuredmedia":[{"embeddable":true,"href":"https:\/\/www.eldiario.net\/portal\/wp-json\/wp\/v2\/media\/194776"}],"wp:attachment":[{"href":"https:\/\/www.eldiario.net\/portal\/wp-json\/wp\/v2\/media?parent=267154"}],"wp:term":[{"taxonomy":"category","embeddable":true,"href":"https:\/\/www.eldiario.net\/portal\/wp-json\/wp\/v2\/categories?post=267154"},{"taxonomy":"post_tag","embeddable":true,"href":"https:\/\/www.eldiario.net\/portal\/wp-json\/wp\/v2\/tags?post=267154"}],"curies":[{"name":"wp","href":"https:\/\/api.w.org\/{rel}","templated":true}]}}