{"id":267146,"date":"2024-12-11T05:49:36","date_gmt":"2024-12-11T09:49:36","guid":{"rendered":"https:\/\/www.eldiario.net\/portal\/?p=267146"},"modified":"2024-12-11T05:49:36","modified_gmt":"2024-12-11T09:49:36","slug":"poblacion-no-debe-permitir-un-nuevo-fraude-en-2025","status":"publish","type":"post","link":"https:\/\/www.eldiario.net\/portal\/2024\/12\/11\/poblacion-no-debe-permitir-un-nuevo-fraude-en-2025\/","title":{"rendered":"Poblaci\u00f3n no debe permitir  un nuevo fraude en 2025"},"content":{"rendered":"<p>Reiterando que se gesta un fraude electoral en las elecciones generales de 2025, legisladores de oposici\u00f3n cuestionaron la reciente designaci\u00f3n y posesi\u00f3n de nuevos vocales electorales para los departamentos de Beni y Tarija, puntualizando que esta tarea le compete a la Asamblea Legislativa Plurinacional (ALP) y no puede ser usurpada por el Ejecutivo.<br \/>\nUno de los principales cuestionamientos tiene que ver con que se proceda con este tipo de designaciones faltando d\u00edas para la realizaci\u00f3n de las elecciones judiciales, hecho que levanta una serie de susceptibilidades sobre la transparencia de todo el proceso y las intenciones pol\u00edticas detr\u00e1s de dicha acci\u00f3n.<br \/>\nEn criterio del senador chuquisaque\u00f1o, Santiago Ticona, el poder busca manipular la elecci\u00f3n de nuevas autoridades judiciales con la finalidad de mantener el control sobre la justicia y de esta forma maniobrar para suspender o retrasar lo m\u00e1s posible la realizaci\u00f3n de las elecciones generales 2025, prorrogando a la actual administraci\u00f3n.<br \/>\n\u201cA trav\u00e9s de los autoprorrogados, est\u00e1n en una l\u00ednea de generar un fraude este domingo, se est\u00e1n direccionando las cosas. Lo m\u00e1s preocupante es que posiblemente no tengamos elecciones generales el 2025 porque van a buscar la pr\u00f3rroga del se\u00f1or Arce con alg\u00fan pretexto\u201d, sostuvo.<br \/>\nEn ese contexto, lament\u00f3 que la C\u00e1mara de Diputados juegue un rol \u201cc\u00f3mplice\u201d en la vulneraci\u00f3n de las facultades del propio \u00d3rgano Legislativo, dilatando el tratamiento de estas designaciones, dando paso a que el Ejecutivo proceda de forma irregular.<br \/>\n\u201cLo que preocupa es que estas nuevas autoridades electorales empujen a que sean los candidatos del Gobierno los que salgan electos, no a trav\u00e9s del voto popular sino mediante un fraude que se intenta cometer\u201d, agreg\u00f3.<br \/>\nPara el parlamentario de oposici\u00f3n, ante estas nuevas acciones del poder para atentar contra la transparencia de los procesos electorales, la poblaci\u00f3n debe estar alerta y comenzar a generar conciencia en las instituciones de la ciudadan\u00eda boliviana, sin descartar el inicio de manifestaciones ante el riesgo que corre la democracia en el pa\u00eds.<br \/>\nEn la misma l\u00ednea, la diputada representante del departamento de Beni, Janira Rom\u00e1n, denunci\u00f3 que el gobierno del MAS prepara un nuevo \u201cfraude electoral\u201d, vulnerando las atribuciones de la ALP.<br \/>\nSeg\u00fan Rom\u00e1n, el decreto con el que el presidente Arce design\u00f3 a cuatro vocales para el TED Beni y uno para el TED Tarija, incluye a personas que ya ocuparon el cargo y estuvieron involucradas en los hechos del 2019.<br \/>\n\u201cEn el caso del se\u00f1or Rodolfo Coimbra, ya ha sido vocal del TED, ha sido aprehendido por el fraude electoral del 2019, esto nos muestra que el MAS nuevamente est\u00e1 tramando un futuro fraude en las elecciones nacionales para el pr\u00f3ximo a\u00f1o\u201d, asever\u00f3.<br \/>\nAsimismo, observ\u00f3 que una candidata que hab\u00eda renunciado a las ternas a ser consideradas por la C\u00e1mara Baja, \u201craz\u00f3n por la que Israel Huaytari dilat\u00f3 el proceso eleccionario, sorpresivamente fue designada como nueva vocal departamental\u201d.<br \/>\nPor este conjunto de irregularidades, la legisladora de oposici\u00f3n puntualiz\u00f3 que la Constituci\u00f3n Pol\u00edtica del Estado y la Ley del \u00d3rgano Electoral facultan al jefe de gobierno a designar solamente un vocal del TSE y un miembro en cada TED, por lo que la reciente designaci\u00f3n vulner\u00f3 dichas normativas, al no existir ning\u00fan argumento constitucional que respalde su acci\u00f3n.<br \/>\nEl pasado lunes, el presidente de la C\u00e1mara de Diputados, Omar Yujra, llev\u00f3 a cabo el juramento y posesi\u00f3n de los nuevos vocales electorales de Beni y Tarija, en un acto realizado en las oficinas de la Presidencia de la C\u00e1mara Baja.<br \/>\nSe se\u00f1al\u00f3 que dicha ceremonia se realiz\u00f3 en cumplimiento del Art\u00edculo 35 de la Ley N\u00b0 018 del \u00d3rgano Electoral Plurinacional y del Decreto Presidencial N\u00b0 5287, que disponen la designaci\u00f3n de autoridades para garantizar el correcto funcionamiento del sistema electoral en el pa\u00eds.<br \/>\nLos vocales posesionados fueron Jaime No\u00e9 Rodr\u00edguez, Rodolfo Coimbra Su\u00e1rez, Rubens Dar\u00edo Quinteros Salas y Mirna V\u00e1squez Noza por el departamento de Beni, en tanto que se posesion\u00f3 a Alicia Dur\u00e1n Gorena de Roca para el departamento de Tarija.<br \/>\nEn el acto, la autoridad legislativa se\u00f1al\u00f3 que con la designaci\u00f3n y posesi\u00f3n de estos vocales, en los tribunales electorales de Beni y Tarija, se refuerza la estructura institucional para continuar en los procesos democr\u00e1ticos del Estado, adem\u00e1s de fortalecer la democracia a trav\u00e9s de la consolidaci\u00f3n de los tribunales electorales departamentales.<br \/>\nParlamentarios como el pace\u00f1o Carlos Alarc\u00f3n, adelantaron que con la reciente determinaci\u00f3n del Ejecutivo, \u201cse viene un fraude electoral con elecciones judiciales ama\u00f1adas para que se queden 5 prorrogados del TCP, adem\u00e1s de la designaci\u00f3n inconstitucional por decreto de Vocales Electorales\u201d, situaci\u00f3n que, como en 2019, \u201cla poblaci\u00f3n no permitir\u00e1\u201d.<\/p>\n","protected":false},"excerpt":{"rendered":"<p>Reiterando que se gesta un fraude electoral en las elecciones generales de 2025, legisladores de oposici\u00f3n cuestionaron la reciente designaci\u00f3n y posesi\u00f3n de nuevos vocales electorales para los departamentos de Beni y Tarija, puntualizando que esta tarea le compete a la Asamblea Legislativa Plurinacional (ALP) y no puede ser usurpada por el Ejecutivo. Uno de [&hellip;]<\/p>\n","protected":false},"author":1,"featured_media":267147,"comment_status":"closed","ping_status":"open","sticky":false,"template":"","format":"standard","meta":{"_acf_changed":false,"footnotes":""},"categories":[14],"tags":[],"class_list":["post-267146","post","type-post","status-publish","format-standard","has-post-thumbnail","category-politica"],"acf":{"antetitulo":"Ven ilegal posesi\u00f3n de vocales"},"yoast_head":"<!-- This site is optimized with the Yoast SEO plugin v28.4 - https:\/\/yoast.com\/product\/yoast-seo-wordpress\/ -->\n<title>Poblaci\u00f3n no debe permitir un nuevo fraude en 2025 - El Diario - Bolivia<\/title>\n<meta name=\"robots\" content=\"index, follow, max-snippet:-1, max-image-preview:large, max-video-preview:-1\" \/>\n<link rel=\"canonical\" href=\"https:\/\/www.eldiario.net\/portal\/2024\/12\/11\/poblacion-no-debe-permitir-un-nuevo-fraude-en-2025\/\" \/>\n<meta property=\"og:locale\" content=\"es_ES\" \/>\n<meta property=\"og:type\" content=\"article\" \/>\n<meta property=\"og:title\" content=\"Poblaci\u00f3n no debe permitir un nuevo fraude en 2025 - El Diario - Bolivia\" \/>\n<meta property=\"og:description\" content=\"Reiterando que se gesta un fraude electoral en las elecciones generales de 2025, legisladores de oposici\u00f3n cuestionaron la reciente designaci\u00f3n y posesi\u00f3n de nuevos vocales electorales para los departamentos de Beni y Tarija, puntualizando que esta tarea le compete a la Asamblea Legislativa Plurinacional (ALP) y no puede ser usurpada por el Ejecutivo. Uno de [&hellip;]\" \/>\n<meta property=\"og:url\" content=\"https:\/\/www.eldiario.net\/portal\/2024\/12\/11\/poblacion-no-debe-permitir-un-nuevo-fraude-en-2025\/\" \/>\n<meta property=\"og:site_name\" content=\"El Diario - Bolivia\" \/>\n<meta property=\"article:publisher\" content=\"https:\/\/www.facebook.com\/eldiario.bolivia\/\" \/>\n<meta property=\"article:published_time\" content=\"2024-12-11T09:49:36+00:00\" \/>\n<meta property=\"og:image\" content=\"https:\/\/www.eldiario.net\/portal\/wp-content\/uploads\/2024\/12\/40-POL-4.jpg\" \/>\n\t<meta property=\"og:image:width\" content=\"1280\" \/>\n\t<meta property=\"og:image:height\" content=\"960\" \/>\n\t<meta property=\"og:image:type\" content=\"image\/jpeg\" \/>\n<meta name=\"author\" content=\"Jeanette\" \/>\n<meta name=\"twitter:card\" content=\"summary_large_image\" \/>\n<meta name=\"twitter:creator\" content=\"@eldiario_net\" \/>\n<meta name=\"twitter:site\" content=\"@eldiario_net\" \/>\n<meta name=\"twitter:label1\" content=\"Escrito por\" \/>\n\t<meta name=\"twitter:data1\" content=\"Jeanette\" \/>\n\t<meta name=\"twitter:label2\" content=\"Tiempo de lectura\" \/>\n\t<meta name=\"twitter:data2\" content=\"4 minutos\" \/>\n<script type=\"application\/ld+json\" class=\"yoast-schema-graph\">{\"@context\":\"https:\\\/\\\/schema.org\",\"@graph\":[{\"@type\":\"Article\",\"@id\":\"https:\\\/\\\/www.eldiario.net\\\/portal\\\/2024\\\/12\\\/11\\\/poblacion-no-debe-permitir-un-nuevo-fraude-en-2025\\\/#article\",\"isPartOf\":{\"@id\":\"https:\\\/\\\/www.eldiario.net\\\/portal\\\/2024\\\/12\\\/11\\\/poblacion-no-debe-permitir-un-nuevo-fraude-en-2025\\\/\"},\"author\":{\"name\":\"Jeanette\",\"@id\":\"https:\\\/\\\/www.eldiario.net\\\/portal\\\/#\\\/schema\\\/person\\\/f46445640444750d7d753ccd04ae01b7\"},\"headline\":\"Poblaci\u00f3n no debe permitir un nuevo fraude en 2025\",\"datePublished\":\"2024-12-11T09:49:36+00:00\",\"mainEntityOfPage\":{\"@id\":\"https:\\\/\\\/www.eldiario.net\\\/portal\\\/2024\\\/12\\\/11\\\/poblacion-no-debe-permitir-un-nuevo-fraude-en-2025\\\/\"},\"wordCount\":830,\"publisher\":{\"@id\":\"https:\\\/\\\/www.eldiario.net\\\/portal\\\/#organization\"},\"image\":{\"@id\":\"https:\\\/\\\/www.eldiario.net\\\/portal\\\/2024\\\/12\\\/11\\\/poblacion-no-debe-permitir-un-nuevo-fraude-en-2025\\\/#primaryimage\"},\"thumbnailUrl\":\"https:\\\/\\\/www.eldiario.net\\\/portal\\\/wp-content\\\/uploads\\\/2024\\\/12\\\/40-POL-4.jpg\",\"articleSection\":[\"Pol\u00edtica\"],\"inLanguage\":\"es\"},{\"@type\":\"WebPage\",\"@id\":\"https:\\\/\\\/www.eldiario.net\\\/portal\\\/2024\\\/12\\\/11\\\/poblacion-no-debe-permitir-un-nuevo-fraude-en-2025\\\/\",\"url\":\"https:\\\/\\\/www.eldiario.net\\\/portal\\\/2024\\\/12\\\/11\\\/poblacion-no-debe-permitir-un-nuevo-fraude-en-2025\\\/\",\"name\":\"Poblaci\u00f3n no debe permitir un nuevo fraude en 2025 - El Diario - Bolivia\",\"isPartOf\":{\"@id\":\"https:\\\/\\\/www.eldiario.net\\\/portal\\\/#website\"},\"primaryImageOfPage\":{\"@id\":\"https:\\\/\\\/www.eldiario.net\\\/portal\\\/2024\\\/12\\\/11\\\/poblacion-no-debe-permitir-un-nuevo-fraude-en-2025\\\/#primaryimage\"},\"image\":{\"@id\":\"https:\\\/\\\/www.eldiario.net\\\/portal\\\/2024\\\/12\\\/11\\\/poblacion-no-debe-permitir-un-nuevo-fraude-en-2025\\\/#primaryimage\"},\"thumbnailUrl\":\"https:\\\/\\\/www.eldiario.net\\\/portal\\\/wp-content\\\/uploads\\\/2024\\\/12\\\/40-POL-4.jpg\",\"datePublished\":\"2024-12-11T09:49:36+00:00\",\"breadcrumb\":{\"@id\":\"https:\\\/\\\/www.eldiario.net\\\/portal\\\/2024\\\/12\\\/11\\\/poblacion-no-debe-permitir-un-nuevo-fraude-en-2025\\\/#breadcrumb\"},\"inLanguage\":\"es\",\"potentialAction\":[{\"@type\":\"ReadAction\",\"target\":[\"https:\\\/\\\/www.eldiario.net\\\/portal\\\/2024\\\/12\\\/11\\\/poblacion-no-debe-permitir-un-nuevo-fraude-en-2025\\\/\"]}]},{\"@type\":\"ImageObject\",\"inLanguage\":\"es\",\"@id\":\"https:\\\/\\\/www.eldiario.net\\\/portal\\\/2024\\\/12\\\/11\\\/poblacion-no-debe-permitir-un-nuevo-fraude-en-2025\\\/#primaryimage\",\"url\":\"https:\\\/\\\/www.eldiario.net\\\/portal\\\/wp-content\\\/uploads\\\/2024\\\/12\\\/40-POL-4.jpg\",\"contentUrl\":\"https:\\\/\\\/www.eldiario.net\\\/portal\\\/wp-content\\\/uploads\\\/2024\\\/12\\\/40-POL-4.jpg\",\"width\":1280,\"height\":960,\"caption\":\"Posesi\u00f3n de nuevos vocales departamentales.\"},{\"@type\":\"BreadcrumbList\",\"@id\":\"https:\\\/\\\/www.eldiario.net\\\/portal\\\/2024\\\/12\\\/11\\\/poblacion-no-debe-permitir-un-nuevo-fraude-en-2025\\\/#breadcrumb\",\"itemListElement\":[{\"@type\":\"ListItem\",\"position\":1,\"name\":\"Portada\",\"item\":\"https:\\\/\\\/www.eldiario.net\\\/portal\\\/\"},{\"@type\":\"ListItem\",\"position\":2,\"name\":\"Poblaci\u00f3n no debe permitir un nuevo fraude en 2025\"}]},{\"@type\":\"WebSite\",\"@id\":\"https:\\\/\\\/www.eldiario.net\\\/portal\\\/#website\",\"url\":\"https:\\\/\\\/www.eldiario.net\\\/portal\\\/\",\"name\":\"El Diario - Decano de la prensa nacional\",\"description\":\"El Diario - Decano de la prensa nacional\",\"publisher\":{\"@id\":\"https:\\\/\\\/www.eldiario.net\\\/portal\\\/#organization\"},\"potentialAction\":[{\"@type\":\"SearchAction\",\"target\":{\"@type\":\"EntryPoint\",\"urlTemplate\":\"https:\\\/\\\/www.eldiario.net\\\/portal\\\/?s={search_term_string}\"},\"query-input\":{\"@type\":\"PropertyValueSpecification\",\"valueRequired\":true,\"valueName\":\"search_term_string\"}}],\"inLanguage\":\"es\"},{\"@type\":\"Organization\",\"@id\":\"https:\\\/\\\/www.eldiario.net\\\/portal\\\/#organization\",\"name\":\"El Diario - Decano de la prensa nacional\",\"url\":\"https:\\\/\\\/www.eldiario.net\\\/portal\\\/\",\"logo\":{\"@type\":\"ImageObject\",\"inLanguage\":\"es\",\"@id\":\"https:\\\/\\\/www.eldiario.net\\\/portal\\\/#\\\/schema\\\/logo\\\/image\\\/\",\"url\":\"https:\\\/\\\/www.eldiario.net\\\/portal\\\/wp-content\\\/uploads\\\/2023\\\/07\\\/logo_ED.jpg\",\"contentUrl\":\"https:\\\/\\\/www.eldiario.net\\\/portal\\\/wp-content\\\/uploads\\\/2023\\\/07\\\/logo_ED.jpg\",\"width\":272,\"height\":52,\"caption\":\"El Diario - Decano de la prensa nacional\"},\"image\":{\"@id\":\"https:\\\/\\\/www.eldiario.net\\\/portal\\\/#\\\/schema\\\/logo\\\/image\\\/\"},\"sameAs\":[\"https:\\\/\\\/www.facebook.com\\\/eldiario.bolivia\\\/\",\"https:\\\/\\\/x.com\\\/eldiario_net\"]},{\"@type\":\"Person\",\"@id\":\"https:\\\/\\\/www.eldiario.net\\\/portal\\\/#\\\/schema\\\/person\\\/f46445640444750d7d753ccd04ae01b7\",\"name\":\"Jeanette\",\"image\":{\"@type\":\"ImageObject\",\"inLanguage\":\"es\",\"@id\":\"https:\\\/\\\/secure.gravatar.com\\\/avatar\\\/3ea2118a5f7dad2b7138b1187a6b7ee55f160b9968b66013c3a3ef39dd7e5798?s=96&d=mm&r=g\",\"url\":\"https:\\\/\\\/secure.gravatar.com\\\/avatar\\\/3ea2118a5f7dad2b7138b1187a6b7ee55f160b9968b66013c3a3ef39dd7e5798?s=96&d=mm&r=g\",\"contentUrl\":\"https:\\\/\\\/secure.gravatar.com\\\/avatar\\\/3ea2118a5f7dad2b7138b1187a6b7ee55f160b9968b66013c3a3ef39dd7e5798?s=96&d=mm&r=g\",\"caption\":\"Jeanette\"},\"sameAs\":[\"https:\\\/\\\/www.eldiario.net\\\/portal\"],\"url\":\"https:\\\/\\\/www.eldiario.net\\\/portal\\\/author\\\/jeanette\\\/\"}]}<\/script>\n<!-- \/ Yoast SEO plugin. -->","yoast_head_json":{"title":"Poblaci\u00f3n no debe permitir un nuevo fraude en 2025 - El Diario - Bolivia","robots":{"index":"index","follow":"follow","max-snippet":"max-snippet:-1","max-image-preview":"max-image-preview:large","max-video-preview":"max-video-preview:-1"},"canonical":"https:\/\/www.eldiario.net\/portal\/2024\/12\/11\/poblacion-no-debe-permitir-un-nuevo-fraude-en-2025\/","og_locale":"es_ES","og_type":"article","og_title":"Poblaci\u00f3n no debe permitir un nuevo fraude en 2025 - El Diario - Bolivia","og_description":"Reiterando que se gesta un fraude electoral en las elecciones generales de 2025, legisladores de oposici\u00f3n cuestionaron la reciente designaci\u00f3n y posesi\u00f3n de nuevos vocales electorales para los departamentos de Beni y Tarija, puntualizando que esta tarea le compete a la Asamblea Legislativa Plurinacional (ALP) y no puede ser usurpada por el Ejecutivo. Uno de [&hellip;]","og_url":"https:\/\/www.eldiario.net\/portal\/2024\/12\/11\/poblacion-no-debe-permitir-un-nuevo-fraude-en-2025\/","og_site_name":"El Diario - Bolivia","article_publisher":"https:\/\/www.facebook.com\/eldiario.bolivia\/","article_published_time":"2024-12-11T09:49:36+00:00","og_image":[{"width":1280,"height":960,"url":"https:\/\/www.eldiario.net\/portal\/wp-content\/uploads\/2024\/12\/40-POL-4.jpg","type":"image\/jpeg"}],"author":"Jeanette","twitter_card":"summary_large_image","twitter_creator":"@eldiario_net","twitter_site":"@eldiario_net","twitter_misc":{"Escrito por":"Jeanette","Tiempo de lectura":"4 minutos"},"schema":{"@context":"https:\/\/schema.org","@graph":[{"@type":"Article","@id":"https:\/\/www.eldiario.net\/portal\/2024\/12\/11\/poblacion-no-debe-permitir-un-nuevo-fraude-en-2025\/#article","isPartOf":{"@id":"https:\/\/www.eldiario.net\/portal\/2024\/12\/11\/poblacion-no-debe-permitir-un-nuevo-fraude-en-2025\/"},"author":{"name":"Jeanette","@id":"https:\/\/www.eldiario.net\/portal\/#\/schema\/person\/f46445640444750d7d753ccd04ae01b7"},"headline":"Poblaci\u00f3n no debe permitir un nuevo fraude en 2025","datePublished":"2024-12-11T09:49:36+00:00","mainEntityOfPage":{"@id":"https:\/\/www.eldiario.net\/portal\/2024\/12\/11\/poblacion-no-debe-permitir-un-nuevo-fraude-en-2025\/"},"wordCount":830,"publisher":{"@id":"https:\/\/www.eldiario.net\/portal\/#organization"},"image":{"@id":"https:\/\/www.eldiario.net\/portal\/2024\/12\/11\/poblacion-no-debe-permitir-un-nuevo-fraude-en-2025\/#primaryimage"},"thumbnailUrl":"https:\/\/www.eldiario.net\/portal\/wp-content\/uploads\/2024\/12\/40-POL-4.jpg","articleSection":["Pol\u00edtica"],"inLanguage":"es"},{"@type":"WebPage","@id":"https:\/\/www.eldiario.net\/portal\/2024\/12\/11\/poblacion-no-debe-permitir-un-nuevo-fraude-en-2025\/","url":"https:\/\/www.eldiario.net\/portal\/2024\/12\/11\/poblacion-no-debe-permitir-un-nuevo-fraude-en-2025\/","name":"Poblaci\u00f3n no debe permitir un nuevo fraude en 2025 - El Diario - Bolivia","isPartOf":{"@id":"https:\/\/www.eldiario.net\/portal\/#website"},"primaryImageOfPage":{"@id":"https:\/\/www.eldiario.net\/portal\/2024\/12\/11\/poblacion-no-debe-permitir-un-nuevo-fraude-en-2025\/#primaryimage"},"image":{"@id":"https:\/\/www.eldiario.net\/portal\/2024\/12\/11\/poblacion-no-debe-permitir-un-nuevo-fraude-en-2025\/#primaryimage"},"thumbnailUrl":"https:\/\/www.eldiario.net\/portal\/wp-content\/uploads\/2024\/12\/40-POL-4.jpg","datePublished":"2024-12-11T09:49:36+00:00","breadcrumb":{"@id":"https:\/\/www.eldiario.net\/portal\/2024\/12\/11\/poblacion-no-debe-permitir-un-nuevo-fraude-en-2025\/#breadcrumb"},"inLanguage":"es","potentialAction":[{"@type":"ReadAction","target":["https:\/\/www.eldiario.net\/portal\/2024\/12\/11\/poblacion-no-debe-permitir-un-nuevo-fraude-en-2025\/"]}]},{"@type":"ImageObject","inLanguage":"es","@id":"https:\/\/www.eldiario.net\/portal\/2024\/12\/11\/poblacion-no-debe-permitir-un-nuevo-fraude-en-2025\/#primaryimage","url":"https:\/\/www.eldiario.net\/portal\/wp-content\/uploads\/2024\/12\/40-POL-4.jpg","contentUrl":"https:\/\/www.eldiario.net\/portal\/wp-content\/uploads\/2024\/12\/40-POL-4.jpg","width":1280,"height":960,"caption":"Posesi\u00f3n de nuevos vocales departamentales."},{"@type":"BreadcrumbList","@id":"https:\/\/www.eldiario.net\/portal\/2024\/12\/11\/poblacion-no-debe-permitir-un-nuevo-fraude-en-2025\/#breadcrumb","itemListElement":[{"@type":"ListItem","position":1,"name":"Portada","item":"https:\/\/www.eldiario.net\/portal\/"},{"@type":"ListItem","position":2,"name":"Poblaci\u00f3n no debe permitir un nuevo fraude en 2025"}]},{"@type":"WebSite","@id":"https:\/\/www.eldiario.net\/portal\/#website","url":"https:\/\/www.eldiario.net\/portal\/","name":"El Diario - Decano de la prensa nacional","description":"El Diario - Decano de la prensa nacional","publisher":{"@id":"https:\/\/www.eldiario.net\/portal\/#organization"},"potentialAction":[{"@type":"SearchAction","target":{"@type":"EntryPoint","urlTemplate":"https:\/\/www.eldiario.net\/portal\/?s={search_term_string}"},"query-input":{"@type":"PropertyValueSpecification","valueRequired":true,"valueName":"search_term_string"}}],"inLanguage":"es"},{"@type":"Organization","@id":"https:\/\/www.eldiario.net\/portal\/#organization","name":"El Diario - Decano de la prensa nacional","url":"https:\/\/www.eldiario.net\/portal\/","logo":{"@type":"ImageObject","inLanguage":"es","@id":"https:\/\/www.eldiario.net\/portal\/#\/schema\/logo\/image\/","url":"https:\/\/www.eldiario.net\/portal\/wp-content\/uploads\/2023\/07\/logo_ED.jpg","contentUrl":"https:\/\/www.eldiario.net\/portal\/wp-content\/uploads\/2023\/07\/logo_ED.jpg","width":272,"height":52,"caption":"El Diario - Decano de la prensa nacional"},"image":{"@id":"https:\/\/www.eldiario.net\/portal\/#\/schema\/logo\/image\/"},"sameAs":["https:\/\/www.facebook.com\/eldiario.bolivia\/","https:\/\/x.com\/eldiario_net"]},{"@type":"Person","@id":"https:\/\/www.eldiario.net\/portal\/#\/schema\/person\/f46445640444750d7d753ccd04ae01b7","name":"Jeanette","image":{"@type":"ImageObject","inLanguage":"es","@id":"https:\/\/secure.gravatar.com\/avatar\/3ea2118a5f7dad2b7138b1187a6b7ee55f160b9968b66013c3a3ef39dd7e5798?s=96&d=mm&r=g","url":"https:\/\/secure.gravatar.com\/avatar\/3ea2118a5f7dad2b7138b1187a6b7ee55f160b9968b66013c3a3ef39dd7e5798?s=96&d=mm&r=g","contentUrl":"https:\/\/secure.gravatar.com\/avatar\/3ea2118a5f7dad2b7138b1187a6b7ee55f160b9968b66013c3a3ef39dd7e5798?s=96&d=mm&r=g","caption":"Jeanette"},"sameAs":["https:\/\/www.eldiario.net\/portal"],"url":"https:\/\/www.eldiario.net\/portal\/author\/jeanette\/"}]}},"_links":{"self":[{"href":"https:\/\/www.eldiario.net\/portal\/wp-json\/wp\/v2\/posts\/267146","targetHints":{"allow":["GET"]}}],"collection":[{"href":"https:\/\/www.eldiario.net\/portal\/wp-json\/wp\/v2\/posts"}],"about":[{"href":"https:\/\/www.eldiario.net\/portal\/wp-json\/wp\/v2\/types\/post"}],"author":[{"embeddable":true,"href":"https:\/\/www.eldiario.net\/portal\/wp-json\/wp\/v2\/users\/1"}],"replies":[{"embeddable":true,"href":"https:\/\/www.eldiario.net\/portal\/wp-json\/wp\/v2\/comments?post=267146"}],"version-history":[{"count":1,"href":"https:\/\/www.eldiario.net\/portal\/wp-json\/wp\/v2\/posts\/267146\/revisions"}],"predecessor-version":[{"id":267148,"href":"https:\/\/www.eldiario.net\/portal\/wp-json\/wp\/v2\/posts\/267146\/revisions\/267148"}],"wp:featuredmedia":[{"embeddable":true,"href":"https:\/\/www.eldiario.net\/portal\/wp-json\/wp\/v2\/media\/267147"}],"wp:attachment":[{"href":"https:\/\/www.eldiario.net\/portal\/wp-json\/wp\/v2\/media?parent=267146"}],"wp:term":[{"taxonomy":"category","embeddable":true,"href":"https:\/\/www.eldiario.net\/portal\/wp-json\/wp\/v2\/categories?post=267146"},{"taxonomy":"post_tag","embeddable":true,"href":"https:\/\/www.eldiario.net\/portal\/wp-json\/wp\/v2\/tags?post=267146"}],"curies":[{"name":"wp","href":"https:\/\/api.w.org\/{rel}","templated":true}]}}