{"id":267143,"date":"2024-12-11T05:48:58","date_gmt":"2024-12-11T09:48:58","guid":{"rendered":"https:\/\/www.eldiario.net\/portal\/?p=267143"},"modified":"2024-12-11T05:48:58","modified_gmt":"2024-12-11T09:48:58","slug":"revelan-nombres-de-candidatos-supuestamente-ligados-al-mas","status":"publish","type":"post","link":"https:\/\/www.eldiario.net\/portal\/2024\/12\/11\/revelan-nombres-de-candidatos-supuestamente-ligados-al-mas\/","title":{"rendered":"Revelan nombres de candidatos,  supuestamente ligados al MAS"},"content":{"rendered":"<p>Luego de realizar un trabajo de investigaci\u00f3n sobre los perfiles y la trayectoria de los candidatos a las elecciones judiciales, la diputada por Comunidad Ciudadana (CC), Luciana Campero, hizo p\u00fablica una lista con los nombres de varios juristas, supuestamente vinculados al Movimiento al Socialismo (MAS) y a pr\u00e1cticas de la vieja pol\u00edtica boliviana.<br \/>\nA trav\u00e9s de sus redes sociales, Campero reiter\u00f3 su desacuerdo con la modalidad de elecci\u00f3n de autoridades judiciales, por tratarse de una imposici\u00f3n del \u201cmasismo\u201d, emulando a gobiernos autoritarios de la regi\u00f3n, con los que comparte una misma l\u00ednea ideol\u00f3gica, altamente cuestionada por la poblaci\u00f3n.<br \/>\n\u201cEste proceso es una copia fiel de las pr\u00e1cticas de los gobiernos del socialismo del siglo XXI, donde la justicia es manipulada al servicio del poder pol\u00edtico\u201d, expres\u00f3.<br \/>\nAsimismo y rechazando diferentes posturas, en oficialismo y oposici\u00f3n, que apuestan y llaman a que la ciudadan\u00eda opte por emitir votos nulos o blancos, como una supuesta se\u00f1al de rechazo al actual gobierno, Campero afirm\u00f3 estar convencida de que optar por este camino ser\u00eda darle una \u201ctarjeta verde\u201d al r\u00e9gimen para continuar \u201cprostituyendo y manejando\u201d al \u00d3rgano Judicial.<br \/>\nEn ese sentido, la legisladora representante del departamento de Tarija, inform\u00f3 que, tras varios d\u00edas de debates, an\u00e1lisis y trabajo conjunto, en coordinaci\u00f3n con varios profesionales en derecho y otras \u00e1reas, se logr\u00f3 culminar la elaboraci\u00f3n de un listado denominado \u201clistas azules\u201d, en las que se revelan y denuncian supuestos nexos y cercan\u00eda de varios candidatos participantes de las pr\u00f3ximas elecciones judiciales, con el Movimiento al Socialismo y representantes de la vieja pol\u00edtica boliviana.<br \/>\n\u201cEstas listas facilitan la investigaci\u00f3n ciudadana y ofrecen un par de opciones viables, entre las cuales podr\u00e1 encontrar candidatos que se alejan del MAS y de los pol\u00edticos tradicionales\u201d, indic\u00f3.<br \/>\nSeg\u00fan Campero, la finalidad de este trabajo es \u201cliberar a la justicia del control partidario y de las garras del MAS. Pese al manoseo del proceso, el cambio arbitrario de reglas y la indignante parcialidad de estas elecciones\u201d.<br \/>\nLas listas completas con toda la informaci\u00f3n recopilada por este trabajo de investigaci\u00f3n, fueron publicadas por la diputada Campero en su cuenta de la red social X (@LucamperoBol), y est\u00e1n a disposici\u00f3n de la poblaci\u00f3n que desee contar con informaci\u00f3n antes de emitir su voto el pr\u00f3ximo 15 de diciembre, jornada definida por el \u00d3rgano Electoral para ser el d\u00eda de votaci\u00f3n en las elecciones judiciales.<br \/>\n\u201cA\u00fan podemos devolver algo de independencia a los m\u00e1ximos tribunales de justicia. El cambio est\u00e1 en nuestras manos, incluso en medio de este proceso imperfecto. Investiguemos, decidamos y luchemos por una justicia libre\u201d, concluy\u00f3 Campero.<\/p>\n","protected":false},"excerpt":{"rendered":"<p>Luego de realizar un trabajo de investigaci\u00f3n sobre los perfiles y la trayectoria de los candidatos a las elecciones judiciales, la diputada por Comunidad Ciudadana (CC), Luciana Campero, hizo p\u00fablica una lista con los nombres de varios juristas, supuestamente vinculados al Movimiento al Socialismo (MAS) y a pr\u00e1cticas de la vieja pol\u00edtica boliviana. A trav\u00e9s [&hellip;]<\/p>\n","protected":false},"author":1,"featured_media":267144,"comment_status":"closed","ping_status":"open","sticky":false,"template":"","format":"standard","meta":{"_acf_changed":false,"footnotes":""},"categories":[14],"tags":[],"class_list":["post-267143","post","type-post","status-publish","format-standard","has-post-thumbnail","category-politica"],"acf":{"antetitulo":"Tras investigaciones"},"yoast_head":"<!-- This site is optimized with the Yoast SEO plugin v28.4 - https:\/\/yoast.com\/product\/yoast-seo-wordpress\/ -->\n<title>Revelan nombres de candidatos, supuestamente ligados al MAS - El Diario - Bolivia<\/title>\n<meta name=\"robots\" content=\"index, follow, max-snippet:-1, max-image-preview:large, max-video-preview:-1\" \/>\n<link rel=\"canonical\" href=\"https:\/\/www.eldiario.net\/portal\/2024\/12\/11\/revelan-nombres-de-candidatos-supuestamente-ligados-al-mas\/\" \/>\n<meta property=\"og:locale\" content=\"es_ES\" \/>\n<meta property=\"og:type\" content=\"article\" \/>\n<meta property=\"og:title\" content=\"Revelan nombres de candidatos, supuestamente ligados al MAS - El Diario - Bolivia\" \/>\n<meta property=\"og:description\" content=\"Luego de realizar un trabajo de investigaci\u00f3n sobre los perfiles y la trayectoria de los candidatos a las elecciones judiciales, la diputada por Comunidad Ciudadana (CC), Luciana Campero, hizo p\u00fablica una lista con los nombres de varios juristas, supuestamente vinculados al Movimiento al Socialismo (MAS) y a pr\u00e1cticas de la vieja pol\u00edtica boliviana. A trav\u00e9s [&hellip;]\" \/>\n<meta property=\"og:url\" content=\"https:\/\/www.eldiario.net\/portal\/2024\/12\/11\/revelan-nombres-de-candidatos-supuestamente-ligados-al-mas\/\" \/>\n<meta property=\"og:site_name\" content=\"El Diario - Bolivia\" \/>\n<meta property=\"article:publisher\" content=\"https:\/\/www.facebook.com\/eldiario.bolivia\/\" \/>\n<meta property=\"article:published_time\" content=\"2024-12-11T09:48:58+00:00\" \/>\n<meta property=\"og:image\" content=\"https:\/\/www.eldiario.net\/portal\/wp-content\/uploads\/2024\/12\/41-POL-2.jpg\" \/>\n\t<meta property=\"og:image:width\" content=\"1600\" \/>\n\t<meta property=\"og:image:height\" content=\"973\" \/>\n\t<meta property=\"og:image:type\" content=\"image\/jpeg\" \/>\n<meta name=\"author\" content=\"Jeanette\" \/>\n<meta name=\"twitter:card\" content=\"summary_large_image\" \/>\n<meta name=\"twitter:creator\" content=\"@eldiario_net\" \/>\n<meta name=\"twitter:site\" content=\"@eldiario_net\" \/>\n<meta name=\"twitter:label1\" content=\"Escrito por\" \/>\n\t<meta name=\"twitter:data1\" content=\"Jeanette\" \/>\n\t<meta name=\"twitter:label2\" content=\"Tiempo de lectura\" \/>\n\t<meta name=\"twitter:data2\" content=\"3 minutos\" \/>\n<script type=\"application\/ld+json\" class=\"yoast-schema-graph\">{\"@context\":\"https:\\\/\\\/schema.org\",\"@graph\":[{\"@type\":\"Article\",\"@id\":\"https:\\\/\\\/www.eldiario.net\\\/portal\\\/2024\\\/12\\\/11\\\/revelan-nombres-de-candidatos-supuestamente-ligados-al-mas\\\/#article\",\"isPartOf\":{\"@id\":\"https:\\\/\\\/www.eldiario.net\\\/portal\\\/2024\\\/12\\\/11\\\/revelan-nombres-de-candidatos-supuestamente-ligados-al-mas\\\/\"},\"author\":{\"name\":\"Jeanette\",\"@id\":\"https:\\\/\\\/www.eldiario.net\\\/portal\\\/#\\\/schema\\\/person\\\/f46445640444750d7d753ccd04ae01b7\"},\"headline\":\"Revelan nombres de candidatos, supuestamente ligados al MAS\",\"datePublished\":\"2024-12-11T09:48:58+00:00\",\"mainEntityOfPage\":{\"@id\":\"https:\\\/\\\/www.eldiario.net\\\/portal\\\/2024\\\/12\\\/11\\\/revelan-nombres-de-candidatos-supuestamente-ligados-al-mas\\\/\"},\"wordCount\":473,\"publisher\":{\"@id\":\"https:\\\/\\\/www.eldiario.net\\\/portal\\\/#organization\"},\"image\":{\"@id\":\"https:\\\/\\\/www.eldiario.net\\\/portal\\\/2024\\\/12\\\/11\\\/revelan-nombres-de-candidatos-supuestamente-ligados-al-mas\\\/#primaryimage\"},\"thumbnailUrl\":\"https:\\\/\\\/www.eldiario.net\\\/portal\\\/wp-content\\\/uploads\\\/2024\\\/12\\\/41-POL-2.jpg\",\"articleSection\":[\"Pol\u00edtica\"],\"inLanguage\":\"es\"},{\"@type\":\"WebPage\",\"@id\":\"https:\\\/\\\/www.eldiario.net\\\/portal\\\/2024\\\/12\\\/11\\\/revelan-nombres-de-candidatos-supuestamente-ligados-al-mas\\\/\",\"url\":\"https:\\\/\\\/www.eldiario.net\\\/portal\\\/2024\\\/12\\\/11\\\/revelan-nombres-de-candidatos-supuestamente-ligados-al-mas\\\/\",\"name\":\"Revelan nombres de candidatos, supuestamente ligados al MAS - El Diario - Bolivia\",\"isPartOf\":{\"@id\":\"https:\\\/\\\/www.eldiario.net\\\/portal\\\/#website\"},\"primaryImageOfPage\":{\"@id\":\"https:\\\/\\\/www.eldiario.net\\\/portal\\\/2024\\\/12\\\/11\\\/revelan-nombres-de-candidatos-supuestamente-ligados-al-mas\\\/#primaryimage\"},\"image\":{\"@id\":\"https:\\\/\\\/www.eldiario.net\\\/portal\\\/2024\\\/12\\\/11\\\/revelan-nombres-de-candidatos-supuestamente-ligados-al-mas\\\/#primaryimage\"},\"thumbnailUrl\":\"https:\\\/\\\/www.eldiario.net\\\/portal\\\/wp-content\\\/uploads\\\/2024\\\/12\\\/41-POL-2.jpg\",\"datePublished\":\"2024-12-11T09:48:58+00:00\",\"breadcrumb\":{\"@id\":\"https:\\\/\\\/www.eldiario.net\\\/portal\\\/2024\\\/12\\\/11\\\/revelan-nombres-de-candidatos-supuestamente-ligados-al-mas\\\/#breadcrumb\"},\"inLanguage\":\"es\",\"potentialAction\":[{\"@type\":\"ReadAction\",\"target\":[\"https:\\\/\\\/www.eldiario.net\\\/portal\\\/2024\\\/12\\\/11\\\/revelan-nombres-de-candidatos-supuestamente-ligados-al-mas\\\/\"]}]},{\"@type\":\"ImageObject\",\"inLanguage\":\"es\",\"@id\":\"https:\\\/\\\/www.eldiario.net\\\/portal\\\/2024\\\/12\\\/11\\\/revelan-nombres-de-candidatos-supuestamente-ligados-al-mas\\\/#primaryimage\",\"url\":\"https:\\\/\\\/www.eldiario.net\\\/portal\\\/wp-content\\\/uploads\\\/2024\\\/12\\\/41-POL-2.jpg\",\"contentUrl\":\"https:\\\/\\\/www.eldiario.net\\\/portal\\\/wp-content\\\/uploads\\\/2024\\\/12\\\/41-POL-2.jpg\",\"width\":1600,\"height\":973,\"caption\":\"Diputada Luciana Campero (CC).\"},{\"@type\":\"BreadcrumbList\",\"@id\":\"https:\\\/\\\/www.eldiario.net\\\/portal\\\/2024\\\/12\\\/11\\\/revelan-nombres-de-candidatos-supuestamente-ligados-al-mas\\\/#breadcrumb\",\"itemListElement\":[{\"@type\":\"ListItem\",\"position\":1,\"name\":\"Portada\",\"item\":\"https:\\\/\\\/www.eldiario.net\\\/portal\\\/\"},{\"@type\":\"ListItem\",\"position\":2,\"name\":\"Revelan nombres de candidatos, supuestamente ligados al MAS\"}]},{\"@type\":\"WebSite\",\"@id\":\"https:\\\/\\\/www.eldiario.net\\\/portal\\\/#website\",\"url\":\"https:\\\/\\\/www.eldiario.net\\\/portal\\\/\",\"name\":\"El Diario - Decano de la prensa nacional\",\"description\":\"El Diario - Decano de la prensa nacional\",\"publisher\":{\"@id\":\"https:\\\/\\\/www.eldiario.net\\\/portal\\\/#organization\"},\"potentialAction\":[{\"@type\":\"SearchAction\",\"target\":{\"@type\":\"EntryPoint\",\"urlTemplate\":\"https:\\\/\\\/www.eldiario.net\\\/portal\\\/?s={search_term_string}\"},\"query-input\":{\"@type\":\"PropertyValueSpecification\",\"valueRequired\":true,\"valueName\":\"search_term_string\"}}],\"inLanguage\":\"es\"},{\"@type\":\"Organization\",\"@id\":\"https:\\\/\\\/www.eldiario.net\\\/portal\\\/#organization\",\"name\":\"El Diario - Decano de la prensa nacional\",\"url\":\"https:\\\/\\\/www.eldiario.net\\\/portal\\\/\",\"logo\":{\"@type\":\"ImageObject\",\"inLanguage\":\"es\",\"@id\":\"https:\\\/\\\/www.eldiario.net\\\/portal\\\/#\\\/schema\\\/logo\\\/image\\\/\",\"url\":\"https:\\\/\\\/www.eldiario.net\\\/portal\\\/wp-content\\\/uploads\\\/2023\\\/07\\\/logo_ED.jpg\",\"contentUrl\":\"https:\\\/\\\/www.eldiario.net\\\/portal\\\/wp-content\\\/uploads\\\/2023\\\/07\\\/logo_ED.jpg\",\"width\":272,\"height\":52,\"caption\":\"El Diario - Decano de la prensa nacional\"},\"image\":{\"@id\":\"https:\\\/\\\/www.eldiario.net\\\/portal\\\/#\\\/schema\\\/logo\\\/image\\\/\"},\"sameAs\":[\"https:\\\/\\\/www.facebook.com\\\/eldiario.bolivia\\\/\",\"https:\\\/\\\/x.com\\\/eldiario_net\"]},{\"@type\":\"Person\",\"@id\":\"https:\\\/\\\/www.eldiario.net\\\/portal\\\/#\\\/schema\\\/person\\\/f46445640444750d7d753ccd04ae01b7\",\"name\":\"Jeanette\",\"image\":{\"@type\":\"ImageObject\",\"inLanguage\":\"es\",\"@id\":\"https:\\\/\\\/secure.gravatar.com\\\/avatar\\\/3ea2118a5f7dad2b7138b1187a6b7ee55f160b9968b66013c3a3ef39dd7e5798?s=96&d=mm&r=g\",\"url\":\"https:\\\/\\\/secure.gravatar.com\\\/avatar\\\/3ea2118a5f7dad2b7138b1187a6b7ee55f160b9968b66013c3a3ef39dd7e5798?s=96&d=mm&r=g\",\"contentUrl\":\"https:\\\/\\\/secure.gravatar.com\\\/avatar\\\/3ea2118a5f7dad2b7138b1187a6b7ee55f160b9968b66013c3a3ef39dd7e5798?s=96&d=mm&r=g\",\"caption\":\"Jeanette\"},\"sameAs\":[\"https:\\\/\\\/www.eldiario.net\\\/portal\"],\"url\":\"https:\\\/\\\/www.eldiario.net\\\/portal\\\/author\\\/jeanette\\\/\"}]}<\/script>\n<!-- \/ Yoast SEO plugin. -->","yoast_head_json":{"title":"Revelan nombres de candidatos, supuestamente ligados al MAS - El Diario - Bolivia","robots":{"index":"index","follow":"follow","max-snippet":"max-snippet:-1","max-image-preview":"max-image-preview:large","max-video-preview":"max-video-preview:-1"},"canonical":"https:\/\/www.eldiario.net\/portal\/2024\/12\/11\/revelan-nombres-de-candidatos-supuestamente-ligados-al-mas\/","og_locale":"es_ES","og_type":"article","og_title":"Revelan nombres de candidatos, supuestamente ligados al MAS - El Diario - Bolivia","og_description":"Luego de realizar un trabajo de investigaci\u00f3n sobre los perfiles y la trayectoria de los candidatos a las elecciones judiciales, la diputada por Comunidad Ciudadana (CC), Luciana Campero, hizo p\u00fablica una lista con los nombres de varios juristas, supuestamente vinculados al Movimiento al Socialismo (MAS) y a pr\u00e1cticas de la vieja pol\u00edtica boliviana. A trav\u00e9s [&hellip;]","og_url":"https:\/\/www.eldiario.net\/portal\/2024\/12\/11\/revelan-nombres-de-candidatos-supuestamente-ligados-al-mas\/","og_site_name":"El Diario - Bolivia","article_publisher":"https:\/\/www.facebook.com\/eldiario.bolivia\/","article_published_time":"2024-12-11T09:48:58+00:00","og_image":[{"width":1600,"height":973,"url":"https:\/\/www.eldiario.net\/portal\/wp-content\/uploads\/2024\/12\/41-POL-2.jpg","type":"image\/jpeg"}],"author":"Jeanette","twitter_card":"summary_large_image","twitter_creator":"@eldiario_net","twitter_site":"@eldiario_net","twitter_misc":{"Escrito por":"Jeanette","Tiempo de lectura":"3 minutos"},"schema":{"@context":"https:\/\/schema.org","@graph":[{"@type":"Article","@id":"https:\/\/www.eldiario.net\/portal\/2024\/12\/11\/revelan-nombres-de-candidatos-supuestamente-ligados-al-mas\/#article","isPartOf":{"@id":"https:\/\/www.eldiario.net\/portal\/2024\/12\/11\/revelan-nombres-de-candidatos-supuestamente-ligados-al-mas\/"},"author":{"name":"Jeanette","@id":"https:\/\/www.eldiario.net\/portal\/#\/schema\/person\/f46445640444750d7d753ccd04ae01b7"},"headline":"Revelan nombres de candidatos, supuestamente ligados al MAS","datePublished":"2024-12-11T09:48:58+00:00","mainEntityOfPage":{"@id":"https:\/\/www.eldiario.net\/portal\/2024\/12\/11\/revelan-nombres-de-candidatos-supuestamente-ligados-al-mas\/"},"wordCount":473,"publisher":{"@id":"https:\/\/www.eldiario.net\/portal\/#organization"},"image":{"@id":"https:\/\/www.eldiario.net\/portal\/2024\/12\/11\/revelan-nombres-de-candidatos-supuestamente-ligados-al-mas\/#primaryimage"},"thumbnailUrl":"https:\/\/www.eldiario.net\/portal\/wp-content\/uploads\/2024\/12\/41-POL-2.jpg","articleSection":["Pol\u00edtica"],"inLanguage":"es"},{"@type":"WebPage","@id":"https:\/\/www.eldiario.net\/portal\/2024\/12\/11\/revelan-nombres-de-candidatos-supuestamente-ligados-al-mas\/","url":"https:\/\/www.eldiario.net\/portal\/2024\/12\/11\/revelan-nombres-de-candidatos-supuestamente-ligados-al-mas\/","name":"Revelan nombres de candidatos, supuestamente ligados al MAS - El Diario - Bolivia","isPartOf":{"@id":"https:\/\/www.eldiario.net\/portal\/#website"},"primaryImageOfPage":{"@id":"https:\/\/www.eldiario.net\/portal\/2024\/12\/11\/revelan-nombres-de-candidatos-supuestamente-ligados-al-mas\/#primaryimage"},"image":{"@id":"https:\/\/www.eldiario.net\/portal\/2024\/12\/11\/revelan-nombres-de-candidatos-supuestamente-ligados-al-mas\/#primaryimage"},"thumbnailUrl":"https:\/\/www.eldiario.net\/portal\/wp-content\/uploads\/2024\/12\/41-POL-2.jpg","datePublished":"2024-12-11T09:48:58+00:00","breadcrumb":{"@id":"https:\/\/www.eldiario.net\/portal\/2024\/12\/11\/revelan-nombres-de-candidatos-supuestamente-ligados-al-mas\/#breadcrumb"},"inLanguage":"es","potentialAction":[{"@type":"ReadAction","target":["https:\/\/www.eldiario.net\/portal\/2024\/12\/11\/revelan-nombres-de-candidatos-supuestamente-ligados-al-mas\/"]}]},{"@type":"ImageObject","inLanguage":"es","@id":"https:\/\/www.eldiario.net\/portal\/2024\/12\/11\/revelan-nombres-de-candidatos-supuestamente-ligados-al-mas\/#primaryimage","url":"https:\/\/www.eldiario.net\/portal\/wp-content\/uploads\/2024\/12\/41-POL-2.jpg","contentUrl":"https:\/\/www.eldiario.net\/portal\/wp-content\/uploads\/2024\/12\/41-POL-2.jpg","width":1600,"height":973,"caption":"Diputada Luciana Campero (CC)."},{"@type":"BreadcrumbList","@id":"https:\/\/www.eldiario.net\/portal\/2024\/12\/11\/revelan-nombres-de-candidatos-supuestamente-ligados-al-mas\/#breadcrumb","itemListElement":[{"@type":"ListItem","position":1,"name":"Portada","item":"https:\/\/www.eldiario.net\/portal\/"},{"@type":"ListItem","position":2,"name":"Revelan nombres de candidatos, supuestamente ligados al MAS"}]},{"@type":"WebSite","@id":"https:\/\/www.eldiario.net\/portal\/#website","url":"https:\/\/www.eldiario.net\/portal\/","name":"El Diario - Decano de la prensa nacional","description":"El Diario - Decano de la prensa nacional","publisher":{"@id":"https:\/\/www.eldiario.net\/portal\/#organization"},"potentialAction":[{"@type":"SearchAction","target":{"@type":"EntryPoint","urlTemplate":"https:\/\/www.eldiario.net\/portal\/?s={search_term_string}"},"query-input":{"@type":"PropertyValueSpecification","valueRequired":true,"valueName":"search_term_string"}}],"inLanguage":"es"},{"@type":"Organization","@id":"https:\/\/www.eldiario.net\/portal\/#organization","name":"El Diario - Decano de la prensa nacional","url":"https:\/\/www.eldiario.net\/portal\/","logo":{"@type":"ImageObject","inLanguage":"es","@id":"https:\/\/www.eldiario.net\/portal\/#\/schema\/logo\/image\/","url":"https:\/\/www.eldiario.net\/portal\/wp-content\/uploads\/2023\/07\/logo_ED.jpg","contentUrl":"https:\/\/www.eldiario.net\/portal\/wp-content\/uploads\/2023\/07\/logo_ED.jpg","width":272,"height":52,"caption":"El Diario - Decano de la prensa nacional"},"image":{"@id":"https:\/\/www.eldiario.net\/portal\/#\/schema\/logo\/image\/"},"sameAs":["https:\/\/www.facebook.com\/eldiario.bolivia\/","https:\/\/x.com\/eldiario_net"]},{"@type":"Person","@id":"https:\/\/www.eldiario.net\/portal\/#\/schema\/person\/f46445640444750d7d753ccd04ae01b7","name":"Jeanette","image":{"@type":"ImageObject","inLanguage":"es","@id":"https:\/\/secure.gravatar.com\/avatar\/3ea2118a5f7dad2b7138b1187a6b7ee55f160b9968b66013c3a3ef39dd7e5798?s=96&d=mm&r=g","url":"https:\/\/secure.gravatar.com\/avatar\/3ea2118a5f7dad2b7138b1187a6b7ee55f160b9968b66013c3a3ef39dd7e5798?s=96&d=mm&r=g","contentUrl":"https:\/\/secure.gravatar.com\/avatar\/3ea2118a5f7dad2b7138b1187a6b7ee55f160b9968b66013c3a3ef39dd7e5798?s=96&d=mm&r=g","caption":"Jeanette"},"sameAs":["https:\/\/www.eldiario.net\/portal"],"url":"https:\/\/www.eldiario.net\/portal\/author\/jeanette\/"}]}},"_links":{"self":[{"href":"https:\/\/www.eldiario.net\/portal\/wp-json\/wp\/v2\/posts\/267143","targetHints":{"allow":["GET"]}}],"collection":[{"href":"https:\/\/www.eldiario.net\/portal\/wp-json\/wp\/v2\/posts"}],"about":[{"href":"https:\/\/www.eldiario.net\/portal\/wp-json\/wp\/v2\/types\/post"}],"author":[{"embeddable":true,"href":"https:\/\/www.eldiario.net\/portal\/wp-json\/wp\/v2\/users\/1"}],"replies":[{"embeddable":true,"href":"https:\/\/www.eldiario.net\/portal\/wp-json\/wp\/v2\/comments?post=267143"}],"version-history":[{"count":1,"href":"https:\/\/www.eldiario.net\/portal\/wp-json\/wp\/v2\/posts\/267143\/revisions"}],"predecessor-version":[{"id":267145,"href":"https:\/\/www.eldiario.net\/portal\/wp-json\/wp\/v2\/posts\/267143\/revisions\/267145"}],"wp:featuredmedia":[{"embeddable":true,"href":"https:\/\/www.eldiario.net\/portal\/wp-json\/wp\/v2\/media\/267144"}],"wp:attachment":[{"href":"https:\/\/www.eldiario.net\/portal\/wp-json\/wp\/v2\/media?parent=267143"}],"wp:term":[{"taxonomy":"category","embeddable":true,"href":"https:\/\/www.eldiario.net\/portal\/wp-json\/wp\/v2\/categories?post=267143"},{"taxonomy":"post_tag","embeddable":true,"href":"https:\/\/www.eldiario.net\/portal\/wp-json\/wp\/v2\/tags?post=267143"}],"curies":[{"name":"wp","href":"https:\/\/api.w.org\/{rel}","templated":true}]}}