{"id":267141,"date":"2024-12-11T05:48:16","date_gmt":"2024-12-11T09:48:16","guid":{"rendered":"https:\/\/www.eldiario.net\/portal\/?p=267141"},"modified":"2024-12-11T05:48:16","modified_gmt":"2024-12-11T09:48:16","slug":"nayar-plantea-amnistia-para-presos-politicos-y-perseguidos","status":"publish","type":"post","link":"https:\/\/www.eldiario.net\/portal\/2024\/12\/11\/nayar-plantea-amnistia-para-presos-politicos-y-perseguidos\/","title":{"rendered":"Nayar plantea amnist\u00eda para  presos pol\u00edticos y perseguidos"},"content":{"rendered":"<p>Tras una visita a la expresidenta Jeanine A\u00f1ez, en el penal de Miraflores, la asamble\u00edsta nacional por Santa Cruz, Luisa Nayar, demand\u00f3 la aprobaci\u00f3n en instancias de la Asamblea Legislativa Plurinacional (ALP), de un Proyecto de Ley de \u201cAmnist\u00eda para los perseguidos y presos pol\u00edticos\u201d.<br \/>\nComo una forma de conmemorar el D\u00eda de los Derechos Humanos, Nayar anunci\u00f3 la reposici\u00f3n del Proyecto de Ley denominado \u201cNavidad en Libertad\u201d para su tratamiento y an\u00e1lisis en la ALP.<br \/>\nEsta iniciativa tiene como objetivo principal restituir los derechos de los presos y perseguidos pol\u00edticos en Bolivia, en un esfuerzo por promover la justicia y la reconciliaci\u00f3n nacional.<br \/>\nEl anuncio se llev\u00f3 a cabo en la C\u00e1rcel de Mujeres de Miraflores, luego de visitar a la expresidenta constitucional, Jeanine A\u00f1ez, destacando la relevancia de la fecha como un recordatorio de la importancia de respetar y garantizar los derechos fundamentales de todos los ciudadanos.<br \/>\n\u201cTanto ella como los m\u00e1s de 300 presos pol\u00edticos que tenemos en Bolivia, son v\u00edctimas de un r\u00e9gimen y de la tiran\u00eda judicial, sin embargo, el compromiso nuestro es llevar adelante todas las acciones que sean necesarias hasta lograr su liberaci\u00f3n\u201d, dijo.<br \/>\nLa propuesta de ley contempla la amnist\u00eda para detenidos preventivos y el indulto para sentenciados en casos relacionados con persecuci\u00f3n pol\u00edtica, excluyendo delitos graves como violencia de g\u00e9nero o narcotr\u00e1fico.<br \/>\nAgreg\u00f3 adem\u00e1s que, el Proyecto de Ley \u201cNavidad en Libertad\u201d busca ofrecer una oportunidad para que las familias afectadas por procesos judiciales de trasfondo pol\u00edtico puedan reunirse durante estas fiestas y mirar hacia un futuro con mayores garant\u00edas de justicia y libertad.<br \/>\nSobre el estado de la exmandataria, Nayar afirm\u00f3 haber encontrado a A\u00f1ez con buen \u00e1nimo y con la esperanza en que pr\u00f3ximamente pueda llegar a consolidarse un proyecto de unificaci\u00f3n opositora, de cara a las elecciones generales 2025.<br \/>\n\u201cLa hemos visto en muy buen estado an\u00edmico, con esperanza y con la idea clara de que se debe llevar adelante la unidad como una alternativa para las pr\u00f3ximas elecciones. Yo creo que ese tiene que ser el camino\u201d, finaliz\u00f3 Nayar.<br \/>\nEl D\u00eda de los Derechos Humanos se celebra a nivel mundial cada 10 de diciembre para conmemorar uno de los compromisos mundiales m\u00e1s revolucionarios: la Declaraci\u00f3n Universal de los Derechos Humanos (DUDH). Este documento hist\u00f3rico consagra los derechos inalienables que toda persona tiene como ser humano, independientemente de su raza, color, religi\u00f3n, sexo, idioma, opini\u00f3n pol\u00edtica o de cualquier otra \u00edndole, origen nacional o social, posici\u00f3n econ\u00f3mica, nacimiento o cualquier otra condici\u00f3n.<\/p>\n<p>&nbsp;<\/p>\n<p>&nbsp;<\/p>\n","protected":false},"excerpt":{"rendered":"<p>Tras una visita a la expresidenta Jeanine A\u00f1ez, en el penal de Miraflores, la asamble\u00edsta nacional por Santa Cruz, Luisa Nayar, demand\u00f3 la aprobaci\u00f3n en instancias de la Asamblea Legislativa Plurinacional (ALP), de un Proyecto de Ley de \u201cAmnist\u00eda para los perseguidos y presos pol\u00edticos\u201d. Como una forma de conmemorar el D\u00eda de los Derechos [&hellip;]<\/p>\n","protected":false},"author":1,"featured_media":194754,"comment_status":"closed","ping_status":"open","sticky":false,"template":"","format":"standard","meta":{"_acf_changed":false,"footnotes":""},"categories":[14],"tags":[],"class_list":["post-267141","post","type-post","status-publish","format-standard","has-post-thumbnail","category-politica"],"acf":{"antetitulo":"Reposici\u00f3n de Proyecto de Ley"},"yoast_head":"<!-- This site is optimized with the Yoast SEO plugin v28.4 - https:\/\/yoast.com\/product\/yoast-seo-wordpress\/ -->\n<title>Nayar plantea amnist\u00eda para presos pol\u00edticos y perseguidos - El Diario - Bolivia<\/title>\n<meta name=\"robots\" content=\"index, follow, max-snippet:-1, max-image-preview:large, max-video-preview:-1\" \/>\n<link rel=\"canonical\" href=\"https:\/\/www.eldiario.net\/portal\/2024\/12\/11\/nayar-plantea-amnistia-para-presos-politicos-y-perseguidos\/\" \/>\n<meta property=\"og:locale\" content=\"es_ES\" \/>\n<meta property=\"og:type\" content=\"article\" \/>\n<meta property=\"og:title\" content=\"Nayar plantea amnist\u00eda para presos pol\u00edticos y perseguidos - El Diario - Bolivia\" \/>\n<meta property=\"og:description\" content=\"Tras una visita a la expresidenta Jeanine A\u00f1ez, en el penal de Miraflores, la asamble\u00edsta nacional por Santa Cruz, Luisa Nayar, demand\u00f3 la aprobaci\u00f3n en instancias de la Asamblea Legislativa Plurinacional (ALP), de un Proyecto de Ley de \u201cAmnist\u00eda para los perseguidos y presos pol\u00edticos\u201d. Como una forma de conmemorar el D\u00eda de los Derechos [&hellip;]\" \/>\n<meta property=\"og:url\" content=\"https:\/\/www.eldiario.net\/portal\/2024\/12\/11\/nayar-plantea-amnistia-para-presos-politicos-y-perseguidos\/\" \/>\n<meta property=\"og:site_name\" content=\"El Diario - Bolivia\" \/>\n<meta property=\"article:publisher\" content=\"https:\/\/www.facebook.com\/eldiario.bolivia\/\" \/>\n<meta property=\"article:published_time\" content=\"2024-12-11T09:48:16+00:00\" \/>\n<meta property=\"og:image\" content=\"https:\/\/www.eldiario.net\/portal\/wp-content\/uploads\/2023\/12\/Politica.jpg\" \/>\n\t<meta property=\"og:image:width\" content=\"800\" \/>\n\t<meta property=\"og:image:height\" content=\"500\" \/>\n\t<meta property=\"og:image:type\" content=\"image\/jpeg\" \/>\n<meta name=\"author\" content=\"Jeanette\" \/>\n<meta name=\"twitter:card\" content=\"summary_large_image\" \/>\n<meta name=\"twitter:creator\" content=\"@eldiario_net\" \/>\n<meta name=\"twitter:site\" content=\"@eldiario_net\" \/>\n<meta name=\"twitter:label1\" content=\"Escrito por\" \/>\n\t<meta name=\"twitter:data1\" content=\"Jeanette\" \/>\n\t<meta name=\"twitter:label2\" content=\"Tiempo de lectura\" \/>\n\t<meta name=\"twitter:data2\" content=\"3 minutos\" \/>\n<script type=\"application\/ld+json\" class=\"yoast-schema-graph\">{\"@context\":\"https:\\\/\\\/schema.org\",\"@graph\":[{\"@type\":\"Article\",\"@id\":\"https:\\\/\\\/www.eldiario.net\\\/portal\\\/2024\\\/12\\\/11\\\/nayar-plantea-amnistia-para-presos-politicos-y-perseguidos\\\/#article\",\"isPartOf\":{\"@id\":\"https:\\\/\\\/www.eldiario.net\\\/portal\\\/2024\\\/12\\\/11\\\/nayar-plantea-amnistia-para-presos-politicos-y-perseguidos\\\/\"},\"author\":{\"name\":\"Jeanette\",\"@id\":\"https:\\\/\\\/www.eldiario.net\\\/portal\\\/#\\\/schema\\\/person\\\/f46445640444750d7d753ccd04ae01b7\"},\"headline\":\"Nayar plantea amnist\u00eda para presos pol\u00edticos y perseguidos\",\"datePublished\":\"2024-12-11T09:48:16+00:00\",\"mainEntityOfPage\":{\"@id\":\"https:\\\/\\\/www.eldiario.net\\\/portal\\\/2024\\\/12\\\/11\\\/nayar-plantea-amnistia-para-presos-politicos-y-perseguidos\\\/\"},\"wordCount\":464,\"publisher\":{\"@id\":\"https:\\\/\\\/www.eldiario.net\\\/portal\\\/#organization\"},\"image\":{\"@id\":\"https:\\\/\\\/www.eldiario.net\\\/portal\\\/2024\\\/12\\\/11\\\/nayar-plantea-amnistia-para-presos-politicos-y-perseguidos\\\/#primaryimage\"},\"thumbnailUrl\":\"https:\\\/\\\/www.eldiario.net\\\/portal\\\/wp-content\\\/uploads\\\/2023\\\/12\\\/Politica.jpg\",\"articleSection\":[\"Pol\u00edtica\"],\"inLanguage\":\"es\"},{\"@type\":\"WebPage\",\"@id\":\"https:\\\/\\\/www.eldiario.net\\\/portal\\\/2024\\\/12\\\/11\\\/nayar-plantea-amnistia-para-presos-politicos-y-perseguidos\\\/\",\"url\":\"https:\\\/\\\/www.eldiario.net\\\/portal\\\/2024\\\/12\\\/11\\\/nayar-plantea-amnistia-para-presos-politicos-y-perseguidos\\\/\",\"name\":\"Nayar plantea amnist\u00eda para presos pol\u00edticos y perseguidos - El Diario - Bolivia\",\"isPartOf\":{\"@id\":\"https:\\\/\\\/www.eldiario.net\\\/portal\\\/#website\"},\"primaryImageOfPage\":{\"@id\":\"https:\\\/\\\/www.eldiario.net\\\/portal\\\/2024\\\/12\\\/11\\\/nayar-plantea-amnistia-para-presos-politicos-y-perseguidos\\\/#primaryimage\"},\"image\":{\"@id\":\"https:\\\/\\\/www.eldiario.net\\\/portal\\\/2024\\\/12\\\/11\\\/nayar-plantea-amnistia-para-presos-politicos-y-perseguidos\\\/#primaryimage\"},\"thumbnailUrl\":\"https:\\\/\\\/www.eldiario.net\\\/portal\\\/wp-content\\\/uploads\\\/2023\\\/12\\\/Politica.jpg\",\"datePublished\":\"2024-12-11T09:48:16+00:00\",\"breadcrumb\":{\"@id\":\"https:\\\/\\\/www.eldiario.net\\\/portal\\\/2024\\\/12\\\/11\\\/nayar-plantea-amnistia-para-presos-politicos-y-perseguidos\\\/#breadcrumb\"},\"inLanguage\":\"es\",\"potentialAction\":[{\"@type\":\"ReadAction\",\"target\":[\"https:\\\/\\\/www.eldiario.net\\\/portal\\\/2024\\\/12\\\/11\\\/nayar-plantea-amnistia-para-presos-politicos-y-perseguidos\\\/\"]}]},{\"@type\":\"ImageObject\",\"inLanguage\":\"es\",\"@id\":\"https:\\\/\\\/www.eldiario.net\\\/portal\\\/2024\\\/12\\\/11\\\/nayar-plantea-amnistia-para-presos-politicos-y-perseguidos\\\/#primaryimage\",\"url\":\"https:\\\/\\\/www.eldiario.net\\\/portal\\\/wp-content\\\/uploads\\\/2023\\\/12\\\/Politica.jpg\",\"contentUrl\":\"https:\\\/\\\/www.eldiario.net\\\/portal\\\/wp-content\\\/uploads\\\/2023\\\/12\\\/Politica.jpg\",\"width\":800,\"height\":500},{\"@type\":\"BreadcrumbList\",\"@id\":\"https:\\\/\\\/www.eldiario.net\\\/portal\\\/2024\\\/12\\\/11\\\/nayar-plantea-amnistia-para-presos-politicos-y-perseguidos\\\/#breadcrumb\",\"itemListElement\":[{\"@type\":\"ListItem\",\"position\":1,\"name\":\"Portada\",\"item\":\"https:\\\/\\\/www.eldiario.net\\\/portal\\\/\"},{\"@type\":\"ListItem\",\"position\":2,\"name\":\"Nayar plantea amnist\u00eda para presos pol\u00edticos y perseguidos\"}]},{\"@type\":\"WebSite\",\"@id\":\"https:\\\/\\\/www.eldiario.net\\\/portal\\\/#website\",\"url\":\"https:\\\/\\\/www.eldiario.net\\\/portal\\\/\",\"name\":\"El Diario - Decano de la prensa nacional\",\"description\":\"El Diario - Decano de la prensa nacional\",\"publisher\":{\"@id\":\"https:\\\/\\\/www.eldiario.net\\\/portal\\\/#organization\"},\"potentialAction\":[{\"@type\":\"SearchAction\",\"target\":{\"@type\":\"EntryPoint\",\"urlTemplate\":\"https:\\\/\\\/www.eldiario.net\\\/portal\\\/?s={search_term_string}\"},\"query-input\":{\"@type\":\"PropertyValueSpecification\",\"valueRequired\":true,\"valueName\":\"search_term_string\"}}],\"inLanguage\":\"es\"},{\"@type\":\"Organization\",\"@id\":\"https:\\\/\\\/www.eldiario.net\\\/portal\\\/#organization\",\"name\":\"El Diario - Decano de la prensa nacional\",\"url\":\"https:\\\/\\\/www.eldiario.net\\\/portal\\\/\",\"logo\":{\"@type\":\"ImageObject\",\"inLanguage\":\"es\",\"@id\":\"https:\\\/\\\/www.eldiario.net\\\/portal\\\/#\\\/schema\\\/logo\\\/image\\\/\",\"url\":\"https:\\\/\\\/www.eldiario.net\\\/portal\\\/wp-content\\\/uploads\\\/2023\\\/07\\\/logo_ED.jpg\",\"contentUrl\":\"https:\\\/\\\/www.eldiario.net\\\/portal\\\/wp-content\\\/uploads\\\/2023\\\/07\\\/logo_ED.jpg\",\"width\":272,\"height\":52,\"caption\":\"El Diario - Decano de la prensa nacional\"},\"image\":{\"@id\":\"https:\\\/\\\/www.eldiario.net\\\/portal\\\/#\\\/schema\\\/logo\\\/image\\\/\"},\"sameAs\":[\"https:\\\/\\\/www.facebook.com\\\/eldiario.bolivia\\\/\",\"https:\\\/\\\/x.com\\\/eldiario_net\"]},{\"@type\":\"Person\",\"@id\":\"https:\\\/\\\/www.eldiario.net\\\/portal\\\/#\\\/schema\\\/person\\\/f46445640444750d7d753ccd04ae01b7\",\"name\":\"Jeanette\",\"image\":{\"@type\":\"ImageObject\",\"inLanguage\":\"es\",\"@id\":\"https:\\\/\\\/secure.gravatar.com\\\/avatar\\\/3ea2118a5f7dad2b7138b1187a6b7ee55f160b9968b66013c3a3ef39dd7e5798?s=96&d=mm&r=g\",\"url\":\"https:\\\/\\\/secure.gravatar.com\\\/avatar\\\/3ea2118a5f7dad2b7138b1187a6b7ee55f160b9968b66013c3a3ef39dd7e5798?s=96&d=mm&r=g\",\"contentUrl\":\"https:\\\/\\\/secure.gravatar.com\\\/avatar\\\/3ea2118a5f7dad2b7138b1187a6b7ee55f160b9968b66013c3a3ef39dd7e5798?s=96&d=mm&r=g\",\"caption\":\"Jeanette\"},\"sameAs\":[\"https:\\\/\\\/www.eldiario.net\\\/portal\"],\"url\":\"https:\\\/\\\/www.eldiario.net\\\/portal\\\/author\\\/jeanette\\\/\"}]}<\/script>\n<!-- \/ Yoast SEO plugin. -->","yoast_head_json":{"title":"Nayar plantea amnist\u00eda para presos pol\u00edticos y perseguidos - El Diario - Bolivia","robots":{"index":"index","follow":"follow","max-snippet":"max-snippet:-1","max-image-preview":"max-image-preview:large","max-video-preview":"max-video-preview:-1"},"canonical":"https:\/\/www.eldiario.net\/portal\/2024\/12\/11\/nayar-plantea-amnistia-para-presos-politicos-y-perseguidos\/","og_locale":"es_ES","og_type":"article","og_title":"Nayar plantea amnist\u00eda para presos pol\u00edticos y perseguidos - El Diario - Bolivia","og_description":"Tras una visita a la expresidenta Jeanine A\u00f1ez, en el penal de Miraflores, la asamble\u00edsta nacional por Santa Cruz, Luisa Nayar, demand\u00f3 la aprobaci\u00f3n en instancias de la Asamblea Legislativa Plurinacional (ALP), de un Proyecto de Ley de \u201cAmnist\u00eda para los perseguidos y presos pol\u00edticos\u201d. Como una forma de conmemorar el D\u00eda de los Derechos [&hellip;]","og_url":"https:\/\/www.eldiario.net\/portal\/2024\/12\/11\/nayar-plantea-amnistia-para-presos-politicos-y-perseguidos\/","og_site_name":"El Diario - Bolivia","article_publisher":"https:\/\/www.facebook.com\/eldiario.bolivia\/","article_published_time":"2024-12-11T09:48:16+00:00","og_image":[{"width":800,"height":500,"url":"https:\/\/www.eldiario.net\/portal\/wp-content\/uploads\/2023\/12\/Politica.jpg","type":"image\/jpeg"}],"author":"Jeanette","twitter_card":"summary_large_image","twitter_creator":"@eldiario_net","twitter_site":"@eldiario_net","twitter_misc":{"Escrito por":"Jeanette","Tiempo de lectura":"3 minutos"},"schema":{"@context":"https:\/\/schema.org","@graph":[{"@type":"Article","@id":"https:\/\/www.eldiario.net\/portal\/2024\/12\/11\/nayar-plantea-amnistia-para-presos-politicos-y-perseguidos\/#article","isPartOf":{"@id":"https:\/\/www.eldiario.net\/portal\/2024\/12\/11\/nayar-plantea-amnistia-para-presos-politicos-y-perseguidos\/"},"author":{"name":"Jeanette","@id":"https:\/\/www.eldiario.net\/portal\/#\/schema\/person\/f46445640444750d7d753ccd04ae01b7"},"headline":"Nayar plantea amnist\u00eda para presos pol\u00edticos y perseguidos","datePublished":"2024-12-11T09:48:16+00:00","mainEntityOfPage":{"@id":"https:\/\/www.eldiario.net\/portal\/2024\/12\/11\/nayar-plantea-amnistia-para-presos-politicos-y-perseguidos\/"},"wordCount":464,"publisher":{"@id":"https:\/\/www.eldiario.net\/portal\/#organization"},"image":{"@id":"https:\/\/www.eldiario.net\/portal\/2024\/12\/11\/nayar-plantea-amnistia-para-presos-politicos-y-perseguidos\/#primaryimage"},"thumbnailUrl":"https:\/\/www.eldiario.net\/portal\/wp-content\/uploads\/2023\/12\/Politica.jpg","articleSection":["Pol\u00edtica"],"inLanguage":"es"},{"@type":"WebPage","@id":"https:\/\/www.eldiario.net\/portal\/2024\/12\/11\/nayar-plantea-amnistia-para-presos-politicos-y-perseguidos\/","url":"https:\/\/www.eldiario.net\/portal\/2024\/12\/11\/nayar-plantea-amnistia-para-presos-politicos-y-perseguidos\/","name":"Nayar plantea amnist\u00eda para presos pol\u00edticos y perseguidos - El Diario - Bolivia","isPartOf":{"@id":"https:\/\/www.eldiario.net\/portal\/#website"},"primaryImageOfPage":{"@id":"https:\/\/www.eldiario.net\/portal\/2024\/12\/11\/nayar-plantea-amnistia-para-presos-politicos-y-perseguidos\/#primaryimage"},"image":{"@id":"https:\/\/www.eldiario.net\/portal\/2024\/12\/11\/nayar-plantea-amnistia-para-presos-politicos-y-perseguidos\/#primaryimage"},"thumbnailUrl":"https:\/\/www.eldiario.net\/portal\/wp-content\/uploads\/2023\/12\/Politica.jpg","datePublished":"2024-12-11T09:48:16+00:00","breadcrumb":{"@id":"https:\/\/www.eldiario.net\/portal\/2024\/12\/11\/nayar-plantea-amnistia-para-presos-politicos-y-perseguidos\/#breadcrumb"},"inLanguage":"es","potentialAction":[{"@type":"ReadAction","target":["https:\/\/www.eldiario.net\/portal\/2024\/12\/11\/nayar-plantea-amnistia-para-presos-politicos-y-perseguidos\/"]}]},{"@type":"ImageObject","inLanguage":"es","@id":"https:\/\/www.eldiario.net\/portal\/2024\/12\/11\/nayar-plantea-amnistia-para-presos-politicos-y-perseguidos\/#primaryimage","url":"https:\/\/www.eldiario.net\/portal\/wp-content\/uploads\/2023\/12\/Politica.jpg","contentUrl":"https:\/\/www.eldiario.net\/portal\/wp-content\/uploads\/2023\/12\/Politica.jpg","width":800,"height":500},{"@type":"BreadcrumbList","@id":"https:\/\/www.eldiario.net\/portal\/2024\/12\/11\/nayar-plantea-amnistia-para-presos-politicos-y-perseguidos\/#breadcrumb","itemListElement":[{"@type":"ListItem","position":1,"name":"Portada","item":"https:\/\/www.eldiario.net\/portal\/"},{"@type":"ListItem","position":2,"name":"Nayar plantea amnist\u00eda para presos pol\u00edticos y perseguidos"}]},{"@type":"WebSite","@id":"https:\/\/www.eldiario.net\/portal\/#website","url":"https:\/\/www.eldiario.net\/portal\/","name":"El Diario - Decano de la prensa nacional","description":"El Diario - Decano de la prensa nacional","publisher":{"@id":"https:\/\/www.eldiario.net\/portal\/#organization"},"potentialAction":[{"@type":"SearchAction","target":{"@type":"EntryPoint","urlTemplate":"https:\/\/www.eldiario.net\/portal\/?s={search_term_string}"},"query-input":{"@type":"PropertyValueSpecification","valueRequired":true,"valueName":"search_term_string"}}],"inLanguage":"es"},{"@type":"Organization","@id":"https:\/\/www.eldiario.net\/portal\/#organization","name":"El Diario - Decano de la prensa nacional","url":"https:\/\/www.eldiario.net\/portal\/","logo":{"@type":"ImageObject","inLanguage":"es","@id":"https:\/\/www.eldiario.net\/portal\/#\/schema\/logo\/image\/","url":"https:\/\/www.eldiario.net\/portal\/wp-content\/uploads\/2023\/07\/logo_ED.jpg","contentUrl":"https:\/\/www.eldiario.net\/portal\/wp-content\/uploads\/2023\/07\/logo_ED.jpg","width":272,"height":52,"caption":"El Diario - Decano de la prensa nacional"},"image":{"@id":"https:\/\/www.eldiario.net\/portal\/#\/schema\/logo\/image\/"},"sameAs":["https:\/\/www.facebook.com\/eldiario.bolivia\/","https:\/\/x.com\/eldiario_net"]},{"@type":"Person","@id":"https:\/\/www.eldiario.net\/portal\/#\/schema\/person\/f46445640444750d7d753ccd04ae01b7","name":"Jeanette","image":{"@type":"ImageObject","inLanguage":"es","@id":"https:\/\/secure.gravatar.com\/avatar\/3ea2118a5f7dad2b7138b1187a6b7ee55f160b9968b66013c3a3ef39dd7e5798?s=96&d=mm&r=g","url":"https:\/\/secure.gravatar.com\/avatar\/3ea2118a5f7dad2b7138b1187a6b7ee55f160b9968b66013c3a3ef39dd7e5798?s=96&d=mm&r=g","contentUrl":"https:\/\/secure.gravatar.com\/avatar\/3ea2118a5f7dad2b7138b1187a6b7ee55f160b9968b66013c3a3ef39dd7e5798?s=96&d=mm&r=g","caption":"Jeanette"},"sameAs":["https:\/\/www.eldiario.net\/portal"],"url":"https:\/\/www.eldiario.net\/portal\/author\/jeanette\/"}]}},"_links":{"self":[{"href":"https:\/\/www.eldiario.net\/portal\/wp-json\/wp\/v2\/posts\/267141","targetHints":{"allow":["GET"]}}],"collection":[{"href":"https:\/\/www.eldiario.net\/portal\/wp-json\/wp\/v2\/posts"}],"about":[{"href":"https:\/\/www.eldiario.net\/portal\/wp-json\/wp\/v2\/types\/post"}],"author":[{"embeddable":true,"href":"https:\/\/www.eldiario.net\/portal\/wp-json\/wp\/v2\/users\/1"}],"replies":[{"embeddable":true,"href":"https:\/\/www.eldiario.net\/portal\/wp-json\/wp\/v2\/comments?post=267141"}],"version-history":[{"count":1,"href":"https:\/\/www.eldiario.net\/portal\/wp-json\/wp\/v2\/posts\/267141\/revisions"}],"predecessor-version":[{"id":267142,"href":"https:\/\/www.eldiario.net\/portal\/wp-json\/wp\/v2\/posts\/267141\/revisions\/267142"}],"wp:featuredmedia":[{"embeddable":true,"href":"https:\/\/www.eldiario.net\/portal\/wp-json\/wp\/v2\/media\/194754"}],"wp:attachment":[{"href":"https:\/\/www.eldiario.net\/portal\/wp-json\/wp\/v2\/media?parent=267141"}],"wp:term":[{"taxonomy":"category","embeddable":true,"href":"https:\/\/www.eldiario.net\/portal\/wp-json\/wp\/v2\/categories?post=267141"},{"taxonomy":"post_tag","embeddable":true,"href":"https:\/\/www.eldiario.net\/portal\/wp-json\/wp\/v2\/tags?post=267141"}],"curies":[{"name":"wp","href":"https:\/\/api.w.org\/{rel}","templated":true}]}}