{"id":267137,"date":"2024-12-11T05:47:22","date_gmt":"2024-12-11T09:47:22","guid":{"rendered":"https:\/\/www.eldiario.net\/portal\/?p=267137"},"modified":"2024-12-11T05:47:22","modified_gmt":"2024-12-11T09:47:22","slug":"hassenteufel-en-desacuerdo-con-decision-de-no-difundir-resultados-preliminares","status":"publish","type":"post","link":"https:\/\/www.eldiario.net\/portal\/2024\/12\/11\/hassenteufel-en-desacuerdo-con-decision-de-no-difundir-resultados-preliminares\/","title":{"rendered":"Hassenteufel en desacuerdo con decisi\u00f3n  de no difundir resultados preliminares"},"content":{"rendered":"<p>El presidente del Tribunal Supremo Electoral (TSE), \u00d3scar Hassenteufel, expres\u00f3 su desacuerdo con la decisi\u00f3n de la sala plena de no implementar un sistema de difusi\u00f3n de resultados preliminares en las elecciones judiciales que se celebrar\u00e1n este domingo, una medida que calific\u00f3 como contraria a la demanda ciudadana y una oportunidad perdida de preparaci\u00f3n para los comicios generales del pr\u00f3ximo a\u00f1o.<br \/>\nEl presidente del TSE explic\u00f3 que, pese a que la sala plena encomend\u00f3 a tres direcciones \u2013Procesos Electorales, Serec\u00ed y Tecnolog\u00edas de la Informaci\u00f3n\u2013 elaborar un proyecto para implementar esta herramienta, esta decidi\u00f3 no proceder con su aplicaci\u00f3n tras las pruebas realizadas.<br \/>\n\u201cQuiero aclarar que no particip\u00e9 en esa decisi\u00f3n, ya que me encontraba en una misi\u00f3n oficial en Uruguay, pero no comparto el criterio adoptado. Seg\u00fan entiendo, la sala plena consider\u00f3 que los resultados de las pruebas no fueron lo suficientemente satisfactorios, aunque esto es solo una posibilidad\u201d, dijo Hassenteufel a Br\u00fajula Digital.<br \/>\nEl presidente del \u00d3rgano Electoral dijo que si hubiera participado en la sesi\u00f3n de la sala, su voto hubiera sido a favor de que s\u00ed se implementar\u00e1 el sistema de conteo r\u00e1pido.<br \/>\n\u201cCreo firmemente que debemos implementar un sistema de difusi\u00f3n de resultados preliminares. Aunque la ley no lo exige al organismo electoral, considero que es una necesidad y un reclamo leg\u00edtimo de la sociedad. Adem\u00e1s, hubiera sido una oportunidad invaluable para probar el sistema de cara a las elecciones generales del pr\u00f3ximo a\u00f1o, permiti\u00e9ndonos afinar y acreditar su funcionamiento\u201d, agreg\u00f3.<br \/>\nHassenteufel revel\u00f3 que se realizaron varias pruebas \u201cy la \u00faltima mostr\u00f3 que se pod\u00eda hacer el d\u00eda de la elecci\u00f3n\u201d; sin embargo, aclar\u00f3, \u201cla sala plena decidi\u00f3 que no se implementar\u00e1\u201d.<\/p>\n<p>RESULTADOS FINALES<br \/>\nEl presidente del TSE asegur\u00f3 que, aunque no se cuente con ese conteo r\u00e1pido, los resultados finales de la elecci\u00f3n se dar\u00e1n a conocer dentro de los plazos establecidos por ley. \u201cLa normativa otorga un plazo de siete d\u00edas para completar el c\u00f3mputo en los departamentos, pero estoy convencido de que lo lograremos en menos tiempo, como ya lo hicimos en las elecciones generales de 2020\u201d, se\u00f1al\u00f3. (Br\u00fajula Digital)<\/p>\n<p>&nbsp;<\/p>\n","protected":false},"excerpt":{"rendered":"<p>El presidente del Tribunal Supremo Electoral (TSE), \u00d3scar Hassenteufel, expres\u00f3 su desacuerdo con la decisi\u00f3n de la sala plena de no implementar un sistema de difusi\u00f3n de resultados preliminares en las elecciones judiciales que se celebrar\u00e1n este domingo, una medida que calific\u00f3 como contraria a la demanda ciudadana y una oportunidad perdida de preparaci\u00f3n para [&hellip;]<\/p>\n","protected":false},"author":1,"featured_media":194754,"comment_status":"closed","ping_status":"open","sticky":false,"template":"","format":"standard","meta":{"_acf_changed":false,"footnotes":""},"categories":[14],"tags":[],"class_list":["post-267137","post","type-post","status-publish","format-standard","has-post-thumbnail","category-politica"],"acf":{"antetitulo":"Discrepancias en el TSE"},"yoast_head":"<!-- This site is optimized with the Yoast SEO plugin v28.4 - https:\/\/yoast.com\/product\/yoast-seo-wordpress\/ -->\n<title>Hassenteufel en desacuerdo con decisi\u00f3n de no difundir resultados preliminares - El Diario - Bolivia<\/title>\n<meta name=\"robots\" content=\"index, follow, max-snippet:-1, max-image-preview:large, max-video-preview:-1\" \/>\n<link rel=\"canonical\" href=\"https:\/\/www.eldiario.net\/portal\/2024\/12\/11\/hassenteufel-en-desacuerdo-con-decision-de-no-difundir-resultados-preliminares\/\" \/>\n<meta property=\"og:locale\" content=\"es_ES\" \/>\n<meta property=\"og:type\" content=\"article\" \/>\n<meta property=\"og:title\" content=\"Hassenteufel en desacuerdo con decisi\u00f3n de no difundir resultados preliminares - El Diario - Bolivia\" \/>\n<meta property=\"og:description\" content=\"El presidente del Tribunal Supremo Electoral (TSE), \u00d3scar Hassenteufel, expres\u00f3 su desacuerdo con la decisi\u00f3n de la sala plena de no implementar un sistema de difusi\u00f3n de resultados preliminares en las elecciones judiciales que se celebrar\u00e1n este domingo, una medida que calific\u00f3 como contraria a la demanda ciudadana y una oportunidad perdida de preparaci\u00f3n para [&hellip;]\" \/>\n<meta property=\"og:url\" content=\"https:\/\/www.eldiario.net\/portal\/2024\/12\/11\/hassenteufel-en-desacuerdo-con-decision-de-no-difundir-resultados-preliminares\/\" \/>\n<meta property=\"og:site_name\" content=\"El Diario - Bolivia\" \/>\n<meta property=\"article:publisher\" content=\"https:\/\/www.facebook.com\/eldiario.bolivia\/\" \/>\n<meta property=\"article:published_time\" content=\"2024-12-11T09:47:22+00:00\" \/>\n<meta property=\"og:image\" content=\"https:\/\/www.eldiario.net\/portal\/wp-content\/uploads\/2023\/12\/Politica.jpg\" \/>\n\t<meta property=\"og:image:width\" content=\"800\" \/>\n\t<meta property=\"og:image:height\" content=\"500\" \/>\n\t<meta property=\"og:image:type\" content=\"image\/jpeg\" \/>\n<meta name=\"author\" content=\"Jeanette\" \/>\n<meta name=\"twitter:card\" content=\"summary_large_image\" \/>\n<meta name=\"twitter:creator\" content=\"@eldiario_net\" \/>\n<meta name=\"twitter:site\" content=\"@eldiario_net\" \/>\n<meta name=\"twitter:label1\" content=\"Escrito por\" \/>\n\t<meta name=\"twitter:data1\" content=\"Jeanette\" \/>\n\t<meta name=\"twitter:label2\" content=\"Tiempo de lectura\" \/>\n\t<meta name=\"twitter:data2\" content=\"2 minutos\" \/>\n<script type=\"application\/ld+json\" class=\"yoast-schema-graph\">{\"@context\":\"https:\\\/\\\/schema.org\",\"@graph\":[{\"@type\":\"Article\",\"@id\":\"https:\\\/\\\/www.eldiario.net\\\/portal\\\/2024\\\/12\\\/11\\\/hassenteufel-en-desacuerdo-con-decision-de-no-difundir-resultados-preliminares\\\/#article\",\"isPartOf\":{\"@id\":\"https:\\\/\\\/www.eldiario.net\\\/portal\\\/2024\\\/12\\\/11\\\/hassenteufel-en-desacuerdo-con-decision-de-no-difundir-resultados-preliminares\\\/\"},\"author\":{\"name\":\"Jeanette\",\"@id\":\"https:\\\/\\\/www.eldiario.net\\\/portal\\\/#\\\/schema\\\/person\\\/f46445640444750d7d753ccd04ae01b7\"},\"headline\":\"Hassenteufel en desacuerdo con decisi\u00f3n de no difundir resultados preliminares\",\"datePublished\":\"2024-12-11T09:47:22+00:00\",\"mainEntityOfPage\":{\"@id\":\"https:\\\/\\\/www.eldiario.net\\\/portal\\\/2024\\\/12\\\/11\\\/hassenteufel-en-desacuerdo-con-decision-de-no-difundir-resultados-preliminares\\\/\"},\"wordCount\":390,\"publisher\":{\"@id\":\"https:\\\/\\\/www.eldiario.net\\\/portal\\\/#organization\"},\"image\":{\"@id\":\"https:\\\/\\\/www.eldiario.net\\\/portal\\\/2024\\\/12\\\/11\\\/hassenteufel-en-desacuerdo-con-decision-de-no-difundir-resultados-preliminares\\\/#primaryimage\"},\"thumbnailUrl\":\"https:\\\/\\\/www.eldiario.net\\\/portal\\\/wp-content\\\/uploads\\\/2023\\\/12\\\/Politica.jpg\",\"articleSection\":[\"Pol\u00edtica\"],\"inLanguage\":\"es\"},{\"@type\":\"WebPage\",\"@id\":\"https:\\\/\\\/www.eldiario.net\\\/portal\\\/2024\\\/12\\\/11\\\/hassenteufel-en-desacuerdo-con-decision-de-no-difundir-resultados-preliminares\\\/\",\"url\":\"https:\\\/\\\/www.eldiario.net\\\/portal\\\/2024\\\/12\\\/11\\\/hassenteufel-en-desacuerdo-con-decision-de-no-difundir-resultados-preliminares\\\/\",\"name\":\"Hassenteufel en desacuerdo con decisi\u00f3n de no difundir resultados preliminares - El Diario - Bolivia\",\"isPartOf\":{\"@id\":\"https:\\\/\\\/www.eldiario.net\\\/portal\\\/#website\"},\"primaryImageOfPage\":{\"@id\":\"https:\\\/\\\/www.eldiario.net\\\/portal\\\/2024\\\/12\\\/11\\\/hassenteufel-en-desacuerdo-con-decision-de-no-difundir-resultados-preliminares\\\/#primaryimage\"},\"image\":{\"@id\":\"https:\\\/\\\/www.eldiario.net\\\/portal\\\/2024\\\/12\\\/11\\\/hassenteufel-en-desacuerdo-con-decision-de-no-difundir-resultados-preliminares\\\/#primaryimage\"},\"thumbnailUrl\":\"https:\\\/\\\/www.eldiario.net\\\/portal\\\/wp-content\\\/uploads\\\/2023\\\/12\\\/Politica.jpg\",\"datePublished\":\"2024-12-11T09:47:22+00:00\",\"breadcrumb\":{\"@id\":\"https:\\\/\\\/www.eldiario.net\\\/portal\\\/2024\\\/12\\\/11\\\/hassenteufel-en-desacuerdo-con-decision-de-no-difundir-resultados-preliminares\\\/#breadcrumb\"},\"inLanguage\":\"es\",\"potentialAction\":[{\"@type\":\"ReadAction\",\"target\":[\"https:\\\/\\\/www.eldiario.net\\\/portal\\\/2024\\\/12\\\/11\\\/hassenteufel-en-desacuerdo-con-decision-de-no-difundir-resultados-preliminares\\\/\"]}]},{\"@type\":\"ImageObject\",\"inLanguage\":\"es\",\"@id\":\"https:\\\/\\\/www.eldiario.net\\\/portal\\\/2024\\\/12\\\/11\\\/hassenteufel-en-desacuerdo-con-decision-de-no-difundir-resultados-preliminares\\\/#primaryimage\",\"url\":\"https:\\\/\\\/www.eldiario.net\\\/portal\\\/wp-content\\\/uploads\\\/2023\\\/12\\\/Politica.jpg\",\"contentUrl\":\"https:\\\/\\\/www.eldiario.net\\\/portal\\\/wp-content\\\/uploads\\\/2023\\\/12\\\/Politica.jpg\",\"width\":800,\"height\":500},{\"@type\":\"BreadcrumbList\",\"@id\":\"https:\\\/\\\/www.eldiario.net\\\/portal\\\/2024\\\/12\\\/11\\\/hassenteufel-en-desacuerdo-con-decision-de-no-difundir-resultados-preliminares\\\/#breadcrumb\",\"itemListElement\":[{\"@type\":\"ListItem\",\"position\":1,\"name\":\"Portada\",\"item\":\"https:\\\/\\\/www.eldiario.net\\\/portal\\\/\"},{\"@type\":\"ListItem\",\"position\":2,\"name\":\"Hassenteufel en desacuerdo con decisi\u00f3n de no difundir resultados preliminares\"}]},{\"@type\":\"WebSite\",\"@id\":\"https:\\\/\\\/www.eldiario.net\\\/portal\\\/#website\",\"url\":\"https:\\\/\\\/www.eldiario.net\\\/portal\\\/\",\"name\":\"El Diario - Decano de la prensa nacional\",\"description\":\"El Diario - Decano de la prensa nacional\",\"publisher\":{\"@id\":\"https:\\\/\\\/www.eldiario.net\\\/portal\\\/#organization\"},\"potentialAction\":[{\"@type\":\"SearchAction\",\"target\":{\"@type\":\"EntryPoint\",\"urlTemplate\":\"https:\\\/\\\/www.eldiario.net\\\/portal\\\/?s={search_term_string}\"},\"query-input\":{\"@type\":\"PropertyValueSpecification\",\"valueRequired\":true,\"valueName\":\"search_term_string\"}}],\"inLanguage\":\"es\"},{\"@type\":\"Organization\",\"@id\":\"https:\\\/\\\/www.eldiario.net\\\/portal\\\/#organization\",\"name\":\"El Diario - Decano de la prensa nacional\",\"url\":\"https:\\\/\\\/www.eldiario.net\\\/portal\\\/\",\"logo\":{\"@type\":\"ImageObject\",\"inLanguage\":\"es\",\"@id\":\"https:\\\/\\\/www.eldiario.net\\\/portal\\\/#\\\/schema\\\/logo\\\/image\\\/\",\"url\":\"https:\\\/\\\/www.eldiario.net\\\/portal\\\/wp-content\\\/uploads\\\/2023\\\/07\\\/logo_ED.jpg\",\"contentUrl\":\"https:\\\/\\\/www.eldiario.net\\\/portal\\\/wp-content\\\/uploads\\\/2023\\\/07\\\/logo_ED.jpg\",\"width\":272,\"height\":52,\"caption\":\"El Diario - Decano de la prensa nacional\"},\"image\":{\"@id\":\"https:\\\/\\\/www.eldiario.net\\\/portal\\\/#\\\/schema\\\/logo\\\/image\\\/\"},\"sameAs\":[\"https:\\\/\\\/www.facebook.com\\\/eldiario.bolivia\\\/\",\"https:\\\/\\\/x.com\\\/eldiario_net\"]},{\"@type\":\"Person\",\"@id\":\"https:\\\/\\\/www.eldiario.net\\\/portal\\\/#\\\/schema\\\/person\\\/f46445640444750d7d753ccd04ae01b7\",\"name\":\"Jeanette\",\"image\":{\"@type\":\"ImageObject\",\"inLanguage\":\"es\",\"@id\":\"https:\\\/\\\/secure.gravatar.com\\\/avatar\\\/3ea2118a5f7dad2b7138b1187a6b7ee55f160b9968b66013c3a3ef39dd7e5798?s=96&d=mm&r=g\",\"url\":\"https:\\\/\\\/secure.gravatar.com\\\/avatar\\\/3ea2118a5f7dad2b7138b1187a6b7ee55f160b9968b66013c3a3ef39dd7e5798?s=96&d=mm&r=g\",\"contentUrl\":\"https:\\\/\\\/secure.gravatar.com\\\/avatar\\\/3ea2118a5f7dad2b7138b1187a6b7ee55f160b9968b66013c3a3ef39dd7e5798?s=96&d=mm&r=g\",\"caption\":\"Jeanette\"},\"sameAs\":[\"https:\\\/\\\/www.eldiario.net\\\/portal\"],\"url\":\"https:\\\/\\\/www.eldiario.net\\\/portal\\\/author\\\/jeanette\\\/\"}]}<\/script>\n<!-- \/ Yoast SEO plugin. -->","yoast_head_json":{"title":"Hassenteufel en desacuerdo con decisi\u00f3n de no difundir resultados preliminares - El Diario - Bolivia","robots":{"index":"index","follow":"follow","max-snippet":"max-snippet:-1","max-image-preview":"max-image-preview:large","max-video-preview":"max-video-preview:-1"},"canonical":"https:\/\/www.eldiario.net\/portal\/2024\/12\/11\/hassenteufel-en-desacuerdo-con-decision-de-no-difundir-resultados-preliminares\/","og_locale":"es_ES","og_type":"article","og_title":"Hassenteufel en desacuerdo con decisi\u00f3n de no difundir resultados preliminares - El Diario - Bolivia","og_description":"El presidente del Tribunal Supremo Electoral (TSE), \u00d3scar Hassenteufel, expres\u00f3 su desacuerdo con la decisi\u00f3n de la sala plena de no implementar un sistema de difusi\u00f3n de resultados preliminares en las elecciones judiciales que se celebrar\u00e1n este domingo, una medida que calific\u00f3 como contraria a la demanda ciudadana y una oportunidad perdida de preparaci\u00f3n para [&hellip;]","og_url":"https:\/\/www.eldiario.net\/portal\/2024\/12\/11\/hassenteufel-en-desacuerdo-con-decision-de-no-difundir-resultados-preliminares\/","og_site_name":"El Diario - Bolivia","article_publisher":"https:\/\/www.facebook.com\/eldiario.bolivia\/","article_published_time":"2024-12-11T09:47:22+00:00","og_image":[{"width":800,"height":500,"url":"https:\/\/www.eldiario.net\/portal\/wp-content\/uploads\/2023\/12\/Politica.jpg","type":"image\/jpeg"}],"author":"Jeanette","twitter_card":"summary_large_image","twitter_creator":"@eldiario_net","twitter_site":"@eldiario_net","twitter_misc":{"Escrito por":"Jeanette","Tiempo de lectura":"2 minutos"},"schema":{"@context":"https:\/\/schema.org","@graph":[{"@type":"Article","@id":"https:\/\/www.eldiario.net\/portal\/2024\/12\/11\/hassenteufel-en-desacuerdo-con-decision-de-no-difundir-resultados-preliminares\/#article","isPartOf":{"@id":"https:\/\/www.eldiario.net\/portal\/2024\/12\/11\/hassenteufel-en-desacuerdo-con-decision-de-no-difundir-resultados-preliminares\/"},"author":{"name":"Jeanette","@id":"https:\/\/www.eldiario.net\/portal\/#\/schema\/person\/f46445640444750d7d753ccd04ae01b7"},"headline":"Hassenteufel en desacuerdo con decisi\u00f3n de no difundir resultados preliminares","datePublished":"2024-12-11T09:47:22+00:00","mainEntityOfPage":{"@id":"https:\/\/www.eldiario.net\/portal\/2024\/12\/11\/hassenteufel-en-desacuerdo-con-decision-de-no-difundir-resultados-preliminares\/"},"wordCount":390,"publisher":{"@id":"https:\/\/www.eldiario.net\/portal\/#organization"},"image":{"@id":"https:\/\/www.eldiario.net\/portal\/2024\/12\/11\/hassenteufel-en-desacuerdo-con-decision-de-no-difundir-resultados-preliminares\/#primaryimage"},"thumbnailUrl":"https:\/\/www.eldiario.net\/portal\/wp-content\/uploads\/2023\/12\/Politica.jpg","articleSection":["Pol\u00edtica"],"inLanguage":"es"},{"@type":"WebPage","@id":"https:\/\/www.eldiario.net\/portal\/2024\/12\/11\/hassenteufel-en-desacuerdo-con-decision-de-no-difundir-resultados-preliminares\/","url":"https:\/\/www.eldiario.net\/portal\/2024\/12\/11\/hassenteufel-en-desacuerdo-con-decision-de-no-difundir-resultados-preliminares\/","name":"Hassenteufel en desacuerdo con decisi\u00f3n de no difundir resultados preliminares - El Diario - Bolivia","isPartOf":{"@id":"https:\/\/www.eldiario.net\/portal\/#website"},"primaryImageOfPage":{"@id":"https:\/\/www.eldiario.net\/portal\/2024\/12\/11\/hassenteufel-en-desacuerdo-con-decision-de-no-difundir-resultados-preliminares\/#primaryimage"},"image":{"@id":"https:\/\/www.eldiario.net\/portal\/2024\/12\/11\/hassenteufel-en-desacuerdo-con-decision-de-no-difundir-resultados-preliminares\/#primaryimage"},"thumbnailUrl":"https:\/\/www.eldiario.net\/portal\/wp-content\/uploads\/2023\/12\/Politica.jpg","datePublished":"2024-12-11T09:47:22+00:00","breadcrumb":{"@id":"https:\/\/www.eldiario.net\/portal\/2024\/12\/11\/hassenteufel-en-desacuerdo-con-decision-de-no-difundir-resultados-preliminares\/#breadcrumb"},"inLanguage":"es","potentialAction":[{"@type":"ReadAction","target":["https:\/\/www.eldiario.net\/portal\/2024\/12\/11\/hassenteufel-en-desacuerdo-con-decision-de-no-difundir-resultados-preliminares\/"]}]},{"@type":"ImageObject","inLanguage":"es","@id":"https:\/\/www.eldiario.net\/portal\/2024\/12\/11\/hassenteufel-en-desacuerdo-con-decision-de-no-difundir-resultados-preliminares\/#primaryimage","url":"https:\/\/www.eldiario.net\/portal\/wp-content\/uploads\/2023\/12\/Politica.jpg","contentUrl":"https:\/\/www.eldiario.net\/portal\/wp-content\/uploads\/2023\/12\/Politica.jpg","width":800,"height":500},{"@type":"BreadcrumbList","@id":"https:\/\/www.eldiario.net\/portal\/2024\/12\/11\/hassenteufel-en-desacuerdo-con-decision-de-no-difundir-resultados-preliminares\/#breadcrumb","itemListElement":[{"@type":"ListItem","position":1,"name":"Portada","item":"https:\/\/www.eldiario.net\/portal\/"},{"@type":"ListItem","position":2,"name":"Hassenteufel en desacuerdo con decisi\u00f3n de no difundir resultados preliminares"}]},{"@type":"WebSite","@id":"https:\/\/www.eldiario.net\/portal\/#website","url":"https:\/\/www.eldiario.net\/portal\/","name":"El Diario - Decano de la prensa nacional","description":"El Diario - Decano de la prensa nacional","publisher":{"@id":"https:\/\/www.eldiario.net\/portal\/#organization"},"potentialAction":[{"@type":"SearchAction","target":{"@type":"EntryPoint","urlTemplate":"https:\/\/www.eldiario.net\/portal\/?s={search_term_string}"},"query-input":{"@type":"PropertyValueSpecification","valueRequired":true,"valueName":"search_term_string"}}],"inLanguage":"es"},{"@type":"Organization","@id":"https:\/\/www.eldiario.net\/portal\/#organization","name":"El Diario - Decano de la prensa nacional","url":"https:\/\/www.eldiario.net\/portal\/","logo":{"@type":"ImageObject","inLanguage":"es","@id":"https:\/\/www.eldiario.net\/portal\/#\/schema\/logo\/image\/","url":"https:\/\/www.eldiario.net\/portal\/wp-content\/uploads\/2023\/07\/logo_ED.jpg","contentUrl":"https:\/\/www.eldiario.net\/portal\/wp-content\/uploads\/2023\/07\/logo_ED.jpg","width":272,"height":52,"caption":"El Diario - Decano de la prensa nacional"},"image":{"@id":"https:\/\/www.eldiario.net\/portal\/#\/schema\/logo\/image\/"},"sameAs":["https:\/\/www.facebook.com\/eldiario.bolivia\/","https:\/\/x.com\/eldiario_net"]},{"@type":"Person","@id":"https:\/\/www.eldiario.net\/portal\/#\/schema\/person\/f46445640444750d7d753ccd04ae01b7","name":"Jeanette","image":{"@type":"ImageObject","inLanguage":"es","@id":"https:\/\/secure.gravatar.com\/avatar\/3ea2118a5f7dad2b7138b1187a6b7ee55f160b9968b66013c3a3ef39dd7e5798?s=96&d=mm&r=g","url":"https:\/\/secure.gravatar.com\/avatar\/3ea2118a5f7dad2b7138b1187a6b7ee55f160b9968b66013c3a3ef39dd7e5798?s=96&d=mm&r=g","contentUrl":"https:\/\/secure.gravatar.com\/avatar\/3ea2118a5f7dad2b7138b1187a6b7ee55f160b9968b66013c3a3ef39dd7e5798?s=96&d=mm&r=g","caption":"Jeanette"},"sameAs":["https:\/\/www.eldiario.net\/portal"],"url":"https:\/\/www.eldiario.net\/portal\/author\/jeanette\/"}]}},"_links":{"self":[{"href":"https:\/\/www.eldiario.net\/portal\/wp-json\/wp\/v2\/posts\/267137","targetHints":{"allow":["GET"]}}],"collection":[{"href":"https:\/\/www.eldiario.net\/portal\/wp-json\/wp\/v2\/posts"}],"about":[{"href":"https:\/\/www.eldiario.net\/portal\/wp-json\/wp\/v2\/types\/post"}],"author":[{"embeddable":true,"href":"https:\/\/www.eldiario.net\/portal\/wp-json\/wp\/v2\/users\/1"}],"replies":[{"embeddable":true,"href":"https:\/\/www.eldiario.net\/portal\/wp-json\/wp\/v2\/comments?post=267137"}],"version-history":[{"count":1,"href":"https:\/\/www.eldiario.net\/portal\/wp-json\/wp\/v2\/posts\/267137\/revisions"}],"predecessor-version":[{"id":267138,"href":"https:\/\/www.eldiario.net\/portal\/wp-json\/wp\/v2\/posts\/267137\/revisions\/267138"}],"wp:featuredmedia":[{"embeddable":true,"href":"https:\/\/www.eldiario.net\/portal\/wp-json\/wp\/v2\/media\/194754"}],"wp:attachment":[{"href":"https:\/\/www.eldiario.net\/portal\/wp-json\/wp\/v2\/media?parent=267137"}],"wp:term":[{"taxonomy":"category","embeddable":true,"href":"https:\/\/www.eldiario.net\/portal\/wp-json\/wp\/v2\/categories?post=267137"},{"taxonomy":"post_tag","embeddable":true,"href":"https:\/\/www.eldiario.net\/portal\/wp-json\/wp\/v2\/tags?post=267137"}],"curies":[{"name":"wp","href":"https:\/\/api.w.org\/{rel}","templated":true}]}}