{"id":267134,"date":"2024-12-11T05:46:09","date_gmt":"2024-12-11T09:46:09","guid":{"rendered":"https:\/\/www.eldiario.net\/portal\/?p=267134"},"modified":"2024-12-11T05:46:09","modified_gmt":"2024-12-11T09:46:09","slug":"perito-encuentra-diferencias-en-firmas-de-dina-boluarte","status":"publish","type":"post","link":"https:\/\/www.eldiario.net\/portal\/2024\/12\/11\/perito-encuentra-diferencias-en-firmas-de-dina-boluarte\/","title":{"rendered":"Perito encuentra diferencias  en firmas de Dina Boluarte"},"content":{"rendered":"<p>Las sospechas alrededor del presunto delito de falsedad durante el postoperatorio de Dina Boluarte, toman cada vez m\u00e1s fuerza. El perito grafot\u00e9cnico, Augusto Arbaiza, identific\u00f3 discrepancias entre las firmas de la presidenta registradas en el Registro Nacional de Identificaci\u00f3n y Estado Civil (Reniec) y las que aparecen en un decreto supremo que autoriz\u00f3 el viaje del entonces ministro de Comercio Exterior, Juan Carlos Mathews, a Nueva Zelanda.<br \/>\n\u201cEn la pantalla tenemos las im\u00e1genes de la firma aut\u00e9ntica que consta en Reniec de la doctora Dina Boluarte y en la parte superior la atribuida a dicha funcionaria. Se visualizan ciertas divergencias como por ejemplo que la letra D inicia en forma recta descendente, mientras que en la cuestionada se inicia de forma curva. Estas divergencias nos permite colegir que la firma en la resoluci\u00f3n suprema con fecha 8 de julio no corresponder\u00eda a su titular\u201d, mencion\u00f3 el especialista en Ocurre Ahora.<br \/>\nConsultado sobre el tema, el abogado de la mandataria, Juan Carlos Portugal, insisti\u00f3 en que \u201cno hay ninguna expresi\u00f3n imperativa que se\u00f1ale que la presidenta de la Rep\u00fablica ante una eventual cirug\u00eda tenga que comunicar necesariamente al Congreso de la Rep\u00fablica\u201d y que, en este caso, \u201cno existi\u00f3 esa situaci\u00f3n de incapacidad porque la presidenta firm\u00f3 91 documentos entre decretos de urgencia, supremos y leyes promulgadas por pu\u00f1o y letra de la presidenta\u201d.<br \/>\nLas dudas partieron de un informe difundido este viernes por Hildebrandt en sus Trece. \u201c\u00bfAlguien firm\u00f3 por la mandataria, con su consentimiento? O, dicho de otro modo, \u00bfalguien falsific\u00f3 la firma de la jefa de Estado debido a que ella estaba ausente y no pod\u00eda firmar?\u201d, se pregunt\u00f3 la periodista Sonia Suyon, quien revel\u00f3 este caso que ya es investigado por el Ministerio P\u00fablico.<br \/>\nEl medio cuestion\u00f3 el decreto analizado por Arbaiza y la del decreto del 5 de julio, que declar\u00f3 el estado de emergencia en distritos de Moquegua por la actividad eruptiva del volc\u00e1n Ubinas, difiere significativamente de las restantes. En ese momento, Boluarte particip\u00f3 de forma virtual en el Consejo de Ministros desde su residencia en Surquillo, donde se encontraba en reposo postoperatorio, siempre seg\u00fan el semanario. La urgencia de la medida se justific\u00f3 por 17 explosiones y numerosos sismos en la zona.<br \/>\nLa revista present\u00f3 las tres firmas para el juicio de los lectores y sugiri\u00f3 un an\u00e1lisis grafol\u00f3gico por parte de las autoridades pertinentes para determinar su autenticidad. Seg\u00fan fuentes citadas por en el informe, adem\u00e1s de la rinoplastia, la jefa de Estado se habr\u00eda sometido entre el 29 y el 30 de junio de 2023 a una blefaroplastia, una operaci\u00f3n de p\u00e1rpados superiores e inferiores.<br \/>\nSobre el per\u00edodo de ausencia de la mandataria, la directora de prensa de la Secretar\u00eda de Comunicaci\u00f3n Estrat\u00e9gica y Prensa del Despacho Presidencial confirm\u00f3 que durante m\u00e1s de 10 d\u00edas la agenda presidencial permaneci\u00f3 en blanco, sin actividades que cubrir. \u201cLos fot\u00f3grafos estaban ah\u00ed sentados, no hab\u00eda mucho que hacer. Nos pon\u00edamos a revisar fotos de archivo, organizar videos pasados. Igual segu\u00edamos trabajando, pero no ten\u00edamos nada que cubrir porque no estaba la presidenta\u201d, se\u00f1al\u00f3.<br \/>\nEn di\u00e1logo con Infobae Per\u00fa, el exprocurador Daniel Soria mencion\u00f3 que bajo el supuesto de que el entonces premier o cualquier otro integrante del gabinete ministerial hayan tomado decisiones que son propias del presidente, configura una usurpaci\u00f3n funciones. \u201cEl presidente del Consejo de Ministros no es el sucesor del presidente. La Constituci\u00f3n establece una l\u00ednea de sucesi\u00f3n clara y \u00e9l no forma parte de la l\u00ednea. Por lo tanto, asumiendo que estaba inconsciente y cualquier otro funcionario haya suscrito alg\u00fan decreto o norma que hubiera requerido la firma de la presidenta, ese funcionario obviamente est\u00e1 usurpando funciones\u201d, explic\u00f3.<\/p>\n<p>OT\u00c1ROLA<br \/>\nCONFIRMA CIRUG\u00cdAS<br \/>\nEn una reciente comparecencia ante la Comisi\u00f3n de Fiscalizaci\u00f3n del Congreso de la Rep\u00fablica, el expresidente del Consejo de Ministros, Alberto Ot\u00e1rola, confirm\u00f3 que la presidenta Dina Boluarte se someti\u00f3 a una operaci\u00f3n en la nariz, en junio del a\u00f1o pasado. Ot\u00e1rola asegur\u00f3 que, a pesar de la intervenci\u00f3n quir\u00fargica, Boluarte no descuid\u00f3 sus responsabilidades presidenciales, manteni\u00e9ndose en constante comunicaci\u00f3n con \u00e9l y participando en reuniones virtuales del Consejo de Ministros.<br \/>\nDurante su intervenci\u00f3n, Ot\u00e1rola tambi\u00e9n mencion\u00f3 que estaba al tanto de qui\u00e9n fue el cirujano encargado del procedimiento de la mandataria. (Infobae)<br \/>\nAsimismo, subray\u00f3 que, a pesar de la cirug\u00eda, Boluarte no se ausent\u00f3 de sus funciones, destacando la ausencia de vicepresidentes en el pa\u00eds como un vac\u00edo legal que podr\u00eda requerir legislaci\u00f3n futura. \u201cLas decisiones que se tomaron en su momento correspondieron a cada ministro, asumiendo la responsabilidad de su sector\u201d, explic\u00f3, agregando que no hubo ausencia de poder debido a que el procedimiento no present\u00f3 complicaciones significativas.<\/p>\n<p>&nbsp;<\/p>\n","protected":false},"excerpt":{"rendered":"<p>Las sospechas alrededor del presunto delito de falsedad durante el postoperatorio de Dina Boluarte, toman cada vez m\u00e1s fuerza. El perito grafot\u00e9cnico, Augusto Arbaiza, identific\u00f3 discrepancias entre las firmas de la presidenta registradas en el Registro Nacional de Identificaci\u00f3n y Estado Civil (Reniec) y las que aparecen en un decreto supremo que autoriz\u00f3 el viaje [&hellip;]<\/p>\n","protected":false},"author":1,"featured_media":267135,"comment_status":"closed","ping_status":"open","sticky":false,"template":"","format":"standard","meta":{"_acf_changed":false,"footnotes":""},"categories":[3],"tags":[],"class_list":["post-267134","post","type-post","status-publish","format-standard","has-post-thumbnail","category-internacional"],"acf":{"antetitulo":"Per\u00fa"},"yoast_head":"<!-- This site is optimized with the Yoast SEO plugin v28.4 - https:\/\/yoast.com\/product\/yoast-seo-wordpress\/ -->\n<title>Perito encuentra diferencias en firmas de Dina Boluarte - El Diario - Bolivia<\/title>\n<meta name=\"robots\" content=\"index, follow, max-snippet:-1, max-image-preview:large, max-video-preview:-1\" \/>\n<link rel=\"canonical\" href=\"https:\/\/www.eldiario.net\/portal\/2024\/12\/11\/perito-encuentra-diferencias-en-firmas-de-dina-boluarte\/\" \/>\n<meta property=\"og:locale\" content=\"es_ES\" \/>\n<meta property=\"og:type\" content=\"article\" \/>\n<meta property=\"og:title\" content=\"Perito encuentra diferencias en firmas de Dina Boluarte - El Diario - Bolivia\" \/>\n<meta property=\"og:description\" content=\"Las sospechas alrededor del presunto delito de falsedad durante el postoperatorio de Dina Boluarte, toman cada vez m\u00e1s fuerza. El perito grafot\u00e9cnico, Augusto Arbaiza, identific\u00f3 discrepancias entre las firmas de la presidenta registradas en el Registro Nacional de Identificaci\u00f3n y Estado Civil (Reniec) y las que aparecen en un decreto supremo que autoriz\u00f3 el viaje [&hellip;]\" \/>\n<meta property=\"og:url\" content=\"https:\/\/www.eldiario.net\/portal\/2024\/12\/11\/perito-encuentra-diferencias-en-firmas-de-dina-boluarte\/\" \/>\n<meta property=\"og:site_name\" content=\"El Diario - Bolivia\" \/>\n<meta property=\"article:publisher\" content=\"https:\/\/www.facebook.com\/eldiario.bolivia\/\" \/>\n<meta property=\"article:published_time\" content=\"2024-12-11T09:46:09+00:00\" \/>\n<meta property=\"og:image\" content=\"https:\/\/www.eldiario.net\/portal\/wp-content\/uploads\/2024\/12\/BOLUART-Presidencia-Flickr.jpg\" \/>\n\t<meta property=\"og:image:width\" content=\"992\" \/>\n\t<meta property=\"og:image:height\" content=\"558\" \/>\n\t<meta property=\"og:image:type\" content=\"image\/jpeg\" \/>\n<meta name=\"author\" content=\"Jeanette\" \/>\n<meta name=\"twitter:card\" content=\"summary_large_image\" \/>\n<meta name=\"twitter:creator\" content=\"@eldiario_net\" \/>\n<meta name=\"twitter:site\" content=\"@eldiario_net\" \/>\n<meta name=\"twitter:label1\" content=\"Escrito por\" \/>\n\t<meta name=\"twitter:data1\" content=\"Jeanette\" \/>\n\t<meta name=\"twitter:label2\" content=\"Tiempo de lectura\" \/>\n\t<meta name=\"twitter:data2\" content=\"4 minutos\" \/>\n<script type=\"application\/ld+json\" class=\"yoast-schema-graph\">{\"@context\":\"https:\\\/\\\/schema.org\",\"@graph\":[{\"@type\":\"Article\",\"@id\":\"https:\\\/\\\/www.eldiario.net\\\/portal\\\/2024\\\/12\\\/11\\\/perito-encuentra-diferencias-en-firmas-de-dina-boluarte\\\/#article\",\"isPartOf\":{\"@id\":\"https:\\\/\\\/www.eldiario.net\\\/portal\\\/2024\\\/12\\\/11\\\/perito-encuentra-diferencias-en-firmas-de-dina-boluarte\\\/\"},\"author\":{\"name\":\"Jeanette\",\"@id\":\"https:\\\/\\\/www.eldiario.net\\\/portal\\\/#\\\/schema\\\/person\\\/f46445640444750d7d753ccd04ae01b7\"},\"headline\":\"Perito encuentra diferencias en firmas de Dina Boluarte\",\"datePublished\":\"2024-12-11T09:46:09+00:00\",\"mainEntityOfPage\":{\"@id\":\"https:\\\/\\\/www.eldiario.net\\\/portal\\\/2024\\\/12\\\/11\\\/perito-encuentra-diferencias-en-firmas-de-dina-boluarte\\\/\"},\"wordCount\":837,\"publisher\":{\"@id\":\"https:\\\/\\\/www.eldiario.net\\\/portal\\\/#organization\"},\"image\":{\"@id\":\"https:\\\/\\\/www.eldiario.net\\\/portal\\\/2024\\\/12\\\/11\\\/perito-encuentra-diferencias-en-firmas-de-dina-boluarte\\\/#primaryimage\"},\"thumbnailUrl\":\"https:\\\/\\\/www.eldiario.net\\\/portal\\\/wp-content\\\/uploads\\\/2024\\\/12\\\/BOLUART-Presidencia-Flickr.jpg\",\"articleSection\":[\"Internacional\"],\"inLanguage\":\"es\"},{\"@type\":\"WebPage\",\"@id\":\"https:\\\/\\\/www.eldiario.net\\\/portal\\\/2024\\\/12\\\/11\\\/perito-encuentra-diferencias-en-firmas-de-dina-boluarte\\\/\",\"url\":\"https:\\\/\\\/www.eldiario.net\\\/portal\\\/2024\\\/12\\\/11\\\/perito-encuentra-diferencias-en-firmas-de-dina-boluarte\\\/\",\"name\":\"Perito encuentra diferencias en firmas de Dina Boluarte - El Diario - Bolivia\",\"isPartOf\":{\"@id\":\"https:\\\/\\\/www.eldiario.net\\\/portal\\\/#website\"},\"primaryImageOfPage\":{\"@id\":\"https:\\\/\\\/www.eldiario.net\\\/portal\\\/2024\\\/12\\\/11\\\/perito-encuentra-diferencias-en-firmas-de-dina-boluarte\\\/#primaryimage\"},\"image\":{\"@id\":\"https:\\\/\\\/www.eldiario.net\\\/portal\\\/2024\\\/12\\\/11\\\/perito-encuentra-diferencias-en-firmas-de-dina-boluarte\\\/#primaryimage\"},\"thumbnailUrl\":\"https:\\\/\\\/www.eldiario.net\\\/portal\\\/wp-content\\\/uploads\\\/2024\\\/12\\\/BOLUART-Presidencia-Flickr.jpg\",\"datePublished\":\"2024-12-11T09:46:09+00:00\",\"breadcrumb\":{\"@id\":\"https:\\\/\\\/www.eldiario.net\\\/portal\\\/2024\\\/12\\\/11\\\/perito-encuentra-diferencias-en-firmas-de-dina-boluarte\\\/#breadcrumb\"},\"inLanguage\":\"es\",\"potentialAction\":[{\"@type\":\"ReadAction\",\"target\":[\"https:\\\/\\\/www.eldiario.net\\\/portal\\\/2024\\\/12\\\/11\\\/perito-encuentra-diferencias-en-firmas-de-dina-boluarte\\\/\"]}]},{\"@type\":\"ImageObject\",\"inLanguage\":\"es\",\"@id\":\"https:\\\/\\\/www.eldiario.net\\\/portal\\\/2024\\\/12\\\/11\\\/perito-encuentra-diferencias-en-firmas-de-dina-boluarte\\\/#primaryimage\",\"url\":\"https:\\\/\\\/www.eldiario.net\\\/portal\\\/wp-content\\\/uploads\\\/2024\\\/12\\\/BOLUART-Presidencia-Flickr.jpg\",\"contentUrl\":\"https:\\\/\\\/www.eldiario.net\\\/portal\\\/wp-content\\\/uploads\\\/2024\\\/12\\\/BOLUART-Presidencia-Flickr.jpg\",\"width\":992,\"height\":558,\"caption\":\"Antes y despu\u00e9s de Dina Boluarte.\"},{\"@type\":\"BreadcrumbList\",\"@id\":\"https:\\\/\\\/www.eldiario.net\\\/portal\\\/2024\\\/12\\\/11\\\/perito-encuentra-diferencias-en-firmas-de-dina-boluarte\\\/#breadcrumb\",\"itemListElement\":[{\"@type\":\"ListItem\",\"position\":1,\"name\":\"Portada\",\"item\":\"https:\\\/\\\/www.eldiario.net\\\/portal\\\/\"},{\"@type\":\"ListItem\",\"position\":2,\"name\":\"Perito encuentra diferencias en firmas de Dina Boluarte\"}]},{\"@type\":\"WebSite\",\"@id\":\"https:\\\/\\\/www.eldiario.net\\\/portal\\\/#website\",\"url\":\"https:\\\/\\\/www.eldiario.net\\\/portal\\\/\",\"name\":\"El Diario - Decano de la prensa nacional\",\"description\":\"El Diario - Decano de la prensa nacional\",\"publisher\":{\"@id\":\"https:\\\/\\\/www.eldiario.net\\\/portal\\\/#organization\"},\"potentialAction\":[{\"@type\":\"SearchAction\",\"target\":{\"@type\":\"EntryPoint\",\"urlTemplate\":\"https:\\\/\\\/www.eldiario.net\\\/portal\\\/?s={search_term_string}\"},\"query-input\":{\"@type\":\"PropertyValueSpecification\",\"valueRequired\":true,\"valueName\":\"search_term_string\"}}],\"inLanguage\":\"es\"},{\"@type\":\"Organization\",\"@id\":\"https:\\\/\\\/www.eldiario.net\\\/portal\\\/#organization\",\"name\":\"El Diario - Decano de la prensa nacional\",\"url\":\"https:\\\/\\\/www.eldiario.net\\\/portal\\\/\",\"logo\":{\"@type\":\"ImageObject\",\"inLanguage\":\"es\",\"@id\":\"https:\\\/\\\/www.eldiario.net\\\/portal\\\/#\\\/schema\\\/logo\\\/image\\\/\",\"url\":\"https:\\\/\\\/www.eldiario.net\\\/portal\\\/wp-content\\\/uploads\\\/2023\\\/07\\\/logo_ED.jpg\",\"contentUrl\":\"https:\\\/\\\/www.eldiario.net\\\/portal\\\/wp-content\\\/uploads\\\/2023\\\/07\\\/logo_ED.jpg\",\"width\":272,\"height\":52,\"caption\":\"El Diario - Decano de la prensa nacional\"},\"image\":{\"@id\":\"https:\\\/\\\/www.eldiario.net\\\/portal\\\/#\\\/schema\\\/logo\\\/image\\\/\"},\"sameAs\":[\"https:\\\/\\\/www.facebook.com\\\/eldiario.bolivia\\\/\",\"https:\\\/\\\/x.com\\\/eldiario_net\"]},{\"@type\":\"Person\",\"@id\":\"https:\\\/\\\/www.eldiario.net\\\/portal\\\/#\\\/schema\\\/person\\\/f46445640444750d7d753ccd04ae01b7\",\"name\":\"Jeanette\",\"image\":{\"@type\":\"ImageObject\",\"inLanguage\":\"es\",\"@id\":\"https:\\\/\\\/secure.gravatar.com\\\/avatar\\\/3ea2118a5f7dad2b7138b1187a6b7ee55f160b9968b66013c3a3ef39dd7e5798?s=96&d=mm&r=g\",\"url\":\"https:\\\/\\\/secure.gravatar.com\\\/avatar\\\/3ea2118a5f7dad2b7138b1187a6b7ee55f160b9968b66013c3a3ef39dd7e5798?s=96&d=mm&r=g\",\"contentUrl\":\"https:\\\/\\\/secure.gravatar.com\\\/avatar\\\/3ea2118a5f7dad2b7138b1187a6b7ee55f160b9968b66013c3a3ef39dd7e5798?s=96&d=mm&r=g\",\"caption\":\"Jeanette\"},\"sameAs\":[\"https:\\\/\\\/www.eldiario.net\\\/portal\"],\"url\":\"https:\\\/\\\/www.eldiario.net\\\/portal\\\/author\\\/jeanette\\\/\"}]}<\/script>\n<!-- \/ Yoast SEO plugin. -->","yoast_head_json":{"title":"Perito encuentra diferencias en firmas de Dina Boluarte - El Diario - Bolivia","robots":{"index":"index","follow":"follow","max-snippet":"max-snippet:-1","max-image-preview":"max-image-preview:large","max-video-preview":"max-video-preview:-1"},"canonical":"https:\/\/www.eldiario.net\/portal\/2024\/12\/11\/perito-encuentra-diferencias-en-firmas-de-dina-boluarte\/","og_locale":"es_ES","og_type":"article","og_title":"Perito encuentra diferencias en firmas de Dina Boluarte - El Diario - Bolivia","og_description":"Las sospechas alrededor del presunto delito de falsedad durante el postoperatorio de Dina Boluarte, toman cada vez m\u00e1s fuerza. El perito grafot\u00e9cnico, Augusto Arbaiza, identific\u00f3 discrepancias entre las firmas de la presidenta registradas en el Registro Nacional de Identificaci\u00f3n y Estado Civil (Reniec) y las que aparecen en un decreto supremo que autoriz\u00f3 el viaje [&hellip;]","og_url":"https:\/\/www.eldiario.net\/portal\/2024\/12\/11\/perito-encuentra-diferencias-en-firmas-de-dina-boluarte\/","og_site_name":"El Diario - Bolivia","article_publisher":"https:\/\/www.facebook.com\/eldiario.bolivia\/","article_published_time":"2024-12-11T09:46:09+00:00","og_image":[{"width":992,"height":558,"url":"https:\/\/www.eldiario.net\/portal\/wp-content\/uploads\/2024\/12\/BOLUART-Presidencia-Flickr.jpg","type":"image\/jpeg"}],"author":"Jeanette","twitter_card":"summary_large_image","twitter_creator":"@eldiario_net","twitter_site":"@eldiario_net","twitter_misc":{"Escrito por":"Jeanette","Tiempo de lectura":"4 minutos"},"schema":{"@context":"https:\/\/schema.org","@graph":[{"@type":"Article","@id":"https:\/\/www.eldiario.net\/portal\/2024\/12\/11\/perito-encuentra-diferencias-en-firmas-de-dina-boluarte\/#article","isPartOf":{"@id":"https:\/\/www.eldiario.net\/portal\/2024\/12\/11\/perito-encuentra-diferencias-en-firmas-de-dina-boluarte\/"},"author":{"name":"Jeanette","@id":"https:\/\/www.eldiario.net\/portal\/#\/schema\/person\/f46445640444750d7d753ccd04ae01b7"},"headline":"Perito encuentra diferencias en firmas de Dina Boluarte","datePublished":"2024-12-11T09:46:09+00:00","mainEntityOfPage":{"@id":"https:\/\/www.eldiario.net\/portal\/2024\/12\/11\/perito-encuentra-diferencias-en-firmas-de-dina-boluarte\/"},"wordCount":837,"publisher":{"@id":"https:\/\/www.eldiario.net\/portal\/#organization"},"image":{"@id":"https:\/\/www.eldiario.net\/portal\/2024\/12\/11\/perito-encuentra-diferencias-en-firmas-de-dina-boluarte\/#primaryimage"},"thumbnailUrl":"https:\/\/www.eldiario.net\/portal\/wp-content\/uploads\/2024\/12\/BOLUART-Presidencia-Flickr.jpg","articleSection":["Internacional"],"inLanguage":"es"},{"@type":"WebPage","@id":"https:\/\/www.eldiario.net\/portal\/2024\/12\/11\/perito-encuentra-diferencias-en-firmas-de-dina-boluarte\/","url":"https:\/\/www.eldiario.net\/portal\/2024\/12\/11\/perito-encuentra-diferencias-en-firmas-de-dina-boluarte\/","name":"Perito encuentra diferencias en firmas de Dina Boluarte - El Diario - Bolivia","isPartOf":{"@id":"https:\/\/www.eldiario.net\/portal\/#website"},"primaryImageOfPage":{"@id":"https:\/\/www.eldiario.net\/portal\/2024\/12\/11\/perito-encuentra-diferencias-en-firmas-de-dina-boluarte\/#primaryimage"},"image":{"@id":"https:\/\/www.eldiario.net\/portal\/2024\/12\/11\/perito-encuentra-diferencias-en-firmas-de-dina-boluarte\/#primaryimage"},"thumbnailUrl":"https:\/\/www.eldiario.net\/portal\/wp-content\/uploads\/2024\/12\/BOLUART-Presidencia-Flickr.jpg","datePublished":"2024-12-11T09:46:09+00:00","breadcrumb":{"@id":"https:\/\/www.eldiario.net\/portal\/2024\/12\/11\/perito-encuentra-diferencias-en-firmas-de-dina-boluarte\/#breadcrumb"},"inLanguage":"es","potentialAction":[{"@type":"ReadAction","target":["https:\/\/www.eldiario.net\/portal\/2024\/12\/11\/perito-encuentra-diferencias-en-firmas-de-dina-boluarte\/"]}]},{"@type":"ImageObject","inLanguage":"es","@id":"https:\/\/www.eldiario.net\/portal\/2024\/12\/11\/perito-encuentra-diferencias-en-firmas-de-dina-boluarte\/#primaryimage","url":"https:\/\/www.eldiario.net\/portal\/wp-content\/uploads\/2024\/12\/BOLUART-Presidencia-Flickr.jpg","contentUrl":"https:\/\/www.eldiario.net\/portal\/wp-content\/uploads\/2024\/12\/BOLUART-Presidencia-Flickr.jpg","width":992,"height":558,"caption":"Antes y despu\u00e9s de Dina Boluarte."},{"@type":"BreadcrumbList","@id":"https:\/\/www.eldiario.net\/portal\/2024\/12\/11\/perito-encuentra-diferencias-en-firmas-de-dina-boluarte\/#breadcrumb","itemListElement":[{"@type":"ListItem","position":1,"name":"Portada","item":"https:\/\/www.eldiario.net\/portal\/"},{"@type":"ListItem","position":2,"name":"Perito encuentra diferencias en firmas de Dina Boluarte"}]},{"@type":"WebSite","@id":"https:\/\/www.eldiario.net\/portal\/#website","url":"https:\/\/www.eldiario.net\/portal\/","name":"El Diario - Decano de la prensa nacional","description":"El Diario - Decano de la prensa nacional","publisher":{"@id":"https:\/\/www.eldiario.net\/portal\/#organization"},"potentialAction":[{"@type":"SearchAction","target":{"@type":"EntryPoint","urlTemplate":"https:\/\/www.eldiario.net\/portal\/?s={search_term_string}"},"query-input":{"@type":"PropertyValueSpecification","valueRequired":true,"valueName":"search_term_string"}}],"inLanguage":"es"},{"@type":"Organization","@id":"https:\/\/www.eldiario.net\/portal\/#organization","name":"El Diario - Decano de la prensa nacional","url":"https:\/\/www.eldiario.net\/portal\/","logo":{"@type":"ImageObject","inLanguage":"es","@id":"https:\/\/www.eldiario.net\/portal\/#\/schema\/logo\/image\/","url":"https:\/\/www.eldiario.net\/portal\/wp-content\/uploads\/2023\/07\/logo_ED.jpg","contentUrl":"https:\/\/www.eldiario.net\/portal\/wp-content\/uploads\/2023\/07\/logo_ED.jpg","width":272,"height":52,"caption":"El Diario - Decano de la prensa nacional"},"image":{"@id":"https:\/\/www.eldiario.net\/portal\/#\/schema\/logo\/image\/"},"sameAs":["https:\/\/www.facebook.com\/eldiario.bolivia\/","https:\/\/x.com\/eldiario_net"]},{"@type":"Person","@id":"https:\/\/www.eldiario.net\/portal\/#\/schema\/person\/f46445640444750d7d753ccd04ae01b7","name":"Jeanette","image":{"@type":"ImageObject","inLanguage":"es","@id":"https:\/\/secure.gravatar.com\/avatar\/3ea2118a5f7dad2b7138b1187a6b7ee55f160b9968b66013c3a3ef39dd7e5798?s=96&d=mm&r=g","url":"https:\/\/secure.gravatar.com\/avatar\/3ea2118a5f7dad2b7138b1187a6b7ee55f160b9968b66013c3a3ef39dd7e5798?s=96&d=mm&r=g","contentUrl":"https:\/\/secure.gravatar.com\/avatar\/3ea2118a5f7dad2b7138b1187a6b7ee55f160b9968b66013c3a3ef39dd7e5798?s=96&d=mm&r=g","caption":"Jeanette"},"sameAs":["https:\/\/www.eldiario.net\/portal"],"url":"https:\/\/www.eldiario.net\/portal\/author\/jeanette\/"}]}},"_links":{"self":[{"href":"https:\/\/www.eldiario.net\/portal\/wp-json\/wp\/v2\/posts\/267134","targetHints":{"allow":["GET"]}}],"collection":[{"href":"https:\/\/www.eldiario.net\/portal\/wp-json\/wp\/v2\/posts"}],"about":[{"href":"https:\/\/www.eldiario.net\/portal\/wp-json\/wp\/v2\/types\/post"}],"author":[{"embeddable":true,"href":"https:\/\/www.eldiario.net\/portal\/wp-json\/wp\/v2\/users\/1"}],"replies":[{"embeddable":true,"href":"https:\/\/www.eldiario.net\/portal\/wp-json\/wp\/v2\/comments?post=267134"}],"version-history":[{"count":1,"href":"https:\/\/www.eldiario.net\/portal\/wp-json\/wp\/v2\/posts\/267134\/revisions"}],"predecessor-version":[{"id":267136,"href":"https:\/\/www.eldiario.net\/portal\/wp-json\/wp\/v2\/posts\/267134\/revisions\/267136"}],"wp:featuredmedia":[{"embeddable":true,"href":"https:\/\/www.eldiario.net\/portal\/wp-json\/wp\/v2\/media\/267135"}],"wp:attachment":[{"href":"https:\/\/www.eldiario.net\/portal\/wp-json\/wp\/v2\/media?parent=267134"}],"wp:term":[{"taxonomy":"category","embeddable":true,"href":"https:\/\/www.eldiario.net\/portal\/wp-json\/wp\/v2\/categories?post=267134"},{"taxonomy":"post_tag","embeddable":true,"href":"https:\/\/www.eldiario.net\/portal\/wp-json\/wp\/v2\/tags?post=267134"}],"curies":[{"name":"wp","href":"https:\/\/api.w.org\/{rel}","templated":true}]}}