{"id":267013,"date":"2024-12-10T06:13:16","date_gmt":"2024-12-10T10:13:16","guid":{"rendered":"https:\/\/www.eldiario.net\/portal\/?p=267013"},"modified":"2024-12-10T06:13:16","modified_gmt":"2024-12-10T10:13:16","slug":"beltran-se-clasifica-al-mundial-de-karate-kyokushin-de-tokio-en-2025","status":"publish","type":"post","link":"https:\/\/www.eldiario.net\/portal\/2024\/12\/10\/beltran-se-clasifica-al-mundial-de-karate-kyokushin-de-tokio-en-2025\/","title":{"rendered":"Beltr\u00e1n se clasifica al Mundial de Karate Kyokushin de Tokio en 2025"},"content":{"rendered":"<div dir=\"auto\">La karateca boliviana se clasific\u00f3 al Campeonato Mundial de Karate Kyokushin 2025 que se disputar\u00e1 en Tokio, Jap\u00f3n, gracias al t\u00edtulo que logr\u00f3 el fin de semana en el XV Campeonato Sudamericano de Karate Kyokushin por peso y el II Campeonato Sudamericano Abierto que hubo en Brasilia, Brasil, donde el pa\u00eds tambi\u00e9n logr\u00f3 varios podios.<\/div>\n<div dir=\"auto\">Un total de 83 deportistas, adem\u00e1s de 10 t\u00e9cnicos y seis \u00e1rbitros con licencia internacional, representaron al pa\u00eds el s\u00e1bado y domingo en el vecino pa\u00eds, donde hubo cientos de atletas de distintas naciones.<\/div>\n<div dir=\"auto\">Al ser un clasificatorio para el Mundial, el nivel que se vio fue bastante alto en cada una de las categor\u00edas habilitadas.<\/div>\n<div dir=\"auto\">Beltr\u00e1n fue la m\u00e1s destacada de Bolivia por el t\u00edtulo que conquist\u00f3 en Kumite Mayores Damas +65 kilogramos al superar cada ronda de los combates hasta ser la mejor de todas.<\/div>\n<div dir=\"auto\">Dej\u00f3 en segundo lugar a la chilena Mar\u00eda Jos\u00e9 Mora y en tercer puesto a la brasile\u00f1a Danielli Jarenciuk.<\/div>\n<div dir=\"auto\">Bolivia tambi\u00e9n logr\u00f3 varios primeros puestos como los de Sharick Mamani (en Kumite Juvenil 15-17 a\u00f1os), Lucas Mart\u00ednez (Kata General Iniciante masculino +15 a\u00f1os), Noelia Mancilla (Kata General Iniciante Femenino +15), Jahdiel Rodas (Juvenil 15-17 -62), y Diego Rodas (Juvenil 15-17, -72), entre otros.<\/div>\n<div dir=\"auto\">Algunos de los segundos lugares fueron de: Yenny Cuellar (Kumite Juvenil, 15-17 Damas), Rafaela Espinoza (Kata Intermedio Damas +15), \u00d3scar Moreno (Kata General Iniciante masculino +15) y Franklin Ibarra (Juvenil, 15-17, +72).<\/div>\n<div dir=\"auto\">Mientras que uno de los terceros puestos fue de Thiago Ylla (11-12, -45).<\/div>\n<div dir=\"auto\"><\/div>\n","protected":false},"excerpt":{"rendered":"<p>La karateca boliviana se clasific\u00f3 al Campeonato Mundial de Karate Kyokushin 2025 que se disputar\u00e1 en Tokio, Jap\u00f3n, gracias al t\u00edtulo que logr\u00f3 el fin de semana en el XV Campeonato Sudamericano de Karate Kyokushin por peso y el II Campeonato Sudamericano Abierto que hubo en Brasilia, Brasil, donde el pa\u00eds tambi\u00e9n logr\u00f3 varios podios. [&hellip;]<\/p>\n","protected":false},"author":1,"featured_media":267014,"comment_status":"closed","ping_status":"open","sticky":false,"template":"","format":"standard","meta":{"_acf_changed":false,"footnotes":""},"categories":[6],"tags":[],"class_list":["post-267013","post","type-post","status-publish","format-standard","has-post-thumbnail","category-deportes"],"acf":{"antetitulo":""},"yoast_head":"<!-- This site is optimized with the Yoast SEO plugin v28.4 - https:\/\/yoast.com\/product\/yoast-seo-wordpress\/ -->\n<title>Beltr\u00e1n se clasifica al Mundial de Karate Kyokushin de Tokio en 2025 - El Diario - Bolivia<\/title>\n<meta name=\"robots\" content=\"index, follow, max-snippet:-1, max-image-preview:large, max-video-preview:-1\" \/>\n<link rel=\"canonical\" href=\"https:\/\/www.eldiario.net\/portal\/2024\/12\/10\/beltran-se-clasifica-al-mundial-de-karate-kyokushin-de-tokio-en-2025\/\" \/>\n<meta property=\"og:locale\" content=\"es_ES\" \/>\n<meta property=\"og:type\" content=\"article\" \/>\n<meta property=\"og:title\" content=\"Beltr\u00e1n se clasifica al Mundial de Karate Kyokushin de Tokio en 2025 - El Diario - Bolivia\" \/>\n<meta property=\"og:description\" content=\"La karateca boliviana se clasific\u00f3 al Campeonato Mundial de Karate Kyokushin 2025 que se disputar\u00e1 en Tokio, Jap\u00f3n, gracias al t\u00edtulo que logr\u00f3 el fin de semana en el XV Campeonato Sudamericano de Karate Kyokushin por peso y el II Campeonato Sudamericano Abierto que hubo en Brasilia, Brasil, donde el pa\u00eds tambi\u00e9n logr\u00f3 varios podios. [&hellip;]\" \/>\n<meta property=\"og:url\" content=\"https:\/\/www.eldiario.net\/portal\/2024\/12\/10\/beltran-se-clasifica-al-mundial-de-karate-kyokushin-de-tokio-en-2025\/\" \/>\n<meta property=\"og:site_name\" content=\"El Diario - Bolivia\" \/>\n<meta property=\"article:publisher\" content=\"https:\/\/www.facebook.com\/eldiario.bolivia\/\" \/>\n<meta property=\"article:published_time\" content=\"2024-12-10T10:13:16+00:00\" \/>\n<meta property=\"og:image\" content=\"https:\/\/www.eldiario.net\/portal\/wp-content\/uploads\/2024\/12\/IMG-20241209-WA0036.jpg\" \/>\n\t<meta property=\"og:image:width\" content=\"1200\" \/>\n\t<meta property=\"og:image:height\" content=\"1156\" \/>\n\t<meta property=\"og:image:type\" content=\"image\/jpeg\" \/>\n<meta name=\"author\" content=\"Jeanette\" \/>\n<meta name=\"twitter:card\" content=\"summary_large_image\" \/>\n<meta name=\"twitter:creator\" content=\"@eldiario_net\" \/>\n<meta name=\"twitter:site\" content=\"@eldiario_net\" \/>\n<meta name=\"twitter:label1\" content=\"Escrito por\" \/>\n\t<meta name=\"twitter:data1\" content=\"Jeanette\" \/>\n\t<meta name=\"twitter:label2\" content=\"Tiempo de lectura\" \/>\n\t<meta name=\"twitter:data2\" content=\"2 minutos\" \/>\n<script type=\"application\/ld+json\" class=\"yoast-schema-graph\">{\"@context\":\"https:\\\/\\\/schema.org\",\"@graph\":[{\"@type\":\"Article\",\"@id\":\"https:\\\/\\\/www.eldiario.net\\\/portal\\\/2024\\\/12\\\/10\\\/beltran-se-clasifica-al-mundial-de-karate-kyokushin-de-tokio-en-2025\\\/#article\",\"isPartOf\":{\"@id\":\"https:\\\/\\\/www.eldiario.net\\\/portal\\\/2024\\\/12\\\/10\\\/beltran-se-clasifica-al-mundial-de-karate-kyokushin-de-tokio-en-2025\\\/\"},\"author\":{\"name\":\"Jeanette\",\"@id\":\"https:\\\/\\\/www.eldiario.net\\\/portal\\\/#\\\/schema\\\/person\\\/2c57cf2b7a7ae032e449e4c9b1019eac\"},\"headline\":\"Beltr\u00e1n se clasifica al Mundial de Karate Kyokushin de Tokio en 2025\",\"datePublished\":\"2024-12-10T10:13:16+00:00\",\"mainEntityOfPage\":{\"@id\":\"https:\\\/\\\/www.eldiario.net\\\/portal\\\/2024\\\/12\\\/10\\\/beltran-se-clasifica-al-mundial-de-karate-kyokushin-de-tokio-en-2025\\\/\"},\"wordCount\":272,\"publisher\":{\"@id\":\"https:\\\/\\\/www.eldiario.net\\\/portal\\\/#organization\"},\"image\":{\"@id\":\"https:\\\/\\\/www.eldiario.net\\\/portal\\\/2024\\\/12\\\/10\\\/beltran-se-clasifica-al-mundial-de-karate-kyokushin-de-tokio-en-2025\\\/#primaryimage\"},\"thumbnailUrl\":\"https:\\\/\\\/www.eldiario.net\\\/portal\\\/wp-content\\\/uploads\\\/2024\\\/12\\\/IMG-20241209-WA0036.jpg\",\"articleSection\":[\"Deportes\"],\"inLanguage\":\"es\"},{\"@type\":\"WebPage\",\"@id\":\"https:\\\/\\\/www.eldiario.net\\\/portal\\\/2024\\\/12\\\/10\\\/beltran-se-clasifica-al-mundial-de-karate-kyokushin-de-tokio-en-2025\\\/\",\"url\":\"https:\\\/\\\/www.eldiario.net\\\/portal\\\/2024\\\/12\\\/10\\\/beltran-se-clasifica-al-mundial-de-karate-kyokushin-de-tokio-en-2025\\\/\",\"name\":\"Beltr\u00e1n se clasifica al Mundial de Karate Kyokushin de Tokio en 2025 - El Diario - Bolivia\",\"isPartOf\":{\"@id\":\"https:\\\/\\\/www.eldiario.net\\\/portal\\\/#website\"},\"primaryImageOfPage\":{\"@id\":\"https:\\\/\\\/www.eldiario.net\\\/portal\\\/2024\\\/12\\\/10\\\/beltran-se-clasifica-al-mundial-de-karate-kyokushin-de-tokio-en-2025\\\/#primaryimage\"},\"image\":{\"@id\":\"https:\\\/\\\/www.eldiario.net\\\/portal\\\/2024\\\/12\\\/10\\\/beltran-se-clasifica-al-mundial-de-karate-kyokushin-de-tokio-en-2025\\\/#primaryimage\"},\"thumbnailUrl\":\"https:\\\/\\\/www.eldiario.net\\\/portal\\\/wp-content\\\/uploads\\\/2024\\\/12\\\/IMG-20241209-WA0036.jpg\",\"datePublished\":\"2024-12-10T10:13:16+00:00\",\"breadcrumb\":{\"@id\":\"https:\\\/\\\/www.eldiario.net\\\/portal\\\/2024\\\/12\\\/10\\\/beltran-se-clasifica-al-mundial-de-karate-kyokushin-de-tokio-en-2025\\\/#breadcrumb\"},\"inLanguage\":\"es\",\"potentialAction\":[{\"@type\":\"ReadAction\",\"target\":[\"https:\\\/\\\/www.eldiario.net\\\/portal\\\/2024\\\/12\\\/10\\\/beltran-se-clasifica-al-mundial-de-karate-kyokushin-de-tokio-en-2025\\\/\"]}]},{\"@type\":\"ImageObject\",\"inLanguage\":\"es\",\"@id\":\"https:\\\/\\\/www.eldiario.net\\\/portal\\\/2024\\\/12\\\/10\\\/beltran-se-clasifica-al-mundial-de-karate-kyokushin-de-tokio-en-2025\\\/#primaryimage\",\"url\":\"https:\\\/\\\/www.eldiario.net\\\/portal\\\/wp-content\\\/uploads\\\/2024\\\/12\\\/IMG-20241209-WA0036.jpg\",\"contentUrl\":\"https:\\\/\\\/www.eldiario.net\\\/portal\\\/wp-content\\\/uploads\\\/2024\\\/12\\\/IMG-20241209-WA0036.jpg\",\"width\":1200,\"height\":1156},{\"@type\":\"BreadcrumbList\",\"@id\":\"https:\\\/\\\/www.eldiario.net\\\/portal\\\/2024\\\/12\\\/10\\\/beltran-se-clasifica-al-mundial-de-karate-kyokushin-de-tokio-en-2025\\\/#breadcrumb\",\"itemListElement\":[{\"@type\":\"ListItem\",\"position\":1,\"name\":\"Portada\",\"item\":\"https:\\\/\\\/www.eldiario.net\\\/portal\\\/\"},{\"@type\":\"ListItem\",\"position\":2,\"name\":\"Beltr\u00e1n se clasifica al Mundial de Karate Kyokushin de Tokio en 2025\"}]},{\"@type\":\"WebSite\",\"@id\":\"https:\\\/\\\/www.eldiario.net\\\/portal\\\/#website\",\"url\":\"https:\\\/\\\/www.eldiario.net\\\/portal\\\/\",\"name\":\"El Diario - Decano de la prensa nacional\",\"description\":\"El Diario - Decano de la prensa nacional\",\"publisher\":{\"@id\":\"https:\\\/\\\/www.eldiario.net\\\/portal\\\/#organization\"},\"potentialAction\":[{\"@type\":\"SearchAction\",\"target\":{\"@type\":\"EntryPoint\",\"urlTemplate\":\"https:\\\/\\\/www.eldiario.net\\\/portal\\\/?s={search_term_string}\"},\"query-input\":{\"@type\":\"PropertyValueSpecification\",\"valueRequired\":true,\"valueName\":\"search_term_string\"}}],\"inLanguage\":\"es\"},{\"@type\":\"Organization\",\"@id\":\"https:\\\/\\\/www.eldiario.net\\\/portal\\\/#organization\",\"name\":\"El Diario - Decano de la prensa nacional\",\"url\":\"https:\\\/\\\/www.eldiario.net\\\/portal\\\/\",\"logo\":{\"@type\":\"ImageObject\",\"inLanguage\":\"es\",\"@id\":\"https:\\\/\\\/www.eldiario.net\\\/portal\\\/#\\\/schema\\\/logo\\\/image\\\/\",\"url\":\"https:\\\/\\\/www.eldiario.net\\\/portal\\\/wp-content\\\/uploads\\\/2023\\\/07\\\/logo_ED.jpg\",\"contentUrl\":\"https:\\\/\\\/www.eldiario.net\\\/portal\\\/wp-content\\\/uploads\\\/2023\\\/07\\\/logo_ED.jpg\",\"width\":272,\"height\":52,\"caption\":\"El Diario - Decano de la prensa nacional\"},\"image\":{\"@id\":\"https:\\\/\\\/www.eldiario.net\\\/portal\\\/#\\\/schema\\\/logo\\\/image\\\/\"},\"sameAs\":[\"https:\\\/\\\/www.facebook.com\\\/eldiario.bolivia\\\/\",\"https:\\\/\\\/x.com\\\/eldiario_net\"]},{\"@type\":\"Person\",\"@id\":\"https:\\\/\\\/www.eldiario.net\\\/portal\\\/#\\\/schema\\\/person\\\/2c57cf2b7a7ae032e449e4c9b1019eac\",\"name\":\"Jeanette\",\"image\":{\"@type\":\"ImageObject\",\"inLanguage\":\"es\",\"@id\":\"https:\\\/\\\/secure.gravatar.com\\\/avatar\\\/3ea2118a5f7dad2b7138b1187a6b7ee55f160b9968b66013c3a3ef39dd7e5798?s=96&d=mm&r=g\",\"url\":\"https:\\\/\\\/secure.gravatar.com\\\/avatar\\\/3ea2118a5f7dad2b7138b1187a6b7ee55f160b9968b66013c3a3ef39dd7e5798?s=96&d=mm&r=g\",\"contentUrl\":\"https:\\\/\\\/secure.gravatar.com\\\/avatar\\\/3ea2118a5f7dad2b7138b1187a6b7ee55f160b9968b66013c3a3ef39dd7e5798?s=96&d=mm&r=g\",\"caption\":\"Jeanette\"},\"sameAs\":[\"https:\\\/\\\/www.eldiario.net\\\/portal\"],\"url\":\"https:\\\/\\\/www.eldiario.net\\\/portal\\\/author\\\/jeanette\\\/\"}]}<\/script>\n<!-- \/ Yoast SEO plugin. -->","yoast_head_json":{"title":"Beltr\u00e1n se clasifica al Mundial de Karate Kyokushin de Tokio en 2025 - El Diario - Bolivia","robots":{"index":"index","follow":"follow","max-snippet":"max-snippet:-1","max-image-preview":"max-image-preview:large","max-video-preview":"max-video-preview:-1"},"canonical":"https:\/\/www.eldiario.net\/portal\/2024\/12\/10\/beltran-se-clasifica-al-mundial-de-karate-kyokushin-de-tokio-en-2025\/","og_locale":"es_ES","og_type":"article","og_title":"Beltr\u00e1n se clasifica al Mundial de Karate Kyokushin de Tokio en 2025 - El Diario - Bolivia","og_description":"La karateca boliviana se clasific\u00f3 al Campeonato Mundial de Karate Kyokushin 2025 que se disputar\u00e1 en Tokio, Jap\u00f3n, gracias al t\u00edtulo que logr\u00f3 el fin de semana en el XV Campeonato Sudamericano de Karate Kyokushin por peso y el II Campeonato Sudamericano Abierto que hubo en Brasilia, Brasil, donde el pa\u00eds tambi\u00e9n logr\u00f3 varios podios. [&hellip;]","og_url":"https:\/\/www.eldiario.net\/portal\/2024\/12\/10\/beltran-se-clasifica-al-mundial-de-karate-kyokushin-de-tokio-en-2025\/","og_site_name":"El Diario - Bolivia","article_publisher":"https:\/\/www.facebook.com\/eldiario.bolivia\/","article_published_time":"2024-12-10T10:13:16+00:00","og_image":[{"width":1200,"height":1156,"url":"https:\/\/www.eldiario.net\/portal\/wp-content\/uploads\/2024\/12\/IMG-20241209-WA0036.jpg","type":"image\/jpeg"}],"author":"Jeanette","twitter_card":"summary_large_image","twitter_creator":"@eldiario_net","twitter_site":"@eldiario_net","twitter_misc":{"Escrito por":"Jeanette","Tiempo de lectura":"2 minutos"},"schema":{"@context":"https:\/\/schema.org","@graph":[{"@type":"Article","@id":"https:\/\/www.eldiario.net\/portal\/2024\/12\/10\/beltran-se-clasifica-al-mundial-de-karate-kyokushin-de-tokio-en-2025\/#article","isPartOf":{"@id":"https:\/\/www.eldiario.net\/portal\/2024\/12\/10\/beltran-se-clasifica-al-mundial-de-karate-kyokushin-de-tokio-en-2025\/"},"author":{"name":"Jeanette","@id":"https:\/\/www.eldiario.net\/portal\/#\/schema\/person\/2c57cf2b7a7ae032e449e4c9b1019eac"},"headline":"Beltr\u00e1n se clasifica al Mundial de Karate Kyokushin de Tokio en 2025","datePublished":"2024-12-10T10:13:16+00:00","mainEntityOfPage":{"@id":"https:\/\/www.eldiario.net\/portal\/2024\/12\/10\/beltran-se-clasifica-al-mundial-de-karate-kyokushin-de-tokio-en-2025\/"},"wordCount":272,"publisher":{"@id":"https:\/\/www.eldiario.net\/portal\/#organization"},"image":{"@id":"https:\/\/www.eldiario.net\/portal\/2024\/12\/10\/beltran-se-clasifica-al-mundial-de-karate-kyokushin-de-tokio-en-2025\/#primaryimage"},"thumbnailUrl":"https:\/\/www.eldiario.net\/portal\/wp-content\/uploads\/2024\/12\/IMG-20241209-WA0036.jpg","articleSection":["Deportes"],"inLanguage":"es"},{"@type":"WebPage","@id":"https:\/\/www.eldiario.net\/portal\/2024\/12\/10\/beltran-se-clasifica-al-mundial-de-karate-kyokushin-de-tokio-en-2025\/","url":"https:\/\/www.eldiario.net\/portal\/2024\/12\/10\/beltran-se-clasifica-al-mundial-de-karate-kyokushin-de-tokio-en-2025\/","name":"Beltr\u00e1n se clasifica al Mundial de Karate Kyokushin de Tokio en 2025 - El Diario - Bolivia","isPartOf":{"@id":"https:\/\/www.eldiario.net\/portal\/#website"},"primaryImageOfPage":{"@id":"https:\/\/www.eldiario.net\/portal\/2024\/12\/10\/beltran-se-clasifica-al-mundial-de-karate-kyokushin-de-tokio-en-2025\/#primaryimage"},"image":{"@id":"https:\/\/www.eldiario.net\/portal\/2024\/12\/10\/beltran-se-clasifica-al-mundial-de-karate-kyokushin-de-tokio-en-2025\/#primaryimage"},"thumbnailUrl":"https:\/\/www.eldiario.net\/portal\/wp-content\/uploads\/2024\/12\/IMG-20241209-WA0036.jpg","datePublished":"2024-12-10T10:13:16+00:00","breadcrumb":{"@id":"https:\/\/www.eldiario.net\/portal\/2024\/12\/10\/beltran-se-clasifica-al-mundial-de-karate-kyokushin-de-tokio-en-2025\/#breadcrumb"},"inLanguage":"es","potentialAction":[{"@type":"ReadAction","target":["https:\/\/www.eldiario.net\/portal\/2024\/12\/10\/beltran-se-clasifica-al-mundial-de-karate-kyokushin-de-tokio-en-2025\/"]}]},{"@type":"ImageObject","inLanguage":"es","@id":"https:\/\/www.eldiario.net\/portal\/2024\/12\/10\/beltran-se-clasifica-al-mundial-de-karate-kyokushin-de-tokio-en-2025\/#primaryimage","url":"https:\/\/www.eldiario.net\/portal\/wp-content\/uploads\/2024\/12\/IMG-20241209-WA0036.jpg","contentUrl":"https:\/\/www.eldiario.net\/portal\/wp-content\/uploads\/2024\/12\/IMG-20241209-WA0036.jpg","width":1200,"height":1156},{"@type":"BreadcrumbList","@id":"https:\/\/www.eldiario.net\/portal\/2024\/12\/10\/beltran-se-clasifica-al-mundial-de-karate-kyokushin-de-tokio-en-2025\/#breadcrumb","itemListElement":[{"@type":"ListItem","position":1,"name":"Portada","item":"https:\/\/www.eldiario.net\/portal\/"},{"@type":"ListItem","position":2,"name":"Beltr\u00e1n se clasifica al Mundial de Karate Kyokushin de Tokio en 2025"}]},{"@type":"WebSite","@id":"https:\/\/www.eldiario.net\/portal\/#website","url":"https:\/\/www.eldiario.net\/portal\/","name":"El Diario - Decano de la prensa nacional","description":"El Diario - Decano de la prensa nacional","publisher":{"@id":"https:\/\/www.eldiario.net\/portal\/#organization"},"potentialAction":[{"@type":"SearchAction","target":{"@type":"EntryPoint","urlTemplate":"https:\/\/www.eldiario.net\/portal\/?s={search_term_string}"},"query-input":{"@type":"PropertyValueSpecification","valueRequired":true,"valueName":"search_term_string"}}],"inLanguage":"es"},{"@type":"Organization","@id":"https:\/\/www.eldiario.net\/portal\/#organization","name":"El Diario - Decano de la prensa nacional","url":"https:\/\/www.eldiario.net\/portal\/","logo":{"@type":"ImageObject","inLanguage":"es","@id":"https:\/\/www.eldiario.net\/portal\/#\/schema\/logo\/image\/","url":"https:\/\/www.eldiario.net\/portal\/wp-content\/uploads\/2023\/07\/logo_ED.jpg","contentUrl":"https:\/\/www.eldiario.net\/portal\/wp-content\/uploads\/2023\/07\/logo_ED.jpg","width":272,"height":52,"caption":"El Diario - Decano de la prensa nacional"},"image":{"@id":"https:\/\/www.eldiario.net\/portal\/#\/schema\/logo\/image\/"},"sameAs":["https:\/\/www.facebook.com\/eldiario.bolivia\/","https:\/\/x.com\/eldiario_net"]},{"@type":"Person","@id":"https:\/\/www.eldiario.net\/portal\/#\/schema\/person\/2c57cf2b7a7ae032e449e4c9b1019eac","name":"Jeanette","image":{"@type":"ImageObject","inLanguage":"es","@id":"https:\/\/secure.gravatar.com\/avatar\/3ea2118a5f7dad2b7138b1187a6b7ee55f160b9968b66013c3a3ef39dd7e5798?s=96&d=mm&r=g","url":"https:\/\/secure.gravatar.com\/avatar\/3ea2118a5f7dad2b7138b1187a6b7ee55f160b9968b66013c3a3ef39dd7e5798?s=96&d=mm&r=g","contentUrl":"https:\/\/secure.gravatar.com\/avatar\/3ea2118a5f7dad2b7138b1187a6b7ee55f160b9968b66013c3a3ef39dd7e5798?s=96&d=mm&r=g","caption":"Jeanette"},"sameAs":["https:\/\/www.eldiario.net\/portal"],"url":"https:\/\/www.eldiario.net\/portal\/author\/jeanette\/"}]}},"_links":{"self":[{"href":"https:\/\/www.eldiario.net\/portal\/wp-json\/wp\/v2\/posts\/267013","targetHints":{"allow":["GET"]}}],"collection":[{"href":"https:\/\/www.eldiario.net\/portal\/wp-json\/wp\/v2\/posts"}],"about":[{"href":"https:\/\/www.eldiario.net\/portal\/wp-json\/wp\/v2\/types\/post"}],"author":[{"embeddable":true,"href":"https:\/\/www.eldiario.net\/portal\/wp-json\/wp\/v2\/users\/1"}],"replies":[{"embeddable":true,"href":"https:\/\/www.eldiario.net\/portal\/wp-json\/wp\/v2\/comments?post=267013"}],"version-history":[{"count":1,"href":"https:\/\/www.eldiario.net\/portal\/wp-json\/wp\/v2\/posts\/267013\/revisions"}],"predecessor-version":[{"id":267015,"href":"https:\/\/www.eldiario.net\/portal\/wp-json\/wp\/v2\/posts\/267013\/revisions\/267015"}],"wp:featuredmedia":[{"embeddable":true,"href":"https:\/\/www.eldiario.net\/portal\/wp-json\/wp\/v2\/media\/267014"}],"wp:attachment":[{"href":"https:\/\/www.eldiario.net\/portal\/wp-json\/wp\/v2\/media?parent=267013"}],"wp:term":[{"taxonomy":"category","embeddable":true,"href":"https:\/\/www.eldiario.net\/portal\/wp-json\/wp\/v2\/categories?post=267013"},{"taxonomy":"post_tag","embeddable":true,"href":"https:\/\/www.eldiario.net\/portal\/wp-json\/wp\/v2\/tags?post=267013"}],"curies":[{"name":"wp","href":"https:\/\/api.w.org\/{rel}","templated":true}]}}