{"id":267010,"date":"2024-12-10T06:11:42","date_gmt":"2024-12-10T10:11:42","guid":{"rendered":"https:\/\/www.eldiario.net\/portal\/?p=267010"},"modified":"2024-12-10T06:11:42","modified_gmt":"2024-12-10T10:11:42","slug":"gualberto-villarroel-disminuido-le-gana-a-nacional-potosi","status":"publish","type":"post","link":"https:\/\/www.eldiario.net\/portal\/2024\/12\/10\/gualberto-villarroel-disminuido-le-gana-a-nacional-potosi\/","title":{"rendered":"Gualberto Villarroel disminuido, le gana a Nacional Potos\u00ed"},"content":{"rendered":"<p>ORURO.- Gualberto Villarroel San Jos\u00e9 derrot\u00f3 a Nacional Potos\u00ed por 2-1, llevando adelante el partido con diez hombres en el campo durante el segundo tiempo por la expulsi\u00f3n de Rodrigo Vargas, en el estadio Jes\u00fas Berm\u00fadez, donde estos tres puntos mantienen al plantel del entrenador Julio C\u00e9sar Baldivieso en la zona de clasificaci\u00f3n.<\/p>\n<p>El elenco de Oruro tuvo un cotejo dif\u00edcil por la expulsi\u00f3n de Vargas, a los 43 minutos. Durante el descanso del intermedio, Baldivieso tuvo que cambiar la estructura, pero mantener la idea de buscar el triunfo para ganar contra un rival directo en la zona de premiaci\u00f3n.<\/p>\n<p>Sin Javier Sanguinetti en el campo, Gualberto Villarroel sali\u00f3 adelante con \u00edmpetu para hacer valer su condici\u00f3n de local y la presi\u00f3n rompi\u00f3 la defensa visitante, a los 54 minutos, con un remate de zurda de Aldair Mamani, aprovechando un rebote en el \u00e1rea.<\/p>\n<p>La segunda conquista fue obra de Roler Ferrufino, a los 73 minutos, empujando la pelota delante del arco, luego de que un cabezazo de Augusto Seimandi que envi\u00f3 la pelota hacia el poste y con Saidt Mustaf\u00e1 en el c\u00e9sped. El arquero de la banda roja tuvo bastante trabajo.<\/p>\n<p>El descuento lleg\u00f3 a los 83 minutos con una definici\u00f3n desde el punto penal de V\u00edctor Abrego, cobrando una mano de V\u00edctor Melgar. Nacional Potos\u00ed trat\u00f3 de sumar un empate, pero tarde reaccion\u00f3 frente a la ventaja num\u00e9rica en el campo.<\/p>\n<p>En la tabla acumulativa, Nacional Potos\u00ed se mantiene como cuarto con 56 puntos y Gualberto Villarroel est\u00e1 un escal\u00f3n abajo, con 55 puntos, conservando el ritmo de los dem\u00e1s planteles que buscan llevarse un premio a final de gesti\u00f3n.<\/p>\n<p>S\u00cdNTESIS<\/p>\n<p>GUALBERTO VILLARROEL (2)<\/p>\n<p>Rodrigo Banegas, Jhoni Ramallo, L\u00edder Yanarico, Andr\u00e9s Landa, Sa\u00fal Torres, V\u00edctor Melgar, Ronaldo S\u00e1nchez, Hern\u00e1n Rodr\u00edguez, Albert Aramayo, Brian Sobrero, Rodrigo Vargas. DT: Julio C\u00e9sar Baldivieso.<\/p>\n<p>CAMBIOS:<\/p>\n<p>Augusto Seimandi por Aramayo, Aldair Mamani por Yanarico, Roler Ferrufino por Sobrero, Luis Serrano por Rodr\u00edguez, Joel Bejarano por Melgar.<\/p>\n<p>TARJETAS ROJAS:<\/p>\n<p>Rodrigo Vargas (43\u00b4), Emerson Vel\u00e1squez (90\u00b4)<\/p>\n<p>GOLES:<\/p>\n<p>Aldair Mamani (54\u00b4), Roler Ferrufino (73\u00b4)<\/p>\n<p>NACIONAL POTOS\u00cd (1)<\/p>\n<p>Saidt Mustaf\u00e1, Oscar A\u00f1ez, Eduardo \u00c1lvarez, Edisson Restrepo, Abraham Cabrera, Andr\u00e9s Torrico, Diego Hoyos, Pedro Azogue, Samuel Galindo, Carlos Preciado, Erik Correa.DT: Dayler Guti\u00e9rrez.<\/p>\n<p>CAMBIOS: V\u00edctor Abrego por Cabrera, William \u00c1lvarez por Preciado,Luis Pavia por Galindo, Hugo Rojas por Correa, Heber Lea\u00f1os por A\u00f1ez<\/p>\n<p>GOL:<\/p>\n<p>V\u00edctor Abrego (83\u00b4-penal)<\/p>\n<p>&nbsp;<\/p>\n<p>JUECES<\/p>\n<p>Jos\u00e9 Guti\u00e9rrez (Santa Cruz)-Juan Monta\u00f1o &#8211; \u00c1ngelo Choque<\/p>\n<p>&nbsp;<\/p>\n<p>ESTADIO:<\/p>\n<p>Jes\u00fas Berm\u00fadez (Oruro)<\/p>\n<p>P\u00daBLICO:<\/p>\n<p>4 mil personas (aprox.)<\/p>\n<p>&nbsp;<\/p>\n<p><strong>(APG)<\/strong><\/p>\n<p>&nbsp;<\/p>\n","protected":false},"excerpt":{"rendered":"<p>ORURO.- Gualberto Villarroel San Jos\u00e9 derrot\u00f3 a Nacional Potos\u00ed por 2-1, llevando adelante el partido con diez hombres en el campo durante el segundo tiempo por la expulsi\u00f3n de Rodrigo Vargas, en el estadio Jes\u00fas Berm\u00fadez, donde estos tres puntos mantienen al plantel del entrenador Julio C\u00e9sar Baldivieso en la zona de clasificaci\u00f3n. El elenco [&hellip;]<\/p>\n","protected":false},"author":1,"featured_media":267011,"comment_status":"closed","ping_status":"open","sticky":false,"template":"","format":"standard","meta":{"_acf_changed":false,"footnotes":""},"categories":[6],"tags":[],"class_list":["post-267010","post","type-post","status-publish","format-standard","has-post-thumbnail","category-deportes"],"acf":{"antetitulo":""},"yoast_head":"<!-- This site is optimized with the Yoast SEO plugin v28.4 - https:\/\/yoast.com\/product\/yoast-seo-wordpress\/ -->\n<title>Gualberto Villarroel disminuido, le gana a Nacional Potos\u00ed - El Diario - Bolivia<\/title>\n<meta name=\"robots\" content=\"index, follow, max-snippet:-1, max-image-preview:large, max-video-preview:-1\" \/>\n<link rel=\"canonical\" href=\"https:\/\/www.eldiario.net\/portal\/2024\/12\/10\/gualberto-villarroel-disminuido-le-gana-a-nacional-potosi\/\" \/>\n<meta property=\"og:locale\" content=\"es_ES\" \/>\n<meta property=\"og:type\" content=\"article\" \/>\n<meta property=\"og:title\" content=\"Gualberto Villarroel disminuido, le gana a Nacional Potos\u00ed - El Diario - Bolivia\" \/>\n<meta property=\"og:description\" content=\"ORURO.- Gualberto Villarroel San Jos\u00e9 derrot\u00f3 a Nacional Potos\u00ed por 2-1, llevando adelante el partido con diez hombres en el campo durante el segundo tiempo por la expulsi\u00f3n de Rodrigo Vargas, en el estadio Jes\u00fas Berm\u00fadez, donde estos tres puntos mantienen al plantel del entrenador Julio C\u00e9sar Baldivieso en la zona de clasificaci\u00f3n. El elenco [&hellip;]\" \/>\n<meta property=\"og:url\" content=\"https:\/\/www.eldiario.net\/portal\/2024\/12\/10\/gualberto-villarroel-disminuido-le-gana-a-nacional-potosi\/\" \/>\n<meta property=\"og:site_name\" content=\"El Diario - Bolivia\" \/>\n<meta property=\"article:publisher\" content=\"https:\/\/www.facebook.com\/eldiario.bolivia\/\" \/>\n<meta property=\"article:published_time\" content=\"2024-12-10T10:11:42+00:00\" \/>\n<meta property=\"og:image\" content=\"https:\/\/www.eldiario.net\/portal\/wp-content\/uploads\/2024\/12\/GV-09.jpg\" \/>\n\t<meta property=\"og:image:width\" content=\"1200\" \/>\n\t<meta property=\"og:image:height\" content=\"834\" \/>\n\t<meta property=\"og:image:type\" content=\"image\/jpeg\" \/>\n<meta name=\"author\" content=\"Jeanette\" \/>\n<meta name=\"twitter:card\" content=\"summary_large_image\" \/>\n<meta name=\"twitter:creator\" content=\"@eldiario_net\" \/>\n<meta name=\"twitter:site\" content=\"@eldiario_net\" \/>\n<meta name=\"twitter:label1\" content=\"Escrito por\" \/>\n\t<meta name=\"twitter:data1\" content=\"Jeanette\" \/>\n\t<meta name=\"twitter:label2\" content=\"Tiempo de lectura\" \/>\n\t<meta name=\"twitter:data2\" content=\"3 minutos\" \/>\n<script type=\"application\/ld+json\" class=\"yoast-schema-graph\">{\"@context\":\"https:\\\/\\\/schema.org\",\"@graph\":[{\"@type\":\"Article\",\"@id\":\"https:\\\/\\\/www.eldiario.net\\\/portal\\\/2024\\\/12\\\/10\\\/gualberto-villarroel-disminuido-le-gana-a-nacional-potosi\\\/#article\",\"isPartOf\":{\"@id\":\"https:\\\/\\\/www.eldiario.net\\\/portal\\\/2024\\\/12\\\/10\\\/gualberto-villarroel-disminuido-le-gana-a-nacional-potosi\\\/\"},\"author\":{\"name\":\"Jeanette\",\"@id\":\"https:\\\/\\\/www.eldiario.net\\\/portal\\\/#\\\/schema\\\/person\\\/2c57cf2b7a7ae032e449e4c9b1019eac\"},\"headline\":\"Gualberto Villarroel disminuido, le gana a Nacional Potos\u00ed\",\"datePublished\":\"2024-12-10T10:11:42+00:00\",\"mainEntityOfPage\":{\"@id\":\"https:\\\/\\\/www.eldiario.net\\\/portal\\\/2024\\\/12\\\/10\\\/gualberto-villarroel-disminuido-le-gana-a-nacional-potosi\\\/\"},\"wordCount\":453,\"publisher\":{\"@id\":\"https:\\\/\\\/www.eldiario.net\\\/portal\\\/#organization\"},\"image\":{\"@id\":\"https:\\\/\\\/www.eldiario.net\\\/portal\\\/2024\\\/12\\\/10\\\/gualberto-villarroel-disminuido-le-gana-a-nacional-potosi\\\/#primaryimage\"},\"thumbnailUrl\":\"https:\\\/\\\/www.eldiario.net\\\/portal\\\/wp-content\\\/uploads\\\/2024\\\/12\\\/GV-09.jpg\",\"articleSection\":[\"Deportes\"],\"inLanguage\":\"es\"},{\"@type\":\"WebPage\",\"@id\":\"https:\\\/\\\/www.eldiario.net\\\/portal\\\/2024\\\/12\\\/10\\\/gualberto-villarroel-disminuido-le-gana-a-nacional-potosi\\\/\",\"url\":\"https:\\\/\\\/www.eldiario.net\\\/portal\\\/2024\\\/12\\\/10\\\/gualberto-villarroel-disminuido-le-gana-a-nacional-potosi\\\/\",\"name\":\"Gualberto Villarroel disminuido, le gana a Nacional Potos\u00ed - El Diario - Bolivia\",\"isPartOf\":{\"@id\":\"https:\\\/\\\/www.eldiario.net\\\/portal\\\/#website\"},\"primaryImageOfPage\":{\"@id\":\"https:\\\/\\\/www.eldiario.net\\\/portal\\\/2024\\\/12\\\/10\\\/gualberto-villarroel-disminuido-le-gana-a-nacional-potosi\\\/#primaryimage\"},\"image\":{\"@id\":\"https:\\\/\\\/www.eldiario.net\\\/portal\\\/2024\\\/12\\\/10\\\/gualberto-villarroel-disminuido-le-gana-a-nacional-potosi\\\/#primaryimage\"},\"thumbnailUrl\":\"https:\\\/\\\/www.eldiario.net\\\/portal\\\/wp-content\\\/uploads\\\/2024\\\/12\\\/GV-09.jpg\",\"datePublished\":\"2024-12-10T10:11:42+00:00\",\"breadcrumb\":{\"@id\":\"https:\\\/\\\/www.eldiario.net\\\/portal\\\/2024\\\/12\\\/10\\\/gualberto-villarroel-disminuido-le-gana-a-nacional-potosi\\\/#breadcrumb\"},\"inLanguage\":\"es\",\"potentialAction\":[{\"@type\":\"ReadAction\",\"target\":[\"https:\\\/\\\/www.eldiario.net\\\/portal\\\/2024\\\/12\\\/10\\\/gualberto-villarroel-disminuido-le-gana-a-nacional-potosi\\\/\"]}]},{\"@type\":\"ImageObject\",\"inLanguage\":\"es\",\"@id\":\"https:\\\/\\\/www.eldiario.net\\\/portal\\\/2024\\\/12\\\/10\\\/gualberto-villarroel-disminuido-le-gana-a-nacional-potosi\\\/#primaryimage\",\"url\":\"https:\\\/\\\/www.eldiario.net\\\/portal\\\/wp-content\\\/uploads\\\/2024\\\/12\\\/GV-09.jpg\",\"contentUrl\":\"https:\\\/\\\/www.eldiario.net\\\/portal\\\/wp-content\\\/uploads\\\/2024\\\/12\\\/GV-09.jpg\",\"width\":1200,\"height\":834},{\"@type\":\"BreadcrumbList\",\"@id\":\"https:\\\/\\\/www.eldiario.net\\\/portal\\\/2024\\\/12\\\/10\\\/gualberto-villarroel-disminuido-le-gana-a-nacional-potosi\\\/#breadcrumb\",\"itemListElement\":[{\"@type\":\"ListItem\",\"position\":1,\"name\":\"Portada\",\"item\":\"https:\\\/\\\/www.eldiario.net\\\/portal\\\/\"},{\"@type\":\"ListItem\",\"position\":2,\"name\":\"Gualberto Villarroel disminuido, le gana a Nacional Potos\u00ed\"}]},{\"@type\":\"WebSite\",\"@id\":\"https:\\\/\\\/www.eldiario.net\\\/portal\\\/#website\",\"url\":\"https:\\\/\\\/www.eldiario.net\\\/portal\\\/\",\"name\":\"El Diario - Decano de la prensa nacional\",\"description\":\"El Diario - Decano de la prensa nacional\",\"publisher\":{\"@id\":\"https:\\\/\\\/www.eldiario.net\\\/portal\\\/#organization\"},\"potentialAction\":[{\"@type\":\"SearchAction\",\"target\":{\"@type\":\"EntryPoint\",\"urlTemplate\":\"https:\\\/\\\/www.eldiario.net\\\/portal\\\/?s={search_term_string}\"},\"query-input\":{\"@type\":\"PropertyValueSpecification\",\"valueRequired\":true,\"valueName\":\"search_term_string\"}}],\"inLanguage\":\"es\"},{\"@type\":\"Organization\",\"@id\":\"https:\\\/\\\/www.eldiario.net\\\/portal\\\/#organization\",\"name\":\"El Diario - Decano de la prensa nacional\",\"url\":\"https:\\\/\\\/www.eldiario.net\\\/portal\\\/\",\"logo\":{\"@type\":\"ImageObject\",\"inLanguage\":\"es\",\"@id\":\"https:\\\/\\\/www.eldiario.net\\\/portal\\\/#\\\/schema\\\/logo\\\/image\\\/\",\"url\":\"https:\\\/\\\/www.eldiario.net\\\/portal\\\/wp-content\\\/uploads\\\/2023\\\/07\\\/logo_ED.jpg\",\"contentUrl\":\"https:\\\/\\\/www.eldiario.net\\\/portal\\\/wp-content\\\/uploads\\\/2023\\\/07\\\/logo_ED.jpg\",\"width\":272,\"height\":52,\"caption\":\"El Diario - Decano de la prensa nacional\"},\"image\":{\"@id\":\"https:\\\/\\\/www.eldiario.net\\\/portal\\\/#\\\/schema\\\/logo\\\/image\\\/\"},\"sameAs\":[\"https:\\\/\\\/www.facebook.com\\\/eldiario.bolivia\\\/\",\"https:\\\/\\\/x.com\\\/eldiario_net\"]},{\"@type\":\"Person\",\"@id\":\"https:\\\/\\\/www.eldiario.net\\\/portal\\\/#\\\/schema\\\/person\\\/2c57cf2b7a7ae032e449e4c9b1019eac\",\"name\":\"Jeanette\",\"image\":{\"@type\":\"ImageObject\",\"inLanguage\":\"es\",\"@id\":\"https:\\\/\\\/secure.gravatar.com\\\/avatar\\\/3ea2118a5f7dad2b7138b1187a6b7ee55f160b9968b66013c3a3ef39dd7e5798?s=96&d=mm&r=g\",\"url\":\"https:\\\/\\\/secure.gravatar.com\\\/avatar\\\/3ea2118a5f7dad2b7138b1187a6b7ee55f160b9968b66013c3a3ef39dd7e5798?s=96&d=mm&r=g\",\"contentUrl\":\"https:\\\/\\\/secure.gravatar.com\\\/avatar\\\/3ea2118a5f7dad2b7138b1187a6b7ee55f160b9968b66013c3a3ef39dd7e5798?s=96&d=mm&r=g\",\"caption\":\"Jeanette\"},\"sameAs\":[\"https:\\\/\\\/www.eldiario.net\\\/portal\"],\"url\":\"https:\\\/\\\/www.eldiario.net\\\/portal\\\/author\\\/jeanette\\\/\"}]}<\/script>\n<!-- \/ Yoast SEO plugin. -->","yoast_head_json":{"title":"Gualberto Villarroel disminuido, le gana a Nacional Potos\u00ed - El Diario - Bolivia","robots":{"index":"index","follow":"follow","max-snippet":"max-snippet:-1","max-image-preview":"max-image-preview:large","max-video-preview":"max-video-preview:-1"},"canonical":"https:\/\/www.eldiario.net\/portal\/2024\/12\/10\/gualberto-villarroel-disminuido-le-gana-a-nacional-potosi\/","og_locale":"es_ES","og_type":"article","og_title":"Gualberto Villarroel disminuido, le gana a Nacional Potos\u00ed - El Diario - Bolivia","og_description":"ORURO.- Gualberto Villarroel San Jos\u00e9 derrot\u00f3 a Nacional Potos\u00ed por 2-1, llevando adelante el partido con diez hombres en el campo durante el segundo tiempo por la expulsi\u00f3n de Rodrigo Vargas, en el estadio Jes\u00fas Berm\u00fadez, donde estos tres puntos mantienen al plantel del entrenador Julio C\u00e9sar Baldivieso en la zona de clasificaci\u00f3n. El elenco [&hellip;]","og_url":"https:\/\/www.eldiario.net\/portal\/2024\/12\/10\/gualberto-villarroel-disminuido-le-gana-a-nacional-potosi\/","og_site_name":"El Diario - Bolivia","article_publisher":"https:\/\/www.facebook.com\/eldiario.bolivia\/","article_published_time":"2024-12-10T10:11:42+00:00","og_image":[{"width":1200,"height":834,"url":"https:\/\/www.eldiario.net\/portal\/wp-content\/uploads\/2024\/12\/GV-09.jpg","type":"image\/jpeg"}],"author":"Jeanette","twitter_card":"summary_large_image","twitter_creator":"@eldiario_net","twitter_site":"@eldiario_net","twitter_misc":{"Escrito por":"Jeanette","Tiempo de lectura":"3 minutos"},"schema":{"@context":"https:\/\/schema.org","@graph":[{"@type":"Article","@id":"https:\/\/www.eldiario.net\/portal\/2024\/12\/10\/gualberto-villarroel-disminuido-le-gana-a-nacional-potosi\/#article","isPartOf":{"@id":"https:\/\/www.eldiario.net\/portal\/2024\/12\/10\/gualberto-villarroel-disminuido-le-gana-a-nacional-potosi\/"},"author":{"name":"Jeanette","@id":"https:\/\/www.eldiario.net\/portal\/#\/schema\/person\/2c57cf2b7a7ae032e449e4c9b1019eac"},"headline":"Gualberto Villarroel disminuido, le gana a Nacional Potos\u00ed","datePublished":"2024-12-10T10:11:42+00:00","mainEntityOfPage":{"@id":"https:\/\/www.eldiario.net\/portal\/2024\/12\/10\/gualberto-villarroel-disminuido-le-gana-a-nacional-potosi\/"},"wordCount":453,"publisher":{"@id":"https:\/\/www.eldiario.net\/portal\/#organization"},"image":{"@id":"https:\/\/www.eldiario.net\/portal\/2024\/12\/10\/gualberto-villarroel-disminuido-le-gana-a-nacional-potosi\/#primaryimage"},"thumbnailUrl":"https:\/\/www.eldiario.net\/portal\/wp-content\/uploads\/2024\/12\/GV-09.jpg","articleSection":["Deportes"],"inLanguage":"es"},{"@type":"WebPage","@id":"https:\/\/www.eldiario.net\/portal\/2024\/12\/10\/gualberto-villarroel-disminuido-le-gana-a-nacional-potosi\/","url":"https:\/\/www.eldiario.net\/portal\/2024\/12\/10\/gualberto-villarroel-disminuido-le-gana-a-nacional-potosi\/","name":"Gualberto Villarroel disminuido, le gana a Nacional Potos\u00ed - El Diario - Bolivia","isPartOf":{"@id":"https:\/\/www.eldiario.net\/portal\/#website"},"primaryImageOfPage":{"@id":"https:\/\/www.eldiario.net\/portal\/2024\/12\/10\/gualberto-villarroel-disminuido-le-gana-a-nacional-potosi\/#primaryimage"},"image":{"@id":"https:\/\/www.eldiario.net\/portal\/2024\/12\/10\/gualberto-villarroel-disminuido-le-gana-a-nacional-potosi\/#primaryimage"},"thumbnailUrl":"https:\/\/www.eldiario.net\/portal\/wp-content\/uploads\/2024\/12\/GV-09.jpg","datePublished":"2024-12-10T10:11:42+00:00","breadcrumb":{"@id":"https:\/\/www.eldiario.net\/portal\/2024\/12\/10\/gualberto-villarroel-disminuido-le-gana-a-nacional-potosi\/#breadcrumb"},"inLanguage":"es","potentialAction":[{"@type":"ReadAction","target":["https:\/\/www.eldiario.net\/portal\/2024\/12\/10\/gualberto-villarroel-disminuido-le-gana-a-nacional-potosi\/"]}]},{"@type":"ImageObject","inLanguage":"es","@id":"https:\/\/www.eldiario.net\/portal\/2024\/12\/10\/gualberto-villarroel-disminuido-le-gana-a-nacional-potosi\/#primaryimage","url":"https:\/\/www.eldiario.net\/portal\/wp-content\/uploads\/2024\/12\/GV-09.jpg","contentUrl":"https:\/\/www.eldiario.net\/portal\/wp-content\/uploads\/2024\/12\/GV-09.jpg","width":1200,"height":834},{"@type":"BreadcrumbList","@id":"https:\/\/www.eldiario.net\/portal\/2024\/12\/10\/gualberto-villarroel-disminuido-le-gana-a-nacional-potosi\/#breadcrumb","itemListElement":[{"@type":"ListItem","position":1,"name":"Portada","item":"https:\/\/www.eldiario.net\/portal\/"},{"@type":"ListItem","position":2,"name":"Gualberto Villarroel disminuido, le gana a Nacional Potos\u00ed"}]},{"@type":"WebSite","@id":"https:\/\/www.eldiario.net\/portal\/#website","url":"https:\/\/www.eldiario.net\/portal\/","name":"El Diario - Decano de la prensa nacional","description":"El Diario - Decano de la prensa nacional","publisher":{"@id":"https:\/\/www.eldiario.net\/portal\/#organization"},"potentialAction":[{"@type":"SearchAction","target":{"@type":"EntryPoint","urlTemplate":"https:\/\/www.eldiario.net\/portal\/?s={search_term_string}"},"query-input":{"@type":"PropertyValueSpecification","valueRequired":true,"valueName":"search_term_string"}}],"inLanguage":"es"},{"@type":"Organization","@id":"https:\/\/www.eldiario.net\/portal\/#organization","name":"El Diario - Decano de la prensa nacional","url":"https:\/\/www.eldiario.net\/portal\/","logo":{"@type":"ImageObject","inLanguage":"es","@id":"https:\/\/www.eldiario.net\/portal\/#\/schema\/logo\/image\/","url":"https:\/\/www.eldiario.net\/portal\/wp-content\/uploads\/2023\/07\/logo_ED.jpg","contentUrl":"https:\/\/www.eldiario.net\/portal\/wp-content\/uploads\/2023\/07\/logo_ED.jpg","width":272,"height":52,"caption":"El Diario - Decano de la prensa nacional"},"image":{"@id":"https:\/\/www.eldiario.net\/portal\/#\/schema\/logo\/image\/"},"sameAs":["https:\/\/www.facebook.com\/eldiario.bolivia\/","https:\/\/x.com\/eldiario_net"]},{"@type":"Person","@id":"https:\/\/www.eldiario.net\/portal\/#\/schema\/person\/2c57cf2b7a7ae032e449e4c9b1019eac","name":"Jeanette","image":{"@type":"ImageObject","inLanguage":"es","@id":"https:\/\/secure.gravatar.com\/avatar\/3ea2118a5f7dad2b7138b1187a6b7ee55f160b9968b66013c3a3ef39dd7e5798?s=96&d=mm&r=g","url":"https:\/\/secure.gravatar.com\/avatar\/3ea2118a5f7dad2b7138b1187a6b7ee55f160b9968b66013c3a3ef39dd7e5798?s=96&d=mm&r=g","contentUrl":"https:\/\/secure.gravatar.com\/avatar\/3ea2118a5f7dad2b7138b1187a6b7ee55f160b9968b66013c3a3ef39dd7e5798?s=96&d=mm&r=g","caption":"Jeanette"},"sameAs":["https:\/\/www.eldiario.net\/portal"],"url":"https:\/\/www.eldiario.net\/portal\/author\/jeanette\/"}]}},"_links":{"self":[{"href":"https:\/\/www.eldiario.net\/portal\/wp-json\/wp\/v2\/posts\/267010","targetHints":{"allow":["GET"]}}],"collection":[{"href":"https:\/\/www.eldiario.net\/portal\/wp-json\/wp\/v2\/posts"}],"about":[{"href":"https:\/\/www.eldiario.net\/portal\/wp-json\/wp\/v2\/types\/post"}],"author":[{"embeddable":true,"href":"https:\/\/www.eldiario.net\/portal\/wp-json\/wp\/v2\/users\/1"}],"replies":[{"embeddable":true,"href":"https:\/\/www.eldiario.net\/portal\/wp-json\/wp\/v2\/comments?post=267010"}],"version-history":[{"count":1,"href":"https:\/\/www.eldiario.net\/portal\/wp-json\/wp\/v2\/posts\/267010\/revisions"}],"predecessor-version":[{"id":267012,"href":"https:\/\/www.eldiario.net\/portal\/wp-json\/wp\/v2\/posts\/267010\/revisions\/267012"}],"wp:featuredmedia":[{"embeddable":true,"href":"https:\/\/www.eldiario.net\/portal\/wp-json\/wp\/v2\/media\/267011"}],"wp:attachment":[{"href":"https:\/\/www.eldiario.net\/portal\/wp-json\/wp\/v2\/media?parent=267010"}],"wp:term":[{"taxonomy":"category","embeddable":true,"href":"https:\/\/www.eldiario.net\/portal\/wp-json\/wp\/v2\/categories?post=267010"},{"taxonomy":"post_tag","embeddable":true,"href":"https:\/\/www.eldiario.net\/portal\/wp-json\/wp\/v2\/tags?post=267010"}],"curies":[{"name":"wp","href":"https:\/\/api.w.org\/{rel}","templated":true}]}}