{"id":267007,"date":"2024-12-10T06:11:14","date_gmt":"2024-12-10T10:11:14","guid":{"rendered":"https:\/\/www.eldiario.net\/portal\/?p=267007"},"modified":"2024-12-10T06:11:14","modified_gmt":"2024-12-10T10:11:14","slug":"independiente-gana-y-se-encamina-a-la-clasificacion","status":"publish","type":"post","link":"https:\/\/www.eldiario.net\/portal\/2024\/12\/10\/independiente-gana-y-se-encamina-a-la-clasificacion\/","title":{"rendered":"Independiente gana y se encamina a la clasificaci\u00f3n"},"content":{"rendered":"<p>SUCRE.- Con un triplete de Daniel Porozo, Independiente venci\u00f3 a FC Universitario de Vinto con un marcador de 3-2, en el estadio Patria, apunt\u00e1ndose en la pelea por la clasificaci\u00f3n a un torneo internacional en la recta final del torneo Clausura.<\/p>\n<p>Independiente sigue acumulando puntos para acercarse a la zona de premiaci\u00f3n. La noche de este lunes lleg\u00f3 a la s\u00e9ptima posici\u00f3n con 47 puntos, a cinco de dar alcance a Blooming y con una actuaci\u00f3n sobresaliente de Porozo se mantiene en pie frente a las tres fechas restantes en las cuales tratar\u00e1 de completar la haza\u00f1a.<\/p>\n<p>El primer gol de la noche lleg\u00f3 a los dos minutos con un pase de Daniel Eid que dej\u00f3 a Porozo dentro del \u00e1rea para definir con un remate por debajo del cuerpo del arquero Gustavo Almada. Cinco minutos despu\u00e9s lleg\u00f3 el empate, obra de Tommy Tobar con un golpe de cabeza ante una mala salida de Gustavo Salvatierra.<\/p>\n<p>A los 20\u00b4, lleg\u00f3 el segundo gol de Porozo con un remate de derecha, aprovechando un rebote que dio el arquero Almada en un disparo potente. La \u201cU\u201d qued\u00f3 en apuros con la expulsi\u00f3n de Juan Cu\u00e9llar, a los 13 minutos.<\/p>\n<p>Pese a esto la \u201cU\u201d coloc\u00f3 el marcador emparejado a los 75 minutos con una definici\u00f3n de cabeza de Julio Vila en un centro que lleg\u00f3 al \u00e1rea, donde la d\u00e9bil marcaci\u00f3n de los locales permiti\u00f3 que el defensor anote.<\/p>\n<p>Sin embargo, Porozo volvi\u00f3 a aparecer para anotar el gol de la victoria (3-2), a los 79\u00b4, con un remate diagonal que dobl\u00f3 la mano de Almada, despu\u00e9s de una acci\u00f3n de conjunto, con pases que rompieron la resistencia del cuadro visitante.<\/p>\n<p>&nbsp;<\/p>\n<p>S\u00cdNTESIS<\/p>\n<p>&nbsp;<\/p>\n<p>INDEPENDIENTE (3)<\/p>\n<p>Gustavo Salvatierra, Diego Vargas, Wilfredo Soleto, David D\u00edaz, Daniel Castell\u00f3n, Denilson Valda, Daniel Eid, Thomaz Santos, Gustavo Cristaldo, Daniel Porozo, Juan Godoy. DT: Marcelo Robledo.<\/p>\n<p>CAMBIOS:<\/p>\n<p>Alejandro Medina por Santos, Alejandro Bejarano por Cristaldo, Miguel Quiroga por Valda.<\/p>\n<p>GOLES:<\/p>\n<p>Daniel Porozo (2\u00b4, 20\u00b4 y 79\u00b4)<\/p>\n<p>&nbsp;<\/p>\n<p>FC UNIVERSITARIO (2)<\/p>\n<p>Gustavo Almada, Esdras Mendoza, Jos\u00e9 Pinto, Julio Vila, Diago Gim\u00e9nez, Carlos Ribera, Ra\u00fal Castro, Joel Calicho, Juan Cu\u00e9llar Maximiliano N\u00fa\u00f1ez, Tommy Tobar. DT: Pablo Godoy.<\/p>\n<p>CAMBIOS:<\/p>\n<p>Andr\u00e9s Llano por N\u00fa\u00f1ez, Juan Mercado por Calicho, Guilder Cu\u00e9llar por Ribera, Jos\u00e9 Alipaz por Castro, Ricardo Orihuela por Tobar<\/p>\n<p>TARJETA ROJA:<\/p>\n<p>Juan Cu\u00e9llar (13\u00b4)<\/p>\n<p>GOLES:<\/p>\n<p>Tommy Tobar (7\u00b4), Julio Vila (75\u00b4)<\/p>\n<p>&nbsp;<\/p>\n<p>JUECES<\/p>\n<p>Herlan Salazar (La Paz)- Edwin Paredes &#8211; Emanuel Casta\u00f1eta<\/p>\n<p>&nbsp;<\/p>\n<p>ESTADIO:<\/p>\n<p>Patria (Sucre)<\/p>\n<p>&nbsp;<\/p>\n<p>P\u00daBLICO:<\/p>\n<p>Mil personas (aprox.)<\/p>\n<p>&nbsp;<\/p>\n<p><strong>(APG)<\/strong><\/p>\n<p>&nbsp;<\/p>\n","protected":false},"excerpt":{"rendered":"<p>SUCRE.- Con un triplete de Daniel Porozo, Independiente venci\u00f3 a FC Universitario de Vinto con un marcador de 3-2, en el estadio Patria, apunt\u00e1ndose en la pelea por la clasificaci\u00f3n a un torneo internacional en la recta final del torneo Clausura. Independiente sigue acumulando puntos para acercarse a la zona de premiaci\u00f3n. La noche de [&hellip;]<\/p>\n","protected":false},"author":1,"featured_media":267008,"comment_status":"closed","ping_status":"open","sticky":false,"template":"","format":"standard","meta":{"_acf_changed":false,"footnotes":""},"categories":[6],"tags":[],"class_list":["post-267007","post","type-post","status-publish","format-standard","has-post-thumbnail","category-deportes"],"acf":{"antetitulo":""},"yoast_head":"<!-- This site is optimized with the Yoast SEO plugin v28.4 - https:\/\/yoast.com\/product\/yoast-seo-wordpress\/ -->\n<title>Independiente gana y se encamina a la clasificaci\u00f3n - El Diario - Bolivia<\/title>\n<meta name=\"robots\" content=\"index, follow, max-snippet:-1, max-image-preview:large, max-video-preview:-1\" \/>\n<link rel=\"canonical\" href=\"https:\/\/www.eldiario.net\/portal\/2024\/12\/10\/independiente-gana-y-se-encamina-a-la-clasificacion\/\" \/>\n<meta property=\"og:locale\" content=\"es_ES\" \/>\n<meta property=\"og:type\" content=\"article\" \/>\n<meta property=\"og:title\" content=\"Independiente gana y se encamina a la clasificaci\u00f3n - El Diario - Bolivia\" \/>\n<meta property=\"og:description\" content=\"SUCRE.- Con un triplete de Daniel Porozo, Independiente venci\u00f3 a FC Universitario de Vinto con un marcador de 3-2, en el estadio Patria, apunt\u00e1ndose en la pelea por la clasificaci\u00f3n a un torneo internacional en la recta final del torneo Clausura. Independiente sigue acumulando puntos para acercarse a la zona de premiaci\u00f3n. La noche de [&hellip;]\" \/>\n<meta property=\"og:url\" content=\"https:\/\/www.eldiario.net\/portal\/2024\/12\/10\/independiente-gana-y-se-encamina-a-la-clasificacion\/\" \/>\n<meta property=\"og:site_name\" content=\"El Diario - Bolivia\" \/>\n<meta property=\"article:publisher\" content=\"https:\/\/www.facebook.com\/eldiario.bolivia\/\" \/>\n<meta property=\"article:published_time\" content=\"2024-12-10T10:11:14+00:00\" \/>\n<meta property=\"og:image\" content=\"https:\/\/www.eldiario.net\/portal\/wp-content\/uploads\/2024\/12\/Inde-09.jpg\" \/>\n\t<meta property=\"og:image:width\" content=\"1200\" \/>\n\t<meta property=\"og:image:height\" content=\"938\" \/>\n\t<meta property=\"og:image:type\" content=\"image\/jpeg\" \/>\n<meta name=\"author\" content=\"Jeanette\" \/>\n<meta name=\"twitter:card\" content=\"summary_large_image\" \/>\n<meta name=\"twitter:creator\" content=\"@eldiario_net\" \/>\n<meta name=\"twitter:site\" content=\"@eldiario_net\" \/>\n<meta name=\"twitter:label1\" content=\"Escrito por\" \/>\n\t<meta name=\"twitter:data1\" content=\"Jeanette\" \/>\n\t<meta name=\"twitter:label2\" content=\"Tiempo de lectura\" \/>\n\t<meta name=\"twitter:data2\" content=\"3 minutos\" \/>\n<script type=\"application\/ld+json\" class=\"yoast-schema-graph\">{\"@context\":\"https:\\\/\\\/schema.org\",\"@graph\":[{\"@type\":\"Article\",\"@id\":\"https:\\\/\\\/www.eldiario.net\\\/portal\\\/2024\\\/12\\\/10\\\/independiente-gana-y-se-encamina-a-la-clasificacion\\\/#article\",\"isPartOf\":{\"@id\":\"https:\\\/\\\/www.eldiario.net\\\/portal\\\/2024\\\/12\\\/10\\\/independiente-gana-y-se-encamina-a-la-clasificacion\\\/\"},\"author\":{\"name\":\"Jeanette\",\"@id\":\"https:\\\/\\\/www.eldiario.net\\\/portal\\\/#\\\/schema\\\/person\\\/2c57cf2b7a7ae032e449e4c9b1019eac\"},\"headline\":\"Independiente gana y se encamina a la clasificaci\u00f3n\",\"datePublished\":\"2024-12-10T10:11:14+00:00\",\"mainEntityOfPage\":{\"@id\":\"https:\\\/\\\/www.eldiario.net\\\/portal\\\/2024\\\/12\\\/10\\\/independiente-gana-y-se-encamina-a-la-clasificacion\\\/\"},\"wordCount\":440,\"publisher\":{\"@id\":\"https:\\\/\\\/www.eldiario.net\\\/portal\\\/#organization\"},\"image\":{\"@id\":\"https:\\\/\\\/www.eldiario.net\\\/portal\\\/2024\\\/12\\\/10\\\/independiente-gana-y-se-encamina-a-la-clasificacion\\\/#primaryimage\"},\"thumbnailUrl\":\"https:\\\/\\\/www.eldiario.net\\\/portal\\\/wp-content\\\/uploads\\\/2024\\\/12\\\/Inde-09.jpg\",\"articleSection\":[\"Deportes\"],\"inLanguage\":\"es\"},{\"@type\":\"WebPage\",\"@id\":\"https:\\\/\\\/www.eldiario.net\\\/portal\\\/2024\\\/12\\\/10\\\/independiente-gana-y-se-encamina-a-la-clasificacion\\\/\",\"url\":\"https:\\\/\\\/www.eldiario.net\\\/portal\\\/2024\\\/12\\\/10\\\/independiente-gana-y-se-encamina-a-la-clasificacion\\\/\",\"name\":\"Independiente gana y se encamina a la clasificaci\u00f3n - El Diario - Bolivia\",\"isPartOf\":{\"@id\":\"https:\\\/\\\/www.eldiario.net\\\/portal\\\/#website\"},\"primaryImageOfPage\":{\"@id\":\"https:\\\/\\\/www.eldiario.net\\\/portal\\\/2024\\\/12\\\/10\\\/independiente-gana-y-se-encamina-a-la-clasificacion\\\/#primaryimage\"},\"image\":{\"@id\":\"https:\\\/\\\/www.eldiario.net\\\/portal\\\/2024\\\/12\\\/10\\\/independiente-gana-y-se-encamina-a-la-clasificacion\\\/#primaryimage\"},\"thumbnailUrl\":\"https:\\\/\\\/www.eldiario.net\\\/portal\\\/wp-content\\\/uploads\\\/2024\\\/12\\\/Inde-09.jpg\",\"datePublished\":\"2024-12-10T10:11:14+00:00\",\"breadcrumb\":{\"@id\":\"https:\\\/\\\/www.eldiario.net\\\/portal\\\/2024\\\/12\\\/10\\\/independiente-gana-y-se-encamina-a-la-clasificacion\\\/#breadcrumb\"},\"inLanguage\":\"es\",\"potentialAction\":[{\"@type\":\"ReadAction\",\"target\":[\"https:\\\/\\\/www.eldiario.net\\\/portal\\\/2024\\\/12\\\/10\\\/independiente-gana-y-se-encamina-a-la-clasificacion\\\/\"]}]},{\"@type\":\"ImageObject\",\"inLanguage\":\"es\",\"@id\":\"https:\\\/\\\/www.eldiario.net\\\/portal\\\/2024\\\/12\\\/10\\\/independiente-gana-y-se-encamina-a-la-clasificacion\\\/#primaryimage\",\"url\":\"https:\\\/\\\/www.eldiario.net\\\/portal\\\/wp-content\\\/uploads\\\/2024\\\/12\\\/Inde-09.jpg\",\"contentUrl\":\"https:\\\/\\\/www.eldiario.net\\\/portal\\\/wp-content\\\/uploads\\\/2024\\\/12\\\/Inde-09.jpg\",\"width\":1200,\"height\":938},{\"@type\":\"BreadcrumbList\",\"@id\":\"https:\\\/\\\/www.eldiario.net\\\/portal\\\/2024\\\/12\\\/10\\\/independiente-gana-y-se-encamina-a-la-clasificacion\\\/#breadcrumb\",\"itemListElement\":[{\"@type\":\"ListItem\",\"position\":1,\"name\":\"Portada\",\"item\":\"https:\\\/\\\/www.eldiario.net\\\/portal\\\/\"},{\"@type\":\"ListItem\",\"position\":2,\"name\":\"Independiente gana y se encamina a la clasificaci\u00f3n\"}]},{\"@type\":\"WebSite\",\"@id\":\"https:\\\/\\\/www.eldiario.net\\\/portal\\\/#website\",\"url\":\"https:\\\/\\\/www.eldiario.net\\\/portal\\\/\",\"name\":\"El Diario - Decano de la prensa nacional\",\"description\":\"El Diario - Decano de la prensa nacional\",\"publisher\":{\"@id\":\"https:\\\/\\\/www.eldiario.net\\\/portal\\\/#organization\"},\"potentialAction\":[{\"@type\":\"SearchAction\",\"target\":{\"@type\":\"EntryPoint\",\"urlTemplate\":\"https:\\\/\\\/www.eldiario.net\\\/portal\\\/?s={search_term_string}\"},\"query-input\":{\"@type\":\"PropertyValueSpecification\",\"valueRequired\":true,\"valueName\":\"search_term_string\"}}],\"inLanguage\":\"es\"},{\"@type\":\"Organization\",\"@id\":\"https:\\\/\\\/www.eldiario.net\\\/portal\\\/#organization\",\"name\":\"El Diario - Decano de la prensa nacional\",\"url\":\"https:\\\/\\\/www.eldiario.net\\\/portal\\\/\",\"logo\":{\"@type\":\"ImageObject\",\"inLanguage\":\"es\",\"@id\":\"https:\\\/\\\/www.eldiario.net\\\/portal\\\/#\\\/schema\\\/logo\\\/image\\\/\",\"url\":\"https:\\\/\\\/www.eldiario.net\\\/portal\\\/wp-content\\\/uploads\\\/2023\\\/07\\\/logo_ED.jpg\",\"contentUrl\":\"https:\\\/\\\/www.eldiario.net\\\/portal\\\/wp-content\\\/uploads\\\/2023\\\/07\\\/logo_ED.jpg\",\"width\":272,\"height\":52,\"caption\":\"El Diario - Decano de la prensa nacional\"},\"image\":{\"@id\":\"https:\\\/\\\/www.eldiario.net\\\/portal\\\/#\\\/schema\\\/logo\\\/image\\\/\"},\"sameAs\":[\"https:\\\/\\\/www.facebook.com\\\/eldiario.bolivia\\\/\",\"https:\\\/\\\/x.com\\\/eldiario_net\"]},{\"@type\":\"Person\",\"@id\":\"https:\\\/\\\/www.eldiario.net\\\/portal\\\/#\\\/schema\\\/person\\\/2c57cf2b7a7ae032e449e4c9b1019eac\",\"name\":\"Jeanette\",\"image\":{\"@type\":\"ImageObject\",\"inLanguage\":\"es\",\"@id\":\"https:\\\/\\\/secure.gravatar.com\\\/avatar\\\/3ea2118a5f7dad2b7138b1187a6b7ee55f160b9968b66013c3a3ef39dd7e5798?s=96&d=mm&r=g\",\"url\":\"https:\\\/\\\/secure.gravatar.com\\\/avatar\\\/3ea2118a5f7dad2b7138b1187a6b7ee55f160b9968b66013c3a3ef39dd7e5798?s=96&d=mm&r=g\",\"contentUrl\":\"https:\\\/\\\/secure.gravatar.com\\\/avatar\\\/3ea2118a5f7dad2b7138b1187a6b7ee55f160b9968b66013c3a3ef39dd7e5798?s=96&d=mm&r=g\",\"caption\":\"Jeanette\"},\"sameAs\":[\"https:\\\/\\\/www.eldiario.net\\\/portal\"],\"url\":\"https:\\\/\\\/www.eldiario.net\\\/portal\\\/author\\\/jeanette\\\/\"}]}<\/script>\n<!-- \/ Yoast SEO plugin. -->","yoast_head_json":{"title":"Independiente gana y se encamina a la clasificaci\u00f3n - El Diario - Bolivia","robots":{"index":"index","follow":"follow","max-snippet":"max-snippet:-1","max-image-preview":"max-image-preview:large","max-video-preview":"max-video-preview:-1"},"canonical":"https:\/\/www.eldiario.net\/portal\/2024\/12\/10\/independiente-gana-y-se-encamina-a-la-clasificacion\/","og_locale":"es_ES","og_type":"article","og_title":"Independiente gana y se encamina a la clasificaci\u00f3n - El Diario - Bolivia","og_description":"SUCRE.- Con un triplete de Daniel Porozo, Independiente venci\u00f3 a FC Universitario de Vinto con un marcador de 3-2, en el estadio Patria, apunt\u00e1ndose en la pelea por la clasificaci\u00f3n a un torneo internacional en la recta final del torneo Clausura. Independiente sigue acumulando puntos para acercarse a la zona de premiaci\u00f3n. La noche de [&hellip;]","og_url":"https:\/\/www.eldiario.net\/portal\/2024\/12\/10\/independiente-gana-y-se-encamina-a-la-clasificacion\/","og_site_name":"El Diario - Bolivia","article_publisher":"https:\/\/www.facebook.com\/eldiario.bolivia\/","article_published_time":"2024-12-10T10:11:14+00:00","og_image":[{"width":1200,"height":938,"url":"https:\/\/www.eldiario.net\/portal\/wp-content\/uploads\/2024\/12\/Inde-09.jpg","type":"image\/jpeg"}],"author":"Jeanette","twitter_card":"summary_large_image","twitter_creator":"@eldiario_net","twitter_site":"@eldiario_net","twitter_misc":{"Escrito por":"Jeanette","Tiempo de lectura":"3 minutos"},"schema":{"@context":"https:\/\/schema.org","@graph":[{"@type":"Article","@id":"https:\/\/www.eldiario.net\/portal\/2024\/12\/10\/independiente-gana-y-se-encamina-a-la-clasificacion\/#article","isPartOf":{"@id":"https:\/\/www.eldiario.net\/portal\/2024\/12\/10\/independiente-gana-y-se-encamina-a-la-clasificacion\/"},"author":{"name":"Jeanette","@id":"https:\/\/www.eldiario.net\/portal\/#\/schema\/person\/2c57cf2b7a7ae032e449e4c9b1019eac"},"headline":"Independiente gana y se encamina a la clasificaci\u00f3n","datePublished":"2024-12-10T10:11:14+00:00","mainEntityOfPage":{"@id":"https:\/\/www.eldiario.net\/portal\/2024\/12\/10\/independiente-gana-y-se-encamina-a-la-clasificacion\/"},"wordCount":440,"publisher":{"@id":"https:\/\/www.eldiario.net\/portal\/#organization"},"image":{"@id":"https:\/\/www.eldiario.net\/portal\/2024\/12\/10\/independiente-gana-y-se-encamina-a-la-clasificacion\/#primaryimage"},"thumbnailUrl":"https:\/\/www.eldiario.net\/portal\/wp-content\/uploads\/2024\/12\/Inde-09.jpg","articleSection":["Deportes"],"inLanguage":"es"},{"@type":"WebPage","@id":"https:\/\/www.eldiario.net\/portal\/2024\/12\/10\/independiente-gana-y-se-encamina-a-la-clasificacion\/","url":"https:\/\/www.eldiario.net\/portal\/2024\/12\/10\/independiente-gana-y-se-encamina-a-la-clasificacion\/","name":"Independiente gana y se encamina a la clasificaci\u00f3n - El Diario - Bolivia","isPartOf":{"@id":"https:\/\/www.eldiario.net\/portal\/#website"},"primaryImageOfPage":{"@id":"https:\/\/www.eldiario.net\/portal\/2024\/12\/10\/independiente-gana-y-se-encamina-a-la-clasificacion\/#primaryimage"},"image":{"@id":"https:\/\/www.eldiario.net\/portal\/2024\/12\/10\/independiente-gana-y-se-encamina-a-la-clasificacion\/#primaryimage"},"thumbnailUrl":"https:\/\/www.eldiario.net\/portal\/wp-content\/uploads\/2024\/12\/Inde-09.jpg","datePublished":"2024-12-10T10:11:14+00:00","breadcrumb":{"@id":"https:\/\/www.eldiario.net\/portal\/2024\/12\/10\/independiente-gana-y-se-encamina-a-la-clasificacion\/#breadcrumb"},"inLanguage":"es","potentialAction":[{"@type":"ReadAction","target":["https:\/\/www.eldiario.net\/portal\/2024\/12\/10\/independiente-gana-y-se-encamina-a-la-clasificacion\/"]}]},{"@type":"ImageObject","inLanguage":"es","@id":"https:\/\/www.eldiario.net\/portal\/2024\/12\/10\/independiente-gana-y-se-encamina-a-la-clasificacion\/#primaryimage","url":"https:\/\/www.eldiario.net\/portal\/wp-content\/uploads\/2024\/12\/Inde-09.jpg","contentUrl":"https:\/\/www.eldiario.net\/portal\/wp-content\/uploads\/2024\/12\/Inde-09.jpg","width":1200,"height":938},{"@type":"BreadcrumbList","@id":"https:\/\/www.eldiario.net\/portal\/2024\/12\/10\/independiente-gana-y-se-encamina-a-la-clasificacion\/#breadcrumb","itemListElement":[{"@type":"ListItem","position":1,"name":"Portada","item":"https:\/\/www.eldiario.net\/portal\/"},{"@type":"ListItem","position":2,"name":"Independiente gana y se encamina a la clasificaci\u00f3n"}]},{"@type":"WebSite","@id":"https:\/\/www.eldiario.net\/portal\/#website","url":"https:\/\/www.eldiario.net\/portal\/","name":"El Diario - Decano de la prensa nacional","description":"El Diario - Decano de la prensa nacional","publisher":{"@id":"https:\/\/www.eldiario.net\/portal\/#organization"},"potentialAction":[{"@type":"SearchAction","target":{"@type":"EntryPoint","urlTemplate":"https:\/\/www.eldiario.net\/portal\/?s={search_term_string}"},"query-input":{"@type":"PropertyValueSpecification","valueRequired":true,"valueName":"search_term_string"}}],"inLanguage":"es"},{"@type":"Organization","@id":"https:\/\/www.eldiario.net\/portal\/#organization","name":"El Diario - Decano de la prensa nacional","url":"https:\/\/www.eldiario.net\/portal\/","logo":{"@type":"ImageObject","inLanguage":"es","@id":"https:\/\/www.eldiario.net\/portal\/#\/schema\/logo\/image\/","url":"https:\/\/www.eldiario.net\/portal\/wp-content\/uploads\/2023\/07\/logo_ED.jpg","contentUrl":"https:\/\/www.eldiario.net\/portal\/wp-content\/uploads\/2023\/07\/logo_ED.jpg","width":272,"height":52,"caption":"El Diario - Decano de la prensa nacional"},"image":{"@id":"https:\/\/www.eldiario.net\/portal\/#\/schema\/logo\/image\/"},"sameAs":["https:\/\/www.facebook.com\/eldiario.bolivia\/","https:\/\/x.com\/eldiario_net"]},{"@type":"Person","@id":"https:\/\/www.eldiario.net\/portal\/#\/schema\/person\/2c57cf2b7a7ae032e449e4c9b1019eac","name":"Jeanette","image":{"@type":"ImageObject","inLanguage":"es","@id":"https:\/\/secure.gravatar.com\/avatar\/3ea2118a5f7dad2b7138b1187a6b7ee55f160b9968b66013c3a3ef39dd7e5798?s=96&d=mm&r=g","url":"https:\/\/secure.gravatar.com\/avatar\/3ea2118a5f7dad2b7138b1187a6b7ee55f160b9968b66013c3a3ef39dd7e5798?s=96&d=mm&r=g","contentUrl":"https:\/\/secure.gravatar.com\/avatar\/3ea2118a5f7dad2b7138b1187a6b7ee55f160b9968b66013c3a3ef39dd7e5798?s=96&d=mm&r=g","caption":"Jeanette"},"sameAs":["https:\/\/www.eldiario.net\/portal"],"url":"https:\/\/www.eldiario.net\/portal\/author\/jeanette\/"}]}},"_links":{"self":[{"href":"https:\/\/www.eldiario.net\/portal\/wp-json\/wp\/v2\/posts\/267007","targetHints":{"allow":["GET"]}}],"collection":[{"href":"https:\/\/www.eldiario.net\/portal\/wp-json\/wp\/v2\/posts"}],"about":[{"href":"https:\/\/www.eldiario.net\/portal\/wp-json\/wp\/v2\/types\/post"}],"author":[{"embeddable":true,"href":"https:\/\/www.eldiario.net\/portal\/wp-json\/wp\/v2\/users\/1"}],"replies":[{"embeddable":true,"href":"https:\/\/www.eldiario.net\/portal\/wp-json\/wp\/v2\/comments?post=267007"}],"version-history":[{"count":1,"href":"https:\/\/www.eldiario.net\/portal\/wp-json\/wp\/v2\/posts\/267007\/revisions"}],"predecessor-version":[{"id":267009,"href":"https:\/\/www.eldiario.net\/portal\/wp-json\/wp\/v2\/posts\/267007\/revisions\/267009"}],"wp:featuredmedia":[{"embeddable":true,"href":"https:\/\/www.eldiario.net\/portal\/wp-json\/wp\/v2\/media\/267008"}],"wp:attachment":[{"href":"https:\/\/www.eldiario.net\/portal\/wp-json\/wp\/v2\/media?parent=267007"}],"wp:term":[{"taxonomy":"category","embeddable":true,"href":"https:\/\/www.eldiario.net\/portal\/wp-json\/wp\/v2\/categories?post=267007"},{"taxonomy":"post_tag","embeddable":true,"href":"https:\/\/www.eldiario.net\/portal\/wp-json\/wp\/v2\/tags?post=267007"}],"curies":[{"name":"wp","href":"https:\/\/api.w.org\/{rel}","templated":true}]}}