{"id":267004,"date":"2024-12-10T06:09:46","date_gmt":"2024-12-10T10:09:46","guid":{"rendered":"https:\/\/www.eldiario.net\/portal\/?p=267004"},"modified":"2024-12-10T06:09:46","modified_gmt":"2024-12-10T10:09:46","slug":"liga-deportiva-de-quito-pretende-comprar-el-pase-de-gabriel-villamil","status":"publish","type":"post","link":"https:\/\/www.eldiario.net\/portal\/2024\/12\/10\/liga-deportiva-de-quito-pretende-comprar-el-pase-de-gabriel-villamil\/","title":{"rendered":"Liga Deportiva de Quito pretende comprar el pase de Gabriel Villamil"},"content":{"rendered":"<p>Tras la goleada por 3 a 0 sobre Independiente del Valle, con gol incluido, en Ecuador ya se habla de la compra del pase del volante mixto boliviano Gabriel Villamil. El jugador fue cedido a pr\u00e9stamo por Bol\u00edvar, con opci\u00f3n a compra que podr\u00eda ser utilizada.<\/p>\n<p>La directiva de Liga de Quito estar\u00eda encaminada para comprar el pase de Gabriel Villamil tras su crecimiento con el equipo. El boliviano era uno de los jugadores m\u00e1s criticados de los hinchas, pero ahora tiene el aprecio. Esto esperaban desde la dirigencia y las cosas se han ido dando para que todo salga de la mejor manera en la temporada.<\/p>\n<p>El futuro de Gabriel Villamil en Liga de Quito parece estar m\u00e1s cerca que nunca. El volante boliviano, que lleg\u00f3 al cuadro universitario a pr\u00e9stamo con opci\u00f3n de compra, ha demostrado un crecimiento exponencial y una adaptaci\u00f3n r\u00e1pida al f\u00fatbol ecuatoriano, lo que ha despertado el inter\u00e9s de la directiva alba para adquirir sus derechos deportivos de manera definitiva.<\/p>\n<p>Desde su llegada a Liga de Quito, Gabriel Villamil se ha ganado un puesto en el once titular y ha demostrado ser un jugador clave en el esquema del entrenador. Su visi\u00f3n de juego, su capacidad para distribuir el bal\u00f3n y su llegada al \u00e1rea rival lo han convertido en una pieza fundamental del equipo.<\/p>\n<p>La consagraci\u00f3n de Villamil lleg\u00f3 en la final de ida de la Liga Pro ante Independiente del Valle. El volante boliviano anot\u00f3 un golazo que contribuy\u00f3 a la goleada 3-0 de Liga de Quito. Su tanto no solo fue importante por el resultado, sino tambi\u00e9n porque demostr\u00f3 su capacidad para definir en momentos clave.<\/p>\n<p>Ante el brillante desempe\u00f1o de Villamil, la directiva de Liga de Quito ha decidido ejercer la opci\u00f3n de compra que ten\u00edan pactada con el club due\u00f1o de sus derechos deportivos. Seg\u00fan fuentes cercanas al club, las negociaciones est\u00e1n muy avanzadas y se espera que en los pr\u00f3ximos d\u00edas se pueda anunciar de manera oficial la contrataci\u00f3n definitiva del jugador boliviano.<\/p>\n<p>La contrataci\u00f3n de Gabriel Villamil es un fichaje estrat\u00e9gico para Liga de Quito. El volante boliviano tiene todas las condiciones para convertirse en uno de los referentes del equipo en los pr\u00f3ximos a\u00f1os. Su llegada fortalecer\u00e1 el mediocampo albo y le dar\u00e1 m\u00e1s opciones al entrenador para armar su equipo.<\/p>\n<p><strong>(EL MUNDO)<\/strong><\/p>\n","protected":false},"excerpt":{"rendered":"<p>Tras la goleada por 3 a 0 sobre Independiente del Valle, con gol incluido, en Ecuador ya se habla de la compra del pase del volante mixto boliviano Gabriel Villamil. El jugador fue cedido a pr\u00e9stamo por Bol\u00edvar, con opci\u00f3n a compra que podr\u00eda ser utilizada. La directiva de Liga de Quito estar\u00eda encaminada para [&hellip;]<\/p>\n","protected":false},"author":1,"featured_media":267005,"comment_status":"closed","ping_status":"open","sticky":false,"template":"","format":"standard","meta":{"_acf_changed":false,"footnotes":""},"categories":[6],"tags":[],"class_list":["post-267004","post","type-post","status-publish","format-standard","has-post-thumbnail","category-deportes"],"acf":{"antetitulo":""},"yoast_head":"<!-- This site is optimized with the Yoast SEO plugin v28.4 - https:\/\/yoast.com\/product\/yoast-seo-wordpress\/ -->\n<title>Liga Deportiva de Quito pretende comprar el pase de Gabriel Villamil - El Diario - Bolivia<\/title>\n<meta name=\"robots\" content=\"index, follow, max-snippet:-1, max-image-preview:large, max-video-preview:-1\" \/>\n<link rel=\"canonical\" href=\"https:\/\/www.eldiario.net\/portal\/2024\/12\/10\/liga-deportiva-de-quito-pretende-comprar-el-pase-de-gabriel-villamil\/\" \/>\n<meta property=\"og:locale\" content=\"es_ES\" \/>\n<meta property=\"og:type\" content=\"article\" \/>\n<meta property=\"og:title\" content=\"Liga Deportiva de Quito pretende comprar el pase de Gabriel Villamil - El Diario - Bolivia\" \/>\n<meta property=\"og:description\" content=\"Tras la goleada por 3 a 0 sobre Independiente del Valle, con gol incluido, en Ecuador ya se habla de la compra del pase del volante mixto boliviano Gabriel Villamil. El jugador fue cedido a pr\u00e9stamo por Bol\u00edvar, con opci\u00f3n a compra que podr\u00eda ser utilizada. La directiva de Liga de Quito estar\u00eda encaminada para [&hellip;]\" \/>\n<meta property=\"og:url\" content=\"https:\/\/www.eldiario.net\/portal\/2024\/12\/10\/liga-deportiva-de-quito-pretende-comprar-el-pase-de-gabriel-villamil\/\" \/>\n<meta property=\"og:site_name\" content=\"El Diario - Bolivia\" \/>\n<meta property=\"article:publisher\" content=\"https:\/\/www.facebook.com\/eldiario.bolivia\/\" \/>\n<meta property=\"article:published_time\" content=\"2024-12-10T10:09:46+00:00\" \/>\n<meta property=\"og:image\" content=\"https:\/\/www.eldiario.net\/portal\/wp-content\/uploads\/2024\/12\/Villamil-09.jpg\" \/>\n\t<meta property=\"og:image:width\" content=\"720\" \/>\n\t<meta property=\"og:image:height\" content=\"442\" \/>\n\t<meta property=\"og:image:type\" content=\"image\/jpeg\" \/>\n<meta name=\"author\" content=\"Jeanette\" \/>\n<meta name=\"twitter:card\" content=\"summary_large_image\" \/>\n<meta name=\"twitter:creator\" content=\"@eldiario_net\" \/>\n<meta name=\"twitter:site\" content=\"@eldiario_net\" \/>\n<meta name=\"twitter:label1\" content=\"Escrito por\" \/>\n\t<meta name=\"twitter:data1\" content=\"Jeanette\" \/>\n\t<meta name=\"twitter:label2\" content=\"Tiempo de lectura\" \/>\n\t<meta name=\"twitter:data2\" content=\"2 minutos\" \/>\n<script type=\"application\/ld+json\" class=\"yoast-schema-graph\">{\"@context\":\"https:\\\/\\\/schema.org\",\"@graph\":[{\"@type\":\"Article\",\"@id\":\"https:\\\/\\\/www.eldiario.net\\\/portal\\\/2024\\\/12\\\/10\\\/liga-deportiva-de-quito-pretende-comprar-el-pase-de-gabriel-villamil\\\/#article\",\"isPartOf\":{\"@id\":\"https:\\\/\\\/www.eldiario.net\\\/portal\\\/2024\\\/12\\\/10\\\/liga-deportiva-de-quito-pretende-comprar-el-pase-de-gabriel-villamil\\\/\"},\"author\":{\"name\":\"Jeanette\",\"@id\":\"https:\\\/\\\/www.eldiario.net\\\/portal\\\/#\\\/schema\\\/person\\\/2c57cf2b7a7ae032e449e4c9b1019eac\"},\"headline\":\"Liga Deportiva de Quito pretende comprar el pase de Gabriel Villamil\",\"datePublished\":\"2024-12-10T10:09:46+00:00\",\"mainEntityOfPage\":{\"@id\":\"https:\\\/\\\/www.eldiario.net\\\/portal\\\/2024\\\/12\\\/10\\\/liga-deportiva-de-quito-pretende-comprar-el-pase-de-gabriel-villamil\\\/\"},\"wordCount\":427,\"publisher\":{\"@id\":\"https:\\\/\\\/www.eldiario.net\\\/portal\\\/#organization\"},\"image\":{\"@id\":\"https:\\\/\\\/www.eldiario.net\\\/portal\\\/2024\\\/12\\\/10\\\/liga-deportiva-de-quito-pretende-comprar-el-pase-de-gabriel-villamil\\\/#primaryimage\"},\"thumbnailUrl\":\"https:\\\/\\\/www.eldiario.net\\\/portal\\\/wp-content\\\/uploads\\\/2024\\\/12\\\/Villamil-09.jpg\",\"articleSection\":[\"Deportes\"],\"inLanguage\":\"es\"},{\"@type\":\"WebPage\",\"@id\":\"https:\\\/\\\/www.eldiario.net\\\/portal\\\/2024\\\/12\\\/10\\\/liga-deportiva-de-quito-pretende-comprar-el-pase-de-gabriel-villamil\\\/\",\"url\":\"https:\\\/\\\/www.eldiario.net\\\/portal\\\/2024\\\/12\\\/10\\\/liga-deportiva-de-quito-pretende-comprar-el-pase-de-gabriel-villamil\\\/\",\"name\":\"Liga Deportiva de Quito pretende comprar el pase de Gabriel Villamil - El Diario - Bolivia\",\"isPartOf\":{\"@id\":\"https:\\\/\\\/www.eldiario.net\\\/portal\\\/#website\"},\"primaryImageOfPage\":{\"@id\":\"https:\\\/\\\/www.eldiario.net\\\/portal\\\/2024\\\/12\\\/10\\\/liga-deportiva-de-quito-pretende-comprar-el-pase-de-gabriel-villamil\\\/#primaryimage\"},\"image\":{\"@id\":\"https:\\\/\\\/www.eldiario.net\\\/portal\\\/2024\\\/12\\\/10\\\/liga-deportiva-de-quito-pretende-comprar-el-pase-de-gabriel-villamil\\\/#primaryimage\"},\"thumbnailUrl\":\"https:\\\/\\\/www.eldiario.net\\\/portal\\\/wp-content\\\/uploads\\\/2024\\\/12\\\/Villamil-09.jpg\",\"datePublished\":\"2024-12-10T10:09:46+00:00\",\"breadcrumb\":{\"@id\":\"https:\\\/\\\/www.eldiario.net\\\/portal\\\/2024\\\/12\\\/10\\\/liga-deportiva-de-quito-pretende-comprar-el-pase-de-gabriel-villamil\\\/#breadcrumb\"},\"inLanguage\":\"es\",\"potentialAction\":[{\"@type\":\"ReadAction\",\"target\":[\"https:\\\/\\\/www.eldiario.net\\\/portal\\\/2024\\\/12\\\/10\\\/liga-deportiva-de-quito-pretende-comprar-el-pase-de-gabriel-villamil\\\/\"]}]},{\"@type\":\"ImageObject\",\"inLanguage\":\"es\",\"@id\":\"https:\\\/\\\/www.eldiario.net\\\/portal\\\/2024\\\/12\\\/10\\\/liga-deportiva-de-quito-pretende-comprar-el-pase-de-gabriel-villamil\\\/#primaryimage\",\"url\":\"https:\\\/\\\/www.eldiario.net\\\/portal\\\/wp-content\\\/uploads\\\/2024\\\/12\\\/Villamil-09.jpg\",\"contentUrl\":\"https:\\\/\\\/www.eldiario.net\\\/portal\\\/wp-content\\\/uploads\\\/2024\\\/12\\\/Villamil-09.jpg\",\"width\":720,\"height\":442},{\"@type\":\"BreadcrumbList\",\"@id\":\"https:\\\/\\\/www.eldiario.net\\\/portal\\\/2024\\\/12\\\/10\\\/liga-deportiva-de-quito-pretende-comprar-el-pase-de-gabriel-villamil\\\/#breadcrumb\",\"itemListElement\":[{\"@type\":\"ListItem\",\"position\":1,\"name\":\"Portada\",\"item\":\"https:\\\/\\\/www.eldiario.net\\\/portal\\\/\"},{\"@type\":\"ListItem\",\"position\":2,\"name\":\"Liga Deportiva de Quito pretende comprar el pase de Gabriel Villamil\"}]},{\"@type\":\"WebSite\",\"@id\":\"https:\\\/\\\/www.eldiario.net\\\/portal\\\/#website\",\"url\":\"https:\\\/\\\/www.eldiario.net\\\/portal\\\/\",\"name\":\"El Diario - Decano de la prensa nacional\",\"description\":\"El Diario - Decano de la prensa nacional\",\"publisher\":{\"@id\":\"https:\\\/\\\/www.eldiario.net\\\/portal\\\/#organization\"},\"potentialAction\":[{\"@type\":\"SearchAction\",\"target\":{\"@type\":\"EntryPoint\",\"urlTemplate\":\"https:\\\/\\\/www.eldiario.net\\\/portal\\\/?s={search_term_string}\"},\"query-input\":{\"@type\":\"PropertyValueSpecification\",\"valueRequired\":true,\"valueName\":\"search_term_string\"}}],\"inLanguage\":\"es\"},{\"@type\":\"Organization\",\"@id\":\"https:\\\/\\\/www.eldiario.net\\\/portal\\\/#organization\",\"name\":\"El Diario - Decano de la prensa nacional\",\"url\":\"https:\\\/\\\/www.eldiario.net\\\/portal\\\/\",\"logo\":{\"@type\":\"ImageObject\",\"inLanguage\":\"es\",\"@id\":\"https:\\\/\\\/www.eldiario.net\\\/portal\\\/#\\\/schema\\\/logo\\\/image\\\/\",\"url\":\"https:\\\/\\\/www.eldiario.net\\\/portal\\\/wp-content\\\/uploads\\\/2023\\\/07\\\/logo_ED.jpg\",\"contentUrl\":\"https:\\\/\\\/www.eldiario.net\\\/portal\\\/wp-content\\\/uploads\\\/2023\\\/07\\\/logo_ED.jpg\",\"width\":272,\"height\":52,\"caption\":\"El Diario - Decano de la prensa nacional\"},\"image\":{\"@id\":\"https:\\\/\\\/www.eldiario.net\\\/portal\\\/#\\\/schema\\\/logo\\\/image\\\/\"},\"sameAs\":[\"https:\\\/\\\/www.facebook.com\\\/eldiario.bolivia\\\/\",\"https:\\\/\\\/x.com\\\/eldiario_net\"]},{\"@type\":\"Person\",\"@id\":\"https:\\\/\\\/www.eldiario.net\\\/portal\\\/#\\\/schema\\\/person\\\/2c57cf2b7a7ae032e449e4c9b1019eac\",\"name\":\"Jeanette\",\"image\":{\"@type\":\"ImageObject\",\"inLanguage\":\"es\",\"@id\":\"https:\\\/\\\/secure.gravatar.com\\\/avatar\\\/3ea2118a5f7dad2b7138b1187a6b7ee55f160b9968b66013c3a3ef39dd7e5798?s=96&d=mm&r=g\",\"url\":\"https:\\\/\\\/secure.gravatar.com\\\/avatar\\\/3ea2118a5f7dad2b7138b1187a6b7ee55f160b9968b66013c3a3ef39dd7e5798?s=96&d=mm&r=g\",\"contentUrl\":\"https:\\\/\\\/secure.gravatar.com\\\/avatar\\\/3ea2118a5f7dad2b7138b1187a6b7ee55f160b9968b66013c3a3ef39dd7e5798?s=96&d=mm&r=g\",\"caption\":\"Jeanette\"},\"sameAs\":[\"https:\\\/\\\/www.eldiario.net\\\/portal\"],\"url\":\"https:\\\/\\\/www.eldiario.net\\\/portal\\\/author\\\/jeanette\\\/\"}]}<\/script>\n<!-- \/ Yoast SEO plugin. -->","yoast_head_json":{"title":"Liga Deportiva de Quito pretende comprar el pase de Gabriel Villamil - El Diario - Bolivia","robots":{"index":"index","follow":"follow","max-snippet":"max-snippet:-1","max-image-preview":"max-image-preview:large","max-video-preview":"max-video-preview:-1"},"canonical":"https:\/\/www.eldiario.net\/portal\/2024\/12\/10\/liga-deportiva-de-quito-pretende-comprar-el-pase-de-gabriel-villamil\/","og_locale":"es_ES","og_type":"article","og_title":"Liga Deportiva de Quito pretende comprar el pase de Gabriel Villamil - El Diario - Bolivia","og_description":"Tras la goleada por 3 a 0 sobre Independiente del Valle, con gol incluido, en Ecuador ya se habla de la compra del pase del volante mixto boliviano Gabriel Villamil. El jugador fue cedido a pr\u00e9stamo por Bol\u00edvar, con opci\u00f3n a compra que podr\u00eda ser utilizada. La directiva de Liga de Quito estar\u00eda encaminada para [&hellip;]","og_url":"https:\/\/www.eldiario.net\/portal\/2024\/12\/10\/liga-deportiva-de-quito-pretende-comprar-el-pase-de-gabriel-villamil\/","og_site_name":"El Diario - Bolivia","article_publisher":"https:\/\/www.facebook.com\/eldiario.bolivia\/","article_published_time":"2024-12-10T10:09:46+00:00","og_image":[{"width":720,"height":442,"url":"https:\/\/www.eldiario.net\/portal\/wp-content\/uploads\/2024\/12\/Villamil-09.jpg","type":"image\/jpeg"}],"author":"Jeanette","twitter_card":"summary_large_image","twitter_creator":"@eldiario_net","twitter_site":"@eldiario_net","twitter_misc":{"Escrito por":"Jeanette","Tiempo de lectura":"2 minutos"},"schema":{"@context":"https:\/\/schema.org","@graph":[{"@type":"Article","@id":"https:\/\/www.eldiario.net\/portal\/2024\/12\/10\/liga-deportiva-de-quito-pretende-comprar-el-pase-de-gabriel-villamil\/#article","isPartOf":{"@id":"https:\/\/www.eldiario.net\/portal\/2024\/12\/10\/liga-deportiva-de-quito-pretende-comprar-el-pase-de-gabriel-villamil\/"},"author":{"name":"Jeanette","@id":"https:\/\/www.eldiario.net\/portal\/#\/schema\/person\/2c57cf2b7a7ae032e449e4c9b1019eac"},"headline":"Liga Deportiva de Quito pretende comprar el pase de Gabriel Villamil","datePublished":"2024-12-10T10:09:46+00:00","mainEntityOfPage":{"@id":"https:\/\/www.eldiario.net\/portal\/2024\/12\/10\/liga-deportiva-de-quito-pretende-comprar-el-pase-de-gabriel-villamil\/"},"wordCount":427,"publisher":{"@id":"https:\/\/www.eldiario.net\/portal\/#organization"},"image":{"@id":"https:\/\/www.eldiario.net\/portal\/2024\/12\/10\/liga-deportiva-de-quito-pretende-comprar-el-pase-de-gabriel-villamil\/#primaryimage"},"thumbnailUrl":"https:\/\/www.eldiario.net\/portal\/wp-content\/uploads\/2024\/12\/Villamil-09.jpg","articleSection":["Deportes"],"inLanguage":"es"},{"@type":"WebPage","@id":"https:\/\/www.eldiario.net\/portal\/2024\/12\/10\/liga-deportiva-de-quito-pretende-comprar-el-pase-de-gabriel-villamil\/","url":"https:\/\/www.eldiario.net\/portal\/2024\/12\/10\/liga-deportiva-de-quito-pretende-comprar-el-pase-de-gabriel-villamil\/","name":"Liga Deportiva de Quito pretende comprar el pase de Gabriel Villamil - El Diario - Bolivia","isPartOf":{"@id":"https:\/\/www.eldiario.net\/portal\/#website"},"primaryImageOfPage":{"@id":"https:\/\/www.eldiario.net\/portal\/2024\/12\/10\/liga-deportiva-de-quito-pretende-comprar-el-pase-de-gabriel-villamil\/#primaryimage"},"image":{"@id":"https:\/\/www.eldiario.net\/portal\/2024\/12\/10\/liga-deportiva-de-quito-pretende-comprar-el-pase-de-gabriel-villamil\/#primaryimage"},"thumbnailUrl":"https:\/\/www.eldiario.net\/portal\/wp-content\/uploads\/2024\/12\/Villamil-09.jpg","datePublished":"2024-12-10T10:09:46+00:00","breadcrumb":{"@id":"https:\/\/www.eldiario.net\/portal\/2024\/12\/10\/liga-deportiva-de-quito-pretende-comprar-el-pase-de-gabriel-villamil\/#breadcrumb"},"inLanguage":"es","potentialAction":[{"@type":"ReadAction","target":["https:\/\/www.eldiario.net\/portal\/2024\/12\/10\/liga-deportiva-de-quito-pretende-comprar-el-pase-de-gabriel-villamil\/"]}]},{"@type":"ImageObject","inLanguage":"es","@id":"https:\/\/www.eldiario.net\/portal\/2024\/12\/10\/liga-deportiva-de-quito-pretende-comprar-el-pase-de-gabriel-villamil\/#primaryimage","url":"https:\/\/www.eldiario.net\/portal\/wp-content\/uploads\/2024\/12\/Villamil-09.jpg","contentUrl":"https:\/\/www.eldiario.net\/portal\/wp-content\/uploads\/2024\/12\/Villamil-09.jpg","width":720,"height":442},{"@type":"BreadcrumbList","@id":"https:\/\/www.eldiario.net\/portal\/2024\/12\/10\/liga-deportiva-de-quito-pretende-comprar-el-pase-de-gabriel-villamil\/#breadcrumb","itemListElement":[{"@type":"ListItem","position":1,"name":"Portada","item":"https:\/\/www.eldiario.net\/portal\/"},{"@type":"ListItem","position":2,"name":"Liga Deportiva de Quito pretende comprar el pase de Gabriel Villamil"}]},{"@type":"WebSite","@id":"https:\/\/www.eldiario.net\/portal\/#website","url":"https:\/\/www.eldiario.net\/portal\/","name":"El Diario - Decano de la prensa nacional","description":"El Diario - Decano de la prensa nacional","publisher":{"@id":"https:\/\/www.eldiario.net\/portal\/#organization"},"potentialAction":[{"@type":"SearchAction","target":{"@type":"EntryPoint","urlTemplate":"https:\/\/www.eldiario.net\/portal\/?s={search_term_string}"},"query-input":{"@type":"PropertyValueSpecification","valueRequired":true,"valueName":"search_term_string"}}],"inLanguage":"es"},{"@type":"Organization","@id":"https:\/\/www.eldiario.net\/portal\/#organization","name":"El Diario - Decano de la prensa nacional","url":"https:\/\/www.eldiario.net\/portal\/","logo":{"@type":"ImageObject","inLanguage":"es","@id":"https:\/\/www.eldiario.net\/portal\/#\/schema\/logo\/image\/","url":"https:\/\/www.eldiario.net\/portal\/wp-content\/uploads\/2023\/07\/logo_ED.jpg","contentUrl":"https:\/\/www.eldiario.net\/portal\/wp-content\/uploads\/2023\/07\/logo_ED.jpg","width":272,"height":52,"caption":"El Diario - Decano de la prensa nacional"},"image":{"@id":"https:\/\/www.eldiario.net\/portal\/#\/schema\/logo\/image\/"},"sameAs":["https:\/\/www.facebook.com\/eldiario.bolivia\/","https:\/\/x.com\/eldiario_net"]},{"@type":"Person","@id":"https:\/\/www.eldiario.net\/portal\/#\/schema\/person\/2c57cf2b7a7ae032e449e4c9b1019eac","name":"Jeanette","image":{"@type":"ImageObject","inLanguage":"es","@id":"https:\/\/secure.gravatar.com\/avatar\/3ea2118a5f7dad2b7138b1187a6b7ee55f160b9968b66013c3a3ef39dd7e5798?s=96&d=mm&r=g","url":"https:\/\/secure.gravatar.com\/avatar\/3ea2118a5f7dad2b7138b1187a6b7ee55f160b9968b66013c3a3ef39dd7e5798?s=96&d=mm&r=g","contentUrl":"https:\/\/secure.gravatar.com\/avatar\/3ea2118a5f7dad2b7138b1187a6b7ee55f160b9968b66013c3a3ef39dd7e5798?s=96&d=mm&r=g","caption":"Jeanette"},"sameAs":["https:\/\/www.eldiario.net\/portal"],"url":"https:\/\/www.eldiario.net\/portal\/author\/jeanette\/"}]}},"_links":{"self":[{"href":"https:\/\/www.eldiario.net\/portal\/wp-json\/wp\/v2\/posts\/267004","targetHints":{"allow":["GET"]}}],"collection":[{"href":"https:\/\/www.eldiario.net\/portal\/wp-json\/wp\/v2\/posts"}],"about":[{"href":"https:\/\/www.eldiario.net\/portal\/wp-json\/wp\/v2\/types\/post"}],"author":[{"embeddable":true,"href":"https:\/\/www.eldiario.net\/portal\/wp-json\/wp\/v2\/users\/1"}],"replies":[{"embeddable":true,"href":"https:\/\/www.eldiario.net\/portal\/wp-json\/wp\/v2\/comments?post=267004"}],"version-history":[{"count":1,"href":"https:\/\/www.eldiario.net\/portal\/wp-json\/wp\/v2\/posts\/267004\/revisions"}],"predecessor-version":[{"id":267006,"href":"https:\/\/www.eldiario.net\/portal\/wp-json\/wp\/v2\/posts\/267004\/revisions\/267006"}],"wp:featuredmedia":[{"embeddable":true,"href":"https:\/\/www.eldiario.net\/portal\/wp-json\/wp\/v2\/media\/267005"}],"wp:attachment":[{"href":"https:\/\/www.eldiario.net\/portal\/wp-json\/wp\/v2\/media?parent=267004"}],"wp:term":[{"taxonomy":"category","embeddable":true,"href":"https:\/\/www.eldiario.net\/portal\/wp-json\/wp\/v2\/categories?post=267004"},{"taxonomy":"post_tag","embeddable":true,"href":"https:\/\/www.eldiario.net\/portal\/wp-json\/wp\/v2\/tags?post=267004"}],"curies":[{"name":"wp","href":"https:\/\/api.w.org\/{rel}","templated":true}]}}