{"id":266998,"date":"2024-12-10T06:08:25","date_gmt":"2024-12-10T10:08:25","guid":{"rendered":"https:\/\/www.eldiario.net\/portal\/?p=266998"},"modified":"2024-12-10T06:08:25","modified_gmt":"2024-12-10T10:08:25","slug":"congabol-plantea-una-pausa-en-la-revision-de-la-funcion-social-y-economica","status":"publish","type":"post","link":"https:\/\/www.eldiario.net\/portal\/2024\/12\/10\/congabol-plantea-una-pausa-en-la-revision-de-la-funcion-social-y-economica\/","title":{"rendered":"Congabol plantea una pausa en la  revisi\u00f3n de la Funci\u00f3n Social y Econ\u00f3mica"},"content":{"rendered":"<p>La Confederaci\u00f3n de Ganaderos de Bolivia (Congabol) plante\u00f3 a las diferentes bancadas parlamentarias una pausa en la revisi\u00f3n de la Funci\u00f3n Social (FS) y Funci\u00f3n Econ\u00f3mica Social (FES) en la actual agenda legislativa.<\/p>\n<p>De acuerdo a nota de prensa, Congabol sostuvo una reuni\u00f3n con diferentes bancadas pol\u00edticas, tanto del senado como de diputados, con el expreso fin de advertir sobre el grave riesgo que est\u00e1 pasando el sector agropecuario, a causa de la inseguridad jur\u00eddica provocada por la posible aprobaci\u00f3n de leyes y decretos supremos que atentan contra el sector.<\/p>\n<p>La situaci\u00f3n actual del sector agropecuario es altamente cr\u00edtica por la inseguridad jur\u00eddica del sector que pone en serio riesgo la seguridad alimentaria de cientos de miles de familias bolivianas<\/p>\n<p>Por ello Congabol propone conformaci\u00f3n de mesa t\u00e9cnica de urgencia para tratamiento de un proyecto de ley que revise una pausa a la FS y FES.<\/p>\n<p>\u2060El sector demanda al Gobierno se\u00f1ales fuertes y firmes sobre la seguridad jur\u00eddica que garantice la seguridad alimentaria del pa\u00eds para la tranquilidad de cientos de miles de familias bolivianas, que se ver\u00edan afectadas con una escasez de alimentos.<\/p>\n<p>El presidente de Congabol, Hern\u00e1n Julio Nogales, inform\u00f3 que en la reuni\u00f3n participaron 15 diputados, 2 senadores, representantes de pueblos ind\u00edgenas, la Brigada Parlamentaria del Beni, el Comit\u00e9 C\u00edvico del Beni, la C\u00e1mara Agropecuaria del Oriente (CAO) y representantes del sector agropecuario, e indic\u00f3 que es una prioridad socializar las leyes que beneficien al sector, con normas claras y serias para todos los productores.<\/p>\n<p>Por su parte, desde Santa Cruz, el vicepresidente de Confederaci\u00f3n de ganaderos de Bolivia, Walter Ruiz, enfatiz\u00f3 la importancia de discutir e ingresar un proyecto de ley con urgencia en el plenario para su inmediato tratamiento respectivo para que se garantice la seguridad jur\u00eddica al sector y, por ende, proteja seguridad alimentaria del pa\u00eds.<\/p>\n<p>PIE DE FOTO<br \/>\nrepresentantes del sector productivo, en reuni\u00f3n, en Trinidad. Foto Congabol<\/p>\n<p>&nbsp;<\/p>\n<p>&nbsp;<\/p>\n<p>&nbsp;<\/p>\n<p>&nbsp;<\/p>\n<p>El sector productivo entiende que el sistema productivo debe regirse por normativas y leyes claras, sin tintes pol\u00edticos ni distorsiones de car\u00e1cter ideol\u00f3gico que pongan en serio riesgo la producci\u00f3n y seguridad alimentaria de cientos de miles de familias bolivianas.<\/p>\n<p>Esta reuni\u00f3n se mantiene en el transcurso de la tarde del d\u00eda de hoy, donde se realizar\u00e1n conclusiones que se dar\u00e1n a conocer al concluir la misma.<\/p>\n","protected":false},"excerpt":{"rendered":"<p>La Confederaci\u00f3n de Ganaderos de Bolivia (Congabol) plante\u00f3 a las diferentes bancadas parlamentarias una pausa en la revisi\u00f3n de la Funci\u00f3n Social (FS) y Funci\u00f3n Econ\u00f3mica Social (FES) en la actual agenda legislativa. De acuerdo a nota de prensa, Congabol sostuvo una reuni\u00f3n con diferentes bancadas pol\u00edticas, tanto del senado como de diputados, con el [&hellip;]<\/p>\n","protected":false},"author":1,"featured_media":266999,"comment_status":"closed","ping_status":"open","sticky":false,"template":"","format":"standard","meta":{"_acf_changed":false,"footnotes":""},"categories":[7],"tags":[],"class_list":["post-266998","post","type-post","status-publish","format-standard","has-post-thumbnail","category-economia"],"acf":{"antetitulo":""},"yoast_head":"<!-- This site is optimized with the Yoast SEO plugin v28.4 - https:\/\/yoast.com\/product\/yoast-seo-wordpress\/ -->\n<title>Congabol plantea una pausa en la revisi\u00f3n de la Funci\u00f3n Social y Econ\u00f3mica - El Diario - Bolivia<\/title>\n<meta name=\"robots\" content=\"index, follow, max-snippet:-1, max-image-preview:large, max-video-preview:-1\" \/>\n<link rel=\"canonical\" href=\"https:\/\/www.eldiario.net\/portal\/2024\/12\/10\/congabol-plantea-una-pausa-en-la-revision-de-la-funcion-social-y-economica\/\" \/>\n<meta property=\"og:locale\" content=\"es_ES\" \/>\n<meta property=\"og:type\" content=\"article\" \/>\n<meta property=\"og:title\" content=\"Congabol plantea una pausa en la revisi\u00f3n de la Funci\u00f3n Social y Econ\u00f3mica - El Diario - Bolivia\" \/>\n<meta property=\"og:description\" content=\"La Confederaci\u00f3n de Ganaderos de Bolivia (Congabol) plante\u00f3 a las diferentes bancadas parlamentarias una pausa en la revisi\u00f3n de la Funci\u00f3n Social (FS) y Funci\u00f3n Econ\u00f3mica Social (FES) en la actual agenda legislativa. De acuerdo a nota de prensa, Congabol sostuvo una reuni\u00f3n con diferentes bancadas pol\u00edticas, tanto del senado como de diputados, con el [&hellip;]\" \/>\n<meta property=\"og:url\" content=\"https:\/\/www.eldiario.net\/portal\/2024\/12\/10\/congabol-plantea-una-pausa-en-la-revision-de-la-funcion-social-y-economica\/\" \/>\n<meta property=\"og:site_name\" content=\"El Diario - Bolivia\" \/>\n<meta property=\"article:publisher\" content=\"https:\/\/www.facebook.com\/eldiario.bolivia\/\" \/>\n<meta property=\"article:published_time\" content=\"2024-12-10T10:08:25+00:00\" \/>\n<meta property=\"og:image\" content=\"https:\/\/www.eldiario.net\/portal\/wp-content\/uploads\/2024\/12\/CONGA-FOTO.jpg\" \/>\n\t<meta property=\"og:image:width\" content=\"1200\" \/>\n\t<meta property=\"og:image:height\" content=\"675\" \/>\n\t<meta property=\"og:image:type\" content=\"image\/jpeg\" \/>\n<meta name=\"author\" content=\"Jeanette\" \/>\n<meta name=\"twitter:card\" content=\"summary_large_image\" \/>\n<meta name=\"twitter:creator\" content=\"@eldiario_net\" \/>\n<meta name=\"twitter:site\" content=\"@eldiario_net\" \/>\n<meta name=\"twitter:label1\" content=\"Escrito por\" \/>\n\t<meta name=\"twitter:data1\" content=\"Jeanette\" \/>\n\t<meta name=\"twitter:label2\" content=\"Tiempo de lectura\" \/>\n\t<meta name=\"twitter:data2\" content=\"2 minutos\" \/>\n<script type=\"application\/ld+json\" class=\"yoast-schema-graph\">{\"@context\":\"https:\\\/\\\/schema.org\",\"@graph\":[{\"@type\":\"Article\",\"@id\":\"https:\\\/\\\/www.eldiario.net\\\/portal\\\/2024\\\/12\\\/10\\\/congabol-plantea-una-pausa-en-la-revision-de-la-funcion-social-y-economica\\\/#article\",\"isPartOf\":{\"@id\":\"https:\\\/\\\/www.eldiario.net\\\/portal\\\/2024\\\/12\\\/10\\\/congabol-plantea-una-pausa-en-la-revision-de-la-funcion-social-y-economica\\\/\"},\"author\":{\"name\":\"Jeanette\",\"@id\":\"https:\\\/\\\/www.eldiario.net\\\/portal\\\/#\\\/schema\\\/person\\\/2c57cf2b7a7ae032e449e4c9b1019eac\"},\"headline\":\"Congabol plantea una pausa en la revisi\u00f3n de la Funci\u00f3n Social y Econ\u00f3mica\",\"datePublished\":\"2024-12-10T10:08:25+00:00\",\"mainEntityOfPage\":{\"@id\":\"https:\\\/\\\/www.eldiario.net\\\/portal\\\/2024\\\/12\\\/10\\\/congabol-plantea-una-pausa-en-la-revision-de-la-funcion-social-y-economica\\\/\"},\"wordCount\":436,\"publisher\":{\"@id\":\"https:\\\/\\\/www.eldiario.net\\\/portal\\\/#organization\"},\"image\":{\"@id\":\"https:\\\/\\\/www.eldiario.net\\\/portal\\\/2024\\\/12\\\/10\\\/congabol-plantea-una-pausa-en-la-revision-de-la-funcion-social-y-economica\\\/#primaryimage\"},\"thumbnailUrl\":\"https:\\\/\\\/www.eldiario.net\\\/portal\\\/wp-content\\\/uploads\\\/2024\\\/12\\\/CONGA-FOTO.jpg\",\"articleSection\":[\"Econom\u00eda\"],\"inLanguage\":\"es\"},{\"@type\":\"WebPage\",\"@id\":\"https:\\\/\\\/www.eldiario.net\\\/portal\\\/2024\\\/12\\\/10\\\/congabol-plantea-una-pausa-en-la-revision-de-la-funcion-social-y-economica\\\/\",\"url\":\"https:\\\/\\\/www.eldiario.net\\\/portal\\\/2024\\\/12\\\/10\\\/congabol-plantea-una-pausa-en-la-revision-de-la-funcion-social-y-economica\\\/\",\"name\":\"Congabol plantea una pausa en la revisi\u00f3n de la Funci\u00f3n Social y Econ\u00f3mica - El Diario - Bolivia\",\"isPartOf\":{\"@id\":\"https:\\\/\\\/www.eldiario.net\\\/portal\\\/#website\"},\"primaryImageOfPage\":{\"@id\":\"https:\\\/\\\/www.eldiario.net\\\/portal\\\/2024\\\/12\\\/10\\\/congabol-plantea-una-pausa-en-la-revision-de-la-funcion-social-y-economica\\\/#primaryimage\"},\"image\":{\"@id\":\"https:\\\/\\\/www.eldiario.net\\\/portal\\\/2024\\\/12\\\/10\\\/congabol-plantea-una-pausa-en-la-revision-de-la-funcion-social-y-economica\\\/#primaryimage\"},\"thumbnailUrl\":\"https:\\\/\\\/www.eldiario.net\\\/portal\\\/wp-content\\\/uploads\\\/2024\\\/12\\\/CONGA-FOTO.jpg\",\"datePublished\":\"2024-12-10T10:08:25+00:00\",\"breadcrumb\":{\"@id\":\"https:\\\/\\\/www.eldiario.net\\\/portal\\\/2024\\\/12\\\/10\\\/congabol-plantea-una-pausa-en-la-revision-de-la-funcion-social-y-economica\\\/#breadcrumb\"},\"inLanguage\":\"es\",\"potentialAction\":[{\"@type\":\"ReadAction\",\"target\":[\"https:\\\/\\\/www.eldiario.net\\\/portal\\\/2024\\\/12\\\/10\\\/congabol-plantea-una-pausa-en-la-revision-de-la-funcion-social-y-economica\\\/\"]}]},{\"@type\":\"ImageObject\",\"inLanguage\":\"es\",\"@id\":\"https:\\\/\\\/www.eldiario.net\\\/portal\\\/2024\\\/12\\\/10\\\/congabol-plantea-una-pausa-en-la-revision-de-la-funcion-social-y-economica\\\/#primaryimage\",\"url\":\"https:\\\/\\\/www.eldiario.net\\\/portal\\\/wp-content\\\/uploads\\\/2024\\\/12\\\/CONGA-FOTO.jpg\",\"contentUrl\":\"https:\\\/\\\/www.eldiario.net\\\/portal\\\/wp-content\\\/uploads\\\/2024\\\/12\\\/CONGA-FOTO.jpg\",\"width\":1200,\"height\":675},{\"@type\":\"BreadcrumbList\",\"@id\":\"https:\\\/\\\/www.eldiario.net\\\/portal\\\/2024\\\/12\\\/10\\\/congabol-plantea-una-pausa-en-la-revision-de-la-funcion-social-y-economica\\\/#breadcrumb\",\"itemListElement\":[{\"@type\":\"ListItem\",\"position\":1,\"name\":\"Portada\",\"item\":\"https:\\\/\\\/www.eldiario.net\\\/portal\\\/\"},{\"@type\":\"ListItem\",\"position\":2,\"name\":\"Congabol plantea una pausa en la revisi\u00f3n de la Funci\u00f3n Social y Econ\u00f3mica\"}]},{\"@type\":\"WebSite\",\"@id\":\"https:\\\/\\\/www.eldiario.net\\\/portal\\\/#website\",\"url\":\"https:\\\/\\\/www.eldiario.net\\\/portal\\\/\",\"name\":\"El Diario - Decano de la prensa nacional\",\"description\":\"El Diario - Decano de la prensa nacional\",\"publisher\":{\"@id\":\"https:\\\/\\\/www.eldiario.net\\\/portal\\\/#organization\"},\"potentialAction\":[{\"@type\":\"SearchAction\",\"target\":{\"@type\":\"EntryPoint\",\"urlTemplate\":\"https:\\\/\\\/www.eldiario.net\\\/portal\\\/?s={search_term_string}\"},\"query-input\":{\"@type\":\"PropertyValueSpecification\",\"valueRequired\":true,\"valueName\":\"search_term_string\"}}],\"inLanguage\":\"es\"},{\"@type\":\"Organization\",\"@id\":\"https:\\\/\\\/www.eldiario.net\\\/portal\\\/#organization\",\"name\":\"El Diario - Decano de la prensa nacional\",\"url\":\"https:\\\/\\\/www.eldiario.net\\\/portal\\\/\",\"logo\":{\"@type\":\"ImageObject\",\"inLanguage\":\"es\",\"@id\":\"https:\\\/\\\/www.eldiario.net\\\/portal\\\/#\\\/schema\\\/logo\\\/image\\\/\",\"url\":\"https:\\\/\\\/www.eldiario.net\\\/portal\\\/wp-content\\\/uploads\\\/2023\\\/07\\\/logo_ED.jpg\",\"contentUrl\":\"https:\\\/\\\/www.eldiario.net\\\/portal\\\/wp-content\\\/uploads\\\/2023\\\/07\\\/logo_ED.jpg\",\"width\":272,\"height\":52,\"caption\":\"El Diario - Decano de la prensa nacional\"},\"image\":{\"@id\":\"https:\\\/\\\/www.eldiario.net\\\/portal\\\/#\\\/schema\\\/logo\\\/image\\\/\"},\"sameAs\":[\"https:\\\/\\\/www.facebook.com\\\/eldiario.bolivia\\\/\",\"https:\\\/\\\/x.com\\\/eldiario_net\"]},{\"@type\":\"Person\",\"@id\":\"https:\\\/\\\/www.eldiario.net\\\/portal\\\/#\\\/schema\\\/person\\\/2c57cf2b7a7ae032e449e4c9b1019eac\",\"name\":\"Jeanette\",\"image\":{\"@type\":\"ImageObject\",\"inLanguage\":\"es\",\"@id\":\"https:\\\/\\\/secure.gravatar.com\\\/avatar\\\/3ea2118a5f7dad2b7138b1187a6b7ee55f160b9968b66013c3a3ef39dd7e5798?s=96&d=mm&r=g\",\"url\":\"https:\\\/\\\/secure.gravatar.com\\\/avatar\\\/3ea2118a5f7dad2b7138b1187a6b7ee55f160b9968b66013c3a3ef39dd7e5798?s=96&d=mm&r=g\",\"contentUrl\":\"https:\\\/\\\/secure.gravatar.com\\\/avatar\\\/3ea2118a5f7dad2b7138b1187a6b7ee55f160b9968b66013c3a3ef39dd7e5798?s=96&d=mm&r=g\",\"caption\":\"Jeanette\"},\"sameAs\":[\"https:\\\/\\\/www.eldiario.net\\\/portal\"],\"url\":\"https:\\\/\\\/www.eldiario.net\\\/portal\\\/author\\\/jeanette\\\/\"}]}<\/script>\n<!-- \/ Yoast SEO plugin. -->","yoast_head_json":{"title":"Congabol plantea una pausa en la revisi\u00f3n de la Funci\u00f3n Social y Econ\u00f3mica - El Diario - Bolivia","robots":{"index":"index","follow":"follow","max-snippet":"max-snippet:-1","max-image-preview":"max-image-preview:large","max-video-preview":"max-video-preview:-1"},"canonical":"https:\/\/www.eldiario.net\/portal\/2024\/12\/10\/congabol-plantea-una-pausa-en-la-revision-de-la-funcion-social-y-economica\/","og_locale":"es_ES","og_type":"article","og_title":"Congabol plantea una pausa en la revisi\u00f3n de la Funci\u00f3n Social y Econ\u00f3mica - El Diario - Bolivia","og_description":"La Confederaci\u00f3n de Ganaderos de Bolivia (Congabol) plante\u00f3 a las diferentes bancadas parlamentarias una pausa en la revisi\u00f3n de la Funci\u00f3n Social (FS) y Funci\u00f3n Econ\u00f3mica Social (FES) en la actual agenda legislativa. De acuerdo a nota de prensa, Congabol sostuvo una reuni\u00f3n con diferentes bancadas pol\u00edticas, tanto del senado como de diputados, con el [&hellip;]","og_url":"https:\/\/www.eldiario.net\/portal\/2024\/12\/10\/congabol-plantea-una-pausa-en-la-revision-de-la-funcion-social-y-economica\/","og_site_name":"El Diario - Bolivia","article_publisher":"https:\/\/www.facebook.com\/eldiario.bolivia\/","article_published_time":"2024-12-10T10:08:25+00:00","og_image":[{"width":1200,"height":675,"url":"https:\/\/www.eldiario.net\/portal\/wp-content\/uploads\/2024\/12\/CONGA-FOTO.jpg","type":"image\/jpeg"}],"author":"Jeanette","twitter_card":"summary_large_image","twitter_creator":"@eldiario_net","twitter_site":"@eldiario_net","twitter_misc":{"Escrito por":"Jeanette","Tiempo de lectura":"2 minutos"},"schema":{"@context":"https:\/\/schema.org","@graph":[{"@type":"Article","@id":"https:\/\/www.eldiario.net\/portal\/2024\/12\/10\/congabol-plantea-una-pausa-en-la-revision-de-la-funcion-social-y-economica\/#article","isPartOf":{"@id":"https:\/\/www.eldiario.net\/portal\/2024\/12\/10\/congabol-plantea-una-pausa-en-la-revision-de-la-funcion-social-y-economica\/"},"author":{"name":"Jeanette","@id":"https:\/\/www.eldiario.net\/portal\/#\/schema\/person\/2c57cf2b7a7ae032e449e4c9b1019eac"},"headline":"Congabol plantea una pausa en la revisi\u00f3n de la Funci\u00f3n Social y Econ\u00f3mica","datePublished":"2024-12-10T10:08:25+00:00","mainEntityOfPage":{"@id":"https:\/\/www.eldiario.net\/portal\/2024\/12\/10\/congabol-plantea-una-pausa-en-la-revision-de-la-funcion-social-y-economica\/"},"wordCount":436,"publisher":{"@id":"https:\/\/www.eldiario.net\/portal\/#organization"},"image":{"@id":"https:\/\/www.eldiario.net\/portal\/2024\/12\/10\/congabol-plantea-una-pausa-en-la-revision-de-la-funcion-social-y-economica\/#primaryimage"},"thumbnailUrl":"https:\/\/www.eldiario.net\/portal\/wp-content\/uploads\/2024\/12\/CONGA-FOTO.jpg","articleSection":["Econom\u00eda"],"inLanguage":"es"},{"@type":"WebPage","@id":"https:\/\/www.eldiario.net\/portal\/2024\/12\/10\/congabol-plantea-una-pausa-en-la-revision-de-la-funcion-social-y-economica\/","url":"https:\/\/www.eldiario.net\/portal\/2024\/12\/10\/congabol-plantea-una-pausa-en-la-revision-de-la-funcion-social-y-economica\/","name":"Congabol plantea una pausa en la revisi\u00f3n de la Funci\u00f3n Social y Econ\u00f3mica - El Diario - Bolivia","isPartOf":{"@id":"https:\/\/www.eldiario.net\/portal\/#website"},"primaryImageOfPage":{"@id":"https:\/\/www.eldiario.net\/portal\/2024\/12\/10\/congabol-plantea-una-pausa-en-la-revision-de-la-funcion-social-y-economica\/#primaryimage"},"image":{"@id":"https:\/\/www.eldiario.net\/portal\/2024\/12\/10\/congabol-plantea-una-pausa-en-la-revision-de-la-funcion-social-y-economica\/#primaryimage"},"thumbnailUrl":"https:\/\/www.eldiario.net\/portal\/wp-content\/uploads\/2024\/12\/CONGA-FOTO.jpg","datePublished":"2024-12-10T10:08:25+00:00","breadcrumb":{"@id":"https:\/\/www.eldiario.net\/portal\/2024\/12\/10\/congabol-plantea-una-pausa-en-la-revision-de-la-funcion-social-y-economica\/#breadcrumb"},"inLanguage":"es","potentialAction":[{"@type":"ReadAction","target":["https:\/\/www.eldiario.net\/portal\/2024\/12\/10\/congabol-plantea-una-pausa-en-la-revision-de-la-funcion-social-y-economica\/"]}]},{"@type":"ImageObject","inLanguage":"es","@id":"https:\/\/www.eldiario.net\/portal\/2024\/12\/10\/congabol-plantea-una-pausa-en-la-revision-de-la-funcion-social-y-economica\/#primaryimage","url":"https:\/\/www.eldiario.net\/portal\/wp-content\/uploads\/2024\/12\/CONGA-FOTO.jpg","contentUrl":"https:\/\/www.eldiario.net\/portal\/wp-content\/uploads\/2024\/12\/CONGA-FOTO.jpg","width":1200,"height":675},{"@type":"BreadcrumbList","@id":"https:\/\/www.eldiario.net\/portal\/2024\/12\/10\/congabol-plantea-una-pausa-en-la-revision-de-la-funcion-social-y-economica\/#breadcrumb","itemListElement":[{"@type":"ListItem","position":1,"name":"Portada","item":"https:\/\/www.eldiario.net\/portal\/"},{"@type":"ListItem","position":2,"name":"Congabol plantea una pausa en la revisi\u00f3n de la Funci\u00f3n Social y Econ\u00f3mica"}]},{"@type":"WebSite","@id":"https:\/\/www.eldiario.net\/portal\/#website","url":"https:\/\/www.eldiario.net\/portal\/","name":"El Diario - Decano de la prensa nacional","description":"El Diario - Decano de la prensa nacional","publisher":{"@id":"https:\/\/www.eldiario.net\/portal\/#organization"},"potentialAction":[{"@type":"SearchAction","target":{"@type":"EntryPoint","urlTemplate":"https:\/\/www.eldiario.net\/portal\/?s={search_term_string}"},"query-input":{"@type":"PropertyValueSpecification","valueRequired":true,"valueName":"search_term_string"}}],"inLanguage":"es"},{"@type":"Organization","@id":"https:\/\/www.eldiario.net\/portal\/#organization","name":"El Diario - Decano de la prensa nacional","url":"https:\/\/www.eldiario.net\/portal\/","logo":{"@type":"ImageObject","inLanguage":"es","@id":"https:\/\/www.eldiario.net\/portal\/#\/schema\/logo\/image\/","url":"https:\/\/www.eldiario.net\/portal\/wp-content\/uploads\/2023\/07\/logo_ED.jpg","contentUrl":"https:\/\/www.eldiario.net\/portal\/wp-content\/uploads\/2023\/07\/logo_ED.jpg","width":272,"height":52,"caption":"El Diario - Decano de la prensa nacional"},"image":{"@id":"https:\/\/www.eldiario.net\/portal\/#\/schema\/logo\/image\/"},"sameAs":["https:\/\/www.facebook.com\/eldiario.bolivia\/","https:\/\/x.com\/eldiario_net"]},{"@type":"Person","@id":"https:\/\/www.eldiario.net\/portal\/#\/schema\/person\/2c57cf2b7a7ae032e449e4c9b1019eac","name":"Jeanette","image":{"@type":"ImageObject","inLanguage":"es","@id":"https:\/\/secure.gravatar.com\/avatar\/3ea2118a5f7dad2b7138b1187a6b7ee55f160b9968b66013c3a3ef39dd7e5798?s=96&d=mm&r=g","url":"https:\/\/secure.gravatar.com\/avatar\/3ea2118a5f7dad2b7138b1187a6b7ee55f160b9968b66013c3a3ef39dd7e5798?s=96&d=mm&r=g","contentUrl":"https:\/\/secure.gravatar.com\/avatar\/3ea2118a5f7dad2b7138b1187a6b7ee55f160b9968b66013c3a3ef39dd7e5798?s=96&d=mm&r=g","caption":"Jeanette"},"sameAs":["https:\/\/www.eldiario.net\/portal"],"url":"https:\/\/www.eldiario.net\/portal\/author\/jeanette\/"}]}},"_links":{"self":[{"href":"https:\/\/www.eldiario.net\/portal\/wp-json\/wp\/v2\/posts\/266998","targetHints":{"allow":["GET"]}}],"collection":[{"href":"https:\/\/www.eldiario.net\/portal\/wp-json\/wp\/v2\/posts"}],"about":[{"href":"https:\/\/www.eldiario.net\/portal\/wp-json\/wp\/v2\/types\/post"}],"author":[{"embeddable":true,"href":"https:\/\/www.eldiario.net\/portal\/wp-json\/wp\/v2\/users\/1"}],"replies":[{"embeddable":true,"href":"https:\/\/www.eldiario.net\/portal\/wp-json\/wp\/v2\/comments?post=266998"}],"version-history":[{"count":1,"href":"https:\/\/www.eldiario.net\/portal\/wp-json\/wp\/v2\/posts\/266998\/revisions"}],"predecessor-version":[{"id":267000,"href":"https:\/\/www.eldiario.net\/portal\/wp-json\/wp\/v2\/posts\/266998\/revisions\/267000"}],"wp:featuredmedia":[{"embeddable":true,"href":"https:\/\/www.eldiario.net\/portal\/wp-json\/wp\/v2\/media\/266999"}],"wp:attachment":[{"href":"https:\/\/www.eldiario.net\/portal\/wp-json\/wp\/v2\/media?parent=266998"}],"wp:term":[{"taxonomy":"category","embeddable":true,"href":"https:\/\/www.eldiario.net\/portal\/wp-json\/wp\/v2\/categories?post=266998"},{"taxonomy":"post_tag","embeddable":true,"href":"https:\/\/www.eldiario.net\/portal\/wp-json\/wp\/v2\/tags?post=266998"}],"curies":[{"name":"wp","href":"https:\/\/api.w.org\/{rel}","templated":true}]}}