{"id":266031,"date":"2024-12-06T06:04:14","date_gmt":"2024-12-06T10:04:14","guid":{"rendered":"https:\/\/www.eldiario.net\/portal\/?p=266031"},"modified":"2024-12-06T06:04:14","modified_gmt":"2024-12-06T10:04:14","slug":"mercosur-iniciara-acuerdos-con-ue-sobre-libre-comercio","status":"publish","type":"post","link":"https:\/\/www.eldiario.net\/portal\/2024\/12\/06\/mercosur-iniciara-acuerdos-con-ue-sobre-libre-comercio\/","title":{"rendered":"Mercosur iniciar\u00e1 acuerdos  con UE sobre libre comercio"},"content":{"rendered":"<p class=\"v1MsoNormal\">El Mercado Com\u00fan del Sur (Mercosur) lleg\u00f3 a un acuerdo ayer para cerrar el tratado de libre comercio con la Uni\u00f3n Europea, a la espera de que los presidentes de los cuatro pa\u00edses terminen de confirmar el texto.<\/p>\n<p class=\"v1MsoNormal\">As\u00ed lo asegur\u00f3 ayer el ministro de Relaciones Exteriores de Uruguay, Omar Paganini, a la salida de la reuni\u00f3n con sus hom\u00f3logos del Mercosur en la LXV Reuni\u00f3n Ordinaria del Consejo del Mercado Com\u00fan, que se celebra desde ayer y hasta hoy en Montevideo (Uruguay).<\/p>\n<p class=\"v1MsoNormal\">Seg\u00fan afirm\u00f3, se logr\u00f3 un acuerdo tras negociar directamente con el comisario de Comercio de la Uni\u00f3n Europea, Maros Sefcovic, quien acudi\u00f3 junto a la presidenta de la Comisi\u00f3n Europea, Ursula Von der Leyen, a Montevideo.<\/p>\n<p class=\"v1MsoNormal\">La presencia de Von der Leyen, seg\u00fan Paganini, muestra \u00abel \u00e9xito de la negociaci\u00f3n\u00bb y el apoyo de Bruselas en la etapa final que se dar\u00e1 este pr\u00f3ximo viernes.<\/p>\n<p class=\"v1MsoNormal\">A la espera de la reuni\u00f3n entre los cuatro presidentes de los pa\u00edses socios del Mercosur, se da la circunstancia de que los cuatro se habr\u00edan pronunciado a favor, incluido el presidente de Argentina, Javier Milei, cuya posici\u00f3n en materia comercial difiere de la del resto.<\/p>\n<p class=\"v1MsoNormal\">La firma del acuerdo no se dar\u00e1 hoy, porque se requieren ciertos procesos formales y traducciones, pero una vez que se re\u00fanan los cuatro mandatarios se conocer\u00e1n m\u00e1s detalles del acuerdo.<\/p>\n<p class=\"v1MsoNormal\">Con todo, Paganini explic\u00f3 que se incluyeron en las negociaciones los puntos de conflicto que quedaron pendientes en 2019 y que ahora est\u00e1n ya cerrados. \u00abSe incluyen todos los temas\u00bb, expres\u00f3 al t\u00e9rmino de la primera jornada de la cumbre.<\/p>\n<p class=\"v1MsoNormal\">\n<p class=\"v1MsoNormal\"><b>POSICI\u00d3N DE FRANCIA<\/b><\/p>\n<p class=\"v1MsoNormal\">El presidente de Francia, Emmanuel Macron, traslad\u00f3 ayer a la jefa de la Comisi\u00f3n Europea, Ursula Von der Leyen, que el potencial acuerdo comercial entre la UE y Mercosur es \u00abinaceptable\u00bb en su estado actual, pocas horas antes del inicio de una cumbre clave en Montevideo.<\/p>\n<p class=\"v1MsoNormal\">\u00abSeguiremos defendiendo sin descanso nuestra soberan\u00eda agr\u00edcola\u00bb, subray\u00f3 el El\u00edseo, que revel\u00f3 la llamada entre Macron y Von der Leyen una vez se confirm\u00f3 la llegada de esta \u00faltima a la capital uruguaya.<\/p>\n<p class=\"v1MsoNormal\">Sin embargo, desde el Mercosur respondieron que los mecanismos de aprobaci\u00f3n impiden a Francia bloquear este acuerdo desde el punto de vista formal.(EP)<\/p>\n","protected":false},"excerpt":{"rendered":"<p>El Mercado Com\u00fan del Sur (Mercosur) lleg\u00f3 a un acuerdo ayer para cerrar el tratado de libre comercio con la Uni\u00f3n Europea, a la espera de que los presidentes de los cuatro pa\u00edses terminen de confirmar el texto. As\u00ed lo asegur\u00f3 ayer el ministro de Relaciones Exteriores de Uruguay, Omar Paganini, a la salida de [&hellip;]<\/p>\n","protected":false},"author":1,"featured_media":266032,"comment_status":"closed","ping_status":"open","sticky":false,"template":"","format":"standard","meta":{"_acf_changed":false,"footnotes":""},"categories":[3],"tags":[],"class_list":["post-266031","post","type-post","status-publish","format-standard","has-post-thumbnail","category-internacional"],"acf":{"antetitulo":"Uruguay"},"yoast_head":"<!-- This site is optimized with the Yoast SEO plugin v28.4 - https:\/\/yoast.com\/product\/yoast-seo-wordpress\/ -->\n<title>Mercosur iniciar\u00e1 acuerdos con UE sobre libre comercio - El Diario - Bolivia<\/title>\n<meta name=\"robots\" content=\"index, follow, max-snippet:-1, max-image-preview:large, max-video-preview:-1\" \/>\n<link rel=\"canonical\" href=\"https:\/\/www.eldiario.net\/portal\/2024\/12\/06\/mercosur-iniciara-acuerdos-con-ue-sobre-libre-comercio\/\" \/>\n<meta property=\"og:locale\" content=\"es_ES\" \/>\n<meta property=\"og:type\" content=\"article\" \/>\n<meta property=\"og:title\" content=\"Mercosur iniciar\u00e1 acuerdos con UE sobre libre comercio - El Diario - Bolivia\" \/>\n<meta property=\"og:description\" content=\"El Mercado Com\u00fan del Sur (Mercosur) lleg\u00f3 a un acuerdo ayer para cerrar el tratado de libre comercio con la Uni\u00f3n Europea, a la espera de que los presidentes de los cuatro pa\u00edses terminen de confirmar el texto. As\u00ed lo asegur\u00f3 ayer el ministro de Relaciones Exteriores de Uruguay, Omar Paganini, a la salida de [&hellip;]\" \/>\n<meta property=\"og:url\" content=\"https:\/\/www.eldiario.net\/portal\/2024\/12\/06\/mercosur-iniciara-acuerdos-con-ue-sobre-libre-comercio\/\" \/>\n<meta property=\"og:site_name\" content=\"El Diario - Bolivia\" \/>\n<meta property=\"article:publisher\" content=\"https:\/\/www.facebook.com\/eldiario.bolivia\/\" \/>\n<meta property=\"article:published_time\" content=\"2024-12-06T10:04:14+00:00\" \/>\n<meta property=\"og:image\" content=\"https:\/\/www.eldiario.net\/portal\/wp-content\/uploads\/2024\/12\/MERCOSUR-El-Economista.jpeg\" \/>\n\t<meta property=\"og:image:width\" content=\"1200\" \/>\n\t<meta property=\"og:image:height\" content=\"675\" \/>\n\t<meta property=\"og:image:type\" content=\"image\/jpeg\" \/>\n<meta name=\"author\" content=\"Jeanette\" \/>\n<meta name=\"twitter:card\" content=\"summary_large_image\" \/>\n<meta name=\"twitter:creator\" content=\"@eldiario_net\" \/>\n<meta name=\"twitter:site\" content=\"@eldiario_net\" \/>\n<meta name=\"twitter:label1\" content=\"Escrito por\" \/>\n\t<meta name=\"twitter:data1\" content=\"Jeanette\" \/>\n\t<meta name=\"twitter:label2\" content=\"Tiempo de lectura\" \/>\n\t<meta name=\"twitter:data2\" content=\"2 minutos\" \/>\n<script type=\"application\/ld+json\" class=\"yoast-schema-graph\">{\"@context\":\"https:\\\/\\\/schema.org\",\"@graph\":[{\"@type\":\"Article\",\"@id\":\"https:\\\/\\\/www.eldiario.net\\\/portal\\\/2024\\\/12\\\/06\\\/mercosur-iniciara-acuerdos-con-ue-sobre-libre-comercio\\\/#article\",\"isPartOf\":{\"@id\":\"https:\\\/\\\/www.eldiario.net\\\/portal\\\/2024\\\/12\\\/06\\\/mercosur-iniciara-acuerdos-con-ue-sobre-libre-comercio\\\/\"},\"author\":{\"name\":\"Jeanette\",\"@id\":\"https:\\\/\\\/www.eldiario.net\\\/portal\\\/#\\\/schema\\\/person\\\/2c57cf2b7a7ae032e449e4c9b1019eac\"},\"headline\":\"Mercosur iniciar\u00e1 acuerdos con UE sobre libre comercio\",\"datePublished\":\"2024-12-06T10:04:14+00:00\",\"mainEntityOfPage\":{\"@id\":\"https:\\\/\\\/www.eldiario.net\\\/portal\\\/2024\\\/12\\\/06\\\/mercosur-iniciara-acuerdos-con-ue-sobre-libre-comercio\\\/\"},\"wordCount\":406,\"publisher\":{\"@id\":\"https:\\\/\\\/www.eldiario.net\\\/portal\\\/#organization\"},\"image\":{\"@id\":\"https:\\\/\\\/www.eldiario.net\\\/portal\\\/2024\\\/12\\\/06\\\/mercosur-iniciara-acuerdos-con-ue-sobre-libre-comercio\\\/#primaryimage\"},\"thumbnailUrl\":\"https:\\\/\\\/www.eldiario.net\\\/portal\\\/wp-content\\\/uploads\\\/2024\\\/12\\\/MERCOSUR-El-Economista.jpeg\",\"articleSection\":[\"Internacional\"],\"inLanguage\":\"es\"},{\"@type\":\"WebPage\",\"@id\":\"https:\\\/\\\/www.eldiario.net\\\/portal\\\/2024\\\/12\\\/06\\\/mercosur-iniciara-acuerdos-con-ue-sobre-libre-comercio\\\/\",\"url\":\"https:\\\/\\\/www.eldiario.net\\\/portal\\\/2024\\\/12\\\/06\\\/mercosur-iniciara-acuerdos-con-ue-sobre-libre-comercio\\\/\",\"name\":\"Mercosur iniciar\u00e1 acuerdos con UE sobre libre comercio - El Diario - Bolivia\",\"isPartOf\":{\"@id\":\"https:\\\/\\\/www.eldiario.net\\\/portal\\\/#website\"},\"primaryImageOfPage\":{\"@id\":\"https:\\\/\\\/www.eldiario.net\\\/portal\\\/2024\\\/12\\\/06\\\/mercosur-iniciara-acuerdos-con-ue-sobre-libre-comercio\\\/#primaryimage\"},\"image\":{\"@id\":\"https:\\\/\\\/www.eldiario.net\\\/portal\\\/2024\\\/12\\\/06\\\/mercosur-iniciara-acuerdos-con-ue-sobre-libre-comercio\\\/#primaryimage\"},\"thumbnailUrl\":\"https:\\\/\\\/www.eldiario.net\\\/portal\\\/wp-content\\\/uploads\\\/2024\\\/12\\\/MERCOSUR-El-Economista.jpeg\",\"datePublished\":\"2024-12-06T10:04:14+00:00\",\"breadcrumb\":{\"@id\":\"https:\\\/\\\/www.eldiario.net\\\/portal\\\/2024\\\/12\\\/06\\\/mercosur-iniciara-acuerdos-con-ue-sobre-libre-comercio\\\/#breadcrumb\"},\"inLanguage\":\"es\",\"potentialAction\":[{\"@type\":\"ReadAction\",\"target\":[\"https:\\\/\\\/www.eldiario.net\\\/portal\\\/2024\\\/12\\\/06\\\/mercosur-iniciara-acuerdos-con-ue-sobre-libre-comercio\\\/\"]}]},{\"@type\":\"ImageObject\",\"inLanguage\":\"es\",\"@id\":\"https:\\\/\\\/www.eldiario.net\\\/portal\\\/2024\\\/12\\\/06\\\/mercosur-iniciara-acuerdos-con-ue-sobre-libre-comercio\\\/#primaryimage\",\"url\":\"https:\\\/\\\/www.eldiario.net\\\/portal\\\/wp-content\\\/uploads\\\/2024\\\/12\\\/MERCOSUR-El-Economista.jpeg\",\"contentUrl\":\"https:\\\/\\\/www.eldiario.net\\\/portal\\\/wp-content\\\/uploads\\\/2024\\\/12\\\/MERCOSUR-El-Economista.jpeg\",\"width\":1200,\"height\":675,\"caption\":\"El Mercosur lleg\u00f3 a un acuerdo para cerrar el tratado de libre comercio con la Uni\u00f3n Europea. CREDITO: El Economista\"},{\"@type\":\"BreadcrumbList\",\"@id\":\"https:\\\/\\\/www.eldiario.net\\\/portal\\\/2024\\\/12\\\/06\\\/mercosur-iniciara-acuerdos-con-ue-sobre-libre-comercio\\\/#breadcrumb\",\"itemListElement\":[{\"@type\":\"ListItem\",\"position\":1,\"name\":\"Portada\",\"item\":\"https:\\\/\\\/www.eldiario.net\\\/portal\\\/\"},{\"@type\":\"ListItem\",\"position\":2,\"name\":\"Mercosur iniciar\u00e1 acuerdos con UE sobre libre comercio\"}]},{\"@type\":\"WebSite\",\"@id\":\"https:\\\/\\\/www.eldiario.net\\\/portal\\\/#website\",\"url\":\"https:\\\/\\\/www.eldiario.net\\\/portal\\\/\",\"name\":\"El Diario - Decano de la prensa nacional\",\"description\":\"El Diario - Decano de la prensa nacional\",\"publisher\":{\"@id\":\"https:\\\/\\\/www.eldiario.net\\\/portal\\\/#organization\"},\"potentialAction\":[{\"@type\":\"SearchAction\",\"target\":{\"@type\":\"EntryPoint\",\"urlTemplate\":\"https:\\\/\\\/www.eldiario.net\\\/portal\\\/?s={search_term_string}\"},\"query-input\":{\"@type\":\"PropertyValueSpecification\",\"valueRequired\":true,\"valueName\":\"search_term_string\"}}],\"inLanguage\":\"es\"},{\"@type\":\"Organization\",\"@id\":\"https:\\\/\\\/www.eldiario.net\\\/portal\\\/#organization\",\"name\":\"El Diario - Decano de la prensa nacional\",\"url\":\"https:\\\/\\\/www.eldiario.net\\\/portal\\\/\",\"logo\":{\"@type\":\"ImageObject\",\"inLanguage\":\"es\",\"@id\":\"https:\\\/\\\/www.eldiario.net\\\/portal\\\/#\\\/schema\\\/logo\\\/image\\\/\",\"url\":\"https:\\\/\\\/www.eldiario.net\\\/portal\\\/wp-content\\\/uploads\\\/2023\\\/07\\\/logo_ED.jpg\",\"contentUrl\":\"https:\\\/\\\/www.eldiario.net\\\/portal\\\/wp-content\\\/uploads\\\/2023\\\/07\\\/logo_ED.jpg\",\"width\":272,\"height\":52,\"caption\":\"El Diario - Decano de la prensa nacional\"},\"image\":{\"@id\":\"https:\\\/\\\/www.eldiario.net\\\/portal\\\/#\\\/schema\\\/logo\\\/image\\\/\"},\"sameAs\":[\"https:\\\/\\\/www.facebook.com\\\/eldiario.bolivia\\\/\",\"https:\\\/\\\/x.com\\\/eldiario_net\"]},{\"@type\":\"Person\",\"@id\":\"https:\\\/\\\/www.eldiario.net\\\/portal\\\/#\\\/schema\\\/person\\\/2c57cf2b7a7ae032e449e4c9b1019eac\",\"name\":\"Jeanette\",\"image\":{\"@type\":\"ImageObject\",\"inLanguage\":\"es\",\"@id\":\"https:\\\/\\\/secure.gravatar.com\\\/avatar\\\/3ea2118a5f7dad2b7138b1187a6b7ee55f160b9968b66013c3a3ef39dd7e5798?s=96&d=mm&r=g\",\"url\":\"https:\\\/\\\/secure.gravatar.com\\\/avatar\\\/3ea2118a5f7dad2b7138b1187a6b7ee55f160b9968b66013c3a3ef39dd7e5798?s=96&d=mm&r=g\",\"contentUrl\":\"https:\\\/\\\/secure.gravatar.com\\\/avatar\\\/3ea2118a5f7dad2b7138b1187a6b7ee55f160b9968b66013c3a3ef39dd7e5798?s=96&d=mm&r=g\",\"caption\":\"Jeanette\"},\"sameAs\":[\"https:\\\/\\\/www.eldiario.net\\\/portal\"],\"url\":\"https:\\\/\\\/www.eldiario.net\\\/portal\\\/author\\\/jeanette\\\/\"}]}<\/script>\n<!-- \/ Yoast SEO plugin. -->","yoast_head_json":{"title":"Mercosur iniciar\u00e1 acuerdos con UE sobre libre comercio - El Diario - Bolivia","robots":{"index":"index","follow":"follow","max-snippet":"max-snippet:-1","max-image-preview":"max-image-preview:large","max-video-preview":"max-video-preview:-1"},"canonical":"https:\/\/www.eldiario.net\/portal\/2024\/12\/06\/mercosur-iniciara-acuerdos-con-ue-sobre-libre-comercio\/","og_locale":"es_ES","og_type":"article","og_title":"Mercosur iniciar\u00e1 acuerdos con UE sobre libre comercio - El Diario - Bolivia","og_description":"El Mercado Com\u00fan del Sur (Mercosur) lleg\u00f3 a un acuerdo ayer para cerrar el tratado de libre comercio con la Uni\u00f3n Europea, a la espera de que los presidentes de los cuatro pa\u00edses terminen de confirmar el texto. As\u00ed lo asegur\u00f3 ayer el ministro de Relaciones Exteriores de Uruguay, Omar Paganini, a la salida de [&hellip;]","og_url":"https:\/\/www.eldiario.net\/portal\/2024\/12\/06\/mercosur-iniciara-acuerdos-con-ue-sobre-libre-comercio\/","og_site_name":"El Diario - Bolivia","article_publisher":"https:\/\/www.facebook.com\/eldiario.bolivia\/","article_published_time":"2024-12-06T10:04:14+00:00","og_image":[{"width":1200,"height":675,"url":"https:\/\/www.eldiario.net\/portal\/wp-content\/uploads\/2024\/12\/MERCOSUR-El-Economista.jpeg","type":"image\/jpeg"}],"author":"Jeanette","twitter_card":"summary_large_image","twitter_creator":"@eldiario_net","twitter_site":"@eldiario_net","twitter_misc":{"Escrito por":"Jeanette","Tiempo de lectura":"2 minutos"},"schema":{"@context":"https:\/\/schema.org","@graph":[{"@type":"Article","@id":"https:\/\/www.eldiario.net\/portal\/2024\/12\/06\/mercosur-iniciara-acuerdos-con-ue-sobre-libre-comercio\/#article","isPartOf":{"@id":"https:\/\/www.eldiario.net\/portal\/2024\/12\/06\/mercosur-iniciara-acuerdos-con-ue-sobre-libre-comercio\/"},"author":{"name":"Jeanette","@id":"https:\/\/www.eldiario.net\/portal\/#\/schema\/person\/2c57cf2b7a7ae032e449e4c9b1019eac"},"headline":"Mercosur iniciar\u00e1 acuerdos con UE sobre libre comercio","datePublished":"2024-12-06T10:04:14+00:00","mainEntityOfPage":{"@id":"https:\/\/www.eldiario.net\/portal\/2024\/12\/06\/mercosur-iniciara-acuerdos-con-ue-sobre-libre-comercio\/"},"wordCount":406,"publisher":{"@id":"https:\/\/www.eldiario.net\/portal\/#organization"},"image":{"@id":"https:\/\/www.eldiario.net\/portal\/2024\/12\/06\/mercosur-iniciara-acuerdos-con-ue-sobre-libre-comercio\/#primaryimage"},"thumbnailUrl":"https:\/\/www.eldiario.net\/portal\/wp-content\/uploads\/2024\/12\/MERCOSUR-El-Economista.jpeg","articleSection":["Internacional"],"inLanguage":"es"},{"@type":"WebPage","@id":"https:\/\/www.eldiario.net\/portal\/2024\/12\/06\/mercosur-iniciara-acuerdos-con-ue-sobre-libre-comercio\/","url":"https:\/\/www.eldiario.net\/portal\/2024\/12\/06\/mercosur-iniciara-acuerdos-con-ue-sobre-libre-comercio\/","name":"Mercosur iniciar\u00e1 acuerdos con UE sobre libre comercio - El Diario - Bolivia","isPartOf":{"@id":"https:\/\/www.eldiario.net\/portal\/#website"},"primaryImageOfPage":{"@id":"https:\/\/www.eldiario.net\/portal\/2024\/12\/06\/mercosur-iniciara-acuerdos-con-ue-sobre-libre-comercio\/#primaryimage"},"image":{"@id":"https:\/\/www.eldiario.net\/portal\/2024\/12\/06\/mercosur-iniciara-acuerdos-con-ue-sobre-libre-comercio\/#primaryimage"},"thumbnailUrl":"https:\/\/www.eldiario.net\/portal\/wp-content\/uploads\/2024\/12\/MERCOSUR-El-Economista.jpeg","datePublished":"2024-12-06T10:04:14+00:00","breadcrumb":{"@id":"https:\/\/www.eldiario.net\/portal\/2024\/12\/06\/mercosur-iniciara-acuerdos-con-ue-sobre-libre-comercio\/#breadcrumb"},"inLanguage":"es","potentialAction":[{"@type":"ReadAction","target":["https:\/\/www.eldiario.net\/portal\/2024\/12\/06\/mercosur-iniciara-acuerdos-con-ue-sobre-libre-comercio\/"]}]},{"@type":"ImageObject","inLanguage":"es","@id":"https:\/\/www.eldiario.net\/portal\/2024\/12\/06\/mercosur-iniciara-acuerdos-con-ue-sobre-libre-comercio\/#primaryimage","url":"https:\/\/www.eldiario.net\/portal\/wp-content\/uploads\/2024\/12\/MERCOSUR-El-Economista.jpeg","contentUrl":"https:\/\/www.eldiario.net\/portal\/wp-content\/uploads\/2024\/12\/MERCOSUR-El-Economista.jpeg","width":1200,"height":675,"caption":"El Mercosur lleg\u00f3 a un acuerdo para cerrar el tratado de libre comercio con la Uni\u00f3n Europea. CREDITO: El Economista"},{"@type":"BreadcrumbList","@id":"https:\/\/www.eldiario.net\/portal\/2024\/12\/06\/mercosur-iniciara-acuerdos-con-ue-sobre-libre-comercio\/#breadcrumb","itemListElement":[{"@type":"ListItem","position":1,"name":"Portada","item":"https:\/\/www.eldiario.net\/portal\/"},{"@type":"ListItem","position":2,"name":"Mercosur iniciar\u00e1 acuerdos con UE sobre libre comercio"}]},{"@type":"WebSite","@id":"https:\/\/www.eldiario.net\/portal\/#website","url":"https:\/\/www.eldiario.net\/portal\/","name":"El Diario - Decano de la prensa nacional","description":"El Diario - Decano de la prensa nacional","publisher":{"@id":"https:\/\/www.eldiario.net\/portal\/#organization"},"potentialAction":[{"@type":"SearchAction","target":{"@type":"EntryPoint","urlTemplate":"https:\/\/www.eldiario.net\/portal\/?s={search_term_string}"},"query-input":{"@type":"PropertyValueSpecification","valueRequired":true,"valueName":"search_term_string"}}],"inLanguage":"es"},{"@type":"Organization","@id":"https:\/\/www.eldiario.net\/portal\/#organization","name":"El Diario - Decano de la prensa nacional","url":"https:\/\/www.eldiario.net\/portal\/","logo":{"@type":"ImageObject","inLanguage":"es","@id":"https:\/\/www.eldiario.net\/portal\/#\/schema\/logo\/image\/","url":"https:\/\/www.eldiario.net\/portal\/wp-content\/uploads\/2023\/07\/logo_ED.jpg","contentUrl":"https:\/\/www.eldiario.net\/portal\/wp-content\/uploads\/2023\/07\/logo_ED.jpg","width":272,"height":52,"caption":"El Diario - Decano de la prensa nacional"},"image":{"@id":"https:\/\/www.eldiario.net\/portal\/#\/schema\/logo\/image\/"},"sameAs":["https:\/\/www.facebook.com\/eldiario.bolivia\/","https:\/\/x.com\/eldiario_net"]},{"@type":"Person","@id":"https:\/\/www.eldiario.net\/portal\/#\/schema\/person\/2c57cf2b7a7ae032e449e4c9b1019eac","name":"Jeanette","image":{"@type":"ImageObject","inLanguage":"es","@id":"https:\/\/secure.gravatar.com\/avatar\/3ea2118a5f7dad2b7138b1187a6b7ee55f160b9968b66013c3a3ef39dd7e5798?s=96&d=mm&r=g","url":"https:\/\/secure.gravatar.com\/avatar\/3ea2118a5f7dad2b7138b1187a6b7ee55f160b9968b66013c3a3ef39dd7e5798?s=96&d=mm&r=g","contentUrl":"https:\/\/secure.gravatar.com\/avatar\/3ea2118a5f7dad2b7138b1187a6b7ee55f160b9968b66013c3a3ef39dd7e5798?s=96&d=mm&r=g","caption":"Jeanette"},"sameAs":["https:\/\/www.eldiario.net\/portal"],"url":"https:\/\/www.eldiario.net\/portal\/author\/jeanette\/"}]}},"_links":{"self":[{"href":"https:\/\/www.eldiario.net\/portal\/wp-json\/wp\/v2\/posts\/266031","targetHints":{"allow":["GET"]}}],"collection":[{"href":"https:\/\/www.eldiario.net\/portal\/wp-json\/wp\/v2\/posts"}],"about":[{"href":"https:\/\/www.eldiario.net\/portal\/wp-json\/wp\/v2\/types\/post"}],"author":[{"embeddable":true,"href":"https:\/\/www.eldiario.net\/portal\/wp-json\/wp\/v2\/users\/1"}],"replies":[{"embeddable":true,"href":"https:\/\/www.eldiario.net\/portal\/wp-json\/wp\/v2\/comments?post=266031"}],"version-history":[{"count":1,"href":"https:\/\/www.eldiario.net\/portal\/wp-json\/wp\/v2\/posts\/266031\/revisions"}],"predecessor-version":[{"id":266033,"href":"https:\/\/www.eldiario.net\/portal\/wp-json\/wp\/v2\/posts\/266031\/revisions\/266033"}],"wp:featuredmedia":[{"embeddable":true,"href":"https:\/\/www.eldiario.net\/portal\/wp-json\/wp\/v2\/media\/266032"}],"wp:attachment":[{"href":"https:\/\/www.eldiario.net\/portal\/wp-json\/wp\/v2\/media?parent=266031"}],"wp:term":[{"taxonomy":"category","embeddable":true,"href":"https:\/\/www.eldiario.net\/portal\/wp-json\/wp\/v2\/categories?post=266031"},{"taxonomy":"post_tag","embeddable":true,"href":"https:\/\/www.eldiario.net\/portal\/wp-json\/wp\/v2\/tags?post=266031"}],"curies":[{"name":"wp","href":"https:\/\/api.w.org\/{rel}","templated":true}]}}