{"id":266028,"date":"2024-12-06T06:03:26","date_gmt":"2024-12-06T10:03:26","guid":{"rendered":"https:\/\/www.eldiario.net\/portal\/?p=266028"},"modified":"2024-12-06T06:03:26","modified_gmt":"2024-12-06T10:03:26","slug":"presidente-de-francia-acepta-dimision-de-michel-barnier","status":"publish","type":"post","link":"https:\/\/www.eldiario.net\/portal\/2024\/12\/06\/presidente-de-francia-acepta-dimision-de-michel-barnier\/","title":{"rendered":"Presidente de Francia acepta  dimisi\u00f3n de Michel Barnier"},"content":{"rendered":"<p class=\"v1MsoNormal\">El presidente de Francia, Emmanuel Macron, acept\u00f3 ayer la dimisi\u00f3n del primer Ministro, Michel Barnier, al que recibi\u00f3 en el El\u00edseo un d\u00eda despu\u00e9s de que la izquierda y la ultraderecha secundasen en la Asamblea Nacional una moci\u00f3n de censura que supuso la ca\u00edda del Gobierno.<\/p>\n<p class=\"v1MsoNormal\">Barnier y el resto de ministros, no obstante, deber\u00e1n permanecer en funciones \u00abhasta la nominaci\u00f3n de un nuevo Gobierno\u00bb, seg\u00fan una escueta nota de la Presidencia gala en la que no se adelanta el posible calendario, si bien la prensa da por hecho que el relevo quedar\u00e1 resuelto en poco tiempo.<\/p>\n<p class=\"v1MsoNormal\">Tras recibir a Barnier a primera hora del d\u00eda, Macron inici\u00f3 una ronda de contactos que incluy\u00f3 citas con los presidentes de la Asamblea Nacional y del Senado. Adem\u00e1s, comi\u00f3 con el centrista Fran\u00e7ois Bayrou, l\u00edder del Movimiento Democr\u00e1tico (Modem) y nombre recurrente en las quinielas para suceder a Barnier, seg\u00fan la cadena BFM TV.<\/p>\n<p class=\"v1MsoNormal\">Otro de los te\u00f3ricos candidatos es el actual ministro de Defensa, S\u00e9bastian Lecornu, un dirigente cercano a Macron. \u00abNo soy candidato a nada\u00bb, sostuvo sin embargo ayer al ser interrogado sobre este tema en la RTL.<\/p>\n<p class=\"v1MsoNormal\">Quien s\u00ed se postul\u00f3 p\u00fablicamente es la excandidata socialista, S\u00e9golene Royal, que se confes\u00f3 \u00abdisponible\u00bb e incluso a escrito al presidente. En este sentido, reclam\u00f3 \u00abun candidato de izquierda, experimentado y capaz de unir\u00bb, requisitos que considera cumplir, como expuso en sus redes sociales.(EP)<\/p>\n","protected":false},"excerpt":{"rendered":"<p>El presidente de Francia, Emmanuel Macron, acept\u00f3 ayer la dimisi\u00f3n del primer Ministro, Michel Barnier, al que recibi\u00f3 en el El\u00edseo un d\u00eda despu\u00e9s de que la izquierda y la ultraderecha secundasen en la Asamblea Nacional una moci\u00f3n de censura que supuso la ca\u00edda del Gobierno. Barnier y el resto de ministros, no obstante, deber\u00e1n [&hellip;]<\/p>\n","protected":false},"author":1,"featured_media":266029,"comment_status":"closed","ping_status":"open","sticky":false,"template":"","format":"standard","meta":{"_acf_changed":false,"footnotes":""},"categories":[3],"tags":[],"class_list":["post-266028","post","type-post","status-publish","format-standard","has-post-thumbnail","category-internacional"],"acf":{"antetitulo":""},"yoast_head":"<!-- This site is optimized with the Yoast SEO plugin v28.4 - https:\/\/yoast.com\/product\/yoast-seo-wordpress\/ -->\n<title>Presidente de Francia acepta dimisi\u00f3n de Michel Barnier - El Diario - Bolivia<\/title>\n<meta name=\"robots\" content=\"index, follow, max-snippet:-1, max-image-preview:large, max-video-preview:-1\" \/>\n<link rel=\"canonical\" href=\"https:\/\/www.eldiario.net\/portal\/2024\/12\/06\/presidente-de-francia-acepta-dimision-de-michel-barnier\/\" \/>\n<meta property=\"og:locale\" content=\"es_ES\" \/>\n<meta property=\"og:type\" content=\"article\" \/>\n<meta property=\"og:title\" content=\"Presidente de Francia acepta dimisi\u00f3n de Michel Barnier - El Diario - Bolivia\" \/>\n<meta property=\"og:description\" content=\"El presidente de Francia, Emmanuel Macron, acept\u00f3 ayer la dimisi\u00f3n del primer Ministro, Michel Barnier, al que recibi\u00f3 en el El\u00edseo un d\u00eda despu\u00e9s de que la izquierda y la ultraderecha secundasen en la Asamblea Nacional una moci\u00f3n de censura que supuso la ca\u00edda del Gobierno. Barnier y el resto de ministros, no obstante, deber\u00e1n [&hellip;]\" \/>\n<meta property=\"og:url\" content=\"https:\/\/www.eldiario.net\/portal\/2024\/12\/06\/presidente-de-francia-acepta-dimision-de-michel-barnier\/\" \/>\n<meta property=\"og:site_name\" content=\"El Diario - Bolivia\" \/>\n<meta property=\"article:publisher\" content=\"https:\/\/www.facebook.com\/eldiario.bolivia\/\" \/>\n<meta property=\"article:published_time\" content=\"2024-12-06T10:03:26+00:00\" \/>\n<meta property=\"og:image\" content=\"https:\/\/www.eldiario.net\/portal\/wp-content\/uploads\/2024\/12\/FRANCIA-France-24.jpg\" \/>\n\t<meta property=\"og:image:width\" content=\"1280\" \/>\n\t<meta property=\"og:image:height\" content=\"720\" \/>\n\t<meta property=\"og:image:type\" content=\"image\/jpeg\" \/>\n<meta name=\"author\" content=\"Jeanette\" \/>\n<meta name=\"twitter:card\" content=\"summary_large_image\" \/>\n<meta name=\"twitter:creator\" content=\"@eldiario_net\" \/>\n<meta name=\"twitter:site\" content=\"@eldiario_net\" \/>\n<meta name=\"twitter:label1\" content=\"Escrito por\" \/>\n\t<meta name=\"twitter:data1\" content=\"Jeanette\" \/>\n\t<meta name=\"twitter:label2\" content=\"Tiempo de lectura\" \/>\n\t<meta name=\"twitter:data2\" content=\"2 minutos\" \/>\n<script type=\"application\/ld+json\" class=\"yoast-schema-graph\">{\"@context\":\"https:\\\/\\\/schema.org\",\"@graph\":[{\"@type\":\"Article\",\"@id\":\"https:\\\/\\\/www.eldiario.net\\\/portal\\\/2024\\\/12\\\/06\\\/presidente-de-francia-acepta-dimision-de-michel-barnier\\\/#article\",\"isPartOf\":{\"@id\":\"https:\\\/\\\/www.eldiario.net\\\/portal\\\/2024\\\/12\\\/06\\\/presidente-de-francia-acepta-dimision-de-michel-barnier\\\/\"},\"author\":{\"name\":\"Jeanette\",\"@id\":\"https:\\\/\\\/www.eldiario.net\\\/portal\\\/#\\\/schema\\\/person\\\/2c57cf2b7a7ae032e449e4c9b1019eac\"},\"headline\":\"Presidente de Francia acepta dimisi\u00f3n de Michel Barnier\",\"datePublished\":\"2024-12-06T10:03:26+00:00\",\"mainEntityOfPage\":{\"@id\":\"https:\\\/\\\/www.eldiario.net\\\/portal\\\/2024\\\/12\\\/06\\\/presidente-de-francia-acepta-dimision-de-michel-barnier\\\/\"},\"wordCount\":261,\"publisher\":{\"@id\":\"https:\\\/\\\/www.eldiario.net\\\/portal\\\/#organization\"},\"image\":{\"@id\":\"https:\\\/\\\/www.eldiario.net\\\/portal\\\/2024\\\/12\\\/06\\\/presidente-de-francia-acepta-dimision-de-michel-barnier\\\/#primaryimage\"},\"thumbnailUrl\":\"https:\\\/\\\/www.eldiario.net\\\/portal\\\/wp-content\\\/uploads\\\/2024\\\/12\\\/FRANCIA-France-24.jpg\",\"articleSection\":[\"Internacional\"],\"inLanguage\":\"es\"},{\"@type\":\"WebPage\",\"@id\":\"https:\\\/\\\/www.eldiario.net\\\/portal\\\/2024\\\/12\\\/06\\\/presidente-de-francia-acepta-dimision-de-michel-barnier\\\/\",\"url\":\"https:\\\/\\\/www.eldiario.net\\\/portal\\\/2024\\\/12\\\/06\\\/presidente-de-francia-acepta-dimision-de-michel-barnier\\\/\",\"name\":\"Presidente de Francia acepta dimisi\u00f3n de Michel Barnier - El Diario - Bolivia\",\"isPartOf\":{\"@id\":\"https:\\\/\\\/www.eldiario.net\\\/portal\\\/#website\"},\"primaryImageOfPage\":{\"@id\":\"https:\\\/\\\/www.eldiario.net\\\/portal\\\/2024\\\/12\\\/06\\\/presidente-de-francia-acepta-dimision-de-michel-barnier\\\/#primaryimage\"},\"image\":{\"@id\":\"https:\\\/\\\/www.eldiario.net\\\/portal\\\/2024\\\/12\\\/06\\\/presidente-de-francia-acepta-dimision-de-michel-barnier\\\/#primaryimage\"},\"thumbnailUrl\":\"https:\\\/\\\/www.eldiario.net\\\/portal\\\/wp-content\\\/uploads\\\/2024\\\/12\\\/FRANCIA-France-24.jpg\",\"datePublished\":\"2024-12-06T10:03:26+00:00\",\"breadcrumb\":{\"@id\":\"https:\\\/\\\/www.eldiario.net\\\/portal\\\/2024\\\/12\\\/06\\\/presidente-de-francia-acepta-dimision-de-michel-barnier\\\/#breadcrumb\"},\"inLanguage\":\"es\",\"potentialAction\":[{\"@type\":\"ReadAction\",\"target\":[\"https:\\\/\\\/www.eldiario.net\\\/portal\\\/2024\\\/12\\\/06\\\/presidente-de-francia-acepta-dimision-de-michel-barnier\\\/\"]}]},{\"@type\":\"ImageObject\",\"inLanguage\":\"es\",\"@id\":\"https:\\\/\\\/www.eldiario.net\\\/portal\\\/2024\\\/12\\\/06\\\/presidente-de-francia-acepta-dimision-de-michel-barnier\\\/#primaryimage\",\"url\":\"https:\\\/\\\/www.eldiario.net\\\/portal\\\/wp-content\\\/uploads\\\/2024\\\/12\\\/FRANCIA-France-24.jpg\",\"contentUrl\":\"https:\\\/\\\/www.eldiario.net\\\/portal\\\/wp-content\\\/uploads\\\/2024\\\/12\\\/FRANCIA-France-24.jpg\",\"width\":1280,\"height\":720,\"caption\":\"La dimisi\u00f3n del primer Ministro, Michel Barnier. CREDITO: France 24\"},{\"@type\":\"BreadcrumbList\",\"@id\":\"https:\\\/\\\/www.eldiario.net\\\/portal\\\/2024\\\/12\\\/06\\\/presidente-de-francia-acepta-dimision-de-michel-barnier\\\/#breadcrumb\",\"itemListElement\":[{\"@type\":\"ListItem\",\"position\":1,\"name\":\"Portada\",\"item\":\"https:\\\/\\\/www.eldiario.net\\\/portal\\\/\"},{\"@type\":\"ListItem\",\"position\":2,\"name\":\"Presidente de Francia acepta dimisi\u00f3n de Michel Barnier\"}]},{\"@type\":\"WebSite\",\"@id\":\"https:\\\/\\\/www.eldiario.net\\\/portal\\\/#website\",\"url\":\"https:\\\/\\\/www.eldiario.net\\\/portal\\\/\",\"name\":\"El Diario - Decano de la prensa nacional\",\"description\":\"El Diario - Decano de la prensa nacional\",\"publisher\":{\"@id\":\"https:\\\/\\\/www.eldiario.net\\\/portal\\\/#organization\"},\"potentialAction\":[{\"@type\":\"SearchAction\",\"target\":{\"@type\":\"EntryPoint\",\"urlTemplate\":\"https:\\\/\\\/www.eldiario.net\\\/portal\\\/?s={search_term_string}\"},\"query-input\":{\"@type\":\"PropertyValueSpecification\",\"valueRequired\":true,\"valueName\":\"search_term_string\"}}],\"inLanguage\":\"es\"},{\"@type\":\"Organization\",\"@id\":\"https:\\\/\\\/www.eldiario.net\\\/portal\\\/#organization\",\"name\":\"El Diario - Decano de la prensa nacional\",\"url\":\"https:\\\/\\\/www.eldiario.net\\\/portal\\\/\",\"logo\":{\"@type\":\"ImageObject\",\"inLanguage\":\"es\",\"@id\":\"https:\\\/\\\/www.eldiario.net\\\/portal\\\/#\\\/schema\\\/logo\\\/image\\\/\",\"url\":\"https:\\\/\\\/www.eldiario.net\\\/portal\\\/wp-content\\\/uploads\\\/2023\\\/07\\\/logo_ED.jpg\",\"contentUrl\":\"https:\\\/\\\/www.eldiario.net\\\/portal\\\/wp-content\\\/uploads\\\/2023\\\/07\\\/logo_ED.jpg\",\"width\":272,\"height\":52,\"caption\":\"El Diario - Decano de la prensa nacional\"},\"image\":{\"@id\":\"https:\\\/\\\/www.eldiario.net\\\/portal\\\/#\\\/schema\\\/logo\\\/image\\\/\"},\"sameAs\":[\"https:\\\/\\\/www.facebook.com\\\/eldiario.bolivia\\\/\",\"https:\\\/\\\/x.com\\\/eldiario_net\"]},{\"@type\":\"Person\",\"@id\":\"https:\\\/\\\/www.eldiario.net\\\/portal\\\/#\\\/schema\\\/person\\\/2c57cf2b7a7ae032e449e4c9b1019eac\",\"name\":\"Jeanette\",\"image\":{\"@type\":\"ImageObject\",\"inLanguage\":\"es\",\"@id\":\"https:\\\/\\\/secure.gravatar.com\\\/avatar\\\/3ea2118a5f7dad2b7138b1187a6b7ee55f160b9968b66013c3a3ef39dd7e5798?s=96&d=mm&r=g\",\"url\":\"https:\\\/\\\/secure.gravatar.com\\\/avatar\\\/3ea2118a5f7dad2b7138b1187a6b7ee55f160b9968b66013c3a3ef39dd7e5798?s=96&d=mm&r=g\",\"contentUrl\":\"https:\\\/\\\/secure.gravatar.com\\\/avatar\\\/3ea2118a5f7dad2b7138b1187a6b7ee55f160b9968b66013c3a3ef39dd7e5798?s=96&d=mm&r=g\",\"caption\":\"Jeanette\"},\"sameAs\":[\"https:\\\/\\\/www.eldiario.net\\\/portal\"],\"url\":\"https:\\\/\\\/www.eldiario.net\\\/portal\\\/author\\\/jeanette\\\/\"}]}<\/script>\n<!-- \/ Yoast SEO plugin. -->","yoast_head_json":{"title":"Presidente de Francia acepta dimisi\u00f3n de Michel Barnier - El Diario - Bolivia","robots":{"index":"index","follow":"follow","max-snippet":"max-snippet:-1","max-image-preview":"max-image-preview:large","max-video-preview":"max-video-preview:-1"},"canonical":"https:\/\/www.eldiario.net\/portal\/2024\/12\/06\/presidente-de-francia-acepta-dimision-de-michel-barnier\/","og_locale":"es_ES","og_type":"article","og_title":"Presidente de Francia acepta dimisi\u00f3n de Michel Barnier - El Diario - Bolivia","og_description":"El presidente de Francia, Emmanuel Macron, acept\u00f3 ayer la dimisi\u00f3n del primer Ministro, Michel Barnier, al que recibi\u00f3 en el El\u00edseo un d\u00eda despu\u00e9s de que la izquierda y la ultraderecha secundasen en la Asamblea Nacional una moci\u00f3n de censura que supuso la ca\u00edda del Gobierno. Barnier y el resto de ministros, no obstante, deber\u00e1n [&hellip;]","og_url":"https:\/\/www.eldiario.net\/portal\/2024\/12\/06\/presidente-de-francia-acepta-dimision-de-michel-barnier\/","og_site_name":"El Diario - Bolivia","article_publisher":"https:\/\/www.facebook.com\/eldiario.bolivia\/","article_published_time":"2024-12-06T10:03:26+00:00","og_image":[{"width":1280,"height":720,"url":"https:\/\/www.eldiario.net\/portal\/wp-content\/uploads\/2024\/12\/FRANCIA-France-24.jpg","type":"image\/jpeg"}],"author":"Jeanette","twitter_card":"summary_large_image","twitter_creator":"@eldiario_net","twitter_site":"@eldiario_net","twitter_misc":{"Escrito por":"Jeanette","Tiempo de lectura":"2 minutos"},"schema":{"@context":"https:\/\/schema.org","@graph":[{"@type":"Article","@id":"https:\/\/www.eldiario.net\/portal\/2024\/12\/06\/presidente-de-francia-acepta-dimision-de-michel-barnier\/#article","isPartOf":{"@id":"https:\/\/www.eldiario.net\/portal\/2024\/12\/06\/presidente-de-francia-acepta-dimision-de-michel-barnier\/"},"author":{"name":"Jeanette","@id":"https:\/\/www.eldiario.net\/portal\/#\/schema\/person\/2c57cf2b7a7ae032e449e4c9b1019eac"},"headline":"Presidente de Francia acepta dimisi\u00f3n de Michel Barnier","datePublished":"2024-12-06T10:03:26+00:00","mainEntityOfPage":{"@id":"https:\/\/www.eldiario.net\/portal\/2024\/12\/06\/presidente-de-francia-acepta-dimision-de-michel-barnier\/"},"wordCount":261,"publisher":{"@id":"https:\/\/www.eldiario.net\/portal\/#organization"},"image":{"@id":"https:\/\/www.eldiario.net\/portal\/2024\/12\/06\/presidente-de-francia-acepta-dimision-de-michel-barnier\/#primaryimage"},"thumbnailUrl":"https:\/\/www.eldiario.net\/portal\/wp-content\/uploads\/2024\/12\/FRANCIA-France-24.jpg","articleSection":["Internacional"],"inLanguage":"es"},{"@type":"WebPage","@id":"https:\/\/www.eldiario.net\/portal\/2024\/12\/06\/presidente-de-francia-acepta-dimision-de-michel-barnier\/","url":"https:\/\/www.eldiario.net\/portal\/2024\/12\/06\/presidente-de-francia-acepta-dimision-de-michel-barnier\/","name":"Presidente de Francia acepta dimisi\u00f3n de Michel Barnier - El Diario - Bolivia","isPartOf":{"@id":"https:\/\/www.eldiario.net\/portal\/#website"},"primaryImageOfPage":{"@id":"https:\/\/www.eldiario.net\/portal\/2024\/12\/06\/presidente-de-francia-acepta-dimision-de-michel-barnier\/#primaryimage"},"image":{"@id":"https:\/\/www.eldiario.net\/portal\/2024\/12\/06\/presidente-de-francia-acepta-dimision-de-michel-barnier\/#primaryimage"},"thumbnailUrl":"https:\/\/www.eldiario.net\/portal\/wp-content\/uploads\/2024\/12\/FRANCIA-France-24.jpg","datePublished":"2024-12-06T10:03:26+00:00","breadcrumb":{"@id":"https:\/\/www.eldiario.net\/portal\/2024\/12\/06\/presidente-de-francia-acepta-dimision-de-michel-barnier\/#breadcrumb"},"inLanguage":"es","potentialAction":[{"@type":"ReadAction","target":["https:\/\/www.eldiario.net\/portal\/2024\/12\/06\/presidente-de-francia-acepta-dimision-de-michel-barnier\/"]}]},{"@type":"ImageObject","inLanguage":"es","@id":"https:\/\/www.eldiario.net\/portal\/2024\/12\/06\/presidente-de-francia-acepta-dimision-de-michel-barnier\/#primaryimage","url":"https:\/\/www.eldiario.net\/portal\/wp-content\/uploads\/2024\/12\/FRANCIA-France-24.jpg","contentUrl":"https:\/\/www.eldiario.net\/portal\/wp-content\/uploads\/2024\/12\/FRANCIA-France-24.jpg","width":1280,"height":720,"caption":"La dimisi\u00f3n del primer Ministro, Michel Barnier. CREDITO: France 24"},{"@type":"BreadcrumbList","@id":"https:\/\/www.eldiario.net\/portal\/2024\/12\/06\/presidente-de-francia-acepta-dimision-de-michel-barnier\/#breadcrumb","itemListElement":[{"@type":"ListItem","position":1,"name":"Portada","item":"https:\/\/www.eldiario.net\/portal\/"},{"@type":"ListItem","position":2,"name":"Presidente de Francia acepta dimisi\u00f3n de Michel Barnier"}]},{"@type":"WebSite","@id":"https:\/\/www.eldiario.net\/portal\/#website","url":"https:\/\/www.eldiario.net\/portal\/","name":"El Diario - Decano de la prensa nacional","description":"El Diario - Decano de la prensa nacional","publisher":{"@id":"https:\/\/www.eldiario.net\/portal\/#organization"},"potentialAction":[{"@type":"SearchAction","target":{"@type":"EntryPoint","urlTemplate":"https:\/\/www.eldiario.net\/portal\/?s={search_term_string}"},"query-input":{"@type":"PropertyValueSpecification","valueRequired":true,"valueName":"search_term_string"}}],"inLanguage":"es"},{"@type":"Organization","@id":"https:\/\/www.eldiario.net\/portal\/#organization","name":"El Diario - Decano de la prensa nacional","url":"https:\/\/www.eldiario.net\/portal\/","logo":{"@type":"ImageObject","inLanguage":"es","@id":"https:\/\/www.eldiario.net\/portal\/#\/schema\/logo\/image\/","url":"https:\/\/www.eldiario.net\/portal\/wp-content\/uploads\/2023\/07\/logo_ED.jpg","contentUrl":"https:\/\/www.eldiario.net\/portal\/wp-content\/uploads\/2023\/07\/logo_ED.jpg","width":272,"height":52,"caption":"El Diario - Decano de la prensa nacional"},"image":{"@id":"https:\/\/www.eldiario.net\/portal\/#\/schema\/logo\/image\/"},"sameAs":["https:\/\/www.facebook.com\/eldiario.bolivia\/","https:\/\/x.com\/eldiario_net"]},{"@type":"Person","@id":"https:\/\/www.eldiario.net\/portal\/#\/schema\/person\/2c57cf2b7a7ae032e449e4c9b1019eac","name":"Jeanette","image":{"@type":"ImageObject","inLanguage":"es","@id":"https:\/\/secure.gravatar.com\/avatar\/3ea2118a5f7dad2b7138b1187a6b7ee55f160b9968b66013c3a3ef39dd7e5798?s=96&d=mm&r=g","url":"https:\/\/secure.gravatar.com\/avatar\/3ea2118a5f7dad2b7138b1187a6b7ee55f160b9968b66013c3a3ef39dd7e5798?s=96&d=mm&r=g","contentUrl":"https:\/\/secure.gravatar.com\/avatar\/3ea2118a5f7dad2b7138b1187a6b7ee55f160b9968b66013c3a3ef39dd7e5798?s=96&d=mm&r=g","caption":"Jeanette"},"sameAs":["https:\/\/www.eldiario.net\/portal"],"url":"https:\/\/www.eldiario.net\/portal\/author\/jeanette\/"}]}},"_links":{"self":[{"href":"https:\/\/www.eldiario.net\/portal\/wp-json\/wp\/v2\/posts\/266028","targetHints":{"allow":["GET"]}}],"collection":[{"href":"https:\/\/www.eldiario.net\/portal\/wp-json\/wp\/v2\/posts"}],"about":[{"href":"https:\/\/www.eldiario.net\/portal\/wp-json\/wp\/v2\/types\/post"}],"author":[{"embeddable":true,"href":"https:\/\/www.eldiario.net\/portal\/wp-json\/wp\/v2\/users\/1"}],"replies":[{"embeddable":true,"href":"https:\/\/www.eldiario.net\/portal\/wp-json\/wp\/v2\/comments?post=266028"}],"version-history":[{"count":1,"href":"https:\/\/www.eldiario.net\/portal\/wp-json\/wp\/v2\/posts\/266028\/revisions"}],"predecessor-version":[{"id":266030,"href":"https:\/\/www.eldiario.net\/portal\/wp-json\/wp\/v2\/posts\/266028\/revisions\/266030"}],"wp:featuredmedia":[{"embeddable":true,"href":"https:\/\/www.eldiario.net\/portal\/wp-json\/wp\/v2\/media\/266029"}],"wp:attachment":[{"href":"https:\/\/www.eldiario.net\/portal\/wp-json\/wp\/v2\/media?parent=266028"}],"wp:term":[{"taxonomy":"category","embeddable":true,"href":"https:\/\/www.eldiario.net\/portal\/wp-json\/wp\/v2\/categories?post=266028"},{"taxonomy":"post_tag","embeddable":true,"href":"https:\/\/www.eldiario.net\/portal\/wp-json\/wp\/v2\/tags?post=266028"}],"curies":[{"name":"wp","href":"https:\/\/api.w.org\/{rel}","templated":true}]}}