{"id":266019,"date":"2024-12-06T06:01:00","date_gmt":"2024-12-06T10:01:00","guid":{"rendered":"https:\/\/www.eldiario.net\/portal\/?p=266019"},"modified":"2024-12-06T06:01:00","modified_gmt":"2024-12-06T10:01:00","slug":"detenido-segundo-lider-opositor-de-georgia-por-supuesta-incitacion","status":"publish","type":"post","link":"https:\/\/www.eldiario.net\/portal\/2024\/12\/06\/detenido-segundo-lider-opositor-de-georgia-por-supuesta-incitacion\/","title":{"rendered":"Detenido segundo l\u00edder opositor de  Georgia por supuesta incitaci\u00f3n"},"content":{"rendered":"<p class=\"v1MsoNormal\">Las fuerzas de seguridad de Georgia informaron ayer que el l\u00edder de la coalici\u00f3n opositora Georgia Fuerte, Alexandre Elisashvili, fue detenido acusado de presuntos delitos de persecuci\u00f3n, uso e incitaci\u00f3n a la violencia a medida que contin\u00faan por s\u00e9ptimo d\u00eda consecutivo las protestas contra el Gobierno en la capital, Tiflis.<\/p>\n<p class=\"v1MsoNormal\">Se trata del segundo l\u00edder de la oposici\u00f3n arrestado en tan solo dos d\u00edas, despu\u00e9s de que el l\u00edder del partido opositor europe\u00edsta Ahali, Nika Gvaramia, fuera detenido durante una redada realizada contra la sede de su formaci\u00f3n. Este operativo fue repetido a lo largo de la \u00faltima jornada en las sedes de los principales partidos opositores del pa\u00eds, una medida que levant\u00f3 la pol\u00e9mica.<\/p>\n<p class=\"v1MsoNormal\">El Ministerio del Interior, que explic\u00f3 que en caso de ser hallado culpable de los cargos que se le imputan podr\u00eda ser condenado a tres a\u00f1os de prisi\u00f3n, confirm\u00f3 adem\u00e1s que otras 18 personas fueron detenidas a lo largo de la \u00faltima jornada durante las protestas.<\/p>\n<p class=\"v1MsoNormal\">Algunos de los detenidos fueron acusados de lanzar objetos contundentes a las fuerzas de seguridad y hacer uso de artefactos incendiarios, como bengalas o fuegos artificiales. \u00abSe trata de actos criminales llevados a cabo por grupos violentos y ya est\u00e1n siendo investigados\u00bb, apunt\u00f3 en un comunicado.<\/p>\n<p class=\"v1MsoNormal\">Las autoridades estiman que el n\u00famero de personas arrestadas durante las manifestaciones supera ya las 300, mientras que al menos 150 agentes de Polic\u00eda resultaron heridos.<\/p>\n<p class=\"v1MsoNormal\">La presidenta de Georgia, Salom\u00e9 Zurabishvili, denunci\u00f3 estas detenciones e inst\u00f3 a sus socios a que act\u00faen de manera \u00aburgente\u00bb para evitar que el pa\u00eds caiga en el \u00ababismo\u00bb, al tiempo que sigue insistiendo en la importancia de volver a celebrar elecciones tras considerar que los comicios del pasado 26 de octubre se realizaron de forma fraudulenta.(EP)<\/p>\n<p class=\"v1MsoNormal\">\n","protected":false},"excerpt":{"rendered":"<p>Las fuerzas de seguridad de Georgia informaron ayer que el l\u00edder de la coalici\u00f3n opositora Georgia Fuerte, Alexandre Elisashvili, fue detenido acusado de presuntos delitos de persecuci\u00f3n, uso e incitaci\u00f3n a la violencia a medida que contin\u00faan por s\u00e9ptimo d\u00eda consecutivo las protestas contra el Gobierno en la capital, Tiflis. Se trata del segundo l\u00edder [&hellip;]<\/p>\n","protected":false},"author":1,"featured_media":266020,"comment_status":"closed","ping_status":"open","sticky":false,"template":"","format":"standard","meta":{"_acf_changed":false,"footnotes":""},"categories":[3],"tags":[],"class_list":["post-266019","post","type-post","status-publish","format-standard","has-post-thumbnail","category-internacional"],"acf":{"antetitulo":""},"yoast_head":"<!-- This site is optimized with the Yoast SEO plugin v28.3 - https:\/\/yoast.com\/product\/yoast-seo-wordpress\/ -->\n<title>Detenido segundo l\u00edder opositor de Georgia por supuesta incitaci\u00f3n - El Diario - Bolivia<\/title>\n<meta name=\"robots\" content=\"index, follow, max-snippet:-1, max-image-preview:large, max-video-preview:-1\" \/>\n<link rel=\"canonical\" href=\"https:\/\/www.eldiario.net\/portal\/2024\/12\/06\/detenido-segundo-lider-opositor-de-georgia-por-supuesta-incitacion\/\" \/>\n<meta property=\"og:locale\" content=\"es_ES\" \/>\n<meta property=\"og:type\" content=\"article\" \/>\n<meta property=\"og:title\" content=\"Detenido segundo l\u00edder opositor de Georgia por supuesta incitaci\u00f3n - El Diario - Bolivia\" \/>\n<meta property=\"og:description\" content=\"Las fuerzas de seguridad de Georgia informaron ayer que el l\u00edder de la coalici\u00f3n opositora Georgia Fuerte, Alexandre Elisashvili, fue detenido acusado de presuntos delitos de persecuci\u00f3n, uso e incitaci\u00f3n a la violencia a medida que contin\u00faan por s\u00e9ptimo d\u00eda consecutivo las protestas contra el Gobierno en la capital, Tiflis. Se trata del segundo l\u00edder [&hellip;]\" \/>\n<meta property=\"og:url\" content=\"https:\/\/www.eldiario.net\/portal\/2024\/12\/06\/detenido-segundo-lider-opositor-de-georgia-por-supuesta-incitacion\/\" \/>\n<meta property=\"og:site_name\" content=\"El Diario - Bolivia\" \/>\n<meta property=\"article:publisher\" content=\"https:\/\/www.facebook.com\/eldiario.bolivia\/\" \/>\n<meta property=\"article:published_time\" content=\"2024-12-06T10:01:00+00:00\" \/>\n<meta property=\"og:image\" content=\"https:\/\/www.eldiario.net\/portal\/wp-content\/uploads\/2024\/12\/ALEX.Georgia-Journal.jpg\" \/>\n\t<meta property=\"og:image:width\" content=\"800\" \/>\n\t<meta property=\"og:image:height\" content=\"487\" \/>\n\t<meta property=\"og:image:type\" content=\"image\/jpeg\" \/>\n<meta name=\"author\" content=\"Jeanette\" \/>\n<meta name=\"twitter:card\" content=\"summary_large_image\" \/>\n<meta name=\"twitter:creator\" content=\"@eldiario_net\" \/>\n<meta name=\"twitter:site\" content=\"@eldiario_net\" \/>\n<meta name=\"twitter:label1\" content=\"Escrito por\" \/>\n\t<meta name=\"twitter:data1\" content=\"Jeanette\" \/>\n\t<meta name=\"twitter:label2\" content=\"Tiempo de lectura\" \/>\n\t<meta name=\"twitter:data2\" content=\"2 minutos\" \/>\n<script type=\"application\/ld+json\" class=\"yoast-schema-graph\">{\"@context\":\"https:\\\/\\\/schema.org\",\"@graph\":[{\"@type\":\"Article\",\"@id\":\"https:\\\/\\\/www.eldiario.net\\\/portal\\\/2024\\\/12\\\/06\\\/detenido-segundo-lider-opositor-de-georgia-por-supuesta-incitacion\\\/#article\",\"isPartOf\":{\"@id\":\"https:\\\/\\\/www.eldiario.net\\\/portal\\\/2024\\\/12\\\/06\\\/detenido-segundo-lider-opositor-de-georgia-por-supuesta-incitacion\\\/\"},\"author\":{\"name\":\"Jeanette\",\"@id\":\"https:\\\/\\\/www.eldiario.net\\\/portal\\\/#\\\/schema\\\/person\\\/f46445640444750d7d753ccd04ae01b7\"},\"headline\":\"Detenido segundo l\u00edder opositor de Georgia por supuesta incitaci\u00f3n\",\"datePublished\":\"2024-12-06T10:01:00+00:00\",\"mainEntityOfPage\":{\"@id\":\"https:\\\/\\\/www.eldiario.net\\\/portal\\\/2024\\\/12\\\/06\\\/detenido-segundo-lider-opositor-de-georgia-por-supuesta-incitacion\\\/\"},\"wordCount\":323,\"publisher\":{\"@id\":\"https:\\\/\\\/www.eldiario.net\\\/portal\\\/#organization\"},\"image\":{\"@id\":\"https:\\\/\\\/www.eldiario.net\\\/portal\\\/2024\\\/12\\\/06\\\/detenido-segundo-lider-opositor-de-georgia-por-supuesta-incitacion\\\/#primaryimage\"},\"thumbnailUrl\":\"https:\\\/\\\/www.eldiario.net\\\/portal\\\/wp-content\\\/uploads\\\/2024\\\/12\\\/ALEX.Georgia-Journal.jpg\",\"articleSection\":[\"Internacional\"],\"inLanguage\":\"es\"},{\"@type\":\"WebPage\",\"@id\":\"https:\\\/\\\/www.eldiario.net\\\/portal\\\/2024\\\/12\\\/06\\\/detenido-segundo-lider-opositor-de-georgia-por-supuesta-incitacion\\\/\",\"url\":\"https:\\\/\\\/www.eldiario.net\\\/portal\\\/2024\\\/12\\\/06\\\/detenido-segundo-lider-opositor-de-georgia-por-supuesta-incitacion\\\/\",\"name\":\"Detenido segundo l\u00edder opositor de Georgia por supuesta incitaci\u00f3n - El Diario - Bolivia\",\"isPartOf\":{\"@id\":\"https:\\\/\\\/www.eldiario.net\\\/portal\\\/#website\"},\"primaryImageOfPage\":{\"@id\":\"https:\\\/\\\/www.eldiario.net\\\/portal\\\/2024\\\/12\\\/06\\\/detenido-segundo-lider-opositor-de-georgia-por-supuesta-incitacion\\\/#primaryimage\"},\"image\":{\"@id\":\"https:\\\/\\\/www.eldiario.net\\\/portal\\\/2024\\\/12\\\/06\\\/detenido-segundo-lider-opositor-de-georgia-por-supuesta-incitacion\\\/#primaryimage\"},\"thumbnailUrl\":\"https:\\\/\\\/www.eldiario.net\\\/portal\\\/wp-content\\\/uploads\\\/2024\\\/12\\\/ALEX.Georgia-Journal.jpg\",\"datePublished\":\"2024-12-06T10:01:00+00:00\",\"breadcrumb\":{\"@id\":\"https:\\\/\\\/www.eldiario.net\\\/portal\\\/2024\\\/12\\\/06\\\/detenido-segundo-lider-opositor-de-georgia-por-supuesta-incitacion\\\/#breadcrumb\"},\"inLanguage\":\"es\",\"potentialAction\":[{\"@type\":\"ReadAction\",\"target\":[\"https:\\\/\\\/www.eldiario.net\\\/portal\\\/2024\\\/12\\\/06\\\/detenido-segundo-lider-opositor-de-georgia-por-supuesta-incitacion\\\/\"]}]},{\"@type\":\"ImageObject\",\"inLanguage\":\"es\",\"@id\":\"https:\\\/\\\/www.eldiario.net\\\/portal\\\/2024\\\/12\\\/06\\\/detenido-segundo-lider-opositor-de-georgia-por-supuesta-incitacion\\\/#primaryimage\",\"url\":\"https:\\\/\\\/www.eldiario.net\\\/portal\\\/wp-content\\\/uploads\\\/2024\\\/12\\\/ALEX.Georgia-Journal.jpg\",\"contentUrl\":\"https:\\\/\\\/www.eldiario.net\\\/portal\\\/wp-content\\\/uploads\\\/2024\\\/12\\\/ALEX.Georgia-Journal.jpg\",\"width\":800,\"height\":487,\"caption\":\"El l\u00edder de la coalici\u00f3n opositora Georgia Fuerte, Alexandre Elisashvili. CREDITO: Georgia Journal\"},{\"@type\":\"BreadcrumbList\",\"@id\":\"https:\\\/\\\/www.eldiario.net\\\/portal\\\/2024\\\/12\\\/06\\\/detenido-segundo-lider-opositor-de-georgia-por-supuesta-incitacion\\\/#breadcrumb\",\"itemListElement\":[{\"@type\":\"ListItem\",\"position\":1,\"name\":\"Portada\",\"item\":\"https:\\\/\\\/www.eldiario.net\\\/portal\\\/\"},{\"@type\":\"ListItem\",\"position\":2,\"name\":\"Detenido segundo l\u00edder opositor de Georgia por supuesta incitaci\u00f3n\"}]},{\"@type\":\"WebSite\",\"@id\":\"https:\\\/\\\/www.eldiario.net\\\/portal\\\/#website\",\"url\":\"https:\\\/\\\/www.eldiario.net\\\/portal\\\/\",\"name\":\"El Diario - Decano de la prensa nacional\",\"description\":\"El Diario - Decano de la prensa nacional\",\"publisher\":{\"@id\":\"https:\\\/\\\/www.eldiario.net\\\/portal\\\/#organization\"},\"potentialAction\":[{\"@type\":\"SearchAction\",\"target\":{\"@type\":\"EntryPoint\",\"urlTemplate\":\"https:\\\/\\\/www.eldiario.net\\\/portal\\\/?s={search_term_string}\"},\"query-input\":{\"@type\":\"PropertyValueSpecification\",\"valueRequired\":true,\"valueName\":\"search_term_string\"}}],\"inLanguage\":\"es\"},{\"@type\":\"Organization\",\"@id\":\"https:\\\/\\\/www.eldiario.net\\\/portal\\\/#organization\",\"name\":\"El Diario - Decano de la prensa nacional\",\"url\":\"https:\\\/\\\/www.eldiario.net\\\/portal\\\/\",\"logo\":{\"@type\":\"ImageObject\",\"inLanguage\":\"es\",\"@id\":\"https:\\\/\\\/www.eldiario.net\\\/portal\\\/#\\\/schema\\\/logo\\\/image\\\/\",\"url\":\"https:\\\/\\\/www.eldiario.net\\\/portal\\\/wp-content\\\/uploads\\\/2023\\\/07\\\/logo_ED.jpg\",\"contentUrl\":\"https:\\\/\\\/www.eldiario.net\\\/portal\\\/wp-content\\\/uploads\\\/2023\\\/07\\\/logo_ED.jpg\",\"width\":272,\"height\":52,\"caption\":\"El Diario - Decano de la prensa nacional\"},\"image\":{\"@id\":\"https:\\\/\\\/www.eldiario.net\\\/portal\\\/#\\\/schema\\\/logo\\\/image\\\/\"},\"sameAs\":[\"https:\\\/\\\/www.facebook.com\\\/eldiario.bolivia\\\/\",\"https:\\\/\\\/x.com\\\/eldiario_net\"]},{\"@type\":\"Person\",\"@id\":\"https:\\\/\\\/www.eldiario.net\\\/portal\\\/#\\\/schema\\\/person\\\/f46445640444750d7d753ccd04ae01b7\",\"name\":\"Jeanette\",\"image\":{\"@type\":\"ImageObject\",\"inLanguage\":\"es\",\"@id\":\"https:\\\/\\\/secure.gravatar.com\\\/avatar\\\/3ea2118a5f7dad2b7138b1187a6b7ee55f160b9968b66013c3a3ef39dd7e5798?s=96&d=mm&r=g\",\"url\":\"https:\\\/\\\/secure.gravatar.com\\\/avatar\\\/3ea2118a5f7dad2b7138b1187a6b7ee55f160b9968b66013c3a3ef39dd7e5798?s=96&d=mm&r=g\",\"contentUrl\":\"https:\\\/\\\/secure.gravatar.com\\\/avatar\\\/3ea2118a5f7dad2b7138b1187a6b7ee55f160b9968b66013c3a3ef39dd7e5798?s=96&d=mm&r=g\",\"caption\":\"Jeanette\"},\"sameAs\":[\"https:\\\/\\\/www.eldiario.net\\\/portal\"],\"url\":\"https:\\\/\\\/www.eldiario.net\\\/portal\\\/author\\\/jeanette\\\/\"}]}<\/script>\n<!-- \/ Yoast SEO plugin. -->","yoast_head_json":{"title":"Detenido segundo l\u00edder opositor de Georgia por supuesta incitaci\u00f3n - El Diario - Bolivia","robots":{"index":"index","follow":"follow","max-snippet":"max-snippet:-1","max-image-preview":"max-image-preview:large","max-video-preview":"max-video-preview:-1"},"canonical":"https:\/\/www.eldiario.net\/portal\/2024\/12\/06\/detenido-segundo-lider-opositor-de-georgia-por-supuesta-incitacion\/","og_locale":"es_ES","og_type":"article","og_title":"Detenido segundo l\u00edder opositor de Georgia por supuesta incitaci\u00f3n - El Diario - Bolivia","og_description":"Las fuerzas de seguridad de Georgia informaron ayer que el l\u00edder de la coalici\u00f3n opositora Georgia Fuerte, Alexandre Elisashvili, fue detenido acusado de presuntos delitos de persecuci\u00f3n, uso e incitaci\u00f3n a la violencia a medida que contin\u00faan por s\u00e9ptimo d\u00eda consecutivo las protestas contra el Gobierno en la capital, Tiflis. Se trata del segundo l\u00edder [&hellip;]","og_url":"https:\/\/www.eldiario.net\/portal\/2024\/12\/06\/detenido-segundo-lider-opositor-de-georgia-por-supuesta-incitacion\/","og_site_name":"El Diario - Bolivia","article_publisher":"https:\/\/www.facebook.com\/eldiario.bolivia\/","article_published_time":"2024-12-06T10:01:00+00:00","og_image":[{"width":800,"height":487,"url":"https:\/\/www.eldiario.net\/portal\/wp-content\/uploads\/2024\/12\/ALEX.Georgia-Journal.jpg","type":"image\/jpeg"}],"author":"Jeanette","twitter_card":"summary_large_image","twitter_creator":"@eldiario_net","twitter_site":"@eldiario_net","twitter_misc":{"Escrito por":"Jeanette","Tiempo de lectura":"2 minutos"},"schema":{"@context":"https:\/\/schema.org","@graph":[{"@type":"Article","@id":"https:\/\/www.eldiario.net\/portal\/2024\/12\/06\/detenido-segundo-lider-opositor-de-georgia-por-supuesta-incitacion\/#article","isPartOf":{"@id":"https:\/\/www.eldiario.net\/portal\/2024\/12\/06\/detenido-segundo-lider-opositor-de-georgia-por-supuesta-incitacion\/"},"author":{"name":"Jeanette","@id":"https:\/\/www.eldiario.net\/portal\/#\/schema\/person\/f46445640444750d7d753ccd04ae01b7"},"headline":"Detenido segundo l\u00edder opositor de Georgia por supuesta incitaci\u00f3n","datePublished":"2024-12-06T10:01:00+00:00","mainEntityOfPage":{"@id":"https:\/\/www.eldiario.net\/portal\/2024\/12\/06\/detenido-segundo-lider-opositor-de-georgia-por-supuesta-incitacion\/"},"wordCount":323,"publisher":{"@id":"https:\/\/www.eldiario.net\/portal\/#organization"},"image":{"@id":"https:\/\/www.eldiario.net\/portal\/2024\/12\/06\/detenido-segundo-lider-opositor-de-georgia-por-supuesta-incitacion\/#primaryimage"},"thumbnailUrl":"https:\/\/www.eldiario.net\/portal\/wp-content\/uploads\/2024\/12\/ALEX.Georgia-Journal.jpg","articleSection":["Internacional"],"inLanguage":"es"},{"@type":"WebPage","@id":"https:\/\/www.eldiario.net\/portal\/2024\/12\/06\/detenido-segundo-lider-opositor-de-georgia-por-supuesta-incitacion\/","url":"https:\/\/www.eldiario.net\/portal\/2024\/12\/06\/detenido-segundo-lider-opositor-de-georgia-por-supuesta-incitacion\/","name":"Detenido segundo l\u00edder opositor de Georgia por supuesta incitaci\u00f3n - El Diario - Bolivia","isPartOf":{"@id":"https:\/\/www.eldiario.net\/portal\/#website"},"primaryImageOfPage":{"@id":"https:\/\/www.eldiario.net\/portal\/2024\/12\/06\/detenido-segundo-lider-opositor-de-georgia-por-supuesta-incitacion\/#primaryimage"},"image":{"@id":"https:\/\/www.eldiario.net\/portal\/2024\/12\/06\/detenido-segundo-lider-opositor-de-georgia-por-supuesta-incitacion\/#primaryimage"},"thumbnailUrl":"https:\/\/www.eldiario.net\/portal\/wp-content\/uploads\/2024\/12\/ALEX.Georgia-Journal.jpg","datePublished":"2024-12-06T10:01:00+00:00","breadcrumb":{"@id":"https:\/\/www.eldiario.net\/portal\/2024\/12\/06\/detenido-segundo-lider-opositor-de-georgia-por-supuesta-incitacion\/#breadcrumb"},"inLanguage":"es","potentialAction":[{"@type":"ReadAction","target":["https:\/\/www.eldiario.net\/portal\/2024\/12\/06\/detenido-segundo-lider-opositor-de-georgia-por-supuesta-incitacion\/"]}]},{"@type":"ImageObject","inLanguage":"es","@id":"https:\/\/www.eldiario.net\/portal\/2024\/12\/06\/detenido-segundo-lider-opositor-de-georgia-por-supuesta-incitacion\/#primaryimage","url":"https:\/\/www.eldiario.net\/portal\/wp-content\/uploads\/2024\/12\/ALEX.Georgia-Journal.jpg","contentUrl":"https:\/\/www.eldiario.net\/portal\/wp-content\/uploads\/2024\/12\/ALEX.Georgia-Journal.jpg","width":800,"height":487,"caption":"El l\u00edder de la coalici\u00f3n opositora Georgia Fuerte, Alexandre Elisashvili. CREDITO: Georgia Journal"},{"@type":"BreadcrumbList","@id":"https:\/\/www.eldiario.net\/portal\/2024\/12\/06\/detenido-segundo-lider-opositor-de-georgia-por-supuesta-incitacion\/#breadcrumb","itemListElement":[{"@type":"ListItem","position":1,"name":"Portada","item":"https:\/\/www.eldiario.net\/portal\/"},{"@type":"ListItem","position":2,"name":"Detenido segundo l\u00edder opositor de Georgia por supuesta incitaci\u00f3n"}]},{"@type":"WebSite","@id":"https:\/\/www.eldiario.net\/portal\/#website","url":"https:\/\/www.eldiario.net\/portal\/","name":"El Diario - Decano de la prensa nacional","description":"El Diario - Decano de la prensa nacional","publisher":{"@id":"https:\/\/www.eldiario.net\/portal\/#organization"},"potentialAction":[{"@type":"SearchAction","target":{"@type":"EntryPoint","urlTemplate":"https:\/\/www.eldiario.net\/portal\/?s={search_term_string}"},"query-input":{"@type":"PropertyValueSpecification","valueRequired":true,"valueName":"search_term_string"}}],"inLanguage":"es"},{"@type":"Organization","@id":"https:\/\/www.eldiario.net\/portal\/#organization","name":"El Diario - Decano de la prensa nacional","url":"https:\/\/www.eldiario.net\/portal\/","logo":{"@type":"ImageObject","inLanguage":"es","@id":"https:\/\/www.eldiario.net\/portal\/#\/schema\/logo\/image\/","url":"https:\/\/www.eldiario.net\/portal\/wp-content\/uploads\/2023\/07\/logo_ED.jpg","contentUrl":"https:\/\/www.eldiario.net\/portal\/wp-content\/uploads\/2023\/07\/logo_ED.jpg","width":272,"height":52,"caption":"El Diario - Decano de la prensa nacional"},"image":{"@id":"https:\/\/www.eldiario.net\/portal\/#\/schema\/logo\/image\/"},"sameAs":["https:\/\/www.facebook.com\/eldiario.bolivia\/","https:\/\/x.com\/eldiario_net"]},{"@type":"Person","@id":"https:\/\/www.eldiario.net\/portal\/#\/schema\/person\/f46445640444750d7d753ccd04ae01b7","name":"Jeanette","image":{"@type":"ImageObject","inLanguage":"es","@id":"https:\/\/secure.gravatar.com\/avatar\/3ea2118a5f7dad2b7138b1187a6b7ee55f160b9968b66013c3a3ef39dd7e5798?s=96&d=mm&r=g","url":"https:\/\/secure.gravatar.com\/avatar\/3ea2118a5f7dad2b7138b1187a6b7ee55f160b9968b66013c3a3ef39dd7e5798?s=96&d=mm&r=g","contentUrl":"https:\/\/secure.gravatar.com\/avatar\/3ea2118a5f7dad2b7138b1187a6b7ee55f160b9968b66013c3a3ef39dd7e5798?s=96&d=mm&r=g","caption":"Jeanette"},"sameAs":["https:\/\/www.eldiario.net\/portal"],"url":"https:\/\/www.eldiario.net\/portal\/author\/jeanette\/"}]}},"_links":{"self":[{"href":"https:\/\/www.eldiario.net\/portal\/wp-json\/wp\/v2\/posts\/266019","targetHints":{"allow":["GET"]}}],"collection":[{"href":"https:\/\/www.eldiario.net\/portal\/wp-json\/wp\/v2\/posts"}],"about":[{"href":"https:\/\/www.eldiario.net\/portal\/wp-json\/wp\/v2\/types\/post"}],"author":[{"embeddable":true,"href":"https:\/\/www.eldiario.net\/portal\/wp-json\/wp\/v2\/users\/1"}],"replies":[{"embeddable":true,"href":"https:\/\/www.eldiario.net\/portal\/wp-json\/wp\/v2\/comments?post=266019"}],"version-history":[{"count":1,"href":"https:\/\/www.eldiario.net\/portal\/wp-json\/wp\/v2\/posts\/266019\/revisions"}],"predecessor-version":[{"id":266021,"href":"https:\/\/www.eldiario.net\/portal\/wp-json\/wp\/v2\/posts\/266019\/revisions\/266021"}],"wp:featuredmedia":[{"embeddable":true,"href":"https:\/\/www.eldiario.net\/portal\/wp-json\/wp\/v2\/media\/266020"}],"wp:attachment":[{"href":"https:\/\/www.eldiario.net\/portal\/wp-json\/wp\/v2\/media?parent=266019"}],"wp:term":[{"taxonomy":"category","embeddable":true,"href":"https:\/\/www.eldiario.net\/portal\/wp-json\/wp\/v2\/categories?post=266019"},{"taxonomy":"post_tag","embeddable":true,"href":"https:\/\/www.eldiario.net\/portal\/wp-json\/wp\/v2\/tags?post=266019"}],"curies":[{"name":"wp","href":"https:\/\/api.w.org\/{rel}","templated":true}]}}