{"id":266016,"date":"2024-12-06T06:00:24","date_gmt":"2024-12-06T10:00:24","guid":{"rendered":"https:\/\/www.eldiario.net\/portal\/?p=266016"},"modified":"2024-12-06T06:00:24","modified_gmt":"2024-12-06T10:00:24","slug":"ordenan-a-tiktok-guardar-datos-relacionados-con-proceso-electoral","status":"publish","type":"post","link":"https:\/\/www.eldiario.net\/portal\/2024\/12\/06\/ordenan-a-tiktok-guardar-datos-relacionados-con-proceso-electoral\/","title":{"rendered":"Ordenan a TikTok guardar datos  relacionados con proceso electoral"},"content":{"rendered":"<p class=\"v1MsoNormal\">La Comisi\u00f3n Europea emiti\u00f3 ayer una orden a la red social china TikTok para que guarde datos e informaci\u00f3n relacionada con posibles riesgos para el proceso electoral en Ruman\u00eda, despu\u00e9s de que el Consejo de Defensa del pa\u00eds se\u00f1al\u00f3 que la campa\u00f1a presidencial de, Calin Georgescu, vencedor inesperado en la primera vuelta, se vio beneficiado por las redes sociales, en especial TikTok.<\/p>\n<p class=\"v1MsoNormal\">La decisi\u00f3n de Bruselas llega a pocos d\u00edas de la votaci\u00f3n en segunda ronda y obliga a la plataforma china a preservar informaci\u00f3n y pruebas disponibles para una investigaci\u00f3n posterior de la Comisi\u00f3n Europea sobre el cumplimiento por parte de TikTok de sus obligaciones en virtud de la ley de Servicios Digitales.<\/p>\n<p class=\"v1MsoNormal\">En concreto, la orden hace referencia a documentos internos e informaci\u00f3n relativa al dise\u00f1o y funcionamiento de sus sistemas de recomendaci\u00f3n, as\u00ed como la forma en que aborda el riesgo de manipulaci\u00f3n mediante el uso no aut\u00e9ntico coordinado del servicio.<\/p>\n<p class=\"v1MsoNormal\">Bruselas tiene en el foco el uso de funciones de monetizaci\u00f3n para la promoci\u00f3n de contenidos pol\u00edticos, una infracci\u00f3n de las condiciones de servicio de TikTok. La orden de retenci\u00f3n se refiere a las elecciones nacionales en la Uni\u00f3n Europea entre el 24 de noviembre de 2024 y el 31 de marzo de 2025.<\/p>\n<p class=\"v1MsoNormal\">El Consejo Supremo de Defensa Nacional de Ruman\u00eda alert\u00f3 p\u00fablicamente hace una semana de que se hab\u00eda detectado que Georgescu hab\u00eda sido beneficiado por las redes sociales, en especial TikTok, a trav\u00e9s de cuentas coordinadas, algoritmos y promociones pagadas. M\u00e1s recientemente, el \u00f3rgano se\u00f1al\u00f3 que el pa\u00eds fue blanco de \u00abagresivos ataques h\u00edbridos rusos\u00bb durante la campa\u00f1a de la primera vuelta de las presidenciales.<\/p>\n<p class=\"v1MsoNormal\">La visibilidad de Georgescu, que declar\u00f3 no haber gastado fondos durante la campa\u00f1a, aument\u00f3 significativamente con respecto al resto de candidatos, a quienes estas plataformas s\u00ed reconoc\u00edan como candidatos y su contenido, tal y como exige la legislaci\u00f3n electoral rumana, fue filtrado en gran medida.<\/p>\n<p class=\"v1MsoNormal\">Este domingo el candidato ultranacionalista y euroesc\u00e9ptico se enfrenta con la conservadora Elena Lasconi, segunda m\u00e1s votada durante la primera vuelta tras imponerse por un ligero margen al primer ministro socialdem\u00f3crata, Marcel Ciolacu, quien ya le ratific\u00f3 su apoyo.(EP)<\/p>\n","protected":false},"excerpt":{"rendered":"<p>La Comisi\u00f3n Europea emiti\u00f3 ayer una orden a la red social china TikTok para que guarde datos e informaci\u00f3n relacionada con posibles riesgos para el proceso electoral en Ruman\u00eda, despu\u00e9s de que el Consejo de Defensa del pa\u00eds se\u00f1al\u00f3 que la campa\u00f1a presidencial de, Calin Georgescu, vencedor inesperado en la primera vuelta, se vio beneficiado [&hellip;]<\/p>\n","protected":false},"author":1,"featured_media":266017,"comment_status":"closed","ping_status":"open","sticky":false,"template":"","format":"standard","meta":{"_acf_changed":false,"footnotes":""},"categories":[3],"tags":[],"class_list":["post-266016","post","type-post","status-publish","format-standard","has-post-thumbnail","category-internacional"],"acf":{"antetitulo":"Bruselas"},"yoast_head":"<!-- This site is optimized with the Yoast SEO plugin v28.3 - https:\/\/yoast.com\/product\/yoast-seo-wordpress\/ -->\n<title>Ordenan a TikTok guardar datos relacionados con proceso electoral - El Diario - Bolivia<\/title>\n<meta name=\"robots\" content=\"index, follow, max-snippet:-1, max-image-preview:large, max-video-preview:-1\" \/>\n<link rel=\"canonical\" href=\"https:\/\/www.eldiario.net\/portal\/2024\/12\/06\/ordenan-a-tiktok-guardar-datos-relacionados-con-proceso-electoral\/\" \/>\n<meta property=\"og:locale\" content=\"es_ES\" \/>\n<meta property=\"og:type\" content=\"article\" \/>\n<meta property=\"og:title\" content=\"Ordenan a TikTok guardar datos relacionados con proceso electoral - El Diario - Bolivia\" \/>\n<meta property=\"og:description\" content=\"La Comisi\u00f3n Europea emiti\u00f3 ayer una orden a la red social china TikTok para que guarde datos e informaci\u00f3n relacionada con posibles riesgos para el proceso electoral en Ruman\u00eda, despu\u00e9s de que el Consejo de Defensa del pa\u00eds se\u00f1al\u00f3 que la campa\u00f1a presidencial de, Calin Georgescu, vencedor inesperado en la primera vuelta, se vio beneficiado [&hellip;]\" \/>\n<meta property=\"og:url\" content=\"https:\/\/www.eldiario.net\/portal\/2024\/12\/06\/ordenan-a-tiktok-guardar-datos-relacionados-con-proceso-electoral\/\" \/>\n<meta property=\"og:site_name\" content=\"El Diario - Bolivia\" \/>\n<meta property=\"article:publisher\" content=\"https:\/\/www.facebook.com\/eldiario.bolivia\/\" \/>\n<meta property=\"article:published_time\" content=\"2024-12-06T10:00:24+00:00\" \/>\n<meta property=\"og:image\" content=\"https:\/\/www.eldiario.net\/portal\/wp-content\/uploads\/2024\/12\/PROCESO-ABC.jpg\" \/>\n\t<meta property=\"og:image:width\" content=\"1200\" \/>\n\t<meta property=\"og:image:height\" content=\"630\" \/>\n\t<meta property=\"og:image:type\" content=\"image\/jpeg\" \/>\n<meta name=\"author\" content=\"Jeanette\" \/>\n<meta name=\"twitter:card\" content=\"summary_large_image\" \/>\n<meta name=\"twitter:creator\" content=\"@eldiario_net\" \/>\n<meta name=\"twitter:site\" content=\"@eldiario_net\" \/>\n<meta name=\"twitter:label1\" content=\"Escrito por\" \/>\n\t<meta name=\"twitter:data1\" content=\"Jeanette\" \/>\n\t<meta name=\"twitter:label2\" content=\"Tiempo de lectura\" \/>\n\t<meta name=\"twitter:data2\" content=\"2 minutos\" \/>\n<script type=\"application\/ld+json\" class=\"yoast-schema-graph\">{\"@context\":\"https:\\\/\\\/schema.org\",\"@graph\":[{\"@type\":\"Article\",\"@id\":\"https:\\\/\\\/www.eldiario.net\\\/portal\\\/2024\\\/12\\\/06\\\/ordenan-a-tiktok-guardar-datos-relacionados-con-proceso-electoral\\\/#article\",\"isPartOf\":{\"@id\":\"https:\\\/\\\/www.eldiario.net\\\/portal\\\/2024\\\/12\\\/06\\\/ordenan-a-tiktok-guardar-datos-relacionados-con-proceso-electoral\\\/\"},\"author\":{\"name\":\"Jeanette\",\"@id\":\"https:\\\/\\\/www.eldiario.net\\\/portal\\\/#\\\/schema\\\/person\\\/f46445640444750d7d753ccd04ae01b7\"},\"headline\":\"Ordenan a TikTok guardar datos relacionados con proceso electoral\",\"datePublished\":\"2024-12-06T10:00:24+00:00\",\"mainEntityOfPage\":{\"@id\":\"https:\\\/\\\/www.eldiario.net\\\/portal\\\/2024\\\/12\\\/06\\\/ordenan-a-tiktok-guardar-datos-relacionados-con-proceso-electoral\\\/\"},\"wordCount\":402,\"publisher\":{\"@id\":\"https:\\\/\\\/www.eldiario.net\\\/portal\\\/#organization\"},\"image\":{\"@id\":\"https:\\\/\\\/www.eldiario.net\\\/portal\\\/2024\\\/12\\\/06\\\/ordenan-a-tiktok-guardar-datos-relacionados-con-proceso-electoral\\\/#primaryimage\"},\"thumbnailUrl\":\"https:\\\/\\\/www.eldiario.net\\\/portal\\\/wp-content\\\/uploads\\\/2024\\\/12\\\/PROCESO-ABC.jpg\",\"articleSection\":[\"Internacional\"],\"inLanguage\":\"es\"},{\"@type\":\"WebPage\",\"@id\":\"https:\\\/\\\/www.eldiario.net\\\/portal\\\/2024\\\/12\\\/06\\\/ordenan-a-tiktok-guardar-datos-relacionados-con-proceso-electoral\\\/\",\"url\":\"https:\\\/\\\/www.eldiario.net\\\/portal\\\/2024\\\/12\\\/06\\\/ordenan-a-tiktok-guardar-datos-relacionados-con-proceso-electoral\\\/\",\"name\":\"Ordenan a TikTok guardar datos relacionados con proceso electoral - El Diario - Bolivia\",\"isPartOf\":{\"@id\":\"https:\\\/\\\/www.eldiario.net\\\/portal\\\/#website\"},\"primaryImageOfPage\":{\"@id\":\"https:\\\/\\\/www.eldiario.net\\\/portal\\\/2024\\\/12\\\/06\\\/ordenan-a-tiktok-guardar-datos-relacionados-con-proceso-electoral\\\/#primaryimage\"},\"image\":{\"@id\":\"https:\\\/\\\/www.eldiario.net\\\/portal\\\/2024\\\/12\\\/06\\\/ordenan-a-tiktok-guardar-datos-relacionados-con-proceso-electoral\\\/#primaryimage\"},\"thumbnailUrl\":\"https:\\\/\\\/www.eldiario.net\\\/portal\\\/wp-content\\\/uploads\\\/2024\\\/12\\\/PROCESO-ABC.jpg\",\"datePublished\":\"2024-12-06T10:00:24+00:00\",\"breadcrumb\":{\"@id\":\"https:\\\/\\\/www.eldiario.net\\\/portal\\\/2024\\\/12\\\/06\\\/ordenan-a-tiktok-guardar-datos-relacionados-con-proceso-electoral\\\/#breadcrumb\"},\"inLanguage\":\"es\",\"potentialAction\":[{\"@type\":\"ReadAction\",\"target\":[\"https:\\\/\\\/www.eldiario.net\\\/portal\\\/2024\\\/12\\\/06\\\/ordenan-a-tiktok-guardar-datos-relacionados-con-proceso-electoral\\\/\"]}]},{\"@type\":\"ImageObject\",\"inLanguage\":\"es\",\"@id\":\"https:\\\/\\\/www.eldiario.net\\\/portal\\\/2024\\\/12\\\/06\\\/ordenan-a-tiktok-guardar-datos-relacionados-con-proceso-electoral\\\/#primaryimage\",\"url\":\"https:\\\/\\\/www.eldiario.net\\\/portal\\\/wp-content\\\/uploads\\\/2024\\\/12\\\/PROCESO-ABC.jpg\",\"contentUrl\":\"https:\\\/\\\/www.eldiario.net\\\/portal\\\/wp-content\\\/uploads\\\/2024\\\/12\\\/PROCESO-ABC.jpg\",\"width\":1200,\"height\":630,\"caption\":\"Calin Georgescu, inesperado vencedor en la primera vuelta de las elecciones en Ruman\u00eda. CREDITO: ABC\"},{\"@type\":\"BreadcrumbList\",\"@id\":\"https:\\\/\\\/www.eldiario.net\\\/portal\\\/2024\\\/12\\\/06\\\/ordenan-a-tiktok-guardar-datos-relacionados-con-proceso-electoral\\\/#breadcrumb\",\"itemListElement\":[{\"@type\":\"ListItem\",\"position\":1,\"name\":\"Portada\",\"item\":\"https:\\\/\\\/www.eldiario.net\\\/portal\\\/\"},{\"@type\":\"ListItem\",\"position\":2,\"name\":\"Ordenan a TikTok guardar datos relacionados con proceso electoral\"}]},{\"@type\":\"WebSite\",\"@id\":\"https:\\\/\\\/www.eldiario.net\\\/portal\\\/#website\",\"url\":\"https:\\\/\\\/www.eldiario.net\\\/portal\\\/\",\"name\":\"El Diario - Decano de la prensa nacional\",\"description\":\"El Diario - Decano de la prensa nacional\",\"publisher\":{\"@id\":\"https:\\\/\\\/www.eldiario.net\\\/portal\\\/#organization\"},\"potentialAction\":[{\"@type\":\"SearchAction\",\"target\":{\"@type\":\"EntryPoint\",\"urlTemplate\":\"https:\\\/\\\/www.eldiario.net\\\/portal\\\/?s={search_term_string}\"},\"query-input\":{\"@type\":\"PropertyValueSpecification\",\"valueRequired\":true,\"valueName\":\"search_term_string\"}}],\"inLanguage\":\"es\"},{\"@type\":\"Organization\",\"@id\":\"https:\\\/\\\/www.eldiario.net\\\/portal\\\/#organization\",\"name\":\"El Diario - Decano de la prensa nacional\",\"url\":\"https:\\\/\\\/www.eldiario.net\\\/portal\\\/\",\"logo\":{\"@type\":\"ImageObject\",\"inLanguage\":\"es\",\"@id\":\"https:\\\/\\\/www.eldiario.net\\\/portal\\\/#\\\/schema\\\/logo\\\/image\\\/\",\"url\":\"https:\\\/\\\/www.eldiario.net\\\/portal\\\/wp-content\\\/uploads\\\/2023\\\/07\\\/logo_ED.jpg\",\"contentUrl\":\"https:\\\/\\\/www.eldiario.net\\\/portal\\\/wp-content\\\/uploads\\\/2023\\\/07\\\/logo_ED.jpg\",\"width\":272,\"height\":52,\"caption\":\"El Diario - Decano de la prensa nacional\"},\"image\":{\"@id\":\"https:\\\/\\\/www.eldiario.net\\\/portal\\\/#\\\/schema\\\/logo\\\/image\\\/\"},\"sameAs\":[\"https:\\\/\\\/www.facebook.com\\\/eldiario.bolivia\\\/\",\"https:\\\/\\\/x.com\\\/eldiario_net\"]},{\"@type\":\"Person\",\"@id\":\"https:\\\/\\\/www.eldiario.net\\\/portal\\\/#\\\/schema\\\/person\\\/f46445640444750d7d753ccd04ae01b7\",\"name\":\"Jeanette\",\"image\":{\"@type\":\"ImageObject\",\"inLanguage\":\"es\",\"@id\":\"https:\\\/\\\/secure.gravatar.com\\\/avatar\\\/3ea2118a5f7dad2b7138b1187a6b7ee55f160b9968b66013c3a3ef39dd7e5798?s=96&d=mm&r=g\",\"url\":\"https:\\\/\\\/secure.gravatar.com\\\/avatar\\\/3ea2118a5f7dad2b7138b1187a6b7ee55f160b9968b66013c3a3ef39dd7e5798?s=96&d=mm&r=g\",\"contentUrl\":\"https:\\\/\\\/secure.gravatar.com\\\/avatar\\\/3ea2118a5f7dad2b7138b1187a6b7ee55f160b9968b66013c3a3ef39dd7e5798?s=96&d=mm&r=g\",\"caption\":\"Jeanette\"},\"sameAs\":[\"https:\\\/\\\/www.eldiario.net\\\/portal\"],\"url\":\"https:\\\/\\\/www.eldiario.net\\\/portal\\\/author\\\/jeanette\\\/\"}]}<\/script>\n<!-- \/ Yoast SEO plugin. -->","yoast_head_json":{"title":"Ordenan a TikTok guardar datos relacionados con proceso electoral - El Diario - Bolivia","robots":{"index":"index","follow":"follow","max-snippet":"max-snippet:-1","max-image-preview":"max-image-preview:large","max-video-preview":"max-video-preview:-1"},"canonical":"https:\/\/www.eldiario.net\/portal\/2024\/12\/06\/ordenan-a-tiktok-guardar-datos-relacionados-con-proceso-electoral\/","og_locale":"es_ES","og_type":"article","og_title":"Ordenan a TikTok guardar datos relacionados con proceso electoral - El Diario - Bolivia","og_description":"La Comisi\u00f3n Europea emiti\u00f3 ayer una orden a la red social china TikTok para que guarde datos e informaci\u00f3n relacionada con posibles riesgos para el proceso electoral en Ruman\u00eda, despu\u00e9s de que el Consejo de Defensa del pa\u00eds se\u00f1al\u00f3 que la campa\u00f1a presidencial de, Calin Georgescu, vencedor inesperado en la primera vuelta, se vio beneficiado [&hellip;]","og_url":"https:\/\/www.eldiario.net\/portal\/2024\/12\/06\/ordenan-a-tiktok-guardar-datos-relacionados-con-proceso-electoral\/","og_site_name":"El Diario - Bolivia","article_publisher":"https:\/\/www.facebook.com\/eldiario.bolivia\/","article_published_time":"2024-12-06T10:00:24+00:00","og_image":[{"width":1200,"height":630,"url":"https:\/\/www.eldiario.net\/portal\/wp-content\/uploads\/2024\/12\/PROCESO-ABC.jpg","type":"image\/jpeg"}],"author":"Jeanette","twitter_card":"summary_large_image","twitter_creator":"@eldiario_net","twitter_site":"@eldiario_net","twitter_misc":{"Escrito por":"Jeanette","Tiempo de lectura":"2 minutos"},"schema":{"@context":"https:\/\/schema.org","@graph":[{"@type":"Article","@id":"https:\/\/www.eldiario.net\/portal\/2024\/12\/06\/ordenan-a-tiktok-guardar-datos-relacionados-con-proceso-electoral\/#article","isPartOf":{"@id":"https:\/\/www.eldiario.net\/portal\/2024\/12\/06\/ordenan-a-tiktok-guardar-datos-relacionados-con-proceso-electoral\/"},"author":{"name":"Jeanette","@id":"https:\/\/www.eldiario.net\/portal\/#\/schema\/person\/f46445640444750d7d753ccd04ae01b7"},"headline":"Ordenan a TikTok guardar datos relacionados con proceso electoral","datePublished":"2024-12-06T10:00:24+00:00","mainEntityOfPage":{"@id":"https:\/\/www.eldiario.net\/portal\/2024\/12\/06\/ordenan-a-tiktok-guardar-datos-relacionados-con-proceso-electoral\/"},"wordCount":402,"publisher":{"@id":"https:\/\/www.eldiario.net\/portal\/#organization"},"image":{"@id":"https:\/\/www.eldiario.net\/portal\/2024\/12\/06\/ordenan-a-tiktok-guardar-datos-relacionados-con-proceso-electoral\/#primaryimage"},"thumbnailUrl":"https:\/\/www.eldiario.net\/portal\/wp-content\/uploads\/2024\/12\/PROCESO-ABC.jpg","articleSection":["Internacional"],"inLanguage":"es"},{"@type":"WebPage","@id":"https:\/\/www.eldiario.net\/portal\/2024\/12\/06\/ordenan-a-tiktok-guardar-datos-relacionados-con-proceso-electoral\/","url":"https:\/\/www.eldiario.net\/portal\/2024\/12\/06\/ordenan-a-tiktok-guardar-datos-relacionados-con-proceso-electoral\/","name":"Ordenan a TikTok guardar datos relacionados con proceso electoral - El Diario - Bolivia","isPartOf":{"@id":"https:\/\/www.eldiario.net\/portal\/#website"},"primaryImageOfPage":{"@id":"https:\/\/www.eldiario.net\/portal\/2024\/12\/06\/ordenan-a-tiktok-guardar-datos-relacionados-con-proceso-electoral\/#primaryimage"},"image":{"@id":"https:\/\/www.eldiario.net\/portal\/2024\/12\/06\/ordenan-a-tiktok-guardar-datos-relacionados-con-proceso-electoral\/#primaryimage"},"thumbnailUrl":"https:\/\/www.eldiario.net\/portal\/wp-content\/uploads\/2024\/12\/PROCESO-ABC.jpg","datePublished":"2024-12-06T10:00:24+00:00","breadcrumb":{"@id":"https:\/\/www.eldiario.net\/portal\/2024\/12\/06\/ordenan-a-tiktok-guardar-datos-relacionados-con-proceso-electoral\/#breadcrumb"},"inLanguage":"es","potentialAction":[{"@type":"ReadAction","target":["https:\/\/www.eldiario.net\/portal\/2024\/12\/06\/ordenan-a-tiktok-guardar-datos-relacionados-con-proceso-electoral\/"]}]},{"@type":"ImageObject","inLanguage":"es","@id":"https:\/\/www.eldiario.net\/portal\/2024\/12\/06\/ordenan-a-tiktok-guardar-datos-relacionados-con-proceso-electoral\/#primaryimage","url":"https:\/\/www.eldiario.net\/portal\/wp-content\/uploads\/2024\/12\/PROCESO-ABC.jpg","contentUrl":"https:\/\/www.eldiario.net\/portal\/wp-content\/uploads\/2024\/12\/PROCESO-ABC.jpg","width":1200,"height":630,"caption":"Calin Georgescu, inesperado vencedor en la primera vuelta de las elecciones en Ruman\u00eda. CREDITO: ABC"},{"@type":"BreadcrumbList","@id":"https:\/\/www.eldiario.net\/portal\/2024\/12\/06\/ordenan-a-tiktok-guardar-datos-relacionados-con-proceso-electoral\/#breadcrumb","itemListElement":[{"@type":"ListItem","position":1,"name":"Portada","item":"https:\/\/www.eldiario.net\/portal\/"},{"@type":"ListItem","position":2,"name":"Ordenan a TikTok guardar datos relacionados con proceso electoral"}]},{"@type":"WebSite","@id":"https:\/\/www.eldiario.net\/portal\/#website","url":"https:\/\/www.eldiario.net\/portal\/","name":"El Diario - Decano de la prensa nacional","description":"El Diario - Decano de la prensa nacional","publisher":{"@id":"https:\/\/www.eldiario.net\/portal\/#organization"},"potentialAction":[{"@type":"SearchAction","target":{"@type":"EntryPoint","urlTemplate":"https:\/\/www.eldiario.net\/portal\/?s={search_term_string}"},"query-input":{"@type":"PropertyValueSpecification","valueRequired":true,"valueName":"search_term_string"}}],"inLanguage":"es"},{"@type":"Organization","@id":"https:\/\/www.eldiario.net\/portal\/#organization","name":"El Diario - Decano de la prensa nacional","url":"https:\/\/www.eldiario.net\/portal\/","logo":{"@type":"ImageObject","inLanguage":"es","@id":"https:\/\/www.eldiario.net\/portal\/#\/schema\/logo\/image\/","url":"https:\/\/www.eldiario.net\/portal\/wp-content\/uploads\/2023\/07\/logo_ED.jpg","contentUrl":"https:\/\/www.eldiario.net\/portal\/wp-content\/uploads\/2023\/07\/logo_ED.jpg","width":272,"height":52,"caption":"El Diario - Decano de la prensa nacional"},"image":{"@id":"https:\/\/www.eldiario.net\/portal\/#\/schema\/logo\/image\/"},"sameAs":["https:\/\/www.facebook.com\/eldiario.bolivia\/","https:\/\/x.com\/eldiario_net"]},{"@type":"Person","@id":"https:\/\/www.eldiario.net\/portal\/#\/schema\/person\/f46445640444750d7d753ccd04ae01b7","name":"Jeanette","image":{"@type":"ImageObject","inLanguage":"es","@id":"https:\/\/secure.gravatar.com\/avatar\/3ea2118a5f7dad2b7138b1187a6b7ee55f160b9968b66013c3a3ef39dd7e5798?s=96&d=mm&r=g","url":"https:\/\/secure.gravatar.com\/avatar\/3ea2118a5f7dad2b7138b1187a6b7ee55f160b9968b66013c3a3ef39dd7e5798?s=96&d=mm&r=g","contentUrl":"https:\/\/secure.gravatar.com\/avatar\/3ea2118a5f7dad2b7138b1187a6b7ee55f160b9968b66013c3a3ef39dd7e5798?s=96&d=mm&r=g","caption":"Jeanette"},"sameAs":["https:\/\/www.eldiario.net\/portal"],"url":"https:\/\/www.eldiario.net\/portal\/author\/jeanette\/"}]}},"_links":{"self":[{"href":"https:\/\/www.eldiario.net\/portal\/wp-json\/wp\/v2\/posts\/266016","targetHints":{"allow":["GET"]}}],"collection":[{"href":"https:\/\/www.eldiario.net\/portal\/wp-json\/wp\/v2\/posts"}],"about":[{"href":"https:\/\/www.eldiario.net\/portal\/wp-json\/wp\/v2\/types\/post"}],"author":[{"embeddable":true,"href":"https:\/\/www.eldiario.net\/portal\/wp-json\/wp\/v2\/users\/1"}],"replies":[{"embeddable":true,"href":"https:\/\/www.eldiario.net\/portal\/wp-json\/wp\/v2\/comments?post=266016"}],"version-history":[{"count":1,"href":"https:\/\/www.eldiario.net\/portal\/wp-json\/wp\/v2\/posts\/266016\/revisions"}],"predecessor-version":[{"id":266018,"href":"https:\/\/www.eldiario.net\/portal\/wp-json\/wp\/v2\/posts\/266016\/revisions\/266018"}],"wp:featuredmedia":[{"embeddable":true,"href":"https:\/\/www.eldiario.net\/portal\/wp-json\/wp\/v2\/media\/266017"}],"wp:attachment":[{"href":"https:\/\/www.eldiario.net\/portal\/wp-json\/wp\/v2\/media?parent=266016"}],"wp:term":[{"taxonomy":"category","embeddable":true,"href":"https:\/\/www.eldiario.net\/portal\/wp-json\/wp\/v2\/categories?post=266016"},{"taxonomy":"post_tag","embeddable":true,"href":"https:\/\/www.eldiario.net\/portal\/wp-json\/wp\/v2\/tags?post=266016"}],"curies":[{"name":"wp","href":"https:\/\/api.w.org\/{rel}","templated":true}]}}