{"id":266010,"date":"2024-12-06T05:58:23","date_gmt":"2024-12-06T09:58:23","guid":{"rendered":"https:\/\/www.eldiario.net\/portal\/?p=266010"},"modified":"2024-12-06T05:58:23","modified_gmt":"2024-12-06T09:58:23","slug":"ucrania-sanciona-a-lider-de-sueno-georgiano-por-entregarlo-a-rusia","status":"publish","type":"post","link":"https:\/\/www.eldiario.net\/portal\/2024\/12\/06\/ucrania-sanciona-a-lider-de-sueno-georgiano-por-entregarlo-a-rusia\/","title":{"rendered":"Ucrania sanciona a l\u00edder de Sue\u00f1o  Georgiano por entregarlo a Rusia"},"content":{"rendered":"<p class=\"v1MsoNormal\">Las autoridades de Ucrania impusieron ayer sanciones contra el l\u00edder del partido Sue\u00f1o Georgiano, Bidzina Ivanishvili, al que acusa de \u00abentregar Georgia\u00bb al presidente de Rusia, Vladimir Putin, en medio de la represi\u00f3n de las protestas antigubernamentales de<\/p>\n<p class=\"v1MsoNormal\">los \u00faltimos d\u00edas.<\/p>\n<p class=\"v1MsoNormal\">El presidente ucraniano, Volodimir Zelenski, se\u00f1al\u00f3 que promulg\u00f3 un decreto para \u00abdar curso\u00bb a la decisi\u00f3n del Consejo de Seguridad Nacional y Defensa en este sentido de sancionar \u00aba la parte del Gobierno georgiano que entrega Georgia a Putin\u00bb.<\/p>\n<p class=\"v1MsoNormal\">Las sanciones afectan a Ivanishvili y a \u00absus c\u00f3mplices\u00bb, para un total de 19 personas. \u00abSon los que est\u00e1n vendiendo los intereses de Georgia y de su pueblo\u00bb, insisti\u00f3, un d\u00eda despu\u00e9s de acusar al Gobierno de Georgia de empujar al pa\u00eds a una \u00abclara dependencia de Rusia\u00bb.<\/p>\n<p class=\"v1MsoNormal\">\u00abEste es el asunto que alimenta las protestas que tienen lugar en Georgia. Es crucial que nuestros socios tambi\u00e9n muestren su posici\u00f3n ahora, afirmando abiertamente lo que est\u00e1 pasando\u00bb, sostuvo, antes de reclamar \u00abacciones\u00bb a sus socios.<\/p>\n<p class=\"v1MsoNormal\">\u00abAs\u00ed es como funciona en los asuntos internacionales. Si no se responde a tiempo o se falla a la hora de responder con principios, se pierden d\u00e9cadas y los pa\u00edses ven c\u00f3mo se les roba su libertad\u00bb, explic\u00f3, seg\u00fan un comunicado publicado por la Presidencia ucraniana.<\/p>\n<p class=\"v1MsoNormal\">En este sentido, Zelenski ahond\u00f3 en que \u00abno hay que perder a nadie en esta regi\u00f3n\u00bb. \u00abNi Georgia, ni Moldavia, ni Ucrania. Debemos permanecer unidos a la hora de defendernos frente a Mosc\u00fa\u00bb, manifest\u00f3, al tiempo que pidi\u00f3 a sus socios \u00abactuar por principios\u00bb.<\/p>\n<p class=\"v1MsoNormal\">\n<p class=\"v1MsoNormal\">PRESIDENTA DE GEORGIA<\/p>\n<p class=\"v1MsoNormal\">La presidenta de Georgia, Salom\u00e9 Zurabishvili, reaccion\u00f3 r\u00e1pidamente a la decisi\u00f3n anunciada por Zelenski, a quien agradeci\u00f3 la medida. \u00abNo podr\u00eda decirlo mejor, gracias Volodimir\u00bb, manifest\u00f3 la mandataria georgiana.<\/p>\n<p class=\"v1MsoNormal\">En su perfil en redes sociales, la presidenta Zurabishvili aprovech\u00f3 para alertar de que Rusia \u00abest\u00e1 intentando retomar el control del mar Negro\u00bb. Mosc\u00fa se anex\u00f3 Crimea en 2014 y durante la guerra de Ucrania logr\u00f3 avances en este litoral<\/p>\n<p class=\"v1MsoNormal\">Ucrania se suma as\u00ed a pa\u00edses como Estonia, Letonia y Lituania, que el lunes anunciaron sanciones contra Ivanishvili y otros miembros del Gobierno de Georgia por la represi\u00f3n de las protestas, desencadenadas tras el anuncio del Ejecutivo de abandonar al menos hasta finales de 2028 las negociaciones para el ingreso en la Uni\u00f3n Europea (UE).<\/p>\n<p class=\"v1MsoNormal\">El anuncio llega un d\u00eda despu\u00e9s de que la Polic\u00eda detuviera al l\u00edder del partido opositor y europe\u00edsta Ahali, Nika Gvaramia, durante una redada realizada en la sede de la formaci\u00f3n en Tiflis, la capital del pa\u00eds, a medida que aumenta la tensi\u00f3n tras seis jornadas consecutivas de protestas.<\/p>\n<p class=\"v1MsoNormal\">Las manifestaciones contin\u00faan a medida que el primer ministro, Irakli Kobajidze, se enfrenta a la oposici\u00f3n y la presidenta del pa\u00eds, Salom\u00e9 Zurabishvili, que insisten en que las instituciones fueron \u00absecuestradas\u00bb desde los comicios del 26 de octubre y reivindican que se celebre un nuevo proceso electoral que d\u00e9 salida a la crisis interna.<\/p>\n<p class=\"v1MsoNormal\">No obstante, el Parlamento ya aprob\u00f3 la convocatoria de las elecciones presidenciales, que tendr\u00e1n lugar el 14 de diciembre y pondr\u00e1n fin al mandato de Zurabishvili como jefa de Estado a pesar de que recalc\u00f3 que no abandonar\u00e1 el cargo hasta que se repitan las elecciones, que se saldaron con la victoria del partido gubernamental Sue\u00f1o Georgiano por un estrecho margen y entre denuncias de fraude.(EP)<\/p>\n","protected":false},"excerpt":{"rendered":"<p>Las autoridades de Ucrania impusieron ayer sanciones contra el l\u00edder del partido Sue\u00f1o Georgiano, Bidzina Ivanishvili, al que acusa de \u00abentregar Georgia\u00bb al presidente de Rusia, Vladimir Putin, en medio de la represi\u00f3n de las protestas antigubernamentales de los \u00faltimos d\u00edas. El presidente ucraniano, Volodimir Zelenski, se\u00f1al\u00f3 que promulg\u00f3 un decreto para \u00abdar curso\u00bb a [&hellip;]<\/p>\n","protected":false},"author":1,"featured_media":266011,"comment_status":"closed","ping_status":"open","sticky":false,"template":"","format":"standard","meta":{"_acf_changed":false,"footnotes":""},"categories":[3],"tags":[],"class_list":["post-266010","post","type-post","status-publish","format-standard","has-post-thumbnail","category-internacional"],"acf":{"antetitulo":""},"yoast_head":"<!-- This site is optimized with the Yoast SEO plugin v28.3 - https:\/\/yoast.com\/product\/yoast-seo-wordpress\/ -->\n<title>Ucrania sanciona a l\u00edder de Sue\u00f1o Georgiano por entregarlo a Rusia - El Diario - Bolivia<\/title>\n<meta name=\"robots\" content=\"index, follow, max-snippet:-1, max-image-preview:large, max-video-preview:-1\" \/>\n<link rel=\"canonical\" href=\"https:\/\/www.eldiario.net\/portal\/2024\/12\/06\/ucrania-sanciona-a-lider-de-sueno-georgiano-por-entregarlo-a-rusia\/\" \/>\n<meta property=\"og:locale\" content=\"es_ES\" \/>\n<meta property=\"og:type\" content=\"article\" \/>\n<meta property=\"og:title\" content=\"Ucrania sanciona a l\u00edder de Sue\u00f1o Georgiano por entregarlo a Rusia - El Diario - Bolivia\" \/>\n<meta property=\"og:description\" content=\"Las autoridades de Ucrania impusieron ayer sanciones contra el l\u00edder del partido Sue\u00f1o Georgiano, Bidzina Ivanishvili, al que acusa de \u00abentregar Georgia\u00bb al presidente de Rusia, Vladimir Putin, en medio de la represi\u00f3n de las protestas antigubernamentales de los \u00faltimos d\u00edas. El presidente ucraniano, Volodimir Zelenski, se\u00f1al\u00f3 que promulg\u00f3 un decreto para \u00abdar curso\u00bb a [&hellip;]\" \/>\n<meta property=\"og:url\" content=\"https:\/\/www.eldiario.net\/portal\/2024\/12\/06\/ucrania-sanciona-a-lider-de-sueno-georgiano-por-entregarlo-a-rusia\/\" \/>\n<meta property=\"og:site_name\" content=\"El Diario - Bolivia\" \/>\n<meta property=\"article:publisher\" content=\"https:\/\/www.facebook.com\/eldiario.bolivia\/\" \/>\n<meta property=\"article:published_time\" content=\"2024-12-06T09:58:23+00:00\" \/>\n<meta property=\"og:image\" content=\"https:\/\/www.eldiario.net\/portal\/wp-content\/uploads\/2024\/12\/UCRANIA-El-Correo.jpg\" \/>\n\t<meta property=\"og:image:width\" content=\"1920\" \/>\n\t<meta property=\"og:image:height\" content=\"1080\" \/>\n\t<meta property=\"og:image:type\" content=\"image\/jpeg\" \/>\n<meta name=\"author\" content=\"Jeanette\" \/>\n<meta name=\"twitter:card\" content=\"summary_large_image\" \/>\n<meta name=\"twitter:creator\" content=\"@eldiario_net\" \/>\n<meta name=\"twitter:site\" content=\"@eldiario_net\" \/>\n<meta name=\"twitter:label1\" content=\"Escrito por\" \/>\n\t<meta name=\"twitter:data1\" content=\"Jeanette\" \/>\n\t<meta name=\"twitter:label2\" content=\"Tiempo de lectura\" \/>\n\t<meta name=\"twitter:data2\" content=\"3 minutos\" \/>\n<script type=\"application\/ld+json\" class=\"yoast-schema-graph\">{\"@context\":\"https:\\\/\\\/schema.org\",\"@graph\":[{\"@type\":\"Article\",\"@id\":\"https:\\\/\\\/www.eldiario.net\\\/portal\\\/2024\\\/12\\\/06\\\/ucrania-sanciona-a-lider-de-sueno-georgiano-por-entregarlo-a-rusia\\\/#article\",\"isPartOf\":{\"@id\":\"https:\\\/\\\/www.eldiario.net\\\/portal\\\/2024\\\/12\\\/06\\\/ucrania-sanciona-a-lider-de-sueno-georgiano-por-entregarlo-a-rusia\\\/\"},\"author\":{\"name\":\"Jeanette\",\"@id\":\"https:\\\/\\\/www.eldiario.net\\\/portal\\\/#\\\/schema\\\/person\\\/f46445640444750d7d753ccd04ae01b7\"},\"headline\":\"Ucrania sanciona a l\u00edder de Sue\u00f1o Georgiano por entregarlo a Rusia\",\"datePublished\":\"2024-12-06T09:58:23+00:00\",\"mainEntityOfPage\":{\"@id\":\"https:\\\/\\\/www.eldiario.net\\\/portal\\\/2024\\\/12\\\/06\\\/ucrania-sanciona-a-lider-de-sueno-georgiano-por-entregarlo-a-rusia\\\/\"},\"wordCount\":598,\"publisher\":{\"@id\":\"https:\\\/\\\/www.eldiario.net\\\/portal\\\/#organization\"},\"image\":{\"@id\":\"https:\\\/\\\/www.eldiario.net\\\/portal\\\/2024\\\/12\\\/06\\\/ucrania-sanciona-a-lider-de-sueno-georgiano-por-entregarlo-a-rusia\\\/#primaryimage\"},\"thumbnailUrl\":\"https:\\\/\\\/www.eldiario.net\\\/portal\\\/wp-content\\\/uploads\\\/2024\\\/12\\\/UCRANIA-El-Correo.jpg\",\"articleSection\":[\"Internacional\"],\"inLanguage\":\"es\"},{\"@type\":\"WebPage\",\"@id\":\"https:\\\/\\\/www.eldiario.net\\\/portal\\\/2024\\\/12\\\/06\\\/ucrania-sanciona-a-lider-de-sueno-georgiano-por-entregarlo-a-rusia\\\/\",\"url\":\"https:\\\/\\\/www.eldiario.net\\\/portal\\\/2024\\\/12\\\/06\\\/ucrania-sanciona-a-lider-de-sueno-georgiano-por-entregarlo-a-rusia\\\/\",\"name\":\"Ucrania sanciona a l\u00edder de Sue\u00f1o Georgiano por entregarlo a Rusia - El Diario - Bolivia\",\"isPartOf\":{\"@id\":\"https:\\\/\\\/www.eldiario.net\\\/portal\\\/#website\"},\"primaryImageOfPage\":{\"@id\":\"https:\\\/\\\/www.eldiario.net\\\/portal\\\/2024\\\/12\\\/06\\\/ucrania-sanciona-a-lider-de-sueno-georgiano-por-entregarlo-a-rusia\\\/#primaryimage\"},\"image\":{\"@id\":\"https:\\\/\\\/www.eldiario.net\\\/portal\\\/2024\\\/12\\\/06\\\/ucrania-sanciona-a-lider-de-sueno-georgiano-por-entregarlo-a-rusia\\\/#primaryimage\"},\"thumbnailUrl\":\"https:\\\/\\\/www.eldiario.net\\\/portal\\\/wp-content\\\/uploads\\\/2024\\\/12\\\/UCRANIA-El-Correo.jpg\",\"datePublished\":\"2024-12-06T09:58:23+00:00\",\"breadcrumb\":{\"@id\":\"https:\\\/\\\/www.eldiario.net\\\/portal\\\/2024\\\/12\\\/06\\\/ucrania-sanciona-a-lider-de-sueno-georgiano-por-entregarlo-a-rusia\\\/#breadcrumb\"},\"inLanguage\":\"es\",\"potentialAction\":[{\"@type\":\"ReadAction\",\"target\":[\"https:\\\/\\\/www.eldiario.net\\\/portal\\\/2024\\\/12\\\/06\\\/ucrania-sanciona-a-lider-de-sueno-georgiano-por-entregarlo-a-rusia\\\/\"]}]},{\"@type\":\"ImageObject\",\"inLanguage\":\"es\",\"@id\":\"https:\\\/\\\/www.eldiario.net\\\/portal\\\/2024\\\/12\\\/06\\\/ucrania-sanciona-a-lider-de-sueno-georgiano-por-entregarlo-a-rusia\\\/#primaryimage\",\"url\":\"https:\\\/\\\/www.eldiario.net\\\/portal\\\/wp-content\\\/uploads\\\/2024\\\/12\\\/UCRANIA-El-Correo.jpg\",\"contentUrl\":\"https:\\\/\\\/www.eldiario.net\\\/portal\\\/wp-content\\\/uploads\\\/2024\\\/12\\\/UCRANIA-El-Correo.jpg\",\"width\":1920,\"height\":1080,\"caption\":\"El presidente de Ucrania, Volodimir Zelenski. CREDITO: El Correo\"},{\"@type\":\"BreadcrumbList\",\"@id\":\"https:\\\/\\\/www.eldiario.net\\\/portal\\\/2024\\\/12\\\/06\\\/ucrania-sanciona-a-lider-de-sueno-georgiano-por-entregarlo-a-rusia\\\/#breadcrumb\",\"itemListElement\":[{\"@type\":\"ListItem\",\"position\":1,\"name\":\"Portada\",\"item\":\"https:\\\/\\\/www.eldiario.net\\\/portal\\\/\"},{\"@type\":\"ListItem\",\"position\":2,\"name\":\"Ucrania sanciona a l\u00edder de Sue\u00f1o Georgiano por entregarlo a Rusia\"}]},{\"@type\":\"WebSite\",\"@id\":\"https:\\\/\\\/www.eldiario.net\\\/portal\\\/#website\",\"url\":\"https:\\\/\\\/www.eldiario.net\\\/portal\\\/\",\"name\":\"El Diario - Decano de la prensa nacional\",\"description\":\"El Diario - Decano de la prensa nacional\",\"publisher\":{\"@id\":\"https:\\\/\\\/www.eldiario.net\\\/portal\\\/#organization\"},\"potentialAction\":[{\"@type\":\"SearchAction\",\"target\":{\"@type\":\"EntryPoint\",\"urlTemplate\":\"https:\\\/\\\/www.eldiario.net\\\/portal\\\/?s={search_term_string}\"},\"query-input\":{\"@type\":\"PropertyValueSpecification\",\"valueRequired\":true,\"valueName\":\"search_term_string\"}}],\"inLanguage\":\"es\"},{\"@type\":\"Organization\",\"@id\":\"https:\\\/\\\/www.eldiario.net\\\/portal\\\/#organization\",\"name\":\"El Diario - Decano de la prensa nacional\",\"url\":\"https:\\\/\\\/www.eldiario.net\\\/portal\\\/\",\"logo\":{\"@type\":\"ImageObject\",\"inLanguage\":\"es\",\"@id\":\"https:\\\/\\\/www.eldiario.net\\\/portal\\\/#\\\/schema\\\/logo\\\/image\\\/\",\"url\":\"https:\\\/\\\/www.eldiario.net\\\/portal\\\/wp-content\\\/uploads\\\/2023\\\/07\\\/logo_ED.jpg\",\"contentUrl\":\"https:\\\/\\\/www.eldiario.net\\\/portal\\\/wp-content\\\/uploads\\\/2023\\\/07\\\/logo_ED.jpg\",\"width\":272,\"height\":52,\"caption\":\"El Diario - Decano de la prensa nacional\"},\"image\":{\"@id\":\"https:\\\/\\\/www.eldiario.net\\\/portal\\\/#\\\/schema\\\/logo\\\/image\\\/\"},\"sameAs\":[\"https:\\\/\\\/www.facebook.com\\\/eldiario.bolivia\\\/\",\"https:\\\/\\\/x.com\\\/eldiario_net\"]},{\"@type\":\"Person\",\"@id\":\"https:\\\/\\\/www.eldiario.net\\\/portal\\\/#\\\/schema\\\/person\\\/f46445640444750d7d753ccd04ae01b7\",\"name\":\"Jeanette\",\"image\":{\"@type\":\"ImageObject\",\"inLanguage\":\"es\",\"@id\":\"https:\\\/\\\/secure.gravatar.com\\\/avatar\\\/3ea2118a5f7dad2b7138b1187a6b7ee55f160b9968b66013c3a3ef39dd7e5798?s=96&d=mm&r=g\",\"url\":\"https:\\\/\\\/secure.gravatar.com\\\/avatar\\\/3ea2118a5f7dad2b7138b1187a6b7ee55f160b9968b66013c3a3ef39dd7e5798?s=96&d=mm&r=g\",\"contentUrl\":\"https:\\\/\\\/secure.gravatar.com\\\/avatar\\\/3ea2118a5f7dad2b7138b1187a6b7ee55f160b9968b66013c3a3ef39dd7e5798?s=96&d=mm&r=g\",\"caption\":\"Jeanette\"},\"sameAs\":[\"https:\\\/\\\/www.eldiario.net\\\/portal\"],\"url\":\"https:\\\/\\\/www.eldiario.net\\\/portal\\\/author\\\/jeanette\\\/\"}]}<\/script>\n<!-- \/ Yoast SEO plugin. -->","yoast_head_json":{"title":"Ucrania sanciona a l\u00edder de Sue\u00f1o Georgiano por entregarlo a Rusia - El Diario - Bolivia","robots":{"index":"index","follow":"follow","max-snippet":"max-snippet:-1","max-image-preview":"max-image-preview:large","max-video-preview":"max-video-preview:-1"},"canonical":"https:\/\/www.eldiario.net\/portal\/2024\/12\/06\/ucrania-sanciona-a-lider-de-sueno-georgiano-por-entregarlo-a-rusia\/","og_locale":"es_ES","og_type":"article","og_title":"Ucrania sanciona a l\u00edder de Sue\u00f1o Georgiano por entregarlo a Rusia - El Diario - Bolivia","og_description":"Las autoridades de Ucrania impusieron ayer sanciones contra el l\u00edder del partido Sue\u00f1o Georgiano, Bidzina Ivanishvili, al que acusa de \u00abentregar Georgia\u00bb al presidente de Rusia, Vladimir Putin, en medio de la represi\u00f3n de las protestas antigubernamentales de los \u00faltimos d\u00edas. El presidente ucraniano, Volodimir Zelenski, se\u00f1al\u00f3 que promulg\u00f3 un decreto para \u00abdar curso\u00bb a [&hellip;]","og_url":"https:\/\/www.eldiario.net\/portal\/2024\/12\/06\/ucrania-sanciona-a-lider-de-sueno-georgiano-por-entregarlo-a-rusia\/","og_site_name":"El Diario - Bolivia","article_publisher":"https:\/\/www.facebook.com\/eldiario.bolivia\/","article_published_time":"2024-12-06T09:58:23+00:00","og_image":[{"width":1920,"height":1080,"url":"https:\/\/www.eldiario.net\/portal\/wp-content\/uploads\/2024\/12\/UCRANIA-El-Correo.jpg","type":"image\/jpeg"}],"author":"Jeanette","twitter_card":"summary_large_image","twitter_creator":"@eldiario_net","twitter_site":"@eldiario_net","twitter_misc":{"Escrito por":"Jeanette","Tiempo de lectura":"3 minutos"},"schema":{"@context":"https:\/\/schema.org","@graph":[{"@type":"Article","@id":"https:\/\/www.eldiario.net\/portal\/2024\/12\/06\/ucrania-sanciona-a-lider-de-sueno-georgiano-por-entregarlo-a-rusia\/#article","isPartOf":{"@id":"https:\/\/www.eldiario.net\/portal\/2024\/12\/06\/ucrania-sanciona-a-lider-de-sueno-georgiano-por-entregarlo-a-rusia\/"},"author":{"name":"Jeanette","@id":"https:\/\/www.eldiario.net\/portal\/#\/schema\/person\/f46445640444750d7d753ccd04ae01b7"},"headline":"Ucrania sanciona a l\u00edder de Sue\u00f1o Georgiano por entregarlo a Rusia","datePublished":"2024-12-06T09:58:23+00:00","mainEntityOfPage":{"@id":"https:\/\/www.eldiario.net\/portal\/2024\/12\/06\/ucrania-sanciona-a-lider-de-sueno-georgiano-por-entregarlo-a-rusia\/"},"wordCount":598,"publisher":{"@id":"https:\/\/www.eldiario.net\/portal\/#organization"},"image":{"@id":"https:\/\/www.eldiario.net\/portal\/2024\/12\/06\/ucrania-sanciona-a-lider-de-sueno-georgiano-por-entregarlo-a-rusia\/#primaryimage"},"thumbnailUrl":"https:\/\/www.eldiario.net\/portal\/wp-content\/uploads\/2024\/12\/UCRANIA-El-Correo.jpg","articleSection":["Internacional"],"inLanguage":"es"},{"@type":"WebPage","@id":"https:\/\/www.eldiario.net\/portal\/2024\/12\/06\/ucrania-sanciona-a-lider-de-sueno-georgiano-por-entregarlo-a-rusia\/","url":"https:\/\/www.eldiario.net\/portal\/2024\/12\/06\/ucrania-sanciona-a-lider-de-sueno-georgiano-por-entregarlo-a-rusia\/","name":"Ucrania sanciona a l\u00edder de Sue\u00f1o Georgiano por entregarlo a Rusia - El Diario - Bolivia","isPartOf":{"@id":"https:\/\/www.eldiario.net\/portal\/#website"},"primaryImageOfPage":{"@id":"https:\/\/www.eldiario.net\/portal\/2024\/12\/06\/ucrania-sanciona-a-lider-de-sueno-georgiano-por-entregarlo-a-rusia\/#primaryimage"},"image":{"@id":"https:\/\/www.eldiario.net\/portal\/2024\/12\/06\/ucrania-sanciona-a-lider-de-sueno-georgiano-por-entregarlo-a-rusia\/#primaryimage"},"thumbnailUrl":"https:\/\/www.eldiario.net\/portal\/wp-content\/uploads\/2024\/12\/UCRANIA-El-Correo.jpg","datePublished":"2024-12-06T09:58:23+00:00","breadcrumb":{"@id":"https:\/\/www.eldiario.net\/portal\/2024\/12\/06\/ucrania-sanciona-a-lider-de-sueno-georgiano-por-entregarlo-a-rusia\/#breadcrumb"},"inLanguage":"es","potentialAction":[{"@type":"ReadAction","target":["https:\/\/www.eldiario.net\/portal\/2024\/12\/06\/ucrania-sanciona-a-lider-de-sueno-georgiano-por-entregarlo-a-rusia\/"]}]},{"@type":"ImageObject","inLanguage":"es","@id":"https:\/\/www.eldiario.net\/portal\/2024\/12\/06\/ucrania-sanciona-a-lider-de-sueno-georgiano-por-entregarlo-a-rusia\/#primaryimage","url":"https:\/\/www.eldiario.net\/portal\/wp-content\/uploads\/2024\/12\/UCRANIA-El-Correo.jpg","contentUrl":"https:\/\/www.eldiario.net\/portal\/wp-content\/uploads\/2024\/12\/UCRANIA-El-Correo.jpg","width":1920,"height":1080,"caption":"El presidente de Ucrania, Volodimir Zelenski. CREDITO: El Correo"},{"@type":"BreadcrumbList","@id":"https:\/\/www.eldiario.net\/portal\/2024\/12\/06\/ucrania-sanciona-a-lider-de-sueno-georgiano-por-entregarlo-a-rusia\/#breadcrumb","itemListElement":[{"@type":"ListItem","position":1,"name":"Portada","item":"https:\/\/www.eldiario.net\/portal\/"},{"@type":"ListItem","position":2,"name":"Ucrania sanciona a l\u00edder de Sue\u00f1o Georgiano por entregarlo a Rusia"}]},{"@type":"WebSite","@id":"https:\/\/www.eldiario.net\/portal\/#website","url":"https:\/\/www.eldiario.net\/portal\/","name":"El Diario - Decano de la prensa nacional","description":"El Diario - Decano de la prensa nacional","publisher":{"@id":"https:\/\/www.eldiario.net\/portal\/#organization"},"potentialAction":[{"@type":"SearchAction","target":{"@type":"EntryPoint","urlTemplate":"https:\/\/www.eldiario.net\/portal\/?s={search_term_string}"},"query-input":{"@type":"PropertyValueSpecification","valueRequired":true,"valueName":"search_term_string"}}],"inLanguage":"es"},{"@type":"Organization","@id":"https:\/\/www.eldiario.net\/portal\/#organization","name":"El Diario - Decano de la prensa nacional","url":"https:\/\/www.eldiario.net\/portal\/","logo":{"@type":"ImageObject","inLanguage":"es","@id":"https:\/\/www.eldiario.net\/portal\/#\/schema\/logo\/image\/","url":"https:\/\/www.eldiario.net\/portal\/wp-content\/uploads\/2023\/07\/logo_ED.jpg","contentUrl":"https:\/\/www.eldiario.net\/portal\/wp-content\/uploads\/2023\/07\/logo_ED.jpg","width":272,"height":52,"caption":"El Diario - Decano de la prensa nacional"},"image":{"@id":"https:\/\/www.eldiario.net\/portal\/#\/schema\/logo\/image\/"},"sameAs":["https:\/\/www.facebook.com\/eldiario.bolivia\/","https:\/\/x.com\/eldiario_net"]},{"@type":"Person","@id":"https:\/\/www.eldiario.net\/portal\/#\/schema\/person\/f46445640444750d7d753ccd04ae01b7","name":"Jeanette","image":{"@type":"ImageObject","inLanguage":"es","@id":"https:\/\/secure.gravatar.com\/avatar\/3ea2118a5f7dad2b7138b1187a6b7ee55f160b9968b66013c3a3ef39dd7e5798?s=96&d=mm&r=g","url":"https:\/\/secure.gravatar.com\/avatar\/3ea2118a5f7dad2b7138b1187a6b7ee55f160b9968b66013c3a3ef39dd7e5798?s=96&d=mm&r=g","contentUrl":"https:\/\/secure.gravatar.com\/avatar\/3ea2118a5f7dad2b7138b1187a6b7ee55f160b9968b66013c3a3ef39dd7e5798?s=96&d=mm&r=g","caption":"Jeanette"},"sameAs":["https:\/\/www.eldiario.net\/portal"],"url":"https:\/\/www.eldiario.net\/portal\/author\/jeanette\/"}]}},"_links":{"self":[{"href":"https:\/\/www.eldiario.net\/portal\/wp-json\/wp\/v2\/posts\/266010","targetHints":{"allow":["GET"]}}],"collection":[{"href":"https:\/\/www.eldiario.net\/portal\/wp-json\/wp\/v2\/posts"}],"about":[{"href":"https:\/\/www.eldiario.net\/portal\/wp-json\/wp\/v2\/types\/post"}],"author":[{"embeddable":true,"href":"https:\/\/www.eldiario.net\/portal\/wp-json\/wp\/v2\/users\/1"}],"replies":[{"embeddable":true,"href":"https:\/\/www.eldiario.net\/portal\/wp-json\/wp\/v2\/comments?post=266010"}],"version-history":[{"count":1,"href":"https:\/\/www.eldiario.net\/portal\/wp-json\/wp\/v2\/posts\/266010\/revisions"}],"predecessor-version":[{"id":266012,"href":"https:\/\/www.eldiario.net\/portal\/wp-json\/wp\/v2\/posts\/266010\/revisions\/266012"}],"wp:featuredmedia":[{"embeddable":true,"href":"https:\/\/www.eldiario.net\/portal\/wp-json\/wp\/v2\/media\/266011"}],"wp:attachment":[{"href":"https:\/\/www.eldiario.net\/portal\/wp-json\/wp\/v2\/media?parent=266010"}],"wp:term":[{"taxonomy":"category","embeddable":true,"href":"https:\/\/www.eldiario.net\/portal\/wp-json\/wp\/v2\/categories?post=266010"},{"taxonomy":"post_tag","embeddable":true,"href":"https:\/\/www.eldiario.net\/portal\/wp-json\/wp\/v2\/tags?post=266010"}],"curies":[{"name":"wp","href":"https:\/\/api.w.org\/{rel}","templated":true}]}}