{"id":266007,"date":"2024-12-06T05:57:39","date_gmt":"2024-12-06T09:57:39","guid":{"rendered":"https:\/\/www.eldiario.net\/portal\/?p=266007"},"modified":"2024-12-06T05:58:49","modified_gmt":"2024-12-06T09:58:49","slug":"criticas-a-rusia-por-invasion-de-ucrania-en-cumbre-osce","status":"publish","type":"post","link":"https:\/\/www.eldiario.net\/portal\/2024\/12\/06\/criticas-a-rusia-por-invasion-de-ucrania-en-cumbre-osce\/","title":{"rendered":"Cr\u00edticas a Rusia por invasi\u00f3n  de Ucrania en cumbre OSCE"},"content":{"rendered":"<p class=\"v1MsoNormal\">La reuni\u00f3n de ministros de Exteriores de la Organizaci\u00f3n para la Seguridad y la Cooperaci\u00f3n en Europa (OSCE) inici\u00f3 ayer en Malta con cr\u00edticas a uno de los pa\u00edses presentes, Rusia, al que varios ministros afearon su invasi\u00f3n de Ucrania en presencia del ministro de Exteriores, Sergei Lavrov.<\/p>\n<p class=\"v1MsoNormal\">El jefe de la diplomacia ucraniana, Andri Sibiga, fue uno de los m\u00e1s cr\u00edticos, con un discurso contra las \u00abatrocidades\u00bb en el que describi\u00f3 a Rusia contra \u00abla mayor amenaza para la seguridad del mundo\u00bb. Le acusa de justificar la invasi\u00f3n con falsos pretextos y ahora de \u00abmentir\u00bb cuando dice que quiere la paz.<\/p>\n<p class=\"v1MsoNormal\">\u00abHablan de negociaciones s\u00f3lo para distraer la atenci\u00f3n de lo que realmente hacen. Hay que observar sus acciones, no sus palabras\u00bb, lament\u00f3 Sibiga, antes de recordar la m\u00e1s reciente ola de ataques contra infraestructuras cr\u00edticas y objetivos civiles de Ucrania.<\/p>\n<p class=\"v1MsoNormal\">As\u00ed, llam\u00f3 a no considerar a Rusia un \u00absocio\u00bb de la UE, ya que su mera participaci\u00f3n en esta organizaci\u00f3n representa \u00abuna amenaza para la cooperaci\u00f3n en Europa\u00bb, seg\u00fan el discurso recogido por el Ministerio de Exteriores, que confirm\u00f3 tambi\u00e9n la salida de Sibiga y otros ministros de la sala antes del discurso de Lavrov.<\/p>\n<p class=\"v1MsoNormal\">Por su parte, el titular de Exteriores ruso denunci\u00f3 que la OSCE es una \u00abv\u00edctima\u00bb de los esfuerzos por \u00absubordinar\u00bb Europa a los intereses de Estados Unidos. Considera que, tal como est\u00e1 concebida actualmente, no queda \u00abni un s\u00f3lo \u00e1mbito\u00bb en el que la OSCE pueda ejercer alg\u00fan papel \u00ab\u00fatil\u00bb para favorecer la seguridad y la cooperaci\u00f3n europea y pregunt\u00f3 si no deber\u00eda haber investigado el sabotaje a los gasoductos Nord Stream, del que se culp\u00f3 a Mosc\u00fa en un primer momento.<\/p>\n<p class=\"v1MsoNormal\">\u00abUna OSCE as\u00ed no tiene sentido\u00bb, sostuvo Lavrov, para quien ahora existe \u00abun riesgo mucho mayor\u00bb de que se repitan los riesgos que se consideraron aparcados tras el fin de la Guerra Fr\u00eda, informa la agencia Interfax. Teme que de una guerra fr\u00eda se pase a otra \u00abcaliente\u00bb al albor de la guerra en Ucrania, intensificada tras la invasi\u00f3n rusa de febrero de 2022.<\/p>\n<p class=\"v1MsoNormal\">\n<p class=\"v1MsoNormal\">SUCESI\u00d3N DE CR\u00cdTICAS<\/p>\n<p class=\"v1MsoNormal\">El ministro malt\u00e9s, Ian Borg, anfitri\u00f3n de la cita, dedic\u00f3 parte de su intervenci\u00f3n a advertir de la seguridad internacional y, en presencia de Lavrov, abog\u00f3 por que la OSCE facilite una paz \u00abjusta y duradera\u00bb en Ucrania. Para ello, consider\u00f3 imprescindible la retirada de las tropas rusas.<\/p>\n<p class=\"v1MsoNormal\">Por su parte, la ministra alemana, Annalena Baerbock, acus\u00f3 a Mosc\u00fa de librar un \u00abjuego c\u00ednico\u00bb dentro de la OSCE. \u00abAl igual que Rusia utiliza bombas y aviones no tripulados para atentar contra la paz y la seguridad en Europa, (el presidente Vladimir) Putin tambi\u00e9n est\u00e1 atacando a la OSCE\u00bb, declar\u00f3, seg\u00fan la agencia de noticias DPA.<\/p>\n<p class=\"v1MsoNormal\">Los gobiernos del este de Europa se hab\u00edan mostrado ya antes de la reuni\u00f3n especialmente cr\u00edticos con la presencia de Lavrov, varios pa\u00edses b\u00e1lticos optaron por rebajar el nivel de su delegaci\u00f3n, y el jefe de la diplomacia polaca, Radoslaw Sikorski, insisti\u00f3 desde La Valeta en que su hom\u00f3logo ruso s\u00f3lo va para \u00abmentir\u00bb.<\/p>\n<p class=\"v1MsoNormal\">\u00abNo me sentar\u00e9 en una mesa con Lavrov\u00bb, adelant\u00f3 Sikorski, partidario de que la OSCE tambi\u00e9n expulse a Rusia de sus filas como hicieron otros organismos internacionales, entre ellos el Consejo de Europa. Fuentes oficiales citadas por el diario \u00abTimes of Malta\u00bb aseguraron que Lavrov causar\u00e1 baja en la cena formal del primer d\u00eda, centrada en la agresi\u00f3n rusa sobre el pa\u00eds vecino.<\/p>\n<p class=\"v1MsoNormal\">La OSCE, sin embargo, tambi\u00e9n acoge a pa\u00edses m\u00e1s afines a las tesis prorrusas como Hungr\u00eda, cuyo ministro, P\u00e9ter Szijj\u00e1rt\u00f3, volvi\u00f3 a verse con Lavrov apenas unos d\u00edas despu\u00e9s de coincidir en Mosc\u00fa. El Gobierno de Viktor Orb\u00e1n ve factible una escalada derivada del conflicto en Ucrania, pero dentro de su denominada \u00abmisi\u00f3n de paz\u00bb es partidario por tender puentes y abrir un di\u00e1logo: \u00abNo hay soluci\u00f3n en el campo de batalla\u00bb.<\/p>\n<p class=\"v1MsoNormal\">\n<p class=\"v1MsoNormal\">PRIMER VIAJE A LA UE<\/p>\n<p class=\"v1MsoNormal\">La OSCE es uno de los pocos foros en los que Rusia a\u00fan puede compartir mesa con los pa\u00edses occidentales que le han impuesto sucesivas olas de sanciones como represalia por la invasi\u00f3n militar de Ucrania. En noviembre, Lavrov tambi\u00e9n encabez\u00f3 la delegaci\u00f3n rusa en la cumbre de l\u00edderes del G20 celebrada en R\u00edo de Janeiro (Brasil).<\/p>\n<p class=\"v1MsoNormal\">El foro de Malta, sin embargo, supuso un hito por ser la primera entrada de Lavrov en territorio de la UE desde el inicio de la agresi\u00f3n, aunque en rueda de prensa, la portavoz del Servicio de Acci\u00f3n Exterior, Anitta Hipper, descart\u00f3 cualquier contacto en Malta entre la Alta Representante de la UE para Pol\u00edtica Exterior, Kaja Kallas, y el ministro ruso.<\/p>\n<p class=\"v1MsoNormal\">Lavrov figura en la lista negra de sanciones del bloque, pero como recuerdan fuentes comunitarias consultadas por Europa Press, sobre \u00e9l no pesa ninguna restricci\u00f3n que impida los viajes, una medida que se hizo precisamente para permitir futuros contactos diplom\u00e1ticos.<\/p>\n<p class=\"v1MsoNormal\">La UE sancion\u00f3 con la congelaci\u00f3n de activos a Lavrov junto al presidente ruso, Vladimir Putin, en una de las primeras rondas de restricciones, pocos d\u00edas despu\u00e9s de la invasi\u00f3n de Ucrania en febrero de 2022, alegando su apoyo activo a acciones que socavan la integridad territorial, la soberan\u00eda y la independencia de Ucrania.(EP)<\/p>\n","protected":false},"excerpt":{"rendered":"<p>La reuni\u00f3n de ministros de Exteriores de la Organizaci\u00f3n para la Seguridad y la Cooperaci\u00f3n en Europa (OSCE) inici\u00f3 ayer en Malta con cr\u00edticas a uno de los pa\u00edses presentes, Rusia, al que varios ministros afearon su invasi\u00f3n de Ucrania en presencia del ministro de Exteriores, Sergei Lavrov. El jefe de la diplomacia ucraniana, Andri [&hellip;]<\/p>\n","protected":false},"author":1,"featured_media":266008,"comment_status":"closed","ping_status":"open","sticky":false,"template":"","format":"standard","meta":{"_acf_changed":false,"footnotes":""},"categories":[3],"tags":[],"class_list":["post-266007","post","type-post","status-publish","format-standard","has-post-thumbnail","category-internacional"],"acf":{"antetitulo":""},"yoast_head":"<!-- This site is optimized with the Yoast SEO plugin v28.3 - https:\/\/yoast.com\/product\/yoast-seo-wordpress\/ -->\n<title>Cr\u00edticas a Rusia por invasi\u00f3n de Ucrania en cumbre OSCE - El Diario - Bolivia<\/title>\n<meta name=\"robots\" content=\"index, follow, max-snippet:-1, max-image-preview:large, max-video-preview:-1\" \/>\n<link rel=\"canonical\" href=\"https:\/\/www.eldiario.net\/portal\/2024\/12\/06\/criticas-a-rusia-por-invasion-de-ucrania-en-cumbre-osce\/\" \/>\n<meta property=\"og:locale\" content=\"es_ES\" \/>\n<meta property=\"og:type\" content=\"article\" \/>\n<meta property=\"og:title\" content=\"Cr\u00edticas a Rusia por invasi\u00f3n de Ucrania en cumbre OSCE - El Diario - Bolivia\" \/>\n<meta property=\"og:description\" content=\"La reuni\u00f3n de ministros de Exteriores de la Organizaci\u00f3n para la Seguridad y la Cooperaci\u00f3n en Europa (OSCE) inici\u00f3 ayer en Malta con cr\u00edticas a uno de los pa\u00edses presentes, Rusia, al que varios ministros afearon su invasi\u00f3n de Ucrania en presencia del ministro de Exteriores, Sergei Lavrov. El jefe de la diplomacia ucraniana, Andri [&hellip;]\" \/>\n<meta property=\"og:url\" content=\"https:\/\/www.eldiario.net\/portal\/2024\/12\/06\/criticas-a-rusia-por-invasion-de-ucrania-en-cumbre-osce\/\" \/>\n<meta property=\"og:site_name\" content=\"El Diario - Bolivia\" \/>\n<meta property=\"article:publisher\" content=\"https:\/\/www.facebook.com\/eldiario.bolivia\/\" \/>\n<meta property=\"article:published_time\" content=\"2024-12-06T09:57:39+00:00\" \/>\n<meta property=\"article:modified_time\" content=\"2024-12-06T09:58:49+00:00\" \/>\n<meta property=\"og:image\" content=\"https:\/\/www.eldiario.net\/portal\/wp-content\/uploads\/2024\/12\/RUSIA-ANF.jpg\" \/>\n\t<meta property=\"og:image:width\" content=\"750\" \/>\n\t<meta property=\"og:image:height\" content=\"420\" \/>\n\t<meta property=\"og:image:type\" content=\"image\/jpeg\" \/>\n<meta name=\"author\" content=\"Jeanette\" \/>\n<meta name=\"twitter:card\" content=\"summary_large_image\" \/>\n<meta name=\"twitter:creator\" content=\"@eldiario_net\" \/>\n<meta name=\"twitter:site\" content=\"@eldiario_net\" \/>\n<meta name=\"twitter:label1\" content=\"Escrito por\" \/>\n\t<meta name=\"twitter:data1\" content=\"Jeanette\" \/>\n\t<meta name=\"twitter:label2\" content=\"Tiempo de lectura\" \/>\n\t<meta name=\"twitter:data2\" content=\"5 minutos\" \/>\n<script type=\"application\/ld+json\" class=\"yoast-schema-graph\">{\"@context\":\"https:\\\/\\\/schema.org\",\"@graph\":[{\"@type\":\"Article\",\"@id\":\"https:\\\/\\\/www.eldiario.net\\\/portal\\\/2024\\\/12\\\/06\\\/criticas-a-rusia-por-invasion-de-ucrania-en-cumbre-osce\\\/#article\",\"isPartOf\":{\"@id\":\"https:\\\/\\\/www.eldiario.net\\\/portal\\\/2024\\\/12\\\/06\\\/criticas-a-rusia-por-invasion-de-ucrania-en-cumbre-osce\\\/\"},\"author\":{\"name\":\"Jeanette\",\"@id\":\"https:\\\/\\\/www.eldiario.net\\\/portal\\\/#\\\/schema\\\/person\\\/f46445640444750d7d753ccd04ae01b7\"},\"headline\":\"Cr\u00edticas a Rusia por invasi\u00f3n de Ucrania en cumbre OSCE\",\"datePublished\":\"2024-12-06T09:57:39+00:00\",\"dateModified\":\"2024-12-06T09:58:49+00:00\",\"mainEntityOfPage\":{\"@id\":\"https:\\\/\\\/www.eldiario.net\\\/portal\\\/2024\\\/12\\\/06\\\/criticas-a-rusia-por-invasion-de-ucrania-en-cumbre-osce\\\/\"},\"wordCount\":944,\"publisher\":{\"@id\":\"https:\\\/\\\/www.eldiario.net\\\/portal\\\/#organization\"},\"image\":{\"@id\":\"https:\\\/\\\/www.eldiario.net\\\/portal\\\/2024\\\/12\\\/06\\\/criticas-a-rusia-por-invasion-de-ucrania-en-cumbre-osce\\\/#primaryimage\"},\"thumbnailUrl\":\"https:\\\/\\\/www.eldiario.net\\\/portal\\\/wp-content\\\/uploads\\\/2024\\\/12\\\/RUSIA-ANF.jpg\",\"articleSection\":[\"Internacional\"],\"inLanguage\":\"es\"},{\"@type\":\"WebPage\",\"@id\":\"https:\\\/\\\/www.eldiario.net\\\/portal\\\/2024\\\/12\\\/06\\\/criticas-a-rusia-por-invasion-de-ucrania-en-cumbre-osce\\\/\",\"url\":\"https:\\\/\\\/www.eldiario.net\\\/portal\\\/2024\\\/12\\\/06\\\/criticas-a-rusia-por-invasion-de-ucrania-en-cumbre-osce\\\/\",\"name\":\"Cr\u00edticas a Rusia por invasi\u00f3n de Ucrania en cumbre OSCE - El Diario - Bolivia\",\"isPartOf\":{\"@id\":\"https:\\\/\\\/www.eldiario.net\\\/portal\\\/#website\"},\"primaryImageOfPage\":{\"@id\":\"https:\\\/\\\/www.eldiario.net\\\/portal\\\/2024\\\/12\\\/06\\\/criticas-a-rusia-por-invasion-de-ucrania-en-cumbre-osce\\\/#primaryimage\"},\"image\":{\"@id\":\"https:\\\/\\\/www.eldiario.net\\\/portal\\\/2024\\\/12\\\/06\\\/criticas-a-rusia-por-invasion-de-ucrania-en-cumbre-osce\\\/#primaryimage\"},\"thumbnailUrl\":\"https:\\\/\\\/www.eldiario.net\\\/portal\\\/wp-content\\\/uploads\\\/2024\\\/12\\\/RUSIA-ANF.jpg\",\"datePublished\":\"2024-12-06T09:57:39+00:00\",\"dateModified\":\"2024-12-06T09:58:49+00:00\",\"breadcrumb\":{\"@id\":\"https:\\\/\\\/www.eldiario.net\\\/portal\\\/2024\\\/12\\\/06\\\/criticas-a-rusia-por-invasion-de-ucrania-en-cumbre-osce\\\/#breadcrumb\"},\"inLanguage\":\"es\",\"potentialAction\":[{\"@type\":\"ReadAction\",\"target\":[\"https:\\\/\\\/www.eldiario.net\\\/portal\\\/2024\\\/12\\\/06\\\/criticas-a-rusia-por-invasion-de-ucrania-en-cumbre-osce\\\/\"]}]},{\"@type\":\"ImageObject\",\"inLanguage\":\"es\",\"@id\":\"https:\\\/\\\/www.eldiario.net\\\/portal\\\/2024\\\/12\\\/06\\\/criticas-a-rusia-por-invasion-de-ucrania-en-cumbre-osce\\\/#primaryimage\",\"url\":\"https:\\\/\\\/www.eldiario.net\\\/portal\\\/wp-content\\\/uploads\\\/2024\\\/12\\\/RUSIA-ANF.jpg\",\"contentUrl\":\"https:\\\/\\\/www.eldiario.net\\\/portal\\\/wp-content\\\/uploads\\\/2024\\\/12\\\/RUSIA-ANF.jpg\",\"width\":750,\"height\":420,\"caption\":\"El ministro de Exteriores de Rusia, Sergei Lavrov. CREDITO: ANF\"},{\"@type\":\"BreadcrumbList\",\"@id\":\"https:\\\/\\\/www.eldiario.net\\\/portal\\\/2024\\\/12\\\/06\\\/criticas-a-rusia-por-invasion-de-ucrania-en-cumbre-osce\\\/#breadcrumb\",\"itemListElement\":[{\"@type\":\"ListItem\",\"position\":1,\"name\":\"Portada\",\"item\":\"https:\\\/\\\/www.eldiario.net\\\/portal\\\/\"},{\"@type\":\"ListItem\",\"position\":2,\"name\":\"Cr\u00edticas a Rusia por invasi\u00f3n de Ucrania en cumbre OSCE\"}]},{\"@type\":\"WebSite\",\"@id\":\"https:\\\/\\\/www.eldiario.net\\\/portal\\\/#website\",\"url\":\"https:\\\/\\\/www.eldiario.net\\\/portal\\\/\",\"name\":\"El Diario - Decano de la prensa nacional\",\"description\":\"El Diario - Decano de la prensa nacional\",\"publisher\":{\"@id\":\"https:\\\/\\\/www.eldiario.net\\\/portal\\\/#organization\"},\"potentialAction\":[{\"@type\":\"SearchAction\",\"target\":{\"@type\":\"EntryPoint\",\"urlTemplate\":\"https:\\\/\\\/www.eldiario.net\\\/portal\\\/?s={search_term_string}\"},\"query-input\":{\"@type\":\"PropertyValueSpecification\",\"valueRequired\":true,\"valueName\":\"search_term_string\"}}],\"inLanguage\":\"es\"},{\"@type\":\"Organization\",\"@id\":\"https:\\\/\\\/www.eldiario.net\\\/portal\\\/#organization\",\"name\":\"El Diario - Decano de la prensa nacional\",\"url\":\"https:\\\/\\\/www.eldiario.net\\\/portal\\\/\",\"logo\":{\"@type\":\"ImageObject\",\"inLanguage\":\"es\",\"@id\":\"https:\\\/\\\/www.eldiario.net\\\/portal\\\/#\\\/schema\\\/logo\\\/image\\\/\",\"url\":\"https:\\\/\\\/www.eldiario.net\\\/portal\\\/wp-content\\\/uploads\\\/2023\\\/07\\\/logo_ED.jpg\",\"contentUrl\":\"https:\\\/\\\/www.eldiario.net\\\/portal\\\/wp-content\\\/uploads\\\/2023\\\/07\\\/logo_ED.jpg\",\"width\":272,\"height\":52,\"caption\":\"El Diario - Decano de la prensa nacional\"},\"image\":{\"@id\":\"https:\\\/\\\/www.eldiario.net\\\/portal\\\/#\\\/schema\\\/logo\\\/image\\\/\"},\"sameAs\":[\"https:\\\/\\\/www.facebook.com\\\/eldiario.bolivia\\\/\",\"https:\\\/\\\/x.com\\\/eldiario_net\"]},{\"@type\":\"Person\",\"@id\":\"https:\\\/\\\/www.eldiario.net\\\/portal\\\/#\\\/schema\\\/person\\\/f46445640444750d7d753ccd04ae01b7\",\"name\":\"Jeanette\",\"image\":{\"@type\":\"ImageObject\",\"inLanguage\":\"es\",\"@id\":\"https:\\\/\\\/secure.gravatar.com\\\/avatar\\\/3ea2118a5f7dad2b7138b1187a6b7ee55f160b9968b66013c3a3ef39dd7e5798?s=96&d=mm&r=g\",\"url\":\"https:\\\/\\\/secure.gravatar.com\\\/avatar\\\/3ea2118a5f7dad2b7138b1187a6b7ee55f160b9968b66013c3a3ef39dd7e5798?s=96&d=mm&r=g\",\"contentUrl\":\"https:\\\/\\\/secure.gravatar.com\\\/avatar\\\/3ea2118a5f7dad2b7138b1187a6b7ee55f160b9968b66013c3a3ef39dd7e5798?s=96&d=mm&r=g\",\"caption\":\"Jeanette\"},\"sameAs\":[\"https:\\\/\\\/www.eldiario.net\\\/portal\"],\"url\":\"https:\\\/\\\/www.eldiario.net\\\/portal\\\/author\\\/jeanette\\\/\"}]}<\/script>\n<!-- \/ Yoast SEO plugin. -->","yoast_head_json":{"title":"Cr\u00edticas a Rusia por invasi\u00f3n de Ucrania en cumbre OSCE - El Diario - Bolivia","robots":{"index":"index","follow":"follow","max-snippet":"max-snippet:-1","max-image-preview":"max-image-preview:large","max-video-preview":"max-video-preview:-1"},"canonical":"https:\/\/www.eldiario.net\/portal\/2024\/12\/06\/criticas-a-rusia-por-invasion-de-ucrania-en-cumbre-osce\/","og_locale":"es_ES","og_type":"article","og_title":"Cr\u00edticas a Rusia por invasi\u00f3n de Ucrania en cumbre OSCE - El Diario - Bolivia","og_description":"La reuni\u00f3n de ministros de Exteriores de la Organizaci\u00f3n para la Seguridad y la Cooperaci\u00f3n en Europa (OSCE) inici\u00f3 ayer en Malta con cr\u00edticas a uno de los pa\u00edses presentes, Rusia, al que varios ministros afearon su invasi\u00f3n de Ucrania en presencia del ministro de Exteriores, Sergei Lavrov. El jefe de la diplomacia ucraniana, Andri [&hellip;]","og_url":"https:\/\/www.eldiario.net\/portal\/2024\/12\/06\/criticas-a-rusia-por-invasion-de-ucrania-en-cumbre-osce\/","og_site_name":"El Diario - Bolivia","article_publisher":"https:\/\/www.facebook.com\/eldiario.bolivia\/","article_published_time":"2024-12-06T09:57:39+00:00","article_modified_time":"2024-12-06T09:58:49+00:00","og_image":[{"width":750,"height":420,"url":"https:\/\/www.eldiario.net\/portal\/wp-content\/uploads\/2024\/12\/RUSIA-ANF.jpg","type":"image\/jpeg"}],"author":"Jeanette","twitter_card":"summary_large_image","twitter_creator":"@eldiario_net","twitter_site":"@eldiario_net","twitter_misc":{"Escrito por":"Jeanette","Tiempo de lectura":"5 minutos"},"schema":{"@context":"https:\/\/schema.org","@graph":[{"@type":"Article","@id":"https:\/\/www.eldiario.net\/portal\/2024\/12\/06\/criticas-a-rusia-por-invasion-de-ucrania-en-cumbre-osce\/#article","isPartOf":{"@id":"https:\/\/www.eldiario.net\/portal\/2024\/12\/06\/criticas-a-rusia-por-invasion-de-ucrania-en-cumbre-osce\/"},"author":{"name":"Jeanette","@id":"https:\/\/www.eldiario.net\/portal\/#\/schema\/person\/f46445640444750d7d753ccd04ae01b7"},"headline":"Cr\u00edticas a Rusia por invasi\u00f3n de Ucrania en cumbre OSCE","datePublished":"2024-12-06T09:57:39+00:00","dateModified":"2024-12-06T09:58:49+00:00","mainEntityOfPage":{"@id":"https:\/\/www.eldiario.net\/portal\/2024\/12\/06\/criticas-a-rusia-por-invasion-de-ucrania-en-cumbre-osce\/"},"wordCount":944,"publisher":{"@id":"https:\/\/www.eldiario.net\/portal\/#organization"},"image":{"@id":"https:\/\/www.eldiario.net\/portal\/2024\/12\/06\/criticas-a-rusia-por-invasion-de-ucrania-en-cumbre-osce\/#primaryimage"},"thumbnailUrl":"https:\/\/www.eldiario.net\/portal\/wp-content\/uploads\/2024\/12\/RUSIA-ANF.jpg","articleSection":["Internacional"],"inLanguage":"es"},{"@type":"WebPage","@id":"https:\/\/www.eldiario.net\/portal\/2024\/12\/06\/criticas-a-rusia-por-invasion-de-ucrania-en-cumbre-osce\/","url":"https:\/\/www.eldiario.net\/portal\/2024\/12\/06\/criticas-a-rusia-por-invasion-de-ucrania-en-cumbre-osce\/","name":"Cr\u00edticas a Rusia por invasi\u00f3n de Ucrania en cumbre OSCE - El Diario - Bolivia","isPartOf":{"@id":"https:\/\/www.eldiario.net\/portal\/#website"},"primaryImageOfPage":{"@id":"https:\/\/www.eldiario.net\/portal\/2024\/12\/06\/criticas-a-rusia-por-invasion-de-ucrania-en-cumbre-osce\/#primaryimage"},"image":{"@id":"https:\/\/www.eldiario.net\/portal\/2024\/12\/06\/criticas-a-rusia-por-invasion-de-ucrania-en-cumbre-osce\/#primaryimage"},"thumbnailUrl":"https:\/\/www.eldiario.net\/portal\/wp-content\/uploads\/2024\/12\/RUSIA-ANF.jpg","datePublished":"2024-12-06T09:57:39+00:00","dateModified":"2024-12-06T09:58:49+00:00","breadcrumb":{"@id":"https:\/\/www.eldiario.net\/portal\/2024\/12\/06\/criticas-a-rusia-por-invasion-de-ucrania-en-cumbre-osce\/#breadcrumb"},"inLanguage":"es","potentialAction":[{"@type":"ReadAction","target":["https:\/\/www.eldiario.net\/portal\/2024\/12\/06\/criticas-a-rusia-por-invasion-de-ucrania-en-cumbre-osce\/"]}]},{"@type":"ImageObject","inLanguage":"es","@id":"https:\/\/www.eldiario.net\/portal\/2024\/12\/06\/criticas-a-rusia-por-invasion-de-ucrania-en-cumbre-osce\/#primaryimage","url":"https:\/\/www.eldiario.net\/portal\/wp-content\/uploads\/2024\/12\/RUSIA-ANF.jpg","contentUrl":"https:\/\/www.eldiario.net\/portal\/wp-content\/uploads\/2024\/12\/RUSIA-ANF.jpg","width":750,"height":420,"caption":"El ministro de Exteriores de Rusia, Sergei Lavrov. CREDITO: ANF"},{"@type":"BreadcrumbList","@id":"https:\/\/www.eldiario.net\/portal\/2024\/12\/06\/criticas-a-rusia-por-invasion-de-ucrania-en-cumbre-osce\/#breadcrumb","itemListElement":[{"@type":"ListItem","position":1,"name":"Portada","item":"https:\/\/www.eldiario.net\/portal\/"},{"@type":"ListItem","position":2,"name":"Cr\u00edticas a Rusia por invasi\u00f3n de Ucrania en cumbre OSCE"}]},{"@type":"WebSite","@id":"https:\/\/www.eldiario.net\/portal\/#website","url":"https:\/\/www.eldiario.net\/portal\/","name":"El Diario - Decano de la prensa nacional","description":"El Diario - Decano de la prensa nacional","publisher":{"@id":"https:\/\/www.eldiario.net\/portal\/#organization"},"potentialAction":[{"@type":"SearchAction","target":{"@type":"EntryPoint","urlTemplate":"https:\/\/www.eldiario.net\/portal\/?s={search_term_string}"},"query-input":{"@type":"PropertyValueSpecification","valueRequired":true,"valueName":"search_term_string"}}],"inLanguage":"es"},{"@type":"Organization","@id":"https:\/\/www.eldiario.net\/portal\/#organization","name":"El Diario - Decano de la prensa nacional","url":"https:\/\/www.eldiario.net\/portal\/","logo":{"@type":"ImageObject","inLanguage":"es","@id":"https:\/\/www.eldiario.net\/portal\/#\/schema\/logo\/image\/","url":"https:\/\/www.eldiario.net\/portal\/wp-content\/uploads\/2023\/07\/logo_ED.jpg","contentUrl":"https:\/\/www.eldiario.net\/portal\/wp-content\/uploads\/2023\/07\/logo_ED.jpg","width":272,"height":52,"caption":"El Diario - Decano de la prensa nacional"},"image":{"@id":"https:\/\/www.eldiario.net\/portal\/#\/schema\/logo\/image\/"},"sameAs":["https:\/\/www.facebook.com\/eldiario.bolivia\/","https:\/\/x.com\/eldiario_net"]},{"@type":"Person","@id":"https:\/\/www.eldiario.net\/portal\/#\/schema\/person\/f46445640444750d7d753ccd04ae01b7","name":"Jeanette","image":{"@type":"ImageObject","inLanguage":"es","@id":"https:\/\/secure.gravatar.com\/avatar\/3ea2118a5f7dad2b7138b1187a6b7ee55f160b9968b66013c3a3ef39dd7e5798?s=96&d=mm&r=g","url":"https:\/\/secure.gravatar.com\/avatar\/3ea2118a5f7dad2b7138b1187a6b7ee55f160b9968b66013c3a3ef39dd7e5798?s=96&d=mm&r=g","contentUrl":"https:\/\/secure.gravatar.com\/avatar\/3ea2118a5f7dad2b7138b1187a6b7ee55f160b9968b66013c3a3ef39dd7e5798?s=96&d=mm&r=g","caption":"Jeanette"},"sameAs":["https:\/\/www.eldiario.net\/portal"],"url":"https:\/\/www.eldiario.net\/portal\/author\/jeanette\/"}]}},"_links":{"self":[{"href":"https:\/\/www.eldiario.net\/portal\/wp-json\/wp\/v2\/posts\/266007","targetHints":{"allow":["GET"]}}],"collection":[{"href":"https:\/\/www.eldiario.net\/portal\/wp-json\/wp\/v2\/posts"}],"about":[{"href":"https:\/\/www.eldiario.net\/portal\/wp-json\/wp\/v2\/types\/post"}],"author":[{"embeddable":true,"href":"https:\/\/www.eldiario.net\/portal\/wp-json\/wp\/v2\/users\/1"}],"replies":[{"embeddable":true,"href":"https:\/\/www.eldiario.net\/portal\/wp-json\/wp\/v2\/comments?post=266007"}],"version-history":[{"count":1,"href":"https:\/\/www.eldiario.net\/portal\/wp-json\/wp\/v2\/posts\/266007\/revisions"}],"predecessor-version":[{"id":266009,"href":"https:\/\/www.eldiario.net\/portal\/wp-json\/wp\/v2\/posts\/266007\/revisions\/266009"}],"wp:featuredmedia":[{"embeddable":true,"href":"https:\/\/www.eldiario.net\/portal\/wp-json\/wp\/v2\/media\/266008"}],"wp:attachment":[{"href":"https:\/\/www.eldiario.net\/portal\/wp-json\/wp\/v2\/media?parent=266007"}],"wp:term":[{"taxonomy":"category","embeddable":true,"href":"https:\/\/www.eldiario.net\/portal\/wp-json\/wp\/v2\/categories?post=266007"},{"taxonomy":"post_tag","embeddable":true,"href":"https:\/\/www.eldiario.net\/portal\/wp-json\/wp\/v2\/tags?post=266007"}],"curies":[{"name":"wp","href":"https:\/\/api.w.org\/{rel}","templated":true}]}}