{"id":266004,"date":"2024-12-06T05:56:30","date_gmt":"2024-12-06T09:56:30","guid":{"rendered":"https:\/\/www.eldiario.net\/portal\/?p=266004"},"modified":"2024-12-06T05:58:41","modified_gmt":"2024-12-06T09:58:41","slug":"confirman-80-decesos-en-kwango-por-una-enfermedad-desconocida","status":"publish","type":"post","link":"https:\/\/www.eldiario.net\/portal\/2024\/12\/06\/confirman-80-decesos-en-kwango-por-una-enfermedad-desconocida\/","title":{"rendered":"Confirman 80 decesos en Kwango  por una enfermedad desconocida"},"content":{"rendered":"<p class=\"v1MsoNormal\">Las autoridades de Rep\u00fablica Democr\u00e1tica del Congo (RDC) confirmaron la muerte de alrededor de 80 personas a causa de \u00abuna enfermedad de origen a\u00fan desconocido\u00bb en la provincia de Kwango, situada en el sureste del pa\u00eds, una situaci\u00f3n que deja m\u00e1s de 375 casos desde hace cerca de un mes y medio.<\/p>\n<p class=\"v1MsoNormal\">\u00abDesde el 25 de octubre de 2024, una enfermedad de origen a\u00fan desconocido sacude la provincia de Kwango, concretamente en la zona sanitaria de Panzi\u00bb, se\u00f1al\u00f3 el Ministerio de Sanidad congole\u00f1o, que especific\u00f3 que \u00abla mayor\u00eda\u00bb de las v\u00edctimas son menores de m\u00e1s de 15 a\u00f1os y cifr\u00f3 en 376 el n\u00famero de casos.<\/p>\n<p class=\"v1MsoNormal\">As\u00ed, detall\u00f3 en un comunicado publicado a trav\u00e9s de su cuenta en la red social Facebook que los pacientes presentan fiebre, dolor de cabeza, tos, congesti\u00f3n nasal, dificultades respiratorias y anemia, al tiempo que manifest\u00f3 que la situaci\u00f3n \u00abes preocupante\u00bb.<\/p>\n<p class=\"v1MsoNormal\">El Ministerio traslad\u00f3 sus condolencias a los familiares de los fallecidos por esta \u00abtragedia\u00bb y confirm\u00f3 el env\u00edo de un equipo de intervenci\u00f3n r\u00e1pida a la zona afectada para dar atenci\u00f3n \u00abinmediata\u00bb a los pacientes e \u00abinvestigar en profundidad sobre el terreno\u00bb para \u00abidentificar la naturaleza de esta enfermedad\u00bb.<\/p>\n<p class=\"v1MsoNormal\">\u00abLos resultados de los an\u00e1lisis de laboratorio ser\u00e1n comunicados en cuanto est\u00e9n disponibles\u00bb, adelant\u00f3, antes de hacer un llamamiento a la poblaci\u00f3n \u00aba la calma, la vigilancia y el respeto estricto a las medidas preventivas\u00bb, incluidas \u00abevitar reuniones multitudinarias\u00bb, \u00abinformar de casos sospechosos o fallecimientos\u00bb y \u00abno manipular los restos sin intervenci\u00f3n de los agentes sanitarios\u00bb.<\/p>\n<p class=\"v1MsoNormal\">La situaci\u00f3n podr\u00eda ser a\u00fan m\u00e1s preocupante, dado que el secretario de Sanidad provincial, Apollinaire Yumba Tiabakwau, elev\u00f3 a 131 los fallecidos y confirmar la puesta en marcha de una campa\u00f1a de sensibilizaci\u00f3n \u00abpara limitar los movimientos migratorios de la poblaci\u00f3n\u00bb, seg\u00fan inform\u00f3 la emisora congole\u00f1a Radio Okapi.<\/p>\n<p class=\"v1MsoNormal\">El pa\u00eds africano hace adem\u00e1s frente a un brote de mpox, anteriormente conocido como viruela s\u00edmica, que dej\u00f3 m\u00e1s de 49.000 casos sospechosos, incluidos 109.846 casos confirmados y cerca de 1.200 muertos, seg\u00fan el \u00faltimo balance facilitado por el Ministerio de Sanidad congole\u00f1o.(EP)<\/p>\n<p class=\"v1MsoNormal\">\n","protected":false},"excerpt":{"rendered":"<p>Las autoridades de Rep\u00fablica Democr\u00e1tica del Congo (RDC) confirmaron la muerte de alrededor de 80 personas a causa de \u00abuna enfermedad de origen a\u00fan desconocido\u00bb en la provincia de Kwango, situada en el sureste del pa\u00eds, una situaci\u00f3n que deja m\u00e1s de 375 casos desde hace cerca de un mes y medio. \u00abDesde el 25 [&hellip;]<\/p>\n","protected":false},"author":1,"featured_media":266005,"comment_status":"closed","ping_status":"open","sticky":false,"template":"","format":"standard","meta":{"_acf_changed":false,"footnotes":""},"categories":[3],"tags":[],"class_list":["post-266004","post","type-post","status-publish","format-standard","has-post-thumbnail","category-internacional"],"acf":{"antetitulo":"Congo"},"yoast_head":"<!-- This site is optimized with the Yoast SEO plugin v28.3 - https:\/\/yoast.com\/product\/yoast-seo-wordpress\/ -->\n<title>Confirman 80 decesos en Kwango por una enfermedad desconocida - El Diario - Bolivia<\/title>\n<meta name=\"robots\" content=\"index, follow, max-snippet:-1, max-image-preview:large, max-video-preview:-1\" \/>\n<link rel=\"canonical\" href=\"https:\/\/www.eldiario.net\/portal\/2024\/12\/06\/confirman-80-decesos-en-kwango-por-una-enfermedad-desconocida\/\" \/>\n<meta property=\"og:locale\" content=\"es_ES\" \/>\n<meta property=\"og:type\" content=\"article\" \/>\n<meta property=\"og:title\" content=\"Confirman 80 decesos en Kwango por una enfermedad desconocida - El Diario - Bolivia\" \/>\n<meta property=\"og:description\" content=\"Las autoridades de Rep\u00fablica Democr\u00e1tica del Congo (RDC) confirmaron la muerte de alrededor de 80 personas a causa de \u00abuna enfermedad de origen a\u00fan desconocido\u00bb en la provincia de Kwango, situada en el sureste del pa\u00eds, una situaci\u00f3n que deja m\u00e1s de 375 casos desde hace cerca de un mes y medio. \u00abDesde el 25 [&hellip;]\" \/>\n<meta property=\"og:url\" content=\"https:\/\/www.eldiario.net\/portal\/2024\/12\/06\/confirman-80-decesos-en-kwango-por-una-enfermedad-desconocida\/\" \/>\n<meta property=\"og:site_name\" content=\"El Diario - Bolivia\" \/>\n<meta property=\"article:publisher\" content=\"https:\/\/www.facebook.com\/eldiario.bolivia\/\" \/>\n<meta property=\"article:published_time\" content=\"2024-12-06T09:56:30+00:00\" \/>\n<meta property=\"article:modified_time\" content=\"2024-12-06T09:58:41+00:00\" \/>\n<meta property=\"og:image\" content=\"https:\/\/www.eldiario.net\/portal\/wp-content\/uploads\/2024\/12\/CONGO-Ultima-Hora.jpg\" \/>\n\t<meta property=\"og:image:width\" content=\"1000\" \/>\n\t<meta property=\"og:image:height\" content=\"563\" \/>\n\t<meta property=\"og:image:type\" content=\"image\/jpeg\" \/>\n<meta name=\"author\" content=\"Jeanette\" \/>\n<meta name=\"twitter:card\" content=\"summary_large_image\" \/>\n<meta name=\"twitter:creator\" content=\"@eldiario_net\" \/>\n<meta name=\"twitter:site\" content=\"@eldiario_net\" \/>\n<meta name=\"twitter:label1\" content=\"Escrito por\" \/>\n\t<meta name=\"twitter:data1\" content=\"Jeanette\" \/>\n\t<meta name=\"twitter:label2\" content=\"Tiempo de lectura\" \/>\n\t<meta name=\"twitter:data2\" content=\"2 minutos\" \/>\n<script type=\"application\/ld+json\" class=\"yoast-schema-graph\">{\"@context\":\"https:\\\/\\\/schema.org\",\"@graph\":[{\"@type\":\"Article\",\"@id\":\"https:\\\/\\\/www.eldiario.net\\\/portal\\\/2024\\\/12\\\/06\\\/confirman-80-decesos-en-kwango-por-una-enfermedad-desconocida\\\/#article\",\"isPartOf\":{\"@id\":\"https:\\\/\\\/www.eldiario.net\\\/portal\\\/2024\\\/12\\\/06\\\/confirman-80-decesos-en-kwango-por-una-enfermedad-desconocida\\\/\"},\"author\":{\"name\":\"Jeanette\",\"@id\":\"https:\\\/\\\/www.eldiario.net\\\/portal\\\/#\\\/schema\\\/person\\\/f46445640444750d7d753ccd04ae01b7\"},\"headline\":\"Confirman 80 decesos en Kwango por una enfermedad desconocida\",\"datePublished\":\"2024-12-06T09:56:30+00:00\",\"dateModified\":\"2024-12-06T09:58:41+00:00\",\"mainEntityOfPage\":{\"@id\":\"https:\\\/\\\/www.eldiario.net\\\/portal\\\/2024\\\/12\\\/06\\\/confirman-80-decesos-en-kwango-por-una-enfermedad-desconocida\\\/\"},\"wordCount\":382,\"publisher\":{\"@id\":\"https:\\\/\\\/www.eldiario.net\\\/portal\\\/#organization\"},\"image\":{\"@id\":\"https:\\\/\\\/www.eldiario.net\\\/portal\\\/2024\\\/12\\\/06\\\/confirman-80-decesos-en-kwango-por-una-enfermedad-desconocida\\\/#primaryimage\"},\"thumbnailUrl\":\"https:\\\/\\\/www.eldiario.net\\\/portal\\\/wp-content\\\/uploads\\\/2024\\\/12\\\/CONGO-Ultima-Hora.jpg\",\"articleSection\":[\"Internacional\"],\"inLanguage\":\"es\"},{\"@type\":\"WebPage\",\"@id\":\"https:\\\/\\\/www.eldiario.net\\\/portal\\\/2024\\\/12\\\/06\\\/confirman-80-decesos-en-kwango-por-una-enfermedad-desconocida\\\/\",\"url\":\"https:\\\/\\\/www.eldiario.net\\\/portal\\\/2024\\\/12\\\/06\\\/confirman-80-decesos-en-kwango-por-una-enfermedad-desconocida\\\/\",\"name\":\"Confirman 80 decesos en Kwango por una enfermedad desconocida - El Diario - Bolivia\",\"isPartOf\":{\"@id\":\"https:\\\/\\\/www.eldiario.net\\\/portal\\\/#website\"},\"primaryImageOfPage\":{\"@id\":\"https:\\\/\\\/www.eldiario.net\\\/portal\\\/2024\\\/12\\\/06\\\/confirman-80-decesos-en-kwango-por-una-enfermedad-desconocida\\\/#primaryimage\"},\"image\":{\"@id\":\"https:\\\/\\\/www.eldiario.net\\\/portal\\\/2024\\\/12\\\/06\\\/confirman-80-decesos-en-kwango-por-una-enfermedad-desconocida\\\/#primaryimage\"},\"thumbnailUrl\":\"https:\\\/\\\/www.eldiario.net\\\/portal\\\/wp-content\\\/uploads\\\/2024\\\/12\\\/CONGO-Ultima-Hora.jpg\",\"datePublished\":\"2024-12-06T09:56:30+00:00\",\"dateModified\":\"2024-12-06T09:58:41+00:00\",\"breadcrumb\":{\"@id\":\"https:\\\/\\\/www.eldiario.net\\\/portal\\\/2024\\\/12\\\/06\\\/confirman-80-decesos-en-kwango-por-una-enfermedad-desconocida\\\/#breadcrumb\"},\"inLanguage\":\"es\",\"potentialAction\":[{\"@type\":\"ReadAction\",\"target\":[\"https:\\\/\\\/www.eldiario.net\\\/portal\\\/2024\\\/12\\\/06\\\/confirman-80-decesos-en-kwango-por-una-enfermedad-desconocida\\\/\"]}]},{\"@type\":\"ImageObject\",\"inLanguage\":\"es\",\"@id\":\"https:\\\/\\\/www.eldiario.net\\\/portal\\\/2024\\\/12\\\/06\\\/confirman-80-decesos-en-kwango-por-una-enfermedad-desconocida\\\/#primaryimage\",\"url\":\"https:\\\/\\\/www.eldiario.net\\\/portal\\\/wp-content\\\/uploads\\\/2024\\\/12\\\/CONGO-Ultima-Hora.jpg\",\"contentUrl\":\"https:\\\/\\\/www.eldiario.net\\\/portal\\\/wp-content\\\/uploads\\\/2024\\\/12\\\/CONGO-Ultima-Hora.jpg\",\"width\":1000,\"height\":563,\"caption\":\"Imagen referencial CREDITO: Ultima Hora\"},{\"@type\":\"BreadcrumbList\",\"@id\":\"https:\\\/\\\/www.eldiario.net\\\/portal\\\/2024\\\/12\\\/06\\\/confirman-80-decesos-en-kwango-por-una-enfermedad-desconocida\\\/#breadcrumb\",\"itemListElement\":[{\"@type\":\"ListItem\",\"position\":1,\"name\":\"Portada\",\"item\":\"https:\\\/\\\/www.eldiario.net\\\/portal\\\/\"},{\"@type\":\"ListItem\",\"position\":2,\"name\":\"Confirman 80 decesos en Kwango por una enfermedad desconocida\"}]},{\"@type\":\"WebSite\",\"@id\":\"https:\\\/\\\/www.eldiario.net\\\/portal\\\/#website\",\"url\":\"https:\\\/\\\/www.eldiario.net\\\/portal\\\/\",\"name\":\"El Diario - Decano de la prensa nacional\",\"description\":\"El Diario - Decano de la prensa nacional\",\"publisher\":{\"@id\":\"https:\\\/\\\/www.eldiario.net\\\/portal\\\/#organization\"},\"potentialAction\":[{\"@type\":\"SearchAction\",\"target\":{\"@type\":\"EntryPoint\",\"urlTemplate\":\"https:\\\/\\\/www.eldiario.net\\\/portal\\\/?s={search_term_string}\"},\"query-input\":{\"@type\":\"PropertyValueSpecification\",\"valueRequired\":true,\"valueName\":\"search_term_string\"}}],\"inLanguage\":\"es\"},{\"@type\":\"Organization\",\"@id\":\"https:\\\/\\\/www.eldiario.net\\\/portal\\\/#organization\",\"name\":\"El Diario - Decano de la prensa nacional\",\"url\":\"https:\\\/\\\/www.eldiario.net\\\/portal\\\/\",\"logo\":{\"@type\":\"ImageObject\",\"inLanguage\":\"es\",\"@id\":\"https:\\\/\\\/www.eldiario.net\\\/portal\\\/#\\\/schema\\\/logo\\\/image\\\/\",\"url\":\"https:\\\/\\\/www.eldiario.net\\\/portal\\\/wp-content\\\/uploads\\\/2023\\\/07\\\/logo_ED.jpg\",\"contentUrl\":\"https:\\\/\\\/www.eldiario.net\\\/portal\\\/wp-content\\\/uploads\\\/2023\\\/07\\\/logo_ED.jpg\",\"width\":272,\"height\":52,\"caption\":\"El Diario - Decano de la prensa nacional\"},\"image\":{\"@id\":\"https:\\\/\\\/www.eldiario.net\\\/portal\\\/#\\\/schema\\\/logo\\\/image\\\/\"},\"sameAs\":[\"https:\\\/\\\/www.facebook.com\\\/eldiario.bolivia\\\/\",\"https:\\\/\\\/x.com\\\/eldiario_net\"]},{\"@type\":\"Person\",\"@id\":\"https:\\\/\\\/www.eldiario.net\\\/portal\\\/#\\\/schema\\\/person\\\/f46445640444750d7d753ccd04ae01b7\",\"name\":\"Jeanette\",\"image\":{\"@type\":\"ImageObject\",\"inLanguage\":\"es\",\"@id\":\"https:\\\/\\\/secure.gravatar.com\\\/avatar\\\/3ea2118a5f7dad2b7138b1187a6b7ee55f160b9968b66013c3a3ef39dd7e5798?s=96&d=mm&r=g\",\"url\":\"https:\\\/\\\/secure.gravatar.com\\\/avatar\\\/3ea2118a5f7dad2b7138b1187a6b7ee55f160b9968b66013c3a3ef39dd7e5798?s=96&d=mm&r=g\",\"contentUrl\":\"https:\\\/\\\/secure.gravatar.com\\\/avatar\\\/3ea2118a5f7dad2b7138b1187a6b7ee55f160b9968b66013c3a3ef39dd7e5798?s=96&d=mm&r=g\",\"caption\":\"Jeanette\"},\"sameAs\":[\"https:\\\/\\\/www.eldiario.net\\\/portal\"],\"url\":\"https:\\\/\\\/www.eldiario.net\\\/portal\\\/author\\\/jeanette\\\/\"}]}<\/script>\n<!-- \/ Yoast SEO plugin. -->","yoast_head_json":{"title":"Confirman 80 decesos en Kwango por una enfermedad desconocida - El Diario - Bolivia","robots":{"index":"index","follow":"follow","max-snippet":"max-snippet:-1","max-image-preview":"max-image-preview:large","max-video-preview":"max-video-preview:-1"},"canonical":"https:\/\/www.eldiario.net\/portal\/2024\/12\/06\/confirman-80-decesos-en-kwango-por-una-enfermedad-desconocida\/","og_locale":"es_ES","og_type":"article","og_title":"Confirman 80 decesos en Kwango por una enfermedad desconocida - El Diario - Bolivia","og_description":"Las autoridades de Rep\u00fablica Democr\u00e1tica del Congo (RDC) confirmaron la muerte de alrededor de 80 personas a causa de \u00abuna enfermedad de origen a\u00fan desconocido\u00bb en la provincia de Kwango, situada en el sureste del pa\u00eds, una situaci\u00f3n que deja m\u00e1s de 375 casos desde hace cerca de un mes y medio. \u00abDesde el 25 [&hellip;]","og_url":"https:\/\/www.eldiario.net\/portal\/2024\/12\/06\/confirman-80-decesos-en-kwango-por-una-enfermedad-desconocida\/","og_site_name":"El Diario - Bolivia","article_publisher":"https:\/\/www.facebook.com\/eldiario.bolivia\/","article_published_time":"2024-12-06T09:56:30+00:00","article_modified_time":"2024-12-06T09:58:41+00:00","og_image":[{"width":1000,"height":563,"url":"https:\/\/www.eldiario.net\/portal\/wp-content\/uploads\/2024\/12\/CONGO-Ultima-Hora.jpg","type":"image\/jpeg"}],"author":"Jeanette","twitter_card":"summary_large_image","twitter_creator":"@eldiario_net","twitter_site":"@eldiario_net","twitter_misc":{"Escrito por":"Jeanette","Tiempo de lectura":"2 minutos"},"schema":{"@context":"https:\/\/schema.org","@graph":[{"@type":"Article","@id":"https:\/\/www.eldiario.net\/portal\/2024\/12\/06\/confirman-80-decesos-en-kwango-por-una-enfermedad-desconocida\/#article","isPartOf":{"@id":"https:\/\/www.eldiario.net\/portal\/2024\/12\/06\/confirman-80-decesos-en-kwango-por-una-enfermedad-desconocida\/"},"author":{"name":"Jeanette","@id":"https:\/\/www.eldiario.net\/portal\/#\/schema\/person\/f46445640444750d7d753ccd04ae01b7"},"headline":"Confirman 80 decesos en Kwango por una enfermedad desconocida","datePublished":"2024-12-06T09:56:30+00:00","dateModified":"2024-12-06T09:58:41+00:00","mainEntityOfPage":{"@id":"https:\/\/www.eldiario.net\/portal\/2024\/12\/06\/confirman-80-decesos-en-kwango-por-una-enfermedad-desconocida\/"},"wordCount":382,"publisher":{"@id":"https:\/\/www.eldiario.net\/portal\/#organization"},"image":{"@id":"https:\/\/www.eldiario.net\/portal\/2024\/12\/06\/confirman-80-decesos-en-kwango-por-una-enfermedad-desconocida\/#primaryimage"},"thumbnailUrl":"https:\/\/www.eldiario.net\/portal\/wp-content\/uploads\/2024\/12\/CONGO-Ultima-Hora.jpg","articleSection":["Internacional"],"inLanguage":"es"},{"@type":"WebPage","@id":"https:\/\/www.eldiario.net\/portal\/2024\/12\/06\/confirman-80-decesos-en-kwango-por-una-enfermedad-desconocida\/","url":"https:\/\/www.eldiario.net\/portal\/2024\/12\/06\/confirman-80-decesos-en-kwango-por-una-enfermedad-desconocida\/","name":"Confirman 80 decesos en Kwango por una enfermedad desconocida - El Diario - Bolivia","isPartOf":{"@id":"https:\/\/www.eldiario.net\/portal\/#website"},"primaryImageOfPage":{"@id":"https:\/\/www.eldiario.net\/portal\/2024\/12\/06\/confirman-80-decesos-en-kwango-por-una-enfermedad-desconocida\/#primaryimage"},"image":{"@id":"https:\/\/www.eldiario.net\/portal\/2024\/12\/06\/confirman-80-decesos-en-kwango-por-una-enfermedad-desconocida\/#primaryimage"},"thumbnailUrl":"https:\/\/www.eldiario.net\/portal\/wp-content\/uploads\/2024\/12\/CONGO-Ultima-Hora.jpg","datePublished":"2024-12-06T09:56:30+00:00","dateModified":"2024-12-06T09:58:41+00:00","breadcrumb":{"@id":"https:\/\/www.eldiario.net\/portal\/2024\/12\/06\/confirman-80-decesos-en-kwango-por-una-enfermedad-desconocida\/#breadcrumb"},"inLanguage":"es","potentialAction":[{"@type":"ReadAction","target":["https:\/\/www.eldiario.net\/portal\/2024\/12\/06\/confirman-80-decesos-en-kwango-por-una-enfermedad-desconocida\/"]}]},{"@type":"ImageObject","inLanguage":"es","@id":"https:\/\/www.eldiario.net\/portal\/2024\/12\/06\/confirman-80-decesos-en-kwango-por-una-enfermedad-desconocida\/#primaryimage","url":"https:\/\/www.eldiario.net\/portal\/wp-content\/uploads\/2024\/12\/CONGO-Ultima-Hora.jpg","contentUrl":"https:\/\/www.eldiario.net\/portal\/wp-content\/uploads\/2024\/12\/CONGO-Ultima-Hora.jpg","width":1000,"height":563,"caption":"Imagen referencial CREDITO: Ultima Hora"},{"@type":"BreadcrumbList","@id":"https:\/\/www.eldiario.net\/portal\/2024\/12\/06\/confirman-80-decesos-en-kwango-por-una-enfermedad-desconocida\/#breadcrumb","itemListElement":[{"@type":"ListItem","position":1,"name":"Portada","item":"https:\/\/www.eldiario.net\/portal\/"},{"@type":"ListItem","position":2,"name":"Confirman 80 decesos en Kwango por una enfermedad desconocida"}]},{"@type":"WebSite","@id":"https:\/\/www.eldiario.net\/portal\/#website","url":"https:\/\/www.eldiario.net\/portal\/","name":"El Diario - Decano de la prensa nacional","description":"El Diario - Decano de la prensa nacional","publisher":{"@id":"https:\/\/www.eldiario.net\/portal\/#organization"},"potentialAction":[{"@type":"SearchAction","target":{"@type":"EntryPoint","urlTemplate":"https:\/\/www.eldiario.net\/portal\/?s={search_term_string}"},"query-input":{"@type":"PropertyValueSpecification","valueRequired":true,"valueName":"search_term_string"}}],"inLanguage":"es"},{"@type":"Organization","@id":"https:\/\/www.eldiario.net\/portal\/#organization","name":"El Diario - Decano de la prensa nacional","url":"https:\/\/www.eldiario.net\/portal\/","logo":{"@type":"ImageObject","inLanguage":"es","@id":"https:\/\/www.eldiario.net\/portal\/#\/schema\/logo\/image\/","url":"https:\/\/www.eldiario.net\/portal\/wp-content\/uploads\/2023\/07\/logo_ED.jpg","contentUrl":"https:\/\/www.eldiario.net\/portal\/wp-content\/uploads\/2023\/07\/logo_ED.jpg","width":272,"height":52,"caption":"El Diario - Decano de la prensa nacional"},"image":{"@id":"https:\/\/www.eldiario.net\/portal\/#\/schema\/logo\/image\/"},"sameAs":["https:\/\/www.facebook.com\/eldiario.bolivia\/","https:\/\/x.com\/eldiario_net"]},{"@type":"Person","@id":"https:\/\/www.eldiario.net\/portal\/#\/schema\/person\/f46445640444750d7d753ccd04ae01b7","name":"Jeanette","image":{"@type":"ImageObject","inLanguage":"es","@id":"https:\/\/secure.gravatar.com\/avatar\/3ea2118a5f7dad2b7138b1187a6b7ee55f160b9968b66013c3a3ef39dd7e5798?s=96&d=mm&r=g","url":"https:\/\/secure.gravatar.com\/avatar\/3ea2118a5f7dad2b7138b1187a6b7ee55f160b9968b66013c3a3ef39dd7e5798?s=96&d=mm&r=g","contentUrl":"https:\/\/secure.gravatar.com\/avatar\/3ea2118a5f7dad2b7138b1187a6b7ee55f160b9968b66013c3a3ef39dd7e5798?s=96&d=mm&r=g","caption":"Jeanette"},"sameAs":["https:\/\/www.eldiario.net\/portal"],"url":"https:\/\/www.eldiario.net\/portal\/author\/jeanette\/"}]}},"_links":{"self":[{"href":"https:\/\/www.eldiario.net\/portal\/wp-json\/wp\/v2\/posts\/266004","targetHints":{"allow":["GET"]}}],"collection":[{"href":"https:\/\/www.eldiario.net\/portal\/wp-json\/wp\/v2\/posts"}],"about":[{"href":"https:\/\/www.eldiario.net\/portal\/wp-json\/wp\/v2\/types\/post"}],"author":[{"embeddable":true,"href":"https:\/\/www.eldiario.net\/portal\/wp-json\/wp\/v2\/users\/1"}],"replies":[{"embeddable":true,"href":"https:\/\/www.eldiario.net\/portal\/wp-json\/wp\/v2\/comments?post=266004"}],"version-history":[{"count":1,"href":"https:\/\/www.eldiario.net\/portal\/wp-json\/wp\/v2\/posts\/266004\/revisions"}],"predecessor-version":[{"id":266006,"href":"https:\/\/www.eldiario.net\/portal\/wp-json\/wp\/v2\/posts\/266004\/revisions\/266006"}],"wp:featuredmedia":[{"embeddable":true,"href":"https:\/\/www.eldiario.net\/portal\/wp-json\/wp\/v2\/media\/266005"}],"wp:attachment":[{"href":"https:\/\/www.eldiario.net\/portal\/wp-json\/wp\/v2\/media?parent=266004"}],"wp:term":[{"taxonomy":"category","embeddable":true,"href":"https:\/\/www.eldiario.net\/portal\/wp-json\/wp\/v2\/categories?post=266004"},{"taxonomy":"post_tag","embeddable":true,"href":"https:\/\/www.eldiario.net\/portal\/wp-json\/wp\/v2\/tags?post=266004"}],"curies":[{"name":"wp","href":"https:\/\/api.w.org\/{rel}","templated":true}]}}