{"id":266001,"date":"2024-12-06T05:55:50","date_gmt":"2024-12-06T09:55:50","guid":{"rendered":"https:\/\/www.eldiario.net\/portal\/?p=266001"},"modified":"2024-12-06T05:55:50","modified_gmt":"2024-12-06T09:55:50","slug":"terremoto-de-magnitud-7-0-sacude-norte-de-california","status":"publish","type":"post","link":"https:\/\/www.eldiario.net\/portal\/2024\/12\/06\/terremoto-de-magnitud-7-0-sacude-norte-de-california\/","title":{"rendered":"Terremoto de magnitud 7.0  sacude norte de California"},"content":{"rendered":"<p class=\"v1MsoNormal\">Un fuerte terremoto de magnitud 7.0 sacudi\u00f3 la costa del norte de California ayer, seg\u00fan inform\u00f3 el Servicio Geol\u00f3gico de Estados Unidos.<\/p>\n<p class=\"v1MsoNormal\">Funcionarios locales se\u00f1alaron que no se hab\u00edan reportado muertes ni da\u00f1os materiales importantes tras el terremoto.<\/p>\n<p class=\"v1MsoNormal\">Tras el sismo se emiti\u00f3 una alerta de tsunami a lo largo de las costas del norte de California y del sur de Oreg\u00f3n, que fue cancelada una hora m\u00e1s tarde.<\/p>\n<p class=\"v1MsoNormal\">El gobernador de California, Gavin Newsom, declar\u00f3 el estado de emergencia para tener recursos adicionales para las \u00e1reas afectadas.<\/p>\n<p class=\"v1MsoNormal\">El epicentro del temblor se situ\u00f3 a 68 kil\u00f3metros de la costa de Ferndale, una peque\u00f1a ciudad en el condado californiano de Humboldt.<\/p>\n<p class=\"v1MsoNormal\">Un residente de Ferndale que habl\u00f3 con la BBC en los minutos posteriores al terremoto sostuvo que en el interior del edificio en el que se encontraba parec\u00eda \u00abcomo si hubiera estallado una bomba en cada habitaci\u00f3n\u00bb.<\/p>\n<p class=\"v1MsoNormal\">Olivia Cobian, del hotel Gingerbread Mansion Inn en Ferndale, se\u00f1al\u00f3 que el interior del establecimiento ahora \u00abparece una zona de guerra\u00bb.<\/p>\n<p class=\"v1MsoNormal\">\u00abTenemos enormes chimeneas de hierro fundido que fueron levantadas y movidas, todo est\u00e1 ca\u00eddo, roto, me alegro de que no haya nadie en la casa\u00bb.<\/p>\n<p class=\"v1MsoNormal\">Se reportaron m\u00faltiples r\u00e9plicas desde el terremoto inicial, que se produjo alrededor de las 10:40 a.m. hora local (18:40 GMT).<\/p>\n<p class=\"v1MsoNormal\">Newsom se reuni\u00f3 con funcionarios de emergencia estatales para ayudar a coordinar la respuesta y en posteriores declaraciones a la prensa sostuvo estar \u00abpreocupado por los da\u00f1os\u00bb.<\/p>\n<p class=\"v1MsoNormal\">\n<p class=\"v1MsoNormal\">ASISTENCIA INMEDIATA<\/p>\n<p class=\"v1MsoNormal\">M\u00e1s de 10.000 personas se quedaron sin electricidad en el condado, seg\u00fan el sitio web de seguimiento Poweroutage.us.<\/p>\n<p class=\"v1MsoNormal\">La cifra representa alrededor del 10% de los aproximadamente 99.000 clientes que esa web rastrea en la zona.<\/p>\n<p class=\"v1MsoNormal\">Mike McGuire, un senador estatal que representa a la Costa Norte de California, se\u00f1al\u00f3 en X que el estado \u00abest\u00e1 enviando asistencia inmediata\u00bb a Humboldt y al cercano condado de Del Norte para ayudar con las operaciones de emergencia.<\/p>\n<p class=\"v1MsoNormal\">\u00abHay informes de algunas casas que se desprendieron de sus cimientos en el gran valle del r\u00edo Eel de Humboldt\u00bb, escribi\u00f3.<\/p>\n<p class=\"v1MsoNormal\">Sin embargo, dos horas despu\u00e9s del terremoto que golpe\u00f3 California, no hubo informes confirmados de da\u00f1os significativos en el condado de Humboldt de California.<\/p>\n<p class=\"v1MsoNormal\">Videos publicados en redes sociales muestran da\u00f1os menores en negocios locales, incluidos vidrios y puertas rotas, y art\u00edculos esparcidos alrededor de bares y tiendas de comestibles. (BBC)<\/p>\n<p class=\"v1MsoNormal\">\n","protected":false},"excerpt":{"rendered":"<p>Un fuerte terremoto de magnitud 7.0 sacudi\u00f3 la costa del norte de California ayer, seg\u00fan inform\u00f3 el Servicio Geol\u00f3gico de Estados Unidos. Funcionarios locales se\u00f1alaron que no se hab\u00edan reportado muertes ni da\u00f1os materiales importantes tras el terremoto. Tras el sismo se emiti\u00f3 una alerta de tsunami a lo largo de las costas del norte [&hellip;]<\/p>\n","protected":false},"author":1,"featured_media":266002,"comment_status":"closed","ping_status":"open","sticky":false,"template":"","format":"standard","meta":{"_acf_changed":false,"footnotes":""},"categories":[3],"tags":[],"class_list":["post-266001","post","type-post","status-publish","format-standard","has-post-thumbnail","category-internacional"],"acf":{"antetitulo":"Estados Unidos"},"yoast_head":"<!-- This site is optimized with the Yoast SEO plugin v28.3 - https:\/\/yoast.com\/product\/yoast-seo-wordpress\/ -->\n<title>Terremoto de magnitud 7.0 sacude norte de California - El Diario - Bolivia<\/title>\n<meta name=\"robots\" content=\"index, follow, max-snippet:-1, max-image-preview:large, max-video-preview:-1\" \/>\n<link rel=\"canonical\" href=\"https:\/\/www.eldiario.net\/portal\/2024\/12\/06\/terremoto-de-magnitud-7-0-sacude-norte-de-california\/\" \/>\n<meta property=\"og:locale\" content=\"es_ES\" \/>\n<meta property=\"og:type\" content=\"article\" \/>\n<meta property=\"og:title\" content=\"Terremoto de magnitud 7.0 sacude norte de California - El Diario - Bolivia\" \/>\n<meta property=\"og:description\" content=\"Un fuerte terremoto de magnitud 7.0 sacudi\u00f3 la costa del norte de California ayer, seg\u00fan inform\u00f3 el Servicio Geol\u00f3gico de Estados Unidos. Funcionarios locales se\u00f1alaron que no se hab\u00edan reportado muertes ni da\u00f1os materiales importantes tras el terremoto. Tras el sismo se emiti\u00f3 una alerta de tsunami a lo largo de las costas del norte [&hellip;]\" \/>\n<meta property=\"og:url\" content=\"https:\/\/www.eldiario.net\/portal\/2024\/12\/06\/terremoto-de-magnitud-7-0-sacude-norte-de-california\/\" \/>\n<meta property=\"og:site_name\" content=\"El Diario - Bolivia\" \/>\n<meta property=\"article:publisher\" content=\"https:\/\/www.facebook.com\/eldiario.bolivia\/\" \/>\n<meta property=\"article:published_time\" content=\"2024-12-06T09:55:50+00:00\" \/>\n<meta property=\"og:image\" content=\"https:\/\/www.eldiario.net\/portal\/wp-content\/uploads\/2024\/12\/CALIFORNIA-Getty-Images.jpg\" \/>\n\t<meta property=\"og:image:width\" content=\"800\" \/>\n\t<meta property=\"og:image:height\" content=\"533\" \/>\n\t<meta property=\"og:image:type\" content=\"image\/jpeg\" \/>\n<meta name=\"author\" content=\"Jeanette\" \/>\n<meta name=\"twitter:card\" content=\"summary_large_image\" \/>\n<meta name=\"twitter:creator\" content=\"@eldiario_net\" \/>\n<meta name=\"twitter:site\" content=\"@eldiario_net\" \/>\n<meta name=\"twitter:label1\" content=\"Escrito por\" \/>\n\t<meta name=\"twitter:data1\" content=\"Jeanette\" \/>\n\t<meta name=\"twitter:label2\" content=\"Tiempo de lectura\" \/>\n\t<meta name=\"twitter:data2\" content=\"2 minutos\" \/>\n<script type=\"application\/ld+json\" class=\"yoast-schema-graph\">{\"@context\":\"https:\\\/\\\/schema.org\",\"@graph\":[{\"@type\":\"Article\",\"@id\":\"https:\\\/\\\/www.eldiario.net\\\/portal\\\/2024\\\/12\\\/06\\\/terremoto-de-magnitud-7-0-sacude-norte-de-california\\\/#article\",\"isPartOf\":{\"@id\":\"https:\\\/\\\/www.eldiario.net\\\/portal\\\/2024\\\/12\\\/06\\\/terremoto-de-magnitud-7-0-sacude-norte-de-california\\\/\"},\"author\":{\"name\":\"Jeanette\",\"@id\":\"https:\\\/\\\/www.eldiario.net\\\/portal\\\/#\\\/schema\\\/person\\\/f46445640444750d7d753ccd04ae01b7\"},\"headline\":\"Terremoto de magnitud 7.0 sacude norte de California\",\"datePublished\":\"2024-12-06T09:55:50+00:00\",\"mainEntityOfPage\":{\"@id\":\"https:\\\/\\\/www.eldiario.net\\\/portal\\\/2024\\\/12\\\/06\\\/terremoto-de-magnitud-7-0-sacude-norte-de-california\\\/\"},\"wordCount\":416,\"publisher\":{\"@id\":\"https:\\\/\\\/www.eldiario.net\\\/portal\\\/#organization\"},\"image\":{\"@id\":\"https:\\\/\\\/www.eldiario.net\\\/portal\\\/2024\\\/12\\\/06\\\/terremoto-de-magnitud-7-0-sacude-norte-de-california\\\/#primaryimage\"},\"thumbnailUrl\":\"https:\\\/\\\/www.eldiario.net\\\/portal\\\/wp-content\\\/uploads\\\/2024\\\/12\\\/CALIFORNIA-Getty-Images.jpg\",\"articleSection\":[\"Internacional\"],\"inLanguage\":\"es\"},{\"@type\":\"WebPage\",\"@id\":\"https:\\\/\\\/www.eldiario.net\\\/portal\\\/2024\\\/12\\\/06\\\/terremoto-de-magnitud-7-0-sacude-norte-de-california\\\/\",\"url\":\"https:\\\/\\\/www.eldiario.net\\\/portal\\\/2024\\\/12\\\/06\\\/terremoto-de-magnitud-7-0-sacude-norte-de-california\\\/\",\"name\":\"Terremoto de magnitud 7.0 sacude norte de California - El Diario - Bolivia\",\"isPartOf\":{\"@id\":\"https:\\\/\\\/www.eldiario.net\\\/portal\\\/#website\"},\"primaryImageOfPage\":{\"@id\":\"https:\\\/\\\/www.eldiario.net\\\/portal\\\/2024\\\/12\\\/06\\\/terremoto-de-magnitud-7-0-sacude-norte-de-california\\\/#primaryimage\"},\"image\":{\"@id\":\"https:\\\/\\\/www.eldiario.net\\\/portal\\\/2024\\\/12\\\/06\\\/terremoto-de-magnitud-7-0-sacude-norte-de-california\\\/#primaryimage\"},\"thumbnailUrl\":\"https:\\\/\\\/www.eldiario.net\\\/portal\\\/wp-content\\\/uploads\\\/2024\\\/12\\\/CALIFORNIA-Getty-Images.jpg\",\"datePublished\":\"2024-12-06T09:55:50+00:00\",\"breadcrumb\":{\"@id\":\"https:\\\/\\\/www.eldiario.net\\\/portal\\\/2024\\\/12\\\/06\\\/terremoto-de-magnitud-7-0-sacude-norte-de-california\\\/#breadcrumb\"},\"inLanguage\":\"es\",\"potentialAction\":[{\"@type\":\"ReadAction\",\"target\":[\"https:\\\/\\\/www.eldiario.net\\\/portal\\\/2024\\\/12\\\/06\\\/terremoto-de-magnitud-7-0-sacude-norte-de-california\\\/\"]}]},{\"@type\":\"ImageObject\",\"inLanguage\":\"es\",\"@id\":\"https:\\\/\\\/www.eldiario.net\\\/portal\\\/2024\\\/12\\\/06\\\/terremoto-de-magnitud-7-0-sacude-norte-de-california\\\/#primaryimage\",\"url\":\"https:\\\/\\\/www.eldiario.net\\\/portal\\\/wp-content\\\/uploads\\\/2024\\\/12\\\/CALIFORNIA-Getty-Images.jpg\",\"contentUrl\":\"https:\\\/\\\/www.eldiario.net\\\/portal\\\/wp-content\\\/uploads\\\/2024\\\/12\\\/CALIFORNIA-Getty-Images.jpg\",\"width\":800,\"height\":533,\"caption\":\"Imagen referencial CREDITO: Getty Images\"},{\"@type\":\"BreadcrumbList\",\"@id\":\"https:\\\/\\\/www.eldiario.net\\\/portal\\\/2024\\\/12\\\/06\\\/terremoto-de-magnitud-7-0-sacude-norte-de-california\\\/#breadcrumb\",\"itemListElement\":[{\"@type\":\"ListItem\",\"position\":1,\"name\":\"Portada\",\"item\":\"https:\\\/\\\/www.eldiario.net\\\/portal\\\/\"},{\"@type\":\"ListItem\",\"position\":2,\"name\":\"Terremoto de magnitud 7.0 sacude norte de California\"}]},{\"@type\":\"WebSite\",\"@id\":\"https:\\\/\\\/www.eldiario.net\\\/portal\\\/#website\",\"url\":\"https:\\\/\\\/www.eldiario.net\\\/portal\\\/\",\"name\":\"El Diario - Decano de la prensa nacional\",\"description\":\"El Diario - Decano de la prensa nacional\",\"publisher\":{\"@id\":\"https:\\\/\\\/www.eldiario.net\\\/portal\\\/#organization\"},\"potentialAction\":[{\"@type\":\"SearchAction\",\"target\":{\"@type\":\"EntryPoint\",\"urlTemplate\":\"https:\\\/\\\/www.eldiario.net\\\/portal\\\/?s={search_term_string}\"},\"query-input\":{\"@type\":\"PropertyValueSpecification\",\"valueRequired\":true,\"valueName\":\"search_term_string\"}}],\"inLanguage\":\"es\"},{\"@type\":\"Organization\",\"@id\":\"https:\\\/\\\/www.eldiario.net\\\/portal\\\/#organization\",\"name\":\"El Diario - Decano de la prensa nacional\",\"url\":\"https:\\\/\\\/www.eldiario.net\\\/portal\\\/\",\"logo\":{\"@type\":\"ImageObject\",\"inLanguage\":\"es\",\"@id\":\"https:\\\/\\\/www.eldiario.net\\\/portal\\\/#\\\/schema\\\/logo\\\/image\\\/\",\"url\":\"https:\\\/\\\/www.eldiario.net\\\/portal\\\/wp-content\\\/uploads\\\/2023\\\/07\\\/logo_ED.jpg\",\"contentUrl\":\"https:\\\/\\\/www.eldiario.net\\\/portal\\\/wp-content\\\/uploads\\\/2023\\\/07\\\/logo_ED.jpg\",\"width\":272,\"height\":52,\"caption\":\"El Diario - Decano de la prensa nacional\"},\"image\":{\"@id\":\"https:\\\/\\\/www.eldiario.net\\\/portal\\\/#\\\/schema\\\/logo\\\/image\\\/\"},\"sameAs\":[\"https:\\\/\\\/www.facebook.com\\\/eldiario.bolivia\\\/\",\"https:\\\/\\\/x.com\\\/eldiario_net\"]},{\"@type\":\"Person\",\"@id\":\"https:\\\/\\\/www.eldiario.net\\\/portal\\\/#\\\/schema\\\/person\\\/f46445640444750d7d753ccd04ae01b7\",\"name\":\"Jeanette\",\"image\":{\"@type\":\"ImageObject\",\"inLanguage\":\"es\",\"@id\":\"https:\\\/\\\/secure.gravatar.com\\\/avatar\\\/3ea2118a5f7dad2b7138b1187a6b7ee55f160b9968b66013c3a3ef39dd7e5798?s=96&d=mm&r=g\",\"url\":\"https:\\\/\\\/secure.gravatar.com\\\/avatar\\\/3ea2118a5f7dad2b7138b1187a6b7ee55f160b9968b66013c3a3ef39dd7e5798?s=96&d=mm&r=g\",\"contentUrl\":\"https:\\\/\\\/secure.gravatar.com\\\/avatar\\\/3ea2118a5f7dad2b7138b1187a6b7ee55f160b9968b66013c3a3ef39dd7e5798?s=96&d=mm&r=g\",\"caption\":\"Jeanette\"},\"sameAs\":[\"https:\\\/\\\/www.eldiario.net\\\/portal\"],\"url\":\"https:\\\/\\\/www.eldiario.net\\\/portal\\\/author\\\/jeanette\\\/\"}]}<\/script>\n<!-- \/ Yoast SEO plugin. -->","yoast_head_json":{"title":"Terremoto de magnitud 7.0 sacude norte de California - El Diario - Bolivia","robots":{"index":"index","follow":"follow","max-snippet":"max-snippet:-1","max-image-preview":"max-image-preview:large","max-video-preview":"max-video-preview:-1"},"canonical":"https:\/\/www.eldiario.net\/portal\/2024\/12\/06\/terremoto-de-magnitud-7-0-sacude-norte-de-california\/","og_locale":"es_ES","og_type":"article","og_title":"Terremoto de magnitud 7.0 sacude norte de California - El Diario - Bolivia","og_description":"Un fuerte terremoto de magnitud 7.0 sacudi\u00f3 la costa del norte de California ayer, seg\u00fan inform\u00f3 el Servicio Geol\u00f3gico de Estados Unidos. Funcionarios locales se\u00f1alaron que no se hab\u00edan reportado muertes ni da\u00f1os materiales importantes tras el terremoto. Tras el sismo se emiti\u00f3 una alerta de tsunami a lo largo de las costas del norte [&hellip;]","og_url":"https:\/\/www.eldiario.net\/portal\/2024\/12\/06\/terremoto-de-magnitud-7-0-sacude-norte-de-california\/","og_site_name":"El Diario - Bolivia","article_publisher":"https:\/\/www.facebook.com\/eldiario.bolivia\/","article_published_time":"2024-12-06T09:55:50+00:00","og_image":[{"width":800,"height":533,"url":"https:\/\/www.eldiario.net\/portal\/wp-content\/uploads\/2024\/12\/CALIFORNIA-Getty-Images.jpg","type":"image\/jpeg"}],"author":"Jeanette","twitter_card":"summary_large_image","twitter_creator":"@eldiario_net","twitter_site":"@eldiario_net","twitter_misc":{"Escrito por":"Jeanette","Tiempo de lectura":"2 minutos"},"schema":{"@context":"https:\/\/schema.org","@graph":[{"@type":"Article","@id":"https:\/\/www.eldiario.net\/portal\/2024\/12\/06\/terremoto-de-magnitud-7-0-sacude-norte-de-california\/#article","isPartOf":{"@id":"https:\/\/www.eldiario.net\/portal\/2024\/12\/06\/terremoto-de-magnitud-7-0-sacude-norte-de-california\/"},"author":{"name":"Jeanette","@id":"https:\/\/www.eldiario.net\/portal\/#\/schema\/person\/f46445640444750d7d753ccd04ae01b7"},"headline":"Terremoto de magnitud 7.0 sacude norte de California","datePublished":"2024-12-06T09:55:50+00:00","mainEntityOfPage":{"@id":"https:\/\/www.eldiario.net\/portal\/2024\/12\/06\/terremoto-de-magnitud-7-0-sacude-norte-de-california\/"},"wordCount":416,"publisher":{"@id":"https:\/\/www.eldiario.net\/portal\/#organization"},"image":{"@id":"https:\/\/www.eldiario.net\/portal\/2024\/12\/06\/terremoto-de-magnitud-7-0-sacude-norte-de-california\/#primaryimage"},"thumbnailUrl":"https:\/\/www.eldiario.net\/portal\/wp-content\/uploads\/2024\/12\/CALIFORNIA-Getty-Images.jpg","articleSection":["Internacional"],"inLanguage":"es"},{"@type":"WebPage","@id":"https:\/\/www.eldiario.net\/portal\/2024\/12\/06\/terremoto-de-magnitud-7-0-sacude-norte-de-california\/","url":"https:\/\/www.eldiario.net\/portal\/2024\/12\/06\/terremoto-de-magnitud-7-0-sacude-norte-de-california\/","name":"Terremoto de magnitud 7.0 sacude norte de California - El Diario - Bolivia","isPartOf":{"@id":"https:\/\/www.eldiario.net\/portal\/#website"},"primaryImageOfPage":{"@id":"https:\/\/www.eldiario.net\/portal\/2024\/12\/06\/terremoto-de-magnitud-7-0-sacude-norte-de-california\/#primaryimage"},"image":{"@id":"https:\/\/www.eldiario.net\/portal\/2024\/12\/06\/terremoto-de-magnitud-7-0-sacude-norte-de-california\/#primaryimage"},"thumbnailUrl":"https:\/\/www.eldiario.net\/portal\/wp-content\/uploads\/2024\/12\/CALIFORNIA-Getty-Images.jpg","datePublished":"2024-12-06T09:55:50+00:00","breadcrumb":{"@id":"https:\/\/www.eldiario.net\/portal\/2024\/12\/06\/terremoto-de-magnitud-7-0-sacude-norte-de-california\/#breadcrumb"},"inLanguage":"es","potentialAction":[{"@type":"ReadAction","target":["https:\/\/www.eldiario.net\/portal\/2024\/12\/06\/terremoto-de-magnitud-7-0-sacude-norte-de-california\/"]}]},{"@type":"ImageObject","inLanguage":"es","@id":"https:\/\/www.eldiario.net\/portal\/2024\/12\/06\/terremoto-de-magnitud-7-0-sacude-norte-de-california\/#primaryimage","url":"https:\/\/www.eldiario.net\/portal\/wp-content\/uploads\/2024\/12\/CALIFORNIA-Getty-Images.jpg","contentUrl":"https:\/\/www.eldiario.net\/portal\/wp-content\/uploads\/2024\/12\/CALIFORNIA-Getty-Images.jpg","width":800,"height":533,"caption":"Imagen referencial CREDITO: Getty Images"},{"@type":"BreadcrumbList","@id":"https:\/\/www.eldiario.net\/portal\/2024\/12\/06\/terremoto-de-magnitud-7-0-sacude-norte-de-california\/#breadcrumb","itemListElement":[{"@type":"ListItem","position":1,"name":"Portada","item":"https:\/\/www.eldiario.net\/portal\/"},{"@type":"ListItem","position":2,"name":"Terremoto de magnitud 7.0 sacude norte de California"}]},{"@type":"WebSite","@id":"https:\/\/www.eldiario.net\/portal\/#website","url":"https:\/\/www.eldiario.net\/portal\/","name":"El Diario - Decano de la prensa nacional","description":"El Diario - Decano de la prensa nacional","publisher":{"@id":"https:\/\/www.eldiario.net\/portal\/#organization"},"potentialAction":[{"@type":"SearchAction","target":{"@type":"EntryPoint","urlTemplate":"https:\/\/www.eldiario.net\/portal\/?s={search_term_string}"},"query-input":{"@type":"PropertyValueSpecification","valueRequired":true,"valueName":"search_term_string"}}],"inLanguage":"es"},{"@type":"Organization","@id":"https:\/\/www.eldiario.net\/portal\/#organization","name":"El Diario - Decano de la prensa nacional","url":"https:\/\/www.eldiario.net\/portal\/","logo":{"@type":"ImageObject","inLanguage":"es","@id":"https:\/\/www.eldiario.net\/portal\/#\/schema\/logo\/image\/","url":"https:\/\/www.eldiario.net\/portal\/wp-content\/uploads\/2023\/07\/logo_ED.jpg","contentUrl":"https:\/\/www.eldiario.net\/portal\/wp-content\/uploads\/2023\/07\/logo_ED.jpg","width":272,"height":52,"caption":"El Diario - Decano de la prensa nacional"},"image":{"@id":"https:\/\/www.eldiario.net\/portal\/#\/schema\/logo\/image\/"},"sameAs":["https:\/\/www.facebook.com\/eldiario.bolivia\/","https:\/\/x.com\/eldiario_net"]},{"@type":"Person","@id":"https:\/\/www.eldiario.net\/portal\/#\/schema\/person\/f46445640444750d7d753ccd04ae01b7","name":"Jeanette","image":{"@type":"ImageObject","inLanguage":"es","@id":"https:\/\/secure.gravatar.com\/avatar\/3ea2118a5f7dad2b7138b1187a6b7ee55f160b9968b66013c3a3ef39dd7e5798?s=96&d=mm&r=g","url":"https:\/\/secure.gravatar.com\/avatar\/3ea2118a5f7dad2b7138b1187a6b7ee55f160b9968b66013c3a3ef39dd7e5798?s=96&d=mm&r=g","contentUrl":"https:\/\/secure.gravatar.com\/avatar\/3ea2118a5f7dad2b7138b1187a6b7ee55f160b9968b66013c3a3ef39dd7e5798?s=96&d=mm&r=g","caption":"Jeanette"},"sameAs":["https:\/\/www.eldiario.net\/portal"],"url":"https:\/\/www.eldiario.net\/portal\/author\/jeanette\/"}]}},"_links":{"self":[{"href":"https:\/\/www.eldiario.net\/portal\/wp-json\/wp\/v2\/posts\/266001","targetHints":{"allow":["GET"]}}],"collection":[{"href":"https:\/\/www.eldiario.net\/portal\/wp-json\/wp\/v2\/posts"}],"about":[{"href":"https:\/\/www.eldiario.net\/portal\/wp-json\/wp\/v2\/types\/post"}],"author":[{"embeddable":true,"href":"https:\/\/www.eldiario.net\/portal\/wp-json\/wp\/v2\/users\/1"}],"replies":[{"embeddable":true,"href":"https:\/\/www.eldiario.net\/portal\/wp-json\/wp\/v2\/comments?post=266001"}],"version-history":[{"count":1,"href":"https:\/\/www.eldiario.net\/portal\/wp-json\/wp\/v2\/posts\/266001\/revisions"}],"predecessor-version":[{"id":266003,"href":"https:\/\/www.eldiario.net\/portal\/wp-json\/wp\/v2\/posts\/266001\/revisions\/266003"}],"wp:featuredmedia":[{"embeddable":true,"href":"https:\/\/www.eldiario.net\/portal\/wp-json\/wp\/v2\/media\/266002"}],"wp:attachment":[{"href":"https:\/\/www.eldiario.net\/portal\/wp-json\/wp\/v2\/media?parent=266001"}],"wp:term":[{"taxonomy":"category","embeddable":true,"href":"https:\/\/www.eldiario.net\/portal\/wp-json\/wp\/v2\/categories?post=266001"},{"taxonomy":"post_tag","embeddable":true,"href":"https:\/\/www.eldiario.net\/portal\/wp-json\/wp\/v2\/tags?post=266001"}],"curies":[{"name":"wp","href":"https:\/\/api.w.org\/{rel}","templated":true}]}}