{"id":265996,"date":"2024-12-06T05:54:09","date_gmt":"2024-12-06T09:54:09","guid":{"rendered":"https:\/\/www.eldiario.net\/portal\/?p=265996"},"modified":"2024-12-06T05:54:09","modified_gmt":"2024-12-06T09:54:09","slug":"denuncian-malos-tratos-a-asegurados-de-la-cps","status":"publish","type":"post","link":"https:\/\/www.eldiario.net\/portal\/2024\/12\/06\/denuncian-malos-tratos-a-asegurados-de-la-cps\/","title":{"rendered":"Denuncian malos tratos a asegurados de la CPS"},"content":{"rendered":"<p>Una asegurada que pidi\u00f3 mantener su nombre en reserva denunci\u00f3 a EL DIARIO que la atenci\u00f3n en la Caja Petrolera de Salud (CPS) de La Paz es \u201cp\u00e9sima\u201d porque tienen que peregrinar para lograr una ficha para su atenci\u00f3n, y tras lograrlo deben aguantar los malos tratos de los funcionarios, la falta de informaci\u00f3n y medicamentos, entre otros.<br \/>\n\u201cEs muy lamentable lo que pasa en la CPS, el trato que nos dan a los pacientes es por dem\u00e1s reprochable, no te tratan como personas, te tratan como animales, para ellos somos solo un n\u00famero m\u00e1s. No son nada emp\u00e1ticos\u201d, advirti\u00f3 la mujer.<br \/>\nLament\u00f3 que, para obtener los resultados, por ejemplo, del Papanicolaou, deben esperar cuatro meses y para que le programan otro tiempo. \u201cMe hice un Papanicolaou en marzo, me dieron los resultados ayer (2 de diciembre), me dicen que tengo una infecci\u00f3n y me dieron medicamentos. Ser\u00e1 normal medicarme por una infecci\u00f3n de hace ocho meses\u201d, cuestion\u00f3.<br \/>\nOtro de los problemas que denunci\u00f3 la asegurada es la falta de profesionales, ya que el m\u00e9dico que la atendi\u00f3 le dio una orden para programar una ecograf\u00eda, cuando se acerc\u00f3 a hacerlo, le informaron que deb\u00eda volver al d\u00eda siguiente porque la responsable estaba con baja m\u00e9dica.<br \/>\n\u201cUna con suerte logra el permiso laboral para realizar consultas o programaciones m\u00e9dicas, encima nos topamos con que no est\u00e1 la funcionaria, \u00bfacaso no hay otra persona que pueda atender? Hay que recordarlos a los funcionarios que la atenci\u00f3n no es gratuita, pareciera que nos hacen un favor, deber\u00edan contratar a personas que quieran trabajar, sus malos tratos nos hacen querer no volver a consulta\u201d, lament\u00f3.<br \/>\nOtra asegurada denunci\u00f3 que fue a emergencias por una lesi\u00f3n en su brazo, despu\u00e9s de esperar, se acerc\u00f3 a la farmacia para recoger los f\u00e1rmacos, sin embargo, la encargada de farmacia le dijo que le debe esperar porque estaba trabajando.<br \/>\n\u201cCon todo el dolor que sent\u00eda, a pesar que me atendieron, me acerque a la farmacia para recoger los medicamentos que me recetaron, pero la farmac\u00e9utica me pidi\u00f3 que le espere un minuto porque estaba trabajando, esper\u00e9, pero porque el dolor ya era insoportable le ped\u00ed nuevamente que me atienda, me dijo que le espere porque estaba trabajando, \u00bfacaso su trabajo no es atender a los asegurados? Con mucha impotencia tuve que esperar las ganas de la trabajadora y creo que eso no est\u00e1 bien\u201d, manifest\u00f3.<br \/>\nEn ese marco, los asegurados que hicieron llegar su reclamo a este medio de comunicaci\u00f3n pidieron que los profesionales \u201csean m\u00e1s conscientes y tengan ganas de trabajar\u201d, porque de momento la manera en la que tratan a los pacientes deja mucho que desear.<br \/>\nTrabajadores de la CPS tienen similares observaciones y aseguran que ese tipo de situaciones se da en el resto de las regionales del pa\u00eds, por eso llevan siete semanas de protestas pidiendo la renuncia de su gerente nacional.<br \/>\nEL DIARIO intent\u00f3 contactar a la administraci\u00f3n de la CPS o alg\u00fan vocero, pero vanos fueron los intentos pese a un compromiso de responder.<\/p>\n","protected":false},"excerpt":{"rendered":"<p>Una asegurada que pidi\u00f3 mantener su nombre en reserva denunci\u00f3 a EL DIARIO que la atenci\u00f3n en la Caja Petrolera de Salud (CPS) de La Paz es \u201cp\u00e9sima\u201d porque tienen que peregrinar para lograr una ficha para su atenci\u00f3n, y tras lograrlo deben aguantar los malos tratos de los funcionarios, la falta de informaci\u00f3n y [&hellip;]<\/p>\n","protected":false},"author":1,"featured_media":194726,"comment_status":"closed","ping_status":"open","sticky":false,"template":"","format":"standard","meta":{"_acf_changed":false,"footnotes":""},"categories":[12],"tags":[],"class_list":["post-265996","post","type-post","status-publish","format-standard","has-post-thumbnail","category-nacional"],"acf":{"antetitulo":""},"yoast_head":"<!-- This site is optimized with the Yoast SEO plugin v28.3 - https:\/\/yoast.com\/product\/yoast-seo-wordpress\/ -->\n<title>Denuncian malos tratos a asegurados de la CPS - El Diario - Bolivia<\/title>\n<meta name=\"robots\" content=\"index, follow, max-snippet:-1, max-image-preview:large, max-video-preview:-1\" \/>\n<link rel=\"canonical\" href=\"https:\/\/www.eldiario.net\/portal\/2024\/12\/06\/denuncian-malos-tratos-a-asegurados-de-la-cps\/\" \/>\n<meta property=\"og:locale\" content=\"es_ES\" \/>\n<meta property=\"og:type\" content=\"article\" \/>\n<meta property=\"og:title\" content=\"Denuncian malos tratos a asegurados de la CPS - El Diario - Bolivia\" \/>\n<meta property=\"og:description\" content=\"Una asegurada que pidi\u00f3 mantener su nombre en reserva denunci\u00f3 a EL DIARIO que la atenci\u00f3n en la Caja Petrolera de Salud (CPS) de La Paz es \u201cp\u00e9sima\u201d porque tienen que peregrinar para lograr una ficha para su atenci\u00f3n, y tras lograrlo deben aguantar los malos tratos de los funcionarios, la falta de informaci\u00f3n y [&hellip;]\" \/>\n<meta property=\"og:url\" content=\"https:\/\/www.eldiario.net\/portal\/2024\/12\/06\/denuncian-malos-tratos-a-asegurados-de-la-cps\/\" \/>\n<meta property=\"og:site_name\" content=\"El Diario - Bolivia\" \/>\n<meta property=\"article:publisher\" content=\"https:\/\/www.facebook.com\/eldiario.bolivia\/\" \/>\n<meta property=\"article:published_time\" content=\"2024-12-06T09:54:09+00:00\" \/>\n<meta property=\"og:image\" content=\"https:\/\/www.eldiario.net\/portal\/wp-content\/uploads\/2023\/12\/Nacional.jpg\" \/>\n\t<meta property=\"og:image:width\" content=\"800\" \/>\n\t<meta property=\"og:image:height\" content=\"500\" \/>\n\t<meta property=\"og:image:type\" content=\"image\/jpeg\" \/>\n<meta name=\"author\" content=\"Jeanette\" \/>\n<meta name=\"twitter:card\" content=\"summary_large_image\" \/>\n<meta name=\"twitter:creator\" content=\"@eldiario_net\" \/>\n<meta name=\"twitter:site\" content=\"@eldiario_net\" \/>\n<meta name=\"twitter:label1\" content=\"Escrito por\" \/>\n\t<meta name=\"twitter:data1\" content=\"Jeanette\" \/>\n\t<meta name=\"twitter:label2\" content=\"Tiempo de lectura\" \/>\n\t<meta name=\"twitter:data2\" content=\"3 minutos\" \/>\n<script type=\"application\/ld+json\" class=\"yoast-schema-graph\">{\"@context\":\"https:\\\/\\\/schema.org\",\"@graph\":[{\"@type\":\"Article\",\"@id\":\"https:\\\/\\\/www.eldiario.net\\\/portal\\\/2024\\\/12\\\/06\\\/denuncian-malos-tratos-a-asegurados-de-la-cps\\\/#article\",\"isPartOf\":{\"@id\":\"https:\\\/\\\/www.eldiario.net\\\/portal\\\/2024\\\/12\\\/06\\\/denuncian-malos-tratos-a-asegurados-de-la-cps\\\/\"},\"author\":{\"name\":\"Jeanette\",\"@id\":\"https:\\\/\\\/www.eldiario.net\\\/portal\\\/#\\\/schema\\\/person\\\/f46445640444750d7d753ccd04ae01b7\"},\"headline\":\"Denuncian malos tratos a asegurados de la CPS\",\"datePublished\":\"2024-12-06T09:54:09+00:00\",\"mainEntityOfPage\":{\"@id\":\"https:\\\/\\\/www.eldiario.net\\\/portal\\\/2024\\\/12\\\/06\\\/denuncian-malos-tratos-a-asegurados-de-la-cps\\\/\"},\"wordCount\":538,\"publisher\":{\"@id\":\"https:\\\/\\\/www.eldiario.net\\\/portal\\\/#organization\"},\"image\":{\"@id\":\"https:\\\/\\\/www.eldiario.net\\\/portal\\\/2024\\\/12\\\/06\\\/denuncian-malos-tratos-a-asegurados-de-la-cps\\\/#primaryimage\"},\"thumbnailUrl\":\"https:\\\/\\\/www.eldiario.net\\\/portal\\\/wp-content\\\/uploads\\\/2023\\\/12\\\/Nacional.jpg\",\"articleSection\":[\"Nacional\"],\"inLanguage\":\"es\"},{\"@type\":\"WebPage\",\"@id\":\"https:\\\/\\\/www.eldiario.net\\\/portal\\\/2024\\\/12\\\/06\\\/denuncian-malos-tratos-a-asegurados-de-la-cps\\\/\",\"url\":\"https:\\\/\\\/www.eldiario.net\\\/portal\\\/2024\\\/12\\\/06\\\/denuncian-malos-tratos-a-asegurados-de-la-cps\\\/\",\"name\":\"Denuncian malos tratos a asegurados de la CPS - El Diario - Bolivia\",\"isPartOf\":{\"@id\":\"https:\\\/\\\/www.eldiario.net\\\/portal\\\/#website\"},\"primaryImageOfPage\":{\"@id\":\"https:\\\/\\\/www.eldiario.net\\\/portal\\\/2024\\\/12\\\/06\\\/denuncian-malos-tratos-a-asegurados-de-la-cps\\\/#primaryimage\"},\"image\":{\"@id\":\"https:\\\/\\\/www.eldiario.net\\\/portal\\\/2024\\\/12\\\/06\\\/denuncian-malos-tratos-a-asegurados-de-la-cps\\\/#primaryimage\"},\"thumbnailUrl\":\"https:\\\/\\\/www.eldiario.net\\\/portal\\\/wp-content\\\/uploads\\\/2023\\\/12\\\/Nacional.jpg\",\"datePublished\":\"2024-12-06T09:54:09+00:00\",\"breadcrumb\":{\"@id\":\"https:\\\/\\\/www.eldiario.net\\\/portal\\\/2024\\\/12\\\/06\\\/denuncian-malos-tratos-a-asegurados-de-la-cps\\\/#breadcrumb\"},\"inLanguage\":\"es\",\"potentialAction\":[{\"@type\":\"ReadAction\",\"target\":[\"https:\\\/\\\/www.eldiario.net\\\/portal\\\/2024\\\/12\\\/06\\\/denuncian-malos-tratos-a-asegurados-de-la-cps\\\/\"]}]},{\"@type\":\"ImageObject\",\"inLanguage\":\"es\",\"@id\":\"https:\\\/\\\/www.eldiario.net\\\/portal\\\/2024\\\/12\\\/06\\\/denuncian-malos-tratos-a-asegurados-de-la-cps\\\/#primaryimage\",\"url\":\"https:\\\/\\\/www.eldiario.net\\\/portal\\\/wp-content\\\/uploads\\\/2023\\\/12\\\/Nacional.jpg\",\"contentUrl\":\"https:\\\/\\\/www.eldiario.net\\\/portal\\\/wp-content\\\/uploads\\\/2023\\\/12\\\/Nacional.jpg\",\"width\":800,\"height\":500},{\"@type\":\"BreadcrumbList\",\"@id\":\"https:\\\/\\\/www.eldiario.net\\\/portal\\\/2024\\\/12\\\/06\\\/denuncian-malos-tratos-a-asegurados-de-la-cps\\\/#breadcrumb\",\"itemListElement\":[{\"@type\":\"ListItem\",\"position\":1,\"name\":\"Portada\",\"item\":\"https:\\\/\\\/www.eldiario.net\\\/portal\\\/\"},{\"@type\":\"ListItem\",\"position\":2,\"name\":\"Denuncian malos tratos a asegurados de la CPS\"}]},{\"@type\":\"WebSite\",\"@id\":\"https:\\\/\\\/www.eldiario.net\\\/portal\\\/#website\",\"url\":\"https:\\\/\\\/www.eldiario.net\\\/portal\\\/\",\"name\":\"El Diario - Decano de la prensa nacional\",\"description\":\"El Diario - Decano de la prensa nacional\",\"publisher\":{\"@id\":\"https:\\\/\\\/www.eldiario.net\\\/portal\\\/#organization\"},\"potentialAction\":[{\"@type\":\"SearchAction\",\"target\":{\"@type\":\"EntryPoint\",\"urlTemplate\":\"https:\\\/\\\/www.eldiario.net\\\/portal\\\/?s={search_term_string}\"},\"query-input\":{\"@type\":\"PropertyValueSpecification\",\"valueRequired\":true,\"valueName\":\"search_term_string\"}}],\"inLanguage\":\"es\"},{\"@type\":\"Organization\",\"@id\":\"https:\\\/\\\/www.eldiario.net\\\/portal\\\/#organization\",\"name\":\"El Diario - Decano de la prensa nacional\",\"url\":\"https:\\\/\\\/www.eldiario.net\\\/portal\\\/\",\"logo\":{\"@type\":\"ImageObject\",\"inLanguage\":\"es\",\"@id\":\"https:\\\/\\\/www.eldiario.net\\\/portal\\\/#\\\/schema\\\/logo\\\/image\\\/\",\"url\":\"https:\\\/\\\/www.eldiario.net\\\/portal\\\/wp-content\\\/uploads\\\/2023\\\/07\\\/logo_ED.jpg\",\"contentUrl\":\"https:\\\/\\\/www.eldiario.net\\\/portal\\\/wp-content\\\/uploads\\\/2023\\\/07\\\/logo_ED.jpg\",\"width\":272,\"height\":52,\"caption\":\"El Diario - Decano de la prensa nacional\"},\"image\":{\"@id\":\"https:\\\/\\\/www.eldiario.net\\\/portal\\\/#\\\/schema\\\/logo\\\/image\\\/\"},\"sameAs\":[\"https:\\\/\\\/www.facebook.com\\\/eldiario.bolivia\\\/\",\"https:\\\/\\\/x.com\\\/eldiario_net\"]},{\"@type\":\"Person\",\"@id\":\"https:\\\/\\\/www.eldiario.net\\\/portal\\\/#\\\/schema\\\/person\\\/f46445640444750d7d753ccd04ae01b7\",\"name\":\"Jeanette\",\"image\":{\"@type\":\"ImageObject\",\"inLanguage\":\"es\",\"@id\":\"https:\\\/\\\/secure.gravatar.com\\\/avatar\\\/3ea2118a5f7dad2b7138b1187a6b7ee55f160b9968b66013c3a3ef39dd7e5798?s=96&d=mm&r=g\",\"url\":\"https:\\\/\\\/secure.gravatar.com\\\/avatar\\\/3ea2118a5f7dad2b7138b1187a6b7ee55f160b9968b66013c3a3ef39dd7e5798?s=96&d=mm&r=g\",\"contentUrl\":\"https:\\\/\\\/secure.gravatar.com\\\/avatar\\\/3ea2118a5f7dad2b7138b1187a6b7ee55f160b9968b66013c3a3ef39dd7e5798?s=96&d=mm&r=g\",\"caption\":\"Jeanette\"},\"sameAs\":[\"https:\\\/\\\/www.eldiario.net\\\/portal\"],\"url\":\"https:\\\/\\\/www.eldiario.net\\\/portal\\\/author\\\/jeanette\\\/\"}]}<\/script>\n<!-- \/ Yoast SEO plugin. -->","yoast_head_json":{"title":"Denuncian malos tratos a asegurados de la CPS - El Diario - Bolivia","robots":{"index":"index","follow":"follow","max-snippet":"max-snippet:-1","max-image-preview":"max-image-preview:large","max-video-preview":"max-video-preview:-1"},"canonical":"https:\/\/www.eldiario.net\/portal\/2024\/12\/06\/denuncian-malos-tratos-a-asegurados-de-la-cps\/","og_locale":"es_ES","og_type":"article","og_title":"Denuncian malos tratos a asegurados de la CPS - El Diario - Bolivia","og_description":"Una asegurada que pidi\u00f3 mantener su nombre en reserva denunci\u00f3 a EL DIARIO que la atenci\u00f3n en la Caja Petrolera de Salud (CPS) de La Paz es \u201cp\u00e9sima\u201d porque tienen que peregrinar para lograr una ficha para su atenci\u00f3n, y tras lograrlo deben aguantar los malos tratos de los funcionarios, la falta de informaci\u00f3n y [&hellip;]","og_url":"https:\/\/www.eldiario.net\/portal\/2024\/12\/06\/denuncian-malos-tratos-a-asegurados-de-la-cps\/","og_site_name":"El Diario - Bolivia","article_publisher":"https:\/\/www.facebook.com\/eldiario.bolivia\/","article_published_time":"2024-12-06T09:54:09+00:00","og_image":[{"width":800,"height":500,"url":"https:\/\/www.eldiario.net\/portal\/wp-content\/uploads\/2023\/12\/Nacional.jpg","type":"image\/jpeg"}],"author":"Jeanette","twitter_card":"summary_large_image","twitter_creator":"@eldiario_net","twitter_site":"@eldiario_net","twitter_misc":{"Escrito por":"Jeanette","Tiempo de lectura":"3 minutos"},"schema":{"@context":"https:\/\/schema.org","@graph":[{"@type":"Article","@id":"https:\/\/www.eldiario.net\/portal\/2024\/12\/06\/denuncian-malos-tratos-a-asegurados-de-la-cps\/#article","isPartOf":{"@id":"https:\/\/www.eldiario.net\/portal\/2024\/12\/06\/denuncian-malos-tratos-a-asegurados-de-la-cps\/"},"author":{"name":"Jeanette","@id":"https:\/\/www.eldiario.net\/portal\/#\/schema\/person\/f46445640444750d7d753ccd04ae01b7"},"headline":"Denuncian malos tratos a asegurados de la CPS","datePublished":"2024-12-06T09:54:09+00:00","mainEntityOfPage":{"@id":"https:\/\/www.eldiario.net\/portal\/2024\/12\/06\/denuncian-malos-tratos-a-asegurados-de-la-cps\/"},"wordCount":538,"publisher":{"@id":"https:\/\/www.eldiario.net\/portal\/#organization"},"image":{"@id":"https:\/\/www.eldiario.net\/portal\/2024\/12\/06\/denuncian-malos-tratos-a-asegurados-de-la-cps\/#primaryimage"},"thumbnailUrl":"https:\/\/www.eldiario.net\/portal\/wp-content\/uploads\/2023\/12\/Nacional.jpg","articleSection":["Nacional"],"inLanguage":"es"},{"@type":"WebPage","@id":"https:\/\/www.eldiario.net\/portal\/2024\/12\/06\/denuncian-malos-tratos-a-asegurados-de-la-cps\/","url":"https:\/\/www.eldiario.net\/portal\/2024\/12\/06\/denuncian-malos-tratos-a-asegurados-de-la-cps\/","name":"Denuncian malos tratos a asegurados de la CPS - El Diario - Bolivia","isPartOf":{"@id":"https:\/\/www.eldiario.net\/portal\/#website"},"primaryImageOfPage":{"@id":"https:\/\/www.eldiario.net\/portal\/2024\/12\/06\/denuncian-malos-tratos-a-asegurados-de-la-cps\/#primaryimage"},"image":{"@id":"https:\/\/www.eldiario.net\/portal\/2024\/12\/06\/denuncian-malos-tratos-a-asegurados-de-la-cps\/#primaryimage"},"thumbnailUrl":"https:\/\/www.eldiario.net\/portal\/wp-content\/uploads\/2023\/12\/Nacional.jpg","datePublished":"2024-12-06T09:54:09+00:00","breadcrumb":{"@id":"https:\/\/www.eldiario.net\/portal\/2024\/12\/06\/denuncian-malos-tratos-a-asegurados-de-la-cps\/#breadcrumb"},"inLanguage":"es","potentialAction":[{"@type":"ReadAction","target":["https:\/\/www.eldiario.net\/portal\/2024\/12\/06\/denuncian-malos-tratos-a-asegurados-de-la-cps\/"]}]},{"@type":"ImageObject","inLanguage":"es","@id":"https:\/\/www.eldiario.net\/portal\/2024\/12\/06\/denuncian-malos-tratos-a-asegurados-de-la-cps\/#primaryimage","url":"https:\/\/www.eldiario.net\/portal\/wp-content\/uploads\/2023\/12\/Nacional.jpg","contentUrl":"https:\/\/www.eldiario.net\/portal\/wp-content\/uploads\/2023\/12\/Nacional.jpg","width":800,"height":500},{"@type":"BreadcrumbList","@id":"https:\/\/www.eldiario.net\/portal\/2024\/12\/06\/denuncian-malos-tratos-a-asegurados-de-la-cps\/#breadcrumb","itemListElement":[{"@type":"ListItem","position":1,"name":"Portada","item":"https:\/\/www.eldiario.net\/portal\/"},{"@type":"ListItem","position":2,"name":"Denuncian malos tratos a asegurados de la CPS"}]},{"@type":"WebSite","@id":"https:\/\/www.eldiario.net\/portal\/#website","url":"https:\/\/www.eldiario.net\/portal\/","name":"El Diario - Decano de la prensa nacional","description":"El Diario - Decano de la prensa nacional","publisher":{"@id":"https:\/\/www.eldiario.net\/portal\/#organization"},"potentialAction":[{"@type":"SearchAction","target":{"@type":"EntryPoint","urlTemplate":"https:\/\/www.eldiario.net\/portal\/?s={search_term_string}"},"query-input":{"@type":"PropertyValueSpecification","valueRequired":true,"valueName":"search_term_string"}}],"inLanguage":"es"},{"@type":"Organization","@id":"https:\/\/www.eldiario.net\/portal\/#organization","name":"El Diario - Decano de la prensa nacional","url":"https:\/\/www.eldiario.net\/portal\/","logo":{"@type":"ImageObject","inLanguage":"es","@id":"https:\/\/www.eldiario.net\/portal\/#\/schema\/logo\/image\/","url":"https:\/\/www.eldiario.net\/portal\/wp-content\/uploads\/2023\/07\/logo_ED.jpg","contentUrl":"https:\/\/www.eldiario.net\/portal\/wp-content\/uploads\/2023\/07\/logo_ED.jpg","width":272,"height":52,"caption":"El Diario - Decano de la prensa nacional"},"image":{"@id":"https:\/\/www.eldiario.net\/portal\/#\/schema\/logo\/image\/"},"sameAs":["https:\/\/www.facebook.com\/eldiario.bolivia\/","https:\/\/x.com\/eldiario_net"]},{"@type":"Person","@id":"https:\/\/www.eldiario.net\/portal\/#\/schema\/person\/f46445640444750d7d753ccd04ae01b7","name":"Jeanette","image":{"@type":"ImageObject","inLanguage":"es","@id":"https:\/\/secure.gravatar.com\/avatar\/3ea2118a5f7dad2b7138b1187a6b7ee55f160b9968b66013c3a3ef39dd7e5798?s=96&d=mm&r=g","url":"https:\/\/secure.gravatar.com\/avatar\/3ea2118a5f7dad2b7138b1187a6b7ee55f160b9968b66013c3a3ef39dd7e5798?s=96&d=mm&r=g","contentUrl":"https:\/\/secure.gravatar.com\/avatar\/3ea2118a5f7dad2b7138b1187a6b7ee55f160b9968b66013c3a3ef39dd7e5798?s=96&d=mm&r=g","caption":"Jeanette"},"sameAs":["https:\/\/www.eldiario.net\/portal"],"url":"https:\/\/www.eldiario.net\/portal\/author\/jeanette\/"}]}},"_links":{"self":[{"href":"https:\/\/www.eldiario.net\/portal\/wp-json\/wp\/v2\/posts\/265996","targetHints":{"allow":["GET"]}}],"collection":[{"href":"https:\/\/www.eldiario.net\/portal\/wp-json\/wp\/v2\/posts"}],"about":[{"href":"https:\/\/www.eldiario.net\/portal\/wp-json\/wp\/v2\/types\/post"}],"author":[{"embeddable":true,"href":"https:\/\/www.eldiario.net\/portal\/wp-json\/wp\/v2\/users\/1"}],"replies":[{"embeddable":true,"href":"https:\/\/www.eldiario.net\/portal\/wp-json\/wp\/v2\/comments?post=265996"}],"version-history":[{"count":1,"href":"https:\/\/www.eldiario.net\/portal\/wp-json\/wp\/v2\/posts\/265996\/revisions"}],"predecessor-version":[{"id":265997,"href":"https:\/\/www.eldiario.net\/portal\/wp-json\/wp\/v2\/posts\/265996\/revisions\/265997"}],"wp:featuredmedia":[{"embeddable":true,"href":"https:\/\/www.eldiario.net\/portal\/wp-json\/wp\/v2\/media\/194726"}],"wp:attachment":[{"href":"https:\/\/www.eldiario.net\/portal\/wp-json\/wp\/v2\/media?parent=265996"}],"wp:term":[{"taxonomy":"category","embeddable":true,"href":"https:\/\/www.eldiario.net\/portal\/wp-json\/wp\/v2\/categories?post=265996"},{"taxonomy":"post_tag","embeddable":true,"href":"https:\/\/www.eldiario.net\/portal\/wp-json\/wp\/v2\/tags?post=265996"}],"curies":[{"name":"wp","href":"https:\/\/api.w.org\/{rel}","templated":true}]}}