{"id":265993,"date":"2024-12-06T05:53:28","date_gmt":"2024-12-06T09:53:28","guid":{"rendered":"https:\/\/www.eldiario.net\/portal\/?p=265993"},"modified":"2024-12-06T05:53:28","modified_gmt":"2024-12-06T09:53:28","slug":"sentencia-de-15-anos-de-nallar-refleja-decadencia-de-la-justicia","status":"publish","type":"post","link":"https:\/\/www.eldiario.net\/portal\/2024\/12\/06\/sentencia-de-15-anos-de-nallar-refleja-decadencia-de-la-justicia\/","title":{"rendered":"Sentencia de 15 a\u00f1os de Nallar refleja decadencia de la justicia"},"content":{"rendered":"<p>Mientras el beniano sentenciado por triple asesinato, Misael Nallar, llegaba ayer al penal de Palmasola en Santa Cruz para cumplir con su sentencia de 15 a\u00f1os de prisi\u00f3n, parlamentarios y juristas criticaron esta decisi\u00f3n por considerarla un reflejo de la decadencia de la justicia boliviana, la cual se encuentra en su peor momento.<br \/>\nEl sentenciado por los asesinatos de dos polic\u00edas y un civil voluntario del Grupo de Apoyo Civil a la Polic\u00eda (Gacip) lleg\u00f3 ayer momentos antes de las 11:00 al aeropuerto de Viru Viru, Santa Cruz, tras ser trasladado en un operativo policial desde la ciudad de El Alto. A las 11:45 horas, ingres\u00f3 al recinto de Palmasola.<br \/>\nEl diputado de Comunidad Ciudadana (CC), Alejandro Reyes, calific\u00f3 esta decisi\u00f3n de la justicia como una \u201cvictoria p\u00edrrica\u201d del Gobierno, una \u201csentencia menor\u201d que solamente demuestra que \u201caqu\u00ed cualquier persona puede atentar contra la vida de nuestra Polic\u00eda, de nuestras Fuerzas Armadas y no hay sanciones severas\u201d.<br \/>\n\u201cEstamos mal en el tema judicial e institucional, est\u00e1 desprotegida la fuerza del orden y, por supuesto, ac\u00e1 no tenemos nada que festejar. Es el peor momento de las instituciones\u201d, se\u00f1al\u00f3 ayer Reyes a la prensa, tras manifestar su duda de que Nallar cumpla el grueso de la pena.<br \/>\nNallar, quien hasta ayer permaneci\u00f3 en Chonchocoro con detenci\u00f3n preventiva, fue sentenciado el mi\u00e9rcoles a 15 a\u00f1os de c\u00e1rcel por los asesinatos a mano armada de los sargentos, Alfonso Ch\u00e1vez y Eustaquio Olano, y el miembro del Gacip, David Candia, en la comunidad de Los Cuchis, localidad cruce\u00f1a de Porongo.<br \/>\nEl viceministro de R\u00e9gimen Interior, Jhonny Aguilera, manifest\u00f3 que espera que la sentencia traiga \u201cpaz\u201d a la vida de las familias de los efectivos fallecidos, luego de considerar que el Gobierno trabaj\u00f3 para demostrar la autor\u00eda de Nallar en los hechos. Sin embargo, inform\u00f3 que aunque el sindicado admiti\u00f3 presenciado las ejecuciones, no declar\u00f3 haber disparado contra las v\u00edctimas.<br \/>\n\u201cEncontramos en la condena efectivamente una sensaci\u00f3n de justicia porque, si bien no son los 30 a\u00f1os que prev\u00e9n este tipo de acci\u00f3n, s\u00ed se demuestra que (\u2026), pese a que el se\u00f1or Nallar no admite haber percutado armas de fuego, encontramos en \u00e9l restos de nitritos y nitratos de p\u00f3lvora que significa, en una deducci\u00f3n, que \u00e9l tambi\u00e9n manipul\u00f3 un arma de fuego\u201d, se\u00f1al\u00f3 Aguilera.<br \/>\nLa viuda de Olano, Marina Rojas expres\u00f3 su rechazo tanto por la \u201cindignante\u201d sentencia de 15 a\u00f1os impuesta a Nallar, como la disposici\u00f3n de trasladarlo a Palmasola, en vez de que sea sentenciado a 30 a\u00f1os en Chonchocoro.<br \/>\nEn su criterio, los narcotraficantes aliados de Nallar negociaron con la justicia para influir en la reducci\u00f3n de la pena. \u201cLamentablemente, como los asesinos han sido \u2018narcos\u2019, quienes manejan (lo hacen) con el dinero. Ya se ha visto hace mucho tiempo que han negociado, de eso no tengo duda yo, a quien le moleste\u201d, indic\u00f3 Rojas.<br \/>\nEsta sentencia se emite pese a que el Ministerio P\u00fablico hab\u00eda pedido 30 a\u00f1os de sentencia para el acusado. El Gobierno admiti\u00f3 que no es la sentencia que esperaba, pero destac\u00f3 los esfuerzos de la Polic\u00eda para superar varios intentos de liberaci\u00f3n del acusado.<br \/>\n\u201cNo es la sentencia que hubi\u00e9ramos querido, pero con 15 a\u00f1os damos un paso adelante. El ministro de Gobierno, Eduardo Del Castillo, sostuvo que \u201cnadie puede tocar a un efectivo del orden\u201d y quedar en la impunidad.<br \/>\nPREMIADO EN<br \/>\nPALMASOLA<br \/>\nPor su parte, la abogada defensora de la familia de una de las v\u00edctimas, Jessica Echeverr\u00eda cuestion\u00f3 cu\u00e1n poderoso es el narcotr\u00e1fico en Bolivia, en vista de que Nallar no recibi\u00f3 30 a\u00f1os sin derecho a indulto, como establece taxativamente la ley. Tild\u00f3 a la decisi\u00f3n como una \u201caberraci\u00f3n jur\u00eddica\u201d y una \u201cverg\u00fcenza para el pa\u00eds\u201d.<br \/>\n\u201c\u00bfTan poco vale la vida de los polic\u00edas que fueron acribillados, ejecutados y asesinados, como para que a esta persona le den 15 a\u00f1os? \u00bfEs tanto el poder del narcotr\u00e1fico y del dinero en Bolivia que hasta se hacen la burla de las leyes? \u00a1Es realmente una verg\u00fcenza! \u00bfQu\u00e9 tanto sabe el se\u00f1or Misael Nallar como para que le den este tipo de beneficios?\u201d, cuestion\u00f3 la jurista.<br \/>\nEcheverr\u00eda critic\u00f3 que, mientras el gobernador cruce\u00f1o Luis Fernando Camacho permanece recluido en Chonchocoro como un trofeo del Gobierno, un \u201cnarcotraficante\u201d asesino de polic\u00edas sea \u201cpremiado\u201d con su traslado a Palmasola donde, seg\u00fan ella, Nallar instalar\u00e1 su \u201creino\u201d unos cuantos meses antes de quedar en libertad.<br \/>\n\u201cNi siquiera en Chonchocoro, que es la c\u00e1rcel de m\u00e1xima seguridad en Bolivia, pudieron contenerlo (a Nallar). \u00bfAcaso no vimos todo el pa\u00eds las im\u00e1genes donde hizo y deshizo en Chonchocoro? Incluso les pegaba y los pateaba a los polic\u00edas\u201d, record\u00f3 la abogada a DTV.<br \/>\nEcheverr\u00eda se refiri\u00f3 a una violenta gresca de reclusos del pabell\u00f3n B de Chonchocoro, ocurrida el 8 de junio de este a\u00f1o. Nallar fue se\u00f1alado de liderar estos hechos luego de que c\u00e1maras de seguridad lo registraran agrediendo a polic\u00edas junto con un grupo de reclusos armados con palos y objetos contundentes.<br \/>\nEl Gobierno se\u00f1al\u00f3 entonces que el beniano intenta quitar la vida a los efectivos que custodiaban el recinto, por lo que \u00e9l y otros reclusos fueron imputados por el delito de tentativa de homicidio y deterioro de bienes del Estado. Tras una audiencia cautelar, un juez orden\u00f3 su detenci\u00f3n preventiva por 180 d\u00edas, mientras ya cumpl\u00eda medidas cautelares por el caso del triple asesinato.<br \/>\nEL CASO<br \/>\nSeg\u00fan las investigaciones, el m\u00faltiple crimen ocurri\u00f3 el 21 de junio de 2022, cuando Nallar y su grupo consum\u00edan bebidas alcoh\u00f3licas en la zona del Urub\u00f3, en Santa Cruz, mientras los polic\u00edas realizaban un patrullaje de rutina en la zona.<br \/>\nAnte un altercado con los uniformados, Nallar y sus hombres reaccionaron violentamente y atacaron a las v\u00edctimas, quienes terminaron siendo ejecutadas a mano armada pese a emplear agentes qu\u00edmicos para defenderse.<br \/>\nAl d\u00eda siguiente, los implicados fueron detenidos e investigados, llegando a descubrirse que Nallar pose\u00eda bienes de lujo, veh\u00edculos de alta gama y hasta animales silvestres en una hacienda en Santa Cruz, con lo que el caso tom\u00f3 mayor relevancia medi\u00e1tica y se lleg\u00f3 a vincular con el narcotr\u00e1fico. (EL DIARIO)<\/p>\n<p>Pie de foto: Cr\u00e9ditos:<\/p>\n","protected":false},"excerpt":{"rendered":"<p>Mientras el beniano sentenciado por triple asesinato, Misael Nallar, llegaba ayer al penal de Palmasola en Santa Cruz para cumplir con su sentencia de 15 a\u00f1os de prisi\u00f3n, parlamentarios y juristas criticaron esta decisi\u00f3n por considerarla un reflejo de la decadencia de la justicia boliviana, la cual se encuentra en su peor momento. El sentenciado [&hellip;]<\/p>\n","protected":false},"author":1,"featured_media":265994,"comment_status":"closed","ping_status":"open","sticky":false,"template":"","format":"standard","meta":{"_acf_changed":false,"footnotes":""},"categories":[39],"tags":[],"class_list":["post-265993","post","type-post","status-publish","format-standard","has-post-thumbnail","category-sociedad"],"acf":{"antetitulo":"Del Castillo buscaba pena m\u00e1xima"},"yoast_head":"<!-- This site is optimized with the Yoast SEO plugin v28.3 - https:\/\/yoast.com\/product\/yoast-seo-wordpress\/ -->\n<title>Sentencia de 15 a\u00f1os de Nallar refleja decadencia de la justicia - El Diario - Bolivia<\/title>\n<meta name=\"robots\" content=\"index, follow, max-snippet:-1, max-image-preview:large, max-video-preview:-1\" \/>\n<link rel=\"canonical\" href=\"https:\/\/www.eldiario.net\/portal\/2024\/12\/06\/sentencia-de-15-anos-de-nallar-refleja-decadencia-de-la-justicia\/\" \/>\n<meta property=\"og:locale\" content=\"es_ES\" \/>\n<meta property=\"og:type\" content=\"article\" \/>\n<meta property=\"og:title\" content=\"Sentencia de 15 a\u00f1os de Nallar refleja decadencia de la justicia - El Diario - Bolivia\" \/>\n<meta property=\"og:description\" content=\"Mientras el beniano sentenciado por triple asesinato, Misael Nallar, llegaba ayer al penal de Palmasola en Santa Cruz para cumplir con su sentencia de 15 a\u00f1os de prisi\u00f3n, parlamentarios y juristas criticaron esta decisi\u00f3n por considerarla un reflejo de la decadencia de la justicia boliviana, la cual se encuentra en su peor momento. El sentenciado [&hellip;]\" \/>\n<meta property=\"og:url\" content=\"https:\/\/www.eldiario.net\/portal\/2024\/12\/06\/sentencia-de-15-anos-de-nallar-refleja-decadencia-de-la-justicia\/\" \/>\n<meta property=\"og:site_name\" content=\"El Diario - Bolivia\" \/>\n<meta property=\"article:publisher\" content=\"https:\/\/www.facebook.com\/eldiario.bolivia\/\" \/>\n<meta property=\"article:published_time\" content=\"2024-12-06T09:53:28+00:00\" \/>\n<meta property=\"og:image\" content=\"https:\/\/www.eldiario.net\/portal\/wp-content\/uploads\/2024\/12\/6-NALLAR.jpg\" \/>\n\t<meta property=\"og:image:width\" content=\"526\" \/>\n\t<meta property=\"og:image:height\" content=\"431\" \/>\n\t<meta property=\"og:image:type\" content=\"image\/jpeg\" \/>\n<meta name=\"author\" content=\"Jeanette\" \/>\n<meta name=\"twitter:card\" content=\"summary_large_image\" \/>\n<meta name=\"twitter:creator\" content=\"@eldiario_net\" \/>\n<meta name=\"twitter:site\" content=\"@eldiario_net\" \/>\n<meta name=\"twitter:label1\" content=\"Escrito por\" \/>\n\t<meta name=\"twitter:data1\" content=\"Jeanette\" \/>\n\t<meta name=\"twitter:label2\" content=\"Tiempo de lectura\" \/>\n\t<meta name=\"twitter:data2\" content=\"5 minutos\" \/>\n<script type=\"application\/ld+json\" class=\"yoast-schema-graph\">{\"@context\":\"https:\\\/\\\/schema.org\",\"@graph\":[{\"@type\":\"Article\",\"@id\":\"https:\\\/\\\/www.eldiario.net\\\/portal\\\/2024\\\/12\\\/06\\\/sentencia-de-15-anos-de-nallar-refleja-decadencia-de-la-justicia\\\/#article\",\"isPartOf\":{\"@id\":\"https:\\\/\\\/www.eldiario.net\\\/portal\\\/2024\\\/12\\\/06\\\/sentencia-de-15-anos-de-nallar-refleja-decadencia-de-la-justicia\\\/\"},\"author\":{\"name\":\"Jeanette\",\"@id\":\"https:\\\/\\\/www.eldiario.net\\\/portal\\\/#\\\/schema\\\/person\\\/f46445640444750d7d753ccd04ae01b7\"},\"headline\":\"Sentencia de 15 a\u00f1os de Nallar refleja decadencia de la justicia\",\"datePublished\":\"2024-12-06T09:53:28+00:00\",\"mainEntityOfPage\":{\"@id\":\"https:\\\/\\\/www.eldiario.net\\\/portal\\\/2024\\\/12\\\/06\\\/sentencia-de-15-anos-de-nallar-refleja-decadencia-de-la-justicia\\\/\"},\"wordCount\":1097,\"publisher\":{\"@id\":\"https:\\\/\\\/www.eldiario.net\\\/portal\\\/#organization\"},\"image\":{\"@id\":\"https:\\\/\\\/www.eldiario.net\\\/portal\\\/2024\\\/12\\\/06\\\/sentencia-de-15-anos-de-nallar-refleja-decadencia-de-la-justicia\\\/#primaryimage\"},\"thumbnailUrl\":\"https:\\\/\\\/www.eldiario.net\\\/portal\\\/wp-content\\\/uploads\\\/2024\\\/12\\\/6-NALLAR.jpg\",\"articleSection\":[\"Sociedad - Seguridad\"],\"inLanguage\":\"es\"},{\"@type\":\"WebPage\",\"@id\":\"https:\\\/\\\/www.eldiario.net\\\/portal\\\/2024\\\/12\\\/06\\\/sentencia-de-15-anos-de-nallar-refleja-decadencia-de-la-justicia\\\/\",\"url\":\"https:\\\/\\\/www.eldiario.net\\\/portal\\\/2024\\\/12\\\/06\\\/sentencia-de-15-anos-de-nallar-refleja-decadencia-de-la-justicia\\\/\",\"name\":\"Sentencia de 15 a\u00f1os de Nallar refleja decadencia de la justicia - El Diario - Bolivia\",\"isPartOf\":{\"@id\":\"https:\\\/\\\/www.eldiario.net\\\/portal\\\/#website\"},\"primaryImageOfPage\":{\"@id\":\"https:\\\/\\\/www.eldiario.net\\\/portal\\\/2024\\\/12\\\/06\\\/sentencia-de-15-anos-de-nallar-refleja-decadencia-de-la-justicia\\\/#primaryimage\"},\"image\":{\"@id\":\"https:\\\/\\\/www.eldiario.net\\\/portal\\\/2024\\\/12\\\/06\\\/sentencia-de-15-anos-de-nallar-refleja-decadencia-de-la-justicia\\\/#primaryimage\"},\"thumbnailUrl\":\"https:\\\/\\\/www.eldiario.net\\\/portal\\\/wp-content\\\/uploads\\\/2024\\\/12\\\/6-NALLAR.jpg\",\"datePublished\":\"2024-12-06T09:53:28+00:00\",\"breadcrumb\":{\"@id\":\"https:\\\/\\\/www.eldiario.net\\\/portal\\\/2024\\\/12\\\/06\\\/sentencia-de-15-anos-de-nallar-refleja-decadencia-de-la-justicia\\\/#breadcrumb\"},\"inLanguage\":\"es\",\"potentialAction\":[{\"@type\":\"ReadAction\",\"target\":[\"https:\\\/\\\/www.eldiario.net\\\/portal\\\/2024\\\/12\\\/06\\\/sentencia-de-15-anos-de-nallar-refleja-decadencia-de-la-justicia\\\/\"]}]},{\"@type\":\"ImageObject\",\"inLanguage\":\"es\",\"@id\":\"https:\\\/\\\/www.eldiario.net\\\/portal\\\/2024\\\/12\\\/06\\\/sentencia-de-15-anos-de-nallar-refleja-decadencia-de-la-justicia\\\/#primaryimage\",\"url\":\"https:\\\/\\\/www.eldiario.net\\\/portal\\\/wp-content\\\/uploads\\\/2024\\\/12\\\/6-NALLAR.jpg\",\"contentUrl\":\"https:\\\/\\\/www.eldiario.net\\\/portal\\\/wp-content\\\/uploads\\\/2024\\\/12\\\/6-NALLAR.jpg\",\"width\":526,\"height\":431,\"caption\":\"Misael Nallar durante su traslado a Santa Cruz con escolta policial, ayer.\"},{\"@type\":\"BreadcrumbList\",\"@id\":\"https:\\\/\\\/www.eldiario.net\\\/portal\\\/2024\\\/12\\\/06\\\/sentencia-de-15-anos-de-nallar-refleja-decadencia-de-la-justicia\\\/#breadcrumb\",\"itemListElement\":[{\"@type\":\"ListItem\",\"position\":1,\"name\":\"Portada\",\"item\":\"https:\\\/\\\/www.eldiario.net\\\/portal\\\/\"},{\"@type\":\"ListItem\",\"position\":2,\"name\":\"Sentencia de 15 a\u00f1os de Nallar refleja decadencia de la justicia\"}]},{\"@type\":\"WebSite\",\"@id\":\"https:\\\/\\\/www.eldiario.net\\\/portal\\\/#website\",\"url\":\"https:\\\/\\\/www.eldiario.net\\\/portal\\\/\",\"name\":\"El Diario - Decano de la prensa nacional\",\"description\":\"El Diario - Decano de la prensa nacional\",\"publisher\":{\"@id\":\"https:\\\/\\\/www.eldiario.net\\\/portal\\\/#organization\"},\"potentialAction\":[{\"@type\":\"SearchAction\",\"target\":{\"@type\":\"EntryPoint\",\"urlTemplate\":\"https:\\\/\\\/www.eldiario.net\\\/portal\\\/?s={search_term_string}\"},\"query-input\":{\"@type\":\"PropertyValueSpecification\",\"valueRequired\":true,\"valueName\":\"search_term_string\"}}],\"inLanguage\":\"es\"},{\"@type\":\"Organization\",\"@id\":\"https:\\\/\\\/www.eldiario.net\\\/portal\\\/#organization\",\"name\":\"El Diario - Decano de la prensa nacional\",\"url\":\"https:\\\/\\\/www.eldiario.net\\\/portal\\\/\",\"logo\":{\"@type\":\"ImageObject\",\"inLanguage\":\"es\",\"@id\":\"https:\\\/\\\/www.eldiario.net\\\/portal\\\/#\\\/schema\\\/logo\\\/image\\\/\",\"url\":\"https:\\\/\\\/www.eldiario.net\\\/portal\\\/wp-content\\\/uploads\\\/2023\\\/07\\\/logo_ED.jpg\",\"contentUrl\":\"https:\\\/\\\/www.eldiario.net\\\/portal\\\/wp-content\\\/uploads\\\/2023\\\/07\\\/logo_ED.jpg\",\"width\":272,\"height\":52,\"caption\":\"El Diario - Decano de la prensa nacional\"},\"image\":{\"@id\":\"https:\\\/\\\/www.eldiario.net\\\/portal\\\/#\\\/schema\\\/logo\\\/image\\\/\"},\"sameAs\":[\"https:\\\/\\\/www.facebook.com\\\/eldiario.bolivia\\\/\",\"https:\\\/\\\/x.com\\\/eldiario_net\"]},{\"@type\":\"Person\",\"@id\":\"https:\\\/\\\/www.eldiario.net\\\/portal\\\/#\\\/schema\\\/person\\\/f46445640444750d7d753ccd04ae01b7\",\"name\":\"Jeanette\",\"image\":{\"@type\":\"ImageObject\",\"inLanguage\":\"es\",\"@id\":\"https:\\\/\\\/secure.gravatar.com\\\/avatar\\\/3ea2118a5f7dad2b7138b1187a6b7ee55f160b9968b66013c3a3ef39dd7e5798?s=96&d=mm&r=g\",\"url\":\"https:\\\/\\\/secure.gravatar.com\\\/avatar\\\/3ea2118a5f7dad2b7138b1187a6b7ee55f160b9968b66013c3a3ef39dd7e5798?s=96&d=mm&r=g\",\"contentUrl\":\"https:\\\/\\\/secure.gravatar.com\\\/avatar\\\/3ea2118a5f7dad2b7138b1187a6b7ee55f160b9968b66013c3a3ef39dd7e5798?s=96&d=mm&r=g\",\"caption\":\"Jeanette\"},\"sameAs\":[\"https:\\\/\\\/www.eldiario.net\\\/portal\"],\"url\":\"https:\\\/\\\/www.eldiario.net\\\/portal\\\/author\\\/jeanette\\\/\"}]}<\/script>\n<!-- \/ Yoast SEO plugin. -->","yoast_head_json":{"title":"Sentencia de 15 a\u00f1os de Nallar refleja decadencia de la justicia - El Diario - Bolivia","robots":{"index":"index","follow":"follow","max-snippet":"max-snippet:-1","max-image-preview":"max-image-preview:large","max-video-preview":"max-video-preview:-1"},"canonical":"https:\/\/www.eldiario.net\/portal\/2024\/12\/06\/sentencia-de-15-anos-de-nallar-refleja-decadencia-de-la-justicia\/","og_locale":"es_ES","og_type":"article","og_title":"Sentencia de 15 a\u00f1os de Nallar refleja decadencia de la justicia - El Diario - Bolivia","og_description":"Mientras el beniano sentenciado por triple asesinato, Misael Nallar, llegaba ayer al penal de Palmasola en Santa Cruz para cumplir con su sentencia de 15 a\u00f1os de prisi\u00f3n, parlamentarios y juristas criticaron esta decisi\u00f3n por considerarla un reflejo de la decadencia de la justicia boliviana, la cual se encuentra en su peor momento. El sentenciado [&hellip;]","og_url":"https:\/\/www.eldiario.net\/portal\/2024\/12\/06\/sentencia-de-15-anos-de-nallar-refleja-decadencia-de-la-justicia\/","og_site_name":"El Diario - Bolivia","article_publisher":"https:\/\/www.facebook.com\/eldiario.bolivia\/","article_published_time":"2024-12-06T09:53:28+00:00","og_image":[{"width":526,"height":431,"url":"https:\/\/www.eldiario.net\/portal\/wp-content\/uploads\/2024\/12\/6-NALLAR.jpg","type":"image\/jpeg"}],"author":"Jeanette","twitter_card":"summary_large_image","twitter_creator":"@eldiario_net","twitter_site":"@eldiario_net","twitter_misc":{"Escrito por":"Jeanette","Tiempo de lectura":"5 minutos"},"schema":{"@context":"https:\/\/schema.org","@graph":[{"@type":"Article","@id":"https:\/\/www.eldiario.net\/portal\/2024\/12\/06\/sentencia-de-15-anos-de-nallar-refleja-decadencia-de-la-justicia\/#article","isPartOf":{"@id":"https:\/\/www.eldiario.net\/portal\/2024\/12\/06\/sentencia-de-15-anos-de-nallar-refleja-decadencia-de-la-justicia\/"},"author":{"name":"Jeanette","@id":"https:\/\/www.eldiario.net\/portal\/#\/schema\/person\/f46445640444750d7d753ccd04ae01b7"},"headline":"Sentencia de 15 a\u00f1os de Nallar refleja decadencia de la justicia","datePublished":"2024-12-06T09:53:28+00:00","mainEntityOfPage":{"@id":"https:\/\/www.eldiario.net\/portal\/2024\/12\/06\/sentencia-de-15-anos-de-nallar-refleja-decadencia-de-la-justicia\/"},"wordCount":1097,"publisher":{"@id":"https:\/\/www.eldiario.net\/portal\/#organization"},"image":{"@id":"https:\/\/www.eldiario.net\/portal\/2024\/12\/06\/sentencia-de-15-anos-de-nallar-refleja-decadencia-de-la-justicia\/#primaryimage"},"thumbnailUrl":"https:\/\/www.eldiario.net\/portal\/wp-content\/uploads\/2024\/12\/6-NALLAR.jpg","articleSection":["Sociedad - Seguridad"],"inLanguage":"es"},{"@type":"WebPage","@id":"https:\/\/www.eldiario.net\/portal\/2024\/12\/06\/sentencia-de-15-anos-de-nallar-refleja-decadencia-de-la-justicia\/","url":"https:\/\/www.eldiario.net\/portal\/2024\/12\/06\/sentencia-de-15-anos-de-nallar-refleja-decadencia-de-la-justicia\/","name":"Sentencia de 15 a\u00f1os de Nallar refleja decadencia de la justicia - El Diario - Bolivia","isPartOf":{"@id":"https:\/\/www.eldiario.net\/portal\/#website"},"primaryImageOfPage":{"@id":"https:\/\/www.eldiario.net\/portal\/2024\/12\/06\/sentencia-de-15-anos-de-nallar-refleja-decadencia-de-la-justicia\/#primaryimage"},"image":{"@id":"https:\/\/www.eldiario.net\/portal\/2024\/12\/06\/sentencia-de-15-anos-de-nallar-refleja-decadencia-de-la-justicia\/#primaryimage"},"thumbnailUrl":"https:\/\/www.eldiario.net\/portal\/wp-content\/uploads\/2024\/12\/6-NALLAR.jpg","datePublished":"2024-12-06T09:53:28+00:00","breadcrumb":{"@id":"https:\/\/www.eldiario.net\/portal\/2024\/12\/06\/sentencia-de-15-anos-de-nallar-refleja-decadencia-de-la-justicia\/#breadcrumb"},"inLanguage":"es","potentialAction":[{"@type":"ReadAction","target":["https:\/\/www.eldiario.net\/portal\/2024\/12\/06\/sentencia-de-15-anos-de-nallar-refleja-decadencia-de-la-justicia\/"]}]},{"@type":"ImageObject","inLanguage":"es","@id":"https:\/\/www.eldiario.net\/portal\/2024\/12\/06\/sentencia-de-15-anos-de-nallar-refleja-decadencia-de-la-justicia\/#primaryimage","url":"https:\/\/www.eldiario.net\/portal\/wp-content\/uploads\/2024\/12\/6-NALLAR.jpg","contentUrl":"https:\/\/www.eldiario.net\/portal\/wp-content\/uploads\/2024\/12\/6-NALLAR.jpg","width":526,"height":431,"caption":"Misael Nallar durante su traslado a Santa Cruz con escolta policial, ayer."},{"@type":"BreadcrumbList","@id":"https:\/\/www.eldiario.net\/portal\/2024\/12\/06\/sentencia-de-15-anos-de-nallar-refleja-decadencia-de-la-justicia\/#breadcrumb","itemListElement":[{"@type":"ListItem","position":1,"name":"Portada","item":"https:\/\/www.eldiario.net\/portal\/"},{"@type":"ListItem","position":2,"name":"Sentencia de 15 a\u00f1os de Nallar refleja decadencia de la justicia"}]},{"@type":"WebSite","@id":"https:\/\/www.eldiario.net\/portal\/#website","url":"https:\/\/www.eldiario.net\/portal\/","name":"El Diario - Decano de la prensa nacional","description":"El Diario - Decano de la prensa nacional","publisher":{"@id":"https:\/\/www.eldiario.net\/portal\/#organization"},"potentialAction":[{"@type":"SearchAction","target":{"@type":"EntryPoint","urlTemplate":"https:\/\/www.eldiario.net\/portal\/?s={search_term_string}"},"query-input":{"@type":"PropertyValueSpecification","valueRequired":true,"valueName":"search_term_string"}}],"inLanguage":"es"},{"@type":"Organization","@id":"https:\/\/www.eldiario.net\/portal\/#organization","name":"El Diario - Decano de la prensa nacional","url":"https:\/\/www.eldiario.net\/portal\/","logo":{"@type":"ImageObject","inLanguage":"es","@id":"https:\/\/www.eldiario.net\/portal\/#\/schema\/logo\/image\/","url":"https:\/\/www.eldiario.net\/portal\/wp-content\/uploads\/2023\/07\/logo_ED.jpg","contentUrl":"https:\/\/www.eldiario.net\/portal\/wp-content\/uploads\/2023\/07\/logo_ED.jpg","width":272,"height":52,"caption":"El Diario - Decano de la prensa nacional"},"image":{"@id":"https:\/\/www.eldiario.net\/portal\/#\/schema\/logo\/image\/"},"sameAs":["https:\/\/www.facebook.com\/eldiario.bolivia\/","https:\/\/x.com\/eldiario_net"]},{"@type":"Person","@id":"https:\/\/www.eldiario.net\/portal\/#\/schema\/person\/f46445640444750d7d753ccd04ae01b7","name":"Jeanette","image":{"@type":"ImageObject","inLanguage":"es","@id":"https:\/\/secure.gravatar.com\/avatar\/3ea2118a5f7dad2b7138b1187a6b7ee55f160b9968b66013c3a3ef39dd7e5798?s=96&d=mm&r=g","url":"https:\/\/secure.gravatar.com\/avatar\/3ea2118a5f7dad2b7138b1187a6b7ee55f160b9968b66013c3a3ef39dd7e5798?s=96&d=mm&r=g","contentUrl":"https:\/\/secure.gravatar.com\/avatar\/3ea2118a5f7dad2b7138b1187a6b7ee55f160b9968b66013c3a3ef39dd7e5798?s=96&d=mm&r=g","caption":"Jeanette"},"sameAs":["https:\/\/www.eldiario.net\/portal"],"url":"https:\/\/www.eldiario.net\/portal\/author\/jeanette\/"}]}},"_links":{"self":[{"href":"https:\/\/www.eldiario.net\/portal\/wp-json\/wp\/v2\/posts\/265993","targetHints":{"allow":["GET"]}}],"collection":[{"href":"https:\/\/www.eldiario.net\/portal\/wp-json\/wp\/v2\/posts"}],"about":[{"href":"https:\/\/www.eldiario.net\/portal\/wp-json\/wp\/v2\/types\/post"}],"author":[{"embeddable":true,"href":"https:\/\/www.eldiario.net\/portal\/wp-json\/wp\/v2\/users\/1"}],"replies":[{"embeddable":true,"href":"https:\/\/www.eldiario.net\/portal\/wp-json\/wp\/v2\/comments?post=265993"}],"version-history":[{"count":1,"href":"https:\/\/www.eldiario.net\/portal\/wp-json\/wp\/v2\/posts\/265993\/revisions"}],"predecessor-version":[{"id":265995,"href":"https:\/\/www.eldiario.net\/portal\/wp-json\/wp\/v2\/posts\/265993\/revisions\/265995"}],"wp:featuredmedia":[{"embeddable":true,"href":"https:\/\/www.eldiario.net\/portal\/wp-json\/wp\/v2\/media\/265994"}],"wp:attachment":[{"href":"https:\/\/www.eldiario.net\/portal\/wp-json\/wp\/v2\/media?parent=265993"}],"wp:term":[{"taxonomy":"category","embeddable":true,"href":"https:\/\/www.eldiario.net\/portal\/wp-json\/wp\/v2\/categories?post=265993"},{"taxonomy":"post_tag","embeddable":true,"href":"https:\/\/www.eldiario.net\/portal\/wp-json\/wp\/v2\/tags?post=265993"}],"curies":[{"name":"wp","href":"https:\/\/api.w.org\/{rel}","templated":true}]}}