{"id":265990,"date":"2024-12-06T05:52:52","date_gmt":"2024-12-06T09:52:52","guid":{"rendered":"https:\/\/www.eldiario.net\/portal\/?p=265990"},"modified":"2024-12-06T05:52:52","modified_gmt":"2024-12-06T09:52:52","slug":"suman-nueve-asesinatos-en-tropico-desde-repliegue-policial-de-octubre","status":"publish","type":"post","link":"https:\/\/www.eldiario.net\/portal\/2024\/12\/06\/suman-nueve-asesinatos-en-tropico-desde-repliegue-policial-de-octubre\/","title":{"rendered":"Suman nueve asesinatos en Tr\u00f3pico desde repliegue policial de octubre"},"content":{"rendered":"<p>A poco m\u00e1s de un mes de que la Polic\u00eda retirara totalmente sus efectivos del Tr\u00f3pico de Cochabamba por constantes amenazas de grupos cocaleros durante los bloqueos del \u201cevismo\u201d, se registr\u00f3 nueve violentos asesinatos en este sector del pa\u00eds, la mayor\u00eda relacionada a un ajuste de cuentas por narcotr\u00e1fico.<br \/>\nLa tarde del martes 3 de diciembre, en el municipio de Ivirgarzama, el ciudadano Jhonny Sandoval Siancas (43) fue asesinado con un disparo en la cabeza. Una de las hip\u00f3tesis que maneja la Fuerza Especial de Lucha Contra el Crimen (Felcc) es que podr\u00eda tratarse de un ajuste de cuentas.<br \/>\nEl fiscal departamental de Cochabamba, Osvaldo Tejerina, explic\u00f3 que la v\u00edctima era un funcionario de Prodem que habr\u00eda ingresado al Tr\u00f3pico para hacer efectivo el cobro de la mora de algunos clientes a la entidad financiera.<br \/>\n\u201c\u00c9l lleg\u00f3 en un veh\u00edculo con otras dos personas, las c\u00e1maras de seguridad advierten que los dos acompa\u00f1antes descendieron y escapan despu\u00e9s de disparar contra la v\u00edctima\u201d, indic\u00f3 Tejerina.<br \/>\nEl Ministerio P\u00fablico, con el apoyo de otras instituciones, colect\u00f3 las grabaciones de c\u00e1maras de seguridad para identificar plenamente a los autores de este suceso.<\/p>\n<p>OTROS CASOS<br \/>\nEl viernes 8 de noviembre, una pareja fue acribillada en la localidad de Entre R\u00edos. Las v\u00edctimas se encontraban en su negocio cuando fueron abordados por presuntos sicarios que irrumpieron en su local de ventas, tras llegar a bordo de una motocicleta. El crimen qued\u00f3 grabado en las c\u00e1maras de videovigilancia.<br \/>\nEl martes 12 de noviembre, Cristian C. S., Tadashi L., Trinidad M., Lisa L. y Juan Carlos R., fueron retenidos, secuestrados, torturados y ejecutados por cinco pobladores de Pucamayo, por una presunta venta fallida de armas.<br \/>\nSeg\u00fan los pobladores, otra persona habr\u00eda desaparecido y fue encontrada muerta cerca a las orillas del r\u00edo en una comunidad cercana de Villa Tunari. Sin embargo, no se precis\u00f3 la fecha exacta del hecho.<\/p>\n<p>REGRESO<br \/>\nEl Ministro de Gobierno, Eduardo Del Castillo, inform\u00f3 que el pr\u00f3ximo mi\u00e9rcoles alcaldes del Tr\u00f3pico sostendr\u00e1n una reuni\u00f3n con el viceministro de Seguridad Ciudadana, Roberto R\u00edos, para que se comprometan a tener las condiciones necesarias para\u00a0que los uniformados puedan retornar a sus funciones.<br \/>\nEl director departamental de la Felcc, Freddy Medinacelli, asever\u00f3 que personal de Inteligencia se encuentra \u201cde manera permanente\u201d en la regi\u00f3n para adelantar la investigaci\u00f3n de los hechos de sangre reportados. (Agencias)<\/p>\n","protected":false},"excerpt":{"rendered":"<p>A poco m\u00e1s de un mes de que la Polic\u00eda retirara totalmente sus efectivos del Tr\u00f3pico de Cochabamba por constantes amenazas de grupos cocaleros durante los bloqueos del \u201cevismo\u201d, se registr\u00f3 nueve violentos asesinatos en este sector del pa\u00eds, la mayor\u00eda relacionada a un ajuste de cuentas por narcotr\u00e1fico. La tarde del martes 3 de [&hellip;]<\/p>\n","protected":false},"author":1,"featured_media":265991,"comment_status":"closed","ping_status":"open","sticky":false,"template":"","format":"standard","meta":{"_acf_changed":false,"footnotes":""},"categories":[39],"tags":[],"class_list":["post-265990","post","type-post","status-publish","format-standard","has-post-thumbnail","category-sociedad"],"acf":{"antetitulo":"Abandono policial"},"yoast_head":"<!-- This site is optimized with the Yoast SEO plugin v28.3 - https:\/\/yoast.com\/product\/yoast-seo-wordpress\/ -->\n<title>Suman nueve asesinatos en Tr\u00f3pico desde repliegue policial de octubre - El Diario - Bolivia<\/title>\n<meta name=\"robots\" content=\"index, follow, max-snippet:-1, max-image-preview:large, max-video-preview:-1\" \/>\n<link rel=\"canonical\" href=\"https:\/\/www.eldiario.net\/portal\/2024\/12\/06\/suman-nueve-asesinatos-en-tropico-desde-repliegue-policial-de-octubre\/\" \/>\n<meta property=\"og:locale\" content=\"es_ES\" \/>\n<meta property=\"og:type\" content=\"article\" \/>\n<meta property=\"og:title\" content=\"Suman nueve asesinatos en Tr\u00f3pico desde repliegue policial de octubre - El Diario - Bolivia\" \/>\n<meta property=\"og:description\" content=\"A poco m\u00e1s de un mes de que la Polic\u00eda retirara totalmente sus efectivos del Tr\u00f3pico de Cochabamba por constantes amenazas de grupos cocaleros durante los bloqueos del \u201cevismo\u201d, se registr\u00f3 nueve violentos asesinatos en este sector del pa\u00eds, la mayor\u00eda relacionada a un ajuste de cuentas por narcotr\u00e1fico. La tarde del martes 3 de [&hellip;]\" \/>\n<meta property=\"og:url\" content=\"https:\/\/www.eldiario.net\/portal\/2024\/12\/06\/suman-nueve-asesinatos-en-tropico-desde-repliegue-policial-de-octubre\/\" \/>\n<meta property=\"og:site_name\" content=\"El Diario - Bolivia\" \/>\n<meta property=\"article:publisher\" content=\"https:\/\/www.facebook.com\/eldiario.bolivia\/\" \/>\n<meta property=\"article:published_time\" content=\"2024-12-06T09:52:52+00:00\" \/>\n<meta property=\"og:image\" content=\"https:\/\/www.eldiario.net\/portal\/wp-content\/uploads\/2024\/12\/6-TROP.jpg\" \/>\n\t<meta property=\"og:image:width\" content=\"765\" \/>\n\t<meta property=\"og:image:height\" content=\"427\" \/>\n\t<meta property=\"og:image:type\" content=\"image\/jpeg\" \/>\n<meta name=\"author\" content=\"Jeanette\" \/>\n<meta name=\"twitter:card\" content=\"summary_large_image\" \/>\n<meta name=\"twitter:creator\" content=\"@eldiario_net\" \/>\n<meta name=\"twitter:site\" content=\"@eldiario_net\" \/>\n<meta name=\"twitter:label1\" content=\"Escrito por\" \/>\n\t<meta name=\"twitter:data1\" content=\"Jeanette\" \/>\n\t<meta name=\"twitter:label2\" content=\"Tiempo de lectura\" \/>\n\t<meta name=\"twitter:data2\" content=\"2 minutos\" \/>\n<script type=\"application\/ld+json\" class=\"yoast-schema-graph\">{\"@context\":\"https:\\\/\\\/schema.org\",\"@graph\":[{\"@type\":\"Article\",\"@id\":\"https:\\\/\\\/www.eldiario.net\\\/portal\\\/2024\\\/12\\\/06\\\/suman-nueve-asesinatos-en-tropico-desde-repliegue-policial-de-octubre\\\/#article\",\"isPartOf\":{\"@id\":\"https:\\\/\\\/www.eldiario.net\\\/portal\\\/2024\\\/12\\\/06\\\/suman-nueve-asesinatos-en-tropico-desde-repliegue-policial-de-octubre\\\/\"},\"author\":{\"name\":\"Jeanette\",\"@id\":\"https:\\\/\\\/www.eldiario.net\\\/portal\\\/#\\\/schema\\\/person\\\/f46445640444750d7d753ccd04ae01b7\"},\"headline\":\"Suman nueve asesinatos en Tr\u00f3pico desde repliegue policial de octubre\",\"datePublished\":\"2024-12-06T09:52:52+00:00\",\"mainEntityOfPage\":{\"@id\":\"https:\\\/\\\/www.eldiario.net\\\/portal\\\/2024\\\/12\\\/06\\\/suman-nueve-asesinatos-en-tropico-desde-repliegue-policial-de-octubre\\\/\"},\"wordCount\":428,\"publisher\":{\"@id\":\"https:\\\/\\\/www.eldiario.net\\\/portal\\\/#organization\"},\"image\":{\"@id\":\"https:\\\/\\\/www.eldiario.net\\\/portal\\\/2024\\\/12\\\/06\\\/suman-nueve-asesinatos-en-tropico-desde-repliegue-policial-de-octubre\\\/#primaryimage\"},\"thumbnailUrl\":\"https:\\\/\\\/www.eldiario.net\\\/portal\\\/wp-content\\\/uploads\\\/2024\\\/12\\\/6-TROP.jpg\",\"articleSection\":[\"Sociedad - Seguridad\"],\"inLanguage\":\"es\"},{\"@type\":\"WebPage\",\"@id\":\"https:\\\/\\\/www.eldiario.net\\\/portal\\\/2024\\\/12\\\/06\\\/suman-nueve-asesinatos-en-tropico-desde-repliegue-policial-de-octubre\\\/\",\"url\":\"https:\\\/\\\/www.eldiario.net\\\/portal\\\/2024\\\/12\\\/06\\\/suman-nueve-asesinatos-en-tropico-desde-repliegue-policial-de-octubre\\\/\",\"name\":\"Suman nueve asesinatos en Tr\u00f3pico desde repliegue policial de octubre - El Diario - Bolivia\",\"isPartOf\":{\"@id\":\"https:\\\/\\\/www.eldiario.net\\\/portal\\\/#website\"},\"primaryImageOfPage\":{\"@id\":\"https:\\\/\\\/www.eldiario.net\\\/portal\\\/2024\\\/12\\\/06\\\/suman-nueve-asesinatos-en-tropico-desde-repliegue-policial-de-octubre\\\/#primaryimage\"},\"image\":{\"@id\":\"https:\\\/\\\/www.eldiario.net\\\/portal\\\/2024\\\/12\\\/06\\\/suman-nueve-asesinatos-en-tropico-desde-repliegue-policial-de-octubre\\\/#primaryimage\"},\"thumbnailUrl\":\"https:\\\/\\\/www.eldiario.net\\\/portal\\\/wp-content\\\/uploads\\\/2024\\\/12\\\/6-TROP.jpg\",\"datePublished\":\"2024-12-06T09:52:52+00:00\",\"breadcrumb\":{\"@id\":\"https:\\\/\\\/www.eldiario.net\\\/portal\\\/2024\\\/12\\\/06\\\/suman-nueve-asesinatos-en-tropico-desde-repliegue-policial-de-octubre\\\/#breadcrumb\"},\"inLanguage\":\"es\",\"potentialAction\":[{\"@type\":\"ReadAction\",\"target\":[\"https:\\\/\\\/www.eldiario.net\\\/portal\\\/2024\\\/12\\\/06\\\/suman-nueve-asesinatos-en-tropico-desde-repliegue-policial-de-octubre\\\/\"]}]},{\"@type\":\"ImageObject\",\"inLanguage\":\"es\",\"@id\":\"https:\\\/\\\/www.eldiario.net\\\/portal\\\/2024\\\/12\\\/06\\\/suman-nueve-asesinatos-en-tropico-desde-repliegue-policial-de-octubre\\\/#primaryimage\",\"url\":\"https:\\\/\\\/www.eldiario.net\\\/portal\\\/wp-content\\\/uploads\\\/2024\\\/12\\\/6-TROP.jpg\",\"contentUrl\":\"https:\\\/\\\/www.eldiario.net\\\/portal\\\/wp-content\\\/uploads\\\/2024\\\/12\\\/6-TROP.jpg\",\"width\":765,\"height\":427,\"caption\":\"Los hechos deber\u00e1n ser investigados.\"},{\"@type\":\"BreadcrumbList\",\"@id\":\"https:\\\/\\\/www.eldiario.net\\\/portal\\\/2024\\\/12\\\/06\\\/suman-nueve-asesinatos-en-tropico-desde-repliegue-policial-de-octubre\\\/#breadcrumb\",\"itemListElement\":[{\"@type\":\"ListItem\",\"position\":1,\"name\":\"Portada\",\"item\":\"https:\\\/\\\/www.eldiario.net\\\/portal\\\/\"},{\"@type\":\"ListItem\",\"position\":2,\"name\":\"Suman nueve asesinatos en Tr\u00f3pico desde repliegue policial de octubre\"}]},{\"@type\":\"WebSite\",\"@id\":\"https:\\\/\\\/www.eldiario.net\\\/portal\\\/#website\",\"url\":\"https:\\\/\\\/www.eldiario.net\\\/portal\\\/\",\"name\":\"El Diario - Decano de la prensa nacional\",\"description\":\"El Diario - Decano de la prensa nacional\",\"publisher\":{\"@id\":\"https:\\\/\\\/www.eldiario.net\\\/portal\\\/#organization\"},\"potentialAction\":[{\"@type\":\"SearchAction\",\"target\":{\"@type\":\"EntryPoint\",\"urlTemplate\":\"https:\\\/\\\/www.eldiario.net\\\/portal\\\/?s={search_term_string}\"},\"query-input\":{\"@type\":\"PropertyValueSpecification\",\"valueRequired\":true,\"valueName\":\"search_term_string\"}}],\"inLanguage\":\"es\"},{\"@type\":\"Organization\",\"@id\":\"https:\\\/\\\/www.eldiario.net\\\/portal\\\/#organization\",\"name\":\"El Diario - Decano de la prensa nacional\",\"url\":\"https:\\\/\\\/www.eldiario.net\\\/portal\\\/\",\"logo\":{\"@type\":\"ImageObject\",\"inLanguage\":\"es\",\"@id\":\"https:\\\/\\\/www.eldiario.net\\\/portal\\\/#\\\/schema\\\/logo\\\/image\\\/\",\"url\":\"https:\\\/\\\/www.eldiario.net\\\/portal\\\/wp-content\\\/uploads\\\/2023\\\/07\\\/logo_ED.jpg\",\"contentUrl\":\"https:\\\/\\\/www.eldiario.net\\\/portal\\\/wp-content\\\/uploads\\\/2023\\\/07\\\/logo_ED.jpg\",\"width\":272,\"height\":52,\"caption\":\"El Diario - Decano de la prensa nacional\"},\"image\":{\"@id\":\"https:\\\/\\\/www.eldiario.net\\\/portal\\\/#\\\/schema\\\/logo\\\/image\\\/\"},\"sameAs\":[\"https:\\\/\\\/www.facebook.com\\\/eldiario.bolivia\\\/\",\"https:\\\/\\\/x.com\\\/eldiario_net\"]},{\"@type\":\"Person\",\"@id\":\"https:\\\/\\\/www.eldiario.net\\\/portal\\\/#\\\/schema\\\/person\\\/f46445640444750d7d753ccd04ae01b7\",\"name\":\"Jeanette\",\"image\":{\"@type\":\"ImageObject\",\"inLanguage\":\"es\",\"@id\":\"https:\\\/\\\/secure.gravatar.com\\\/avatar\\\/3ea2118a5f7dad2b7138b1187a6b7ee55f160b9968b66013c3a3ef39dd7e5798?s=96&d=mm&r=g\",\"url\":\"https:\\\/\\\/secure.gravatar.com\\\/avatar\\\/3ea2118a5f7dad2b7138b1187a6b7ee55f160b9968b66013c3a3ef39dd7e5798?s=96&d=mm&r=g\",\"contentUrl\":\"https:\\\/\\\/secure.gravatar.com\\\/avatar\\\/3ea2118a5f7dad2b7138b1187a6b7ee55f160b9968b66013c3a3ef39dd7e5798?s=96&d=mm&r=g\",\"caption\":\"Jeanette\"},\"sameAs\":[\"https:\\\/\\\/www.eldiario.net\\\/portal\"],\"url\":\"https:\\\/\\\/www.eldiario.net\\\/portal\\\/author\\\/jeanette\\\/\"}]}<\/script>\n<!-- \/ Yoast SEO plugin. -->","yoast_head_json":{"title":"Suman nueve asesinatos en Tr\u00f3pico desde repliegue policial de octubre - El Diario - Bolivia","robots":{"index":"index","follow":"follow","max-snippet":"max-snippet:-1","max-image-preview":"max-image-preview:large","max-video-preview":"max-video-preview:-1"},"canonical":"https:\/\/www.eldiario.net\/portal\/2024\/12\/06\/suman-nueve-asesinatos-en-tropico-desde-repliegue-policial-de-octubre\/","og_locale":"es_ES","og_type":"article","og_title":"Suman nueve asesinatos en Tr\u00f3pico desde repliegue policial de octubre - El Diario - Bolivia","og_description":"A poco m\u00e1s de un mes de que la Polic\u00eda retirara totalmente sus efectivos del Tr\u00f3pico de Cochabamba por constantes amenazas de grupos cocaleros durante los bloqueos del \u201cevismo\u201d, se registr\u00f3 nueve violentos asesinatos en este sector del pa\u00eds, la mayor\u00eda relacionada a un ajuste de cuentas por narcotr\u00e1fico. La tarde del martes 3 de [&hellip;]","og_url":"https:\/\/www.eldiario.net\/portal\/2024\/12\/06\/suman-nueve-asesinatos-en-tropico-desde-repliegue-policial-de-octubre\/","og_site_name":"El Diario - Bolivia","article_publisher":"https:\/\/www.facebook.com\/eldiario.bolivia\/","article_published_time":"2024-12-06T09:52:52+00:00","og_image":[{"width":765,"height":427,"url":"https:\/\/www.eldiario.net\/portal\/wp-content\/uploads\/2024\/12\/6-TROP.jpg","type":"image\/jpeg"}],"author":"Jeanette","twitter_card":"summary_large_image","twitter_creator":"@eldiario_net","twitter_site":"@eldiario_net","twitter_misc":{"Escrito por":"Jeanette","Tiempo de lectura":"2 minutos"},"schema":{"@context":"https:\/\/schema.org","@graph":[{"@type":"Article","@id":"https:\/\/www.eldiario.net\/portal\/2024\/12\/06\/suman-nueve-asesinatos-en-tropico-desde-repliegue-policial-de-octubre\/#article","isPartOf":{"@id":"https:\/\/www.eldiario.net\/portal\/2024\/12\/06\/suman-nueve-asesinatos-en-tropico-desde-repliegue-policial-de-octubre\/"},"author":{"name":"Jeanette","@id":"https:\/\/www.eldiario.net\/portal\/#\/schema\/person\/f46445640444750d7d753ccd04ae01b7"},"headline":"Suman nueve asesinatos en Tr\u00f3pico desde repliegue policial de octubre","datePublished":"2024-12-06T09:52:52+00:00","mainEntityOfPage":{"@id":"https:\/\/www.eldiario.net\/portal\/2024\/12\/06\/suman-nueve-asesinatos-en-tropico-desde-repliegue-policial-de-octubre\/"},"wordCount":428,"publisher":{"@id":"https:\/\/www.eldiario.net\/portal\/#organization"},"image":{"@id":"https:\/\/www.eldiario.net\/portal\/2024\/12\/06\/suman-nueve-asesinatos-en-tropico-desde-repliegue-policial-de-octubre\/#primaryimage"},"thumbnailUrl":"https:\/\/www.eldiario.net\/portal\/wp-content\/uploads\/2024\/12\/6-TROP.jpg","articleSection":["Sociedad - Seguridad"],"inLanguage":"es"},{"@type":"WebPage","@id":"https:\/\/www.eldiario.net\/portal\/2024\/12\/06\/suman-nueve-asesinatos-en-tropico-desde-repliegue-policial-de-octubre\/","url":"https:\/\/www.eldiario.net\/portal\/2024\/12\/06\/suman-nueve-asesinatos-en-tropico-desde-repliegue-policial-de-octubre\/","name":"Suman nueve asesinatos en Tr\u00f3pico desde repliegue policial de octubre - El Diario - Bolivia","isPartOf":{"@id":"https:\/\/www.eldiario.net\/portal\/#website"},"primaryImageOfPage":{"@id":"https:\/\/www.eldiario.net\/portal\/2024\/12\/06\/suman-nueve-asesinatos-en-tropico-desde-repliegue-policial-de-octubre\/#primaryimage"},"image":{"@id":"https:\/\/www.eldiario.net\/portal\/2024\/12\/06\/suman-nueve-asesinatos-en-tropico-desde-repliegue-policial-de-octubre\/#primaryimage"},"thumbnailUrl":"https:\/\/www.eldiario.net\/portal\/wp-content\/uploads\/2024\/12\/6-TROP.jpg","datePublished":"2024-12-06T09:52:52+00:00","breadcrumb":{"@id":"https:\/\/www.eldiario.net\/portal\/2024\/12\/06\/suman-nueve-asesinatos-en-tropico-desde-repliegue-policial-de-octubre\/#breadcrumb"},"inLanguage":"es","potentialAction":[{"@type":"ReadAction","target":["https:\/\/www.eldiario.net\/portal\/2024\/12\/06\/suman-nueve-asesinatos-en-tropico-desde-repliegue-policial-de-octubre\/"]}]},{"@type":"ImageObject","inLanguage":"es","@id":"https:\/\/www.eldiario.net\/portal\/2024\/12\/06\/suman-nueve-asesinatos-en-tropico-desde-repliegue-policial-de-octubre\/#primaryimage","url":"https:\/\/www.eldiario.net\/portal\/wp-content\/uploads\/2024\/12\/6-TROP.jpg","contentUrl":"https:\/\/www.eldiario.net\/portal\/wp-content\/uploads\/2024\/12\/6-TROP.jpg","width":765,"height":427,"caption":"Los hechos deber\u00e1n ser investigados."},{"@type":"BreadcrumbList","@id":"https:\/\/www.eldiario.net\/portal\/2024\/12\/06\/suman-nueve-asesinatos-en-tropico-desde-repliegue-policial-de-octubre\/#breadcrumb","itemListElement":[{"@type":"ListItem","position":1,"name":"Portada","item":"https:\/\/www.eldiario.net\/portal\/"},{"@type":"ListItem","position":2,"name":"Suman nueve asesinatos en Tr\u00f3pico desde repliegue policial de octubre"}]},{"@type":"WebSite","@id":"https:\/\/www.eldiario.net\/portal\/#website","url":"https:\/\/www.eldiario.net\/portal\/","name":"El Diario - Decano de la prensa nacional","description":"El Diario - Decano de la prensa nacional","publisher":{"@id":"https:\/\/www.eldiario.net\/portal\/#organization"},"potentialAction":[{"@type":"SearchAction","target":{"@type":"EntryPoint","urlTemplate":"https:\/\/www.eldiario.net\/portal\/?s={search_term_string}"},"query-input":{"@type":"PropertyValueSpecification","valueRequired":true,"valueName":"search_term_string"}}],"inLanguage":"es"},{"@type":"Organization","@id":"https:\/\/www.eldiario.net\/portal\/#organization","name":"El Diario - Decano de la prensa nacional","url":"https:\/\/www.eldiario.net\/portal\/","logo":{"@type":"ImageObject","inLanguage":"es","@id":"https:\/\/www.eldiario.net\/portal\/#\/schema\/logo\/image\/","url":"https:\/\/www.eldiario.net\/portal\/wp-content\/uploads\/2023\/07\/logo_ED.jpg","contentUrl":"https:\/\/www.eldiario.net\/portal\/wp-content\/uploads\/2023\/07\/logo_ED.jpg","width":272,"height":52,"caption":"El Diario - Decano de la prensa nacional"},"image":{"@id":"https:\/\/www.eldiario.net\/portal\/#\/schema\/logo\/image\/"},"sameAs":["https:\/\/www.facebook.com\/eldiario.bolivia\/","https:\/\/x.com\/eldiario_net"]},{"@type":"Person","@id":"https:\/\/www.eldiario.net\/portal\/#\/schema\/person\/f46445640444750d7d753ccd04ae01b7","name":"Jeanette","image":{"@type":"ImageObject","inLanguage":"es","@id":"https:\/\/secure.gravatar.com\/avatar\/3ea2118a5f7dad2b7138b1187a6b7ee55f160b9968b66013c3a3ef39dd7e5798?s=96&d=mm&r=g","url":"https:\/\/secure.gravatar.com\/avatar\/3ea2118a5f7dad2b7138b1187a6b7ee55f160b9968b66013c3a3ef39dd7e5798?s=96&d=mm&r=g","contentUrl":"https:\/\/secure.gravatar.com\/avatar\/3ea2118a5f7dad2b7138b1187a6b7ee55f160b9968b66013c3a3ef39dd7e5798?s=96&d=mm&r=g","caption":"Jeanette"},"sameAs":["https:\/\/www.eldiario.net\/portal"],"url":"https:\/\/www.eldiario.net\/portal\/author\/jeanette\/"}]}},"_links":{"self":[{"href":"https:\/\/www.eldiario.net\/portal\/wp-json\/wp\/v2\/posts\/265990","targetHints":{"allow":["GET"]}}],"collection":[{"href":"https:\/\/www.eldiario.net\/portal\/wp-json\/wp\/v2\/posts"}],"about":[{"href":"https:\/\/www.eldiario.net\/portal\/wp-json\/wp\/v2\/types\/post"}],"author":[{"embeddable":true,"href":"https:\/\/www.eldiario.net\/portal\/wp-json\/wp\/v2\/users\/1"}],"replies":[{"embeddable":true,"href":"https:\/\/www.eldiario.net\/portal\/wp-json\/wp\/v2\/comments?post=265990"}],"version-history":[{"count":1,"href":"https:\/\/www.eldiario.net\/portal\/wp-json\/wp\/v2\/posts\/265990\/revisions"}],"predecessor-version":[{"id":265992,"href":"https:\/\/www.eldiario.net\/portal\/wp-json\/wp\/v2\/posts\/265990\/revisions\/265992"}],"wp:featuredmedia":[{"embeddable":true,"href":"https:\/\/www.eldiario.net\/portal\/wp-json\/wp\/v2\/media\/265991"}],"wp:attachment":[{"href":"https:\/\/www.eldiario.net\/portal\/wp-json\/wp\/v2\/media?parent=265990"}],"wp:term":[{"taxonomy":"category","embeddable":true,"href":"https:\/\/www.eldiario.net\/portal\/wp-json\/wp\/v2\/categories?post=265990"},{"taxonomy":"post_tag","embeddable":true,"href":"https:\/\/www.eldiario.net\/portal\/wp-json\/wp\/v2\/tags?post=265990"}],"curies":[{"name":"wp","href":"https:\/\/api.w.org\/{rel}","templated":true}]}}