{"id":265985,"date":"2024-12-06T05:51:41","date_gmt":"2024-12-06T09:51:41","guid":{"rendered":"https:\/\/www.eldiario.net\/portal\/?p=265985"},"modified":"2024-12-06T05:51:41","modified_gmt":"2024-12-06T09:51:41","slug":"anpb-condena-proceso-iniciado-a-periodista-y-exigen-remitir-caso-a-tribunal-de-imprenta","status":"publish","type":"post","link":"https:\/\/www.eldiario.net\/portal\/2024\/12\/06\/anpb-condena-proceso-iniciado-a-periodista-y-exigen-remitir-caso-a-tribunal-de-imprenta\/","title":{"rendered":"ANPB condena proceso iniciado a periodista y exigen remitir caso a Tribunal de Imprenta"},"content":{"rendered":"<p>La Asociaci\u00f3n Nacional de Periodistas de Bolivia (ANPB) y la Asociaci\u00f3n de Periodistas de Oruro (APO) expresaron su rechazo hacia el proceso judicial iniciado contra la periodista Carmen Torrez, por un funcionario de la Gobernaci\u00f3n de Oruro y exigieron remitir el caso al Tribunal de Imprenta como establece la norma.<br \/>\n\u201cEl juez Fernando Claros est\u00e1 obligado a declinar competencia y remitir este caso al Tribunal de Imprenta. (\u2026) El juez asumi\u00f3 el caso a pesar de no tener competencia para juzgar a periodistas\u201d, denuncia un comunicado conjunto de la ANPB y la APO.<br \/>\nLa ANPB se\u00f1ala tambi\u00e9n que el abogado acusador, Zenobio Calizaya, presidente del Tribunal Departamental de Justicia (TDJ) de Oruro, desconoci\u00f3 la competencia jurisdiccional del Tribunal de Imprenta de Oruro, al cual \u00e9l mismo tambi\u00e9n pertenece.<br \/>\nConsideran que la acci\u00f3n emprendida no solo vulnera el derecho a la libertad de expresi\u00f3n y comunicaci\u00f3n de Torrez, \u201csino que representa una amenaza directa para el periodismo en Bolivia\u201d que podr\u00eda sentar un precedente \u201cnefasto\u201d que incentive a funcionarios p\u00fablicos a usar la justicia ordinaria como mecanismo para intimidar a la prensa.<br \/>\nEl gremio period\u00edstico record\u00f3 que la Ley de Imprenta est\u00e1 vigente y constituye el espacio legal para ventilar denuncias relacionadas al ejercicio period\u00edstico. (EL DIARIO)<\/p>\n","protected":false},"excerpt":{"rendered":"<p>La Asociaci\u00f3n Nacional de Periodistas de Bolivia (ANPB) y la Asociaci\u00f3n de Periodistas de Oruro (APO) expresaron su rechazo hacia el proceso judicial iniciado contra la periodista Carmen Torrez, por un funcionario de la Gobernaci\u00f3n de Oruro y exigieron remitir el caso al Tribunal de Imprenta como establece la norma. \u201cEl juez Fernando Claros est\u00e1 [&hellip;]<\/p>\n","protected":false},"author":1,"featured_media":194738,"comment_status":"closed","ping_status":"open","sticky":false,"template":"","format":"standard","meta":{"_acf_changed":false,"footnotes":""},"categories":[39],"tags":[],"class_list":["post-265985","post","type-post","status-publish","format-standard","has-post-thumbnail","category-sociedad"],"acf":{"antetitulo":""},"yoast_head":"<!-- This site is optimized with the Yoast SEO plugin v28.3 - https:\/\/yoast.com\/product\/yoast-seo-wordpress\/ -->\n<title>ANPB condena proceso iniciado a periodista y exigen remitir caso a Tribunal de Imprenta - El Diario - Bolivia<\/title>\n<meta name=\"robots\" content=\"index, follow, max-snippet:-1, max-image-preview:large, max-video-preview:-1\" \/>\n<link rel=\"canonical\" href=\"https:\/\/www.eldiario.net\/portal\/2024\/12\/06\/anpb-condena-proceso-iniciado-a-periodista-y-exigen-remitir-caso-a-tribunal-de-imprenta\/\" \/>\n<meta property=\"og:locale\" content=\"es_ES\" \/>\n<meta property=\"og:type\" content=\"article\" \/>\n<meta property=\"og:title\" content=\"ANPB condena proceso iniciado a periodista y exigen remitir caso a Tribunal de Imprenta - El Diario - Bolivia\" \/>\n<meta property=\"og:description\" content=\"La Asociaci\u00f3n Nacional de Periodistas de Bolivia (ANPB) y la Asociaci\u00f3n de Periodistas de Oruro (APO) expresaron su rechazo hacia el proceso judicial iniciado contra la periodista Carmen Torrez, por un funcionario de la Gobernaci\u00f3n de Oruro y exigieron remitir el caso al Tribunal de Imprenta como establece la norma. \u201cEl juez Fernando Claros est\u00e1 [&hellip;]\" \/>\n<meta property=\"og:url\" content=\"https:\/\/www.eldiario.net\/portal\/2024\/12\/06\/anpb-condena-proceso-iniciado-a-periodista-y-exigen-remitir-caso-a-tribunal-de-imprenta\/\" \/>\n<meta property=\"og:site_name\" content=\"El Diario - Bolivia\" \/>\n<meta property=\"article:publisher\" content=\"https:\/\/www.facebook.com\/eldiario.bolivia\/\" \/>\n<meta property=\"article:published_time\" content=\"2024-12-06T09:51:41+00:00\" \/>\n<meta property=\"og:image\" content=\"https:\/\/www.eldiario.net\/portal\/wp-content\/uploads\/2023\/12\/Seguridad.jpg\" \/>\n\t<meta property=\"og:image:width\" content=\"800\" \/>\n\t<meta property=\"og:image:height\" content=\"500\" \/>\n\t<meta property=\"og:image:type\" content=\"image\/jpeg\" \/>\n<meta name=\"author\" content=\"Jeanette\" \/>\n<meta name=\"twitter:card\" content=\"summary_large_image\" \/>\n<meta name=\"twitter:creator\" content=\"@eldiario_net\" \/>\n<meta name=\"twitter:site\" content=\"@eldiario_net\" \/>\n<meta name=\"twitter:label1\" content=\"Escrito por\" \/>\n\t<meta name=\"twitter:data1\" content=\"Jeanette\" \/>\n\t<meta name=\"twitter:label2\" content=\"Tiempo de lectura\" \/>\n\t<meta name=\"twitter:data2\" content=\"2 minutos\" \/>\n<script type=\"application\/ld+json\" class=\"yoast-schema-graph\">{\"@context\":\"https:\\\/\\\/schema.org\",\"@graph\":[{\"@type\":\"Article\",\"@id\":\"https:\\\/\\\/www.eldiario.net\\\/portal\\\/2024\\\/12\\\/06\\\/anpb-condena-proceso-iniciado-a-periodista-y-exigen-remitir-caso-a-tribunal-de-imprenta\\\/#article\",\"isPartOf\":{\"@id\":\"https:\\\/\\\/www.eldiario.net\\\/portal\\\/2024\\\/12\\\/06\\\/anpb-condena-proceso-iniciado-a-periodista-y-exigen-remitir-caso-a-tribunal-de-imprenta\\\/\"},\"author\":{\"name\":\"Jeanette\",\"@id\":\"https:\\\/\\\/www.eldiario.net\\\/portal\\\/#\\\/schema\\\/person\\\/f46445640444750d7d753ccd04ae01b7\"},\"headline\":\"ANPB condena proceso iniciado a periodista y exigen remitir caso a Tribunal de Imprenta\",\"datePublished\":\"2024-12-06T09:51:41+00:00\",\"mainEntityOfPage\":{\"@id\":\"https:\\\/\\\/www.eldiario.net\\\/portal\\\/2024\\\/12\\\/06\\\/anpb-condena-proceso-iniciado-a-periodista-y-exigen-remitir-caso-a-tribunal-de-imprenta\\\/\"},\"wordCount\":232,\"publisher\":{\"@id\":\"https:\\\/\\\/www.eldiario.net\\\/portal\\\/#organization\"},\"image\":{\"@id\":\"https:\\\/\\\/www.eldiario.net\\\/portal\\\/2024\\\/12\\\/06\\\/anpb-condena-proceso-iniciado-a-periodista-y-exigen-remitir-caso-a-tribunal-de-imprenta\\\/#primaryimage\"},\"thumbnailUrl\":\"https:\\\/\\\/www.eldiario.net\\\/portal\\\/wp-content\\\/uploads\\\/2023\\\/12\\\/Seguridad.jpg\",\"articleSection\":[\"Sociedad - Seguridad\"],\"inLanguage\":\"es\"},{\"@type\":\"WebPage\",\"@id\":\"https:\\\/\\\/www.eldiario.net\\\/portal\\\/2024\\\/12\\\/06\\\/anpb-condena-proceso-iniciado-a-periodista-y-exigen-remitir-caso-a-tribunal-de-imprenta\\\/\",\"url\":\"https:\\\/\\\/www.eldiario.net\\\/portal\\\/2024\\\/12\\\/06\\\/anpb-condena-proceso-iniciado-a-periodista-y-exigen-remitir-caso-a-tribunal-de-imprenta\\\/\",\"name\":\"ANPB condena proceso iniciado a periodista y exigen remitir caso a Tribunal de Imprenta - El Diario - Bolivia\",\"isPartOf\":{\"@id\":\"https:\\\/\\\/www.eldiario.net\\\/portal\\\/#website\"},\"primaryImageOfPage\":{\"@id\":\"https:\\\/\\\/www.eldiario.net\\\/portal\\\/2024\\\/12\\\/06\\\/anpb-condena-proceso-iniciado-a-periodista-y-exigen-remitir-caso-a-tribunal-de-imprenta\\\/#primaryimage\"},\"image\":{\"@id\":\"https:\\\/\\\/www.eldiario.net\\\/portal\\\/2024\\\/12\\\/06\\\/anpb-condena-proceso-iniciado-a-periodista-y-exigen-remitir-caso-a-tribunal-de-imprenta\\\/#primaryimage\"},\"thumbnailUrl\":\"https:\\\/\\\/www.eldiario.net\\\/portal\\\/wp-content\\\/uploads\\\/2023\\\/12\\\/Seguridad.jpg\",\"datePublished\":\"2024-12-06T09:51:41+00:00\",\"breadcrumb\":{\"@id\":\"https:\\\/\\\/www.eldiario.net\\\/portal\\\/2024\\\/12\\\/06\\\/anpb-condena-proceso-iniciado-a-periodista-y-exigen-remitir-caso-a-tribunal-de-imprenta\\\/#breadcrumb\"},\"inLanguage\":\"es\",\"potentialAction\":[{\"@type\":\"ReadAction\",\"target\":[\"https:\\\/\\\/www.eldiario.net\\\/portal\\\/2024\\\/12\\\/06\\\/anpb-condena-proceso-iniciado-a-periodista-y-exigen-remitir-caso-a-tribunal-de-imprenta\\\/\"]}]},{\"@type\":\"ImageObject\",\"inLanguage\":\"es\",\"@id\":\"https:\\\/\\\/www.eldiario.net\\\/portal\\\/2024\\\/12\\\/06\\\/anpb-condena-proceso-iniciado-a-periodista-y-exigen-remitir-caso-a-tribunal-de-imprenta\\\/#primaryimage\",\"url\":\"https:\\\/\\\/www.eldiario.net\\\/portal\\\/wp-content\\\/uploads\\\/2023\\\/12\\\/Seguridad.jpg\",\"contentUrl\":\"https:\\\/\\\/www.eldiario.net\\\/portal\\\/wp-content\\\/uploads\\\/2023\\\/12\\\/Seguridad.jpg\",\"width\":800,\"height\":500},{\"@type\":\"BreadcrumbList\",\"@id\":\"https:\\\/\\\/www.eldiario.net\\\/portal\\\/2024\\\/12\\\/06\\\/anpb-condena-proceso-iniciado-a-periodista-y-exigen-remitir-caso-a-tribunal-de-imprenta\\\/#breadcrumb\",\"itemListElement\":[{\"@type\":\"ListItem\",\"position\":1,\"name\":\"Portada\",\"item\":\"https:\\\/\\\/www.eldiario.net\\\/portal\\\/\"},{\"@type\":\"ListItem\",\"position\":2,\"name\":\"ANPB condena proceso iniciado a periodista y exigen remitir caso a Tribunal de Imprenta\"}]},{\"@type\":\"WebSite\",\"@id\":\"https:\\\/\\\/www.eldiario.net\\\/portal\\\/#website\",\"url\":\"https:\\\/\\\/www.eldiario.net\\\/portal\\\/\",\"name\":\"El Diario - Decano de la prensa nacional\",\"description\":\"El Diario - Decano de la prensa nacional\",\"publisher\":{\"@id\":\"https:\\\/\\\/www.eldiario.net\\\/portal\\\/#organization\"},\"potentialAction\":[{\"@type\":\"SearchAction\",\"target\":{\"@type\":\"EntryPoint\",\"urlTemplate\":\"https:\\\/\\\/www.eldiario.net\\\/portal\\\/?s={search_term_string}\"},\"query-input\":{\"@type\":\"PropertyValueSpecification\",\"valueRequired\":true,\"valueName\":\"search_term_string\"}}],\"inLanguage\":\"es\"},{\"@type\":\"Organization\",\"@id\":\"https:\\\/\\\/www.eldiario.net\\\/portal\\\/#organization\",\"name\":\"El Diario - Decano de la prensa nacional\",\"url\":\"https:\\\/\\\/www.eldiario.net\\\/portal\\\/\",\"logo\":{\"@type\":\"ImageObject\",\"inLanguage\":\"es\",\"@id\":\"https:\\\/\\\/www.eldiario.net\\\/portal\\\/#\\\/schema\\\/logo\\\/image\\\/\",\"url\":\"https:\\\/\\\/www.eldiario.net\\\/portal\\\/wp-content\\\/uploads\\\/2023\\\/07\\\/logo_ED.jpg\",\"contentUrl\":\"https:\\\/\\\/www.eldiario.net\\\/portal\\\/wp-content\\\/uploads\\\/2023\\\/07\\\/logo_ED.jpg\",\"width\":272,\"height\":52,\"caption\":\"El Diario - Decano de la prensa nacional\"},\"image\":{\"@id\":\"https:\\\/\\\/www.eldiario.net\\\/portal\\\/#\\\/schema\\\/logo\\\/image\\\/\"},\"sameAs\":[\"https:\\\/\\\/www.facebook.com\\\/eldiario.bolivia\\\/\",\"https:\\\/\\\/x.com\\\/eldiario_net\"]},{\"@type\":\"Person\",\"@id\":\"https:\\\/\\\/www.eldiario.net\\\/portal\\\/#\\\/schema\\\/person\\\/f46445640444750d7d753ccd04ae01b7\",\"name\":\"Jeanette\",\"image\":{\"@type\":\"ImageObject\",\"inLanguage\":\"es\",\"@id\":\"https:\\\/\\\/secure.gravatar.com\\\/avatar\\\/3ea2118a5f7dad2b7138b1187a6b7ee55f160b9968b66013c3a3ef39dd7e5798?s=96&d=mm&r=g\",\"url\":\"https:\\\/\\\/secure.gravatar.com\\\/avatar\\\/3ea2118a5f7dad2b7138b1187a6b7ee55f160b9968b66013c3a3ef39dd7e5798?s=96&d=mm&r=g\",\"contentUrl\":\"https:\\\/\\\/secure.gravatar.com\\\/avatar\\\/3ea2118a5f7dad2b7138b1187a6b7ee55f160b9968b66013c3a3ef39dd7e5798?s=96&d=mm&r=g\",\"caption\":\"Jeanette\"},\"sameAs\":[\"https:\\\/\\\/www.eldiario.net\\\/portal\"],\"url\":\"https:\\\/\\\/www.eldiario.net\\\/portal\\\/author\\\/jeanette\\\/\"}]}<\/script>\n<!-- \/ Yoast SEO plugin. -->","yoast_head_json":{"title":"ANPB condena proceso iniciado a periodista y exigen remitir caso a Tribunal de Imprenta - El Diario - Bolivia","robots":{"index":"index","follow":"follow","max-snippet":"max-snippet:-1","max-image-preview":"max-image-preview:large","max-video-preview":"max-video-preview:-1"},"canonical":"https:\/\/www.eldiario.net\/portal\/2024\/12\/06\/anpb-condena-proceso-iniciado-a-periodista-y-exigen-remitir-caso-a-tribunal-de-imprenta\/","og_locale":"es_ES","og_type":"article","og_title":"ANPB condena proceso iniciado a periodista y exigen remitir caso a Tribunal de Imprenta - El Diario - Bolivia","og_description":"La Asociaci\u00f3n Nacional de Periodistas de Bolivia (ANPB) y la Asociaci\u00f3n de Periodistas de Oruro (APO) expresaron su rechazo hacia el proceso judicial iniciado contra la periodista Carmen Torrez, por un funcionario de la Gobernaci\u00f3n de Oruro y exigieron remitir el caso al Tribunal de Imprenta como establece la norma. \u201cEl juez Fernando Claros est\u00e1 [&hellip;]","og_url":"https:\/\/www.eldiario.net\/portal\/2024\/12\/06\/anpb-condena-proceso-iniciado-a-periodista-y-exigen-remitir-caso-a-tribunal-de-imprenta\/","og_site_name":"El Diario - Bolivia","article_publisher":"https:\/\/www.facebook.com\/eldiario.bolivia\/","article_published_time":"2024-12-06T09:51:41+00:00","og_image":[{"width":800,"height":500,"url":"https:\/\/www.eldiario.net\/portal\/wp-content\/uploads\/2023\/12\/Seguridad.jpg","type":"image\/jpeg"}],"author":"Jeanette","twitter_card":"summary_large_image","twitter_creator":"@eldiario_net","twitter_site":"@eldiario_net","twitter_misc":{"Escrito por":"Jeanette","Tiempo de lectura":"2 minutos"},"schema":{"@context":"https:\/\/schema.org","@graph":[{"@type":"Article","@id":"https:\/\/www.eldiario.net\/portal\/2024\/12\/06\/anpb-condena-proceso-iniciado-a-periodista-y-exigen-remitir-caso-a-tribunal-de-imprenta\/#article","isPartOf":{"@id":"https:\/\/www.eldiario.net\/portal\/2024\/12\/06\/anpb-condena-proceso-iniciado-a-periodista-y-exigen-remitir-caso-a-tribunal-de-imprenta\/"},"author":{"name":"Jeanette","@id":"https:\/\/www.eldiario.net\/portal\/#\/schema\/person\/f46445640444750d7d753ccd04ae01b7"},"headline":"ANPB condena proceso iniciado a periodista y exigen remitir caso a Tribunal de Imprenta","datePublished":"2024-12-06T09:51:41+00:00","mainEntityOfPage":{"@id":"https:\/\/www.eldiario.net\/portal\/2024\/12\/06\/anpb-condena-proceso-iniciado-a-periodista-y-exigen-remitir-caso-a-tribunal-de-imprenta\/"},"wordCount":232,"publisher":{"@id":"https:\/\/www.eldiario.net\/portal\/#organization"},"image":{"@id":"https:\/\/www.eldiario.net\/portal\/2024\/12\/06\/anpb-condena-proceso-iniciado-a-periodista-y-exigen-remitir-caso-a-tribunal-de-imprenta\/#primaryimage"},"thumbnailUrl":"https:\/\/www.eldiario.net\/portal\/wp-content\/uploads\/2023\/12\/Seguridad.jpg","articleSection":["Sociedad - Seguridad"],"inLanguage":"es"},{"@type":"WebPage","@id":"https:\/\/www.eldiario.net\/portal\/2024\/12\/06\/anpb-condena-proceso-iniciado-a-periodista-y-exigen-remitir-caso-a-tribunal-de-imprenta\/","url":"https:\/\/www.eldiario.net\/portal\/2024\/12\/06\/anpb-condena-proceso-iniciado-a-periodista-y-exigen-remitir-caso-a-tribunal-de-imprenta\/","name":"ANPB condena proceso iniciado a periodista y exigen remitir caso a Tribunal de Imprenta - El Diario - Bolivia","isPartOf":{"@id":"https:\/\/www.eldiario.net\/portal\/#website"},"primaryImageOfPage":{"@id":"https:\/\/www.eldiario.net\/portal\/2024\/12\/06\/anpb-condena-proceso-iniciado-a-periodista-y-exigen-remitir-caso-a-tribunal-de-imprenta\/#primaryimage"},"image":{"@id":"https:\/\/www.eldiario.net\/portal\/2024\/12\/06\/anpb-condena-proceso-iniciado-a-periodista-y-exigen-remitir-caso-a-tribunal-de-imprenta\/#primaryimage"},"thumbnailUrl":"https:\/\/www.eldiario.net\/portal\/wp-content\/uploads\/2023\/12\/Seguridad.jpg","datePublished":"2024-12-06T09:51:41+00:00","breadcrumb":{"@id":"https:\/\/www.eldiario.net\/portal\/2024\/12\/06\/anpb-condena-proceso-iniciado-a-periodista-y-exigen-remitir-caso-a-tribunal-de-imprenta\/#breadcrumb"},"inLanguage":"es","potentialAction":[{"@type":"ReadAction","target":["https:\/\/www.eldiario.net\/portal\/2024\/12\/06\/anpb-condena-proceso-iniciado-a-periodista-y-exigen-remitir-caso-a-tribunal-de-imprenta\/"]}]},{"@type":"ImageObject","inLanguage":"es","@id":"https:\/\/www.eldiario.net\/portal\/2024\/12\/06\/anpb-condena-proceso-iniciado-a-periodista-y-exigen-remitir-caso-a-tribunal-de-imprenta\/#primaryimage","url":"https:\/\/www.eldiario.net\/portal\/wp-content\/uploads\/2023\/12\/Seguridad.jpg","contentUrl":"https:\/\/www.eldiario.net\/portal\/wp-content\/uploads\/2023\/12\/Seguridad.jpg","width":800,"height":500},{"@type":"BreadcrumbList","@id":"https:\/\/www.eldiario.net\/portal\/2024\/12\/06\/anpb-condena-proceso-iniciado-a-periodista-y-exigen-remitir-caso-a-tribunal-de-imprenta\/#breadcrumb","itemListElement":[{"@type":"ListItem","position":1,"name":"Portada","item":"https:\/\/www.eldiario.net\/portal\/"},{"@type":"ListItem","position":2,"name":"ANPB condena proceso iniciado a periodista y exigen remitir caso a Tribunal de Imprenta"}]},{"@type":"WebSite","@id":"https:\/\/www.eldiario.net\/portal\/#website","url":"https:\/\/www.eldiario.net\/portal\/","name":"El Diario - Decano de la prensa nacional","description":"El Diario - Decano de la prensa nacional","publisher":{"@id":"https:\/\/www.eldiario.net\/portal\/#organization"},"potentialAction":[{"@type":"SearchAction","target":{"@type":"EntryPoint","urlTemplate":"https:\/\/www.eldiario.net\/portal\/?s={search_term_string}"},"query-input":{"@type":"PropertyValueSpecification","valueRequired":true,"valueName":"search_term_string"}}],"inLanguage":"es"},{"@type":"Organization","@id":"https:\/\/www.eldiario.net\/portal\/#organization","name":"El Diario - Decano de la prensa nacional","url":"https:\/\/www.eldiario.net\/portal\/","logo":{"@type":"ImageObject","inLanguage":"es","@id":"https:\/\/www.eldiario.net\/portal\/#\/schema\/logo\/image\/","url":"https:\/\/www.eldiario.net\/portal\/wp-content\/uploads\/2023\/07\/logo_ED.jpg","contentUrl":"https:\/\/www.eldiario.net\/portal\/wp-content\/uploads\/2023\/07\/logo_ED.jpg","width":272,"height":52,"caption":"El Diario - Decano de la prensa nacional"},"image":{"@id":"https:\/\/www.eldiario.net\/portal\/#\/schema\/logo\/image\/"},"sameAs":["https:\/\/www.facebook.com\/eldiario.bolivia\/","https:\/\/x.com\/eldiario_net"]},{"@type":"Person","@id":"https:\/\/www.eldiario.net\/portal\/#\/schema\/person\/f46445640444750d7d753ccd04ae01b7","name":"Jeanette","image":{"@type":"ImageObject","inLanguage":"es","@id":"https:\/\/secure.gravatar.com\/avatar\/3ea2118a5f7dad2b7138b1187a6b7ee55f160b9968b66013c3a3ef39dd7e5798?s=96&d=mm&r=g","url":"https:\/\/secure.gravatar.com\/avatar\/3ea2118a5f7dad2b7138b1187a6b7ee55f160b9968b66013c3a3ef39dd7e5798?s=96&d=mm&r=g","contentUrl":"https:\/\/secure.gravatar.com\/avatar\/3ea2118a5f7dad2b7138b1187a6b7ee55f160b9968b66013c3a3ef39dd7e5798?s=96&d=mm&r=g","caption":"Jeanette"},"sameAs":["https:\/\/www.eldiario.net\/portal"],"url":"https:\/\/www.eldiario.net\/portal\/author\/jeanette\/"}]}},"_links":{"self":[{"href":"https:\/\/www.eldiario.net\/portal\/wp-json\/wp\/v2\/posts\/265985","targetHints":{"allow":["GET"]}}],"collection":[{"href":"https:\/\/www.eldiario.net\/portal\/wp-json\/wp\/v2\/posts"}],"about":[{"href":"https:\/\/www.eldiario.net\/portal\/wp-json\/wp\/v2\/types\/post"}],"author":[{"embeddable":true,"href":"https:\/\/www.eldiario.net\/portal\/wp-json\/wp\/v2\/users\/1"}],"replies":[{"embeddable":true,"href":"https:\/\/www.eldiario.net\/portal\/wp-json\/wp\/v2\/comments?post=265985"}],"version-history":[{"count":1,"href":"https:\/\/www.eldiario.net\/portal\/wp-json\/wp\/v2\/posts\/265985\/revisions"}],"predecessor-version":[{"id":265986,"href":"https:\/\/www.eldiario.net\/portal\/wp-json\/wp\/v2\/posts\/265985\/revisions\/265986"}],"wp:featuredmedia":[{"embeddable":true,"href":"https:\/\/www.eldiario.net\/portal\/wp-json\/wp\/v2\/media\/194738"}],"wp:attachment":[{"href":"https:\/\/www.eldiario.net\/portal\/wp-json\/wp\/v2\/media?parent=265985"}],"wp:term":[{"taxonomy":"category","embeddable":true,"href":"https:\/\/www.eldiario.net\/portal\/wp-json\/wp\/v2\/categories?post=265985"},{"taxonomy":"post_tag","embeddable":true,"href":"https:\/\/www.eldiario.net\/portal\/wp-json\/wp\/v2\/tags?post=265985"}],"curies":[{"name":"wp","href":"https:\/\/api.w.org\/{rel}","templated":true}]}}