{"id":265978,"date":"2024-12-06T05:46:47","date_gmt":"2024-12-06T09:46:47","guid":{"rendered":"https:\/\/www.eldiario.net\/portal\/?p=265978"},"modified":"2024-12-06T05:46:47","modified_gmt":"2024-12-06T09:46:47","slug":"industria-boliviana-en-fase-de-una-recesion-economica","status":"publish","type":"post","link":"https:\/\/www.eldiario.net\/portal\/2024\/12\/06\/industria-boliviana-en-fase-de-una-recesion-economica\/","title":{"rendered":"Industria boliviana en fase de una recesi\u00f3n econ\u00f3mica"},"content":{"rendered":"<p>La C\u00e1mara Nacional de Industrias (CNI), en su balance anual, advierte sobre el ingreso de la industria boliviana en una fase de recesi\u00f3n econ\u00f3mica durante 2024 que se refleja las proyecciones de crecimiento para la presente gesti\u00f3n, no pasa del 1%.<br \/>\nEl presidente de la entidad empresarial, Pablo Camacho, sostiene que la situaci\u00f3n cr\u00edtica obedece a la ca\u00edda de las exportaciones e importaciones, pero provocado por la falta de divisas, as\u00ed como un entorno inseguro para los negocios, por los problemas pol\u00edticos y los bloqueos que se registraron a lo largo del a\u00f1o.<br \/>\nCamacho detall\u00f3 que los indicadores que reflejan la recesi\u00f3n industrial hasta septiembre de 2024 son la ca\u00edda en un 16,4% de las importaciones industriales.<br \/>\n\u201cLas importaciones de materia prima e insumos intermedios cayeron 9,2% y de bienes de capital descendieron 11,8%, las exportaciones industriales cayeron 35,9% (fundamentalmente, gas y oro). Y el n\u00famero de empresas manufactureras aument\u00f3 escasamente en 1,3%\u201d, puntualiz\u00f3.<br \/>\nLa causa de la actual situaci\u00f3n de la industria nacional, seg\u00fan Camacho, se debe principalmente a cuatro motivos: Bloqueos motivados por intereses pol\u00edticos, escasez severa de hidrocarburos, insuficiencia de divisas para importar materias primas y el incremento del contrabando, tanto de ingreso como de salida hacia pa\u00edses vecinos, perjudicando la producci\u00f3n formal y estimulando la econom\u00eda informal.<br \/>\nLa CNI advierte que en 2025 y en los a\u00f1os siguientes se agudizar\u00e1n los problemas para la provisi\u00f3n de energ\u00eda (gas y electricidad) al sector productivo por la declinaci\u00f3n de los pozos gas\u00edferos, mayor inseguridad jur\u00eddica por los avasallamientos y bloqueos a nivel departamental y nacional, mayores dificultades para la producci\u00f3n industrial por la escasez de divisas e hidrocarburos e incremento del contrabando.<\/p>\n","protected":false},"excerpt":{"rendered":"<p>La C\u00e1mara Nacional de Industrias (CNI), en su balance anual, advierte sobre el ingreso de la industria boliviana en una fase de recesi\u00f3n econ\u00f3mica durante 2024 que se refleja las proyecciones de crecimiento para la presente gesti\u00f3n, no pasa del 1%. El presidente de la entidad empresarial, Pablo Camacho, sostiene que la situaci\u00f3n cr\u00edtica obedece [&hellip;]<\/p>\n","protected":false},"author":1,"featured_media":265979,"comment_status":"closed","ping_status":"open","sticky":false,"template":"","format":"standard","meta":{"_acf_changed":false,"footnotes":""},"categories":[17],"tags":[],"class_list":["post-265978","post","type-post","status-publish","format-standard","has-post-thumbnail","category-principal"],"acf":{"antetitulo":"Advierten crisis de alimentos "},"yoast_head":"<!-- This site is optimized with the Yoast SEO plugin v28.3 - https:\/\/yoast.com\/product\/yoast-seo-wordpress\/ -->\n<title>Industria boliviana en fase de una recesi\u00f3n econ\u00f3mica - El Diario - Bolivia<\/title>\n<meta name=\"robots\" content=\"index, follow, max-snippet:-1, max-image-preview:large, max-video-preview:-1\" \/>\n<link rel=\"canonical\" href=\"https:\/\/www.eldiario.net\/portal\/2024\/12\/06\/industria-boliviana-en-fase-de-una-recesion-economica\/\" \/>\n<meta property=\"og:locale\" content=\"es_ES\" \/>\n<meta property=\"og:type\" content=\"article\" \/>\n<meta property=\"og:title\" content=\"Industria boliviana en fase de una recesi\u00f3n econ\u00f3mica - El Diario - Bolivia\" \/>\n<meta property=\"og:description\" content=\"La C\u00e1mara Nacional de Industrias (CNI), en su balance anual, advierte sobre el ingreso de la industria boliviana en una fase de recesi\u00f3n econ\u00f3mica durante 2024 que se refleja las proyecciones de crecimiento para la presente gesti\u00f3n, no pasa del 1%. El presidente de la entidad empresarial, Pablo Camacho, sostiene que la situaci\u00f3n cr\u00edtica obedece [&hellip;]\" \/>\n<meta property=\"og:url\" content=\"https:\/\/www.eldiario.net\/portal\/2024\/12\/06\/industria-boliviana-en-fase-de-una-recesion-economica\/\" \/>\n<meta property=\"og:site_name\" content=\"El Diario - Bolivia\" \/>\n<meta property=\"article:publisher\" content=\"https:\/\/www.facebook.com\/eldiario.bolivia\/\" \/>\n<meta property=\"article:published_time\" content=\"2024-12-06T09:46:47+00:00\" \/>\n<meta property=\"og:image\" content=\"https:\/\/www.eldiario.net\/portal\/wp-content\/uploads\/2024\/12\/P-1-15-cm-x-10-2.jpg\" \/>\n\t<meta property=\"og:image:width\" content=\"1200\" \/>\n\t<meta property=\"og:image:height\" content=\"800\" \/>\n\t<meta property=\"og:image:type\" content=\"image\/jpeg\" \/>\n<meta name=\"author\" content=\"Jeanette\" \/>\n<meta name=\"twitter:card\" content=\"summary_large_image\" \/>\n<meta name=\"twitter:creator\" content=\"@eldiario_net\" \/>\n<meta name=\"twitter:site\" content=\"@eldiario_net\" \/>\n<meta name=\"twitter:label1\" content=\"Escrito por\" \/>\n\t<meta name=\"twitter:data1\" content=\"Jeanette\" \/>\n\t<meta name=\"twitter:label2\" content=\"Tiempo de lectura\" \/>\n\t<meta name=\"twitter:data2\" content=\"2 minutos\" \/>\n<script type=\"application\/ld+json\" class=\"yoast-schema-graph\">{\"@context\":\"https:\\\/\\\/schema.org\",\"@graph\":[{\"@type\":\"Article\",\"@id\":\"https:\\\/\\\/www.eldiario.net\\\/portal\\\/2024\\\/12\\\/06\\\/industria-boliviana-en-fase-de-una-recesion-economica\\\/#article\",\"isPartOf\":{\"@id\":\"https:\\\/\\\/www.eldiario.net\\\/portal\\\/2024\\\/12\\\/06\\\/industria-boliviana-en-fase-de-una-recesion-economica\\\/\"},\"author\":{\"name\":\"Jeanette\",\"@id\":\"https:\\\/\\\/www.eldiario.net\\\/portal\\\/#\\\/schema\\\/person\\\/f46445640444750d7d753ccd04ae01b7\"},\"headline\":\"Industria boliviana en fase de una recesi\u00f3n econ\u00f3mica\",\"datePublished\":\"2024-12-06T09:46:47+00:00\",\"mainEntityOfPage\":{\"@id\":\"https:\\\/\\\/www.eldiario.net\\\/portal\\\/2024\\\/12\\\/06\\\/industria-boliviana-en-fase-de-una-recesion-economica\\\/\"},\"wordCount\":301,\"publisher\":{\"@id\":\"https:\\\/\\\/www.eldiario.net\\\/portal\\\/#organization\"},\"image\":{\"@id\":\"https:\\\/\\\/www.eldiario.net\\\/portal\\\/2024\\\/12\\\/06\\\/industria-boliviana-en-fase-de-una-recesion-economica\\\/#primaryimage\"},\"thumbnailUrl\":\"https:\\\/\\\/www.eldiario.net\\\/portal\\\/wp-content\\\/uploads\\\/2024\\\/12\\\/P-1-15-cm-x-10-2.jpg\",\"articleSection\":[\"Principal\"],\"inLanguage\":\"es\"},{\"@type\":\"WebPage\",\"@id\":\"https:\\\/\\\/www.eldiario.net\\\/portal\\\/2024\\\/12\\\/06\\\/industria-boliviana-en-fase-de-una-recesion-economica\\\/\",\"url\":\"https:\\\/\\\/www.eldiario.net\\\/portal\\\/2024\\\/12\\\/06\\\/industria-boliviana-en-fase-de-una-recesion-economica\\\/\",\"name\":\"Industria boliviana en fase de una recesi\u00f3n econ\u00f3mica - El Diario - Bolivia\",\"isPartOf\":{\"@id\":\"https:\\\/\\\/www.eldiario.net\\\/portal\\\/#website\"},\"primaryImageOfPage\":{\"@id\":\"https:\\\/\\\/www.eldiario.net\\\/portal\\\/2024\\\/12\\\/06\\\/industria-boliviana-en-fase-de-una-recesion-economica\\\/#primaryimage\"},\"image\":{\"@id\":\"https:\\\/\\\/www.eldiario.net\\\/portal\\\/2024\\\/12\\\/06\\\/industria-boliviana-en-fase-de-una-recesion-economica\\\/#primaryimage\"},\"thumbnailUrl\":\"https:\\\/\\\/www.eldiario.net\\\/portal\\\/wp-content\\\/uploads\\\/2024\\\/12\\\/P-1-15-cm-x-10-2.jpg\",\"datePublished\":\"2024-12-06T09:46:47+00:00\",\"breadcrumb\":{\"@id\":\"https:\\\/\\\/www.eldiario.net\\\/portal\\\/2024\\\/12\\\/06\\\/industria-boliviana-en-fase-de-una-recesion-economica\\\/#breadcrumb\"},\"inLanguage\":\"es\",\"potentialAction\":[{\"@type\":\"ReadAction\",\"target\":[\"https:\\\/\\\/www.eldiario.net\\\/portal\\\/2024\\\/12\\\/06\\\/industria-boliviana-en-fase-de-una-recesion-economica\\\/\"]}]},{\"@type\":\"ImageObject\",\"inLanguage\":\"es\",\"@id\":\"https:\\\/\\\/www.eldiario.net\\\/portal\\\/2024\\\/12\\\/06\\\/industria-boliviana-en-fase-de-una-recesion-economica\\\/#primaryimage\",\"url\":\"https:\\\/\\\/www.eldiario.net\\\/portal\\\/wp-content\\\/uploads\\\/2024\\\/12\\\/P-1-15-cm-x-10-2.jpg\",\"contentUrl\":\"https:\\\/\\\/www.eldiario.net\\\/portal\\\/wp-content\\\/uploads\\\/2024\\\/12\\\/P-1-15-cm-x-10-2.jpg\",\"width\":1200,\"height\":800,\"caption\":\"El presidente de la CNI, Pablo Camacho, advirti\u00f3 sobre una recesi\u00f3n industrial y econ\u00f3mica en 2024, lo cual preocupa al sector, debido al impacto que podr\u00eda tener en sus actividades en los pr\u00f3ximos meses.\"},{\"@type\":\"BreadcrumbList\",\"@id\":\"https:\\\/\\\/www.eldiario.net\\\/portal\\\/2024\\\/12\\\/06\\\/industria-boliviana-en-fase-de-una-recesion-economica\\\/#breadcrumb\",\"itemListElement\":[{\"@type\":\"ListItem\",\"position\":1,\"name\":\"Portada\",\"item\":\"https:\\\/\\\/www.eldiario.net\\\/portal\\\/\"},{\"@type\":\"ListItem\",\"position\":2,\"name\":\"Industria boliviana en fase de una recesi\u00f3n econ\u00f3mica\"}]},{\"@type\":\"WebSite\",\"@id\":\"https:\\\/\\\/www.eldiario.net\\\/portal\\\/#website\",\"url\":\"https:\\\/\\\/www.eldiario.net\\\/portal\\\/\",\"name\":\"El Diario - Decano de la prensa nacional\",\"description\":\"El Diario - Decano de la prensa nacional\",\"publisher\":{\"@id\":\"https:\\\/\\\/www.eldiario.net\\\/portal\\\/#organization\"},\"potentialAction\":[{\"@type\":\"SearchAction\",\"target\":{\"@type\":\"EntryPoint\",\"urlTemplate\":\"https:\\\/\\\/www.eldiario.net\\\/portal\\\/?s={search_term_string}\"},\"query-input\":{\"@type\":\"PropertyValueSpecification\",\"valueRequired\":true,\"valueName\":\"search_term_string\"}}],\"inLanguage\":\"es\"},{\"@type\":\"Organization\",\"@id\":\"https:\\\/\\\/www.eldiario.net\\\/portal\\\/#organization\",\"name\":\"El Diario - Decano de la prensa nacional\",\"url\":\"https:\\\/\\\/www.eldiario.net\\\/portal\\\/\",\"logo\":{\"@type\":\"ImageObject\",\"inLanguage\":\"es\",\"@id\":\"https:\\\/\\\/www.eldiario.net\\\/portal\\\/#\\\/schema\\\/logo\\\/image\\\/\",\"url\":\"https:\\\/\\\/www.eldiario.net\\\/portal\\\/wp-content\\\/uploads\\\/2023\\\/07\\\/logo_ED.jpg\",\"contentUrl\":\"https:\\\/\\\/www.eldiario.net\\\/portal\\\/wp-content\\\/uploads\\\/2023\\\/07\\\/logo_ED.jpg\",\"width\":272,\"height\":52,\"caption\":\"El Diario - Decano de la prensa nacional\"},\"image\":{\"@id\":\"https:\\\/\\\/www.eldiario.net\\\/portal\\\/#\\\/schema\\\/logo\\\/image\\\/\"},\"sameAs\":[\"https:\\\/\\\/www.facebook.com\\\/eldiario.bolivia\\\/\",\"https:\\\/\\\/x.com\\\/eldiario_net\"]},{\"@type\":\"Person\",\"@id\":\"https:\\\/\\\/www.eldiario.net\\\/portal\\\/#\\\/schema\\\/person\\\/f46445640444750d7d753ccd04ae01b7\",\"name\":\"Jeanette\",\"image\":{\"@type\":\"ImageObject\",\"inLanguage\":\"es\",\"@id\":\"https:\\\/\\\/secure.gravatar.com\\\/avatar\\\/3ea2118a5f7dad2b7138b1187a6b7ee55f160b9968b66013c3a3ef39dd7e5798?s=96&d=mm&r=g\",\"url\":\"https:\\\/\\\/secure.gravatar.com\\\/avatar\\\/3ea2118a5f7dad2b7138b1187a6b7ee55f160b9968b66013c3a3ef39dd7e5798?s=96&d=mm&r=g\",\"contentUrl\":\"https:\\\/\\\/secure.gravatar.com\\\/avatar\\\/3ea2118a5f7dad2b7138b1187a6b7ee55f160b9968b66013c3a3ef39dd7e5798?s=96&d=mm&r=g\",\"caption\":\"Jeanette\"},\"sameAs\":[\"https:\\\/\\\/www.eldiario.net\\\/portal\"],\"url\":\"https:\\\/\\\/www.eldiario.net\\\/portal\\\/author\\\/jeanette\\\/\"}]}<\/script>\n<!-- \/ Yoast SEO plugin. -->","yoast_head_json":{"title":"Industria boliviana en fase de una recesi\u00f3n econ\u00f3mica - El Diario - Bolivia","robots":{"index":"index","follow":"follow","max-snippet":"max-snippet:-1","max-image-preview":"max-image-preview:large","max-video-preview":"max-video-preview:-1"},"canonical":"https:\/\/www.eldiario.net\/portal\/2024\/12\/06\/industria-boliviana-en-fase-de-una-recesion-economica\/","og_locale":"es_ES","og_type":"article","og_title":"Industria boliviana en fase de una recesi\u00f3n econ\u00f3mica - El Diario - Bolivia","og_description":"La C\u00e1mara Nacional de Industrias (CNI), en su balance anual, advierte sobre el ingreso de la industria boliviana en una fase de recesi\u00f3n econ\u00f3mica durante 2024 que se refleja las proyecciones de crecimiento para la presente gesti\u00f3n, no pasa del 1%. El presidente de la entidad empresarial, Pablo Camacho, sostiene que la situaci\u00f3n cr\u00edtica obedece [&hellip;]","og_url":"https:\/\/www.eldiario.net\/portal\/2024\/12\/06\/industria-boliviana-en-fase-de-una-recesion-economica\/","og_site_name":"El Diario - Bolivia","article_publisher":"https:\/\/www.facebook.com\/eldiario.bolivia\/","article_published_time":"2024-12-06T09:46:47+00:00","og_image":[{"width":1200,"height":800,"url":"https:\/\/www.eldiario.net\/portal\/wp-content\/uploads\/2024\/12\/P-1-15-cm-x-10-2.jpg","type":"image\/jpeg"}],"author":"Jeanette","twitter_card":"summary_large_image","twitter_creator":"@eldiario_net","twitter_site":"@eldiario_net","twitter_misc":{"Escrito por":"Jeanette","Tiempo de lectura":"2 minutos"},"schema":{"@context":"https:\/\/schema.org","@graph":[{"@type":"Article","@id":"https:\/\/www.eldiario.net\/portal\/2024\/12\/06\/industria-boliviana-en-fase-de-una-recesion-economica\/#article","isPartOf":{"@id":"https:\/\/www.eldiario.net\/portal\/2024\/12\/06\/industria-boliviana-en-fase-de-una-recesion-economica\/"},"author":{"name":"Jeanette","@id":"https:\/\/www.eldiario.net\/portal\/#\/schema\/person\/f46445640444750d7d753ccd04ae01b7"},"headline":"Industria boliviana en fase de una recesi\u00f3n econ\u00f3mica","datePublished":"2024-12-06T09:46:47+00:00","mainEntityOfPage":{"@id":"https:\/\/www.eldiario.net\/portal\/2024\/12\/06\/industria-boliviana-en-fase-de-una-recesion-economica\/"},"wordCount":301,"publisher":{"@id":"https:\/\/www.eldiario.net\/portal\/#organization"},"image":{"@id":"https:\/\/www.eldiario.net\/portal\/2024\/12\/06\/industria-boliviana-en-fase-de-una-recesion-economica\/#primaryimage"},"thumbnailUrl":"https:\/\/www.eldiario.net\/portal\/wp-content\/uploads\/2024\/12\/P-1-15-cm-x-10-2.jpg","articleSection":["Principal"],"inLanguage":"es"},{"@type":"WebPage","@id":"https:\/\/www.eldiario.net\/portal\/2024\/12\/06\/industria-boliviana-en-fase-de-una-recesion-economica\/","url":"https:\/\/www.eldiario.net\/portal\/2024\/12\/06\/industria-boliviana-en-fase-de-una-recesion-economica\/","name":"Industria boliviana en fase de una recesi\u00f3n econ\u00f3mica - El Diario - Bolivia","isPartOf":{"@id":"https:\/\/www.eldiario.net\/portal\/#website"},"primaryImageOfPage":{"@id":"https:\/\/www.eldiario.net\/portal\/2024\/12\/06\/industria-boliviana-en-fase-de-una-recesion-economica\/#primaryimage"},"image":{"@id":"https:\/\/www.eldiario.net\/portal\/2024\/12\/06\/industria-boliviana-en-fase-de-una-recesion-economica\/#primaryimage"},"thumbnailUrl":"https:\/\/www.eldiario.net\/portal\/wp-content\/uploads\/2024\/12\/P-1-15-cm-x-10-2.jpg","datePublished":"2024-12-06T09:46:47+00:00","breadcrumb":{"@id":"https:\/\/www.eldiario.net\/portal\/2024\/12\/06\/industria-boliviana-en-fase-de-una-recesion-economica\/#breadcrumb"},"inLanguage":"es","potentialAction":[{"@type":"ReadAction","target":["https:\/\/www.eldiario.net\/portal\/2024\/12\/06\/industria-boliviana-en-fase-de-una-recesion-economica\/"]}]},{"@type":"ImageObject","inLanguage":"es","@id":"https:\/\/www.eldiario.net\/portal\/2024\/12\/06\/industria-boliviana-en-fase-de-una-recesion-economica\/#primaryimage","url":"https:\/\/www.eldiario.net\/portal\/wp-content\/uploads\/2024\/12\/P-1-15-cm-x-10-2.jpg","contentUrl":"https:\/\/www.eldiario.net\/portal\/wp-content\/uploads\/2024\/12\/P-1-15-cm-x-10-2.jpg","width":1200,"height":800,"caption":"El presidente de la CNI, Pablo Camacho, advirti\u00f3 sobre una recesi\u00f3n industrial y econ\u00f3mica en 2024, lo cual preocupa al sector, debido al impacto que podr\u00eda tener en sus actividades en los pr\u00f3ximos meses."},{"@type":"BreadcrumbList","@id":"https:\/\/www.eldiario.net\/portal\/2024\/12\/06\/industria-boliviana-en-fase-de-una-recesion-economica\/#breadcrumb","itemListElement":[{"@type":"ListItem","position":1,"name":"Portada","item":"https:\/\/www.eldiario.net\/portal\/"},{"@type":"ListItem","position":2,"name":"Industria boliviana en fase de una recesi\u00f3n econ\u00f3mica"}]},{"@type":"WebSite","@id":"https:\/\/www.eldiario.net\/portal\/#website","url":"https:\/\/www.eldiario.net\/portal\/","name":"El Diario - Decano de la prensa nacional","description":"El Diario - Decano de la prensa nacional","publisher":{"@id":"https:\/\/www.eldiario.net\/portal\/#organization"},"potentialAction":[{"@type":"SearchAction","target":{"@type":"EntryPoint","urlTemplate":"https:\/\/www.eldiario.net\/portal\/?s={search_term_string}"},"query-input":{"@type":"PropertyValueSpecification","valueRequired":true,"valueName":"search_term_string"}}],"inLanguage":"es"},{"@type":"Organization","@id":"https:\/\/www.eldiario.net\/portal\/#organization","name":"El Diario - Decano de la prensa nacional","url":"https:\/\/www.eldiario.net\/portal\/","logo":{"@type":"ImageObject","inLanguage":"es","@id":"https:\/\/www.eldiario.net\/portal\/#\/schema\/logo\/image\/","url":"https:\/\/www.eldiario.net\/portal\/wp-content\/uploads\/2023\/07\/logo_ED.jpg","contentUrl":"https:\/\/www.eldiario.net\/portal\/wp-content\/uploads\/2023\/07\/logo_ED.jpg","width":272,"height":52,"caption":"El Diario - Decano de la prensa nacional"},"image":{"@id":"https:\/\/www.eldiario.net\/portal\/#\/schema\/logo\/image\/"},"sameAs":["https:\/\/www.facebook.com\/eldiario.bolivia\/","https:\/\/x.com\/eldiario_net"]},{"@type":"Person","@id":"https:\/\/www.eldiario.net\/portal\/#\/schema\/person\/f46445640444750d7d753ccd04ae01b7","name":"Jeanette","image":{"@type":"ImageObject","inLanguage":"es","@id":"https:\/\/secure.gravatar.com\/avatar\/3ea2118a5f7dad2b7138b1187a6b7ee55f160b9968b66013c3a3ef39dd7e5798?s=96&d=mm&r=g","url":"https:\/\/secure.gravatar.com\/avatar\/3ea2118a5f7dad2b7138b1187a6b7ee55f160b9968b66013c3a3ef39dd7e5798?s=96&d=mm&r=g","contentUrl":"https:\/\/secure.gravatar.com\/avatar\/3ea2118a5f7dad2b7138b1187a6b7ee55f160b9968b66013c3a3ef39dd7e5798?s=96&d=mm&r=g","caption":"Jeanette"},"sameAs":["https:\/\/www.eldiario.net\/portal"],"url":"https:\/\/www.eldiario.net\/portal\/author\/jeanette\/"}]}},"_links":{"self":[{"href":"https:\/\/www.eldiario.net\/portal\/wp-json\/wp\/v2\/posts\/265978","targetHints":{"allow":["GET"]}}],"collection":[{"href":"https:\/\/www.eldiario.net\/portal\/wp-json\/wp\/v2\/posts"}],"about":[{"href":"https:\/\/www.eldiario.net\/portal\/wp-json\/wp\/v2\/types\/post"}],"author":[{"embeddable":true,"href":"https:\/\/www.eldiario.net\/portal\/wp-json\/wp\/v2\/users\/1"}],"replies":[{"embeddable":true,"href":"https:\/\/www.eldiario.net\/portal\/wp-json\/wp\/v2\/comments?post=265978"}],"version-history":[{"count":1,"href":"https:\/\/www.eldiario.net\/portal\/wp-json\/wp\/v2\/posts\/265978\/revisions"}],"predecessor-version":[{"id":265980,"href":"https:\/\/www.eldiario.net\/portal\/wp-json\/wp\/v2\/posts\/265978\/revisions\/265980"}],"wp:featuredmedia":[{"embeddable":true,"href":"https:\/\/www.eldiario.net\/portal\/wp-json\/wp\/v2\/media\/265979"}],"wp:attachment":[{"href":"https:\/\/www.eldiario.net\/portal\/wp-json\/wp\/v2\/media?parent=265978"}],"wp:term":[{"taxonomy":"category","embeddable":true,"href":"https:\/\/www.eldiario.net\/portal\/wp-json\/wp\/v2\/categories?post=265978"},{"taxonomy":"post_tag","embeddable":true,"href":"https:\/\/www.eldiario.net\/portal\/wp-json\/wp\/v2\/tags?post=265978"}],"curies":[{"name":"wp","href":"https:\/\/api.w.org\/{rel}","templated":true}]}}