{"id":265896,"date":"2024-12-05T05:39:03","date_gmt":"2024-12-05T09:39:03","guid":{"rendered":"https:\/\/www.eldiario.net\/portal\/?p=265896"},"modified":"2024-12-05T05:39:03","modified_gmt":"2024-12-05T09:39:03","slug":"el-inde-coloca-la-clasificacion-en-la-mira-con-triunfo-de-local","status":"publish","type":"post","link":"https:\/\/www.eldiario.net\/portal\/2024\/12\/05\/el-inde-coloca-la-clasificacion-en-la-mira-con-triunfo-de-local\/","title":{"rendered":"El \u00b4Inde\u00b4 coloca la clasificaci\u00f3n en la mira con triunfo de local"},"content":{"rendered":"<p>SUCRE.- Independiente se coloc\u00f3 en la l\u00ednea de candidatos para pelear por el \u00faltimo boleto a la Copa Sudamericana 2025, luego de derrotar a Real Tomayapo por 2-1, en el estadio Patria, de Sucre, con los goles de Juan Godoy, a los 31 minutos, y Gustavo Cristaldo, a los 35 minutos, en la vig\u00e9sima quinta fecha del Clausura.<\/p>\n<p>El \u00b4Inde\u00b4 se puso a siete puntos de la zona de clasificaci\u00f3n, en un giro inesperado, tomando en cuenta que el cuadro de la Capital estaba descartado fechas atr\u00e1s por su rendimiento irregular. Este despegue tom\u00f3 mayor fuerza a partir de los resultados en los dem\u00e1s compromisos.<\/p>\n<p>El elenco chuquisaque\u00f1o convirti\u00f3 al arquero Pedro Galindo en la figura en la primera media hora, con los intentos para abrir el marcador con disparos de larga distancia. Un minuto despu\u00e9s lleg\u00f3 el 1-0, desde el punto penal con Godoy como el encargado de ejecutar el castigo.<\/p>\n<p>El arco de los visitantes se abri\u00f3; el 2-0 lleg\u00f3 a los 35 minutos. Cristaldo coloc\u00f3 el segundo tanto con un disparo de zurda de primera, desde fuera del \u00e1rea, venciendo a Galindo. Hasta ah\u00ed el dominio fue ampl\u00edo de parte del conjunto de la Capital.<\/p>\n<p>Real Tomayapo achic\u00f3 la diferencia en la cuenta con el tanto de \u00d3scar Becerra, a los 51 minutos. Sin embargo, ese empuje se vino abajo cuando a los 65 minutos sufri\u00f3 la expulsi\u00f3n de Mijail Avil\u00e9s por doble amonestaci\u00f3n.<\/p>\n<p>Este fue el momento que aprovech\u00f3 Independiente para volver al ataque. En un arranque de Daniel Porozo tuvo la ocasi\u00f3n de ampliar la cuenta, pero el remate del delantero fue desviado por el guardameta.<\/p>\n<p>El plantel de Tarija tuvo que regresar a su distrito con una preocupaci\u00f3n enorme, porque qued\u00f3 a nueve puntos del lugar de premiaci\u00f3n. A partir de este jueves, el cuadro estar\u00e1 a cargo de Humberto Viviani, quien tendr\u00e1 la tarea de ascender al equipo en la tabla.<\/p>\n<p>&nbsp;<\/p>\n<p>S\u00cdNTESIS<\/p>\n<p>INDEPENDIENTE (2)<\/p>\n<p>Elder Arauz, Diego Vargas, Daniel Castell\u00f3n, Wilfredo Soleto, Rodrigo \u00c1vila, Alejandro Bejarano, Daniel Eid, Gustavo Cristaldo, Thomaz Santos, Juan Godoy, Daniel Porozo. DT: Marcelo Robledo<\/p>\n<p>CAMBIOS<\/p>\n<p>Mat\u00edas Romero por Vargas, Diego Navarro por Bejarano, Alejandro Medina por Santos.<\/p>\n<p>GOLES<\/p>\n<p>Juan Godoy (31\u00b4-penal), Gustavo Cristaldo (35\u00b4)<\/p>\n<p>&nbsp;<\/p>\n<p>REAL TOMAYAPO (1)<\/p>\n<p>Pedro Galindo, Kevin Mamani, Leandro Corulo, Sergio Villamil, Juan Orellana, Jaime Villamil, Mijail Avil\u00e9s, Paul Arano, \u00d3scar Becerra, Mario Barbery, Agust\u00edn Graneros.DT: Willington Ortiz.<\/p>\n<p>CAMBIOS<\/p>\n<p>Layonel Figueroa por Arano, Mirko Tomianovic por Barbery, Alan Alcaraz por Becerra.<\/p>\n<p>TARJETA ROJA<\/p>\n<p>Mijail Avil\u00e9s (65\u00b4)<\/p>\n<p>GOL<\/p>\n<p>\u00d3scar Becerra (51\u00b4)<\/p>\n<p>&nbsp;<\/p>\n<p>JUECES<\/p>\n<p>Santiago Silva (Santa Cruz)-Josu\u00e9 Soto &#8211; Carlos Cu\u00e9llar<\/p>\n<p>&nbsp;<\/p>\n<p>ESTADIO<\/p>\n<p>Patria (Sucre)<\/p>\n<p>P\u00daBLICO<\/p>\n<p>Mil personas (aprox.)<\/p>\n<p>(APG)<\/p>\n","protected":false},"excerpt":{"rendered":"<p>SUCRE.- Independiente se coloc\u00f3 en la l\u00ednea de candidatos para pelear por el \u00faltimo boleto a la Copa Sudamericana 2025, luego de derrotar a Real Tomayapo por 2-1, en el estadio Patria, de Sucre, con los goles de Juan Godoy, a los 31 minutos, y Gustavo Cristaldo, a los 35 minutos, en la vig\u00e9sima quinta [&hellip;]<\/p>\n","protected":false},"author":1,"featured_media":265897,"comment_status":"closed","ping_status":"open","sticky":false,"template":"","format":"standard","meta":{"_acf_changed":false,"footnotes":""},"categories":[6],"tags":[],"class_list":["post-265896","post","type-post","status-publish","format-standard","has-post-thumbnail","category-deportes"],"acf":{"antetitulo":""},"yoast_head":"<!-- This site is optimized with the Yoast SEO plugin v28.4 - https:\/\/yoast.com\/product\/yoast-seo-wordpress\/ -->\n<title>El \u00b4Inde\u00b4 coloca la clasificaci\u00f3n en la mira con triunfo de local - El Diario - Bolivia<\/title>\n<meta name=\"robots\" content=\"index, follow, max-snippet:-1, max-image-preview:large, max-video-preview:-1\" \/>\n<link rel=\"canonical\" href=\"https:\/\/www.eldiario.net\/portal\/2024\/12\/05\/el-inde-coloca-la-clasificacion-en-la-mira-con-triunfo-de-local\/\" \/>\n<meta property=\"og:locale\" content=\"es_ES\" \/>\n<meta property=\"og:type\" content=\"article\" \/>\n<meta property=\"og:title\" content=\"El \u00b4Inde\u00b4 coloca la clasificaci\u00f3n en la mira con triunfo de local - El Diario - Bolivia\" \/>\n<meta property=\"og:description\" content=\"SUCRE.- Independiente se coloc\u00f3 en la l\u00ednea de candidatos para pelear por el \u00faltimo boleto a la Copa Sudamericana 2025, luego de derrotar a Real Tomayapo por 2-1, en el estadio Patria, de Sucre, con los goles de Juan Godoy, a los 31 minutos, y Gustavo Cristaldo, a los 35 minutos, en la vig\u00e9sima quinta [&hellip;]\" \/>\n<meta property=\"og:url\" content=\"https:\/\/www.eldiario.net\/portal\/2024\/12\/05\/el-inde-coloca-la-clasificacion-en-la-mira-con-triunfo-de-local\/\" \/>\n<meta property=\"og:site_name\" content=\"El Diario - Bolivia\" \/>\n<meta property=\"article:publisher\" content=\"https:\/\/www.facebook.com\/eldiario.bolivia\/\" \/>\n<meta property=\"article:published_time\" content=\"2024-12-05T09:39:03+00:00\" \/>\n<meta property=\"og:image\" content=\"https:\/\/www.eldiario.net\/portal\/wp-content\/uploads\/2024\/12\/Inde-04.jpg\" \/>\n\t<meta property=\"og:image:width\" content=\"1200\" \/>\n\t<meta property=\"og:image:height\" content=\"872\" \/>\n\t<meta property=\"og:image:type\" content=\"image\/jpeg\" \/>\n<meta name=\"author\" content=\"Jeanette\" \/>\n<meta name=\"twitter:card\" content=\"summary_large_image\" \/>\n<meta name=\"twitter:creator\" content=\"@eldiario_net\" \/>\n<meta name=\"twitter:site\" content=\"@eldiario_net\" \/>\n<meta name=\"twitter:label1\" content=\"Escrito por\" \/>\n\t<meta name=\"twitter:data1\" content=\"Jeanette\" \/>\n\t<meta name=\"twitter:label2\" content=\"Tiempo de lectura\" \/>\n\t<meta name=\"twitter:data2\" content=\"3 minutos\" \/>\n<script type=\"application\/ld+json\" class=\"yoast-schema-graph\">{\"@context\":\"https:\\\/\\\/schema.org\",\"@graph\":[{\"@type\":\"Article\",\"@id\":\"https:\\\/\\\/www.eldiario.net\\\/portal\\\/2024\\\/12\\\/05\\\/el-inde-coloca-la-clasificacion-en-la-mira-con-triunfo-de-local\\\/#article\",\"isPartOf\":{\"@id\":\"https:\\\/\\\/www.eldiario.net\\\/portal\\\/2024\\\/12\\\/05\\\/el-inde-coloca-la-clasificacion-en-la-mira-con-triunfo-de-local\\\/\"},\"author\":{\"name\":\"Jeanette\",\"@id\":\"https:\\\/\\\/www.eldiario.net\\\/portal\\\/#\\\/schema\\\/person\\\/2c57cf2b7a7ae032e449e4c9b1019eac\"},\"headline\":\"El \u00b4Inde\u00b4 coloca la clasificaci\u00f3n en la mira con triunfo de local\",\"datePublished\":\"2024-12-05T09:39:03+00:00\",\"mainEntityOfPage\":{\"@id\":\"https:\\\/\\\/www.eldiario.net\\\/portal\\\/2024\\\/12\\\/05\\\/el-inde-coloca-la-clasificacion-en-la-mira-con-triunfo-de-local\\\/\"},\"wordCount\":463,\"publisher\":{\"@id\":\"https:\\\/\\\/www.eldiario.net\\\/portal\\\/#organization\"},\"image\":{\"@id\":\"https:\\\/\\\/www.eldiario.net\\\/portal\\\/2024\\\/12\\\/05\\\/el-inde-coloca-la-clasificacion-en-la-mira-con-triunfo-de-local\\\/#primaryimage\"},\"thumbnailUrl\":\"https:\\\/\\\/www.eldiario.net\\\/portal\\\/wp-content\\\/uploads\\\/2024\\\/12\\\/Inde-04.jpg\",\"articleSection\":[\"Deportes\"],\"inLanguage\":\"es\"},{\"@type\":\"WebPage\",\"@id\":\"https:\\\/\\\/www.eldiario.net\\\/portal\\\/2024\\\/12\\\/05\\\/el-inde-coloca-la-clasificacion-en-la-mira-con-triunfo-de-local\\\/\",\"url\":\"https:\\\/\\\/www.eldiario.net\\\/portal\\\/2024\\\/12\\\/05\\\/el-inde-coloca-la-clasificacion-en-la-mira-con-triunfo-de-local\\\/\",\"name\":\"El \u00b4Inde\u00b4 coloca la clasificaci\u00f3n en la mira con triunfo de local - El Diario - Bolivia\",\"isPartOf\":{\"@id\":\"https:\\\/\\\/www.eldiario.net\\\/portal\\\/#website\"},\"primaryImageOfPage\":{\"@id\":\"https:\\\/\\\/www.eldiario.net\\\/portal\\\/2024\\\/12\\\/05\\\/el-inde-coloca-la-clasificacion-en-la-mira-con-triunfo-de-local\\\/#primaryimage\"},\"image\":{\"@id\":\"https:\\\/\\\/www.eldiario.net\\\/portal\\\/2024\\\/12\\\/05\\\/el-inde-coloca-la-clasificacion-en-la-mira-con-triunfo-de-local\\\/#primaryimage\"},\"thumbnailUrl\":\"https:\\\/\\\/www.eldiario.net\\\/portal\\\/wp-content\\\/uploads\\\/2024\\\/12\\\/Inde-04.jpg\",\"datePublished\":\"2024-12-05T09:39:03+00:00\",\"breadcrumb\":{\"@id\":\"https:\\\/\\\/www.eldiario.net\\\/portal\\\/2024\\\/12\\\/05\\\/el-inde-coloca-la-clasificacion-en-la-mira-con-triunfo-de-local\\\/#breadcrumb\"},\"inLanguage\":\"es\",\"potentialAction\":[{\"@type\":\"ReadAction\",\"target\":[\"https:\\\/\\\/www.eldiario.net\\\/portal\\\/2024\\\/12\\\/05\\\/el-inde-coloca-la-clasificacion-en-la-mira-con-triunfo-de-local\\\/\"]}]},{\"@type\":\"ImageObject\",\"inLanguage\":\"es\",\"@id\":\"https:\\\/\\\/www.eldiario.net\\\/portal\\\/2024\\\/12\\\/05\\\/el-inde-coloca-la-clasificacion-en-la-mira-con-triunfo-de-local\\\/#primaryimage\",\"url\":\"https:\\\/\\\/www.eldiario.net\\\/portal\\\/wp-content\\\/uploads\\\/2024\\\/12\\\/Inde-04.jpg\",\"contentUrl\":\"https:\\\/\\\/www.eldiario.net\\\/portal\\\/wp-content\\\/uploads\\\/2024\\\/12\\\/Inde-04.jpg\",\"width\":1200,\"height\":872},{\"@type\":\"BreadcrumbList\",\"@id\":\"https:\\\/\\\/www.eldiario.net\\\/portal\\\/2024\\\/12\\\/05\\\/el-inde-coloca-la-clasificacion-en-la-mira-con-triunfo-de-local\\\/#breadcrumb\",\"itemListElement\":[{\"@type\":\"ListItem\",\"position\":1,\"name\":\"Portada\",\"item\":\"https:\\\/\\\/www.eldiario.net\\\/portal\\\/\"},{\"@type\":\"ListItem\",\"position\":2,\"name\":\"El \u00b4Inde\u00b4 coloca la clasificaci\u00f3n en la mira con triunfo de local\"}]},{\"@type\":\"WebSite\",\"@id\":\"https:\\\/\\\/www.eldiario.net\\\/portal\\\/#website\",\"url\":\"https:\\\/\\\/www.eldiario.net\\\/portal\\\/\",\"name\":\"El Diario - Decano de la prensa nacional\",\"description\":\"El Diario - Decano de la prensa nacional\",\"publisher\":{\"@id\":\"https:\\\/\\\/www.eldiario.net\\\/portal\\\/#organization\"},\"potentialAction\":[{\"@type\":\"SearchAction\",\"target\":{\"@type\":\"EntryPoint\",\"urlTemplate\":\"https:\\\/\\\/www.eldiario.net\\\/portal\\\/?s={search_term_string}\"},\"query-input\":{\"@type\":\"PropertyValueSpecification\",\"valueRequired\":true,\"valueName\":\"search_term_string\"}}],\"inLanguage\":\"es\"},{\"@type\":\"Organization\",\"@id\":\"https:\\\/\\\/www.eldiario.net\\\/portal\\\/#organization\",\"name\":\"El Diario - Decano de la prensa nacional\",\"url\":\"https:\\\/\\\/www.eldiario.net\\\/portal\\\/\",\"logo\":{\"@type\":\"ImageObject\",\"inLanguage\":\"es\",\"@id\":\"https:\\\/\\\/www.eldiario.net\\\/portal\\\/#\\\/schema\\\/logo\\\/image\\\/\",\"url\":\"https:\\\/\\\/www.eldiario.net\\\/portal\\\/wp-content\\\/uploads\\\/2023\\\/07\\\/logo_ED.jpg\",\"contentUrl\":\"https:\\\/\\\/www.eldiario.net\\\/portal\\\/wp-content\\\/uploads\\\/2023\\\/07\\\/logo_ED.jpg\",\"width\":272,\"height\":52,\"caption\":\"El Diario - Decano de la prensa nacional\"},\"image\":{\"@id\":\"https:\\\/\\\/www.eldiario.net\\\/portal\\\/#\\\/schema\\\/logo\\\/image\\\/\"},\"sameAs\":[\"https:\\\/\\\/www.facebook.com\\\/eldiario.bolivia\\\/\",\"https:\\\/\\\/x.com\\\/eldiario_net\"]},{\"@type\":\"Person\",\"@id\":\"https:\\\/\\\/www.eldiario.net\\\/portal\\\/#\\\/schema\\\/person\\\/2c57cf2b7a7ae032e449e4c9b1019eac\",\"name\":\"Jeanette\",\"image\":{\"@type\":\"ImageObject\",\"inLanguage\":\"es\",\"@id\":\"https:\\\/\\\/secure.gravatar.com\\\/avatar\\\/3ea2118a5f7dad2b7138b1187a6b7ee55f160b9968b66013c3a3ef39dd7e5798?s=96&d=mm&r=g\",\"url\":\"https:\\\/\\\/secure.gravatar.com\\\/avatar\\\/3ea2118a5f7dad2b7138b1187a6b7ee55f160b9968b66013c3a3ef39dd7e5798?s=96&d=mm&r=g\",\"contentUrl\":\"https:\\\/\\\/secure.gravatar.com\\\/avatar\\\/3ea2118a5f7dad2b7138b1187a6b7ee55f160b9968b66013c3a3ef39dd7e5798?s=96&d=mm&r=g\",\"caption\":\"Jeanette\"},\"sameAs\":[\"https:\\\/\\\/www.eldiario.net\\\/portal\"],\"url\":\"https:\\\/\\\/www.eldiario.net\\\/portal\\\/author\\\/jeanette\\\/\"}]}<\/script>\n<!-- \/ Yoast SEO plugin. -->","yoast_head_json":{"title":"El \u00b4Inde\u00b4 coloca la clasificaci\u00f3n en la mira con triunfo de local - El Diario - Bolivia","robots":{"index":"index","follow":"follow","max-snippet":"max-snippet:-1","max-image-preview":"max-image-preview:large","max-video-preview":"max-video-preview:-1"},"canonical":"https:\/\/www.eldiario.net\/portal\/2024\/12\/05\/el-inde-coloca-la-clasificacion-en-la-mira-con-triunfo-de-local\/","og_locale":"es_ES","og_type":"article","og_title":"El \u00b4Inde\u00b4 coloca la clasificaci\u00f3n en la mira con triunfo de local - El Diario - Bolivia","og_description":"SUCRE.- Independiente se coloc\u00f3 en la l\u00ednea de candidatos para pelear por el \u00faltimo boleto a la Copa Sudamericana 2025, luego de derrotar a Real Tomayapo por 2-1, en el estadio Patria, de Sucre, con los goles de Juan Godoy, a los 31 minutos, y Gustavo Cristaldo, a los 35 minutos, en la vig\u00e9sima quinta [&hellip;]","og_url":"https:\/\/www.eldiario.net\/portal\/2024\/12\/05\/el-inde-coloca-la-clasificacion-en-la-mira-con-triunfo-de-local\/","og_site_name":"El Diario - Bolivia","article_publisher":"https:\/\/www.facebook.com\/eldiario.bolivia\/","article_published_time":"2024-12-05T09:39:03+00:00","og_image":[{"width":1200,"height":872,"url":"https:\/\/www.eldiario.net\/portal\/wp-content\/uploads\/2024\/12\/Inde-04.jpg","type":"image\/jpeg"}],"author":"Jeanette","twitter_card":"summary_large_image","twitter_creator":"@eldiario_net","twitter_site":"@eldiario_net","twitter_misc":{"Escrito por":"Jeanette","Tiempo de lectura":"3 minutos"},"schema":{"@context":"https:\/\/schema.org","@graph":[{"@type":"Article","@id":"https:\/\/www.eldiario.net\/portal\/2024\/12\/05\/el-inde-coloca-la-clasificacion-en-la-mira-con-triunfo-de-local\/#article","isPartOf":{"@id":"https:\/\/www.eldiario.net\/portal\/2024\/12\/05\/el-inde-coloca-la-clasificacion-en-la-mira-con-triunfo-de-local\/"},"author":{"name":"Jeanette","@id":"https:\/\/www.eldiario.net\/portal\/#\/schema\/person\/2c57cf2b7a7ae032e449e4c9b1019eac"},"headline":"El \u00b4Inde\u00b4 coloca la clasificaci\u00f3n en la mira con triunfo de local","datePublished":"2024-12-05T09:39:03+00:00","mainEntityOfPage":{"@id":"https:\/\/www.eldiario.net\/portal\/2024\/12\/05\/el-inde-coloca-la-clasificacion-en-la-mira-con-triunfo-de-local\/"},"wordCount":463,"publisher":{"@id":"https:\/\/www.eldiario.net\/portal\/#organization"},"image":{"@id":"https:\/\/www.eldiario.net\/portal\/2024\/12\/05\/el-inde-coloca-la-clasificacion-en-la-mira-con-triunfo-de-local\/#primaryimage"},"thumbnailUrl":"https:\/\/www.eldiario.net\/portal\/wp-content\/uploads\/2024\/12\/Inde-04.jpg","articleSection":["Deportes"],"inLanguage":"es"},{"@type":"WebPage","@id":"https:\/\/www.eldiario.net\/portal\/2024\/12\/05\/el-inde-coloca-la-clasificacion-en-la-mira-con-triunfo-de-local\/","url":"https:\/\/www.eldiario.net\/portal\/2024\/12\/05\/el-inde-coloca-la-clasificacion-en-la-mira-con-triunfo-de-local\/","name":"El \u00b4Inde\u00b4 coloca la clasificaci\u00f3n en la mira con triunfo de local - El Diario - Bolivia","isPartOf":{"@id":"https:\/\/www.eldiario.net\/portal\/#website"},"primaryImageOfPage":{"@id":"https:\/\/www.eldiario.net\/portal\/2024\/12\/05\/el-inde-coloca-la-clasificacion-en-la-mira-con-triunfo-de-local\/#primaryimage"},"image":{"@id":"https:\/\/www.eldiario.net\/portal\/2024\/12\/05\/el-inde-coloca-la-clasificacion-en-la-mira-con-triunfo-de-local\/#primaryimage"},"thumbnailUrl":"https:\/\/www.eldiario.net\/portal\/wp-content\/uploads\/2024\/12\/Inde-04.jpg","datePublished":"2024-12-05T09:39:03+00:00","breadcrumb":{"@id":"https:\/\/www.eldiario.net\/portal\/2024\/12\/05\/el-inde-coloca-la-clasificacion-en-la-mira-con-triunfo-de-local\/#breadcrumb"},"inLanguage":"es","potentialAction":[{"@type":"ReadAction","target":["https:\/\/www.eldiario.net\/portal\/2024\/12\/05\/el-inde-coloca-la-clasificacion-en-la-mira-con-triunfo-de-local\/"]}]},{"@type":"ImageObject","inLanguage":"es","@id":"https:\/\/www.eldiario.net\/portal\/2024\/12\/05\/el-inde-coloca-la-clasificacion-en-la-mira-con-triunfo-de-local\/#primaryimage","url":"https:\/\/www.eldiario.net\/portal\/wp-content\/uploads\/2024\/12\/Inde-04.jpg","contentUrl":"https:\/\/www.eldiario.net\/portal\/wp-content\/uploads\/2024\/12\/Inde-04.jpg","width":1200,"height":872},{"@type":"BreadcrumbList","@id":"https:\/\/www.eldiario.net\/portal\/2024\/12\/05\/el-inde-coloca-la-clasificacion-en-la-mira-con-triunfo-de-local\/#breadcrumb","itemListElement":[{"@type":"ListItem","position":1,"name":"Portada","item":"https:\/\/www.eldiario.net\/portal\/"},{"@type":"ListItem","position":2,"name":"El \u00b4Inde\u00b4 coloca la clasificaci\u00f3n en la mira con triunfo de local"}]},{"@type":"WebSite","@id":"https:\/\/www.eldiario.net\/portal\/#website","url":"https:\/\/www.eldiario.net\/portal\/","name":"El Diario - Decano de la prensa nacional","description":"El Diario - Decano de la prensa nacional","publisher":{"@id":"https:\/\/www.eldiario.net\/portal\/#organization"},"potentialAction":[{"@type":"SearchAction","target":{"@type":"EntryPoint","urlTemplate":"https:\/\/www.eldiario.net\/portal\/?s={search_term_string}"},"query-input":{"@type":"PropertyValueSpecification","valueRequired":true,"valueName":"search_term_string"}}],"inLanguage":"es"},{"@type":"Organization","@id":"https:\/\/www.eldiario.net\/portal\/#organization","name":"El Diario - Decano de la prensa nacional","url":"https:\/\/www.eldiario.net\/portal\/","logo":{"@type":"ImageObject","inLanguage":"es","@id":"https:\/\/www.eldiario.net\/portal\/#\/schema\/logo\/image\/","url":"https:\/\/www.eldiario.net\/portal\/wp-content\/uploads\/2023\/07\/logo_ED.jpg","contentUrl":"https:\/\/www.eldiario.net\/portal\/wp-content\/uploads\/2023\/07\/logo_ED.jpg","width":272,"height":52,"caption":"El Diario - Decano de la prensa nacional"},"image":{"@id":"https:\/\/www.eldiario.net\/portal\/#\/schema\/logo\/image\/"},"sameAs":["https:\/\/www.facebook.com\/eldiario.bolivia\/","https:\/\/x.com\/eldiario_net"]},{"@type":"Person","@id":"https:\/\/www.eldiario.net\/portal\/#\/schema\/person\/2c57cf2b7a7ae032e449e4c9b1019eac","name":"Jeanette","image":{"@type":"ImageObject","inLanguage":"es","@id":"https:\/\/secure.gravatar.com\/avatar\/3ea2118a5f7dad2b7138b1187a6b7ee55f160b9968b66013c3a3ef39dd7e5798?s=96&d=mm&r=g","url":"https:\/\/secure.gravatar.com\/avatar\/3ea2118a5f7dad2b7138b1187a6b7ee55f160b9968b66013c3a3ef39dd7e5798?s=96&d=mm&r=g","contentUrl":"https:\/\/secure.gravatar.com\/avatar\/3ea2118a5f7dad2b7138b1187a6b7ee55f160b9968b66013c3a3ef39dd7e5798?s=96&d=mm&r=g","caption":"Jeanette"},"sameAs":["https:\/\/www.eldiario.net\/portal"],"url":"https:\/\/www.eldiario.net\/portal\/author\/jeanette\/"}]}},"_links":{"self":[{"href":"https:\/\/www.eldiario.net\/portal\/wp-json\/wp\/v2\/posts\/265896","targetHints":{"allow":["GET"]}}],"collection":[{"href":"https:\/\/www.eldiario.net\/portal\/wp-json\/wp\/v2\/posts"}],"about":[{"href":"https:\/\/www.eldiario.net\/portal\/wp-json\/wp\/v2\/types\/post"}],"author":[{"embeddable":true,"href":"https:\/\/www.eldiario.net\/portal\/wp-json\/wp\/v2\/users\/1"}],"replies":[{"embeddable":true,"href":"https:\/\/www.eldiario.net\/portal\/wp-json\/wp\/v2\/comments?post=265896"}],"version-history":[{"count":1,"href":"https:\/\/www.eldiario.net\/portal\/wp-json\/wp\/v2\/posts\/265896\/revisions"}],"predecessor-version":[{"id":265898,"href":"https:\/\/www.eldiario.net\/portal\/wp-json\/wp\/v2\/posts\/265896\/revisions\/265898"}],"wp:featuredmedia":[{"embeddable":true,"href":"https:\/\/www.eldiario.net\/portal\/wp-json\/wp\/v2\/media\/265897"}],"wp:attachment":[{"href":"https:\/\/www.eldiario.net\/portal\/wp-json\/wp\/v2\/media?parent=265896"}],"wp:term":[{"taxonomy":"category","embeddable":true,"href":"https:\/\/www.eldiario.net\/portal\/wp-json\/wp\/v2\/categories?post=265896"},{"taxonomy":"post_tag","embeddable":true,"href":"https:\/\/www.eldiario.net\/portal\/wp-json\/wp\/v2\/tags?post=265896"}],"curies":[{"name":"wp","href":"https:\/\/api.w.org\/{rel}","templated":true}]}}