{"id":265887,"date":"2024-12-05T01:21:29","date_gmt":"2024-12-05T05:21:29","guid":{"rendered":"https:\/\/www.eldiario.net\/portal\/?p=265887"},"modified":"2024-12-05T00:22:04","modified_gmt":"2024-12-05T04:22:04","slug":"cinco-magistrados-autoprorrogados-mantendran-el-control-del-tcp","status":"publish","type":"post","link":"https:\/\/www.eldiario.net\/portal\/2024\/12\/05\/cinco-magistrados-autoprorrogados-mantendran-el-control-del-tcp\/","title":{"rendered":"Cinco magistrados autoprorrogados  mantendr\u00e1n el control del TCP"},"content":{"rendered":"<p>Si no hubiera un fallo de \u00faltimo momento que cambie las cosas, cinco de los nueve magistrados autoprorrogados mantendr\u00e1n el control del Tribunal Constitucional Plurinacional (TCP), entre ellos los pol\u00e9micos Yv\u00e1n Espada (Pando) y Gonzalo Hurtado (Beni), porque en las elecciones judiciales de este 15 de diciembre s\u00f3lo se elegir\u00e1n cuatro integrantes de esa instituci\u00f3n.<\/p>\n<p>Los asuntos de mayor relevancia se deciden en sala plena por mayor\u00eda, por lo que los cuatro elegidos en los comicios del 15 de diciembre tendr\u00e1n escaso margen de maniobra, m\u00e1s si se toma en cuenta que acaba de ser nombrado presidente del TCP el autoprorrogado Gonzalo Hurtado que, seg\u00fan la ley de esa instituci\u00f3n, dura tres a\u00f1os en sus funciones.<\/p>\n<p>CR\u00cdTICAS Y CUESTIONAMIENTOS LEGALES<\/p>\n<p>El abogado constitucionalista, Arturo Y\u00e1\u00f1ez, explic\u00f3 que Hurtado y Espada \u201chan volteado las elecciones de sus departamentos con su fallo (\u2026), de tal manera que los cuatro que vengan supuestamente elegidos no van han poder hacer mucho, porque siempre van a ganar los cinco prorrogados\u201d.<\/p>\n<p>Si bien hay temas que los nuevos elegidos podr\u00e1n resolver en sus salas por dos o tres votos, \u201clos temas m\u00e1s importantes son en sala plena\u201d. Seg\u00fan Y\u00e1\u00f1ez, \u201ctodo est\u00e1 fr\u00edamente calculado para que ellos sigan teniendo el control de todo\u201d.<\/p>\n<p>Los cinco magistrados que se mantendr\u00e1n en sus cargos por decisi\u00f3n de ellos mismos son los representantes de Beni (Gonzalo Hurtado), Pando (Yv\u00e1n Espada), Cochabamba (Karem Gallardo), Santa Cruz (Isidora Jim\u00e9nez) y Tarija (Julia Elizabeth Cornejo), en cuyos departamentos no habr\u00e1 elecciones para el TCP.<\/p>\n<p>Entre tanto, los que ser\u00e1n cambiados por efecto de las elecciones son los representantes de La Paz (Br\u00edgida Vargas), Chuquisaca (Paul Franco), Potos\u00ed (Petronilo Flores) y Oruro (Georgina Amusqu\u00edvar).<\/p>\n<p>El analista cruce\u00f1o Vladimir Pe\u00f1a, en el reciente Foro Pol\u00edtico Multiactor convocado por Unitas, hizo notar que \u201clos autoprorrogados van a seguir manejando el TCP\u201d, porque s\u00f3lo \u201cvamos a elegir cuatro magistrados\u201d.<\/p>\n<p>De hecho, consider\u00f3 como un precedente \u201cgrav\u00edsimo\u201d porque en el futuro este mismo TCP puede suspender otras elecciones, como de diputados, senadores o decidir que s\u00f3lo se realicen comicios en algunos departamentos.<\/p>\n<p>Los cinco que se quedar\u00e1n acaban de mostrar su poder en una reciente sala plena, en la que se analiz\u00f3 un recurso de \u201cavocaci\u00f3n\u201d planteado por el Tribunal Supremo Electoral (TSE) pidiendo que se revise la resoluci\u00f3n que suspende las elecciones judiciales en cinco departamentos. Por mayor\u00eda de los cinco, la sala plena del TCP ratific\u00f3 que no habr\u00e1 elecciones en sus regiones y, de paso, reemplaz\u00f3 al presidente Paul Franco por Gonzalo Hurtado, seg\u00fan hizo notar Y\u00e1\u00f1ez.<\/p>\n<p>Y\u00e1\u00f1ez, sin embargo, dice que \u201cen este pa\u00eds todo puede pasar\u201d, puesto que una acci\u00f3n popular de \u00faltimo momento fue interpuesta para salvar las elecciones judiciales en los nueve departamentos, cuya resoluci\u00f3n se conocer\u00e1 este viernes.<\/p>\n<p>ELECCIONES EN MANOS DE HURTADO Y ESPADA<\/p>\n<p>Los magistrados Hurtado y Espada, de la sala cuarta del TCP, declararon desierta la convocatoria a elecciones judiciales en cinco departamentos para el TCP y en dos departamentos para el Tribunal Supremo de Justicia (TSJ), el 4 de noviembre de este a\u00f1o.<\/p>\n<p>Poco despu\u00e9s, el 13 de noviembre, la misma sala ratific\u00f3 su fallo, luego de que el Tribunal Electoral le pidi\u00f3 aclaraciones y enmiendas.<\/p>\n<p>Ante esta situaci\u00f3n, el Tribunal Electoral plante\u00f3 un recurso denominado de avocaci\u00f3n, pidiendo la revisi\u00f3n de la suspensi\u00f3n de las elecciones ante la Sala Plena del TCP, sin embargo, \u00e9sta tambi\u00e9n ratific\u00f3 la decisi\u00f3n de suspender las elecciones en los departamentos citados. Sin embargo, Y\u00e1\u00f1ez hace notar que los mismo Hurtado y Espada volvieron a votar en esa Sala Plena, pese a que, por ser los demandados, debieron excusarse.<\/p>\n<p>\u201cHurtado y Espada emiten el fallo y se convierten en jueces de su propio fallo porque otra vez votan la avocaci\u00f3n. M\u00ednimo tendr\u00edan que haberse excusado porque se est\u00e1 cuestionando su resoluci\u00f3n\u201d, dijo Y\u00e1\u00f1ez.<\/p>\n<p>En la percepci\u00f3n de Y\u00e1\u00f1ez, los magistrados autoprorrogados pretenden mantenerse en sus cargos a toda costa para garantizarse impunidad, porque seg\u00fan dijo, ellos saben que \u201chan hecho barbaridades con sus fallos\u201d. (Sumando Voces\/Br\u00fajula Digital)<\/p>\n","protected":false},"excerpt":{"rendered":"<p>Si no hubiera un fallo de \u00faltimo momento que cambie las cosas, cinco de los nueve magistrados autoprorrogados mantendr\u00e1n el control del Tribunal Constitucional Plurinacional (TCP), entre ellos los pol\u00e9micos Yv\u00e1n Espada (Pando) y Gonzalo Hurtado (Beni), porque en las elecciones judiciales de este 15 de diciembre s\u00f3lo se elegir\u00e1n cuatro integrantes de esa instituci\u00f3n. [&hellip;]<\/p>\n","protected":false},"author":1,"featured_media":265888,"comment_status":"closed","ping_status":"open","sticky":false,"template":"","format":"standard","meta":{"_acf_changed":false,"footnotes":""},"categories":[17],"tags":[],"class_list":["post-265887","post","type-post","status-publish","format-standard","has-post-thumbnail","category-principal"],"acf":{"antetitulo":""},"yoast_head":"<!-- This site is optimized with the Yoast SEO plugin v28.4 - https:\/\/yoast.com\/product\/yoast-seo-wordpress\/ -->\n<title>Cinco magistrados autoprorrogados mantendr\u00e1n el control del TCP - El Diario - Bolivia<\/title>\n<meta name=\"robots\" content=\"index, follow, max-snippet:-1, max-image-preview:large, max-video-preview:-1\" \/>\n<link rel=\"canonical\" href=\"https:\/\/www.eldiario.net\/portal\/2024\/12\/05\/cinco-magistrados-autoprorrogados-mantendran-el-control-del-tcp\/\" \/>\n<meta property=\"og:locale\" content=\"es_ES\" \/>\n<meta property=\"og:type\" content=\"article\" \/>\n<meta property=\"og:title\" content=\"Cinco magistrados autoprorrogados mantendr\u00e1n el control del TCP - El Diario - Bolivia\" \/>\n<meta property=\"og:description\" content=\"Si no hubiera un fallo de \u00faltimo momento que cambie las cosas, cinco de los nueve magistrados autoprorrogados mantendr\u00e1n el control del Tribunal Constitucional Plurinacional (TCP), entre ellos los pol\u00e9micos Yv\u00e1n Espada (Pando) y Gonzalo Hurtado (Beni), porque en las elecciones judiciales de este 15 de diciembre s\u00f3lo se elegir\u00e1n cuatro integrantes de esa instituci\u00f3n. [&hellip;]\" \/>\n<meta property=\"og:url\" content=\"https:\/\/www.eldiario.net\/portal\/2024\/12\/05\/cinco-magistrados-autoprorrogados-mantendran-el-control-del-tcp\/\" \/>\n<meta property=\"og:site_name\" content=\"El Diario - Bolivia\" \/>\n<meta property=\"article:publisher\" content=\"https:\/\/www.facebook.com\/eldiario.bolivia\/\" \/>\n<meta property=\"article:published_time\" content=\"2024-12-05T05:21:29+00:00\" \/>\n<meta property=\"og:image\" content=\"https:\/\/www.eldiario.net\/portal\/wp-content\/uploads\/2024\/12\/AUTO-FOTO.jpg\" \/>\n\t<meta property=\"og:image:width\" content=\"720\" \/>\n\t<meta property=\"og:image:height\" content=\"399\" \/>\n\t<meta property=\"og:image:type\" content=\"image\/jpeg\" \/>\n<meta name=\"author\" content=\"Jeanette\" \/>\n<meta name=\"twitter:card\" content=\"summary_large_image\" \/>\n<meta name=\"twitter:creator\" content=\"@eldiario_net\" \/>\n<meta name=\"twitter:site\" content=\"@eldiario_net\" \/>\n<meta name=\"twitter:label1\" content=\"Escrito por\" \/>\n\t<meta name=\"twitter:data1\" content=\"Jeanette\" \/>\n\t<meta name=\"twitter:label2\" content=\"Tiempo de lectura\" \/>\n\t<meta name=\"twitter:data2\" content=\"4 minutos\" \/>\n<script type=\"application\/ld+json\" class=\"yoast-schema-graph\">{\"@context\":\"https:\\\/\\\/schema.org\",\"@graph\":[{\"@type\":\"Article\",\"@id\":\"https:\\\/\\\/www.eldiario.net\\\/portal\\\/2024\\\/12\\\/05\\\/cinco-magistrados-autoprorrogados-mantendran-el-control-del-tcp\\\/#article\",\"isPartOf\":{\"@id\":\"https:\\\/\\\/www.eldiario.net\\\/portal\\\/2024\\\/12\\\/05\\\/cinco-magistrados-autoprorrogados-mantendran-el-control-del-tcp\\\/\"},\"author\":{\"name\":\"Jeanette\",\"@id\":\"https:\\\/\\\/www.eldiario.net\\\/portal\\\/#\\\/schema\\\/person\\\/2c57cf2b7a7ae032e449e4c9b1019eac\"},\"headline\":\"Cinco magistrados autoprorrogados mantendr\u00e1n el control del TCP\",\"datePublished\":\"2024-12-05T05:21:29+00:00\",\"mainEntityOfPage\":{\"@id\":\"https:\\\/\\\/www.eldiario.net\\\/portal\\\/2024\\\/12\\\/05\\\/cinco-magistrados-autoprorrogados-mantendran-el-control-del-tcp\\\/\"},\"wordCount\":732,\"publisher\":{\"@id\":\"https:\\\/\\\/www.eldiario.net\\\/portal\\\/#organization\"},\"image\":{\"@id\":\"https:\\\/\\\/www.eldiario.net\\\/portal\\\/2024\\\/12\\\/05\\\/cinco-magistrados-autoprorrogados-mantendran-el-control-del-tcp\\\/#primaryimage\"},\"thumbnailUrl\":\"https:\\\/\\\/www.eldiario.net\\\/portal\\\/wp-content\\\/uploads\\\/2024\\\/12\\\/AUTO-FOTO.jpg\",\"articleSection\":[\"Principal\"],\"inLanguage\":\"es\"},{\"@type\":\"WebPage\",\"@id\":\"https:\\\/\\\/www.eldiario.net\\\/portal\\\/2024\\\/12\\\/05\\\/cinco-magistrados-autoprorrogados-mantendran-el-control-del-tcp\\\/\",\"url\":\"https:\\\/\\\/www.eldiario.net\\\/portal\\\/2024\\\/12\\\/05\\\/cinco-magistrados-autoprorrogados-mantendran-el-control-del-tcp\\\/\",\"name\":\"Cinco magistrados autoprorrogados mantendr\u00e1n el control del TCP - El Diario - Bolivia\",\"isPartOf\":{\"@id\":\"https:\\\/\\\/www.eldiario.net\\\/portal\\\/#website\"},\"primaryImageOfPage\":{\"@id\":\"https:\\\/\\\/www.eldiario.net\\\/portal\\\/2024\\\/12\\\/05\\\/cinco-magistrados-autoprorrogados-mantendran-el-control-del-tcp\\\/#primaryimage\"},\"image\":{\"@id\":\"https:\\\/\\\/www.eldiario.net\\\/portal\\\/2024\\\/12\\\/05\\\/cinco-magistrados-autoprorrogados-mantendran-el-control-del-tcp\\\/#primaryimage\"},\"thumbnailUrl\":\"https:\\\/\\\/www.eldiario.net\\\/portal\\\/wp-content\\\/uploads\\\/2024\\\/12\\\/AUTO-FOTO.jpg\",\"datePublished\":\"2024-12-05T05:21:29+00:00\",\"breadcrumb\":{\"@id\":\"https:\\\/\\\/www.eldiario.net\\\/portal\\\/2024\\\/12\\\/05\\\/cinco-magistrados-autoprorrogados-mantendran-el-control-del-tcp\\\/#breadcrumb\"},\"inLanguage\":\"es\",\"potentialAction\":[{\"@type\":\"ReadAction\",\"target\":[\"https:\\\/\\\/www.eldiario.net\\\/portal\\\/2024\\\/12\\\/05\\\/cinco-magistrados-autoprorrogados-mantendran-el-control-del-tcp\\\/\"]}]},{\"@type\":\"ImageObject\",\"inLanguage\":\"es\",\"@id\":\"https:\\\/\\\/www.eldiario.net\\\/portal\\\/2024\\\/12\\\/05\\\/cinco-magistrados-autoprorrogados-mantendran-el-control-del-tcp\\\/#primaryimage\",\"url\":\"https:\\\/\\\/www.eldiario.net\\\/portal\\\/wp-content\\\/uploads\\\/2024\\\/12\\\/AUTO-FOTO.jpg\",\"contentUrl\":\"https:\\\/\\\/www.eldiario.net\\\/portal\\\/wp-content\\\/uploads\\\/2024\\\/12\\\/AUTO-FOTO.jpg\",\"width\":720,\"height\":399,\"caption\":\"Arriba, los 5 magistrados que se mantendr\u00e1n en sus cargos. Abajo, los 4 magistrados que ser\u00e1n reemplazados. FOTO: SUMANDO VOCES Br\u00fajula Digital|04|12|24| Sumando Voces, Mery Vaca\"},{\"@type\":\"BreadcrumbList\",\"@id\":\"https:\\\/\\\/www.eldiario.net\\\/portal\\\/2024\\\/12\\\/05\\\/cinco-magistrados-autoprorrogados-mantendran-el-control-del-tcp\\\/#breadcrumb\",\"itemListElement\":[{\"@type\":\"ListItem\",\"position\":1,\"name\":\"Portada\",\"item\":\"https:\\\/\\\/www.eldiario.net\\\/portal\\\/\"},{\"@type\":\"ListItem\",\"position\":2,\"name\":\"Cinco magistrados autoprorrogados mantendr\u00e1n el control del TCP\"}]},{\"@type\":\"WebSite\",\"@id\":\"https:\\\/\\\/www.eldiario.net\\\/portal\\\/#website\",\"url\":\"https:\\\/\\\/www.eldiario.net\\\/portal\\\/\",\"name\":\"El Diario - Decano de la prensa nacional\",\"description\":\"El Diario - Decano de la prensa nacional\",\"publisher\":{\"@id\":\"https:\\\/\\\/www.eldiario.net\\\/portal\\\/#organization\"},\"potentialAction\":[{\"@type\":\"SearchAction\",\"target\":{\"@type\":\"EntryPoint\",\"urlTemplate\":\"https:\\\/\\\/www.eldiario.net\\\/portal\\\/?s={search_term_string}\"},\"query-input\":{\"@type\":\"PropertyValueSpecification\",\"valueRequired\":true,\"valueName\":\"search_term_string\"}}],\"inLanguage\":\"es\"},{\"@type\":\"Organization\",\"@id\":\"https:\\\/\\\/www.eldiario.net\\\/portal\\\/#organization\",\"name\":\"El Diario - Decano de la prensa nacional\",\"url\":\"https:\\\/\\\/www.eldiario.net\\\/portal\\\/\",\"logo\":{\"@type\":\"ImageObject\",\"inLanguage\":\"es\",\"@id\":\"https:\\\/\\\/www.eldiario.net\\\/portal\\\/#\\\/schema\\\/logo\\\/image\\\/\",\"url\":\"https:\\\/\\\/www.eldiario.net\\\/portal\\\/wp-content\\\/uploads\\\/2023\\\/07\\\/logo_ED.jpg\",\"contentUrl\":\"https:\\\/\\\/www.eldiario.net\\\/portal\\\/wp-content\\\/uploads\\\/2023\\\/07\\\/logo_ED.jpg\",\"width\":272,\"height\":52,\"caption\":\"El Diario - Decano de la prensa nacional\"},\"image\":{\"@id\":\"https:\\\/\\\/www.eldiario.net\\\/portal\\\/#\\\/schema\\\/logo\\\/image\\\/\"},\"sameAs\":[\"https:\\\/\\\/www.facebook.com\\\/eldiario.bolivia\\\/\",\"https:\\\/\\\/x.com\\\/eldiario_net\"]},{\"@type\":\"Person\",\"@id\":\"https:\\\/\\\/www.eldiario.net\\\/portal\\\/#\\\/schema\\\/person\\\/2c57cf2b7a7ae032e449e4c9b1019eac\",\"name\":\"Jeanette\",\"image\":{\"@type\":\"ImageObject\",\"inLanguage\":\"es\",\"@id\":\"https:\\\/\\\/secure.gravatar.com\\\/avatar\\\/3ea2118a5f7dad2b7138b1187a6b7ee55f160b9968b66013c3a3ef39dd7e5798?s=96&d=mm&r=g\",\"url\":\"https:\\\/\\\/secure.gravatar.com\\\/avatar\\\/3ea2118a5f7dad2b7138b1187a6b7ee55f160b9968b66013c3a3ef39dd7e5798?s=96&d=mm&r=g\",\"contentUrl\":\"https:\\\/\\\/secure.gravatar.com\\\/avatar\\\/3ea2118a5f7dad2b7138b1187a6b7ee55f160b9968b66013c3a3ef39dd7e5798?s=96&d=mm&r=g\",\"caption\":\"Jeanette\"},\"sameAs\":[\"https:\\\/\\\/www.eldiario.net\\\/portal\"],\"url\":\"https:\\\/\\\/www.eldiario.net\\\/portal\\\/author\\\/jeanette\\\/\"}]}<\/script>\n<!-- \/ Yoast SEO plugin. -->","yoast_head_json":{"title":"Cinco magistrados autoprorrogados mantendr\u00e1n el control del TCP - El Diario - Bolivia","robots":{"index":"index","follow":"follow","max-snippet":"max-snippet:-1","max-image-preview":"max-image-preview:large","max-video-preview":"max-video-preview:-1"},"canonical":"https:\/\/www.eldiario.net\/portal\/2024\/12\/05\/cinco-magistrados-autoprorrogados-mantendran-el-control-del-tcp\/","og_locale":"es_ES","og_type":"article","og_title":"Cinco magistrados autoprorrogados mantendr\u00e1n el control del TCP - El Diario - Bolivia","og_description":"Si no hubiera un fallo de \u00faltimo momento que cambie las cosas, cinco de los nueve magistrados autoprorrogados mantendr\u00e1n el control del Tribunal Constitucional Plurinacional (TCP), entre ellos los pol\u00e9micos Yv\u00e1n Espada (Pando) y Gonzalo Hurtado (Beni), porque en las elecciones judiciales de este 15 de diciembre s\u00f3lo se elegir\u00e1n cuatro integrantes de esa instituci\u00f3n. [&hellip;]","og_url":"https:\/\/www.eldiario.net\/portal\/2024\/12\/05\/cinco-magistrados-autoprorrogados-mantendran-el-control-del-tcp\/","og_site_name":"El Diario - Bolivia","article_publisher":"https:\/\/www.facebook.com\/eldiario.bolivia\/","article_published_time":"2024-12-05T05:21:29+00:00","og_image":[{"width":720,"height":399,"url":"https:\/\/www.eldiario.net\/portal\/wp-content\/uploads\/2024\/12\/AUTO-FOTO.jpg","type":"image\/jpeg"}],"author":"Jeanette","twitter_card":"summary_large_image","twitter_creator":"@eldiario_net","twitter_site":"@eldiario_net","twitter_misc":{"Escrito por":"Jeanette","Tiempo de lectura":"4 minutos"},"schema":{"@context":"https:\/\/schema.org","@graph":[{"@type":"Article","@id":"https:\/\/www.eldiario.net\/portal\/2024\/12\/05\/cinco-magistrados-autoprorrogados-mantendran-el-control-del-tcp\/#article","isPartOf":{"@id":"https:\/\/www.eldiario.net\/portal\/2024\/12\/05\/cinco-magistrados-autoprorrogados-mantendran-el-control-del-tcp\/"},"author":{"name":"Jeanette","@id":"https:\/\/www.eldiario.net\/portal\/#\/schema\/person\/2c57cf2b7a7ae032e449e4c9b1019eac"},"headline":"Cinco magistrados autoprorrogados mantendr\u00e1n el control del TCP","datePublished":"2024-12-05T05:21:29+00:00","mainEntityOfPage":{"@id":"https:\/\/www.eldiario.net\/portal\/2024\/12\/05\/cinco-magistrados-autoprorrogados-mantendran-el-control-del-tcp\/"},"wordCount":732,"publisher":{"@id":"https:\/\/www.eldiario.net\/portal\/#organization"},"image":{"@id":"https:\/\/www.eldiario.net\/portal\/2024\/12\/05\/cinco-magistrados-autoprorrogados-mantendran-el-control-del-tcp\/#primaryimage"},"thumbnailUrl":"https:\/\/www.eldiario.net\/portal\/wp-content\/uploads\/2024\/12\/AUTO-FOTO.jpg","articleSection":["Principal"],"inLanguage":"es"},{"@type":"WebPage","@id":"https:\/\/www.eldiario.net\/portal\/2024\/12\/05\/cinco-magistrados-autoprorrogados-mantendran-el-control-del-tcp\/","url":"https:\/\/www.eldiario.net\/portal\/2024\/12\/05\/cinco-magistrados-autoprorrogados-mantendran-el-control-del-tcp\/","name":"Cinco magistrados autoprorrogados mantendr\u00e1n el control del TCP - El Diario - Bolivia","isPartOf":{"@id":"https:\/\/www.eldiario.net\/portal\/#website"},"primaryImageOfPage":{"@id":"https:\/\/www.eldiario.net\/portal\/2024\/12\/05\/cinco-magistrados-autoprorrogados-mantendran-el-control-del-tcp\/#primaryimage"},"image":{"@id":"https:\/\/www.eldiario.net\/portal\/2024\/12\/05\/cinco-magistrados-autoprorrogados-mantendran-el-control-del-tcp\/#primaryimage"},"thumbnailUrl":"https:\/\/www.eldiario.net\/portal\/wp-content\/uploads\/2024\/12\/AUTO-FOTO.jpg","datePublished":"2024-12-05T05:21:29+00:00","breadcrumb":{"@id":"https:\/\/www.eldiario.net\/portal\/2024\/12\/05\/cinco-magistrados-autoprorrogados-mantendran-el-control-del-tcp\/#breadcrumb"},"inLanguage":"es","potentialAction":[{"@type":"ReadAction","target":["https:\/\/www.eldiario.net\/portal\/2024\/12\/05\/cinco-magistrados-autoprorrogados-mantendran-el-control-del-tcp\/"]}]},{"@type":"ImageObject","inLanguage":"es","@id":"https:\/\/www.eldiario.net\/portal\/2024\/12\/05\/cinco-magistrados-autoprorrogados-mantendran-el-control-del-tcp\/#primaryimage","url":"https:\/\/www.eldiario.net\/portal\/wp-content\/uploads\/2024\/12\/AUTO-FOTO.jpg","contentUrl":"https:\/\/www.eldiario.net\/portal\/wp-content\/uploads\/2024\/12\/AUTO-FOTO.jpg","width":720,"height":399,"caption":"Arriba, los 5 magistrados que se mantendr\u00e1n en sus cargos. Abajo, los 4 magistrados que ser\u00e1n reemplazados. FOTO: SUMANDO VOCES Br\u00fajula Digital|04|12|24| Sumando Voces, Mery Vaca"},{"@type":"BreadcrumbList","@id":"https:\/\/www.eldiario.net\/portal\/2024\/12\/05\/cinco-magistrados-autoprorrogados-mantendran-el-control-del-tcp\/#breadcrumb","itemListElement":[{"@type":"ListItem","position":1,"name":"Portada","item":"https:\/\/www.eldiario.net\/portal\/"},{"@type":"ListItem","position":2,"name":"Cinco magistrados autoprorrogados mantendr\u00e1n el control del TCP"}]},{"@type":"WebSite","@id":"https:\/\/www.eldiario.net\/portal\/#website","url":"https:\/\/www.eldiario.net\/portal\/","name":"El Diario - Decano de la prensa nacional","description":"El Diario - Decano de la prensa nacional","publisher":{"@id":"https:\/\/www.eldiario.net\/portal\/#organization"},"potentialAction":[{"@type":"SearchAction","target":{"@type":"EntryPoint","urlTemplate":"https:\/\/www.eldiario.net\/portal\/?s={search_term_string}"},"query-input":{"@type":"PropertyValueSpecification","valueRequired":true,"valueName":"search_term_string"}}],"inLanguage":"es"},{"@type":"Organization","@id":"https:\/\/www.eldiario.net\/portal\/#organization","name":"El Diario - Decano de la prensa nacional","url":"https:\/\/www.eldiario.net\/portal\/","logo":{"@type":"ImageObject","inLanguage":"es","@id":"https:\/\/www.eldiario.net\/portal\/#\/schema\/logo\/image\/","url":"https:\/\/www.eldiario.net\/portal\/wp-content\/uploads\/2023\/07\/logo_ED.jpg","contentUrl":"https:\/\/www.eldiario.net\/portal\/wp-content\/uploads\/2023\/07\/logo_ED.jpg","width":272,"height":52,"caption":"El Diario - Decano de la prensa nacional"},"image":{"@id":"https:\/\/www.eldiario.net\/portal\/#\/schema\/logo\/image\/"},"sameAs":["https:\/\/www.facebook.com\/eldiario.bolivia\/","https:\/\/x.com\/eldiario_net"]},{"@type":"Person","@id":"https:\/\/www.eldiario.net\/portal\/#\/schema\/person\/2c57cf2b7a7ae032e449e4c9b1019eac","name":"Jeanette","image":{"@type":"ImageObject","inLanguage":"es","@id":"https:\/\/secure.gravatar.com\/avatar\/3ea2118a5f7dad2b7138b1187a6b7ee55f160b9968b66013c3a3ef39dd7e5798?s=96&d=mm&r=g","url":"https:\/\/secure.gravatar.com\/avatar\/3ea2118a5f7dad2b7138b1187a6b7ee55f160b9968b66013c3a3ef39dd7e5798?s=96&d=mm&r=g","contentUrl":"https:\/\/secure.gravatar.com\/avatar\/3ea2118a5f7dad2b7138b1187a6b7ee55f160b9968b66013c3a3ef39dd7e5798?s=96&d=mm&r=g","caption":"Jeanette"},"sameAs":["https:\/\/www.eldiario.net\/portal"],"url":"https:\/\/www.eldiario.net\/portal\/author\/jeanette\/"}]}},"_links":{"self":[{"href":"https:\/\/www.eldiario.net\/portal\/wp-json\/wp\/v2\/posts\/265887","targetHints":{"allow":["GET"]}}],"collection":[{"href":"https:\/\/www.eldiario.net\/portal\/wp-json\/wp\/v2\/posts"}],"about":[{"href":"https:\/\/www.eldiario.net\/portal\/wp-json\/wp\/v2\/types\/post"}],"author":[{"embeddable":true,"href":"https:\/\/www.eldiario.net\/portal\/wp-json\/wp\/v2\/users\/1"}],"replies":[{"embeddable":true,"href":"https:\/\/www.eldiario.net\/portal\/wp-json\/wp\/v2\/comments?post=265887"}],"version-history":[{"count":1,"href":"https:\/\/www.eldiario.net\/portal\/wp-json\/wp\/v2\/posts\/265887\/revisions"}],"predecessor-version":[{"id":265889,"href":"https:\/\/www.eldiario.net\/portal\/wp-json\/wp\/v2\/posts\/265887\/revisions\/265889"}],"wp:featuredmedia":[{"embeddable":true,"href":"https:\/\/www.eldiario.net\/portal\/wp-json\/wp\/v2\/media\/265888"}],"wp:attachment":[{"href":"https:\/\/www.eldiario.net\/portal\/wp-json\/wp\/v2\/media?parent=265887"}],"wp:term":[{"taxonomy":"category","embeddable":true,"href":"https:\/\/www.eldiario.net\/portal\/wp-json\/wp\/v2\/categories?post=265887"},{"taxonomy":"post_tag","embeddable":true,"href":"https:\/\/www.eldiario.net\/portal\/wp-json\/wp\/v2\/tags?post=265887"}],"curies":[{"name":"wp","href":"https:\/\/api.w.org\/{rel}","templated":true}]}}