{"id":265884,"date":"2024-12-05T01:20:39","date_gmt":"2024-12-05T05:20:39","guid":{"rendered":"https:\/\/www.eldiario.net\/portal\/?p=265884"},"modified":"2024-12-05T00:21:23","modified_gmt":"2024-12-05T04:21:23","slug":"ocho-partidos-tienen-personeria-para-participar-en-las-elecciones","status":"publish","type":"post","link":"https:\/\/www.eldiario.net\/portal\/2024\/12\/05\/ocho-partidos-tienen-personeria-para-participar-en-las-elecciones\/","title":{"rendered":"Ocho partidos tienen personer\u00eda  para participar en las elecciones"},"content":{"rendered":"<p>Ocho partidos pol\u00edticos en el pa\u00eds tienen su personer\u00eda jur\u00eddica asegurada para participar en las elecciones de agosto de 2025, mientras otros cuatro deben todav\u00eda realizar acciones para lograr ese reconocimiento hasta antes del 20 de diciembre pr\u00f3ximo.<\/p>\n<p>Los partidos con todos sus documentos en regla son: el MAS, FRI, MTS, Dem\u00f3cratas, UCS, UN, MNR y NGP, inform\u00f3 el TSE en exclusiva a Br\u00fajula Digital.<\/p>\n<p>Un noveno partido que podr\u00eda participar es el que inscribi\u00f3 la semana pasada el alcalde de Cochabamba, Manfred Reyes Villa, con el nombre APB S\u00famate. Reyes Villa present\u00f3 las 108.000 firmas requeridas, que deben ser ahora examinadas por el TSE para establecer si cumplen con los requisitos.<\/p>\n<p>Paralelamente, cuatro partidos que no han cumplido con todos los requisitos son ADN, FPV, PDC y PAN-BOL (ver cuadro adjunto); el plazo otorgado por la sala plena del TSE para esa regularizaci\u00f3n vence el 20 de diciembre y varios de esos partidos est\u00e1n tomando las acciones necesarias para regularizar por completo su situaci\u00f3n.<\/p>\n<p>Sin embargo, fuentes del TSE se\u00f1alaron que no cumplir con todos los requisitos no es necesariamente raz\u00f3n para no estar habilitado para participar en los comicios de 2025 ya que la ley de organizaciones pol\u00edticas no es totalmente expl\u00edcita en ese punto. Por ello, la sala plena tendr\u00e1 que pronunciarse si es que alg\u00fan partido que no cumpla con todos los requisitos pretende inscribirse para participar de los comicios del pr\u00f3ximo a\u00f1o.<\/p>\n<p>La segunda quincena de abril se convocar\u00e1 a las elecciones y de ah\u00ed en adelante, hasta antes del domingo 17 de agosto, d\u00eda de las elecciones, los frentes y candidatos deber\u00e1n registrarse.<\/p>\n<p>El pr\u00f3ximo presidente debe posesionarse el 8 de noviembre de 2025, porque ese d\u00eda se cumplen cinco a\u00f1os de gesti\u00f3n actual, y ello establece los hitos del calendario electoral.<\/p>\n<p>Considerando que por ley se debe prever la posibilidad de realizar una segunda vuelta, entonces las elecciones deben efectuarse en agosto de 2025, dijo Oscar Hassenteufel, a Br\u00fajula Digital en junio pasado.<\/p>\n<p>En ese entendido, 60 d\u00edas despu\u00e9s se realizar\u00eda la segunda vuelta, es decir a mediados de octubre, probablemente el domingo 19 de octubre. Con ello, el organismo electoral tendr\u00eda el tiempo suficiente para entregar el escrutinio oficial, las credenciales, etc. para que se haga el cambio de Gobierno el s\u00e1bado 8 de noviembre. (Br\u00fajula Digital)<\/p>\n","protected":false},"excerpt":{"rendered":"<p>Ocho partidos pol\u00edticos en el pa\u00eds tienen su personer\u00eda jur\u00eddica asegurada para participar en las elecciones de agosto de 2025, mientras otros cuatro deben todav\u00eda realizar acciones para lograr ese reconocimiento hasta antes del 20 de diciembre pr\u00f3ximo. Los partidos con todos sus documentos en regla son: el MAS, FRI, MTS, Dem\u00f3cratas, UCS, UN, MNR [&hellip;]<\/p>\n","protected":false},"author":1,"featured_media":265885,"comment_status":"closed","ping_status":"open","sticky":false,"template":"","format":"standard","meta":{"_acf_changed":false,"footnotes":""},"categories":[15],"tags":[],"class_list":["post-265884","post","type-post","status-publish","format-standard","has-post-thumbnail","category-portada"],"acf":{"antetitulo":""},"yoast_head":"<!-- This site is optimized with the Yoast SEO plugin v28.4 - https:\/\/yoast.com\/product\/yoast-seo-wordpress\/ -->\n<title>Ocho partidos tienen personer\u00eda para participar en las elecciones - El Diario - Bolivia<\/title>\n<meta name=\"robots\" content=\"index, follow, max-snippet:-1, max-image-preview:large, max-video-preview:-1\" \/>\n<link rel=\"canonical\" href=\"https:\/\/www.eldiario.net\/portal\/2024\/12\/05\/ocho-partidos-tienen-personeria-para-participar-en-las-elecciones\/\" \/>\n<meta property=\"og:locale\" content=\"es_ES\" \/>\n<meta property=\"og:type\" content=\"article\" \/>\n<meta property=\"og:title\" content=\"Ocho partidos tienen personer\u00eda para participar en las elecciones - El Diario - Bolivia\" \/>\n<meta property=\"og:description\" content=\"Ocho partidos pol\u00edticos en el pa\u00eds tienen su personer\u00eda jur\u00eddica asegurada para participar en las elecciones de agosto de 2025, mientras otros cuatro deben todav\u00eda realizar acciones para lograr ese reconocimiento hasta antes del 20 de diciembre pr\u00f3ximo. Los partidos con todos sus documentos en regla son: el MAS, FRI, MTS, Dem\u00f3cratas, UCS, UN, MNR [&hellip;]\" \/>\n<meta property=\"og:url\" content=\"https:\/\/www.eldiario.net\/portal\/2024\/12\/05\/ocho-partidos-tienen-personeria-para-participar-en-las-elecciones\/\" \/>\n<meta property=\"og:site_name\" content=\"El Diario - Bolivia\" \/>\n<meta property=\"article:publisher\" content=\"https:\/\/www.facebook.com\/eldiario.bolivia\/\" \/>\n<meta property=\"article:published_time\" content=\"2024-12-05T05:20:39+00:00\" \/>\n<meta property=\"og:image\" content=\"https:\/\/www.eldiario.net\/portal\/wp-content\/uploads\/2024\/12\/ELEC-FOTO.jpg\" \/>\n\t<meta property=\"og:image:width\" content=\"720\" \/>\n\t<meta property=\"og:image:height\" content=\"399\" \/>\n\t<meta property=\"og:image:type\" content=\"image\/jpeg\" \/>\n<meta name=\"author\" content=\"Jeanette\" \/>\n<meta name=\"twitter:card\" content=\"summary_large_image\" \/>\n<meta name=\"twitter:creator\" content=\"@eldiario_net\" \/>\n<meta name=\"twitter:site\" content=\"@eldiario_net\" \/>\n<meta name=\"twitter:label1\" content=\"Escrito por\" \/>\n\t<meta name=\"twitter:data1\" content=\"Jeanette\" \/>\n\t<meta name=\"twitter:label2\" content=\"Tiempo de lectura\" \/>\n\t<meta name=\"twitter:data2\" content=\"2 minutos\" \/>\n<script type=\"application\/ld+json\" class=\"yoast-schema-graph\">{\"@context\":\"https:\\\/\\\/schema.org\",\"@graph\":[{\"@type\":\"Article\",\"@id\":\"https:\\\/\\\/www.eldiario.net\\\/portal\\\/2024\\\/12\\\/05\\\/ocho-partidos-tienen-personeria-para-participar-en-las-elecciones\\\/#article\",\"isPartOf\":{\"@id\":\"https:\\\/\\\/www.eldiario.net\\\/portal\\\/2024\\\/12\\\/05\\\/ocho-partidos-tienen-personeria-para-participar-en-las-elecciones\\\/\"},\"author\":{\"name\":\"Jeanette\",\"@id\":\"https:\\\/\\\/www.eldiario.net\\\/portal\\\/#\\\/schema\\\/person\\\/2c57cf2b7a7ae032e449e4c9b1019eac\"},\"headline\":\"Ocho partidos tienen personer\u00eda para participar en las elecciones\",\"datePublished\":\"2024-12-05T05:20:39+00:00\",\"mainEntityOfPage\":{\"@id\":\"https:\\\/\\\/www.eldiario.net\\\/portal\\\/2024\\\/12\\\/05\\\/ocho-partidos-tienen-personeria-para-participar-en-las-elecciones\\\/\"},\"wordCount\":416,\"publisher\":{\"@id\":\"https:\\\/\\\/www.eldiario.net\\\/portal\\\/#organization\"},\"image\":{\"@id\":\"https:\\\/\\\/www.eldiario.net\\\/portal\\\/2024\\\/12\\\/05\\\/ocho-partidos-tienen-personeria-para-participar-en-las-elecciones\\\/#primaryimage\"},\"thumbnailUrl\":\"https:\\\/\\\/www.eldiario.net\\\/portal\\\/wp-content\\\/uploads\\\/2024\\\/12\\\/ELEC-FOTO.jpg\",\"articleSection\":[\"Portada\"],\"inLanguage\":\"es\"},{\"@type\":\"WebPage\",\"@id\":\"https:\\\/\\\/www.eldiario.net\\\/portal\\\/2024\\\/12\\\/05\\\/ocho-partidos-tienen-personeria-para-participar-en-las-elecciones\\\/\",\"url\":\"https:\\\/\\\/www.eldiario.net\\\/portal\\\/2024\\\/12\\\/05\\\/ocho-partidos-tienen-personeria-para-participar-en-las-elecciones\\\/\",\"name\":\"Ocho partidos tienen personer\u00eda para participar en las elecciones - El Diario - Bolivia\",\"isPartOf\":{\"@id\":\"https:\\\/\\\/www.eldiario.net\\\/portal\\\/#website\"},\"primaryImageOfPage\":{\"@id\":\"https:\\\/\\\/www.eldiario.net\\\/portal\\\/2024\\\/12\\\/05\\\/ocho-partidos-tienen-personeria-para-participar-en-las-elecciones\\\/#primaryimage\"},\"image\":{\"@id\":\"https:\\\/\\\/www.eldiario.net\\\/portal\\\/2024\\\/12\\\/05\\\/ocho-partidos-tienen-personeria-para-participar-en-las-elecciones\\\/#primaryimage\"},\"thumbnailUrl\":\"https:\\\/\\\/www.eldiario.net\\\/portal\\\/wp-content\\\/uploads\\\/2024\\\/12\\\/ELEC-FOTO.jpg\",\"datePublished\":\"2024-12-05T05:20:39+00:00\",\"breadcrumb\":{\"@id\":\"https:\\\/\\\/www.eldiario.net\\\/portal\\\/2024\\\/12\\\/05\\\/ocho-partidos-tienen-personeria-para-participar-en-las-elecciones\\\/#breadcrumb\"},\"inLanguage\":\"es\",\"potentialAction\":[{\"@type\":\"ReadAction\",\"target\":[\"https:\\\/\\\/www.eldiario.net\\\/portal\\\/2024\\\/12\\\/05\\\/ocho-partidos-tienen-personeria-para-participar-en-las-elecciones\\\/\"]}]},{\"@type\":\"ImageObject\",\"inLanguage\":\"es\",\"@id\":\"https:\\\/\\\/www.eldiario.net\\\/portal\\\/2024\\\/12\\\/05\\\/ocho-partidos-tienen-personeria-para-participar-en-las-elecciones\\\/#primaryimage\",\"url\":\"https:\\\/\\\/www.eldiario.net\\\/portal\\\/wp-content\\\/uploads\\\/2024\\\/12\\\/ELEC-FOTO.jpg\",\"contentUrl\":\"https:\\\/\\\/www.eldiario.net\\\/portal\\\/wp-content\\\/uploads\\\/2024\\\/12\\\/ELEC-FOTO.jpg\",\"width\":720,\"height\":399,\"caption\":\"PARTIDOS POL\u00cdTICOS REGISTRADOS EN EL TSE. FOTO: BR\u00daJULA DIGITAL\"},{\"@type\":\"BreadcrumbList\",\"@id\":\"https:\\\/\\\/www.eldiario.net\\\/portal\\\/2024\\\/12\\\/05\\\/ocho-partidos-tienen-personeria-para-participar-en-las-elecciones\\\/#breadcrumb\",\"itemListElement\":[{\"@type\":\"ListItem\",\"position\":1,\"name\":\"Portada\",\"item\":\"https:\\\/\\\/www.eldiario.net\\\/portal\\\/\"},{\"@type\":\"ListItem\",\"position\":2,\"name\":\"Ocho partidos tienen personer\u00eda para participar en las elecciones\"}]},{\"@type\":\"WebSite\",\"@id\":\"https:\\\/\\\/www.eldiario.net\\\/portal\\\/#website\",\"url\":\"https:\\\/\\\/www.eldiario.net\\\/portal\\\/\",\"name\":\"El Diario - Decano de la prensa nacional\",\"description\":\"El Diario - Decano de la prensa nacional\",\"publisher\":{\"@id\":\"https:\\\/\\\/www.eldiario.net\\\/portal\\\/#organization\"},\"potentialAction\":[{\"@type\":\"SearchAction\",\"target\":{\"@type\":\"EntryPoint\",\"urlTemplate\":\"https:\\\/\\\/www.eldiario.net\\\/portal\\\/?s={search_term_string}\"},\"query-input\":{\"@type\":\"PropertyValueSpecification\",\"valueRequired\":true,\"valueName\":\"search_term_string\"}}],\"inLanguage\":\"es\"},{\"@type\":\"Organization\",\"@id\":\"https:\\\/\\\/www.eldiario.net\\\/portal\\\/#organization\",\"name\":\"El Diario - Decano de la prensa nacional\",\"url\":\"https:\\\/\\\/www.eldiario.net\\\/portal\\\/\",\"logo\":{\"@type\":\"ImageObject\",\"inLanguage\":\"es\",\"@id\":\"https:\\\/\\\/www.eldiario.net\\\/portal\\\/#\\\/schema\\\/logo\\\/image\\\/\",\"url\":\"https:\\\/\\\/www.eldiario.net\\\/portal\\\/wp-content\\\/uploads\\\/2023\\\/07\\\/logo_ED.jpg\",\"contentUrl\":\"https:\\\/\\\/www.eldiario.net\\\/portal\\\/wp-content\\\/uploads\\\/2023\\\/07\\\/logo_ED.jpg\",\"width\":272,\"height\":52,\"caption\":\"El Diario - Decano de la prensa nacional\"},\"image\":{\"@id\":\"https:\\\/\\\/www.eldiario.net\\\/portal\\\/#\\\/schema\\\/logo\\\/image\\\/\"},\"sameAs\":[\"https:\\\/\\\/www.facebook.com\\\/eldiario.bolivia\\\/\",\"https:\\\/\\\/x.com\\\/eldiario_net\"]},{\"@type\":\"Person\",\"@id\":\"https:\\\/\\\/www.eldiario.net\\\/portal\\\/#\\\/schema\\\/person\\\/2c57cf2b7a7ae032e449e4c9b1019eac\",\"name\":\"Jeanette\",\"image\":{\"@type\":\"ImageObject\",\"inLanguage\":\"es\",\"@id\":\"https:\\\/\\\/secure.gravatar.com\\\/avatar\\\/3ea2118a5f7dad2b7138b1187a6b7ee55f160b9968b66013c3a3ef39dd7e5798?s=96&d=mm&r=g\",\"url\":\"https:\\\/\\\/secure.gravatar.com\\\/avatar\\\/3ea2118a5f7dad2b7138b1187a6b7ee55f160b9968b66013c3a3ef39dd7e5798?s=96&d=mm&r=g\",\"contentUrl\":\"https:\\\/\\\/secure.gravatar.com\\\/avatar\\\/3ea2118a5f7dad2b7138b1187a6b7ee55f160b9968b66013c3a3ef39dd7e5798?s=96&d=mm&r=g\",\"caption\":\"Jeanette\"},\"sameAs\":[\"https:\\\/\\\/www.eldiario.net\\\/portal\"],\"url\":\"https:\\\/\\\/www.eldiario.net\\\/portal\\\/author\\\/jeanette\\\/\"}]}<\/script>\n<!-- \/ Yoast SEO plugin. -->","yoast_head_json":{"title":"Ocho partidos tienen personer\u00eda para participar en las elecciones - El Diario - Bolivia","robots":{"index":"index","follow":"follow","max-snippet":"max-snippet:-1","max-image-preview":"max-image-preview:large","max-video-preview":"max-video-preview:-1"},"canonical":"https:\/\/www.eldiario.net\/portal\/2024\/12\/05\/ocho-partidos-tienen-personeria-para-participar-en-las-elecciones\/","og_locale":"es_ES","og_type":"article","og_title":"Ocho partidos tienen personer\u00eda para participar en las elecciones - El Diario - Bolivia","og_description":"Ocho partidos pol\u00edticos en el pa\u00eds tienen su personer\u00eda jur\u00eddica asegurada para participar en las elecciones de agosto de 2025, mientras otros cuatro deben todav\u00eda realizar acciones para lograr ese reconocimiento hasta antes del 20 de diciembre pr\u00f3ximo. Los partidos con todos sus documentos en regla son: el MAS, FRI, MTS, Dem\u00f3cratas, UCS, UN, MNR [&hellip;]","og_url":"https:\/\/www.eldiario.net\/portal\/2024\/12\/05\/ocho-partidos-tienen-personeria-para-participar-en-las-elecciones\/","og_site_name":"El Diario - Bolivia","article_publisher":"https:\/\/www.facebook.com\/eldiario.bolivia\/","article_published_time":"2024-12-05T05:20:39+00:00","og_image":[{"width":720,"height":399,"url":"https:\/\/www.eldiario.net\/portal\/wp-content\/uploads\/2024\/12\/ELEC-FOTO.jpg","type":"image\/jpeg"}],"author":"Jeanette","twitter_card":"summary_large_image","twitter_creator":"@eldiario_net","twitter_site":"@eldiario_net","twitter_misc":{"Escrito por":"Jeanette","Tiempo de lectura":"2 minutos"},"schema":{"@context":"https:\/\/schema.org","@graph":[{"@type":"Article","@id":"https:\/\/www.eldiario.net\/portal\/2024\/12\/05\/ocho-partidos-tienen-personeria-para-participar-en-las-elecciones\/#article","isPartOf":{"@id":"https:\/\/www.eldiario.net\/portal\/2024\/12\/05\/ocho-partidos-tienen-personeria-para-participar-en-las-elecciones\/"},"author":{"name":"Jeanette","@id":"https:\/\/www.eldiario.net\/portal\/#\/schema\/person\/2c57cf2b7a7ae032e449e4c9b1019eac"},"headline":"Ocho partidos tienen personer\u00eda para participar en las elecciones","datePublished":"2024-12-05T05:20:39+00:00","mainEntityOfPage":{"@id":"https:\/\/www.eldiario.net\/portal\/2024\/12\/05\/ocho-partidos-tienen-personeria-para-participar-en-las-elecciones\/"},"wordCount":416,"publisher":{"@id":"https:\/\/www.eldiario.net\/portal\/#organization"},"image":{"@id":"https:\/\/www.eldiario.net\/portal\/2024\/12\/05\/ocho-partidos-tienen-personeria-para-participar-en-las-elecciones\/#primaryimage"},"thumbnailUrl":"https:\/\/www.eldiario.net\/portal\/wp-content\/uploads\/2024\/12\/ELEC-FOTO.jpg","articleSection":["Portada"],"inLanguage":"es"},{"@type":"WebPage","@id":"https:\/\/www.eldiario.net\/portal\/2024\/12\/05\/ocho-partidos-tienen-personeria-para-participar-en-las-elecciones\/","url":"https:\/\/www.eldiario.net\/portal\/2024\/12\/05\/ocho-partidos-tienen-personeria-para-participar-en-las-elecciones\/","name":"Ocho partidos tienen personer\u00eda para participar en las elecciones - El Diario - Bolivia","isPartOf":{"@id":"https:\/\/www.eldiario.net\/portal\/#website"},"primaryImageOfPage":{"@id":"https:\/\/www.eldiario.net\/portal\/2024\/12\/05\/ocho-partidos-tienen-personeria-para-participar-en-las-elecciones\/#primaryimage"},"image":{"@id":"https:\/\/www.eldiario.net\/portal\/2024\/12\/05\/ocho-partidos-tienen-personeria-para-participar-en-las-elecciones\/#primaryimage"},"thumbnailUrl":"https:\/\/www.eldiario.net\/portal\/wp-content\/uploads\/2024\/12\/ELEC-FOTO.jpg","datePublished":"2024-12-05T05:20:39+00:00","breadcrumb":{"@id":"https:\/\/www.eldiario.net\/portal\/2024\/12\/05\/ocho-partidos-tienen-personeria-para-participar-en-las-elecciones\/#breadcrumb"},"inLanguage":"es","potentialAction":[{"@type":"ReadAction","target":["https:\/\/www.eldiario.net\/portal\/2024\/12\/05\/ocho-partidos-tienen-personeria-para-participar-en-las-elecciones\/"]}]},{"@type":"ImageObject","inLanguage":"es","@id":"https:\/\/www.eldiario.net\/portal\/2024\/12\/05\/ocho-partidos-tienen-personeria-para-participar-en-las-elecciones\/#primaryimage","url":"https:\/\/www.eldiario.net\/portal\/wp-content\/uploads\/2024\/12\/ELEC-FOTO.jpg","contentUrl":"https:\/\/www.eldiario.net\/portal\/wp-content\/uploads\/2024\/12\/ELEC-FOTO.jpg","width":720,"height":399,"caption":"PARTIDOS POL\u00cdTICOS REGISTRADOS EN EL TSE. FOTO: BR\u00daJULA DIGITAL"},{"@type":"BreadcrumbList","@id":"https:\/\/www.eldiario.net\/portal\/2024\/12\/05\/ocho-partidos-tienen-personeria-para-participar-en-las-elecciones\/#breadcrumb","itemListElement":[{"@type":"ListItem","position":1,"name":"Portada","item":"https:\/\/www.eldiario.net\/portal\/"},{"@type":"ListItem","position":2,"name":"Ocho partidos tienen personer\u00eda para participar en las elecciones"}]},{"@type":"WebSite","@id":"https:\/\/www.eldiario.net\/portal\/#website","url":"https:\/\/www.eldiario.net\/portal\/","name":"El Diario - Decano de la prensa nacional","description":"El Diario - Decano de la prensa nacional","publisher":{"@id":"https:\/\/www.eldiario.net\/portal\/#organization"},"potentialAction":[{"@type":"SearchAction","target":{"@type":"EntryPoint","urlTemplate":"https:\/\/www.eldiario.net\/portal\/?s={search_term_string}"},"query-input":{"@type":"PropertyValueSpecification","valueRequired":true,"valueName":"search_term_string"}}],"inLanguage":"es"},{"@type":"Organization","@id":"https:\/\/www.eldiario.net\/portal\/#organization","name":"El Diario - Decano de la prensa nacional","url":"https:\/\/www.eldiario.net\/portal\/","logo":{"@type":"ImageObject","inLanguage":"es","@id":"https:\/\/www.eldiario.net\/portal\/#\/schema\/logo\/image\/","url":"https:\/\/www.eldiario.net\/portal\/wp-content\/uploads\/2023\/07\/logo_ED.jpg","contentUrl":"https:\/\/www.eldiario.net\/portal\/wp-content\/uploads\/2023\/07\/logo_ED.jpg","width":272,"height":52,"caption":"El Diario - Decano de la prensa nacional"},"image":{"@id":"https:\/\/www.eldiario.net\/portal\/#\/schema\/logo\/image\/"},"sameAs":["https:\/\/www.facebook.com\/eldiario.bolivia\/","https:\/\/x.com\/eldiario_net"]},{"@type":"Person","@id":"https:\/\/www.eldiario.net\/portal\/#\/schema\/person\/2c57cf2b7a7ae032e449e4c9b1019eac","name":"Jeanette","image":{"@type":"ImageObject","inLanguage":"es","@id":"https:\/\/secure.gravatar.com\/avatar\/3ea2118a5f7dad2b7138b1187a6b7ee55f160b9968b66013c3a3ef39dd7e5798?s=96&d=mm&r=g","url":"https:\/\/secure.gravatar.com\/avatar\/3ea2118a5f7dad2b7138b1187a6b7ee55f160b9968b66013c3a3ef39dd7e5798?s=96&d=mm&r=g","contentUrl":"https:\/\/secure.gravatar.com\/avatar\/3ea2118a5f7dad2b7138b1187a6b7ee55f160b9968b66013c3a3ef39dd7e5798?s=96&d=mm&r=g","caption":"Jeanette"},"sameAs":["https:\/\/www.eldiario.net\/portal"],"url":"https:\/\/www.eldiario.net\/portal\/author\/jeanette\/"}]}},"_links":{"self":[{"href":"https:\/\/www.eldiario.net\/portal\/wp-json\/wp\/v2\/posts\/265884","targetHints":{"allow":["GET"]}}],"collection":[{"href":"https:\/\/www.eldiario.net\/portal\/wp-json\/wp\/v2\/posts"}],"about":[{"href":"https:\/\/www.eldiario.net\/portal\/wp-json\/wp\/v2\/types\/post"}],"author":[{"embeddable":true,"href":"https:\/\/www.eldiario.net\/portal\/wp-json\/wp\/v2\/users\/1"}],"replies":[{"embeddable":true,"href":"https:\/\/www.eldiario.net\/portal\/wp-json\/wp\/v2\/comments?post=265884"}],"version-history":[{"count":1,"href":"https:\/\/www.eldiario.net\/portal\/wp-json\/wp\/v2\/posts\/265884\/revisions"}],"predecessor-version":[{"id":265886,"href":"https:\/\/www.eldiario.net\/portal\/wp-json\/wp\/v2\/posts\/265884\/revisions\/265886"}],"wp:featuredmedia":[{"embeddable":true,"href":"https:\/\/www.eldiario.net\/portal\/wp-json\/wp\/v2\/media\/265885"}],"wp:attachment":[{"href":"https:\/\/www.eldiario.net\/portal\/wp-json\/wp\/v2\/media?parent=265884"}],"wp:term":[{"taxonomy":"category","embeddable":true,"href":"https:\/\/www.eldiario.net\/portal\/wp-json\/wp\/v2\/categories?post=265884"},{"taxonomy":"post_tag","embeddable":true,"href":"https:\/\/www.eldiario.net\/portal\/wp-json\/wp\/v2\/tags?post=265884"}],"curies":[{"name":"wp","href":"https:\/\/api.w.org\/{rel}","templated":true}]}}