{"id":265295,"date":"2024-12-03T05:59:54","date_gmt":"2024-12-03T09:59:54","guid":{"rendered":"https:\/\/www.eldiario.net\/portal\/?p=265295"},"modified":"2024-12-03T05:59:54","modified_gmt":"2024-12-03T09:59:54","slug":"amenazan-a-radio-fmbolivia-y-reportero-por-denunciar-fraude-en-eleccion-cocalera","status":"publish","type":"post","link":"https:\/\/www.eldiario.net\/portal\/2024\/12\/03\/amenazan-a-radio-fmbolivia-y-reportero-por-denunciar-fraude-en-eleccion-cocalera\/","title":{"rendered":"Amenazan a radio FmBolivia y reportero por denunciar fraude en elecci\u00f3n cocalera"},"content":{"rendered":"<p>La radio FmBolivia de la poblaci\u00f3n yungue\u00f1a de Chulumani y su reportero, Franklin Guzm\u00e1n, fueron amenazados por desconocidos tras la difusi\u00f3n de denuncias sobre elecciones fraudulentas en la organizaci\u00f3n regional de productores de hojas de coca, inform\u00f3 el director del medio, Galo Hubner.<\/p>\n<p>\u201cCualquier acto de vandalismo vamos a subir a tu radio a saquear. Sabes eso, \u00bfno ve?\u201d, se\u00f1ala una de las amenazas enviadas desde el n\u00famero telef\u00f3nico 591-77269942 identificado con el nombre de \u201cMaickol\u201d, seg\u00fan el informe de Hubner a la Unidad de Monitoreo de los diarios representados por la Asociaci\u00f3n Nacional de la Prensa (ANP).<\/p>\n<p>El 15 de noviembre pasado, la radio FmBolivia, que transmite solamente por redes sociales tras su silenciamiento en la frecuencia modulada, el pasado 12 de abril advirti\u00f3 que en las elecciones de la regional de Chulumani participaron votantes que no pertenecen a la zona.<\/p>\n<p>Solo 16 de 5.000 socios emitieron sus votos y un sector favorecido por la escasa votaci\u00f3n termin\u00f3 se\u00f1alando al director de FmBolivia como responsable de la interrupci\u00f3n del proceso electoral.<\/p>\n<p>Tras observaciones a las elecciones del 15 de noviembre, los socios productores de hojas de coca de la regional Chulumani realizaron una nueva votaci\u00f3n el viernes 29 de noviembre.<\/p>\n<p>Los elegidos de 17 regionales de los Yungas de La Paz participar\u00e1n en las elecciones de la Asociaci\u00f3n Departamental de Productores de Coca (Adepcoca), el pr\u00f3ximo 9 de diciembre para reemplazar al directorio que presidi\u00f3 Lizette Torrez, a quien obligaron a renunciar el 13 de octubre.<\/p>\n<p>Torrez solo presidi\u00f3 la organizaci\u00f3n durante nueve meses y no concluy\u00f3 la gesti\u00f3n de dos a\u00f1os por la permanente inestabilidad en la organizaci\u00f3n, donde los seguidores del gobierno y del expresidente, Evo Morales, se disputan el poder sindical. (ANP)<\/p>\n","protected":false},"excerpt":{"rendered":"<p>La radio FmBolivia de la poblaci\u00f3n yungue\u00f1a de Chulumani y su reportero, Franklin Guzm\u00e1n, fueron amenazados por desconocidos tras la difusi\u00f3n de denuncias sobre elecciones fraudulentas en la organizaci\u00f3n regional de productores de hojas de coca, inform\u00f3 el director del medio, Galo Hubner. \u201cCualquier acto de vandalismo vamos a subir a tu radio a saquear. [&hellip;]<\/p>\n","protected":false},"author":1,"featured_media":265296,"comment_status":"closed","ping_status":"open","sticky":false,"template":"","format":"standard","meta":{"_acf_changed":false,"footnotes":""},"categories":[39],"tags":[],"class_list":["post-265295","post","type-post","status-publish","format-standard","has-post-thumbnail","category-sociedad"],"acf":{"antetitulo":""},"yoast_head":"<!-- This site is optimized with the Yoast SEO plugin v28.4 - https:\/\/yoast.com\/product\/yoast-seo-wordpress\/ -->\n<title>Amenazan a radio FmBolivia y reportero por denunciar fraude en elecci\u00f3n cocalera - El Diario - Bolivia<\/title>\n<meta name=\"robots\" content=\"index, follow, max-snippet:-1, max-image-preview:large, max-video-preview:-1\" \/>\n<link rel=\"canonical\" href=\"https:\/\/www.eldiario.net\/portal\/2024\/12\/03\/amenazan-a-radio-fmbolivia-y-reportero-por-denunciar-fraude-en-eleccion-cocalera\/\" \/>\n<meta property=\"og:locale\" content=\"es_ES\" \/>\n<meta property=\"og:type\" content=\"article\" \/>\n<meta property=\"og:title\" content=\"Amenazan a radio FmBolivia y reportero por denunciar fraude en elecci\u00f3n cocalera - El Diario - Bolivia\" \/>\n<meta property=\"og:description\" content=\"La radio FmBolivia de la poblaci\u00f3n yungue\u00f1a de Chulumani y su reportero, Franklin Guzm\u00e1n, fueron amenazados por desconocidos tras la difusi\u00f3n de denuncias sobre elecciones fraudulentas en la organizaci\u00f3n regional de productores de hojas de coca, inform\u00f3 el director del medio, Galo Hubner. \u201cCualquier acto de vandalismo vamos a subir a tu radio a saquear. [&hellip;]\" \/>\n<meta property=\"og:url\" content=\"https:\/\/www.eldiario.net\/portal\/2024\/12\/03\/amenazan-a-radio-fmbolivia-y-reportero-por-denunciar-fraude-en-eleccion-cocalera\/\" \/>\n<meta property=\"og:site_name\" content=\"El Diario - Bolivia\" \/>\n<meta property=\"article:publisher\" content=\"https:\/\/www.facebook.com\/eldiario.bolivia\/\" \/>\n<meta property=\"article:published_time\" content=\"2024-12-03T09:59:54+00:00\" \/>\n<meta property=\"og:image\" content=\"https:\/\/www.eldiario.net\/portal\/wp-content\/uploads\/2024\/12\/ANP-FOTO.jpg\" \/>\n\t<meta property=\"og:image:width\" content=\"1420\" \/>\n\t<meta property=\"og:image:height\" content=\"899\" \/>\n\t<meta property=\"og:image:type\" content=\"image\/jpeg\" \/>\n<meta name=\"author\" content=\"Jeanette\" \/>\n<meta name=\"twitter:card\" content=\"summary_large_image\" \/>\n<meta name=\"twitter:creator\" content=\"@eldiario_net\" \/>\n<meta name=\"twitter:site\" content=\"@eldiario_net\" \/>\n<meta name=\"twitter:label1\" content=\"Escrito por\" \/>\n\t<meta name=\"twitter:data1\" content=\"Jeanette\" \/>\n\t<meta name=\"twitter:label2\" content=\"Tiempo de lectura\" \/>\n\t<meta name=\"twitter:data2\" content=\"2 minutos\" \/>\n<script type=\"application\/ld+json\" class=\"yoast-schema-graph\">{\"@context\":\"https:\\\/\\\/schema.org\",\"@graph\":[{\"@type\":\"Article\",\"@id\":\"https:\\\/\\\/www.eldiario.net\\\/portal\\\/2024\\\/12\\\/03\\\/amenazan-a-radio-fmbolivia-y-reportero-por-denunciar-fraude-en-eleccion-cocalera\\\/#article\",\"isPartOf\":{\"@id\":\"https:\\\/\\\/www.eldiario.net\\\/portal\\\/2024\\\/12\\\/03\\\/amenazan-a-radio-fmbolivia-y-reportero-por-denunciar-fraude-en-eleccion-cocalera\\\/\"},\"author\":{\"name\":\"Jeanette\",\"@id\":\"https:\\\/\\\/www.eldiario.net\\\/portal\\\/#\\\/schema\\\/person\\\/f46445640444750d7d753ccd04ae01b7\"},\"headline\":\"Amenazan a radio FmBolivia y reportero por denunciar fraude en elecci\u00f3n cocalera\",\"datePublished\":\"2024-12-03T09:59:54+00:00\",\"mainEntityOfPage\":{\"@id\":\"https:\\\/\\\/www.eldiario.net\\\/portal\\\/2024\\\/12\\\/03\\\/amenazan-a-radio-fmbolivia-y-reportero-por-denunciar-fraude-en-eleccion-cocalera\\\/\"},\"wordCount\":311,\"publisher\":{\"@id\":\"https:\\\/\\\/www.eldiario.net\\\/portal\\\/#organization\"},\"image\":{\"@id\":\"https:\\\/\\\/www.eldiario.net\\\/portal\\\/2024\\\/12\\\/03\\\/amenazan-a-radio-fmbolivia-y-reportero-por-denunciar-fraude-en-eleccion-cocalera\\\/#primaryimage\"},\"thumbnailUrl\":\"https:\\\/\\\/www.eldiario.net\\\/portal\\\/wp-content\\\/uploads\\\/2024\\\/12\\\/ANP-FOTO.jpg\",\"articleSection\":[\"Sociedad - Seguridad\"],\"inLanguage\":\"es\"},{\"@type\":\"WebPage\",\"@id\":\"https:\\\/\\\/www.eldiario.net\\\/portal\\\/2024\\\/12\\\/03\\\/amenazan-a-radio-fmbolivia-y-reportero-por-denunciar-fraude-en-eleccion-cocalera\\\/\",\"url\":\"https:\\\/\\\/www.eldiario.net\\\/portal\\\/2024\\\/12\\\/03\\\/amenazan-a-radio-fmbolivia-y-reportero-por-denunciar-fraude-en-eleccion-cocalera\\\/\",\"name\":\"Amenazan a radio FmBolivia y reportero por denunciar fraude en elecci\u00f3n cocalera - El Diario - Bolivia\",\"isPartOf\":{\"@id\":\"https:\\\/\\\/www.eldiario.net\\\/portal\\\/#website\"},\"primaryImageOfPage\":{\"@id\":\"https:\\\/\\\/www.eldiario.net\\\/portal\\\/2024\\\/12\\\/03\\\/amenazan-a-radio-fmbolivia-y-reportero-por-denunciar-fraude-en-eleccion-cocalera\\\/#primaryimage\"},\"image\":{\"@id\":\"https:\\\/\\\/www.eldiario.net\\\/portal\\\/2024\\\/12\\\/03\\\/amenazan-a-radio-fmbolivia-y-reportero-por-denunciar-fraude-en-eleccion-cocalera\\\/#primaryimage\"},\"thumbnailUrl\":\"https:\\\/\\\/www.eldiario.net\\\/portal\\\/wp-content\\\/uploads\\\/2024\\\/12\\\/ANP-FOTO.jpg\",\"datePublished\":\"2024-12-03T09:59:54+00:00\",\"breadcrumb\":{\"@id\":\"https:\\\/\\\/www.eldiario.net\\\/portal\\\/2024\\\/12\\\/03\\\/amenazan-a-radio-fmbolivia-y-reportero-por-denunciar-fraude-en-eleccion-cocalera\\\/#breadcrumb\"},\"inLanguage\":\"es\",\"potentialAction\":[{\"@type\":\"ReadAction\",\"target\":[\"https:\\\/\\\/www.eldiario.net\\\/portal\\\/2024\\\/12\\\/03\\\/amenazan-a-radio-fmbolivia-y-reportero-por-denunciar-fraude-en-eleccion-cocalera\\\/\"]}]},{\"@type\":\"ImageObject\",\"inLanguage\":\"es\",\"@id\":\"https:\\\/\\\/www.eldiario.net\\\/portal\\\/2024\\\/12\\\/03\\\/amenazan-a-radio-fmbolivia-y-reportero-por-denunciar-fraude-en-eleccion-cocalera\\\/#primaryimage\",\"url\":\"https:\\\/\\\/www.eldiario.net\\\/portal\\\/wp-content\\\/uploads\\\/2024\\\/12\\\/ANP-FOTO.jpg\",\"contentUrl\":\"https:\\\/\\\/www.eldiario.net\\\/portal\\\/wp-content\\\/uploads\\\/2024\\\/12\\\/ANP-FOTO.jpg\",\"width\":1420,\"height\":899,\"caption\":\"Estudios de FmBolivia en Chulumani, en Yungas. Cr\u00e9dito: FmBolivia\"},{\"@type\":\"BreadcrumbList\",\"@id\":\"https:\\\/\\\/www.eldiario.net\\\/portal\\\/2024\\\/12\\\/03\\\/amenazan-a-radio-fmbolivia-y-reportero-por-denunciar-fraude-en-eleccion-cocalera\\\/#breadcrumb\",\"itemListElement\":[{\"@type\":\"ListItem\",\"position\":1,\"name\":\"Portada\",\"item\":\"https:\\\/\\\/www.eldiario.net\\\/portal\\\/\"},{\"@type\":\"ListItem\",\"position\":2,\"name\":\"Amenazan a radio FmBolivia y reportero por denunciar fraude en elecci\u00f3n cocalera\"}]},{\"@type\":\"WebSite\",\"@id\":\"https:\\\/\\\/www.eldiario.net\\\/portal\\\/#website\",\"url\":\"https:\\\/\\\/www.eldiario.net\\\/portal\\\/\",\"name\":\"El Diario - Decano de la prensa nacional\",\"description\":\"El Diario - Decano de la prensa nacional\",\"publisher\":{\"@id\":\"https:\\\/\\\/www.eldiario.net\\\/portal\\\/#organization\"},\"potentialAction\":[{\"@type\":\"SearchAction\",\"target\":{\"@type\":\"EntryPoint\",\"urlTemplate\":\"https:\\\/\\\/www.eldiario.net\\\/portal\\\/?s={search_term_string}\"},\"query-input\":{\"@type\":\"PropertyValueSpecification\",\"valueRequired\":true,\"valueName\":\"search_term_string\"}}],\"inLanguage\":\"es\"},{\"@type\":\"Organization\",\"@id\":\"https:\\\/\\\/www.eldiario.net\\\/portal\\\/#organization\",\"name\":\"El Diario - Decano de la prensa nacional\",\"url\":\"https:\\\/\\\/www.eldiario.net\\\/portal\\\/\",\"logo\":{\"@type\":\"ImageObject\",\"inLanguage\":\"es\",\"@id\":\"https:\\\/\\\/www.eldiario.net\\\/portal\\\/#\\\/schema\\\/logo\\\/image\\\/\",\"url\":\"https:\\\/\\\/www.eldiario.net\\\/portal\\\/wp-content\\\/uploads\\\/2023\\\/07\\\/logo_ED.jpg\",\"contentUrl\":\"https:\\\/\\\/www.eldiario.net\\\/portal\\\/wp-content\\\/uploads\\\/2023\\\/07\\\/logo_ED.jpg\",\"width\":272,\"height\":52,\"caption\":\"El Diario - Decano de la prensa nacional\"},\"image\":{\"@id\":\"https:\\\/\\\/www.eldiario.net\\\/portal\\\/#\\\/schema\\\/logo\\\/image\\\/\"},\"sameAs\":[\"https:\\\/\\\/www.facebook.com\\\/eldiario.bolivia\\\/\",\"https:\\\/\\\/x.com\\\/eldiario_net\"]},{\"@type\":\"Person\",\"@id\":\"https:\\\/\\\/www.eldiario.net\\\/portal\\\/#\\\/schema\\\/person\\\/f46445640444750d7d753ccd04ae01b7\",\"name\":\"Jeanette\",\"image\":{\"@type\":\"ImageObject\",\"inLanguage\":\"es\",\"@id\":\"https:\\\/\\\/secure.gravatar.com\\\/avatar\\\/3ea2118a5f7dad2b7138b1187a6b7ee55f160b9968b66013c3a3ef39dd7e5798?s=96&d=mm&r=g\",\"url\":\"https:\\\/\\\/secure.gravatar.com\\\/avatar\\\/3ea2118a5f7dad2b7138b1187a6b7ee55f160b9968b66013c3a3ef39dd7e5798?s=96&d=mm&r=g\",\"contentUrl\":\"https:\\\/\\\/secure.gravatar.com\\\/avatar\\\/3ea2118a5f7dad2b7138b1187a6b7ee55f160b9968b66013c3a3ef39dd7e5798?s=96&d=mm&r=g\",\"caption\":\"Jeanette\"},\"sameAs\":[\"https:\\\/\\\/www.eldiario.net\\\/portal\"],\"url\":\"https:\\\/\\\/www.eldiario.net\\\/portal\\\/author\\\/jeanette\\\/\"}]}<\/script>\n<!-- \/ Yoast SEO plugin. -->","yoast_head_json":{"title":"Amenazan a radio FmBolivia y reportero por denunciar fraude en elecci\u00f3n cocalera - El Diario - Bolivia","robots":{"index":"index","follow":"follow","max-snippet":"max-snippet:-1","max-image-preview":"max-image-preview:large","max-video-preview":"max-video-preview:-1"},"canonical":"https:\/\/www.eldiario.net\/portal\/2024\/12\/03\/amenazan-a-radio-fmbolivia-y-reportero-por-denunciar-fraude-en-eleccion-cocalera\/","og_locale":"es_ES","og_type":"article","og_title":"Amenazan a radio FmBolivia y reportero por denunciar fraude en elecci\u00f3n cocalera - El Diario - Bolivia","og_description":"La radio FmBolivia de la poblaci\u00f3n yungue\u00f1a de Chulumani y su reportero, Franklin Guzm\u00e1n, fueron amenazados por desconocidos tras la difusi\u00f3n de denuncias sobre elecciones fraudulentas en la organizaci\u00f3n regional de productores de hojas de coca, inform\u00f3 el director del medio, Galo Hubner. \u201cCualquier acto de vandalismo vamos a subir a tu radio a saquear. [&hellip;]","og_url":"https:\/\/www.eldiario.net\/portal\/2024\/12\/03\/amenazan-a-radio-fmbolivia-y-reportero-por-denunciar-fraude-en-eleccion-cocalera\/","og_site_name":"El Diario - Bolivia","article_publisher":"https:\/\/www.facebook.com\/eldiario.bolivia\/","article_published_time":"2024-12-03T09:59:54+00:00","og_image":[{"width":1420,"height":899,"url":"https:\/\/www.eldiario.net\/portal\/wp-content\/uploads\/2024\/12\/ANP-FOTO.jpg","type":"image\/jpeg"}],"author":"Jeanette","twitter_card":"summary_large_image","twitter_creator":"@eldiario_net","twitter_site":"@eldiario_net","twitter_misc":{"Escrito por":"Jeanette","Tiempo de lectura":"2 minutos"},"schema":{"@context":"https:\/\/schema.org","@graph":[{"@type":"Article","@id":"https:\/\/www.eldiario.net\/portal\/2024\/12\/03\/amenazan-a-radio-fmbolivia-y-reportero-por-denunciar-fraude-en-eleccion-cocalera\/#article","isPartOf":{"@id":"https:\/\/www.eldiario.net\/portal\/2024\/12\/03\/amenazan-a-radio-fmbolivia-y-reportero-por-denunciar-fraude-en-eleccion-cocalera\/"},"author":{"name":"Jeanette","@id":"https:\/\/www.eldiario.net\/portal\/#\/schema\/person\/f46445640444750d7d753ccd04ae01b7"},"headline":"Amenazan a radio FmBolivia y reportero por denunciar fraude en elecci\u00f3n cocalera","datePublished":"2024-12-03T09:59:54+00:00","mainEntityOfPage":{"@id":"https:\/\/www.eldiario.net\/portal\/2024\/12\/03\/amenazan-a-radio-fmbolivia-y-reportero-por-denunciar-fraude-en-eleccion-cocalera\/"},"wordCount":311,"publisher":{"@id":"https:\/\/www.eldiario.net\/portal\/#organization"},"image":{"@id":"https:\/\/www.eldiario.net\/portal\/2024\/12\/03\/amenazan-a-radio-fmbolivia-y-reportero-por-denunciar-fraude-en-eleccion-cocalera\/#primaryimage"},"thumbnailUrl":"https:\/\/www.eldiario.net\/portal\/wp-content\/uploads\/2024\/12\/ANP-FOTO.jpg","articleSection":["Sociedad - Seguridad"],"inLanguage":"es"},{"@type":"WebPage","@id":"https:\/\/www.eldiario.net\/portal\/2024\/12\/03\/amenazan-a-radio-fmbolivia-y-reportero-por-denunciar-fraude-en-eleccion-cocalera\/","url":"https:\/\/www.eldiario.net\/portal\/2024\/12\/03\/amenazan-a-radio-fmbolivia-y-reportero-por-denunciar-fraude-en-eleccion-cocalera\/","name":"Amenazan a radio FmBolivia y reportero por denunciar fraude en elecci\u00f3n cocalera - El Diario - Bolivia","isPartOf":{"@id":"https:\/\/www.eldiario.net\/portal\/#website"},"primaryImageOfPage":{"@id":"https:\/\/www.eldiario.net\/portal\/2024\/12\/03\/amenazan-a-radio-fmbolivia-y-reportero-por-denunciar-fraude-en-eleccion-cocalera\/#primaryimage"},"image":{"@id":"https:\/\/www.eldiario.net\/portal\/2024\/12\/03\/amenazan-a-radio-fmbolivia-y-reportero-por-denunciar-fraude-en-eleccion-cocalera\/#primaryimage"},"thumbnailUrl":"https:\/\/www.eldiario.net\/portal\/wp-content\/uploads\/2024\/12\/ANP-FOTO.jpg","datePublished":"2024-12-03T09:59:54+00:00","breadcrumb":{"@id":"https:\/\/www.eldiario.net\/portal\/2024\/12\/03\/amenazan-a-radio-fmbolivia-y-reportero-por-denunciar-fraude-en-eleccion-cocalera\/#breadcrumb"},"inLanguage":"es","potentialAction":[{"@type":"ReadAction","target":["https:\/\/www.eldiario.net\/portal\/2024\/12\/03\/amenazan-a-radio-fmbolivia-y-reportero-por-denunciar-fraude-en-eleccion-cocalera\/"]}]},{"@type":"ImageObject","inLanguage":"es","@id":"https:\/\/www.eldiario.net\/portal\/2024\/12\/03\/amenazan-a-radio-fmbolivia-y-reportero-por-denunciar-fraude-en-eleccion-cocalera\/#primaryimage","url":"https:\/\/www.eldiario.net\/portal\/wp-content\/uploads\/2024\/12\/ANP-FOTO.jpg","contentUrl":"https:\/\/www.eldiario.net\/portal\/wp-content\/uploads\/2024\/12\/ANP-FOTO.jpg","width":1420,"height":899,"caption":"Estudios de FmBolivia en Chulumani, en Yungas. Cr\u00e9dito: FmBolivia"},{"@type":"BreadcrumbList","@id":"https:\/\/www.eldiario.net\/portal\/2024\/12\/03\/amenazan-a-radio-fmbolivia-y-reportero-por-denunciar-fraude-en-eleccion-cocalera\/#breadcrumb","itemListElement":[{"@type":"ListItem","position":1,"name":"Portada","item":"https:\/\/www.eldiario.net\/portal\/"},{"@type":"ListItem","position":2,"name":"Amenazan a radio FmBolivia y reportero por denunciar fraude en elecci\u00f3n cocalera"}]},{"@type":"WebSite","@id":"https:\/\/www.eldiario.net\/portal\/#website","url":"https:\/\/www.eldiario.net\/portal\/","name":"El Diario - Decano de la prensa nacional","description":"El Diario - Decano de la prensa nacional","publisher":{"@id":"https:\/\/www.eldiario.net\/portal\/#organization"},"potentialAction":[{"@type":"SearchAction","target":{"@type":"EntryPoint","urlTemplate":"https:\/\/www.eldiario.net\/portal\/?s={search_term_string}"},"query-input":{"@type":"PropertyValueSpecification","valueRequired":true,"valueName":"search_term_string"}}],"inLanguage":"es"},{"@type":"Organization","@id":"https:\/\/www.eldiario.net\/portal\/#organization","name":"El Diario - Decano de la prensa nacional","url":"https:\/\/www.eldiario.net\/portal\/","logo":{"@type":"ImageObject","inLanguage":"es","@id":"https:\/\/www.eldiario.net\/portal\/#\/schema\/logo\/image\/","url":"https:\/\/www.eldiario.net\/portal\/wp-content\/uploads\/2023\/07\/logo_ED.jpg","contentUrl":"https:\/\/www.eldiario.net\/portal\/wp-content\/uploads\/2023\/07\/logo_ED.jpg","width":272,"height":52,"caption":"El Diario - Decano de la prensa nacional"},"image":{"@id":"https:\/\/www.eldiario.net\/portal\/#\/schema\/logo\/image\/"},"sameAs":["https:\/\/www.facebook.com\/eldiario.bolivia\/","https:\/\/x.com\/eldiario_net"]},{"@type":"Person","@id":"https:\/\/www.eldiario.net\/portal\/#\/schema\/person\/f46445640444750d7d753ccd04ae01b7","name":"Jeanette","image":{"@type":"ImageObject","inLanguage":"es","@id":"https:\/\/secure.gravatar.com\/avatar\/3ea2118a5f7dad2b7138b1187a6b7ee55f160b9968b66013c3a3ef39dd7e5798?s=96&d=mm&r=g","url":"https:\/\/secure.gravatar.com\/avatar\/3ea2118a5f7dad2b7138b1187a6b7ee55f160b9968b66013c3a3ef39dd7e5798?s=96&d=mm&r=g","contentUrl":"https:\/\/secure.gravatar.com\/avatar\/3ea2118a5f7dad2b7138b1187a6b7ee55f160b9968b66013c3a3ef39dd7e5798?s=96&d=mm&r=g","caption":"Jeanette"},"sameAs":["https:\/\/www.eldiario.net\/portal"],"url":"https:\/\/www.eldiario.net\/portal\/author\/jeanette\/"}]}},"_links":{"self":[{"href":"https:\/\/www.eldiario.net\/portal\/wp-json\/wp\/v2\/posts\/265295","targetHints":{"allow":["GET"]}}],"collection":[{"href":"https:\/\/www.eldiario.net\/portal\/wp-json\/wp\/v2\/posts"}],"about":[{"href":"https:\/\/www.eldiario.net\/portal\/wp-json\/wp\/v2\/types\/post"}],"author":[{"embeddable":true,"href":"https:\/\/www.eldiario.net\/portal\/wp-json\/wp\/v2\/users\/1"}],"replies":[{"embeddable":true,"href":"https:\/\/www.eldiario.net\/portal\/wp-json\/wp\/v2\/comments?post=265295"}],"version-history":[{"count":1,"href":"https:\/\/www.eldiario.net\/portal\/wp-json\/wp\/v2\/posts\/265295\/revisions"}],"predecessor-version":[{"id":265297,"href":"https:\/\/www.eldiario.net\/portal\/wp-json\/wp\/v2\/posts\/265295\/revisions\/265297"}],"wp:featuredmedia":[{"embeddable":true,"href":"https:\/\/www.eldiario.net\/portal\/wp-json\/wp\/v2\/media\/265296"}],"wp:attachment":[{"href":"https:\/\/www.eldiario.net\/portal\/wp-json\/wp\/v2\/media?parent=265295"}],"wp:term":[{"taxonomy":"category","embeddable":true,"href":"https:\/\/www.eldiario.net\/portal\/wp-json\/wp\/v2\/categories?post=265295"},{"taxonomy":"post_tag","embeddable":true,"href":"https:\/\/www.eldiario.net\/portal\/wp-json\/wp\/v2\/tags?post=265295"}],"curies":[{"name":"wp","href":"https:\/\/api.w.org\/{rel}","templated":true}]}}