{"id":265289,"date":"2024-12-03T05:58:45","date_gmt":"2024-12-03T09:58:45","guid":{"rendered":"https:\/\/www.eldiario.net\/portal\/?p=265289"},"modified":"2024-12-03T05:58:45","modified_gmt":"2024-12-03T09:58:45","slug":"dictan-carcel-al-joven-conductor-estaba-bajo-influencia-del-alcohol","status":"publish","type":"post","link":"https:\/\/www.eldiario.net\/portal\/2024\/12\/03\/dictan-carcel-al-joven-conductor-estaba-bajo-influencia-del-alcohol\/","title":{"rendered":"Dictan c\u00e1rcel al joven conductor, estaba bajo influencia del alcohol"},"content":{"rendered":"<p>Luego de protagonizar un hecho de tr\u00e1nsito que cobr\u00f3 la vida de tres de sus amigos, un joven de 18 a\u00f1os en Potos\u00ed debe cumplir detenci\u00f3n preventiva en la c\u00e1rcel de Cantumarca tras determinarse que se encontraba bajo influencia del alcohol durante el tr\u00e1gico incidente.<\/p>\n<p>El tr\u00e1gico hecho se registr\u00f3 el s\u00e1bado 30 de noviembre, cuando un veh\u00edculo que llevaba a un grupo de amigos de seis j\u00f3venes se embarranc\u00f3 y hundi\u00f3 en la laguna San Ildefonso de la ciudad de Potos\u00ed. El veh\u00edculo se hundi\u00f3 en las g\u00e9lidas aguas, de las cuales tres de los ocupantes lograron salir y sobrevivir, mientras que otros tres amigos, de 21, 17 y 18 a\u00f1os, murieron ahogados.<\/p>\n<p>El conductor, identificado como Alejandro I. M. de 18 a\u00f1os de edad, fue aprehendido y sometido a la prueba pericial, donde se estableci\u00f3 que se encontraba bajo influencia del alcohol, inform\u00f3 el fiscal departamental, Erick Aparicio. Alejando fue imputado por el delito de homicidio en accidente de tr\u00e1nsito con agravante.<\/p>\n<p>La juez del caso determin\u00f3 que el joven cumpla la detenci\u00f3n preventiva por cuatro meses, mientras se completan las investigaciones, reflej\u00f3 Erbol. Las investigaciones preliminares ya se\u00f1alaban que los j\u00f3venes volv\u00edan de consumir bebidas alcoh\u00f3licas antes de sufrir el accidente.<\/p>\n<p>Aparicio indic\u00f3 que en los pr\u00f3ximos d\u00edas culminar\u00e1 la investigaci\u00f3n, donde luego se presentar\u00e1 una acusaci\u00f3n formal que dar\u00eda paso a un juicio en contra del joven sindicado. (EL DIARIO y Erbol)<\/p>\n","protected":false},"excerpt":{"rendered":"<p>Luego de protagonizar un hecho de tr\u00e1nsito que cobr\u00f3 la vida de tres de sus amigos, un joven de 18 a\u00f1os en Potos\u00ed debe cumplir detenci\u00f3n preventiva en la c\u00e1rcel de Cantumarca tras determinarse que se encontraba bajo influencia del alcohol durante el tr\u00e1gico incidente. El tr\u00e1gico hecho se registr\u00f3 el s\u00e1bado 30 de noviembre, [&hellip;]<\/p>\n","protected":false},"author":1,"featured_media":265290,"comment_status":"closed","ping_status":"open","sticky":false,"template":"","format":"standard","meta":{"_acf_changed":false,"footnotes":""},"categories":[39],"tags":[],"class_list":["post-265289","post","type-post","status-publish","format-standard","has-post-thumbnail","category-sociedad"],"acf":{"antetitulo":"Caso laguna San Ildefonso"},"yoast_head":"<!-- This site is optimized with the Yoast SEO plugin v28.3 - https:\/\/yoast.com\/product\/yoast-seo-wordpress\/ -->\n<title>Dictan c\u00e1rcel al joven conductor, estaba bajo influencia del alcohol - El Diario - Bolivia<\/title>\n<meta name=\"robots\" content=\"index, follow, max-snippet:-1, max-image-preview:large, max-video-preview:-1\" \/>\n<link rel=\"canonical\" href=\"https:\/\/www.eldiario.net\/portal\/2024\/12\/03\/dictan-carcel-al-joven-conductor-estaba-bajo-influencia-del-alcohol\/\" \/>\n<meta property=\"og:locale\" content=\"es_ES\" \/>\n<meta property=\"og:type\" content=\"article\" \/>\n<meta property=\"og:title\" content=\"Dictan c\u00e1rcel al joven conductor, estaba bajo influencia del alcohol - El Diario - Bolivia\" \/>\n<meta property=\"og:description\" content=\"Luego de protagonizar un hecho de tr\u00e1nsito que cobr\u00f3 la vida de tres de sus amigos, un joven de 18 a\u00f1os en Potos\u00ed debe cumplir detenci\u00f3n preventiva en la c\u00e1rcel de Cantumarca tras determinarse que se encontraba bajo influencia del alcohol durante el tr\u00e1gico incidente. El tr\u00e1gico hecho se registr\u00f3 el s\u00e1bado 30 de noviembre, [&hellip;]\" \/>\n<meta property=\"og:url\" content=\"https:\/\/www.eldiario.net\/portal\/2024\/12\/03\/dictan-carcel-al-joven-conductor-estaba-bajo-influencia-del-alcohol\/\" \/>\n<meta property=\"og:site_name\" content=\"El Diario - Bolivia\" \/>\n<meta property=\"article:publisher\" content=\"https:\/\/www.facebook.com\/eldiario.bolivia\/\" \/>\n<meta property=\"article:published_time\" content=\"2024-12-03T09:58:45+00:00\" \/>\n<meta property=\"og:image\" content=\"https:\/\/www.eldiario.net\/portal\/wp-content\/uploads\/2024\/12\/HUN-FOTO.jpg\" \/>\n\t<meta property=\"og:image:width\" content=\"922\" \/>\n\t<meta property=\"og:image:height\" content=\"532\" \/>\n\t<meta property=\"og:image:type\" content=\"image\/jpeg\" \/>\n<meta name=\"author\" content=\"Jeanette\" \/>\n<meta name=\"twitter:card\" content=\"summary_large_image\" \/>\n<meta name=\"twitter:creator\" content=\"@eldiario_net\" \/>\n<meta name=\"twitter:site\" content=\"@eldiario_net\" \/>\n<meta name=\"twitter:label1\" content=\"Escrito por\" \/>\n\t<meta name=\"twitter:data1\" content=\"Jeanette\" \/>\n\t<meta name=\"twitter:label2\" content=\"Tiempo de lectura\" \/>\n\t<meta name=\"twitter:data2\" content=\"2 minutos\" \/>\n<script type=\"application\/ld+json\" class=\"yoast-schema-graph\">{\"@context\":\"https:\\\/\\\/schema.org\",\"@graph\":[{\"@type\":\"Article\",\"@id\":\"https:\\\/\\\/www.eldiario.net\\\/portal\\\/2024\\\/12\\\/03\\\/dictan-carcel-al-joven-conductor-estaba-bajo-influencia-del-alcohol\\\/#article\",\"isPartOf\":{\"@id\":\"https:\\\/\\\/www.eldiario.net\\\/portal\\\/2024\\\/12\\\/03\\\/dictan-carcel-al-joven-conductor-estaba-bajo-influencia-del-alcohol\\\/\"},\"author\":{\"name\":\"Jeanette\",\"@id\":\"https:\\\/\\\/www.eldiario.net\\\/portal\\\/#\\\/schema\\\/person\\\/f46445640444750d7d753ccd04ae01b7\"},\"headline\":\"Dictan c\u00e1rcel al joven conductor, estaba bajo influencia del alcohol\",\"datePublished\":\"2024-12-03T09:58:45+00:00\",\"mainEntityOfPage\":{\"@id\":\"https:\\\/\\\/www.eldiario.net\\\/portal\\\/2024\\\/12\\\/03\\\/dictan-carcel-al-joven-conductor-estaba-bajo-influencia-del-alcohol\\\/\"},\"wordCount\":265,\"publisher\":{\"@id\":\"https:\\\/\\\/www.eldiario.net\\\/portal\\\/#organization\"},\"image\":{\"@id\":\"https:\\\/\\\/www.eldiario.net\\\/portal\\\/2024\\\/12\\\/03\\\/dictan-carcel-al-joven-conductor-estaba-bajo-influencia-del-alcohol\\\/#primaryimage\"},\"thumbnailUrl\":\"https:\\\/\\\/www.eldiario.net\\\/portal\\\/wp-content\\\/uploads\\\/2024\\\/12\\\/HUN-FOTO.jpg\",\"articleSection\":[\"Sociedad - Seguridad\"],\"inLanguage\":\"es\"},{\"@type\":\"WebPage\",\"@id\":\"https:\\\/\\\/www.eldiario.net\\\/portal\\\/2024\\\/12\\\/03\\\/dictan-carcel-al-joven-conductor-estaba-bajo-influencia-del-alcohol\\\/\",\"url\":\"https:\\\/\\\/www.eldiario.net\\\/portal\\\/2024\\\/12\\\/03\\\/dictan-carcel-al-joven-conductor-estaba-bajo-influencia-del-alcohol\\\/\",\"name\":\"Dictan c\u00e1rcel al joven conductor, estaba bajo influencia del alcohol - El Diario - Bolivia\",\"isPartOf\":{\"@id\":\"https:\\\/\\\/www.eldiario.net\\\/portal\\\/#website\"},\"primaryImageOfPage\":{\"@id\":\"https:\\\/\\\/www.eldiario.net\\\/portal\\\/2024\\\/12\\\/03\\\/dictan-carcel-al-joven-conductor-estaba-bajo-influencia-del-alcohol\\\/#primaryimage\"},\"image\":{\"@id\":\"https:\\\/\\\/www.eldiario.net\\\/portal\\\/2024\\\/12\\\/03\\\/dictan-carcel-al-joven-conductor-estaba-bajo-influencia-del-alcohol\\\/#primaryimage\"},\"thumbnailUrl\":\"https:\\\/\\\/www.eldiario.net\\\/portal\\\/wp-content\\\/uploads\\\/2024\\\/12\\\/HUN-FOTO.jpg\",\"datePublished\":\"2024-12-03T09:58:45+00:00\",\"breadcrumb\":{\"@id\":\"https:\\\/\\\/www.eldiario.net\\\/portal\\\/2024\\\/12\\\/03\\\/dictan-carcel-al-joven-conductor-estaba-bajo-influencia-del-alcohol\\\/#breadcrumb\"},\"inLanguage\":\"es\",\"potentialAction\":[{\"@type\":\"ReadAction\",\"target\":[\"https:\\\/\\\/www.eldiario.net\\\/portal\\\/2024\\\/12\\\/03\\\/dictan-carcel-al-joven-conductor-estaba-bajo-influencia-del-alcohol\\\/\"]}]},{\"@type\":\"ImageObject\",\"inLanguage\":\"es\",\"@id\":\"https:\\\/\\\/www.eldiario.net\\\/portal\\\/2024\\\/12\\\/03\\\/dictan-carcel-al-joven-conductor-estaba-bajo-influencia-del-alcohol\\\/#primaryimage\",\"url\":\"https:\\\/\\\/www.eldiario.net\\\/portal\\\/wp-content\\\/uploads\\\/2024\\\/12\\\/HUN-FOTO.jpg\",\"contentUrl\":\"https:\\\/\\\/www.eldiario.net\\\/portal\\\/wp-content\\\/uploads\\\/2024\\\/12\\\/HUN-FOTO.jpg\",\"width\":922,\"height\":532,\"caption\":\"De esta manera, el veh\u00edculo fue rescatado de las aguas. Cr\u00e9ditos: El Potos\u00ed\"},{\"@type\":\"BreadcrumbList\",\"@id\":\"https:\\\/\\\/www.eldiario.net\\\/portal\\\/2024\\\/12\\\/03\\\/dictan-carcel-al-joven-conductor-estaba-bajo-influencia-del-alcohol\\\/#breadcrumb\",\"itemListElement\":[{\"@type\":\"ListItem\",\"position\":1,\"name\":\"Portada\",\"item\":\"https:\\\/\\\/www.eldiario.net\\\/portal\\\/\"},{\"@type\":\"ListItem\",\"position\":2,\"name\":\"Dictan c\u00e1rcel al joven conductor, estaba bajo influencia del alcohol\"}]},{\"@type\":\"WebSite\",\"@id\":\"https:\\\/\\\/www.eldiario.net\\\/portal\\\/#website\",\"url\":\"https:\\\/\\\/www.eldiario.net\\\/portal\\\/\",\"name\":\"El Diario - Decano de la prensa nacional\",\"description\":\"El Diario - Decano de la prensa nacional\",\"publisher\":{\"@id\":\"https:\\\/\\\/www.eldiario.net\\\/portal\\\/#organization\"},\"potentialAction\":[{\"@type\":\"SearchAction\",\"target\":{\"@type\":\"EntryPoint\",\"urlTemplate\":\"https:\\\/\\\/www.eldiario.net\\\/portal\\\/?s={search_term_string}\"},\"query-input\":{\"@type\":\"PropertyValueSpecification\",\"valueRequired\":true,\"valueName\":\"search_term_string\"}}],\"inLanguage\":\"es\"},{\"@type\":\"Organization\",\"@id\":\"https:\\\/\\\/www.eldiario.net\\\/portal\\\/#organization\",\"name\":\"El Diario - Decano de la prensa nacional\",\"url\":\"https:\\\/\\\/www.eldiario.net\\\/portal\\\/\",\"logo\":{\"@type\":\"ImageObject\",\"inLanguage\":\"es\",\"@id\":\"https:\\\/\\\/www.eldiario.net\\\/portal\\\/#\\\/schema\\\/logo\\\/image\\\/\",\"url\":\"https:\\\/\\\/www.eldiario.net\\\/portal\\\/wp-content\\\/uploads\\\/2023\\\/07\\\/logo_ED.jpg\",\"contentUrl\":\"https:\\\/\\\/www.eldiario.net\\\/portal\\\/wp-content\\\/uploads\\\/2023\\\/07\\\/logo_ED.jpg\",\"width\":272,\"height\":52,\"caption\":\"El Diario - Decano de la prensa nacional\"},\"image\":{\"@id\":\"https:\\\/\\\/www.eldiario.net\\\/portal\\\/#\\\/schema\\\/logo\\\/image\\\/\"},\"sameAs\":[\"https:\\\/\\\/www.facebook.com\\\/eldiario.bolivia\\\/\",\"https:\\\/\\\/x.com\\\/eldiario_net\"]},{\"@type\":\"Person\",\"@id\":\"https:\\\/\\\/www.eldiario.net\\\/portal\\\/#\\\/schema\\\/person\\\/f46445640444750d7d753ccd04ae01b7\",\"name\":\"Jeanette\",\"image\":{\"@type\":\"ImageObject\",\"inLanguage\":\"es\",\"@id\":\"https:\\\/\\\/secure.gravatar.com\\\/avatar\\\/3ea2118a5f7dad2b7138b1187a6b7ee55f160b9968b66013c3a3ef39dd7e5798?s=96&d=mm&r=g\",\"url\":\"https:\\\/\\\/secure.gravatar.com\\\/avatar\\\/3ea2118a5f7dad2b7138b1187a6b7ee55f160b9968b66013c3a3ef39dd7e5798?s=96&d=mm&r=g\",\"contentUrl\":\"https:\\\/\\\/secure.gravatar.com\\\/avatar\\\/3ea2118a5f7dad2b7138b1187a6b7ee55f160b9968b66013c3a3ef39dd7e5798?s=96&d=mm&r=g\",\"caption\":\"Jeanette\"},\"sameAs\":[\"https:\\\/\\\/www.eldiario.net\\\/portal\"],\"url\":\"https:\\\/\\\/www.eldiario.net\\\/portal\\\/author\\\/jeanette\\\/\"}]}<\/script>\n<!-- \/ Yoast SEO plugin. -->","yoast_head_json":{"title":"Dictan c\u00e1rcel al joven conductor, estaba bajo influencia del alcohol - El Diario - Bolivia","robots":{"index":"index","follow":"follow","max-snippet":"max-snippet:-1","max-image-preview":"max-image-preview:large","max-video-preview":"max-video-preview:-1"},"canonical":"https:\/\/www.eldiario.net\/portal\/2024\/12\/03\/dictan-carcel-al-joven-conductor-estaba-bajo-influencia-del-alcohol\/","og_locale":"es_ES","og_type":"article","og_title":"Dictan c\u00e1rcel al joven conductor, estaba bajo influencia del alcohol - El Diario - Bolivia","og_description":"Luego de protagonizar un hecho de tr\u00e1nsito que cobr\u00f3 la vida de tres de sus amigos, un joven de 18 a\u00f1os en Potos\u00ed debe cumplir detenci\u00f3n preventiva en la c\u00e1rcel de Cantumarca tras determinarse que se encontraba bajo influencia del alcohol durante el tr\u00e1gico incidente. El tr\u00e1gico hecho se registr\u00f3 el s\u00e1bado 30 de noviembre, [&hellip;]","og_url":"https:\/\/www.eldiario.net\/portal\/2024\/12\/03\/dictan-carcel-al-joven-conductor-estaba-bajo-influencia-del-alcohol\/","og_site_name":"El Diario - Bolivia","article_publisher":"https:\/\/www.facebook.com\/eldiario.bolivia\/","article_published_time":"2024-12-03T09:58:45+00:00","og_image":[{"width":922,"height":532,"url":"https:\/\/www.eldiario.net\/portal\/wp-content\/uploads\/2024\/12\/HUN-FOTO.jpg","type":"image\/jpeg"}],"author":"Jeanette","twitter_card":"summary_large_image","twitter_creator":"@eldiario_net","twitter_site":"@eldiario_net","twitter_misc":{"Escrito por":"Jeanette","Tiempo de lectura":"2 minutos"},"schema":{"@context":"https:\/\/schema.org","@graph":[{"@type":"Article","@id":"https:\/\/www.eldiario.net\/portal\/2024\/12\/03\/dictan-carcel-al-joven-conductor-estaba-bajo-influencia-del-alcohol\/#article","isPartOf":{"@id":"https:\/\/www.eldiario.net\/portal\/2024\/12\/03\/dictan-carcel-al-joven-conductor-estaba-bajo-influencia-del-alcohol\/"},"author":{"name":"Jeanette","@id":"https:\/\/www.eldiario.net\/portal\/#\/schema\/person\/f46445640444750d7d753ccd04ae01b7"},"headline":"Dictan c\u00e1rcel al joven conductor, estaba bajo influencia del alcohol","datePublished":"2024-12-03T09:58:45+00:00","mainEntityOfPage":{"@id":"https:\/\/www.eldiario.net\/portal\/2024\/12\/03\/dictan-carcel-al-joven-conductor-estaba-bajo-influencia-del-alcohol\/"},"wordCount":265,"publisher":{"@id":"https:\/\/www.eldiario.net\/portal\/#organization"},"image":{"@id":"https:\/\/www.eldiario.net\/portal\/2024\/12\/03\/dictan-carcel-al-joven-conductor-estaba-bajo-influencia-del-alcohol\/#primaryimage"},"thumbnailUrl":"https:\/\/www.eldiario.net\/portal\/wp-content\/uploads\/2024\/12\/HUN-FOTO.jpg","articleSection":["Sociedad - Seguridad"],"inLanguage":"es"},{"@type":"WebPage","@id":"https:\/\/www.eldiario.net\/portal\/2024\/12\/03\/dictan-carcel-al-joven-conductor-estaba-bajo-influencia-del-alcohol\/","url":"https:\/\/www.eldiario.net\/portal\/2024\/12\/03\/dictan-carcel-al-joven-conductor-estaba-bajo-influencia-del-alcohol\/","name":"Dictan c\u00e1rcel al joven conductor, estaba bajo influencia del alcohol - El Diario - Bolivia","isPartOf":{"@id":"https:\/\/www.eldiario.net\/portal\/#website"},"primaryImageOfPage":{"@id":"https:\/\/www.eldiario.net\/portal\/2024\/12\/03\/dictan-carcel-al-joven-conductor-estaba-bajo-influencia-del-alcohol\/#primaryimage"},"image":{"@id":"https:\/\/www.eldiario.net\/portal\/2024\/12\/03\/dictan-carcel-al-joven-conductor-estaba-bajo-influencia-del-alcohol\/#primaryimage"},"thumbnailUrl":"https:\/\/www.eldiario.net\/portal\/wp-content\/uploads\/2024\/12\/HUN-FOTO.jpg","datePublished":"2024-12-03T09:58:45+00:00","breadcrumb":{"@id":"https:\/\/www.eldiario.net\/portal\/2024\/12\/03\/dictan-carcel-al-joven-conductor-estaba-bajo-influencia-del-alcohol\/#breadcrumb"},"inLanguage":"es","potentialAction":[{"@type":"ReadAction","target":["https:\/\/www.eldiario.net\/portal\/2024\/12\/03\/dictan-carcel-al-joven-conductor-estaba-bajo-influencia-del-alcohol\/"]}]},{"@type":"ImageObject","inLanguage":"es","@id":"https:\/\/www.eldiario.net\/portal\/2024\/12\/03\/dictan-carcel-al-joven-conductor-estaba-bajo-influencia-del-alcohol\/#primaryimage","url":"https:\/\/www.eldiario.net\/portal\/wp-content\/uploads\/2024\/12\/HUN-FOTO.jpg","contentUrl":"https:\/\/www.eldiario.net\/portal\/wp-content\/uploads\/2024\/12\/HUN-FOTO.jpg","width":922,"height":532,"caption":"De esta manera, el veh\u00edculo fue rescatado de las aguas. Cr\u00e9ditos: El Potos\u00ed"},{"@type":"BreadcrumbList","@id":"https:\/\/www.eldiario.net\/portal\/2024\/12\/03\/dictan-carcel-al-joven-conductor-estaba-bajo-influencia-del-alcohol\/#breadcrumb","itemListElement":[{"@type":"ListItem","position":1,"name":"Portada","item":"https:\/\/www.eldiario.net\/portal\/"},{"@type":"ListItem","position":2,"name":"Dictan c\u00e1rcel al joven conductor, estaba bajo influencia del alcohol"}]},{"@type":"WebSite","@id":"https:\/\/www.eldiario.net\/portal\/#website","url":"https:\/\/www.eldiario.net\/portal\/","name":"El Diario - Decano de la prensa nacional","description":"El Diario - Decano de la prensa nacional","publisher":{"@id":"https:\/\/www.eldiario.net\/portal\/#organization"},"potentialAction":[{"@type":"SearchAction","target":{"@type":"EntryPoint","urlTemplate":"https:\/\/www.eldiario.net\/portal\/?s={search_term_string}"},"query-input":{"@type":"PropertyValueSpecification","valueRequired":true,"valueName":"search_term_string"}}],"inLanguage":"es"},{"@type":"Organization","@id":"https:\/\/www.eldiario.net\/portal\/#organization","name":"El Diario - Decano de la prensa nacional","url":"https:\/\/www.eldiario.net\/portal\/","logo":{"@type":"ImageObject","inLanguage":"es","@id":"https:\/\/www.eldiario.net\/portal\/#\/schema\/logo\/image\/","url":"https:\/\/www.eldiario.net\/portal\/wp-content\/uploads\/2023\/07\/logo_ED.jpg","contentUrl":"https:\/\/www.eldiario.net\/portal\/wp-content\/uploads\/2023\/07\/logo_ED.jpg","width":272,"height":52,"caption":"El Diario - Decano de la prensa nacional"},"image":{"@id":"https:\/\/www.eldiario.net\/portal\/#\/schema\/logo\/image\/"},"sameAs":["https:\/\/www.facebook.com\/eldiario.bolivia\/","https:\/\/x.com\/eldiario_net"]},{"@type":"Person","@id":"https:\/\/www.eldiario.net\/portal\/#\/schema\/person\/f46445640444750d7d753ccd04ae01b7","name":"Jeanette","image":{"@type":"ImageObject","inLanguage":"es","@id":"https:\/\/secure.gravatar.com\/avatar\/3ea2118a5f7dad2b7138b1187a6b7ee55f160b9968b66013c3a3ef39dd7e5798?s=96&d=mm&r=g","url":"https:\/\/secure.gravatar.com\/avatar\/3ea2118a5f7dad2b7138b1187a6b7ee55f160b9968b66013c3a3ef39dd7e5798?s=96&d=mm&r=g","contentUrl":"https:\/\/secure.gravatar.com\/avatar\/3ea2118a5f7dad2b7138b1187a6b7ee55f160b9968b66013c3a3ef39dd7e5798?s=96&d=mm&r=g","caption":"Jeanette"},"sameAs":["https:\/\/www.eldiario.net\/portal"],"url":"https:\/\/www.eldiario.net\/portal\/author\/jeanette\/"}]}},"_links":{"self":[{"href":"https:\/\/www.eldiario.net\/portal\/wp-json\/wp\/v2\/posts\/265289","targetHints":{"allow":["GET"]}}],"collection":[{"href":"https:\/\/www.eldiario.net\/portal\/wp-json\/wp\/v2\/posts"}],"about":[{"href":"https:\/\/www.eldiario.net\/portal\/wp-json\/wp\/v2\/types\/post"}],"author":[{"embeddable":true,"href":"https:\/\/www.eldiario.net\/portal\/wp-json\/wp\/v2\/users\/1"}],"replies":[{"embeddable":true,"href":"https:\/\/www.eldiario.net\/portal\/wp-json\/wp\/v2\/comments?post=265289"}],"version-history":[{"count":1,"href":"https:\/\/www.eldiario.net\/portal\/wp-json\/wp\/v2\/posts\/265289\/revisions"}],"predecessor-version":[{"id":265291,"href":"https:\/\/www.eldiario.net\/portal\/wp-json\/wp\/v2\/posts\/265289\/revisions\/265291"}],"wp:featuredmedia":[{"embeddable":true,"href":"https:\/\/www.eldiario.net\/portal\/wp-json\/wp\/v2\/media\/265290"}],"wp:attachment":[{"href":"https:\/\/www.eldiario.net\/portal\/wp-json\/wp\/v2\/media?parent=265289"}],"wp:term":[{"taxonomy":"category","embeddable":true,"href":"https:\/\/www.eldiario.net\/portal\/wp-json\/wp\/v2\/categories?post=265289"},{"taxonomy":"post_tag","embeddable":true,"href":"https:\/\/www.eldiario.net\/portal\/wp-json\/wp\/v2\/tags?post=265289"}],"curies":[{"name":"wp","href":"https:\/\/api.w.org\/{rel}","templated":true}]}}