{"id":265281,"date":"2024-12-03T05:51:53","date_gmt":"2024-12-03T09:51:53","guid":{"rendered":"https:\/\/www.eldiario.net\/portal\/?p=265281"},"modified":"2024-12-03T05:51:53","modified_gmt":"2024-12-03T09:51:53","slug":"cifras-sobre-violencia-contra-mujeres-en-el-pais","status":"publish","type":"post","link":"https:\/\/www.eldiario.net\/portal\/2024\/12\/03\/cifras-sobre-violencia-contra-mujeres-en-el-pais\/","title":{"rendered":"Cifras sobre violencia contra mujeres en el pa\u00eds"},"content":{"rendered":"<p><em>Un tema muy importante para cualquier sociedad civilizada es la violencia contra mujeres, que se debe a varios factores y sus consecuencias pueden ser traum\u00e1ticas. Seg\u00fan varios estudios, inicialmente cabe mencionar que la desigualdad entre hombres y mujeres origina violencia, la cual se acrecienta cuando falla el ordenamiento legal y se mantienen reglas sociales discriminatorias.<\/em><\/p>\n<p><em>En nuestro medio, donde el sistema judicial est\u00e1 en lamentable deterioro, por varios motivos, como su dependencia del poder pol\u00edtico, la falta de capacidad e inter\u00e9s para una correcta aplicaci\u00f3n de las leyes en los operadores, salvo pocas excepciones, las cifras de atropellos contra mujeres son alarmantes, sin que sean establecidas medidas efectivas para brindarles la mejor protecci\u00f3n.<\/em><\/p>\n<p><em>Basta mencionar al respecto que hace poco, con motivo de la conmemoraci\u00f3n del D\u00eda Internacional de la Eliminaci\u00f3n de la Violencia Contra la Mujer, desde la Fiscal\u00eda del Estado se ha informado que, en este a\u00f1o, hasta noviembre, hubo 45.396 agresiones violentas en el pa\u00eds. En Santa Cruz con 15.780 v\u00edctimas, en La Paz 11.183, Cochabamba 7.033, Tarija 3.044, Potos\u00ed 2.713, Chuquisaca 2.438, Beni 1.532, Oruro 1.174 y Pando 499. Se refieren a casos de violencia familiar; abuso sexual, violaciones, inclusive a menores o adolescentes, estupro, y otros delitos.<\/em><\/p>\n<p><em>De acuerdo con expertos, en el caso de las mujeres, la violencia trae consecuencias f\u00edsicas, mentales y emocionales, por trastornos como depresi\u00f3n, ansiedad, estr\u00e9s postraum\u00e1tico, y otros. En cuanto a las causas m\u00e1s comunes para el surgimiento de la violencia, est\u00e1 la desigualdad de g\u00e9nero y las normas sociales que hacen prevalecer la superioridad masculina y la dependencia femenina. Por otra parte, la pobreza, el desempleo y la falta de oportunidades econ\u00f3micas pueden atizar la violencia dom\u00e9stica. Tambi\u00e9n el uso de alcohol y drogas contribuye a la aparici\u00f3n de agresiones contra la mujer.<\/em><\/p>\n<p><em>Como se advierte, el problema es complicado y empeora si faltan normas adecuadas y si las existentes no son aplicadas como se debe. Y se requiere educar para sensibilizar sobre los derechos de las mujeres y disminuir los casos de violencia. Por todo ello es urgente modificar reglas culturales y sociales da\u00f1inas, as\u00ed como fortalecer las leyes y pol\u00edticas adecuadas, a fin de lograr la concienciaci\u00f3n sobre tan grave problema.<\/em><\/p>\n<p><em>Asimismo, las que son v\u00edctimas de violencia deber\u00edan contar con entidades de protecci\u00f3n y ayuda inmediata. En otros pa\u00edses hay organizaciones y l\u00edneas de ayuda dedicadas a apoyar a mujeres en situaciones de violencia. Estos servicios pueden ofrecer asesoramiento, refugio, asistencia legal y apoyo emocional. Tambi\u00e9n se deber\u00eda contar con un plan de seguridad para situaciones de emergencia, el cual puede ser de efecto decisivo.<\/em><\/p>\n<p><em>Sin duda, la violencia contra la mujer amerita medidas eficaces no solo para protegerlas, sino para evitar que los agresores reincidan o acaben mat\u00e1ndolas, por las deficiencias del sistema judicial.<\/em><\/p>\n","protected":false},"excerpt":{"rendered":"<p>Un tema muy importante para cualquier sociedad civilizada es la violencia contra mujeres, que se debe a varios factores y sus consecuencias pueden ser traum\u00e1ticas. Seg\u00fan varios estudios, inicialmente cabe mencionar que la desigualdad entre hombres y mujeres origina violencia, la cual se acrecienta cuando falla el ordenamiento legal y se mantienen reglas sociales discriminatorias. [&hellip;]<\/p>\n","protected":false},"author":1,"featured_media":194776,"comment_status":"closed","ping_status":"open","sticky":false,"template":"","format":"standard","meta":{"_acf_changed":false,"footnotes":""},"categories":[4],"tags":[],"class_list":["post-265281","post","type-post","status-publish","format-standard","has-post-thumbnail","category-editorial"],"acf":{"antetitulo":""},"yoast_head":"<!-- This site is optimized with the Yoast SEO plugin v28.3 - https:\/\/yoast.com\/product\/yoast-seo-wordpress\/ -->\n<title>Cifras sobre violencia contra mujeres en el pa\u00eds - El Diario - Bolivia<\/title>\n<meta name=\"robots\" content=\"index, follow, max-snippet:-1, max-image-preview:large, max-video-preview:-1\" \/>\n<link rel=\"canonical\" href=\"https:\/\/www.eldiario.net\/portal\/2024\/12\/03\/cifras-sobre-violencia-contra-mujeres-en-el-pais\/\" \/>\n<meta property=\"og:locale\" content=\"es_ES\" \/>\n<meta property=\"og:type\" content=\"article\" \/>\n<meta property=\"og:title\" content=\"Cifras sobre violencia contra mujeres en el pa\u00eds - El Diario - Bolivia\" \/>\n<meta property=\"og:description\" content=\"Un tema muy importante para cualquier sociedad civilizada es la violencia contra mujeres, que se debe a varios factores y sus consecuencias pueden ser traum\u00e1ticas. Seg\u00fan varios estudios, inicialmente cabe mencionar que la desigualdad entre hombres y mujeres origina violencia, la cual se acrecienta cuando falla el ordenamiento legal y se mantienen reglas sociales discriminatorias. [&hellip;]\" \/>\n<meta property=\"og:url\" content=\"https:\/\/www.eldiario.net\/portal\/2024\/12\/03\/cifras-sobre-violencia-contra-mujeres-en-el-pais\/\" \/>\n<meta property=\"og:site_name\" content=\"El Diario - Bolivia\" \/>\n<meta property=\"article:publisher\" content=\"https:\/\/www.facebook.com\/eldiario.bolivia\/\" \/>\n<meta property=\"article:published_time\" content=\"2024-12-03T09:51:53+00:00\" \/>\n<meta property=\"og:image\" content=\"https:\/\/www.eldiario.net\/portal\/wp-content\/uploads\/2023\/12\/Editorial.jpg\" \/>\n\t<meta property=\"og:image:width\" content=\"800\" \/>\n\t<meta property=\"og:image:height\" content=\"500\" \/>\n\t<meta property=\"og:image:type\" content=\"image\/jpeg\" \/>\n<meta name=\"author\" content=\"Jeanette\" \/>\n<meta name=\"twitter:card\" content=\"summary_large_image\" \/>\n<meta name=\"twitter:creator\" content=\"@eldiario_net\" \/>\n<meta name=\"twitter:site\" content=\"@eldiario_net\" \/>\n<meta name=\"twitter:label1\" content=\"Escrito por\" \/>\n\t<meta name=\"twitter:data1\" content=\"Jeanette\" \/>\n\t<meta name=\"twitter:label2\" content=\"Tiempo de lectura\" \/>\n\t<meta name=\"twitter:data2\" content=\"3 minutos\" \/>\n<script type=\"application\/ld+json\" class=\"yoast-schema-graph\">{\"@context\":\"https:\\\/\\\/schema.org\",\"@graph\":[{\"@type\":\"Article\",\"@id\":\"https:\\\/\\\/www.eldiario.net\\\/portal\\\/2024\\\/12\\\/03\\\/cifras-sobre-violencia-contra-mujeres-en-el-pais\\\/#article\",\"isPartOf\":{\"@id\":\"https:\\\/\\\/www.eldiario.net\\\/portal\\\/2024\\\/12\\\/03\\\/cifras-sobre-violencia-contra-mujeres-en-el-pais\\\/\"},\"author\":{\"name\":\"Jeanette\",\"@id\":\"https:\\\/\\\/www.eldiario.net\\\/portal\\\/#\\\/schema\\\/person\\\/f46445640444750d7d753ccd04ae01b7\"},\"headline\":\"Cifras sobre violencia contra mujeres en el pa\u00eds\",\"datePublished\":\"2024-12-03T09:51:53+00:00\",\"mainEntityOfPage\":{\"@id\":\"https:\\\/\\\/www.eldiario.net\\\/portal\\\/2024\\\/12\\\/03\\\/cifras-sobre-violencia-contra-mujeres-en-el-pais\\\/\"},\"wordCount\":493,\"publisher\":{\"@id\":\"https:\\\/\\\/www.eldiario.net\\\/portal\\\/#organization\"},\"image\":{\"@id\":\"https:\\\/\\\/www.eldiario.net\\\/portal\\\/2024\\\/12\\\/03\\\/cifras-sobre-violencia-contra-mujeres-en-el-pais\\\/#primaryimage\"},\"thumbnailUrl\":\"https:\\\/\\\/www.eldiario.net\\\/portal\\\/wp-content\\\/uploads\\\/2023\\\/12\\\/Editorial.jpg\",\"articleSection\":[\"Editorial\"],\"inLanguage\":\"es\"},{\"@type\":\"WebPage\",\"@id\":\"https:\\\/\\\/www.eldiario.net\\\/portal\\\/2024\\\/12\\\/03\\\/cifras-sobre-violencia-contra-mujeres-en-el-pais\\\/\",\"url\":\"https:\\\/\\\/www.eldiario.net\\\/portal\\\/2024\\\/12\\\/03\\\/cifras-sobre-violencia-contra-mujeres-en-el-pais\\\/\",\"name\":\"Cifras sobre violencia contra mujeres en el pa\u00eds - El Diario - Bolivia\",\"isPartOf\":{\"@id\":\"https:\\\/\\\/www.eldiario.net\\\/portal\\\/#website\"},\"primaryImageOfPage\":{\"@id\":\"https:\\\/\\\/www.eldiario.net\\\/portal\\\/2024\\\/12\\\/03\\\/cifras-sobre-violencia-contra-mujeres-en-el-pais\\\/#primaryimage\"},\"image\":{\"@id\":\"https:\\\/\\\/www.eldiario.net\\\/portal\\\/2024\\\/12\\\/03\\\/cifras-sobre-violencia-contra-mujeres-en-el-pais\\\/#primaryimage\"},\"thumbnailUrl\":\"https:\\\/\\\/www.eldiario.net\\\/portal\\\/wp-content\\\/uploads\\\/2023\\\/12\\\/Editorial.jpg\",\"datePublished\":\"2024-12-03T09:51:53+00:00\",\"breadcrumb\":{\"@id\":\"https:\\\/\\\/www.eldiario.net\\\/portal\\\/2024\\\/12\\\/03\\\/cifras-sobre-violencia-contra-mujeres-en-el-pais\\\/#breadcrumb\"},\"inLanguage\":\"es\",\"potentialAction\":[{\"@type\":\"ReadAction\",\"target\":[\"https:\\\/\\\/www.eldiario.net\\\/portal\\\/2024\\\/12\\\/03\\\/cifras-sobre-violencia-contra-mujeres-en-el-pais\\\/\"]}]},{\"@type\":\"ImageObject\",\"inLanguage\":\"es\",\"@id\":\"https:\\\/\\\/www.eldiario.net\\\/portal\\\/2024\\\/12\\\/03\\\/cifras-sobre-violencia-contra-mujeres-en-el-pais\\\/#primaryimage\",\"url\":\"https:\\\/\\\/www.eldiario.net\\\/portal\\\/wp-content\\\/uploads\\\/2023\\\/12\\\/Editorial.jpg\",\"contentUrl\":\"https:\\\/\\\/www.eldiario.net\\\/portal\\\/wp-content\\\/uploads\\\/2023\\\/12\\\/Editorial.jpg\",\"width\":800,\"height\":500},{\"@type\":\"BreadcrumbList\",\"@id\":\"https:\\\/\\\/www.eldiario.net\\\/portal\\\/2024\\\/12\\\/03\\\/cifras-sobre-violencia-contra-mujeres-en-el-pais\\\/#breadcrumb\",\"itemListElement\":[{\"@type\":\"ListItem\",\"position\":1,\"name\":\"Portada\",\"item\":\"https:\\\/\\\/www.eldiario.net\\\/portal\\\/\"},{\"@type\":\"ListItem\",\"position\":2,\"name\":\"Cifras sobre violencia contra mujeres en el pa\u00eds\"}]},{\"@type\":\"WebSite\",\"@id\":\"https:\\\/\\\/www.eldiario.net\\\/portal\\\/#website\",\"url\":\"https:\\\/\\\/www.eldiario.net\\\/portal\\\/\",\"name\":\"El Diario - Decano de la prensa nacional\",\"description\":\"El Diario - Decano de la prensa nacional\",\"publisher\":{\"@id\":\"https:\\\/\\\/www.eldiario.net\\\/portal\\\/#organization\"},\"potentialAction\":[{\"@type\":\"SearchAction\",\"target\":{\"@type\":\"EntryPoint\",\"urlTemplate\":\"https:\\\/\\\/www.eldiario.net\\\/portal\\\/?s={search_term_string}\"},\"query-input\":{\"@type\":\"PropertyValueSpecification\",\"valueRequired\":true,\"valueName\":\"search_term_string\"}}],\"inLanguage\":\"es\"},{\"@type\":\"Organization\",\"@id\":\"https:\\\/\\\/www.eldiario.net\\\/portal\\\/#organization\",\"name\":\"El Diario - Decano de la prensa nacional\",\"url\":\"https:\\\/\\\/www.eldiario.net\\\/portal\\\/\",\"logo\":{\"@type\":\"ImageObject\",\"inLanguage\":\"es\",\"@id\":\"https:\\\/\\\/www.eldiario.net\\\/portal\\\/#\\\/schema\\\/logo\\\/image\\\/\",\"url\":\"https:\\\/\\\/www.eldiario.net\\\/portal\\\/wp-content\\\/uploads\\\/2023\\\/07\\\/logo_ED.jpg\",\"contentUrl\":\"https:\\\/\\\/www.eldiario.net\\\/portal\\\/wp-content\\\/uploads\\\/2023\\\/07\\\/logo_ED.jpg\",\"width\":272,\"height\":52,\"caption\":\"El Diario - Decano de la prensa nacional\"},\"image\":{\"@id\":\"https:\\\/\\\/www.eldiario.net\\\/portal\\\/#\\\/schema\\\/logo\\\/image\\\/\"},\"sameAs\":[\"https:\\\/\\\/www.facebook.com\\\/eldiario.bolivia\\\/\",\"https:\\\/\\\/x.com\\\/eldiario_net\"]},{\"@type\":\"Person\",\"@id\":\"https:\\\/\\\/www.eldiario.net\\\/portal\\\/#\\\/schema\\\/person\\\/f46445640444750d7d753ccd04ae01b7\",\"name\":\"Jeanette\",\"image\":{\"@type\":\"ImageObject\",\"inLanguage\":\"es\",\"@id\":\"https:\\\/\\\/secure.gravatar.com\\\/avatar\\\/3ea2118a5f7dad2b7138b1187a6b7ee55f160b9968b66013c3a3ef39dd7e5798?s=96&d=mm&r=g\",\"url\":\"https:\\\/\\\/secure.gravatar.com\\\/avatar\\\/3ea2118a5f7dad2b7138b1187a6b7ee55f160b9968b66013c3a3ef39dd7e5798?s=96&d=mm&r=g\",\"contentUrl\":\"https:\\\/\\\/secure.gravatar.com\\\/avatar\\\/3ea2118a5f7dad2b7138b1187a6b7ee55f160b9968b66013c3a3ef39dd7e5798?s=96&d=mm&r=g\",\"caption\":\"Jeanette\"},\"sameAs\":[\"https:\\\/\\\/www.eldiario.net\\\/portal\"],\"url\":\"https:\\\/\\\/www.eldiario.net\\\/portal\\\/author\\\/jeanette\\\/\"}]}<\/script>\n<!-- \/ Yoast SEO plugin. -->","yoast_head_json":{"title":"Cifras sobre violencia contra mujeres en el pa\u00eds - El Diario - Bolivia","robots":{"index":"index","follow":"follow","max-snippet":"max-snippet:-1","max-image-preview":"max-image-preview:large","max-video-preview":"max-video-preview:-1"},"canonical":"https:\/\/www.eldiario.net\/portal\/2024\/12\/03\/cifras-sobre-violencia-contra-mujeres-en-el-pais\/","og_locale":"es_ES","og_type":"article","og_title":"Cifras sobre violencia contra mujeres en el pa\u00eds - El Diario - Bolivia","og_description":"Un tema muy importante para cualquier sociedad civilizada es la violencia contra mujeres, que se debe a varios factores y sus consecuencias pueden ser traum\u00e1ticas. Seg\u00fan varios estudios, inicialmente cabe mencionar que la desigualdad entre hombres y mujeres origina violencia, la cual se acrecienta cuando falla el ordenamiento legal y se mantienen reglas sociales discriminatorias. [&hellip;]","og_url":"https:\/\/www.eldiario.net\/portal\/2024\/12\/03\/cifras-sobre-violencia-contra-mujeres-en-el-pais\/","og_site_name":"El Diario - Bolivia","article_publisher":"https:\/\/www.facebook.com\/eldiario.bolivia\/","article_published_time":"2024-12-03T09:51:53+00:00","og_image":[{"width":800,"height":500,"url":"https:\/\/www.eldiario.net\/portal\/wp-content\/uploads\/2023\/12\/Editorial.jpg","type":"image\/jpeg"}],"author":"Jeanette","twitter_card":"summary_large_image","twitter_creator":"@eldiario_net","twitter_site":"@eldiario_net","twitter_misc":{"Escrito por":"Jeanette","Tiempo de lectura":"3 minutos"},"schema":{"@context":"https:\/\/schema.org","@graph":[{"@type":"Article","@id":"https:\/\/www.eldiario.net\/portal\/2024\/12\/03\/cifras-sobre-violencia-contra-mujeres-en-el-pais\/#article","isPartOf":{"@id":"https:\/\/www.eldiario.net\/portal\/2024\/12\/03\/cifras-sobre-violencia-contra-mujeres-en-el-pais\/"},"author":{"name":"Jeanette","@id":"https:\/\/www.eldiario.net\/portal\/#\/schema\/person\/f46445640444750d7d753ccd04ae01b7"},"headline":"Cifras sobre violencia contra mujeres en el pa\u00eds","datePublished":"2024-12-03T09:51:53+00:00","mainEntityOfPage":{"@id":"https:\/\/www.eldiario.net\/portal\/2024\/12\/03\/cifras-sobre-violencia-contra-mujeres-en-el-pais\/"},"wordCount":493,"publisher":{"@id":"https:\/\/www.eldiario.net\/portal\/#organization"},"image":{"@id":"https:\/\/www.eldiario.net\/portal\/2024\/12\/03\/cifras-sobre-violencia-contra-mujeres-en-el-pais\/#primaryimage"},"thumbnailUrl":"https:\/\/www.eldiario.net\/portal\/wp-content\/uploads\/2023\/12\/Editorial.jpg","articleSection":["Editorial"],"inLanguage":"es"},{"@type":"WebPage","@id":"https:\/\/www.eldiario.net\/portal\/2024\/12\/03\/cifras-sobre-violencia-contra-mujeres-en-el-pais\/","url":"https:\/\/www.eldiario.net\/portal\/2024\/12\/03\/cifras-sobre-violencia-contra-mujeres-en-el-pais\/","name":"Cifras sobre violencia contra mujeres en el pa\u00eds - El Diario - Bolivia","isPartOf":{"@id":"https:\/\/www.eldiario.net\/portal\/#website"},"primaryImageOfPage":{"@id":"https:\/\/www.eldiario.net\/portal\/2024\/12\/03\/cifras-sobre-violencia-contra-mujeres-en-el-pais\/#primaryimage"},"image":{"@id":"https:\/\/www.eldiario.net\/portal\/2024\/12\/03\/cifras-sobre-violencia-contra-mujeres-en-el-pais\/#primaryimage"},"thumbnailUrl":"https:\/\/www.eldiario.net\/portal\/wp-content\/uploads\/2023\/12\/Editorial.jpg","datePublished":"2024-12-03T09:51:53+00:00","breadcrumb":{"@id":"https:\/\/www.eldiario.net\/portal\/2024\/12\/03\/cifras-sobre-violencia-contra-mujeres-en-el-pais\/#breadcrumb"},"inLanguage":"es","potentialAction":[{"@type":"ReadAction","target":["https:\/\/www.eldiario.net\/portal\/2024\/12\/03\/cifras-sobre-violencia-contra-mujeres-en-el-pais\/"]}]},{"@type":"ImageObject","inLanguage":"es","@id":"https:\/\/www.eldiario.net\/portal\/2024\/12\/03\/cifras-sobre-violencia-contra-mujeres-en-el-pais\/#primaryimage","url":"https:\/\/www.eldiario.net\/portal\/wp-content\/uploads\/2023\/12\/Editorial.jpg","contentUrl":"https:\/\/www.eldiario.net\/portal\/wp-content\/uploads\/2023\/12\/Editorial.jpg","width":800,"height":500},{"@type":"BreadcrumbList","@id":"https:\/\/www.eldiario.net\/portal\/2024\/12\/03\/cifras-sobre-violencia-contra-mujeres-en-el-pais\/#breadcrumb","itemListElement":[{"@type":"ListItem","position":1,"name":"Portada","item":"https:\/\/www.eldiario.net\/portal\/"},{"@type":"ListItem","position":2,"name":"Cifras sobre violencia contra mujeres en el pa\u00eds"}]},{"@type":"WebSite","@id":"https:\/\/www.eldiario.net\/portal\/#website","url":"https:\/\/www.eldiario.net\/portal\/","name":"El Diario - Decano de la prensa nacional","description":"El Diario - Decano de la prensa nacional","publisher":{"@id":"https:\/\/www.eldiario.net\/portal\/#organization"},"potentialAction":[{"@type":"SearchAction","target":{"@type":"EntryPoint","urlTemplate":"https:\/\/www.eldiario.net\/portal\/?s={search_term_string}"},"query-input":{"@type":"PropertyValueSpecification","valueRequired":true,"valueName":"search_term_string"}}],"inLanguage":"es"},{"@type":"Organization","@id":"https:\/\/www.eldiario.net\/portal\/#organization","name":"El Diario - Decano de la prensa nacional","url":"https:\/\/www.eldiario.net\/portal\/","logo":{"@type":"ImageObject","inLanguage":"es","@id":"https:\/\/www.eldiario.net\/portal\/#\/schema\/logo\/image\/","url":"https:\/\/www.eldiario.net\/portal\/wp-content\/uploads\/2023\/07\/logo_ED.jpg","contentUrl":"https:\/\/www.eldiario.net\/portal\/wp-content\/uploads\/2023\/07\/logo_ED.jpg","width":272,"height":52,"caption":"El Diario - Decano de la prensa nacional"},"image":{"@id":"https:\/\/www.eldiario.net\/portal\/#\/schema\/logo\/image\/"},"sameAs":["https:\/\/www.facebook.com\/eldiario.bolivia\/","https:\/\/x.com\/eldiario_net"]},{"@type":"Person","@id":"https:\/\/www.eldiario.net\/portal\/#\/schema\/person\/f46445640444750d7d753ccd04ae01b7","name":"Jeanette","image":{"@type":"ImageObject","inLanguage":"es","@id":"https:\/\/secure.gravatar.com\/avatar\/3ea2118a5f7dad2b7138b1187a6b7ee55f160b9968b66013c3a3ef39dd7e5798?s=96&d=mm&r=g","url":"https:\/\/secure.gravatar.com\/avatar\/3ea2118a5f7dad2b7138b1187a6b7ee55f160b9968b66013c3a3ef39dd7e5798?s=96&d=mm&r=g","contentUrl":"https:\/\/secure.gravatar.com\/avatar\/3ea2118a5f7dad2b7138b1187a6b7ee55f160b9968b66013c3a3ef39dd7e5798?s=96&d=mm&r=g","caption":"Jeanette"},"sameAs":["https:\/\/www.eldiario.net\/portal"],"url":"https:\/\/www.eldiario.net\/portal\/author\/jeanette\/"}]}},"_links":{"self":[{"href":"https:\/\/www.eldiario.net\/portal\/wp-json\/wp\/v2\/posts\/265281","targetHints":{"allow":["GET"]}}],"collection":[{"href":"https:\/\/www.eldiario.net\/portal\/wp-json\/wp\/v2\/posts"}],"about":[{"href":"https:\/\/www.eldiario.net\/portal\/wp-json\/wp\/v2\/types\/post"}],"author":[{"embeddable":true,"href":"https:\/\/www.eldiario.net\/portal\/wp-json\/wp\/v2\/users\/1"}],"replies":[{"embeddable":true,"href":"https:\/\/www.eldiario.net\/portal\/wp-json\/wp\/v2\/comments?post=265281"}],"version-history":[{"count":1,"href":"https:\/\/www.eldiario.net\/portal\/wp-json\/wp\/v2\/posts\/265281\/revisions"}],"predecessor-version":[{"id":265282,"href":"https:\/\/www.eldiario.net\/portal\/wp-json\/wp\/v2\/posts\/265281\/revisions\/265282"}],"wp:featuredmedia":[{"embeddable":true,"href":"https:\/\/www.eldiario.net\/portal\/wp-json\/wp\/v2\/media\/194776"}],"wp:attachment":[{"href":"https:\/\/www.eldiario.net\/portal\/wp-json\/wp\/v2\/media?parent=265281"}],"wp:term":[{"taxonomy":"category","embeddable":true,"href":"https:\/\/www.eldiario.net\/portal\/wp-json\/wp\/v2\/categories?post=265281"},{"taxonomy":"post_tag","embeddable":true,"href":"https:\/\/www.eldiario.net\/portal\/wp-json\/wp\/v2\/tags?post=265281"}],"curies":[{"name":"wp","href":"https:\/\/api.w.org\/{rel}","templated":true}]}}