{"id":265277,"date":"2024-12-03T05:50:49","date_gmt":"2024-12-03T09:50:49","guid":{"rendered":"https:\/\/www.eldiario.net\/portal\/?p=265277"},"modified":"2024-12-03T05:50:49","modified_gmt":"2024-12-03T09:50:49","slug":"transporte-sostenible","status":"publish","type":"post","link":"https:\/\/www.eldiario.net\/portal\/2024\/12\/03\/transporte-sostenible\/","title":{"rendered":"Transporte sostenible"},"content":{"rendered":"<p>El pasado 26 de noviembre, se celebr\u00f3 el D\u00eda Mundial del Transporte Sostenible, fecha instaurada por la Asamblea General de las Naciones Unidas, que tiene como objetivo principal el resaltar la importancia del transporte como estrategia sostenible, en la reducci\u00f3n de las emisiones de gases de CO2, con el impacto ambiental que ello implica y la promoci\u00f3n de un desarrollo m\u00e1s responsable y resiliente por parte de la sociedad.<\/p>\n<p>La resoluci\u00f3n destaca la importancia de la cooperaci\u00f3n entre gestores p\u00fablicos y privados, para mejorar la conectividad del transporte mediante un sistema integrado de transporte intermodal desarrollando infraestructuras fiables, sostenibles, resilientes y de calidad, intercambiando las mejores pr\u00e1cticas para optimizar el desarrollo de autopistas, carreteras, calles, ferrocarriles, v\u00edas de navegaci\u00f3n, rutas a\u00e9reas, puertos y zonas de transferencia intermodal interconectados y alentando las operaciones y la construcci\u00f3n de infraestructura de transporte a fin de reducir al m\u00ednimo el consumo de energ\u00eda.<\/p>\n<p>&nbsp;<\/p>\n<p><strong>Transporte sostenible: \u00bfdesarrollo sostenible?<\/strong><\/p>\n<p>En el entendido de que el transporte sostenible no es un fin en s\u00ed mismo, sino un medio para alcanzar un desarrollo sostenible, el transporte tiene un impacto directo en Objetivos globales de mayor impacto, como la erradicaci\u00f3n de la pobreza y la acci\u00f3n clim\u00e1tica. En este sentido, celebrar este d\u00eda mundial, nos invita a reflexionar sobre c\u00f3mo nuestras elecciones en transporte, impactan tanto a nivel local como global respecto al futuro de las pr\u00f3ximas generaciones.<\/p>\n<p>El transporte sostenible es un acelerador transversal que puede propiciar el progreso hacia otros objetivos cruciales, como la erradicaci\u00f3n de la pobreza, la reducci\u00f3n de las desigualdades y la lucha contra el cambio clim\u00e1tico, cuando son proporcionados servicios e infraestructuras para la movilidad de personas y mercanc\u00edas.<\/p>\n<p>&nbsp;<\/p>\n<p><strong>Iniciativas sostenibles alineadas a avances tecnol\u00f3gicos<\/strong><\/p>\n<p>La transici\u00f3n hacia energ\u00edas limpias y renovables (minimizando el uso de combustibles f\u00f3siles) es esencial para un futuro sostenible, pero requiere esfuerzos coordinados a nivel global. En esta dimensi\u00f3n surgen avances innovadores y tecnol\u00f3gicos que vale la pena monitorear en su evoluci\u00f3n de forma continua:<\/p>\n<ol>\n<li>A) Veh\u00edculos El\u00e9ctricos:<\/li>\n<\/ol>\n<p>Representan una soluci\u00f3n prometedora para reducir las emisiones de CO2.<\/p>\n<ul>\n<li>Pa\u00edses como Noruega y Alemania son un referente Mundial en la adopci\u00f3n de veh\u00edculos el\u00e9ctricos, mediante la aplicaci\u00f3n de subsidios y la expansi\u00f3n de la infraestructura de carga, como formas de incentivar su implementaci\u00f3n.<\/li>\n<li>Seg\u00fan las proyecciones de la Agencia Internacional de Energ\u00eda (www. https:\/\/www.iea.org\/ para 2030 se espera la existencia de 230 millones de Veh\u00edculos el\u00e9ctricos en las carreteras a nivel mundial.<\/li>\n<li>En Espa\u00f1a, la implementaci\u00f3n de puntos de recarga ha aumentado significativamente en los \u00faltimos a\u00f1os, con m\u00e1s de 13.000 estaciones de carga instaladas en 2024.<\/li>\n<\/ul>\n<ol>\n<li>B) Fortalecimiento del transporte p\u00fablico<\/li>\n<\/ol>\n<p>En esta iniciativa de alto impacto hacia un desarrollo sostenible del transporte, destacan ciudades como Bogot\u00e1 (Colombia) y Copenhague (Dinamarca), las que han implementado sistemas de transporte p\u00fablico eficientes y ecol\u00f3gicos, que no solo reducen las emisiones, sino que tambi\u00e9n mejoran la calidad de vida de sus habitantes.<\/p>\n<p>Entre los distintos tipos de movilidades el\u00e9ctricas, direccionadas hacia el transporte p\u00fablico se destacan:<\/p>\n<p>1.- Autobuses El\u00e9ctricos: Utilizados principalmente en sistemas de transporte p\u00fablico urbano. Ofrecen beneficios como la reducci\u00f3n de emisiones de CO2 y ruido, y son m\u00e1s eficientes en t\u00e9rminos de consumo de energ\u00eda. Los autobuses el\u00e9ctricos actuales para transporte publico tienen una autonom\u00eda de entre 200 a 300 km.<\/p>\n<p>2.- Autobuses H\u00edbridos: Combinan motores el\u00e9ctricos y de combusti\u00f3n interna, siendo m\u00e1s eficientes en el consumo de combustible que los autobuses di\u00e9sel tradicionales, ofreciendo una alternativa intermedia que reduce las emisiones y mejora la eficiencia energ\u00e9tica.<\/p>\n<p>3.- Autobuses de Pila de Hidr\u00f3geno: Aunque menos comunes, estos autobuses utilizan mol\u00e9culas de hidr\u00f3geno (H\u2082) y ox\u00edgeno (O\u2082) para formar agua al tiempo que generan electricidad. Seg\u00fan la revista espa\u00f1ola, especializada en el sector del transporte de mercanc\u00edas (www.transporte3.com) la empresa Multinacional Coca-Cola participa en un programa piloto con un nuevo cami\u00f3n de pila de combustible de hidr\u00f3geno sin emisiones de la marca Toyota, con objeto de realizar operaciones de suministro a larga distancia.<\/p>\n<p>&nbsp;<\/p>\n<p><strong>Experiencias destacadas<\/strong><\/p>\n<ul>\n<li>En Bogot\u00e1, el sistema de autobuses de tr\u00e1nsito r\u00e1pido (BRT \u2013 TransMilenio) ha sido un ejemplo de \u00e9xito en la reducci\u00f3n de la congesti\u00f3n y la contaminaci\u00f3n. Con sus m\u00e1s de 1.589 autobuses el\u00e9ctricos en circulaci\u00f3n, Colombia se ha convertido en un l\u00edder en Am\u00e9rica Latina en la adopci\u00f3n de autobuses el\u00e9ctricos.<\/li>\n<li>A Nivel Uni\u00f3n Europea, Pa\u00edses Bajos con m\u00e1s del 27% de autobuses urbanos el\u00e9ctricos, demuestra la consolidaci\u00f3n de pol\u00edticas de apoyo y subvenciones p\u00fablicas para estimular la adopci\u00f3n de autobuses el\u00e9ctricos.<\/li>\n<\/ul>\n<p>&nbsp;<\/p>\n<p><strong>\u00bfC\u00f3mo podemos celebrar el D\u00eda Mundial del Transporte Sostenible?<\/strong><\/p>\n<p>Todo cambio, comienza con nuestras decisiones diarias. Algunas formas de apoyar un transporte sostenible en nuestras ciudades incluyen las siguientes iniciativas:<\/p>\n<ul>\n<li>Elije medios de transporte ecol\u00f3gicos como caminar, andar en bicicleta o usar transporte p\u00fablico.<\/li>\n<li>Reduce los viajes innecesarios o comparte trayectos con otros.<\/li>\n<li>Apoya pol\u00edticas e iniciativas locales que promuevan infraestructuras sostenibles, como estaciones de recarga para veh\u00edculos el\u00e9ctricos o la expansi\u00f3n de carriles para bicicletas, aunque ello nos genere molestia por la reducci\u00f3n de \u00e1reas de parqueo\/estacionamiento.<\/li>\n<\/ul>\n<p>En el D\u00eda Mundial del Transporte Sostenible, reafirmemos nuestro compromiso de avanzar hacia una movilidad que respete el medio ambiente y sea accesible para todos.<\/p>\n<p>&nbsp;<\/p>\n<p><em>El autor es Ingeniero Industrial \u2013 MBA PUC, Director Consultora RICS.<\/em><\/p>\n","protected":false},"excerpt":{"rendered":"<p>El pasado 26 de noviembre, se celebr\u00f3 el D\u00eda Mundial del Transporte Sostenible, fecha instaurada por la Asamblea General de las Naciones Unidas, que tiene como objetivo principal el resaltar la importancia del transporte como estrategia sostenible, en la reducci\u00f3n de las emisiones de gases de CO2, con el impacto ambiental que ello implica y [&hellip;]<\/p>\n","protected":false},"author":1,"featured_media":175118,"comment_status":"closed","ping_status":"open","sticky":false,"template":"","format":"standard","meta":{"_acf_changed":false,"footnotes":""},"categories":[9],"tags":[],"class_list":["post-265277","post","type-post","status-publish","format-standard","has-post-thumbnail","category-opinion"],"acf":{"antetitulo":""},"yoast_head":"<!-- This site is optimized with the Yoast SEO plugin v28.3 - https:\/\/yoast.com\/product\/yoast-seo-wordpress\/ -->\n<title>Transporte sostenible - El Diario - Bolivia<\/title>\n<meta name=\"robots\" content=\"index, follow, max-snippet:-1, max-image-preview:large, max-video-preview:-1\" \/>\n<link rel=\"canonical\" href=\"https:\/\/www.eldiario.net\/portal\/2024\/12\/03\/transporte-sostenible\/\" \/>\n<meta property=\"og:locale\" content=\"es_ES\" \/>\n<meta property=\"og:type\" content=\"article\" \/>\n<meta property=\"og:title\" content=\"Transporte sostenible - El Diario - Bolivia\" \/>\n<meta property=\"og:description\" content=\"El pasado 26 de noviembre, se celebr\u00f3 el D\u00eda Mundial del Transporte Sostenible, fecha instaurada por la Asamblea General de las Naciones Unidas, que tiene como objetivo principal el resaltar la importancia del transporte como estrategia sostenible, en la reducci\u00f3n de las emisiones de gases de CO2, con el impacto ambiental que ello implica y [&hellip;]\" \/>\n<meta property=\"og:url\" content=\"https:\/\/www.eldiario.net\/portal\/2024\/12\/03\/transporte-sostenible\/\" \/>\n<meta property=\"og:site_name\" content=\"El Diario - Bolivia\" \/>\n<meta property=\"article:publisher\" content=\"https:\/\/www.facebook.com\/eldiario.bolivia\/\" \/>\n<meta property=\"article:published_time\" content=\"2024-12-03T09:50:49+00:00\" \/>\n<meta property=\"og:image\" content=\"https:\/\/www.eldiario.net\/portal\/wp-content\/uploads\/2023\/09\/Ramiro-Iturri-Gonzales.jpg\" \/>\n\t<meta property=\"og:image:width\" content=\"1200\" \/>\n\t<meta property=\"og:image:height\" content=\"628\" \/>\n\t<meta property=\"og:image:type\" content=\"image\/jpeg\" \/>\n<meta name=\"author\" content=\"Jeanette\" \/>\n<meta name=\"twitter:card\" content=\"summary_large_image\" \/>\n<meta name=\"twitter:creator\" content=\"@eldiario_net\" \/>\n<meta name=\"twitter:site\" content=\"@eldiario_net\" \/>\n<meta name=\"twitter:label1\" content=\"Escrito por\" \/>\n\t<meta name=\"twitter:data1\" content=\"Jeanette\" \/>\n\t<meta name=\"twitter:label2\" content=\"Tiempo de lectura\" \/>\n\t<meta name=\"twitter:data2\" content=\"5 minutos\" \/>\n<script type=\"application\/ld+json\" class=\"yoast-schema-graph\">{\"@context\":\"https:\\\/\\\/schema.org\",\"@graph\":[{\"@type\":\"Article\",\"@id\":\"https:\\\/\\\/www.eldiario.net\\\/portal\\\/2024\\\/12\\\/03\\\/transporte-sostenible\\\/#article\",\"isPartOf\":{\"@id\":\"https:\\\/\\\/www.eldiario.net\\\/portal\\\/2024\\\/12\\\/03\\\/transporte-sostenible\\\/\"},\"author\":{\"name\":\"Jeanette\",\"@id\":\"https:\\\/\\\/www.eldiario.net\\\/portal\\\/#\\\/schema\\\/person\\\/f46445640444750d7d753ccd04ae01b7\"},\"headline\":\"Transporte sostenible\",\"datePublished\":\"2024-12-03T09:50:49+00:00\",\"mainEntityOfPage\":{\"@id\":\"https:\\\/\\\/www.eldiario.net\\\/portal\\\/2024\\\/12\\\/03\\\/transporte-sostenible\\\/\"},\"wordCount\":974,\"publisher\":{\"@id\":\"https:\\\/\\\/www.eldiario.net\\\/portal\\\/#organization\"},\"image\":{\"@id\":\"https:\\\/\\\/www.eldiario.net\\\/portal\\\/2024\\\/12\\\/03\\\/transporte-sostenible\\\/#primaryimage\"},\"thumbnailUrl\":\"https:\\\/\\\/www.eldiario.net\\\/portal\\\/wp-content\\\/uploads\\\/2023\\\/09\\\/Ramiro-Iturri-Gonzales.jpg\",\"articleSection\":[\"Opini\u00f3n\"],\"inLanguage\":\"es\"},{\"@type\":\"WebPage\",\"@id\":\"https:\\\/\\\/www.eldiario.net\\\/portal\\\/2024\\\/12\\\/03\\\/transporte-sostenible\\\/\",\"url\":\"https:\\\/\\\/www.eldiario.net\\\/portal\\\/2024\\\/12\\\/03\\\/transporte-sostenible\\\/\",\"name\":\"Transporte sostenible - El Diario - Bolivia\",\"isPartOf\":{\"@id\":\"https:\\\/\\\/www.eldiario.net\\\/portal\\\/#website\"},\"primaryImageOfPage\":{\"@id\":\"https:\\\/\\\/www.eldiario.net\\\/portal\\\/2024\\\/12\\\/03\\\/transporte-sostenible\\\/#primaryimage\"},\"image\":{\"@id\":\"https:\\\/\\\/www.eldiario.net\\\/portal\\\/2024\\\/12\\\/03\\\/transporte-sostenible\\\/#primaryimage\"},\"thumbnailUrl\":\"https:\\\/\\\/www.eldiario.net\\\/portal\\\/wp-content\\\/uploads\\\/2023\\\/09\\\/Ramiro-Iturri-Gonzales.jpg\",\"datePublished\":\"2024-12-03T09:50:49+00:00\",\"breadcrumb\":{\"@id\":\"https:\\\/\\\/www.eldiario.net\\\/portal\\\/2024\\\/12\\\/03\\\/transporte-sostenible\\\/#breadcrumb\"},\"inLanguage\":\"es\",\"potentialAction\":[{\"@type\":\"ReadAction\",\"target\":[\"https:\\\/\\\/www.eldiario.net\\\/portal\\\/2024\\\/12\\\/03\\\/transporte-sostenible\\\/\"]}]},{\"@type\":\"ImageObject\",\"inLanguage\":\"es\",\"@id\":\"https:\\\/\\\/www.eldiario.net\\\/portal\\\/2024\\\/12\\\/03\\\/transporte-sostenible\\\/#primaryimage\",\"url\":\"https:\\\/\\\/www.eldiario.net\\\/portal\\\/wp-content\\\/uploads\\\/2023\\\/09\\\/Ramiro-Iturri-Gonzales.jpg\",\"contentUrl\":\"https:\\\/\\\/www.eldiario.net\\\/portal\\\/wp-content\\\/uploads\\\/2023\\\/09\\\/Ramiro-Iturri-Gonzales.jpg\",\"width\":1200,\"height\":628,\"caption\":\"Ramiro Iturri Gonzales\"},{\"@type\":\"BreadcrumbList\",\"@id\":\"https:\\\/\\\/www.eldiario.net\\\/portal\\\/2024\\\/12\\\/03\\\/transporte-sostenible\\\/#breadcrumb\",\"itemListElement\":[{\"@type\":\"ListItem\",\"position\":1,\"name\":\"Portada\",\"item\":\"https:\\\/\\\/www.eldiario.net\\\/portal\\\/\"},{\"@type\":\"ListItem\",\"position\":2,\"name\":\"Transporte sostenible\"}]},{\"@type\":\"WebSite\",\"@id\":\"https:\\\/\\\/www.eldiario.net\\\/portal\\\/#website\",\"url\":\"https:\\\/\\\/www.eldiario.net\\\/portal\\\/\",\"name\":\"El Diario - Decano de la prensa nacional\",\"description\":\"El Diario - Decano de la prensa nacional\",\"publisher\":{\"@id\":\"https:\\\/\\\/www.eldiario.net\\\/portal\\\/#organization\"},\"potentialAction\":[{\"@type\":\"SearchAction\",\"target\":{\"@type\":\"EntryPoint\",\"urlTemplate\":\"https:\\\/\\\/www.eldiario.net\\\/portal\\\/?s={search_term_string}\"},\"query-input\":{\"@type\":\"PropertyValueSpecification\",\"valueRequired\":true,\"valueName\":\"search_term_string\"}}],\"inLanguage\":\"es\"},{\"@type\":\"Organization\",\"@id\":\"https:\\\/\\\/www.eldiario.net\\\/portal\\\/#organization\",\"name\":\"El Diario - Decano de la prensa nacional\",\"url\":\"https:\\\/\\\/www.eldiario.net\\\/portal\\\/\",\"logo\":{\"@type\":\"ImageObject\",\"inLanguage\":\"es\",\"@id\":\"https:\\\/\\\/www.eldiario.net\\\/portal\\\/#\\\/schema\\\/logo\\\/image\\\/\",\"url\":\"https:\\\/\\\/www.eldiario.net\\\/portal\\\/wp-content\\\/uploads\\\/2023\\\/07\\\/logo_ED.jpg\",\"contentUrl\":\"https:\\\/\\\/www.eldiario.net\\\/portal\\\/wp-content\\\/uploads\\\/2023\\\/07\\\/logo_ED.jpg\",\"width\":272,\"height\":52,\"caption\":\"El Diario - Decano de la prensa nacional\"},\"image\":{\"@id\":\"https:\\\/\\\/www.eldiario.net\\\/portal\\\/#\\\/schema\\\/logo\\\/image\\\/\"},\"sameAs\":[\"https:\\\/\\\/www.facebook.com\\\/eldiario.bolivia\\\/\",\"https:\\\/\\\/x.com\\\/eldiario_net\"]},{\"@type\":\"Person\",\"@id\":\"https:\\\/\\\/www.eldiario.net\\\/portal\\\/#\\\/schema\\\/person\\\/f46445640444750d7d753ccd04ae01b7\",\"name\":\"Jeanette\",\"image\":{\"@type\":\"ImageObject\",\"inLanguage\":\"es\",\"@id\":\"https:\\\/\\\/secure.gravatar.com\\\/avatar\\\/3ea2118a5f7dad2b7138b1187a6b7ee55f160b9968b66013c3a3ef39dd7e5798?s=96&d=mm&r=g\",\"url\":\"https:\\\/\\\/secure.gravatar.com\\\/avatar\\\/3ea2118a5f7dad2b7138b1187a6b7ee55f160b9968b66013c3a3ef39dd7e5798?s=96&d=mm&r=g\",\"contentUrl\":\"https:\\\/\\\/secure.gravatar.com\\\/avatar\\\/3ea2118a5f7dad2b7138b1187a6b7ee55f160b9968b66013c3a3ef39dd7e5798?s=96&d=mm&r=g\",\"caption\":\"Jeanette\"},\"sameAs\":[\"https:\\\/\\\/www.eldiario.net\\\/portal\"],\"url\":\"https:\\\/\\\/www.eldiario.net\\\/portal\\\/author\\\/jeanette\\\/\"}]}<\/script>\n<!-- \/ Yoast SEO plugin. -->","yoast_head_json":{"title":"Transporte sostenible - El Diario - Bolivia","robots":{"index":"index","follow":"follow","max-snippet":"max-snippet:-1","max-image-preview":"max-image-preview:large","max-video-preview":"max-video-preview:-1"},"canonical":"https:\/\/www.eldiario.net\/portal\/2024\/12\/03\/transporte-sostenible\/","og_locale":"es_ES","og_type":"article","og_title":"Transporte sostenible - El Diario - Bolivia","og_description":"El pasado 26 de noviembre, se celebr\u00f3 el D\u00eda Mundial del Transporte Sostenible, fecha instaurada por la Asamblea General de las Naciones Unidas, que tiene como objetivo principal el resaltar la importancia del transporte como estrategia sostenible, en la reducci\u00f3n de las emisiones de gases de CO2, con el impacto ambiental que ello implica y [&hellip;]","og_url":"https:\/\/www.eldiario.net\/portal\/2024\/12\/03\/transporte-sostenible\/","og_site_name":"El Diario - Bolivia","article_publisher":"https:\/\/www.facebook.com\/eldiario.bolivia\/","article_published_time":"2024-12-03T09:50:49+00:00","og_image":[{"width":1200,"height":628,"url":"https:\/\/www.eldiario.net\/portal\/wp-content\/uploads\/2023\/09\/Ramiro-Iturri-Gonzales.jpg","type":"image\/jpeg"}],"author":"Jeanette","twitter_card":"summary_large_image","twitter_creator":"@eldiario_net","twitter_site":"@eldiario_net","twitter_misc":{"Escrito por":"Jeanette","Tiempo de lectura":"5 minutos"},"schema":{"@context":"https:\/\/schema.org","@graph":[{"@type":"Article","@id":"https:\/\/www.eldiario.net\/portal\/2024\/12\/03\/transporte-sostenible\/#article","isPartOf":{"@id":"https:\/\/www.eldiario.net\/portal\/2024\/12\/03\/transporte-sostenible\/"},"author":{"name":"Jeanette","@id":"https:\/\/www.eldiario.net\/portal\/#\/schema\/person\/f46445640444750d7d753ccd04ae01b7"},"headline":"Transporte sostenible","datePublished":"2024-12-03T09:50:49+00:00","mainEntityOfPage":{"@id":"https:\/\/www.eldiario.net\/portal\/2024\/12\/03\/transporte-sostenible\/"},"wordCount":974,"publisher":{"@id":"https:\/\/www.eldiario.net\/portal\/#organization"},"image":{"@id":"https:\/\/www.eldiario.net\/portal\/2024\/12\/03\/transporte-sostenible\/#primaryimage"},"thumbnailUrl":"https:\/\/www.eldiario.net\/portal\/wp-content\/uploads\/2023\/09\/Ramiro-Iturri-Gonzales.jpg","articleSection":["Opini\u00f3n"],"inLanguage":"es"},{"@type":"WebPage","@id":"https:\/\/www.eldiario.net\/portal\/2024\/12\/03\/transporte-sostenible\/","url":"https:\/\/www.eldiario.net\/portal\/2024\/12\/03\/transporte-sostenible\/","name":"Transporte sostenible - El Diario - Bolivia","isPartOf":{"@id":"https:\/\/www.eldiario.net\/portal\/#website"},"primaryImageOfPage":{"@id":"https:\/\/www.eldiario.net\/portal\/2024\/12\/03\/transporte-sostenible\/#primaryimage"},"image":{"@id":"https:\/\/www.eldiario.net\/portal\/2024\/12\/03\/transporte-sostenible\/#primaryimage"},"thumbnailUrl":"https:\/\/www.eldiario.net\/portal\/wp-content\/uploads\/2023\/09\/Ramiro-Iturri-Gonzales.jpg","datePublished":"2024-12-03T09:50:49+00:00","breadcrumb":{"@id":"https:\/\/www.eldiario.net\/portal\/2024\/12\/03\/transporte-sostenible\/#breadcrumb"},"inLanguage":"es","potentialAction":[{"@type":"ReadAction","target":["https:\/\/www.eldiario.net\/portal\/2024\/12\/03\/transporte-sostenible\/"]}]},{"@type":"ImageObject","inLanguage":"es","@id":"https:\/\/www.eldiario.net\/portal\/2024\/12\/03\/transporte-sostenible\/#primaryimage","url":"https:\/\/www.eldiario.net\/portal\/wp-content\/uploads\/2023\/09\/Ramiro-Iturri-Gonzales.jpg","contentUrl":"https:\/\/www.eldiario.net\/portal\/wp-content\/uploads\/2023\/09\/Ramiro-Iturri-Gonzales.jpg","width":1200,"height":628,"caption":"Ramiro Iturri Gonzales"},{"@type":"BreadcrumbList","@id":"https:\/\/www.eldiario.net\/portal\/2024\/12\/03\/transporte-sostenible\/#breadcrumb","itemListElement":[{"@type":"ListItem","position":1,"name":"Portada","item":"https:\/\/www.eldiario.net\/portal\/"},{"@type":"ListItem","position":2,"name":"Transporte sostenible"}]},{"@type":"WebSite","@id":"https:\/\/www.eldiario.net\/portal\/#website","url":"https:\/\/www.eldiario.net\/portal\/","name":"El Diario - Decano de la prensa nacional","description":"El Diario - Decano de la prensa nacional","publisher":{"@id":"https:\/\/www.eldiario.net\/portal\/#organization"},"potentialAction":[{"@type":"SearchAction","target":{"@type":"EntryPoint","urlTemplate":"https:\/\/www.eldiario.net\/portal\/?s={search_term_string}"},"query-input":{"@type":"PropertyValueSpecification","valueRequired":true,"valueName":"search_term_string"}}],"inLanguage":"es"},{"@type":"Organization","@id":"https:\/\/www.eldiario.net\/portal\/#organization","name":"El Diario - Decano de la prensa nacional","url":"https:\/\/www.eldiario.net\/portal\/","logo":{"@type":"ImageObject","inLanguage":"es","@id":"https:\/\/www.eldiario.net\/portal\/#\/schema\/logo\/image\/","url":"https:\/\/www.eldiario.net\/portal\/wp-content\/uploads\/2023\/07\/logo_ED.jpg","contentUrl":"https:\/\/www.eldiario.net\/portal\/wp-content\/uploads\/2023\/07\/logo_ED.jpg","width":272,"height":52,"caption":"El Diario - Decano de la prensa nacional"},"image":{"@id":"https:\/\/www.eldiario.net\/portal\/#\/schema\/logo\/image\/"},"sameAs":["https:\/\/www.facebook.com\/eldiario.bolivia\/","https:\/\/x.com\/eldiario_net"]},{"@type":"Person","@id":"https:\/\/www.eldiario.net\/portal\/#\/schema\/person\/f46445640444750d7d753ccd04ae01b7","name":"Jeanette","image":{"@type":"ImageObject","inLanguage":"es","@id":"https:\/\/secure.gravatar.com\/avatar\/3ea2118a5f7dad2b7138b1187a6b7ee55f160b9968b66013c3a3ef39dd7e5798?s=96&d=mm&r=g","url":"https:\/\/secure.gravatar.com\/avatar\/3ea2118a5f7dad2b7138b1187a6b7ee55f160b9968b66013c3a3ef39dd7e5798?s=96&d=mm&r=g","contentUrl":"https:\/\/secure.gravatar.com\/avatar\/3ea2118a5f7dad2b7138b1187a6b7ee55f160b9968b66013c3a3ef39dd7e5798?s=96&d=mm&r=g","caption":"Jeanette"},"sameAs":["https:\/\/www.eldiario.net\/portal"],"url":"https:\/\/www.eldiario.net\/portal\/author\/jeanette\/"}]}},"_links":{"self":[{"href":"https:\/\/www.eldiario.net\/portal\/wp-json\/wp\/v2\/posts\/265277","targetHints":{"allow":["GET"]}}],"collection":[{"href":"https:\/\/www.eldiario.net\/portal\/wp-json\/wp\/v2\/posts"}],"about":[{"href":"https:\/\/www.eldiario.net\/portal\/wp-json\/wp\/v2\/types\/post"}],"author":[{"embeddable":true,"href":"https:\/\/www.eldiario.net\/portal\/wp-json\/wp\/v2\/users\/1"}],"replies":[{"embeddable":true,"href":"https:\/\/www.eldiario.net\/portal\/wp-json\/wp\/v2\/comments?post=265277"}],"version-history":[{"count":1,"href":"https:\/\/www.eldiario.net\/portal\/wp-json\/wp\/v2\/posts\/265277\/revisions"}],"predecessor-version":[{"id":265278,"href":"https:\/\/www.eldiario.net\/portal\/wp-json\/wp\/v2\/posts\/265277\/revisions\/265278"}],"wp:featuredmedia":[{"embeddable":true,"href":"https:\/\/www.eldiario.net\/portal\/wp-json\/wp\/v2\/media\/175118"}],"wp:attachment":[{"href":"https:\/\/www.eldiario.net\/portal\/wp-json\/wp\/v2\/media?parent=265277"}],"wp:term":[{"taxonomy":"category","embeddable":true,"href":"https:\/\/www.eldiario.net\/portal\/wp-json\/wp\/v2\/categories?post=265277"},{"taxonomy":"post_tag","embeddable":true,"href":"https:\/\/www.eldiario.net\/portal\/wp-json\/wp\/v2\/tags?post=265277"}],"curies":[{"name":"wp","href":"https:\/\/api.w.org\/{rel}","templated":true}]}}