{"id":265273,"date":"2024-12-03T05:49:39","date_gmt":"2024-12-03T09:49:39","guid":{"rendered":"https:\/\/www.eldiario.net\/portal\/?p=265273"},"modified":"2024-12-03T05:49:39","modified_gmt":"2024-12-03T09:49:39","slug":"quien-se-llevo-el-congreso-educativo","status":"publish","type":"post","link":"https:\/\/www.eldiario.net\/portal\/2024\/12\/03\/quien-se-llevo-el-congreso-educativo\/","title":{"rendered":"\u00bfQui\u00e9n se llev\u00f3 el Congreso Educativo?"},"content":{"rendered":"<p>Hace poco, estudiantes de la Escuela Superior de Formaci\u00f3n de Maestros \u201cSim\u00f3n Bol\u00edvar\u201d de la ciudad de La Paz, en visita e intercambio de experiencias con sus pares de \u201cVilla Aroma\u201d; presentaron una obra teatral titulada: \u00bfQui\u00e9n se llev\u00f3 mi PEC?, muy llamativo y reflexivo para los directores de unidades educativas, ya que cuando los normalistas salen a sus Pr\u00e1cticas Educativas Comunitarias (PEC), encuentran una serie exigencias de la autoridad educativa, que nada tienen que ver con las pr\u00e1cticas did\u00e1cticas.<\/p>\n<p>Entonces, prest\u00e1ndome parte del t\u00edtulo de la obra; este art\u00edculo de opini\u00f3n lo he titulado interrogativamente: \u00bfQui\u00e9n se llev\u00f3 el Congreso Educativo?, haciendo referencia al an\u00e1lisis cr\u00edtico de la recientemente concluido Congreso Plurinacional de la Educaci\u00f3n, llevado a cabo en la ciudad de Tarija del 25 al 29 de noviembre de 2024, con asistencia de 720 congresales, organizados en 32 comisiones o mesas de debate.<\/p>\n<p>El presidente Luis Arce Catacora, en acto inaugural propala una serie de aciertos y desaciertos alcanzados con la Ley 070 de la Educaci\u00f3n \u201cAvelino Si\u00f1ani \u2013 Elizardo P\u00e9rez\u201d, concreci\u00f3n de pol\u00edticas educativas, recomendando a los congresales corregir errores cometidos en el pasado. Entre ellos, la posibilidad de ejercer mayor exigencia a los estudiantes por parte de los docentes en los procesos de aprendizaje de la lectura, escritura y razonamiento l\u00f3gico matem\u00e1tico (mejoramiento de la calidad educativa).<\/p>\n<p>Presumimos, ingenuamente, que de este c\u00f3nclave iban a emerger decisiones educativas estructurales que, convertidas en pol\u00edticas educativas de corto, mediano y largo plazo, beneficien al mejoramiento de la calidad de la educaci\u00f3n boliviana. Sin embargo, parece que cinco d\u00edas de debate no fueron suficientes, terminaron s\u00f3lo en violencia y trifulca entre congresales sin propuestas claras, que, quiz\u00e1s imitando a los diputados del \u00d3rgano Legislativo, brindaron un espect\u00e1culo bochornoso a los ni\u00f1os y ciudadan\u00eda del pa\u00eds.<\/p>\n<p>Hubo violencia verbal y agresiones f\u00edsicas que despistaron la esencia del congreso: \u201cDiscusi\u00f3n y debate profundo para establecer pol\u00edticas educativas, corrigiendo errores cometidos en el pasado\u201d. Terminar un congreso de tal magnitud y significado sin conclusiones y recomendaciones finales, es una aberraci\u00f3n imperdonable a los 720 congresales, especialmente al pres\u00eddium del evento, que no tuvo la virtud de mediar e intermediar en las discusiones entre los maestros urbanos y rurales. Y creemos que \u00e9stos fueron solo para justificar su asistencia (politizaci\u00f3n).<\/p>\n<p>Como acuerdos o logro congresal se puede mencionar intuitivamente solo tres aspectos: Asignaci\u00f3n del presupuesto al sector educativo del 33% del Tesoro General del Estado, pago del Bono Juancito Pinto desde nivel inicial (ni\u00f1os de 4 y 5 a\u00f1os) y modificaci\u00f3n de la malla curricular y carga horaria del Sistema Educativo. Aspectos que seguramente todav\u00eda requerir\u00e1n discusiones largas entre dirigentes sindicales y gobernantes de turno, para posteriormente concretar, ejecutar y aplicar a la realidad educativa de los beneficiarios de Bolivia.<\/p>\n<p>Finalmente, indicamos que, por estos antecedentes, hemos titulado este art\u00edculo de opini\u00f3n como pregunta sugestiva, incluso se puede decir de forma jocosa: \u201c\u00bfQui\u00e9n se llev\u00f3 el Congreso Educativo?\u201d. Como respuesta, sabemos que nadie gan\u00f3 en los debates, peor a\u00fan, nadie hizo caso a las reflexiones y recomendaciones del se\u00f1or presidente. En ese sentido, podemos concluir que el Congreso Plurinacional de la Educaci\u00f3n, fue un absoluto fracaso, un saludo a la bandera que, desde un inicio, busc\u00f3 a toda costa y encontr\u00f3 motivos para mantener la Ley 070 de la Educaci\u00f3n, intacta e intocable por otros cinco a\u00f1os.<\/p>\n<p>&nbsp;<\/p>\n<p>raulalberto1911@gmail.com<\/p>\n","protected":false},"excerpt":{"rendered":"<p>Hace poco, estudiantes de la Escuela Superior de Formaci\u00f3n de Maestros \u201cSim\u00f3n Bol\u00edvar\u201d de la ciudad de La Paz, en visita e intercambio de experiencias con sus pares de \u201cVilla Aroma\u201d; presentaron una obra teatral titulada: \u00bfQui\u00e9n se llev\u00f3 mi PEC?, muy llamativo y reflexivo para los directores de unidades educativas, ya que cuando los [&hellip;]<\/p>\n","protected":false},"author":1,"featured_media":171059,"comment_status":"closed","ping_status":"open","sticky":false,"template":"","format":"standard","meta":{"_acf_changed":false,"footnotes":""},"categories":[9],"tags":[],"class_list":["post-265273","post","type-post","status-publish","format-standard","has-post-thumbnail","category-opinion"],"acf":{"antetitulo":""},"yoast_head":"<!-- This site is optimized with the Yoast SEO plugin v28.3 - https:\/\/yoast.com\/product\/yoast-seo-wordpress\/ -->\n<title>\u00bfQui\u00e9n se llev\u00f3 el Congreso Educativo? - El Diario - Bolivia<\/title>\n<meta name=\"robots\" content=\"index, follow, max-snippet:-1, max-image-preview:large, max-video-preview:-1\" \/>\n<link rel=\"canonical\" href=\"https:\/\/www.eldiario.net\/portal\/2024\/12\/03\/quien-se-llevo-el-congreso-educativo\/\" \/>\n<meta property=\"og:locale\" content=\"es_ES\" \/>\n<meta property=\"og:type\" content=\"article\" \/>\n<meta property=\"og:title\" content=\"\u00bfQui\u00e9n se llev\u00f3 el Congreso Educativo? - El Diario - Bolivia\" \/>\n<meta property=\"og:description\" content=\"Hace poco, estudiantes de la Escuela Superior de Formaci\u00f3n de Maestros \u201cSim\u00f3n Bol\u00edvar\u201d de la ciudad de La Paz, en visita e intercambio de experiencias con sus pares de \u201cVilla Aroma\u201d; presentaron una obra teatral titulada: \u00bfQui\u00e9n se llev\u00f3 mi PEC?, muy llamativo y reflexivo para los directores de unidades educativas, ya que cuando los [&hellip;]\" \/>\n<meta property=\"og:url\" content=\"https:\/\/www.eldiario.net\/portal\/2024\/12\/03\/quien-se-llevo-el-congreso-educativo\/\" \/>\n<meta property=\"og:site_name\" content=\"El Diario - Bolivia\" \/>\n<meta property=\"article:publisher\" content=\"https:\/\/www.facebook.com\/eldiario.bolivia\/\" \/>\n<meta property=\"article:published_time\" content=\"2024-12-03T09:49:39+00:00\" \/>\n<meta property=\"og:image\" content=\"https:\/\/www.eldiario.net\/portal\/wp-content\/uploads\/2023\/08\/Raul-Alberto-Quispe-Catacora.jpg\" \/>\n\t<meta property=\"og:image:width\" content=\"1200\" \/>\n\t<meta property=\"og:image:height\" content=\"628\" \/>\n\t<meta property=\"og:image:type\" content=\"image\/jpeg\" \/>\n<meta name=\"author\" content=\"Jeanette\" \/>\n<meta name=\"twitter:card\" content=\"summary_large_image\" \/>\n<meta name=\"twitter:creator\" content=\"@eldiario_net\" \/>\n<meta name=\"twitter:site\" content=\"@eldiario_net\" \/>\n<meta name=\"twitter:label1\" content=\"Escrito por\" \/>\n\t<meta name=\"twitter:data1\" content=\"Jeanette\" \/>\n\t<meta name=\"twitter:label2\" content=\"Tiempo de lectura\" \/>\n\t<meta name=\"twitter:data2\" content=\"3 minutos\" \/>\n<script type=\"application\/ld+json\" class=\"yoast-schema-graph\">{\"@context\":\"https:\\\/\\\/schema.org\",\"@graph\":[{\"@type\":\"Article\",\"@id\":\"https:\\\/\\\/www.eldiario.net\\\/portal\\\/2024\\\/12\\\/03\\\/quien-se-llevo-el-congreso-educativo\\\/#article\",\"isPartOf\":{\"@id\":\"https:\\\/\\\/www.eldiario.net\\\/portal\\\/2024\\\/12\\\/03\\\/quien-se-llevo-el-congreso-educativo\\\/\"},\"author\":{\"name\":\"Jeanette\",\"@id\":\"https:\\\/\\\/www.eldiario.net\\\/portal\\\/#\\\/schema\\\/person\\\/f46445640444750d7d753ccd04ae01b7\"},\"headline\":\"\u00bfQui\u00e9n se llev\u00f3 el Congreso Educativo?\",\"datePublished\":\"2024-12-03T09:49:39+00:00\",\"mainEntityOfPage\":{\"@id\":\"https:\\\/\\\/www.eldiario.net\\\/portal\\\/2024\\\/12\\\/03\\\/quien-se-llevo-el-congreso-educativo\\\/\"},\"wordCount\":605,\"publisher\":{\"@id\":\"https:\\\/\\\/www.eldiario.net\\\/portal\\\/#organization\"},\"image\":{\"@id\":\"https:\\\/\\\/www.eldiario.net\\\/portal\\\/2024\\\/12\\\/03\\\/quien-se-llevo-el-congreso-educativo\\\/#primaryimage\"},\"thumbnailUrl\":\"https:\\\/\\\/www.eldiario.net\\\/portal\\\/wp-content\\\/uploads\\\/2023\\\/08\\\/Raul-Alberto-Quispe-Catacora.jpg\",\"articleSection\":[\"Opini\u00f3n\"],\"inLanguage\":\"es\"},{\"@type\":\"WebPage\",\"@id\":\"https:\\\/\\\/www.eldiario.net\\\/portal\\\/2024\\\/12\\\/03\\\/quien-se-llevo-el-congreso-educativo\\\/\",\"url\":\"https:\\\/\\\/www.eldiario.net\\\/portal\\\/2024\\\/12\\\/03\\\/quien-se-llevo-el-congreso-educativo\\\/\",\"name\":\"\u00bfQui\u00e9n se llev\u00f3 el Congreso Educativo? - El Diario - Bolivia\",\"isPartOf\":{\"@id\":\"https:\\\/\\\/www.eldiario.net\\\/portal\\\/#website\"},\"primaryImageOfPage\":{\"@id\":\"https:\\\/\\\/www.eldiario.net\\\/portal\\\/2024\\\/12\\\/03\\\/quien-se-llevo-el-congreso-educativo\\\/#primaryimage\"},\"image\":{\"@id\":\"https:\\\/\\\/www.eldiario.net\\\/portal\\\/2024\\\/12\\\/03\\\/quien-se-llevo-el-congreso-educativo\\\/#primaryimage\"},\"thumbnailUrl\":\"https:\\\/\\\/www.eldiario.net\\\/portal\\\/wp-content\\\/uploads\\\/2023\\\/08\\\/Raul-Alberto-Quispe-Catacora.jpg\",\"datePublished\":\"2024-12-03T09:49:39+00:00\",\"breadcrumb\":{\"@id\":\"https:\\\/\\\/www.eldiario.net\\\/portal\\\/2024\\\/12\\\/03\\\/quien-se-llevo-el-congreso-educativo\\\/#breadcrumb\"},\"inLanguage\":\"es\",\"potentialAction\":[{\"@type\":\"ReadAction\",\"target\":[\"https:\\\/\\\/www.eldiario.net\\\/portal\\\/2024\\\/12\\\/03\\\/quien-se-llevo-el-congreso-educativo\\\/\"]}]},{\"@type\":\"ImageObject\",\"inLanguage\":\"es\",\"@id\":\"https:\\\/\\\/www.eldiario.net\\\/portal\\\/2024\\\/12\\\/03\\\/quien-se-llevo-el-congreso-educativo\\\/#primaryimage\",\"url\":\"https:\\\/\\\/www.eldiario.net\\\/portal\\\/wp-content\\\/uploads\\\/2023\\\/08\\\/Raul-Alberto-Quispe-Catacora.jpg\",\"contentUrl\":\"https:\\\/\\\/www.eldiario.net\\\/portal\\\/wp-content\\\/uploads\\\/2023\\\/08\\\/Raul-Alberto-Quispe-Catacora.jpg\",\"width\":1200,\"height\":628,\"caption\":\"Ra\u00fal Alberto Quispe Catacora\"},{\"@type\":\"BreadcrumbList\",\"@id\":\"https:\\\/\\\/www.eldiario.net\\\/portal\\\/2024\\\/12\\\/03\\\/quien-se-llevo-el-congreso-educativo\\\/#breadcrumb\",\"itemListElement\":[{\"@type\":\"ListItem\",\"position\":1,\"name\":\"Portada\",\"item\":\"https:\\\/\\\/www.eldiario.net\\\/portal\\\/\"},{\"@type\":\"ListItem\",\"position\":2,\"name\":\"\u00bfQui\u00e9n se llev\u00f3 el Congreso Educativo?\"}]},{\"@type\":\"WebSite\",\"@id\":\"https:\\\/\\\/www.eldiario.net\\\/portal\\\/#website\",\"url\":\"https:\\\/\\\/www.eldiario.net\\\/portal\\\/\",\"name\":\"El Diario - Decano de la prensa nacional\",\"description\":\"El Diario - Decano de la prensa nacional\",\"publisher\":{\"@id\":\"https:\\\/\\\/www.eldiario.net\\\/portal\\\/#organization\"},\"potentialAction\":[{\"@type\":\"SearchAction\",\"target\":{\"@type\":\"EntryPoint\",\"urlTemplate\":\"https:\\\/\\\/www.eldiario.net\\\/portal\\\/?s={search_term_string}\"},\"query-input\":{\"@type\":\"PropertyValueSpecification\",\"valueRequired\":true,\"valueName\":\"search_term_string\"}}],\"inLanguage\":\"es\"},{\"@type\":\"Organization\",\"@id\":\"https:\\\/\\\/www.eldiario.net\\\/portal\\\/#organization\",\"name\":\"El Diario - Decano de la prensa nacional\",\"url\":\"https:\\\/\\\/www.eldiario.net\\\/portal\\\/\",\"logo\":{\"@type\":\"ImageObject\",\"inLanguage\":\"es\",\"@id\":\"https:\\\/\\\/www.eldiario.net\\\/portal\\\/#\\\/schema\\\/logo\\\/image\\\/\",\"url\":\"https:\\\/\\\/www.eldiario.net\\\/portal\\\/wp-content\\\/uploads\\\/2023\\\/07\\\/logo_ED.jpg\",\"contentUrl\":\"https:\\\/\\\/www.eldiario.net\\\/portal\\\/wp-content\\\/uploads\\\/2023\\\/07\\\/logo_ED.jpg\",\"width\":272,\"height\":52,\"caption\":\"El Diario - Decano de la prensa nacional\"},\"image\":{\"@id\":\"https:\\\/\\\/www.eldiario.net\\\/portal\\\/#\\\/schema\\\/logo\\\/image\\\/\"},\"sameAs\":[\"https:\\\/\\\/www.facebook.com\\\/eldiario.bolivia\\\/\",\"https:\\\/\\\/x.com\\\/eldiario_net\"]},{\"@type\":\"Person\",\"@id\":\"https:\\\/\\\/www.eldiario.net\\\/portal\\\/#\\\/schema\\\/person\\\/f46445640444750d7d753ccd04ae01b7\",\"name\":\"Jeanette\",\"image\":{\"@type\":\"ImageObject\",\"inLanguage\":\"es\",\"@id\":\"https:\\\/\\\/secure.gravatar.com\\\/avatar\\\/3ea2118a5f7dad2b7138b1187a6b7ee55f160b9968b66013c3a3ef39dd7e5798?s=96&d=mm&r=g\",\"url\":\"https:\\\/\\\/secure.gravatar.com\\\/avatar\\\/3ea2118a5f7dad2b7138b1187a6b7ee55f160b9968b66013c3a3ef39dd7e5798?s=96&d=mm&r=g\",\"contentUrl\":\"https:\\\/\\\/secure.gravatar.com\\\/avatar\\\/3ea2118a5f7dad2b7138b1187a6b7ee55f160b9968b66013c3a3ef39dd7e5798?s=96&d=mm&r=g\",\"caption\":\"Jeanette\"},\"sameAs\":[\"https:\\\/\\\/www.eldiario.net\\\/portal\"],\"url\":\"https:\\\/\\\/www.eldiario.net\\\/portal\\\/author\\\/jeanette\\\/\"}]}<\/script>\n<!-- \/ Yoast SEO plugin. -->","yoast_head_json":{"title":"\u00bfQui\u00e9n se llev\u00f3 el Congreso Educativo? - El Diario - Bolivia","robots":{"index":"index","follow":"follow","max-snippet":"max-snippet:-1","max-image-preview":"max-image-preview:large","max-video-preview":"max-video-preview:-1"},"canonical":"https:\/\/www.eldiario.net\/portal\/2024\/12\/03\/quien-se-llevo-el-congreso-educativo\/","og_locale":"es_ES","og_type":"article","og_title":"\u00bfQui\u00e9n se llev\u00f3 el Congreso Educativo? - El Diario - Bolivia","og_description":"Hace poco, estudiantes de la Escuela Superior de Formaci\u00f3n de Maestros \u201cSim\u00f3n Bol\u00edvar\u201d de la ciudad de La Paz, en visita e intercambio de experiencias con sus pares de \u201cVilla Aroma\u201d; presentaron una obra teatral titulada: \u00bfQui\u00e9n se llev\u00f3 mi PEC?, muy llamativo y reflexivo para los directores de unidades educativas, ya que cuando los [&hellip;]","og_url":"https:\/\/www.eldiario.net\/portal\/2024\/12\/03\/quien-se-llevo-el-congreso-educativo\/","og_site_name":"El Diario - Bolivia","article_publisher":"https:\/\/www.facebook.com\/eldiario.bolivia\/","article_published_time":"2024-12-03T09:49:39+00:00","og_image":[{"width":1200,"height":628,"url":"https:\/\/www.eldiario.net\/portal\/wp-content\/uploads\/2023\/08\/Raul-Alberto-Quispe-Catacora.jpg","type":"image\/jpeg"}],"author":"Jeanette","twitter_card":"summary_large_image","twitter_creator":"@eldiario_net","twitter_site":"@eldiario_net","twitter_misc":{"Escrito por":"Jeanette","Tiempo de lectura":"3 minutos"},"schema":{"@context":"https:\/\/schema.org","@graph":[{"@type":"Article","@id":"https:\/\/www.eldiario.net\/portal\/2024\/12\/03\/quien-se-llevo-el-congreso-educativo\/#article","isPartOf":{"@id":"https:\/\/www.eldiario.net\/portal\/2024\/12\/03\/quien-se-llevo-el-congreso-educativo\/"},"author":{"name":"Jeanette","@id":"https:\/\/www.eldiario.net\/portal\/#\/schema\/person\/f46445640444750d7d753ccd04ae01b7"},"headline":"\u00bfQui\u00e9n se llev\u00f3 el Congreso Educativo?","datePublished":"2024-12-03T09:49:39+00:00","mainEntityOfPage":{"@id":"https:\/\/www.eldiario.net\/portal\/2024\/12\/03\/quien-se-llevo-el-congreso-educativo\/"},"wordCount":605,"publisher":{"@id":"https:\/\/www.eldiario.net\/portal\/#organization"},"image":{"@id":"https:\/\/www.eldiario.net\/portal\/2024\/12\/03\/quien-se-llevo-el-congreso-educativo\/#primaryimage"},"thumbnailUrl":"https:\/\/www.eldiario.net\/portal\/wp-content\/uploads\/2023\/08\/Raul-Alberto-Quispe-Catacora.jpg","articleSection":["Opini\u00f3n"],"inLanguage":"es"},{"@type":"WebPage","@id":"https:\/\/www.eldiario.net\/portal\/2024\/12\/03\/quien-se-llevo-el-congreso-educativo\/","url":"https:\/\/www.eldiario.net\/portal\/2024\/12\/03\/quien-se-llevo-el-congreso-educativo\/","name":"\u00bfQui\u00e9n se llev\u00f3 el Congreso Educativo? - El Diario - Bolivia","isPartOf":{"@id":"https:\/\/www.eldiario.net\/portal\/#website"},"primaryImageOfPage":{"@id":"https:\/\/www.eldiario.net\/portal\/2024\/12\/03\/quien-se-llevo-el-congreso-educativo\/#primaryimage"},"image":{"@id":"https:\/\/www.eldiario.net\/portal\/2024\/12\/03\/quien-se-llevo-el-congreso-educativo\/#primaryimage"},"thumbnailUrl":"https:\/\/www.eldiario.net\/portal\/wp-content\/uploads\/2023\/08\/Raul-Alberto-Quispe-Catacora.jpg","datePublished":"2024-12-03T09:49:39+00:00","breadcrumb":{"@id":"https:\/\/www.eldiario.net\/portal\/2024\/12\/03\/quien-se-llevo-el-congreso-educativo\/#breadcrumb"},"inLanguage":"es","potentialAction":[{"@type":"ReadAction","target":["https:\/\/www.eldiario.net\/portal\/2024\/12\/03\/quien-se-llevo-el-congreso-educativo\/"]}]},{"@type":"ImageObject","inLanguage":"es","@id":"https:\/\/www.eldiario.net\/portal\/2024\/12\/03\/quien-se-llevo-el-congreso-educativo\/#primaryimage","url":"https:\/\/www.eldiario.net\/portal\/wp-content\/uploads\/2023\/08\/Raul-Alberto-Quispe-Catacora.jpg","contentUrl":"https:\/\/www.eldiario.net\/portal\/wp-content\/uploads\/2023\/08\/Raul-Alberto-Quispe-Catacora.jpg","width":1200,"height":628,"caption":"Ra\u00fal Alberto Quispe Catacora"},{"@type":"BreadcrumbList","@id":"https:\/\/www.eldiario.net\/portal\/2024\/12\/03\/quien-se-llevo-el-congreso-educativo\/#breadcrumb","itemListElement":[{"@type":"ListItem","position":1,"name":"Portada","item":"https:\/\/www.eldiario.net\/portal\/"},{"@type":"ListItem","position":2,"name":"\u00bfQui\u00e9n se llev\u00f3 el Congreso Educativo?"}]},{"@type":"WebSite","@id":"https:\/\/www.eldiario.net\/portal\/#website","url":"https:\/\/www.eldiario.net\/portal\/","name":"El Diario - Decano de la prensa nacional","description":"El Diario - Decano de la prensa nacional","publisher":{"@id":"https:\/\/www.eldiario.net\/portal\/#organization"},"potentialAction":[{"@type":"SearchAction","target":{"@type":"EntryPoint","urlTemplate":"https:\/\/www.eldiario.net\/portal\/?s={search_term_string}"},"query-input":{"@type":"PropertyValueSpecification","valueRequired":true,"valueName":"search_term_string"}}],"inLanguage":"es"},{"@type":"Organization","@id":"https:\/\/www.eldiario.net\/portal\/#organization","name":"El Diario - Decano de la prensa nacional","url":"https:\/\/www.eldiario.net\/portal\/","logo":{"@type":"ImageObject","inLanguage":"es","@id":"https:\/\/www.eldiario.net\/portal\/#\/schema\/logo\/image\/","url":"https:\/\/www.eldiario.net\/portal\/wp-content\/uploads\/2023\/07\/logo_ED.jpg","contentUrl":"https:\/\/www.eldiario.net\/portal\/wp-content\/uploads\/2023\/07\/logo_ED.jpg","width":272,"height":52,"caption":"El Diario - Decano de la prensa nacional"},"image":{"@id":"https:\/\/www.eldiario.net\/portal\/#\/schema\/logo\/image\/"},"sameAs":["https:\/\/www.facebook.com\/eldiario.bolivia\/","https:\/\/x.com\/eldiario_net"]},{"@type":"Person","@id":"https:\/\/www.eldiario.net\/portal\/#\/schema\/person\/f46445640444750d7d753ccd04ae01b7","name":"Jeanette","image":{"@type":"ImageObject","inLanguage":"es","@id":"https:\/\/secure.gravatar.com\/avatar\/3ea2118a5f7dad2b7138b1187a6b7ee55f160b9968b66013c3a3ef39dd7e5798?s=96&d=mm&r=g","url":"https:\/\/secure.gravatar.com\/avatar\/3ea2118a5f7dad2b7138b1187a6b7ee55f160b9968b66013c3a3ef39dd7e5798?s=96&d=mm&r=g","contentUrl":"https:\/\/secure.gravatar.com\/avatar\/3ea2118a5f7dad2b7138b1187a6b7ee55f160b9968b66013c3a3ef39dd7e5798?s=96&d=mm&r=g","caption":"Jeanette"},"sameAs":["https:\/\/www.eldiario.net\/portal"],"url":"https:\/\/www.eldiario.net\/portal\/author\/jeanette\/"}]}},"_links":{"self":[{"href":"https:\/\/www.eldiario.net\/portal\/wp-json\/wp\/v2\/posts\/265273","targetHints":{"allow":["GET"]}}],"collection":[{"href":"https:\/\/www.eldiario.net\/portal\/wp-json\/wp\/v2\/posts"}],"about":[{"href":"https:\/\/www.eldiario.net\/portal\/wp-json\/wp\/v2\/types\/post"}],"author":[{"embeddable":true,"href":"https:\/\/www.eldiario.net\/portal\/wp-json\/wp\/v2\/users\/1"}],"replies":[{"embeddable":true,"href":"https:\/\/www.eldiario.net\/portal\/wp-json\/wp\/v2\/comments?post=265273"}],"version-history":[{"count":1,"href":"https:\/\/www.eldiario.net\/portal\/wp-json\/wp\/v2\/posts\/265273\/revisions"}],"predecessor-version":[{"id":265274,"href":"https:\/\/www.eldiario.net\/portal\/wp-json\/wp\/v2\/posts\/265273\/revisions\/265274"}],"wp:featuredmedia":[{"embeddable":true,"href":"https:\/\/www.eldiario.net\/portal\/wp-json\/wp\/v2\/media\/171059"}],"wp:attachment":[{"href":"https:\/\/www.eldiario.net\/portal\/wp-json\/wp\/v2\/media?parent=265273"}],"wp:term":[{"taxonomy":"category","embeddable":true,"href":"https:\/\/www.eldiario.net\/portal\/wp-json\/wp\/v2\/categories?post=265273"},{"taxonomy":"post_tag","embeddable":true,"href":"https:\/\/www.eldiario.net\/portal\/wp-json\/wp\/v2\/tags?post=265273"}],"curies":[{"name":"wp","href":"https:\/\/api.w.org\/{rel}","templated":true}]}}