{"id":265271,"date":"2024-12-03T05:49:00","date_gmt":"2024-12-03T09:49:00","guid":{"rendered":"https:\/\/www.eldiario.net\/portal\/?p=265271"},"modified":"2024-12-03T05:49:00","modified_gmt":"2024-12-03T09:49:00","slug":"la-confederacion-peru-boliviana","status":"publish","type":"post","link":"https:\/\/www.eldiario.net\/portal\/2024\/12\/03\/la-confederacion-peru-boliviana\/","title":{"rendered":"La Confederaci\u00f3n Per\u00fa-Boliviana"},"content":{"rendered":"<p>Andr\u00e9s de Santa Cruz Calahumana es recordado como el principal artificie de la unidad andina entre Per\u00fa y Bolivia a trav\u00e9s de la Confederaci\u00f3n Per\u00fa-Boliviana (1836-1839).<\/p>\n<p>&nbsp;<\/p>\n<p><strong>Antecedentes<\/strong><\/p>\n<p>Para hablar de un gran hombre, es imprescindible revisar diversas fuentes bibliogr\u00e1ficas, como libros, art\u00edculos cient\u00edficos y monograf\u00edas, que aborden la vida y obra del protector de la Confederaci\u00f3n Per\u00fa-Boliviana (1836-1839).<\/p>\n<p>La Confederaci\u00f3n, aunque de breve duraci\u00f3n, fue un experimento pol\u00edtico que enfrent\u00f3 constantes asedios tanto externos como internos. Este proyecto de unidad andina ser\u00e1 registrado como una promesa inconclusa. Desde el inicio, sufri\u00f3 no solo la oposici\u00f3n externa de Chile y Argentina, sino tambi\u00e9n el rechazo interno de varios sectores.<\/p>\n<p>&nbsp;<\/p>\n<p><strong>Andr\u00e9s de Santa Cruz Calahumana<\/strong><\/p>\n<p>Para referirse a la figura del Mariscal Andr\u00e9s de Santa Cruz Calahumana, es necesario explorar las obras literarias existentes sobre la Confederaci\u00f3n Per\u00fa-Boliviana, tanto de autores nacionales como extranjeros. Sin embargo, este texto no pretende abordar cada una de estas obras en detalle, dejando ese an\u00e1lisis para otra ocasi\u00f3n. En cambio, busca invitar a los interesados, en especial a los habitantes del municipio de Huarina, quienes cada 30 de noviembre se re\u00fanen para celebrar el natalicio del Supremo Protector.<\/p>\n<p>Entre las obras relevantes se encuentra el libro de Alfonso Crespo, \u201cSanta Cruz. El C\u00f3ndor Indio\u201d, publicado en 1944 en M\u00e9xico por el Fondo de Cultura Econ\u00f3mica. Seg\u00fan el autor, \u201ceste libro intenta ser una cr\u00f3nica de su vida, de su gloria y de su infortunio\u201d. Otra obra clave es el texto de Roberto Querejazu Calvo, \u201cAndr\u00e9s de Santa Cruz: su Vida y Obra\u201d, que en su pr\u00f3logo destaca:<\/p>\n<p>\u201cLa Confederaci\u00f3n Per\u00fa-Boliviana mereci\u00f3 el apoyo moral de las dos grandes potencias de su tiempo, Inglaterra y Francia, pero provoc\u00f3 celos y temores en Chile y en Argentina, que le declararon la guerra para evitar que su vuelo de c\u00f3ndor alcanzace las alturas que no pueden lograr las \u00e1guilas rapaces\u201d.<\/p>\n<p>Adem\u00e1s, es importante mencionar el trabajo de Phillip T. Parkerson, \u201cAndr\u00e9s de Santa Cruz y la Confederaci\u00f3n Per\u00fa-Boliviana (1835-1839)\u201d, en el que se analiza la evoluci\u00f3n del pensamiento de Santa Cruz y su visi\u00f3n integradora. Para Parkerson, \u201cla presidencia de Bolivia marc\u00f3 un momento de inflexi\u00f3n: Santa Cruz aprendi\u00f3 a concebir a Bolivia como una entidad fuerte y con un sentido hist\u00f3rico, transformando una naci\u00f3n debilitada y desgastada por la guerra de independencia en un Estado econ\u00f3micamente sano, institucional y jur\u00eddicamente organizado, y militarmente poderoso\u201d.<\/p>\n<p>Asimismo, es valioso consultar la perspectiva hist\u00f3rica del Per\u00fa a trav\u00e9s de autores como Carlos Contreras y Marcos Cueto en su obra \u201cHistoria del Per\u00fa Contempor\u00e1neo: Desde las luchas por la independencia hasta el presente\u201d, sexta edici\u00f3n (diciembre de 2018). En este texto, un interrogante destacado en uno de los recuadros llama la atenci\u00f3n y ofrece un punto de partida para reflexionar sobre el impacto de Santa Cruz y la Confederaci\u00f3n en la historia de la regi\u00f3n:<\/p>\n<p>&nbsp;<\/p>\n<p><strong>\u00bfPor qu\u00e9 fracaso la Confederaci\u00f3n Per\u00fa-Boliviana?<\/strong><\/p>\n<p>Este ha sido uno de los temas favoritos de la historiograf\u00eda sobre el Siglo XIX. El historiador Antonio Zapata Velasco propuso una tesis basada en los errores del modelo pol\u00edtico adoptado por los confederados. Tomando de su art\u00edculo \u201cLa pol\u00edtica Peruana y la Confederaci\u00f3n Per\u00fa Boliviana\u201d, en Carlos Donosso y Jaime Rosenblat, eds., Guerra, regi\u00f3n y naci\u00f3n: la confederaci\u00f3n Per\u00fa-Boliviana 1836-1839. Santiago de Chile: Universidad Andr\u00e9s Bello, 2009.pp.93-109:<\/p>\n<p>\u201cLa versi\u00f3n habitual en la historiograf\u00eda postula que la confederaci\u00f3n fue sostenida por la sierra sur peruana, mientras que sus enemigos se hallaron en Lima y en la costa. [\u2026 ].<\/p>\n<p>Vamos a argumentar que la debilidad \u00faltima de la Confederaci\u00f3n fue el dise\u00f1o pol\u00edtico del Estado antes que tensiones regionales. [\u2026] Tanto Gamarra como Santa Cruz eran mestizos y representaban bien a los nuevos grupos sociales y \u00e9tnicos lanzados al ascenso gracias a los nuevos tiempos. Nunca hubieran llegado arriba sin la independencia. A su vez sus carreras testimonian la profundidad de los lazos hist\u00f3ricos y la comunidad de intereses entre el Alto y el Bajo Per\u00fa.<\/p>\n<p>Adem\u00e1s, ninguno fue liberal y ambos se identificaban como conservadores, en tanto compart\u00edan la idea del poder ejecutivo poderoso, centralizados y con amplios poderes, junto a una representaci\u00f3n selectiva. Por otro lado, las tempranas rep\u00fablicas andinas no se dividieron r\u00edgidamente entre liberales y conservadores, como fue m\u00e1s frecuente en otras regiones de Hispanoamericana. Los pol\u00edticos andinos de aquellos d\u00edas destacan la f\u00f3rmula de la Confederaci\u00f3n. Alejada del republicanismo corriente, intentando combinar las nuevas instituciones estatales nacionales con macro experimentos de uni\u00f3n de estados.<\/p>\n<p>La confederaci\u00f3n inclu\u00eda otra originalidad. En este caso trata de instituciones cesaristas de poder pol\u00edtico, destinadas a conferirle al poder ejecutivo un estatus superior a la legitimidad basada en el sistema electoral. La inspiraci\u00f3n \u00faltima de la f\u00f3rmula adoptada era Napole\u00f3n Bonaparte, aunque a trav\u00e9s de Sim\u00f3n Bol\u00edvar, de quien Santa Cruz siempre fue partidario [\u2026].<\/p>\n<p>Finalmente, el cesarismo no organizaba la nueva legitimidad basada en el pueblo: tampoco cancelaba la antigua concepci\u00f3n de la soberan\u00eda basada en una dinast\u00eda, que gobernaba un Estado patrimonial. Antes que resolver los dilemas del nacimiento de una nueva naci\u00f3n, el cesarismo se ubicaba en medio de ambas concepciones esenciales para fundar el Estado. De este modo, el punto de apoyo de la propuesta estaba vac\u00edo, no reposaba en una columna sino en la voluntad de Santa Cruz. Ese personalismo estaba fuera del ordenamiento republicano y no pod\u00eda sostenerse en el largo plazo\u201d.<\/p>\n<p>Fuente: Libro, Historia del Per\u00fa Contempor\u00e1nea, p\u00e1g. 125<\/p>\n<p><strong>\u00a0<\/strong><\/p>\n<p><strong>A manera de conclusi\u00f3n <\/strong><\/p>\n<p>La Confederaci\u00f3n Per\u00fa-Boliviana fue un proyecto pol\u00edtico de unificaci\u00f3n entre Per\u00fa y Bolivia en un solo Estado, con su propia Constituci\u00f3n Pol\u00edtica. Durante su breve existencia, logr\u00f3 un florecimiento comercial y una aparente estabilidad pol\u00edtica. Sin embargo, estas caracter\u00edsticas generaron reacciones negativas, particularmente de Chile y Argentina que, mediante un conflicto b\u00e9lico, impidieron la continuidad de la Confederaci\u00f3n.<\/p>\n<p>Este peque\u00f1o aporte busca destacar un tema que apasione a todos los habitantes de Huarina. Se espera que sea recibido con agrado, aunque es importante se\u00f1alar que las fuentes bibliogr\u00e1ficas citadas no son las \u00fanicas disponibles. Existe una vasta cantidad de material adicional sobre el tema.<\/p>\n<p>Ser\u00e1 responsabilidad de las autoridades municipales, vecinales y comunitarias adquirir estas obras y fomentar una lectura cr\u00edtica entre sus habitantes. Asimismo, se espera que en la pr\u00f3xima conmemoraci\u00f3n del natalicio de Andr\u00e9s de Santa Cruz se cuente con un texto propio, elaborado desde la perspectiva de los habitantes de Huarina, que refleje su pensamiento y visi\u00f3n sobre este destacado personaje hist\u00f3rico.<\/p>\n<p>&nbsp;<\/p>\n<p>yurivalenfer@gmail.com<\/p>\n","protected":false},"excerpt":{"rendered":"<p>Andr\u00e9s de Santa Cruz Calahumana es recordado como el principal artificie de la unidad andina entre Per\u00fa y Bolivia a trav\u00e9s de la Confederaci\u00f3n Per\u00fa-Boliviana (1836-1839). &nbsp; Antecedentes Para hablar de un gran hombre, es imprescindible revisar diversas fuentes bibliogr\u00e1ficas, como libros, art\u00edculos cient\u00edficos y monograf\u00edas, que aborden la vida y obra del protector de [&hellip;]<\/p>\n","protected":false},"author":1,"featured_media":194790,"comment_status":"closed","ping_status":"open","sticky":false,"template":"","format":"standard","meta":{"_acf_changed":false,"footnotes":""},"categories":[9],"tags":[],"class_list":["post-265271","post","type-post","status-publish","format-standard","has-post-thumbnail","category-opinion"],"acf":{"antetitulo":""},"yoast_head":"<!-- This site is optimized with the Yoast SEO plugin v28.3 - https:\/\/yoast.com\/product\/yoast-seo-wordpress\/ -->\n<title>La Confederaci\u00f3n Per\u00fa-Boliviana - El Diario - Bolivia<\/title>\n<meta name=\"robots\" content=\"index, follow, max-snippet:-1, max-image-preview:large, max-video-preview:-1\" \/>\n<link rel=\"canonical\" href=\"https:\/\/www.eldiario.net\/portal\/2024\/12\/03\/la-confederacion-peru-boliviana\/\" \/>\n<meta property=\"og:locale\" content=\"es_ES\" \/>\n<meta property=\"og:type\" content=\"article\" \/>\n<meta property=\"og:title\" content=\"La Confederaci\u00f3n Per\u00fa-Boliviana - El Diario - Bolivia\" \/>\n<meta property=\"og:description\" content=\"Andr\u00e9s de Santa Cruz Calahumana es recordado como el principal artificie de la unidad andina entre Per\u00fa y Bolivia a trav\u00e9s de la Confederaci\u00f3n Per\u00fa-Boliviana (1836-1839). &nbsp; Antecedentes Para hablar de un gran hombre, es imprescindible revisar diversas fuentes bibliogr\u00e1ficas, como libros, art\u00edculos cient\u00edficos y monograf\u00edas, que aborden la vida y obra del protector de [&hellip;]\" \/>\n<meta property=\"og:url\" content=\"https:\/\/www.eldiario.net\/portal\/2024\/12\/03\/la-confederacion-peru-boliviana\/\" \/>\n<meta property=\"og:site_name\" content=\"El Diario - Bolivia\" \/>\n<meta property=\"article:publisher\" content=\"https:\/\/www.facebook.com\/eldiario.bolivia\/\" \/>\n<meta property=\"article:published_time\" content=\"2024-12-03T09:49:00+00:00\" \/>\n<meta property=\"og:image\" content=\"https:\/\/www.eldiario.net\/portal\/wp-content\/uploads\/2023\/12\/Opinion.jpg\" \/>\n\t<meta property=\"og:image:width\" content=\"800\" \/>\n\t<meta property=\"og:image:height\" content=\"500\" \/>\n\t<meta property=\"og:image:type\" content=\"image\/jpeg\" \/>\n<meta name=\"author\" content=\"Jeanette\" \/>\n<meta name=\"twitter:card\" content=\"summary_large_image\" \/>\n<meta name=\"twitter:creator\" content=\"@eldiario_net\" \/>\n<meta name=\"twitter:site\" content=\"@eldiario_net\" \/>\n<meta name=\"twitter:label1\" content=\"Escrito por\" \/>\n\t<meta name=\"twitter:data1\" content=\"Jeanette\" \/>\n\t<meta name=\"twitter:label2\" content=\"Tiempo de lectura\" \/>\n\t<meta name=\"twitter:data2\" content=\"6 minutos\" \/>\n<script type=\"application\/ld+json\" class=\"yoast-schema-graph\">{\"@context\":\"https:\\\/\\\/schema.org\",\"@graph\":[{\"@type\":\"Article\",\"@id\":\"https:\\\/\\\/www.eldiario.net\\\/portal\\\/2024\\\/12\\\/03\\\/la-confederacion-peru-boliviana\\\/#article\",\"isPartOf\":{\"@id\":\"https:\\\/\\\/www.eldiario.net\\\/portal\\\/2024\\\/12\\\/03\\\/la-confederacion-peru-boliviana\\\/\"},\"author\":{\"name\":\"Jeanette\",\"@id\":\"https:\\\/\\\/www.eldiario.net\\\/portal\\\/#\\\/schema\\\/person\\\/f46445640444750d7d753ccd04ae01b7\"},\"headline\":\"La Confederaci\u00f3n Per\u00fa-Boliviana\",\"datePublished\":\"2024-12-03T09:49:00+00:00\",\"mainEntityOfPage\":{\"@id\":\"https:\\\/\\\/www.eldiario.net\\\/portal\\\/2024\\\/12\\\/03\\\/la-confederacion-peru-boliviana\\\/\"},\"wordCount\":1186,\"publisher\":{\"@id\":\"https:\\\/\\\/www.eldiario.net\\\/portal\\\/#organization\"},\"image\":{\"@id\":\"https:\\\/\\\/www.eldiario.net\\\/portal\\\/2024\\\/12\\\/03\\\/la-confederacion-peru-boliviana\\\/#primaryimage\"},\"thumbnailUrl\":\"https:\\\/\\\/www.eldiario.net\\\/portal\\\/wp-content\\\/uploads\\\/2023\\\/12\\\/Opinion.jpg\",\"articleSection\":[\"Opini\u00f3n\"],\"inLanguage\":\"es\"},{\"@type\":\"WebPage\",\"@id\":\"https:\\\/\\\/www.eldiario.net\\\/portal\\\/2024\\\/12\\\/03\\\/la-confederacion-peru-boliviana\\\/\",\"url\":\"https:\\\/\\\/www.eldiario.net\\\/portal\\\/2024\\\/12\\\/03\\\/la-confederacion-peru-boliviana\\\/\",\"name\":\"La Confederaci\u00f3n Per\u00fa-Boliviana - El Diario - Bolivia\",\"isPartOf\":{\"@id\":\"https:\\\/\\\/www.eldiario.net\\\/portal\\\/#website\"},\"primaryImageOfPage\":{\"@id\":\"https:\\\/\\\/www.eldiario.net\\\/portal\\\/2024\\\/12\\\/03\\\/la-confederacion-peru-boliviana\\\/#primaryimage\"},\"image\":{\"@id\":\"https:\\\/\\\/www.eldiario.net\\\/portal\\\/2024\\\/12\\\/03\\\/la-confederacion-peru-boliviana\\\/#primaryimage\"},\"thumbnailUrl\":\"https:\\\/\\\/www.eldiario.net\\\/portal\\\/wp-content\\\/uploads\\\/2023\\\/12\\\/Opinion.jpg\",\"datePublished\":\"2024-12-03T09:49:00+00:00\",\"breadcrumb\":{\"@id\":\"https:\\\/\\\/www.eldiario.net\\\/portal\\\/2024\\\/12\\\/03\\\/la-confederacion-peru-boliviana\\\/#breadcrumb\"},\"inLanguage\":\"es\",\"potentialAction\":[{\"@type\":\"ReadAction\",\"target\":[\"https:\\\/\\\/www.eldiario.net\\\/portal\\\/2024\\\/12\\\/03\\\/la-confederacion-peru-boliviana\\\/\"]}]},{\"@type\":\"ImageObject\",\"inLanguage\":\"es\",\"@id\":\"https:\\\/\\\/www.eldiario.net\\\/portal\\\/2024\\\/12\\\/03\\\/la-confederacion-peru-boliviana\\\/#primaryimage\",\"url\":\"https:\\\/\\\/www.eldiario.net\\\/portal\\\/wp-content\\\/uploads\\\/2023\\\/12\\\/Opinion.jpg\",\"contentUrl\":\"https:\\\/\\\/www.eldiario.net\\\/portal\\\/wp-content\\\/uploads\\\/2023\\\/12\\\/Opinion.jpg\",\"width\":800,\"height\":500},{\"@type\":\"BreadcrumbList\",\"@id\":\"https:\\\/\\\/www.eldiario.net\\\/portal\\\/2024\\\/12\\\/03\\\/la-confederacion-peru-boliviana\\\/#breadcrumb\",\"itemListElement\":[{\"@type\":\"ListItem\",\"position\":1,\"name\":\"Portada\",\"item\":\"https:\\\/\\\/www.eldiario.net\\\/portal\\\/\"},{\"@type\":\"ListItem\",\"position\":2,\"name\":\"La Confederaci\u00f3n Per\u00fa-Boliviana\"}]},{\"@type\":\"WebSite\",\"@id\":\"https:\\\/\\\/www.eldiario.net\\\/portal\\\/#website\",\"url\":\"https:\\\/\\\/www.eldiario.net\\\/portal\\\/\",\"name\":\"El Diario - Decano de la prensa nacional\",\"description\":\"El Diario - Decano de la prensa nacional\",\"publisher\":{\"@id\":\"https:\\\/\\\/www.eldiario.net\\\/portal\\\/#organization\"},\"potentialAction\":[{\"@type\":\"SearchAction\",\"target\":{\"@type\":\"EntryPoint\",\"urlTemplate\":\"https:\\\/\\\/www.eldiario.net\\\/portal\\\/?s={search_term_string}\"},\"query-input\":{\"@type\":\"PropertyValueSpecification\",\"valueRequired\":true,\"valueName\":\"search_term_string\"}}],\"inLanguage\":\"es\"},{\"@type\":\"Organization\",\"@id\":\"https:\\\/\\\/www.eldiario.net\\\/portal\\\/#organization\",\"name\":\"El Diario - Decano de la prensa nacional\",\"url\":\"https:\\\/\\\/www.eldiario.net\\\/portal\\\/\",\"logo\":{\"@type\":\"ImageObject\",\"inLanguage\":\"es\",\"@id\":\"https:\\\/\\\/www.eldiario.net\\\/portal\\\/#\\\/schema\\\/logo\\\/image\\\/\",\"url\":\"https:\\\/\\\/www.eldiario.net\\\/portal\\\/wp-content\\\/uploads\\\/2023\\\/07\\\/logo_ED.jpg\",\"contentUrl\":\"https:\\\/\\\/www.eldiario.net\\\/portal\\\/wp-content\\\/uploads\\\/2023\\\/07\\\/logo_ED.jpg\",\"width\":272,\"height\":52,\"caption\":\"El Diario - Decano de la prensa nacional\"},\"image\":{\"@id\":\"https:\\\/\\\/www.eldiario.net\\\/portal\\\/#\\\/schema\\\/logo\\\/image\\\/\"},\"sameAs\":[\"https:\\\/\\\/www.facebook.com\\\/eldiario.bolivia\\\/\",\"https:\\\/\\\/x.com\\\/eldiario_net\"]},{\"@type\":\"Person\",\"@id\":\"https:\\\/\\\/www.eldiario.net\\\/portal\\\/#\\\/schema\\\/person\\\/f46445640444750d7d753ccd04ae01b7\",\"name\":\"Jeanette\",\"image\":{\"@type\":\"ImageObject\",\"inLanguage\":\"es\",\"@id\":\"https:\\\/\\\/secure.gravatar.com\\\/avatar\\\/3ea2118a5f7dad2b7138b1187a6b7ee55f160b9968b66013c3a3ef39dd7e5798?s=96&d=mm&r=g\",\"url\":\"https:\\\/\\\/secure.gravatar.com\\\/avatar\\\/3ea2118a5f7dad2b7138b1187a6b7ee55f160b9968b66013c3a3ef39dd7e5798?s=96&d=mm&r=g\",\"contentUrl\":\"https:\\\/\\\/secure.gravatar.com\\\/avatar\\\/3ea2118a5f7dad2b7138b1187a6b7ee55f160b9968b66013c3a3ef39dd7e5798?s=96&d=mm&r=g\",\"caption\":\"Jeanette\"},\"sameAs\":[\"https:\\\/\\\/www.eldiario.net\\\/portal\"],\"url\":\"https:\\\/\\\/www.eldiario.net\\\/portal\\\/author\\\/jeanette\\\/\"}]}<\/script>\n<!-- \/ Yoast SEO plugin. -->","yoast_head_json":{"title":"La Confederaci\u00f3n Per\u00fa-Boliviana - El Diario - Bolivia","robots":{"index":"index","follow":"follow","max-snippet":"max-snippet:-1","max-image-preview":"max-image-preview:large","max-video-preview":"max-video-preview:-1"},"canonical":"https:\/\/www.eldiario.net\/portal\/2024\/12\/03\/la-confederacion-peru-boliviana\/","og_locale":"es_ES","og_type":"article","og_title":"La Confederaci\u00f3n Per\u00fa-Boliviana - El Diario - Bolivia","og_description":"Andr\u00e9s de Santa Cruz Calahumana es recordado como el principal artificie de la unidad andina entre Per\u00fa y Bolivia a trav\u00e9s de la Confederaci\u00f3n Per\u00fa-Boliviana (1836-1839). &nbsp; Antecedentes Para hablar de un gran hombre, es imprescindible revisar diversas fuentes bibliogr\u00e1ficas, como libros, art\u00edculos cient\u00edficos y monograf\u00edas, que aborden la vida y obra del protector de [&hellip;]","og_url":"https:\/\/www.eldiario.net\/portal\/2024\/12\/03\/la-confederacion-peru-boliviana\/","og_site_name":"El Diario - Bolivia","article_publisher":"https:\/\/www.facebook.com\/eldiario.bolivia\/","article_published_time":"2024-12-03T09:49:00+00:00","og_image":[{"width":800,"height":500,"url":"https:\/\/www.eldiario.net\/portal\/wp-content\/uploads\/2023\/12\/Opinion.jpg","type":"image\/jpeg"}],"author":"Jeanette","twitter_card":"summary_large_image","twitter_creator":"@eldiario_net","twitter_site":"@eldiario_net","twitter_misc":{"Escrito por":"Jeanette","Tiempo de lectura":"6 minutos"},"schema":{"@context":"https:\/\/schema.org","@graph":[{"@type":"Article","@id":"https:\/\/www.eldiario.net\/portal\/2024\/12\/03\/la-confederacion-peru-boliviana\/#article","isPartOf":{"@id":"https:\/\/www.eldiario.net\/portal\/2024\/12\/03\/la-confederacion-peru-boliviana\/"},"author":{"name":"Jeanette","@id":"https:\/\/www.eldiario.net\/portal\/#\/schema\/person\/f46445640444750d7d753ccd04ae01b7"},"headline":"La Confederaci\u00f3n Per\u00fa-Boliviana","datePublished":"2024-12-03T09:49:00+00:00","mainEntityOfPage":{"@id":"https:\/\/www.eldiario.net\/portal\/2024\/12\/03\/la-confederacion-peru-boliviana\/"},"wordCount":1186,"publisher":{"@id":"https:\/\/www.eldiario.net\/portal\/#organization"},"image":{"@id":"https:\/\/www.eldiario.net\/portal\/2024\/12\/03\/la-confederacion-peru-boliviana\/#primaryimage"},"thumbnailUrl":"https:\/\/www.eldiario.net\/portal\/wp-content\/uploads\/2023\/12\/Opinion.jpg","articleSection":["Opini\u00f3n"],"inLanguage":"es"},{"@type":"WebPage","@id":"https:\/\/www.eldiario.net\/portal\/2024\/12\/03\/la-confederacion-peru-boliviana\/","url":"https:\/\/www.eldiario.net\/portal\/2024\/12\/03\/la-confederacion-peru-boliviana\/","name":"La Confederaci\u00f3n Per\u00fa-Boliviana - El Diario - Bolivia","isPartOf":{"@id":"https:\/\/www.eldiario.net\/portal\/#website"},"primaryImageOfPage":{"@id":"https:\/\/www.eldiario.net\/portal\/2024\/12\/03\/la-confederacion-peru-boliviana\/#primaryimage"},"image":{"@id":"https:\/\/www.eldiario.net\/portal\/2024\/12\/03\/la-confederacion-peru-boliviana\/#primaryimage"},"thumbnailUrl":"https:\/\/www.eldiario.net\/portal\/wp-content\/uploads\/2023\/12\/Opinion.jpg","datePublished":"2024-12-03T09:49:00+00:00","breadcrumb":{"@id":"https:\/\/www.eldiario.net\/portal\/2024\/12\/03\/la-confederacion-peru-boliviana\/#breadcrumb"},"inLanguage":"es","potentialAction":[{"@type":"ReadAction","target":["https:\/\/www.eldiario.net\/portal\/2024\/12\/03\/la-confederacion-peru-boliviana\/"]}]},{"@type":"ImageObject","inLanguage":"es","@id":"https:\/\/www.eldiario.net\/portal\/2024\/12\/03\/la-confederacion-peru-boliviana\/#primaryimage","url":"https:\/\/www.eldiario.net\/portal\/wp-content\/uploads\/2023\/12\/Opinion.jpg","contentUrl":"https:\/\/www.eldiario.net\/portal\/wp-content\/uploads\/2023\/12\/Opinion.jpg","width":800,"height":500},{"@type":"BreadcrumbList","@id":"https:\/\/www.eldiario.net\/portal\/2024\/12\/03\/la-confederacion-peru-boliviana\/#breadcrumb","itemListElement":[{"@type":"ListItem","position":1,"name":"Portada","item":"https:\/\/www.eldiario.net\/portal\/"},{"@type":"ListItem","position":2,"name":"La Confederaci\u00f3n Per\u00fa-Boliviana"}]},{"@type":"WebSite","@id":"https:\/\/www.eldiario.net\/portal\/#website","url":"https:\/\/www.eldiario.net\/portal\/","name":"El Diario - Decano de la prensa nacional","description":"El Diario - Decano de la prensa nacional","publisher":{"@id":"https:\/\/www.eldiario.net\/portal\/#organization"},"potentialAction":[{"@type":"SearchAction","target":{"@type":"EntryPoint","urlTemplate":"https:\/\/www.eldiario.net\/portal\/?s={search_term_string}"},"query-input":{"@type":"PropertyValueSpecification","valueRequired":true,"valueName":"search_term_string"}}],"inLanguage":"es"},{"@type":"Organization","@id":"https:\/\/www.eldiario.net\/portal\/#organization","name":"El Diario - Decano de la prensa nacional","url":"https:\/\/www.eldiario.net\/portal\/","logo":{"@type":"ImageObject","inLanguage":"es","@id":"https:\/\/www.eldiario.net\/portal\/#\/schema\/logo\/image\/","url":"https:\/\/www.eldiario.net\/portal\/wp-content\/uploads\/2023\/07\/logo_ED.jpg","contentUrl":"https:\/\/www.eldiario.net\/portal\/wp-content\/uploads\/2023\/07\/logo_ED.jpg","width":272,"height":52,"caption":"El Diario - Decano de la prensa nacional"},"image":{"@id":"https:\/\/www.eldiario.net\/portal\/#\/schema\/logo\/image\/"},"sameAs":["https:\/\/www.facebook.com\/eldiario.bolivia\/","https:\/\/x.com\/eldiario_net"]},{"@type":"Person","@id":"https:\/\/www.eldiario.net\/portal\/#\/schema\/person\/f46445640444750d7d753ccd04ae01b7","name":"Jeanette","image":{"@type":"ImageObject","inLanguage":"es","@id":"https:\/\/secure.gravatar.com\/avatar\/3ea2118a5f7dad2b7138b1187a6b7ee55f160b9968b66013c3a3ef39dd7e5798?s=96&d=mm&r=g","url":"https:\/\/secure.gravatar.com\/avatar\/3ea2118a5f7dad2b7138b1187a6b7ee55f160b9968b66013c3a3ef39dd7e5798?s=96&d=mm&r=g","contentUrl":"https:\/\/secure.gravatar.com\/avatar\/3ea2118a5f7dad2b7138b1187a6b7ee55f160b9968b66013c3a3ef39dd7e5798?s=96&d=mm&r=g","caption":"Jeanette"},"sameAs":["https:\/\/www.eldiario.net\/portal"],"url":"https:\/\/www.eldiario.net\/portal\/author\/jeanette\/"}]}},"_links":{"self":[{"href":"https:\/\/www.eldiario.net\/portal\/wp-json\/wp\/v2\/posts\/265271","targetHints":{"allow":["GET"]}}],"collection":[{"href":"https:\/\/www.eldiario.net\/portal\/wp-json\/wp\/v2\/posts"}],"about":[{"href":"https:\/\/www.eldiario.net\/portal\/wp-json\/wp\/v2\/types\/post"}],"author":[{"embeddable":true,"href":"https:\/\/www.eldiario.net\/portal\/wp-json\/wp\/v2\/users\/1"}],"replies":[{"embeddable":true,"href":"https:\/\/www.eldiario.net\/portal\/wp-json\/wp\/v2\/comments?post=265271"}],"version-history":[{"count":1,"href":"https:\/\/www.eldiario.net\/portal\/wp-json\/wp\/v2\/posts\/265271\/revisions"}],"predecessor-version":[{"id":265272,"href":"https:\/\/www.eldiario.net\/portal\/wp-json\/wp\/v2\/posts\/265271\/revisions\/265272"}],"wp:featuredmedia":[{"embeddable":true,"href":"https:\/\/www.eldiario.net\/portal\/wp-json\/wp\/v2\/media\/194790"}],"wp:attachment":[{"href":"https:\/\/www.eldiario.net\/portal\/wp-json\/wp\/v2\/media?parent=265271"}],"wp:term":[{"taxonomy":"category","embeddable":true,"href":"https:\/\/www.eldiario.net\/portal\/wp-json\/wp\/v2\/categories?post=265271"},{"taxonomy":"post_tag","embeddable":true,"href":"https:\/\/www.eldiario.net\/portal\/wp-json\/wp\/v2\/tags?post=265271"}],"curies":[{"name":"wp","href":"https:\/\/api.w.org\/{rel}","templated":true}]}}