{"id":265269,"date":"2024-12-03T05:48:17","date_gmt":"2024-12-03T09:48:17","guid":{"rendered":"https:\/\/www.eldiario.net\/portal\/?p=265269"},"modified":"2024-12-03T05:48:17","modified_gmt":"2024-12-03T09:48:17","slug":"la-guerra-del-fin-del-mundo","status":"publish","type":"post","link":"https:\/\/www.eldiario.net\/portal\/2024\/12\/03\/la-guerra-del-fin-del-mundo\/","title":{"rendered":"La guerra del fin del mundo"},"content":{"rendered":"<p>En abril de 1988, particip\u00e9 de un experimento acad\u00e9mico en Tel-Aviv, la capital financiera de Israel. Me encontraba en Tierra Santa gracias a una beca de estudios que me concedi\u00f3 el Centro de Estudios Cooperativos y Laborales para la Am\u00e9rica Latina y el Caribe. Era la primera vez que hab\u00eda salido de Bolivia, ten\u00eda en ese entonces 33 a\u00f1os y el Papa Juan Pablo II estaba visitando Tarija, mi ciudad natal.<\/p>\n<p>El experimento consisti\u00f3 en una din\u00e1mica de grupos en la que el profesor de turno plante\u00f3 una escena ficticia. En el planeta se hab\u00eda desatado la Tercera Guerra Mundial y nosotros los alumnos \u00e9ramos los \u00fanicos sobrevivientes de ese holocausto nuclear. Ten\u00edamos la misi\u00f3n de reconstruir el planeta, ya que todo se hab\u00eda sido destruido, pero lo deb\u00edamos hacer tomando en cuenta las cosas positivas que el hombre hab\u00eda creado y desechando las cosas negativas.<\/p>\n<p>El profesor nos dividi\u00f3 en grupos y cada grupo deb\u00eda identificar primero las instituciones y organizaciones creadas por el hombre que hab\u00edan sido positivas para la humanidad y luego las instituciones y organizaciones creadas por el hombre que hab\u00edan sido negativas para la humanidad. Dentro de los grupos, cada uno de los alumnos hac\u00eda conocer sus opiniones y participaba activamente. Una vez consensuadas las opiniones, las conclusiones se presentaban ante el plenario.<\/p>\n<p>La familia, la democracia, la libertad, la cooperaci\u00f3n y la educaci\u00f3n fueron seleccionadas como las cosas m\u00e1s positivas. En cambio, la religi\u00f3n, la pol\u00edtica, el ej\u00e9rcito, el socialismo y el capitalismo fueron calificadas como las cosas m\u00e1s negativas. El debate se centr\u00f3 en la religi\u00f3n y al frente se encontraban los unos que hab\u00edan identificado a la religi\u00f3n como la responsable principal para que se produjera la supuesta guerra del fin del mundo y los otros que consideraban que la religi\u00f3n no era la responsable de esa ficticia guerra mundial.<\/p>\n<p>Cada grupo present\u00f3 y defendi\u00f3 con mucha vehemencia su postura ante el plenario y las discusiones fueron subiendo de tono hasta que el profesor tuvo que cortar el apasionado debate. Los unos defendiendo a la religi\u00f3n y los otros fustig\u00e1ndola. Lo curioso del caso fue que la mayor\u00eda de los alumnos eran de pa\u00edses cristianos. Al final, el profesor quedo satisfecho porque su objetivo se hab\u00eda cumplido. Hab\u00eda logrado desarrollar con \u00e9xito una din\u00e1mica de grupos bastante \u00e1gil y participativa.<\/p>\n<p>A modo de reflexi\u00f3n el docente indic\u00f3 que, si de verdad ocurriera una Tercera Guerra Mundial, los sobrevivientes, si los hubiere, reconstruir\u00edan el nuevo mundo con las mismas cosas positivas y negativas, que se hab\u00edan discutido tan apasionadamente. El profesor justific\u00f3 esa su sorprendente conclusi\u00f3n indicando que todo lo que el hombre ha creado hasta ahora, est\u00e1 grabada en la memoria colectiva de los pueblos y que no podemos olvidar lo que ya sabemos.<\/p>\n<p>Este experimento podr\u00eda quedar como una simple an\u00e9cdota; sin embargo, lo traigo a colaci\u00f3n porque despu\u00e9s de 36 a\u00f1os de aquella mi experiencia, el mundo est\u00e1 al borde de otra guerra mundial. La proliferaci\u00f3n de armas nucleares hoy es el mayor riesgo que enfrenta la humanidad. \u201cNo es el cambio clim\u00e1tico, es la proliferaci\u00f3n nuclear\u201d, asegur\u00f3 un alto ejecutivo de una firma bancaria. \u201cEstamos muy cerca de una cat\u00e1strofe global\u201d, dijo Donald Trump, presidente electo de EEUU.<\/p>\n<p>El Medio Oriente ha sido una de las regiones m\u00e1s convulsionadas del planeta. Esa regi\u00f3n ha estado en permanente conflicto b\u00e9lico desde hace milenios. Primero fue entre el antiguo Israel y los filisteos. Luego los israelitas desalojaron a los cananeos en una guerra de exterminio. Posteriormente el antiguo pueblo jud\u00edo fue casi exterminado por los asirios y los babilonios. Los Medo Persas los salvaron del exterminio. Los imperios de Grecia y Roma la ocuparon y la denominaron Palestina.<\/p>\n<p>En el a\u00f1o 70 de nuestra era, despu\u00e9s de una revuelta jud\u00eda, el templo de Jerusal\u00e9n fue destruido por los romanos y los jud\u00edos fueron expulsados de Palestina y vivieron vagando por el mundo por casi dos mil a\u00f1os. Durante ese largo per\u00edodo, Palestina fue colonia de Roma, luego del islam, de Bizancio, del Imperio Otomano y del Imperio Brit\u00e1nico. Hasta que en 1948 la ONU decidi\u00f3 crear el moderno estado de Israel con la partici\u00f3n de Palestina entre un estado jud\u00edo y un estado \u00e1rabe.<\/p>\n<p>Esta decisi\u00f3n promovida por Gran Breta\u00f1a fue una especie de compensaci\u00f3n por el holocausto nazi que signific\u00f3 la muerte de millones de jud\u00edos en la II Guerra Mundial, esto provoc\u00f3 la formaci\u00f3n de grupos guerrilleros palestinos y el inicio de la expropiaci\u00f3n territorial por parte de Israel. A partir de ese a\u00f1o se sucedieron una serie de guerras de baja intensidad, como la guerra de los seis d\u00edas, la guerra de Yom Kipur, o de guerra de guerrillas, llamadas \u201cintifadas\u201d, entre otras.<\/p>\n<p>En diciembre de 1987 se produjo la primera Intifada palestina o revuelta de las piedras, que fue una serie sostenida de protestas, actos de desobediencia civil y disturbios llevados a cabo por palestinos en territorio israel\u00ed y en territorios palestinos ocupados por Israel. La revuelta fue llevada a cabo por ni\u00f1os y j\u00f3venes palestinos que con piedras y otros objetos contundentes se enfrentaron a los tanques y a los soldados israel\u00edes. La lucha continu\u00f3 por m\u00e1s de tres d\u00e9cadas.<\/p>\n<p>En abril de 1988 a pocos meses de esa primera intifada llegu\u00e9 a Israel y lo primero que me impact\u00f3 fue el ataque con cuchillo de un joven palestino a una oficial del ej\u00e9rcito israel\u00ed, el mismo que fue abatido con disparos ante la mirada at\u00f3nita de nosotros, los becarios latinoamericanos. Otra escena pat\u00e9tica fue la de unos ni\u00f1os de escuela que salieron de excursi\u00f3n y eran custodiados por mujeres soldados ante el peligro de ataques guerrilleros del otro lado de la frontera con Siria.<\/p>\n<p>Otro pasaje curioso se dio en el museo de Jerusal\u00e9n, cuando un padre le mostraba a su peque\u00f1o hijo las armas que hab\u00eda utilizado en las diferentes guerras con los \u00e1rabes y palestinos y hasta mencion\u00f3 a cuantos hab\u00eda matado con esas armas. Finalmente, una \u00faltima escena que me dej\u00f3 perplejo fue cuando ni\u00f1os palestinos en una sesi\u00f3n de televisi\u00f3n dieron la espalda a otros ni\u00f1os jud\u00edos. Cuando pregunt\u00e9 por qu\u00e9 lo hac\u00edan, me dijeron que los palestinos jam\u00e1s dan el rostro a sus verdugos.<\/p>\n<p>El 7 de octubre de 2023 grupos guerrilleros de Ham\u00e1s ingresaron desde la franja de Gaza y mataron a unos 1.200 civiles y se llevaron como rehenes a otras 250 personas. Inmediatamente como represalia, el ej\u00e9rcito israel\u00ed bombarde\u00f3 el territorio de los palestinos en forma violenta y brutal contra objetivos militares y en contra de civiles indefensos, entre ellos ancianos, mujeres y ni\u00f1os. Hasta la fecha suman m\u00e1s de 43.000 los muertos, entre ellos aproximadamente unos 10.600 ni\u00f1os.<\/p>\n<p>El 8 de octubre de 2023 casi inmediatamente del ataque de Ham\u00e1s, Hezbollah atac\u00f3 Israel desde el L\u00edbano. La respuesta del ej\u00e9rcito israel\u00ed fue contundente y atroz, bombardearon ciudades y pueblos libaneses y comenzaron con una invasi\u00f3n por tierra, en donde adem\u00e1s de matar a los l\u00edderes \u00e1rabes, murieron miles de civiles. La ONU estima que m\u00e1s de 3.300 personas han muerto en suelo liban\u00e9s y la carnicer\u00eda humana no cesa y no se vislumbra que las partes en disputa paren la masacre.<\/p>\n<p>La Rep\u00fablica Isl\u00e1mica de Ir\u00e1n, gobernada por una casta religiosa fundamentalista, tambi\u00e9n se ha sumado a esta desenfrenada escalada militar y el 1 de octubre de 2024 lanz\u00f3 180 misiles sobre territorio israel\u00ed. El 25 de octubre Israel en respuesta atac\u00f3 por primera vez territorio iran\u00ed. El ataque habr\u00eda sido contra objetivos militares, seg\u00fan el ej\u00e9rcito israel\u00ed; sin embargo, Ir\u00e1n ha informado que el ataque fue repelido exitosamente por su sistema de defensa anti \u00e1rea.<\/p>\n<p>Ha pasado m\u00e1s de un mes desde que Israel envi\u00f3 m\u00e1s de 100 aviones y drones para atacar bases militares iran\u00edes, y el mundo todav\u00eda est\u00e1 esperando ver c\u00f3mo responder\u00e1 Ir\u00e1n. Una guerra abierta entre Israel e Ir\u00e1n podr\u00eda derivar en una posible guerra nuclear que no solo afectar\u00eda a esa conflictiva regi\u00f3n, sino que el mundo entero estar\u00eda en grave peligro. A todo esto, se suma la guerra entre Rusia y Ucrania, en la que los rusos est\u00e1n lanzando amenazas de usar armas at\u00f3micas.<\/p>\n<p>Ante este panorama sombr\u00edo surge la pregunta que casi todos nos hacemos \u00bfser\u00e1 esta vez la guerra del fin del mundo? Solo Dios lo sabe y sus representantes en la tierra lo est\u00e1n apresurando. Lo parad\u00f3jico es que en el Medio Oriente confluyen en un mismo espacio territorial las tres grandes religiones monote\u00edstas del mundo: la cristiandad, el juda\u00edsmo y el islam. Aparentemente religiones que promueven la paz y el amor al pr\u00f3jimo. \u00bfSe cumplir\u00e1 lo vaticinado en el experimento de Tel Aviv?<\/p>\n<p>&nbsp;<\/p>\n<p><em>El autor es analista e investigador.<\/em><\/p>\n","protected":false},"excerpt":{"rendered":"<p>En abril de 1988, particip\u00e9 de un experimento acad\u00e9mico en Tel-Aviv, la capital financiera de Israel. Me encontraba en Tierra Santa gracias a una beca de estudios que me concedi\u00f3 el Centro de Estudios Cooperativos y Laborales para la Am\u00e9rica Latina y el Caribe. Era la primera vez que hab\u00eda salido de Bolivia, ten\u00eda en [&hellip;]<\/p>\n","protected":false},"author":1,"featured_media":194790,"comment_status":"closed","ping_status":"open","sticky":false,"template":"","format":"standard","meta":{"_acf_changed":false,"footnotes":""},"categories":[9],"tags":[],"class_list":["post-265269","post","type-post","status-publish","format-standard","has-post-thumbnail","category-opinion"],"acf":{"antetitulo":""},"yoast_head":"<!-- This site is optimized with the Yoast SEO plugin v28.3 - https:\/\/yoast.com\/product\/yoast-seo-wordpress\/ -->\n<title>La guerra del fin del mundo - El Diario - Bolivia<\/title>\n<meta name=\"robots\" content=\"index, follow, max-snippet:-1, max-image-preview:large, max-video-preview:-1\" \/>\n<link rel=\"canonical\" href=\"https:\/\/www.eldiario.net\/portal\/2024\/12\/03\/la-guerra-del-fin-del-mundo\/\" \/>\n<meta property=\"og:locale\" content=\"es_ES\" \/>\n<meta property=\"og:type\" content=\"article\" \/>\n<meta property=\"og:title\" content=\"La guerra del fin del mundo - El Diario - Bolivia\" \/>\n<meta property=\"og:description\" content=\"En abril de 1988, particip\u00e9 de un experimento acad\u00e9mico en Tel-Aviv, la capital financiera de Israel. Me encontraba en Tierra Santa gracias a una beca de estudios que me concedi\u00f3 el Centro de Estudios Cooperativos y Laborales para la Am\u00e9rica Latina y el Caribe. Era la primera vez que hab\u00eda salido de Bolivia, ten\u00eda en [&hellip;]\" \/>\n<meta property=\"og:url\" content=\"https:\/\/www.eldiario.net\/portal\/2024\/12\/03\/la-guerra-del-fin-del-mundo\/\" \/>\n<meta property=\"og:site_name\" content=\"El Diario - Bolivia\" \/>\n<meta property=\"article:publisher\" content=\"https:\/\/www.facebook.com\/eldiario.bolivia\/\" \/>\n<meta property=\"article:published_time\" content=\"2024-12-03T09:48:17+00:00\" \/>\n<meta property=\"og:image\" content=\"https:\/\/www.eldiario.net\/portal\/wp-content\/uploads\/2023\/12\/Opinion.jpg\" \/>\n\t<meta property=\"og:image:width\" content=\"800\" \/>\n\t<meta property=\"og:image:height\" content=\"500\" \/>\n\t<meta property=\"og:image:type\" content=\"image\/jpeg\" \/>\n<meta name=\"author\" content=\"Jeanette\" \/>\n<meta name=\"twitter:card\" content=\"summary_large_image\" \/>\n<meta name=\"twitter:creator\" content=\"@eldiario_net\" \/>\n<meta name=\"twitter:site\" content=\"@eldiario_net\" \/>\n<meta name=\"twitter:label1\" content=\"Escrito por\" \/>\n\t<meta name=\"twitter:data1\" content=\"Jeanette\" \/>\n\t<meta name=\"twitter:label2\" content=\"Tiempo de lectura\" \/>\n\t<meta name=\"twitter:data2\" content=\"7 minutos\" \/>\n<script type=\"application\/ld+json\" class=\"yoast-schema-graph\">{\"@context\":\"https:\\\/\\\/schema.org\",\"@graph\":[{\"@type\":\"Article\",\"@id\":\"https:\\\/\\\/www.eldiario.net\\\/portal\\\/2024\\\/12\\\/03\\\/la-guerra-del-fin-del-mundo\\\/#article\",\"isPartOf\":{\"@id\":\"https:\\\/\\\/www.eldiario.net\\\/portal\\\/2024\\\/12\\\/03\\\/la-guerra-del-fin-del-mundo\\\/\"},\"author\":{\"name\":\"Jeanette\",\"@id\":\"https:\\\/\\\/www.eldiario.net\\\/portal\\\/#\\\/schema\\\/person\\\/f46445640444750d7d753ccd04ae01b7\"},\"headline\":\"La guerra del fin del mundo\",\"datePublished\":\"2024-12-03T09:48:17+00:00\",\"mainEntityOfPage\":{\"@id\":\"https:\\\/\\\/www.eldiario.net\\\/portal\\\/2024\\\/12\\\/03\\\/la-guerra-del-fin-del-mundo\\\/\"},\"wordCount\":1561,\"publisher\":{\"@id\":\"https:\\\/\\\/www.eldiario.net\\\/portal\\\/#organization\"},\"image\":{\"@id\":\"https:\\\/\\\/www.eldiario.net\\\/portal\\\/2024\\\/12\\\/03\\\/la-guerra-del-fin-del-mundo\\\/#primaryimage\"},\"thumbnailUrl\":\"https:\\\/\\\/www.eldiario.net\\\/portal\\\/wp-content\\\/uploads\\\/2023\\\/12\\\/Opinion.jpg\",\"articleSection\":[\"Opini\u00f3n\"],\"inLanguage\":\"es\"},{\"@type\":\"WebPage\",\"@id\":\"https:\\\/\\\/www.eldiario.net\\\/portal\\\/2024\\\/12\\\/03\\\/la-guerra-del-fin-del-mundo\\\/\",\"url\":\"https:\\\/\\\/www.eldiario.net\\\/portal\\\/2024\\\/12\\\/03\\\/la-guerra-del-fin-del-mundo\\\/\",\"name\":\"La guerra del fin del mundo - El Diario - Bolivia\",\"isPartOf\":{\"@id\":\"https:\\\/\\\/www.eldiario.net\\\/portal\\\/#website\"},\"primaryImageOfPage\":{\"@id\":\"https:\\\/\\\/www.eldiario.net\\\/portal\\\/2024\\\/12\\\/03\\\/la-guerra-del-fin-del-mundo\\\/#primaryimage\"},\"image\":{\"@id\":\"https:\\\/\\\/www.eldiario.net\\\/portal\\\/2024\\\/12\\\/03\\\/la-guerra-del-fin-del-mundo\\\/#primaryimage\"},\"thumbnailUrl\":\"https:\\\/\\\/www.eldiario.net\\\/portal\\\/wp-content\\\/uploads\\\/2023\\\/12\\\/Opinion.jpg\",\"datePublished\":\"2024-12-03T09:48:17+00:00\",\"breadcrumb\":{\"@id\":\"https:\\\/\\\/www.eldiario.net\\\/portal\\\/2024\\\/12\\\/03\\\/la-guerra-del-fin-del-mundo\\\/#breadcrumb\"},\"inLanguage\":\"es\",\"potentialAction\":[{\"@type\":\"ReadAction\",\"target\":[\"https:\\\/\\\/www.eldiario.net\\\/portal\\\/2024\\\/12\\\/03\\\/la-guerra-del-fin-del-mundo\\\/\"]}]},{\"@type\":\"ImageObject\",\"inLanguage\":\"es\",\"@id\":\"https:\\\/\\\/www.eldiario.net\\\/portal\\\/2024\\\/12\\\/03\\\/la-guerra-del-fin-del-mundo\\\/#primaryimage\",\"url\":\"https:\\\/\\\/www.eldiario.net\\\/portal\\\/wp-content\\\/uploads\\\/2023\\\/12\\\/Opinion.jpg\",\"contentUrl\":\"https:\\\/\\\/www.eldiario.net\\\/portal\\\/wp-content\\\/uploads\\\/2023\\\/12\\\/Opinion.jpg\",\"width\":800,\"height\":500},{\"@type\":\"BreadcrumbList\",\"@id\":\"https:\\\/\\\/www.eldiario.net\\\/portal\\\/2024\\\/12\\\/03\\\/la-guerra-del-fin-del-mundo\\\/#breadcrumb\",\"itemListElement\":[{\"@type\":\"ListItem\",\"position\":1,\"name\":\"Portada\",\"item\":\"https:\\\/\\\/www.eldiario.net\\\/portal\\\/\"},{\"@type\":\"ListItem\",\"position\":2,\"name\":\"La guerra del fin del mundo\"}]},{\"@type\":\"WebSite\",\"@id\":\"https:\\\/\\\/www.eldiario.net\\\/portal\\\/#website\",\"url\":\"https:\\\/\\\/www.eldiario.net\\\/portal\\\/\",\"name\":\"El Diario - Decano de la prensa nacional\",\"description\":\"El Diario - Decano de la prensa nacional\",\"publisher\":{\"@id\":\"https:\\\/\\\/www.eldiario.net\\\/portal\\\/#organization\"},\"potentialAction\":[{\"@type\":\"SearchAction\",\"target\":{\"@type\":\"EntryPoint\",\"urlTemplate\":\"https:\\\/\\\/www.eldiario.net\\\/portal\\\/?s={search_term_string}\"},\"query-input\":{\"@type\":\"PropertyValueSpecification\",\"valueRequired\":true,\"valueName\":\"search_term_string\"}}],\"inLanguage\":\"es\"},{\"@type\":\"Organization\",\"@id\":\"https:\\\/\\\/www.eldiario.net\\\/portal\\\/#organization\",\"name\":\"El Diario - Decano de la prensa nacional\",\"url\":\"https:\\\/\\\/www.eldiario.net\\\/portal\\\/\",\"logo\":{\"@type\":\"ImageObject\",\"inLanguage\":\"es\",\"@id\":\"https:\\\/\\\/www.eldiario.net\\\/portal\\\/#\\\/schema\\\/logo\\\/image\\\/\",\"url\":\"https:\\\/\\\/www.eldiario.net\\\/portal\\\/wp-content\\\/uploads\\\/2023\\\/07\\\/logo_ED.jpg\",\"contentUrl\":\"https:\\\/\\\/www.eldiario.net\\\/portal\\\/wp-content\\\/uploads\\\/2023\\\/07\\\/logo_ED.jpg\",\"width\":272,\"height\":52,\"caption\":\"El Diario - Decano de la prensa nacional\"},\"image\":{\"@id\":\"https:\\\/\\\/www.eldiario.net\\\/portal\\\/#\\\/schema\\\/logo\\\/image\\\/\"},\"sameAs\":[\"https:\\\/\\\/www.facebook.com\\\/eldiario.bolivia\\\/\",\"https:\\\/\\\/x.com\\\/eldiario_net\"]},{\"@type\":\"Person\",\"@id\":\"https:\\\/\\\/www.eldiario.net\\\/portal\\\/#\\\/schema\\\/person\\\/f46445640444750d7d753ccd04ae01b7\",\"name\":\"Jeanette\",\"image\":{\"@type\":\"ImageObject\",\"inLanguage\":\"es\",\"@id\":\"https:\\\/\\\/secure.gravatar.com\\\/avatar\\\/3ea2118a5f7dad2b7138b1187a6b7ee55f160b9968b66013c3a3ef39dd7e5798?s=96&d=mm&r=g\",\"url\":\"https:\\\/\\\/secure.gravatar.com\\\/avatar\\\/3ea2118a5f7dad2b7138b1187a6b7ee55f160b9968b66013c3a3ef39dd7e5798?s=96&d=mm&r=g\",\"contentUrl\":\"https:\\\/\\\/secure.gravatar.com\\\/avatar\\\/3ea2118a5f7dad2b7138b1187a6b7ee55f160b9968b66013c3a3ef39dd7e5798?s=96&d=mm&r=g\",\"caption\":\"Jeanette\"},\"sameAs\":[\"https:\\\/\\\/www.eldiario.net\\\/portal\"],\"url\":\"https:\\\/\\\/www.eldiario.net\\\/portal\\\/author\\\/jeanette\\\/\"}]}<\/script>\n<!-- \/ Yoast SEO plugin. -->","yoast_head_json":{"title":"La guerra del fin del mundo - El Diario - Bolivia","robots":{"index":"index","follow":"follow","max-snippet":"max-snippet:-1","max-image-preview":"max-image-preview:large","max-video-preview":"max-video-preview:-1"},"canonical":"https:\/\/www.eldiario.net\/portal\/2024\/12\/03\/la-guerra-del-fin-del-mundo\/","og_locale":"es_ES","og_type":"article","og_title":"La guerra del fin del mundo - El Diario - Bolivia","og_description":"En abril de 1988, particip\u00e9 de un experimento acad\u00e9mico en Tel-Aviv, la capital financiera de Israel. Me encontraba en Tierra Santa gracias a una beca de estudios que me concedi\u00f3 el Centro de Estudios Cooperativos y Laborales para la Am\u00e9rica Latina y el Caribe. Era la primera vez que hab\u00eda salido de Bolivia, ten\u00eda en [&hellip;]","og_url":"https:\/\/www.eldiario.net\/portal\/2024\/12\/03\/la-guerra-del-fin-del-mundo\/","og_site_name":"El Diario - Bolivia","article_publisher":"https:\/\/www.facebook.com\/eldiario.bolivia\/","article_published_time":"2024-12-03T09:48:17+00:00","og_image":[{"width":800,"height":500,"url":"https:\/\/www.eldiario.net\/portal\/wp-content\/uploads\/2023\/12\/Opinion.jpg","type":"image\/jpeg"}],"author":"Jeanette","twitter_card":"summary_large_image","twitter_creator":"@eldiario_net","twitter_site":"@eldiario_net","twitter_misc":{"Escrito por":"Jeanette","Tiempo de lectura":"7 minutos"},"schema":{"@context":"https:\/\/schema.org","@graph":[{"@type":"Article","@id":"https:\/\/www.eldiario.net\/portal\/2024\/12\/03\/la-guerra-del-fin-del-mundo\/#article","isPartOf":{"@id":"https:\/\/www.eldiario.net\/portal\/2024\/12\/03\/la-guerra-del-fin-del-mundo\/"},"author":{"name":"Jeanette","@id":"https:\/\/www.eldiario.net\/portal\/#\/schema\/person\/f46445640444750d7d753ccd04ae01b7"},"headline":"La guerra del fin del mundo","datePublished":"2024-12-03T09:48:17+00:00","mainEntityOfPage":{"@id":"https:\/\/www.eldiario.net\/portal\/2024\/12\/03\/la-guerra-del-fin-del-mundo\/"},"wordCount":1561,"publisher":{"@id":"https:\/\/www.eldiario.net\/portal\/#organization"},"image":{"@id":"https:\/\/www.eldiario.net\/portal\/2024\/12\/03\/la-guerra-del-fin-del-mundo\/#primaryimage"},"thumbnailUrl":"https:\/\/www.eldiario.net\/portal\/wp-content\/uploads\/2023\/12\/Opinion.jpg","articleSection":["Opini\u00f3n"],"inLanguage":"es"},{"@type":"WebPage","@id":"https:\/\/www.eldiario.net\/portal\/2024\/12\/03\/la-guerra-del-fin-del-mundo\/","url":"https:\/\/www.eldiario.net\/portal\/2024\/12\/03\/la-guerra-del-fin-del-mundo\/","name":"La guerra del fin del mundo - El Diario - Bolivia","isPartOf":{"@id":"https:\/\/www.eldiario.net\/portal\/#website"},"primaryImageOfPage":{"@id":"https:\/\/www.eldiario.net\/portal\/2024\/12\/03\/la-guerra-del-fin-del-mundo\/#primaryimage"},"image":{"@id":"https:\/\/www.eldiario.net\/portal\/2024\/12\/03\/la-guerra-del-fin-del-mundo\/#primaryimage"},"thumbnailUrl":"https:\/\/www.eldiario.net\/portal\/wp-content\/uploads\/2023\/12\/Opinion.jpg","datePublished":"2024-12-03T09:48:17+00:00","breadcrumb":{"@id":"https:\/\/www.eldiario.net\/portal\/2024\/12\/03\/la-guerra-del-fin-del-mundo\/#breadcrumb"},"inLanguage":"es","potentialAction":[{"@type":"ReadAction","target":["https:\/\/www.eldiario.net\/portal\/2024\/12\/03\/la-guerra-del-fin-del-mundo\/"]}]},{"@type":"ImageObject","inLanguage":"es","@id":"https:\/\/www.eldiario.net\/portal\/2024\/12\/03\/la-guerra-del-fin-del-mundo\/#primaryimage","url":"https:\/\/www.eldiario.net\/portal\/wp-content\/uploads\/2023\/12\/Opinion.jpg","contentUrl":"https:\/\/www.eldiario.net\/portal\/wp-content\/uploads\/2023\/12\/Opinion.jpg","width":800,"height":500},{"@type":"BreadcrumbList","@id":"https:\/\/www.eldiario.net\/portal\/2024\/12\/03\/la-guerra-del-fin-del-mundo\/#breadcrumb","itemListElement":[{"@type":"ListItem","position":1,"name":"Portada","item":"https:\/\/www.eldiario.net\/portal\/"},{"@type":"ListItem","position":2,"name":"La guerra del fin del mundo"}]},{"@type":"WebSite","@id":"https:\/\/www.eldiario.net\/portal\/#website","url":"https:\/\/www.eldiario.net\/portal\/","name":"El Diario - Decano de la prensa nacional","description":"El Diario - Decano de la prensa nacional","publisher":{"@id":"https:\/\/www.eldiario.net\/portal\/#organization"},"potentialAction":[{"@type":"SearchAction","target":{"@type":"EntryPoint","urlTemplate":"https:\/\/www.eldiario.net\/portal\/?s={search_term_string}"},"query-input":{"@type":"PropertyValueSpecification","valueRequired":true,"valueName":"search_term_string"}}],"inLanguage":"es"},{"@type":"Organization","@id":"https:\/\/www.eldiario.net\/portal\/#organization","name":"El Diario - Decano de la prensa nacional","url":"https:\/\/www.eldiario.net\/portal\/","logo":{"@type":"ImageObject","inLanguage":"es","@id":"https:\/\/www.eldiario.net\/portal\/#\/schema\/logo\/image\/","url":"https:\/\/www.eldiario.net\/portal\/wp-content\/uploads\/2023\/07\/logo_ED.jpg","contentUrl":"https:\/\/www.eldiario.net\/portal\/wp-content\/uploads\/2023\/07\/logo_ED.jpg","width":272,"height":52,"caption":"El Diario - Decano de la prensa nacional"},"image":{"@id":"https:\/\/www.eldiario.net\/portal\/#\/schema\/logo\/image\/"},"sameAs":["https:\/\/www.facebook.com\/eldiario.bolivia\/","https:\/\/x.com\/eldiario_net"]},{"@type":"Person","@id":"https:\/\/www.eldiario.net\/portal\/#\/schema\/person\/f46445640444750d7d753ccd04ae01b7","name":"Jeanette","image":{"@type":"ImageObject","inLanguage":"es","@id":"https:\/\/secure.gravatar.com\/avatar\/3ea2118a5f7dad2b7138b1187a6b7ee55f160b9968b66013c3a3ef39dd7e5798?s=96&d=mm&r=g","url":"https:\/\/secure.gravatar.com\/avatar\/3ea2118a5f7dad2b7138b1187a6b7ee55f160b9968b66013c3a3ef39dd7e5798?s=96&d=mm&r=g","contentUrl":"https:\/\/secure.gravatar.com\/avatar\/3ea2118a5f7dad2b7138b1187a6b7ee55f160b9968b66013c3a3ef39dd7e5798?s=96&d=mm&r=g","caption":"Jeanette"},"sameAs":["https:\/\/www.eldiario.net\/portal"],"url":"https:\/\/www.eldiario.net\/portal\/author\/jeanette\/"}]}},"_links":{"self":[{"href":"https:\/\/www.eldiario.net\/portal\/wp-json\/wp\/v2\/posts\/265269","targetHints":{"allow":["GET"]}}],"collection":[{"href":"https:\/\/www.eldiario.net\/portal\/wp-json\/wp\/v2\/posts"}],"about":[{"href":"https:\/\/www.eldiario.net\/portal\/wp-json\/wp\/v2\/types\/post"}],"author":[{"embeddable":true,"href":"https:\/\/www.eldiario.net\/portal\/wp-json\/wp\/v2\/users\/1"}],"replies":[{"embeddable":true,"href":"https:\/\/www.eldiario.net\/portal\/wp-json\/wp\/v2\/comments?post=265269"}],"version-history":[{"count":1,"href":"https:\/\/www.eldiario.net\/portal\/wp-json\/wp\/v2\/posts\/265269\/revisions"}],"predecessor-version":[{"id":265270,"href":"https:\/\/www.eldiario.net\/portal\/wp-json\/wp\/v2\/posts\/265269\/revisions\/265270"}],"wp:featuredmedia":[{"embeddable":true,"href":"https:\/\/www.eldiario.net\/portal\/wp-json\/wp\/v2\/media\/194790"}],"wp:attachment":[{"href":"https:\/\/www.eldiario.net\/portal\/wp-json\/wp\/v2\/media?parent=265269"}],"wp:term":[{"taxonomy":"category","embeddable":true,"href":"https:\/\/www.eldiario.net\/portal\/wp-json\/wp\/v2\/categories?post=265269"},{"taxonomy":"post_tag","embeddable":true,"href":"https:\/\/www.eldiario.net\/portal\/wp-json\/wp\/v2\/tags?post=265269"}],"curies":[{"name":"wp","href":"https:\/\/api.w.org\/{rel}","templated":true}]}}