{"id":265263,"date":"2024-12-02T19:30:49","date_gmt":"2024-12-02T23:30:49","guid":{"rendered":"https:\/\/www.eldiario.net\/portal\/?p=265263"},"modified":"2024-12-02T19:30:49","modified_gmt":"2024-12-02T23:30:49","slug":"ee-uu-paquete-de-725-millones-de-dolares-refuerza-apoyo-militar-a-ucrania-1930","status":"publish","type":"post","link":"https:\/\/www.eldiario.net\/portal\/2024\/12\/02\/ee-uu-paquete-de-725-millones-de-dolares-refuerza-apoyo-militar-a-ucrania-1930\/","title":{"rendered":"EE.UU.: Paquete de 725 millones de d\u00f3lares refuerza apoyo militar a Ucrania. (19:30)"},"content":{"rendered":"<p>Estados Unidos ha anunciado un nuevo paquete de ayuda militar a Ucrania, valorado en 725 millones de d\u00f3lares, que incluye municiones para los Sistemas de Cohetes de Artiller\u00eda de Alta Movilidad (HIMARS), minas antipersona, drones, misiles antitanque TOW y Javelin, y misiles tierra-aire Stinger. El secretario de Estado, Antony Blinken, destac\u00f3 la unidad de m\u00e1s de 50 pa\u00edses en apoyar a Kiev contra la agresi\u00f3n rusa.<\/p>\n<p>El secretario de Defensa, Lloyd Austin, discuti\u00f3 con su hom\u00f3logo ucraniano, Rustem Umerov, sobre la situaci\u00f3n en el campo de batalla y las necesidades de Ucrania. Austin conden\u00f3 los recientes ataques rusos a infraestructura civil y el uso de misiles bal\u00edsticos de alcance intermedio, calific\u00e1ndolos como una escalada en la guerra.<\/p>\n<p>Aunque no se confirm\u00f3 si las municiones para los HIMARS incluyen los codiciados ATACMS, Ucrania sigue presionando por misiles de largo alcance para atacar objetivos dentro de Rusia.<\/p>\n","protected":false},"excerpt":{"rendered":"<p>Estados Unidos ha anunciado un nuevo paquete de ayuda militar a Ucrania, valorado en 725 millones de d\u00f3lares, que incluye municiones para los Sistemas de Cohetes de Artiller\u00eda de Alta Movilidad (HIMARS), minas antipersona, drones, misiles antitanque TOW y Javelin, y misiles tierra-aire Stinger. El secretario de Estado, Antony Blinken, destac\u00f3 la unidad de m\u00e1s [&hellip;]<\/p>\n","protected":false},"author":7,"featured_media":265265,"comment_status":"closed","ping_status":"open","sticky":false,"template":"","format":"standard","meta":{"_acf_changed":false,"footnotes":""},"categories":[51],"tags":[],"class_list":["post-265263","post","type-post","status-publish","format-standard","has-post-thumbnail","category-ultima-hora"],"acf":{"antetitulo":""},"yoast_head":"<!-- This site is optimized with the Yoast SEO plugin v28.3 - https:\/\/yoast.com\/product\/yoast-seo-wordpress\/ -->\n<title>EE.UU.: Paquete de 725 millones de d\u00f3lares refuerza apoyo militar a Ucrania. (19:30) - El Diario - Bolivia<\/title>\n<meta name=\"robots\" content=\"index, follow, max-snippet:-1, max-image-preview:large, max-video-preview:-1\" \/>\n<link rel=\"canonical\" href=\"https:\/\/www.eldiario.net\/portal\/2024\/12\/02\/ee-uu-paquete-de-725-millones-de-dolares-refuerza-apoyo-militar-a-ucrania-1930\/\" \/>\n<meta property=\"og:locale\" content=\"es_ES\" \/>\n<meta property=\"og:type\" content=\"article\" \/>\n<meta property=\"og:title\" content=\"EE.UU.: Paquete de 725 millones de d\u00f3lares refuerza apoyo militar a Ucrania. (19:30) - El Diario - Bolivia\" \/>\n<meta property=\"og:description\" content=\"Estados Unidos ha anunciado un nuevo paquete de ayuda militar a Ucrania, valorado en 725 millones de d\u00f3lares, que incluye municiones para los Sistemas de Cohetes de Artiller\u00eda de Alta Movilidad (HIMARS), minas antipersona, drones, misiles antitanque TOW y Javelin, y misiles tierra-aire Stinger. El secretario de Estado, Antony Blinken, destac\u00f3 la unidad de m\u00e1s [&hellip;]\" \/>\n<meta property=\"og:url\" content=\"https:\/\/www.eldiario.net\/portal\/2024\/12\/02\/ee-uu-paquete-de-725-millones-de-dolares-refuerza-apoyo-militar-a-ucrania-1930\/\" \/>\n<meta property=\"og:site_name\" content=\"El Diario - Bolivia\" \/>\n<meta property=\"article:publisher\" content=\"https:\/\/www.facebook.com\/eldiario.bolivia\/\" \/>\n<meta property=\"article:published_time\" content=\"2024-12-02T23:30:49+00:00\" \/>\n<meta property=\"og:image\" content=\"https:\/\/www.eldiario.net\/portal\/wp-content\/uploads\/2024\/12\/blinken-e1733182220794.jpg\" \/>\n\t<meta property=\"og:image:width\" content=\"300\" \/>\n\t<meta property=\"og:image:height\" content=\"375\" \/>\n\t<meta property=\"og:image:type\" content=\"image\/jpeg\" \/>\n<meta name=\"author\" content=\"Viviana Monrroy\" \/>\n<meta name=\"twitter:card\" content=\"summary_large_image\" \/>\n<meta name=\"twitter:creator\" content=\"@eldiario_net\" \/>\n<meta name=\"twitter:site\" content=\"@eldiario_net\" \/>\n<meta name=\"twitter:label1\" content=\"Escrito por\" \/>\n\t<meta name=\"twitter:data1\" content=\"Viviana Monrroy\" \/>\n\t<meta name=\"twitter:label2\" content=\"Tiempo de lectura\" \/>\n\t<meta name=\"twitter:data2\" content=\"1 minuto\" \/>\n<script type=\"application\/ld+json\" class=\"yoast-schema-graph\">{\"@context\":\"https:\\\/\\\/schema.org\",\"@graph\":[{\"@type\":\"Article\",\"@id\":\"https:\\\/\\\/www.eldiario.net\\\/portal\\\/2024\\\/12\\\/02\\\/ee-uu-paquete-de-725-millones-de-dolares-refuerza-apoyo-militar-a-ucrania-1930\\\/#article\",\"isPartOf\":{\"@id\":\"https:\\\/\\\/www.eldiario.net\\\/portal\\\/2024\\\/12\\\/02\\\/ee-uu-paquete-de-725-millones-de-dolares-refuerza-apoyo-militar-a-ucrania-1930\\\/\"},\"author\":{\"name\":\"Viviana Monrroy\",\"@id\":\"https:\\\/\\\/www.eldiario.net\\\/portal\\\/#\\\/schema\\\/person\\\/ba370d92d160f4d3574381f6d9b78fab\"},\"headline\":\"EE.UU.: Paquete de 725 millones de d\u00f3lares refuerza apoyo militar a Ucrania. (19:30)\",\"datePublished\":\"2024-12-02T23:30:49+00:00\",\"mainEntityOfPage\":{\"@id\":\"https:\\\/\\\/www.eldiario.net\\\/portal\\\/2024\\\/12\\\/02\\\/ee-uu-paquete-de-725-millones-de-dolares-refuerza-apoyo-militar-a-ucrania-1930\\\/\"},\"wordCount\":165,\"publisher\":{\"@id\":\"https:\\\/\\\/www.eldiario.net\\\/portal\\\/#organization\"},\"image\":{\"@id\":\"https:\\\/\\\/www.eldiario.net\\\/portal\\\/2024\\\/12\\\/02\\\/ee-uu-paquete-de-725-millones-de-dolares-refuerza-apoyo-militar-a-ucrania-1930\\\/#primaryimage\"},\"thumbnailUrl\":\"https:\\\/\\\/www.eldiario.net\\\/portal\\\/wp-content\\\/uploads\\\/2024\\\/12\\\/blinken-e1733182220794.jpg\",\"articleSection\":[\"\u00daltima Hora\"],\"inLanguage\":\"es\"},{\"@type\":\"WebPage\",\"@id\":\"https:\\\/\\\/www.eldiario.net\\\/portal\\\/2024\\\/12\\\/02\\\/ee-uu-paquete-de-725-millones-de-dolares-refuerza-apoyo-militar-a-ucrania-1930\\\/\",\"url\":\"https:\\\/\\\/www.eldiario.net\\\/portal\\\/2024\\\/12\\\/02\\\/ee-uu-paquete-de-725-millones-de-dolares-refuerza-apoyo-militar-a-ucrania-1930\\\/\",\"name\":\"EE.UU.: Paquete de 725 millones de d\u00f3lares refuerza apoyo militar a Ucrania. (19:30) - El Diario - Bolivia\",\"isPartOf\":{\"@id\":\"https:\\\/\\\/www.eldiario.net\\\/portal\\\/#website\"},\"primaryImageOfPage\":{\"@id\":\"https:\\\/\\\/www.eldiario.net\\\/portal\\\/2024\\\/12\\\/02\\\/ee-uu-paquete-de-725-millones-de-dolares-refuerza-apoyo-militar-a-ucrania-1930\\\/#primaryimage\"},\"image\":{\"@id\":\"https:\\\/\\\/www.eldiario.net\\\/portal\\\/2024\\\/12\\\/02\\\/ee-uu-paquete-de-725-millones-de-dolares-refuerza-apoyo-militar-a-ucrania-1930\\\/#primaryimage\"},\"thumbnailUrl\":\"https:\\\/\\\/www.eldiario.net\\\/portal\\\/wp-content\\\/uploads\\\/2024\\\/12\\\/blinken-e1733182220794.jpg\",\"datePublished\":\"2024-12-02T23:30:49+00:00\",\"breadcrumb\":{\"@id\":\"https:\\\/\\\/www.eldiario.net\\\/portal\\\/2024\\\/12\\\/02\\\/ee-uu-paquete-de-725-millones-de-dolares-refuerza-apoyo-militar-a-ucrania-1930\\\/#breadcrumb\"},\"inLanguage\":\"es\",\"potentialAction\":[{\"@type\":\"ReadAction\",\"target\":[\"https:\\\/\\\/www.eldiario.net\\\/portal\\\/2024\\\/12\\\/02\\\/ee-uu-paquete-de-725-millones-de-dolares-refuerza-apoyo-militar-a-ucrania-1930\\\/\"]}]},{\"@type\":\"ImageObject\",\"inLanguage\":\"es\",\"@id\":\"https:\\\/\\\/www.eldiario.net\\\/portal\\\/2024\\\/12\\\/02\\\/ee-uu-paquete-de-725-millones-de-dolares-refuerza-apoyo-militar-a-ucrania-1930\\\/#primaryimage\",\"url\":\"https:\\\/\\\/www.eldiario.net\\\/portal\\\/wp-content\\\/uploads\\\/2024\\\/12\\\/blinken-e1733182220794.jpg\",\"contentUrl\":\"https:\\\/\\\/www.eldiario.net\\\/portal\\\/wp-content\\\/uploads\\\/2024\\\/12\\\/blinken-e1733182220794.jpg\",\"width\":300,\"height\":375,\"caption\":\"Foto: RR.SS.\"},{\"@type\":\"BreadcrumbList\",\"@id\":\"https:\\\/\\\/www.eldiario.net\\\/portal\\\/2024\\\/12\\\/02\\\/ee-uu-paquete-de-725-millones-de-dolares-refuerza-apoyo-militar-a-ucrania-1930\\\/#breadcrumb\",\"itemListElement\":[{\"@type\":\"ListItem\",\"position\":1,\"name\":\"Portada\",\"item\":\"https:\\\/\\\/www.eldiario.net\\\/portal\\\/\"},{\"@type\":\"ListItem\",\"position\":2,\"name\":\"EE.UU.: Paquete de 725 millones de d\u00f3lares refuerza apoyo militar a Ucrania. (19:30)\"}]},{\"@type\":\"WebSite\",\"@id\":\"https:\\\/\\\/www.eldiario.net\\\/portal\\\/#website\",\"url\":\"https:\\\/\\\/www.eldiario.net\\\/portal\\\/\",\"name\":\"El Diario - Decano de la prensa nacional\",\"description\":\"El Diario - Decano de la prensa nacional\",\"publisher\":{\"@id\":\"https:\\\/\\\/www.eldiario.net\\\/portal\\\/#organization\"},\"potentialAction\":[{\"@type\":\"SearchAction\",\"target\":{\"@type\":\"EntryPoint\",\"urlTemplate\":\"https:\\\/\\\/www.eldiario.net\\\/portal\\\/?s={search_term_string}\"},\"query-input\":{\"@type\":\"PropertyValueSpecification\",\"valueRequired\":true,\"valueName\":\"search_term_string\"}}],\"inLanguage\":\"es\"},{\"@type\":\"Organization\",\"@id\":\"https:\\\/\\\/www.eldiario.net\\\/portal\\\/#organization\",\"name\":\"El Diario - Decano de la prensa nacional\",\"url\":\"https:\\\/\\\/www.eldiario.net\\\/portal\\\/\",\"logo\":{\"@type\":\"ImageObject\",\"inLanguage\":\"es\",\"@id\":\"https:\\\/\\\/www.eldiario.net\\\/portal\\\/#\\\/schema\\\/logo\\\/image\\\/\",\"url\":\"https:\\\/\\\/www.eldiario.net\\\/portal\\\/wp-content\\\/uploads\\\/2023\\\/07\\\/logo_ED.jpg\",\"contentUrl\":\"https:\\\/\\\/www.eldiario.net\\\/portal\\\/wp-content\\\/uploads\\\/2023\\\/07\\\/logo_ED.jpg\",\"width\":272,\"height\":52,\"caption\":\"El Diario - Decano de la prensa nacional\"},\"image\":{\"@id\":\"https:\\\/\\\/www.eldiario.net\\\/portal\\\/#\\\/schema\\\/logo\\\/image\\\/\"},\"sameAs\":[\"https:\\\/\\\/www.facebook.com\\\/eldiario.bolivia\\\/\",\"https:\\\/\\\/x.com\\\/eldiario_net\"]},{\"@type\":\"Person\",\"@id\":\"https:\\\/\\\/www.eldiario.net\\\/portal\\\/#\\\/schema\\\/person\\\/ba370d92d160f4d3574381f6d9b78fab\",\"name\":\"Viviana Monrroy\",\"image\":{\"@type\":\"ImageObject\",\"inLanguage\":\"es\",\"@id\":\"https:\\\/\\\/secure.gravatar.com\\\/avatar\\\/dfd1611ed5600959a0e5a9754503b6c05d1dcf190010998e0363aee2ad98afca?s=96&d=mm&r=g\",\"url\":\"https:\\\/\\\/secure.gravatar.com\\\/avatar\\\/dfd1611ed5600959a0e5a9754503b6c05d1dcf190010998e0363aee2ad98afca?s=96&d=mm&r=g\",\"contentUrl\":\"https:\\\/\\\/secure.gravatar.com\\\/avatar\\\/dfd1611ed5600959a0e5a9754503b6c05d1dcf190010998e0363aee2ad98afca?s=96&d=mm&r=g\",\"caption\":\"Viviana Monrroy\"},\"sameAs\":[\"http:\\\/\\\/www.eldiario.net\"],\"url\":\"https:\\\/\\\/www.eldiario.net\\\/portal\\\/author\\\/vivianamonrroy\\\/\"}]}<\/script>\n<!-- \/ Yoast SEO plugin. -->","yoast_head_json":{"title":"EE.UU.: Paquete de 725 millones de d\u00f3lares refuerza apoyo militar a Ucrania. (19:30) - El Diario - Bolivia","robots":{"index":"index","follow":"follow","max-snippet":"max-snippet:-1","max-image-preview":"max-image-preview:large","max-video-preview":"max-video-preview:-1"},"canonical":"https:\/\/www.eldiario.net\/portal\/2024\/12\/02\/ee-uu-paquete-de-725-millones-de-dolares-refuerza-apoyo-militar-a-ucrania-1930\/","og_locale":"es_ES","og_type":"article","og_title":"EE.UU.: Paquete de 725 millones de d\u00f3lares refuerza apoyo militar a Ucrania. (19:30) - El Diario - Bolivia","og_description":"Estados Unidos ha anunciado un nuevo paquete de ayuda militar a Ucrania, valorado en 725 millones de d\u00f3lares, que incluye municiones para los Sistemas de Cohetes de Artiller\u00eda de Alta Movilidad (HIMARS), minas antipersona, drones, misiles antitanque TOW y Javelin, y misiles tierra-aire Stinger. El secretario de Estado, Antony Blinken, destac\u00f3 la unidad de m\u00e1s [&hellip;]","og_url":"https:\/\/www.eldiario.net\/portal\/2024\/12\/02\/ee-uu-paquete-de-725-millones-de-dolares-refuerza-apoyo-militar-a-ucrania-1930\/","og_site_name":"El Diario - Bolivia","article_publisher":"https:\/\/www.facebook.com\/eldiario.bolivia\/","article_published_time":"2024-12-02T23:30:49+00:00","og_image":[{"width":300,"height":375,"url":"https:\/\/www.eldiario.net\/portal\/wp-content\/uploads\/2024\/12\/blinken-e1733182220794.jpg","type":"image\/jpeg"}],"author":"Viviana Monrroy","twitter_card":"summary_large_image","twitter_creator":"@eldiario_net","twitter_site":"@eldiario_net","twitter_misc":{"Escrito por":"Viviana Monrroy","Tiempo de lectura":"1 minuto"},"schema":{"@context":"https:\/\/schema.org","@graph":[{"@type":"Article","@id":"https:\/\/www.eldiario.net\/portal\/2024\/12\/02\/ee-uu-paquete-de-725-millones-de-dolares-refuerza-apoyo-militar-a-ucrania-1930\/#article","isPartOf":{"@id":"https:\/\/www.eldiario.net\/portal\/2024\/12\/02\/ee-uu-paquete-de-725-millones-de-dolares-refuerza-apoyo-militar-a-ucrania-1930\/"},"author":{"name":"Viviana Monrroy","@id":"https:\/\/www.eldiario.net\/portal\/#\/schema\/person\/ba370d92d160f4d3574381f6d9b78fab"},"headline":"EE.UU.: Paquete de 725 millones de d\u00f3lares refuerza apoyo militar a Ucrania. (19:30)","datePublished":"2024-12-02T23:30:49+00:00","mainEntityOfPage":{"@id":"https:\/\/www.eldiario.net\/portal\/2024\/12\/02\/ee-uu-paquete-de-725-millones-de-dolares-refuerza-apoyo-militar-a-ucrania-1930\/"},"wordCount":165,"publisher":{"@id":"https:\/\/www.eldiario.net\/portal\/#organization"},"image":{"@id":"https:\/\/www.eldiario.net\/portal\/2024\/12\/02\/ee-uu-paquete-de-725-millones-de-dolares-refuerza-apoyo-militar-a-ucrania-1930\/#primaryimage"},"thumbnailUrl":"https:\/\/www.eldiario.net\/portal\/wp-content\/uploads\/2024\/12\/blinken-e1733182220794.jpg","articleSection":["\u00daltima Hora"],"inLanguage":"es"},{"@type":"WebPage","@id":"https:\/\/www.eldiario.net\/portal\/2024\/12\/02\/ee-uu-paquete-de-725-millones-de-dolares-refuerza-apoyo-militar-a-ucrania-1930\/","url":"https:\/\/www.eldiario.net\/portal\/2024\/12\/02\/ee-uu-paquete-de-725-millones-de-dolares-refuerza-apoyo-militar-a-ucrania-1930\/","name":"EE.UU.: Paquete de 725 millones de d\u00f3lares refuerza apoyo militar a Ucrania. (19:30) - El Diario - Bolivia","isPartOf":{"@id":"https:\/\/www.eldiario.net\/portal\/#website"},"primaryImageOfPage":{"@id":"https:\/\/www.eldiario.net\/portal\/2024\/12\/02\/ee-uu-paquete-de-725-millones-de-dolares-refuerza-apoyo-militar-a-ucrania-1930\/#primaryimage"},"image":{"@id":"https:\/\/www.eldiario.net\/portal\/2024\/12\/02\/ee-uu-paquete-de-725-millones-de-dolares-refuerza-apoyo-militar-a-ucrania-1930\/#primaryimage"},"thumbnailUrl":"https:\/\/www.eldiario.net\/portal\/wp-content\/uploads\/2024\/12\/blinken-e1733182220794.jpg","datePublished":"2024-12-02T23:30:49+00:00","breadcrumb":{"@id":"https:\/\/www.eldiario.net\/portal\/2024\/12\/02\/ee-uu-paquete-de-725-millones-de-dolares-refuerza-apoyo-militar-a-ucrania-1930\/#breadcrumb"},"inLanguage":"es","potentialAction":[{"@type":"ReadAction","target":["https:\/\/www.eldiario.net\/portal\/2024\/12\/02\/ee-uu-paquete-de-725-millones-de-dolares-refuerza-apoyo-militar-a-ucrania-1930\/"]}]},{"@type":"ImageObject","inLanguage":"es","@id":"https:\/\/www.eldiario.net\/portal\/2024\/12\/02\/ee-uu-paquete-de-725-millones-de-dolares-refuerza-apoyo-militar-a-ucrania-1930\/#primaryimage","url":"https:\/\/www.eldiario.net\/portal\/wp-content\/uploads\/2024\/12\/blinken-e1733182220794.jpg","contentUrl":"https:\/\/www.eldiario.net\/portal\/wp-content\/uploads\/2024\/12\/blinken-e1733182220794.jpg","width":300,"height":375,"caption":"Foto: RR.SS."},{"@type":"BreadcrumbList","@id":"https:\/\/www.eldiario.net\/portal\/2024\/12\/02\/ee-uu-paquete-de-725-millones-de-dolares-refuerza-apoyo-militar-a-ucrania-1930\/#breadcrumb","itemListElement":[{"@type":"ListItem","position":1,"name":"Portada","item":"https:\/\/www.eldiario.net\/portal\/"},{"@type":"ListItem","position":2,"name":"EE.UU.: Paquete de 725 millones de d\u00f3lares refuerza apoyo militar a Ucrania. (19:30)"}]},{"@type":"WebSite","@id":"https:\/\/www.eldiario.net\/portal\/#website","url":"https:\/\/www.eldiario.net\/portal\/","name":"El Diario - Decano de la prensa nacional","description":"El Diario - Decano de la prensa nacional","publisher":{"@id":"https:\/\/www.eldiario.net\/portal\/#organization"},"potentialAction":[{"@type":"SearchAction","target":{"@type":"EntryPoint","urlTemplate":"https:\/\/www.eldiario.net\/portal\/?s={search_term_string}"},"query-input":{"@type":"PropertyValueSpecification","valueRequired":true,"valueName":"search_term_string"}}],"inLanguage":"es"},{"@type":"Organization","@id":"https:\/\/www.eldiario.net\/portal\/#organization","name":"El Diario - Decano de la prensa nacional","url":"https:\/\/www.eldiario.net\/portal\/","logo":{"@type":"ImageObject","inLanguage":"es","@id":"https:\/\/www.eldiario.net\/portal\/#\/schema\/logo\/image\/","url":"https:\/\/www.eldiario.net\/portal\/wp-content\/uploads\/2023\/07\/logo_ED.jpg","contentUrl":"https:\/\/www.eldiario.net\/portal\/wp-content\/uploads\/2023\/07\/logo_ED.jpg","width":272,"height":52,"caption":"El Diario - Decano de la prensa nacional"},"image":{"@id":"https:\/\/www.eldiario.net\/portal\/#\/schema\/logo\/image\/"},"sameAs":["https:\/\/www.facebook.com\/eldiario.bolivia\/","https:\/\/x.com\/eldiario_net"]},{"@type":"Person","@id":"https:\/\/www.eldiario.net\/portal\/#\/schema\/person\/ba370d92d160f4d3574381f6d9b78fab","name":"Viviana Monrroy","image":{"@type":"ImageObject","inLanguage":"es","@id":"https:\/\/secure.gravatar.com\/avatar\/dfd1611ed5600959a0e5a9754503b6c05d1dcf190010998e0363aee2ad98afca?s=96&d=mm&r=g","url":"https:\/\/secure.gravatar.com\/avatar\/dfd1611ed5600959a0e5a9754503b6c05d1dcf190010998e0363aee2ad98afca?s=96&d=mm&r=g","contentUrl":"https:\/\/secure.gravatar.com\/avatar\/dfd1611ed5600959a0e5a9754503b6c05d1dcf190010998e0363aee2ad98afca?s=96&d=mm&r=g","caption":"Viviana Monrroy"},"sameAs":["http:\/\/www.eldiario.net"],"url":"https:\/\/www.eldiario.net\/portal\/author\/vivianamonrroy\/"}]}},"_links":{"self":[{"href":"https:\/\/www.eldiario.net\/portal\/wp-json\/wp\/v2\/posts\/265263","targetHints":{"allow":["GET"]}}],"collection":[{"href":"https:\/\/www.eldiario.net\/portal\/wp-json\/wp\/v2\/posts"}],"about":[{"href":"https:\/\/www.eldiario.net\/portal\/wp-json\/wp\/v2\/types\/post"}],"author":[{"embeddable":true,"href":"https:\/\/www.eldiario.net\/portal\/wp-json\/wp\/v2\/users\/7"}],"replies":[{"embeddable":true,"href":"https:\/\/www.eldiario.net\/portal\/wp-json\/wp\/v2\/comments?post=265263"}],"version-history":[{"count":1,"href":"https:\/\/www.eldiario.net\/portal\/wp-json\/wp\/v2\/posts\/265263\/revisions"}],"predecessor-version":[{"id":265266,"href":"https:\/\/www.eldiario.net\/portal\/wp-json\/wp\/v2\/posts\/265263\/revisions\/265266"}],"wp:featuredmedia":[{"embeddable":true,"href":"https:\/\/www.eldiario.net\/portal\/wp-json\/wp\/v2\/media\/265265"}],"wp:attachment":[{"href":"https:\/\/www.eldiario.net\/portal\/wp-json\/wp\/v2\/media?parent=265263"}],"wp:term":[{"taxonomy":"category","embeddable":true,"href":"https:\/\/www.eldiario.net\/portal\/wp-json\/wp\/v2\/categories?post=265263"},{"taxonomy":"post_tag","embeddable":true,"href":"https:\/\/www.eldiario.net\/portal\/wp-json\/wp\/v2\/tags?post=265263"}],"curies":[{"name":"wp","href":"https:\/\/api.w.org\/{rel}","templated":true}]}}