{"id":265231,"date":"2024-12-02T17:16:13","date_gmt":"2024-12-02T21:16:13","guid":{"rendered":"https:\/\/www.eldiario.net\/portal\/?p=265231"},"modified":"2024-12-02T17:16:13","modified_gmt":"2024-12-02T21:16:13","slug":"golpe-al-contrabando-incautan-mercaderia-valuada-en-bs-1-millon-1715","status":"publish","type":"post","link":"https:\/\/www.eldiario.net\/portal\/2024\/12\/02\/golpe-al-contrabando-incautan-mercaderia-valuada-en-bs-1-millon-1715\/","title":{"rendered":"Golpe al Contrabando: Incautan mercader\u00eda valuada en Bs 1 Mill\u00f3n. (17:15)"},"content":{"rendered":"<p>Se confiscaron un total de \u00a0destacan 700 quintales de az\u00facar, 200 cajas de aceite y 350.000 unidades de huevo, adem\u00e1s de artefactos de l\u00ednea blanca y negra, con un valor total cercano a Bs 1 mill\u00f3n, seg\u00fan informaron el Viceministro de Lucha Contra el Contrabando, Cnl. Luis Am\u00edlcar Vel\u00e1squez y el comandante Cnl. F\u00e9lix Sandro Guti\u00e9rrez.<\/p>\n<p>En un operativo realizado en zonas fronterizas como Puerto Acosta y Guaqui, militares del Comando Estrat\u00e9gico Operacional de Lucha Contra el Contrabando interceptaron siete veh\u00edculos que transportaban productos de contrabando hacia Per\u00fa.<\/p>\n<p>La mercader\u00eda, que inclu\u00eda alimentos como frangollo y aceite, fue entregada a Emapa y la Aduana Nacional seg\u00fan lo establece el Decreto Supremo 5245. Las autoridades recalcaron que este tipo de operativos busca frenar el impacto econ\u00f3mico del contrabando en Bolivia y proteger la producci\u00f3n nacional.<\/p>\n<p>&nbsp;<\/p>\n","protected":false},"excerpt":{"rendered":"<p>Se confiscaron un total de \u00a0destacan 700 quintales de az\u00facar, 200 cajas de aceite y 350.000 unidades de huevo, adem\u00e1s de artefactos de l\u00ednea blanca y negra, con un valor total cercano a Bs 1 mill\u00f3n, seg\u00fan informaron el Viceministro de Lucha Contra el Contrabando, Cnl. Luis Am\u00edlcar Vel\u00e1squez y el comandante Cnl. F\u00e9lix Sandro [&hellip;]<\/p>\n","protected":false},"author":7,"featured_media":265232,"comment_status":"closed","ping_status":"open","sticky":false,"template":"","format":"standard","meta":{"_acf_changed":false,"footnotes":""},"categories":[51],"tags":[],"class_list":["post-265231","post","type-post","status-publish","format-standard","has-post-thumbnail","category-ultima-hora"],"acf":{"antetitulo":""},"yoast_head":"<!-- This site is optimized with the Yoast SEO plugin v28.3 - https:\/\/yoast.com\/product\/yoast-seo-wordpress\/ -->\n<title>Golpe al Contrabando: Incautan mercader\u00eda valuada en Bs 1 Mill\u00f3n. (17:15) - El Diario - Bolivia<\/title>\n<meta name=\"robots\" content=\"index, follow, max-snippet:-1, max-image-preview:large, max-video-preview:-1\" \/>\n<link rel=\"canonical\" href=\"https:\/\/www.eldiario.net\/portal\/2024\/12\/02\/golpe-al-contrabando-incautan-mercaderia-valuada-en-bs-1-millon-1715\/\" \/>\n<meta property=\"og:locale\" content=\"es_ES\" \/>\n<meta property=\"og:type\" content=\"article\" \/>\n<meta property=\"og:title\" content=\"Golpe al Contrabando: Incautan mercader\u00eda valuada en Bs 1 Mill\u00f3n. (17:15) - El Diario - Bolivia\" \/>\n<meta property=\"og:description\" content=\"Se confiscaron un total de \u00a0destacan 700 quintales de az\u00facar, 200 cajas de aceite y 350.000 unidades de huevo, adem\u00e1s de artefactos de l\u00ednea blanca y negra, con un valor total cercano a Bs 1 mill\u00f3n, seg\u00fan informaron el Viceministro de Lucha Contra el Contrabando, Cnl. Luis Am\u00edlcar Vel\u00e1squez y el comandante Cnl. F\u00e9lix Sandro [&hellip;]\" \/>\n<meta property=\"og:url\" content=\"https:\/\/www.eldiario.net\/portal\/2024\/12\/02\/golpe-al-contrabando-incautan-mercaderia-valuada-en-bs-1-millon-1715\/\" \/>\n<meta property=\"og:site_name\" content=\"El Diario - Bolivia\" \/>\n<meta property=\"article:publisher\" content=\"https:\/\/www.facebook.com\/eldiario.bolivia\/\" \/>\n<meta property=\"article:published_time\" content=\"2024-12-02T21:16:13+00:00\" \/>\n<meta property=\"og:image\" content=\"https:\/\/www.eldiario.net\/portal\/wp-content\/uploads\/2024\/12\/contrabando.jpg\" \/>\n\t<meta property=\"og:image:width\" content=\"2048\" \/>\n\t<meta property=\"og:image:height\" content=\"1536\" \/>\n\t<meta property=\"og:image:type\" content=\"image\/jpeg\" \/>\n<meta name=\"author\" content=\"Viviana Monrroy\" \/>\n<meta name=\"twitter:card\" content=\"summary_large_image\" \/>\n<meta name=\"twitter:creator\" content=\"@eldiario_net\" \/>\n<meta name=\"twitter:site\" content=\"@eldiario_net\" \/>\n<meta name=\"twitter:label1\" content=\"Escrito por\" \/>\n\t<meta name=\"twitter:data1\" content=\"Viviana Monrroy\" \/>\n\t<meta name=\"twitter:label2\" content=\"Tiempo de lectura\" \/>\n\t<meta name=\"twitter:data2\" content=\"1 minuto\" \/>\n<script type=\"application\/ld+json\" class=\"yoast-schema-graph\">{\"@context\":\"https:\\\/\\\/schema.org\",\"@graph\":[{\"@type\":\"Article\",\"@id\":\"https:\\\/\\\/www.eldiario.net\\\/portal\\\/2024\\\/12\\\/02\\\/golpe-al-contrabando-incautan-mercaderia-valuada-en-bs-1-millon-1715\\\/#article\",\"isPartOf\":{\"@id\":\"https:\\\/\\\/www.eldiario.net\\\/portal\\\/2024\\\/12\\\/02\\\/golpe-al-contrabando-incautan-mercaderia-valuada-en-bs-1-millon-1715\\\/\"},\"author\":{\"name\":\"Viviana Monrroy\",\"@id\":\"https:\\\/\\\/www.eldiario.net\\\/portal\\\/#\\\/schema\\\/person\\\/ba370d92d160f4d3574381f6d9b78fab\"},\"headline\":\"Golpe al Contrabando: Incautan mercader\u00eda valuada en Bs 1 Mill\u00f3n. (17:15)\",\"datePublished\":\"2024-12-02T21:16:13+00:00\",\"mainEntityOfPage\":{\"@id\":\"https:\\\/\\\/www.eldiario.net\\\/portal\\\/2024\\\/12\\\/02\\\/golpe-al-contrabando-incautan-mercaderia-valuada-en-bs-1-millon-1715\\\/\"},\"wordCount\":157,\"publisher\":{\"@id\":\"https:\\\/\\\/www.eldiario.net\\\/portal\\\/#organization\"},\"image\":{\"@id\":\"https:\\\/\\\/www.eldiario.net\\\/portal\\\/2024\\\/12\\\/02\\\/golpe-al-contrabando-incautan-mercaderia-valuada-en-bs-1-millon-1715\\\/#primaryimage\"},\"thumbnailUrl\":\"https:\\\/\\\/www.eldiario.net\\\/portal\\\/wp-content\\\/uploads\\\/2024\\\/12\\\/contrabando.jpg\",\"articleSection\":[\"\u00daltima Hora\"],\"inLanguage\":\"es\"},{\"@type\":\"WebPage\",\"@id\":\"https:\\\/\\\/www.eldiario.net\\\/portal\\\/2024\\\/12\\\/02\\\/golpe-al-contrabando-incautan-mercaderia-valuada-en-bs-1-millon-1715\\\/\",\"url\":\"https:\\\/\\\/www.eldiario.net\\\/portal\\\/2024\\\/12\\\/02\\\/golpe-al-contrabando-incautan-mercaderia-valuada-en-bs-1-millon-1715\\\/\",\"name\":\"Golpe al Contrabando: Incautan mercader\u00eda valuada en Bs 1 Mill\u00f3n. (17:15) - El Diario - Bolivia\",\"isPartOf\":{\"@id\":\"https:\\\/\\\/www.eldiario.net\\\/portal\\\/#website\"},\"primaryImageOfPage\":{\"@id\":\"https:\\\/\\\/www.eldiario.net\\\/portal\\\/2024\\\/12\\\/02\\\/golpe-al-contrabando-incautan-mercaderia-valuada-en-bs-1-millon-1715\\\/#primaryimage\"},\"image\":{\"@id\":\"https:\\\/\\\/www.eldiario.net\\\/portal\\\/2024\\\/12\\\/02\\\/golpe-al-contrabando-incautan-mercaderia-valuada-en-bs-1-millon-1715\\\/#primaryimage\"},\"thumbnailUrl\":\"https:\\\/\\\/www.eldiario.net\\\/portal\\\/wp-content\\\/uploads\\\/2024\\\/12\\\/contrabando.jpg\",\"datePublished\":\"2024-12-02T21:16:13+00:00\",\"breadcrumb\":{\"@id\":\"https:\\\/\\\/www.eldiario.net\\\/portal\\\/2024\\\/12\\\/02\\\/golpe-al-contrabando-incautan-mercaderia-valuada-en-bs-1-millon-1715\\\/#breadcrumb\"},\"inLanguage\":\"es\",\"potentialAction\":[{\"@type\":\"ReadAction\",\"target\":[\"https:\\\/\\\/www.eldiario.net\\\/portal\\\/2024\\\/12\\\/02\\\/golpe-al-contrabando-incautan-mercaderia-valuada-en-bs-1-millon-1715\\\/\"]}]},{\"@type\":\"ImageObject\",\"inLanguage\":\"es\",\"@id\":\"https:\\\/\\\/www.eldiario.net\\\/portal\\\/2024\\\/12\\\/02\\\/golpe-al-contrabando-incautan-mercaderia-valuada-en-bs-1-millon-1715\\\/#primaryimage\",\"url\":\"https:\\\/\\\/www.eldiario.net\\\/portal\\\/wp-content\\\/uploads\\\/2024\\\/12\\\/contrabando.jpg\",\"contentUrl\":\"https:\\\/\\\/www.eldiario.net\\\/portal\\\/wp-content\\\/uploads\\\/2024\\\/12\\\/contrabando.jpg\",\"width\":2048,\"height\":1536},{\"@type\":\"BreadcrumbList\",\"@id\":\"https:\\\/\\\/www.eldiario.net\\\/portal\\\/2024\\\/12\\\/02\\\/golpe-al-contrabando-incautan-mercaderia-valuada-en-bs-1-millon-1715\\\/#breadcrumb\",\"itemListElement\":[{\"@type\":\"ListItem\",\"position\":1,\"name\":\"Portada\",\"item\":\"https:\\\/\\\/www.eldiario.net\\\/portal\\\/\"},{\"@type\":\"ListItem\",\"position\":2,\"name\":\"Golpe al Contrabando: Incautan mercader\u00eda valuada en Bs 1 Mill\u00f3n. (17:15)\"}]},{\"@type\":\"WebSite\",\"@id\":\"https:\\\/\\\/www.eldiario.net\\\/portal\\\/#website\",\"url\":\"https:\\\/\\\/www.eldiario.net\\\/portal\\\/\",\"name\":\"El Diario - Decano de la prensa nacional\",\"description\":\"El Diario - Decano de la prensa nacional\",\"publisher\":{\"@id\":\"https:\\\/\\\/www.eldiario.net\\\/portal\\\/#organization\"},\"potentialAction\":[{\"@type\":\"SearchAction\",\"target\":{\"@type\":\"EntryPoint\",\"urlTemplate\":\"https:\\\/\\\/www.eldiario.net\\\/portal\\\/?s={search_term_string}\"},\"query-input\":{\"@type\":\"PropertyValueSpecification\",\"valueRequired\":true,\"valueName\":\"search_term_string\"}}],\"inLanguage\":\"es\"},{\"@type\":\"Organization\",\"@id\":\"https:\\\/\\\/www.eldiario.net\\\/portal\\\/#organization\",\"name\":\"El Diario - Decano de la prensa nacional\",\"url\":\"https:\\\/\\\/www.eldiario.net\\\/portal\\\/\",\"logo\":{\"@type\":\"ImageObject\",\"inLanguage\":\"es\",\"@id\":\"https:\\\/\\\/www.eldiario.net\\\/portal\\\/#\\\/schema\\\/logo\\\/image\\\/\",\"url\":\"https:\\\/\\\/www.eldiario.net\\\/portal\\\/wp-content\\\/uploads\\\/2023\\\/07\\\/logo_ED.jpg\",\"contentUrl\":\"https:\\\/\\\/www.eldiario.net\\\/portal\\\/wp-content\\\/uploads\\\/2023\\\/07\\\/logo_ED.jpg\",\"width\":272,\"height\":52,\"caption\":\"El Diario - Decano de la prensa nacional\"},\"image\":{\"@id\":\"https:\\\/\\\/www.eldiario.net\\\/portal\\\/#\\\/schema\\\/logo\\\/image\\\/\"},\"sameAs\":[\"https:\\\/\\\/www.facebook.com\\\/eldiario.bolivia\\\/\",\"https:\\\/\\\/x.com\\\/eldiario_net\"]},{\"@type\":\"Person\",\"@id\":\"https:\\\/\\\/www.eldiario.net\\\/portal\\\/#\\\/schema\\\/person\\\/ba370d92d160f4d3574381f6d9b78fab\",\"name\":\"Viviana Monrroy\",\"image\":{\"@type\":\"ImageObject\",\"inLanguage\":\"es\",\"@id\":\"https:\\\/\\\/secure.gravatar.com\\\/avatar\\\/dfd1611ed5600959a0e5a9754503b6c05d1dcf190010998e0363aee2ad98afca?s=96&d=mm&r=g\",\"url\":\"https:\\\/\\\/secure.gravatar.com\\\/avatar\\\/dfd1611ed5600959a0e5a9754503b6c05d1dcf190010998e0363aee2ad98afca?s=96&d=mm&r=g\",\"contentUrl\":\"https:\\\/\\\/secure.gravatar.com\\\/avatar\\\/dfd1611ed5600959a0e5a9754503b6c05d1dcf190010998e0363aee2ad98afca?s=96&d=mm&r=g\",\"caption\":\"Viviana Monrroy\"},\"sameAs\":[\"http:\\\/\\\/www.eldiario.net\"],\"url\":\"https:\\\/\\\/www.eldiario.net\\\/portal\\\/author\\\/vivianamonrroy\\\/\"}]}<\/script>\n<!-- \/ Yoast SEO plugin. -->","yoast_head_json":{"title":"Golpe al Contrabando: Incautan mercader\u00eda valuada en Bs 1 Mill\u00f3n. (17:15) - El Diario - Bolivia","robots":{"index":"index","follow":"follow","max-snippet":"max-snippet:-1","max-image-preview":"max-image-preview:large","max-video-preview":"max-video-preview:-1"},"canonical":"https:\/\/www.eldiario.net\/portal\/2024\/12\/02\/golpe-al-contrabando-incautan-mercaderia-valuada-en-bs-1-millon-1715\/","og_locale":"es_ES","og_type":"article","og_title":"Golpe al Contrabando: Incautan mercader\u00eda valuada en Bs 1 Mill\u00f3n. (17:15) - El Diario - Bolivia","og_description":"Se confiscaron un total de \u00a0destacan 700 quintales de az\u00facar, 200 cajas de aceite y 350.000 unidades de huevo, adem\u00e1s de artefactos de l\u00ednea blanca y negra, con un valor total cercano a Bs 1 mill\u00f3n, seg\u00fan informaron el Viceministro de Lucha Contra el Contrabando, Cnl. Luis Am\u00edlcar Vel\u00e1squez y el comandante Cnl. F\u00e9lix Sandro [&hellip;]","og_url":"https:\/\/www.eldiario.net\/portal\/2024\/12\/02\/golpe-al-contrabando-incautan-mercaderia-valuada-en-bs-1-millon-1715\/","og_site_name":"El Diario - Bolivia","article_publisher":"https:\/\/www.facebook.com\/eldiario.bolivia\/","article_published_time":"2024-12-02T21:16:13+00:00","og_image":[{"width":2048,"height":1536,"url":"https:\/\/www.eldiario.net\/portal\/wp-content\/uploads\/2024\/12\/contrabando.jpg","type":"image\/jpeg"}],"author":"Viviana Monrroy","twitter_card":"summary_large_image","twitter_creator":"@eldiario_net","twitter_site":"@eldiario_net","twitter_misc":{"Escrito por":"Viviana Monrroy","Tiempo de lectura":"1 minuto"},"schema":{"@context":"https:\/\/schema.org","@graph":[{"@type":"Article","@id":"https:\/\/www.eldiario.net\/portal\/2024\/12\/02\/golpe-al-contrabando-incautan-mercaderia-valuada-en-bs-1-millon-1715\/#article","isPartOf":{"@id":"https:\/\/www.eldiario.net\/portal\/2024\/12\/02\/golpe-al-contrabando-incautan-mercaderia-valuada-en-bs-1-millon-1715\/"},"author":{"name":"Viviana Monrroy","@id":"https:\/\/www.eldiario.net\/portal\/#\/schema\/person\/ba370d92d160f4d3574381f6d9b78fab"},"headline":"Golpe al Contrabando: Incautan mercader\u00eda valuada en Bs 1 Mill\u00f3n. (17:15)","datePublished":"2024-12-02T21:16:13+00:00","mainEntityOfPage":{"@id":"https:\/\/www.eldiario.net\/portal\/2024\/12\/02\/golpe-al-contrabando-incautan-mercaderia-valuada-en-bs-1-millon-1715\/"},"wordCount":157,"publisher":{"@id":"https:\/\/www.eldiario.net\/portal\/#organization"},"image":{"@id":"https:\/\/www.eldiario.net\/portal\/2024\/12\/02\/golpe-al-contrabando-incautan-mercaderia-valuada-en-bs-1-millon-1715\/#primaryimage"},"thumbnailUrl":"https:\/\/www.eldiario.net\/portal\/wp-content\/uploads\/2024\/12\/contrabando.jpg","articleSection":["\u00daltima Hora"],"inLanguage":"es"},{"@type":"WebPage","@id":"https:\/\/www.eldiario.net\/portal\/2024\/12\/02\/golpe-al-contrabando-incautan-mercaderia-valuada-en-bs-1-millon-1715\/","url":"https:\/\/www.eldiario.net\/portal\/2024\/12\/02\/golpe-al-contrabando-incautan-mercaderia-valuada-en-bs-1-millon-1715\/","name":"Golpe al Contrabando: Incautan mercader\u00eda valuada en Bs 1 Mill\u00f3n. (17:15) - El Diario - Bolivia","isPartOf":{"@id":"https:\/\/www.eldiario.net\/portal\/#website"},"primaryImageOfPage":{"@id":"https:\/\/www.eldiario.net\/portal\/2024\/12\/02\/golpe-al-contrabando-incautan-mercaderia-valuada-en-bs-1-millon-1715\/#primaryimage"},"image":{"@id":"https:\/\/www.eldiario.net\/portal\/2024\/12\/02\/golpe-al-contrabando-incautan-mercaderia-valuada-en-bs-1-millon-1715\/#primaryimage"},"thumbnailUrl":"https:\/\/www.eldiario.net\/portal\/wp-content\/uploads\/2024\/12\/contrabando.jpg","datePublished":"2024-12-02T21:16:13+00:00","breadcrumb":{"@id":"https:\/\/www.eldiario.net\/portal\/2024\/12\/02\/golpe-al-contrabando-incautan-mercaderia-valuada-en-bs-1-millon-1715\/#breadcrumb"},"inLanguage":"es","potentialAction":[{"@type":"ReadAction","target":["https:\/\/www.eldiario.net\/portal\/2024\/12\/02\/golpe-al-contrabando-incautan-mercaderia-valuada-en-bs-1-millon-1715\/"]}]},{"@type":"ImageObject","inLanguage":"es","@id":"https:\/\/www.eldiario.net\/portal\/2024\/12\/02\/golpe-al-contrabando-incautan-mercaderia-valuada-en-bs-1-millon-1715\/#primaryimage","url":"https:\/\/www.eldiario.net\/portal\/wp-content\/uploads\/2024\/12\/contrabando.jpg","contentUrl":"https:\/\/www.eldiario.net\/portal\/wp-content\/uploads\/2024\/12\/contrabando.jpg","width":2048,"height":1536},{"@type":"BreadcrumbList","@id":"https:\/\/www.eldiario.net\/portal\/2024\/12\/02\/golpe-al-contrabando-incautan-mercaderia-valuada-en-bs-1-millon-1715\/#breadcrumb","itemListElement":[{"@type":"ListItem","position":1,"name":"Portada","item":"https:\/\/www.eldiario.net\/portal\/"},{"@type":"ListItem","position":2,"name":"Golpe al Contrabando: Incautan mercader\u00eda valuada en Bs 1 Mill\u00f3n. (17:15)"}]},{"@type":"WebSite","@id":"https:\/\/www.eldiario.net\/portal\/#website","url":"https:\/\/www.eldiario.net\/portal\/","name":"El Diario - Decano de la prensa nacional","description":"El Diario - Decano de la prensa nacional","publisher":{"@id":"https:\/\/www.eldiario.net\/portal\/#organization"},"potentialAction":[{"@type":"SearchAction","target":{"@type":"EntryPoint","urlTemplate":"https:\/\/www.eldiario.net\/portal\/?s={search_term_string}"},"query-input":{"@type":"PropertyValueSpecification","valueRequired":true,"valueName":"search_term_string"}}],"inLanguage":"es"},{"@type":"Organization","@id":"https:\/\/www.eldiario.net\/portal\/#organization","name":"El Diario - Decano de la prensa nacional","url":"https:\/\/www.eldiario.net\/portal\/","logo":{"@type":"ImageObject","inLanguage":"es","@id":"https:\/\/www.eldiario.net\/portal\/#\/schema\/logo\/image\/","url":"https:\/\/www.eldiario.net\/portal\/wp-content\/uploads\/2023\/07\/logo_ED.jpg","contentUrl":"https:\/\/www.eldiario.net\/portal\/wp-content\/uploads\/2023\/07\/logo_ED.jpg","width":272,"height":52,"caption":"El Diario - Decano de la prensa nacional"},"image":{"@id":"https:\/\/www.eldiario.net\/portal\/#\/schema\/logo\/image\/"},"sameAs":["https:\/\/www.facebook.com\/eldiario.bolivia\/","https:\/\/x.com\/eldiario_net"]},{"@type":"Person","@id":"https:\/\/www.eldiario.net\/portal\/#\/schema\/person\/ba370d92d160f4d3574381f6d9b78fab","name":"Viviana Monrroy","image":{"@type":"ImageObject","inLanguage":"es","@id":"https:\/\/secure.gravatar.com\/avatar\/dfd1611ed5600959a0e5a9754503b6c05d1dcf190010998e0363aee2ad98afca?s=96&d=mm&r=g","url":"https:\/\/secure.gravatar.com\/avatar\/dfd1611ed5600959a0e5a9754503b6c05d1dcf190010998e0363aee2ad98afca?s=96&d=mm&r=g","contentUrl":"https:\/\/secure.gravatar.com\/avatar\/dfd1611ed5600959a0e5a9754503b6c05d1dcf190010998e0363aee2ad98afca?s=96&d=mm&r=g","caption":"Viviana Monrroy"},"sameAs":["http:\/\/www.eldiario.net"],"url":"https:\/\/www.eldiario.net\/portal\/author\/vivianamonrroy\/"}]}},"_links":{"self":[{"href":"https:\/\/www.eldiario.net\/portal\/wp-json\/wp\/v2\/posts\/265231","targetHints":{"allow":["GET"]}}],"collection":[{"href":"https:\/\/www.eldiario.net\/portal\/wp-json\/wp\/v2\/posts"}],"about":[{"href":"https:\/\/www.eldiario.net\/portal\/wp-json\/wp\/v2\/types\/post"}],"author":[{"embeddable":true,"href":"https:\/\/www.eldiario.net\/portal\/wp-json\/wp\/v2\/users\/7"}],"replies":[{"embeddable":true,"href":"https:\/\/www.eldiario.net\/portal\/wp-json\/wp\/v2\/comments?post=265231"}],"version-history":[{"count":1,"href":"https:\/\/www.eldiario.net\/portal\/wp-json\/wp\/v2\/posts\/265231\/revisions"}],"predecessor-version":[{"id":265233,"href":"https:\/\/www.eldiario.net\/portal\/wp-json\/wp\/v2\/posts\/265231\/revisions\/265233"}],"wp:featuredmedia":[{"embeddable":true,"href":"https:\/\/www.eldiario.net\/portal\/wp-json\/wp\/v2\/media\/265232"}],"wp:attachment":[{"href":"https:\/\/www.eldiario.net\/portal\/wp-json\/wp\/v2\/media?parent=265231"}],"wp:term":[{"taxonomy":"category","embeddable":true,"href":"https:\/\/www.eldiario.net\/portal\/wp-json\/wp\/v2\/categories?post=265231"},{"taxonomy":"post_tag","embeddable":true,"href":"https:\/\/www.eldiario.net\/portal\/wp-json\/wp\/v2\/tags?post=265231"}],"curies":[{"name":"wp","href":"https:\/\/api.w.org\/{rel}","templated":true}]}}