{"id":265218,"date":"2024-12-02T11:54:22","date_gmt":"2024-12-02T15:54:22","guid":{"rendered":"https:\/\/www.eldiario.net\/portal\/?p=265218"},"modified":"2024-12-02T11:54:22","modified_gmt":"2024-12-02T15:54:22","slug":"construcciones-presuntamnete-ilegales-ponen-en-riesgo-zonas-vulnerables-de-la-paz-1150","status":"publish","type":"post","link":"https:\/\/www.eldiario.net\/portal\/2024\/12\/02\/construcciones-presuntamnete-ilegales-ponen-en-riesgo-zonas-vulnerables-de-la-paz-1150\/","title":{"rendered":"Construcciones presuntamnete ilegales ponen en riesgo zonas vulnerables de La Paz. (11:50)"},"content":{"rendered":"<p>El viceministro de Defensa Civil, Juan Carlos Calvimontes, en declaraciones a una casa televisiva, advirti\u00f3 sobre el peligro latente en la Cuenca Sur de La Paz debido a construcciones ilegales y problemas estructurales.<\/p>\n<p>Mencion\u00f3 que en zonas como Bajo Llojeta, el 90% de los afectados no tienen t\u00edtulos legales y fueron estafados por loteadores que operan en complicidad con algunas autoridades que fueron destituidas. Calvimontes se\u00f1al\u00f3 que esta situaci\u00f3n, agravada por l\u00edmites superpuestos entre municipios, podr\u00eda desencadenar mazamorras si las lluvias persisten.<\/p>\n<p>En respuesta, el alcalde de La Paz, Iv\u00e1n Arias, en una conferencia de prensa, pidi\u00f3 al viceministro compartir la informaci\u00f3n sobre la presunta \u201cmafia organizada\u201d de loteadores en La Paz y Achocalla para iniciar investigaciones conjuntas.<\/p>\n<p>&nbsp;<\/p>\n","protected":false},"excerpt":{"rendered":"<p>El viceministro de Defensa Civil, Juan Carlos Calvimontes, en declaraciones a una casa televisiva, advirti\u00f3 sobre el peligro latente en la Cuenca Sur de La Paz debido a construcciones ilegales y problemas estructurales. Mencion\u00f3 que en zonas como Bajo Llojeta, el 90% de los afectados no tienen t\u00edtulos legales y fueron estafados por loteadores que [&hellip;]<\/p>\n","protected":false},"author":7,"featured_media":265223,"comment_status":"closed","ping_status":"open","sticky":false,"template":"","format":"standard","meta":{"_acf_changed":false,"footnotes":""},"categories":[51],"tags":[],"class_list":["post-265218","post","type-post","status-publish","format-standard","has-post-thumbnail","category-ultima-hora"],"acf":{"antetitulo":""},"yoast_head":"<!-- This site is optimized with the Yoast SEO plugin v28.3 - https:\/\/yoast.com\/product\/yoast-seo-wordpress\/ -->\n<title>Construcciones presuntamnete ilegales ponen en riesgo zonas vulnerables de La Paz. (11:50) - El Diario - Bolivia<\/title>\n<meta name=\"robots\" content=\"index, follow, max-snippet:-1, max-image-preview:large, max-video-preview:-1\" \/>\n<link rel=\"canonical\" href=\"https:\/\/www.eldiario.net\/portal\/2024\/12\/02\/construcciones-presuntamnete-ilegales-ponen-en-riesgo-zonas-vulnerables-de-la-paz-1150\/\" \/>\n<meta property=\"og:locale\" content=\"es_ES\" \/>\n<meta property=\"og:type\" content=\"article\" \/>\n<meta property=\"og:title\" content=\"Construcciones presuntamnete ilegales ponen en riesgo zonas vulnerables de La Paz. (11:50) - El Diario - Bolivia\" \/>\n<meta property=\"og:description\" content=\"El viceministro de Defensa Civil, Juan Carlos Calvimontes, en declaraciones a una casa televisiva, advirti\u00f3 sobre el peligro latente en la Cuenca Sur de La Paz debido a construcciones ilegales y problemas estructurales. Mencion\u00f3 que en zonas como Bajo Llojeta, el 90% de los afectados no tienen t\u00edtulos legales y fueron estafados por loteadores que [&hellip;]\" \/>\n<meta property=\"og:url\" content=\"https:\/\/www.eldiario.net\/portal\/2024\/12\/02\/construcciones-presuntamnete-ilegales-ponen-en-riesgo-zonas-vulnerables-de-la-paz-1150\/\" \/>\n<meta property=\"og:site_name\" content=\"El Diario - Bolivia\" \/>\n<meta property=\"article:publisher\" content=\"https:\/\/www.facebook.com\/eldiario.bolivia\/\" \/>\n<meta property=\"article:published_time\" content=\"2024-12-02T15:54:22+00:00\" \/>\n<meta property=\"og:image\" content=\"https:\/\/www.eldiario.net\/portal\/wp-content\/uploads\/2024\/12\/llojeta-apg-e1733154760100.jpeg\" \/>\n\t<meta property=\"og:image:width\" content=\"500\" \/>\n\t<meta property=\"og:image:height\" content=\"277\" \/>\n\t<meta property=\"og:image:type\" content=\"image\/jpeg\" \/>\n<meta name=\"author\" content=\"Viviana Monrroy\" \/>\n<meta name=\"twitter:card\" content=\"summary_large_image\" \/>\n<meta name=\"twitter:creator\" content=\"@eldiario_net\" \/>\n<meta name=\"twitter:site\" content=\"@eldiario_net\" \/>\n<meta name=\"twitter:label1\" content=\"Escrito por\" \/>\n\t<meta name=\"twitter:data1\" content=\"Viviana Monrroy\" \/>\n\t<meta name=\"twitter:label2\" content=\"Tiempo de lectura\" \/>\n\t<meta name=\"twitter:data2\" content=\"1 minuto\" \/>\n<script type=\"application\/ld+json\" class=\"yoast-schema-graph\">{\"@context\":\"https:\\\/\\\/schema.org\",\"@graph\":[{\"@type\":\"Article\",\"@id\":\"https:\\\/\\\/www.eldiario.net\\\/portal\\\/2024\\\/12\\\/02\\\/construcciones-presuntamnete-ilegales-ponen-en-riesgo-zonas-vulnerables-de-la-paz-1150\\\/#article\",\"isPartOf\":{\"@id\":\"https:\\\/\\\/www.eldiario.net\\\/portal\\\/2024\\\/12\\\/02\\\/construcciones-presuntamnete-ilegales-ponen-en-riesgo-zonas-vulnerables-de-la-paz-1150\\\/\"},\"author\":{\"name\":\"Viviana Monrroy\",\"@id\":\"https:\\\/\\\/www.eldiario.net\\\/portal\\\/#\\\/schema\\\/person\\\/ba370d92d160f4d3574381f6d9b78fab\"},\"headline\":\"Construcciones presuntamnete ilegales ponen en riesgo zonas vulnerables de La Paz. (11:50)\",\"datePublished\":\"2024-12-02T15:54:22+00:00\",\"mainEntityOfPage\":{\"@id\":\"https:\\\/\\\/www.eldiario.net\\\/portal\\\/2024\\\/12\\\/02\\\/construcciones-presuntamnete-ilegales-ponen-en-riesgo-zonas-vulnerables-de-la-paz-1150\\\/\"},\"wordCount\":136,\"publisher\":{\"@id\":\"https:\\\/\\\/www.eldiario.net\\\/portal\\\/#organization\"},\"image\":{\"@id\":\"https:\\\/\\\/www.eldiario.net\\\/portal\\\/2024\\\/12\\\/02\\\/construcciones-presuntamnete-ilegales-ponen-en-riesgo-zonas-vulnerables-de-la-paz-1150\\\/#primaryimage\"},\"thumbnailUrl\":\"https:\\\/\\\/www.eldiario.net\\\/portal\\\/wp-content\\\/uploads\\\/2024\\\/12\\\/llojeta-apg-e1733154760100.jpeg\",\"articleSection\":[\"\u00daltima Hora\"],\"inLanguage\":\"es\"},{\"@type\":\"WebPage\",\"@id\":\"https:\\\/\\\/www.eldiario.net\\\/portal\\\/2024\\\/12\\\/02\\\/construcciones-presuntamnete-ilegales-ponen-en-riesgo-zonas-vulnerables-de-la-paz-1150\\\/\",\"url\":\"https:\\\/\\\/www.eldiario.net\\\/portal\\\/2024\\\/12\\\/02\\\/construcciones-presuntamnete-ilegales-ponen-en-riesgo-zonas-vulnerables-de-la-paz-1150\\\/\",\"name\":\"Construcciones presuntamnete ilegales ponen en riesgo zonas vulnerables de La Paz. (11:50) - El Diario - Bolivia\",\"isPartOf\":{\"@id\":\"https:\\\/\\\/www.eldiario.net\\\/portal\\\/#website\"},\"primaryImageOfPage\":{\"@id\":\"https:\\\/\\\/www.eldiario.net\\\/portal\\\/2024\\\/12\\\/02\\\/construcciones-presuntamnete-ilegales-ponen-en-riesgo-zonas-vulnerables-de-la-paz-1150\\\/#primaryimage\"},\"image\":{\"@id\":\"https:\\\/\\\/www.eldiario.net\\\/portal\\\/2024\\\/12\\\/02\\\/construcciones-presuntamnete-ilegales-ponen-en-riesgo-zonas-vulnerables-de-la-paz-1150\\\/#primaryimage\"},\"thumbnailUrl\":\"https:\\\/\\\/www.eldiario.net\\\/portal\\\/wp-content\\\/uploads\\\/2024\\\/12\\\/llojeta-apg-e1733154760100.jpeg\",\"datePublished\":\"2024-12-02T15:54:22+00:00\",\"breadcrumb\":{\"@id\":\"https:\\\/\\\/www.eldiario.net\\\/portal\\\/2024\\\/12\\\/02\\\/construcciones-presuntamnete-ilegales-ponen-en-riesgo-zonas-vulnerables-de-la-paz-1150\\\/#breadcrumb\"},\"inLanguage\":\"es\",\"potentialAction\":[{\"@type\":\"ReadAction\",\"target\":[\"https:\\\/\\\/www.eldiario.net\\\/portal\\\/2024\\\/12\\\/02\\\/construcciones-presuntamnete-ilegales-ponen-en-riesgo-zonas-vulnerables-de-la-paz-1150\\\/\"]}]},{\"@type\":\"ImageObject\",\"inLanguage\":\"es\",\"@id\":\"https:\\\/\\\/www.eldiario.net\\\/portal\\\/2024\\\/12\\\/02\\\/construcciones-presuntamnete-ilegales-ponen-en-riesgo-zonas-vulnerables-de-la-paz-1150\\\/#primaryimage\",\"url\":\"https:\\\/\\\/www.eldiario.net\\\/portal\\\/wp-content\\\/uploads\\\/2024\\\/12\\\/llojeta-apg-e1733154760100.jpeg\",\"contentUrl\":\"https:\\\/\\\/www.eldiario.net\\\/portal\\\/wp-content\\\/uploads\\\/2024\\\/12\\\/llojeta-apg-e1733154760100.jpeg\",\"width\":500,\"height\":277,\"caption\":\"Foto: APG\"},{\"@type\":\"BreadcrumbList\",\"@id\":\"https:\\\/\\\/www.eldiario.net\\\/portal\\\/2024\\\/12\\\/02\\\/construcciones-presuntamnete-ilegales-ponen-en-riesgo-zonas-vulnerables-de-la-paz-1150\\\/#breadcrumb\",\"itemListElement\":[{\"@type\":\"ListItem\",\"position\":1,\"name\":\"Portada\",\"item\":\"https:\\\/\\\/www.eldiario.net\\\/portal\\\/\"},{\"@type\":\"ListItem\",\"position\":2,\"name\":\"Construcciones presuntamnete ilegales ponen en riesgo zonas vulnerables de La Paz. (11:50)\"}]},{\"@type\":\"WebSite\",\"@id\":\"https:\\\/\\\/www.eldiario.net\\\/portal\\\/#website\",\"url\":\"https:\\\/\\\/www.eldiario.net\\\/portal\\\/\",\"name\":\"El Diario - Decano de la prensa nacional\",\"description\":\"El Diario - Decano de la prensa nacional\",\"publisher\":{\"@id\":\"https:\\\/\\\/www.eldiario.net\\\/portal\\\/#organization\"},\"potentialAction\":[{\"@type\":\"SearchAction\",\"target\":{\"@type\":\"EntryPoint\",\"urlTemplate\":\"https:\\\/\\\/www.eldiario.net\\\/portal\\\/?s={search_term_string}\"},\"query-input\":{\"@type\":\"PropertyValueSpecification\",\"valueRequired\":true,\"valueName\":\"search_term_string\"}}],\"inLanguage\":\"es\"},{\"@type\":\"Organization\",\"@id\":\"https:\\\/\\\/www.eldiario.net\\\/portal\\\/#organization\",\"name\":\"El Diario - Decano de la prensa nacional\",\"url\":\"https:\\\/\\\/www.eldiario.net\\\/portal\\\/\",\"logo\":{\"@type\":\"ImageObject\",\"inLanguage\":\"es\",\"@id\":\"https:\\\/\\\/www.eldiario.net\\\/portal\\\/#\\\/schema\\\/logo\\\/image\\\/\",\"url\":\"https:\\\/\\\/www.eldiario.net\\\/portal\\\/wp-content\\\/uploads\\\/2023\\\/07\\\/logo_ED.jpg\",\"contentUrl\":\"https:\\\/\\\/www.eldiario.net\\\/portal\\\/wp-content\\\/uploads\\\/2023\\\/07\\\/logo_ED.jpg\",\"width\":272,\"height\":52,\"caption\":\"El Diario - Decano de la prensa nacional\"},\"image\":{\"@id\":\"https:\\\/\\\/www.eldiario.net\\\/portal\\\/#\\\/schema\\\/logo\\\/image\\\/\"},\"sameAs\":[\"https:\\\/\\\/www.facebook.com\\\/eldiario.bolivia\\\/\",\"https:\\\/\\\/x.com\\\/eldiario_net\"]},{\"@type\":\"Person\",\"@id\":\"https:\\\/\\\/www.eldiario.net\\\/portal\\\/#\\\/schema\\\/person\\\/ba370d92d160f4d3574381f6d9b78fab\",\"name\":\"Viviana Monrroy\",\"image\":{\"@type\":\"ImageObject\",\"inLanguage\":\"es\",\"@id\":\"https:\\\/\\\/secure.gravatar.com\\\/avatar\\\/dfd1611ed5600959a0e5a9754503b6c05d1dcf190010998e0363aee2ad98afca?s=96&d=mm&r=g\",\"url\":\"https:\\\/\\\/secure.gravatar.com\\\/avatar\\\/dfd1611ed5600959a0e5a9754503b6c05d1dcf190010998e0363aee2ad98afca?s=96&d=mm&r=g\",\"contentUrl\":\"https:\\\/\\\/secure.gravatar.com\\\/avatar\\\/dfd1611ed5600959a0e5a9754503b6c05d1dcf190010998e0363aee2ad98afca?s=96&d=mm&r=g\",\"caption\":\"Viviana Monrroy\"},\"sameAs\":[\"http:\\\/\\\/www.eldiario.net\"],\"url\":\"https:\\\/\\\/www.eldiario.net\\\/portal\\\/author\\\/vivianamonrroy\\\/\"}]}<\/script>\n<!-- \/ Yoast SEO plugin. -->","yoast_head_json":{"title":"Construcciones presuntamnete ilegales ponen en riesgo zonas vulnerables de La Paz. (11:50) - El Diario - Bolivia","robots":{"index":"index","follow":"follow","max-snippet":"max-snippet:-1","max-image-preview":"max-image-preview:large","max-video-preview":"max-video-preview:-1"},"canonical":"https:\/\/www.eldiario.net\/portal\/2024\/12\/02\/construcciones-presuntamnete-ilegales-ponen-en-riesgo-zonas-vulnerables-de-la-paz-1150\/","og_locale":"es_ES","og_type":"article","og_title":"Construcciones presuntamnete ilegales ponen en riesgo zonas vulnerables de La Paz. (11:50) - El Diario - Bolivia","og_description":"El viceministro de Defensa Civil, Juan Carlos Calvimontes, en declaraciones a una casa televisiva, advirti\u00f3 sobre el peligro latente en la Cuenca Sur de La Paz debido a construcciones ilegales y problemas estructurales. Mencion\u00f3 que en zonas como Bajo Llojeta, el 90% de los afectados no tienen t\u00edtulos legales y fueron estafados por loteadores que [&hellip;]","og_url":"https:\/\/www.eldiario.net\/portal\/2024\/12\/02\/construcciones-presuntamnete-ilegales-ponen-en-riesgo-zonas-vulnerables-de-la-paz-1150\/","og_site_name":"El Diario - Bolivia","article_publisher":"https:\/\/www.facebook.com\/eldiario.bolivia\/","article_published_time":"2024-12-02T15:54:22+00:00","og_image":[{"width":500,"height":277,"url":"https:\/\/www.eldiario.net\/portal\/wp-content\/uploads\/2024\/12\/llojeta-apg-e1733154760100.jpeg","type":"image\/jpeg"}],"author":"Viviana Monrroy","twitter_card":"summary_large_image","twitter_creator":"@eldiario_net","twitter_site":"@eldiario_net","twitter_misc":{"Escrito por":"Viviana Monrroy","Tiempo de lectura":"1 minuto"},"schema":{"@context":"https:\/\/schema.org","@graph":[{"@type":"Article","@id":"https:\/\/www.eldiario.net\/portal\/2024\/12\/02\/construcciones-presuntamnete-ilegales-ponen-en-riesgo-zonas-vulnerables-de-la-paz-1150\/#article","isPartOf":{"@id":"https:\/\/www.eldiario.net\/portal\/2024\/12\/02\/construcciones-presuntamnete-ilegales-ponen-en-riesgo-zonas-vulnerables-de-la-paz-1150\/"},"author":{"name":"Viviana Monrroy","@id":"https:\/\/www.eldiario.net\/portal\/#\/schema\/person\/ba370d92d160f4d3574381f6d9b78fab"},"headline":"Construcciones presuntamnete ilegales ponen en riesgo zonas vulnerables de La Paz. (11:50)","datePublished":"2024-12-02T15:54:22+00:00","mainEntityOfPage":{"@id":"https:\/\/www.eldiario.net\/portal\/2024\/12\/02\/construcciones-presuntamnete-ilegales-ponen-en-riesgo-zonas-vulnerables-de-la-paz-1150\/"},"wordCount":136,"publisher":{"@id":"https:\/\/www.eldiario.net\/portal\/#organization"},"image":{"@id":"https:\/\/www.eldiario.net\/portal\/2024\/12\/02\/construcciones-presuntamnete-ilegales-ponen-en-riesgo-zonas-vulnerables-de-la-paz-1150\/#primaryimage"},"thumbnailUrl":"https:\/\/www.eldiario.net\/portal\/wp-content\/uploads\/2024\/12\/llojeta-apg-e1733154760100.jpeg","articleSection":["\u00daltima Hora"],"inLanguage":"es"},{"@type":"WebPage","@id":"https:\/\/www.eldiario.net\/portal\/2024\/12\/02\/construcciones-presuntamnete-ilegales-ponen-en-riesgo-zonas-vulnerables-de-la-paz-1150\/","url":"https:\/\/www.eldiario.net\/portal\/2024\/12\/02\/construcciones-presuntamnete-ilegales-ponen-en-riesgo-zonas-vulnerables-de-la-paz-1150\/","name":"Construcciones presuntamnete ilegales ponen en riesgo zonas vulnerables de La Paz. (11:50) - El Diario - Bolivia","isPartOf":{"@id":"https:\/\/www.eldiario.net\/portal\/#website"},"primaryImageOfPage":{"@id":"https:\/\/www.eldiario.net\/portal\/2024\/12\/02\/construcciones-presuntamnete-ilegales-ponen-en-riesgo-zonas-vulnerables-de-la-paz-1150\/#primaryimage"},"image":{"@id":"https:\/\/www.eldiario.net\/portal\/2024\/12\/02\/construcciones-presuntamnete-ilegales-ponen-en-riesgo-zonas-vulnerables-de-la-paz-1150\/#primaryimage"},"thumbnailUrl":"https:\/\/www.eldiario.net\/portal\/wp-content\/uploads\/2024\/12\/llojeta-apg-e1733154760100.jpeg","datePublished":"2024-12-02T15:54:22+00:00","breadcrumb":{"@id":"https:\/\/www.eldiario.net\/portal\/2024\/12\/02\/construcciones-presuntamnete-ilegales-ponen-en-riesgo-zonas-vulnerables-de-la-paz-1150\/#breadcrumb"},"inLanguage":"es","potentialAction":[{"@type":"ReadAction","target":["https:\/\/www.eldiario.net\/portal\/2024\/12\/02\/construcciones-presuntamnete-ilegales-ponen-en-riesgo-zonas-vulnerables-de-la-paz-1150\/"]}]},{"@type":"ImageObject","inLanguage":"es","@id":"https:\/\/www.eldiario.net\/portal\/2024\/12\/02\/construcciones-presuntamnete-ilegales-ponen-en-riesgo-zonas-vulnerables-de-la-paz-1150\/#primaryimage","url":"https:\/\/www.eldiario.net\/portal\/wp-content\/uploads\/2024\/12\/llojeta-apg-e1733154760100.jpeg","contentUrl":"https:\/\/www.eldiario.net\/portal\/wp-content\/uploads\/2024\/12\/llojeta-apg-e1733154760100.jpeg","width":500,"height":277,"caption":"Foto: APG"},{"@type":"BreadcrumbList","@id":"https:\/\/www.eldiario.net\/portal\/2024\/12\/02\/construcciones-presuntamnete-ilegales-ponen-en-riesgo-zonas-vulnerables-de-la-paz-1150\/#breadcrumb","itemListElement":[{"@type":"ListItem","position":1,"name":"Portada","item":"https:\/\/www.eldiario.net\/portal\/"},{"@type":"ListItem","position":2,"name":"Construcciones presuntamnete ilegales ponen en riesgo zonas vulnerables de La Paz. (11:50)"}]},{"@type":"WebSite","@id":"https:\/\/www.eldiario.net\/portal\/#website","url":"https:\/\/www.eldiario.net\/portal\/","name":"El Diario - Decano de la prensa nacional","description":"El Diario - Decano de la prensa nacional","publisher":{"@id":"https:\/\/www.eldiario.net\/portal\/#organization"},"potentialAction":[{"@type":"SearchAction","target":{"@type":"EntryPoint","urlTemplate":"https:\/\/www.eldiario.net\/portal\/?s={search_term_string}"},"query-input":{"@type":"PropertyValueSpecification","valueRequired":true,"valueName":"search_term_string"}}],"inLanguage":"es"},{"@type":"Organization","@id":"https:\/\/www.eldiario.net\/portal\/#organization","name":"El Diario - Decano de la prensa nacional","url":"https:\/\/www.eldiario.net\/portal\/","logo":{"@type":"ImageObject","inLanguage":"es","@id":"https:\/\/www.eldiario.net\/portal\/#\/schema\/logo\/image\/","url":"https:\/\/www.eldiario.net\/portal\/wp-content\/uploads\/2023\/07\/logo_ED.jpg","contentUrl":"https:\/\/www.eldiario.net\/portal\/wp-content\/uploads\/2023\/07\/logo_ED.jpg","width":272,"height":52,"caption":"El Diario - Decano de la prensa nacional"},"image":{"@id":"https:\/\/www.eldiario.net\/portal\/#\/schema\/logo\/image\/"},"sameAs":["https:\/\/www.facebook.com\/eldiario.bolivia\/","https:\/\/x.com\/eldiario_net"]},{"@type":"Person","@id":"https:\/\/www.eldiario.net\/portal\/#\/schema\/person\/ba370d92d160f4d3574381f6d9b78fab","name":"Viviana Monrroy","image":{"@type":"ImageObject","inLanguage":"es","@id":"https:\/\/secure.gravatar.com\/avatar\/dfd1611ed5600959a0e5a9754503b6c05d1dcf190010998e0363aee2ad98afca?s=96&d=mm&r=g","url":"https:\/\/secure.gravatar.com\/avatar\/dfd1611ed5600959a0e5a9754503b6c05d1dcf190010998e0363aee2ad98afca?s=96&d=mm&r=g","contentUrl":"https:\/\/secure.gravatar.com\/avatar\/dfd1611ed5600959a0e5a9754503b6c05d1dcf190010998e0363aee2ad98afca?s=96&d=mm&r=g","caption":"Viviana Monrroy"},"sameAs":["http:\/\/www.eldiario.net"],"url":"https:\/\/www.eldiario.net\/portal\/author\/vivianamonrroy\/"}]}},"_links":{"self":[{"href":"https:\/\/www.eldiario.net\/portal\/wp-json\/wp\/v2\/posts\/265218","targetHints":{"allow":["GET"]}}],"collection":[{"href":"https:\/\/www.eldiario.net\/portal\/wp-json\/wp\/v2\/posts"}],"about":[{"href":"https:\/\/www.eldiario.net\/portal\/wp-json\/wp\/v2\/types\/post"}],"author":[{"embeddable":true,"href":"https:\/\/www.eldiario.net\/portal\/wp-json\/wp\/v2\/users\/7"}],"replies":[{"embeddable":true,"href":"https:\/\/www.eldiario.net\/portal\/wp-json\/wp\/v2\/comments?post=265218"}],"version-history":[{"count":2,"href":"https:\/\/www.eldiario.net\/portal\/wp-json\/wp\/v2\/posts\/265218\/revisions"}],"predecessor-version":[{"id":265225,"href":"https:\/\/www.eldiario.net\/portal\/wp-json\/wp\/v2\/posts\/265218\/revisions\/265225"}],"wp:featuredmedia":[{"embeddable":true,"href":"https:\/\/www.eldiario.net\/portal\/wp-json\/wp\/v2\/media\/265223"}],"wp:attachment":[{"href":"https:\/\/www.eldiario.net\/portal\/wp-json\/wp\/v2\/media?parent=265218"}],"wp:term":[{"taxonomy":"category","embeddable":true,"href":"https:\/\/www.eldiario.net\/portal\/wp-json\/wp\/v2\/categories?post=265218"},{"taxonomy":"post_tag","embeddable":true,"href":"https:\/\/www.eldiario.net\/portal\/wp-json\/wp\/v2\/tags?post=265218"}],"curies":[{"name":"wp","href":"https:\/\/api.w.org\/{rel}","templated":true}]}}