{"id":265099,"date":"2024-12-02T05:56:57","date_gmt":"2024-12-02T09:56:57","guid":{"rendered":"https:\/\/www.eldiario.net\/portal\/?p=265099"},"modified":"2024-12-02T05:56:57","modified_gmt":"2024-12-02T09:56:57","slug":"ay-arias-arias","status":"publish","type":"post","link":"https:\/\/www.eldiario.net\/portal\/2024\/12\/02\/ay-arias-arias\/","title":{"rendered":"Ay, Arias, Arias"},"content":{"rendered":"<p>En la primera aparici\u00f3n p\u00fablica del entonces flamante alcalde pace\u00f1o Iv\u00e1n Arias Dur\u00e1n ante los industriales, su discurso se centr\u00f3 en una promesa: la sede de Gobierno tendr\u00eda el \u00e1rbol de Navidad m\u00e1s alto del pa\u00eds. Tem\u00ed en ese momento que el populismo hab\u00eda llegado al municipio que durante tres lustros se hab\u00eda defendido de una administraci\u00f3n \u201cmasista\u201d.<br \/>\nEn los siguientes d\u00edas, mediante declaraciones y acciones, el antiguo municipalista confirm\u00f3 esa orientaci\u00f3n. Con el m\u00e1s puro estilo masista desmantel\u00f3 la costosa edificaci\u00f3n institucional construida en 20 a\u00f1os despu\u00e9s de las catastr\u00f3ficas gestiones municipales de fines del Siglo XX en La Paz. El delf\u00edn de Samuel Doria Medina, Omar Rocha Rojo, hab\u00eda hecho lo mismo en cuatro meses de ser burgomaestre transitorio en 2015.<br \/>\nEntre los dinamitazos de Arias est\u00e1n los destrozos en dos espacios que fueron orgullo local: la Secretar\u00eda de Culturas que pas\u00f3 de ser la vanguardia nacional a ser una dependencia de las agrupaciones del folklore callejero; y las oficinas de gesti\u00f3n de riesgos, que, de ser ejemplo de meritocracia, fueron vaciadas. El despido de personal altamente calificado y con experiencia para prevenir y atender las emergencias de la compleja urbe; el desprecio a planes de contingencia; y el desecho de mapas de riesgos han resultado catastr\u00f3ficos para la ciudad.<br \/>\nMientras eran premiados los improvisados constructores como el equipo de Las Loritas, s\u00edmbolo de la gesti\u00f3n municipal iniciada en 2021. Son muchas las voces alarmadas por el acelerado cerricidio que malogra al ajayu de la ciudad de las monta\u00f1as de mil colores. Aparecen edificios sobre antiguos arenales, a veces con s\u00fabitos aumentos de pisos, como es posible ver alrededor de la gasolinera de la Kantutani. \u00bfQui\u00e9nes firman las autorizaciones? \u00bfQui\u00e9nes fiscalizan?<br \/>\nEn la amplia publicidad que difunde la alcald\u00eda en radios y programas pagados no se nombra a la instituci\u00f3n ni al gobierno municipal, s\u00f3lo se habla del \u201cNegrito\u201d.<br \/>\nEn ese mismo espacio se produjo hace meses una cat\u00e1strofe. Entonces Arias se apresur\u00f3 a culpar a la empresa de agua potable EPSAS, sin ninguna verificaci\u00f3n t\u00e9cnica previa. EPSAS hab\u00eda mostrado semanas antes las contradicciones de la alcald\u00eda en torno a la provisi\u00f3n de agua en La Paz. Los hechos dieron la raz\u00f3n a EPSAS que cumple en estas fechas una mejor tarea que el municipio. En ning\u00fan momento Arias entreg\u00f3 una auditor\u00eda t\u00e9cnica para explicar el hundimiento del terreno que afect\u00f3 a un barrio y a miles de veh\u00edculos que por ah\u00ed circulaban.<br \/>\nHace una semana, ante el desborde de uno de los muchos riachuelos que tiene La Paz y la consiguiente mazamorra, acus\u00f3 inmediatamente a una empresa privada. Una vez m\u00e1s no tuvo la prudencia de informar que se verificar\u00edan las causas de largo y corto plazo. Arias no asumi\u00f3 el deber de revisar como m\u00e1xima autoridad las responsabilidades que caben a la Alcald\u00eda. Ni siquiera mir\u00f3 que m\u00e1s all\u00e1 de ese barrio, las calles se llenaban de barro por sus mal ejecutadas obras.<br \/>\nEsta vez, Iv\u00e1n Arias fue m\u00e1s lejos, peligrosamente m\u00e1s lejos. \u00bfQui\u00e9n acus\u00f3 y conden\u00f3 medi\u00e1ticamente al empresario de la empresa de \u201cfuga\u201d, adem\u00e1s dando a entender de una salida precipitada v\u00eda Per\u00fa (Desaguadero) hacia Chile? \u00bfQui\u00e9n subi\u00f3 a las redes un t\u00edpico bulo de fake con la foto del industrial como delincuente confeso? \u00bfQui\u00e9n distribuy\u00f3 en los medios una informaci\u00f3n supuestamente oficial del \u201cgran escape\u201d? \u00bfQui\u00e9n lanz\u00f3 esa t\u00edpica bola de la informaci\u00f3n aprovechada por los \u201ctitulares del lodo\u201d &#8211;como se llama a esa prensa&#8211; que de una hilacha promueve el esc\u00e1ndalo para da\u00f1ar la fama de las personas? \u00bfAlguno averigu\u00f3 si era huida o viaje programado por razones de salud?<br \/>\n\u00bfAcaso no existe una prestigiosa Sociedad de Ingenieros, departamental o nacional, que pueda ser convocada para realizar una auditor\u00eda t\u00e9cnica imparcial? \u00bfAcaso no existe la presunci\u00f3n de inocencia, el derecho al buen nombre, el derecho al debido proceso?<br \/>\n\u00bfCu\u00e1ntos due\u00f1os de las viviendas afectadas mostraron sus papeles en orden? \u00bfPor qu\u00e9 se siguen permitiendo construcciones de varios pisos en el antiguo territorio del Parque Forestal, donde exist\u00edan los estoraques que cada a\u00f1o se desmoronaban en fino polvo? La apertura de un cementerio arbolado fue porque era imposible realizar otro tipo de construcciones en el \u00e1rea.<br \/>\nParad\u00f3jicamente, es esta la misma administraci\u00f3n municipal que descuid\u00f3 el proceso para quien estuvo involucrado en el incendio de 60 buses PumaKatari y hoy goza de absoluta libertad.<br \/>\nLa Polic\u00eda Boliviana tambi\u00e9n sac\u00f3 careta, pues act\u00faa r\u00e1pidamente cuando hay que perseguir a gente decente, mientras tiembla ante cocaleros alcoholizados, avasalladores armados o contrabandistas de gasolina y garrafas.<br \/>\nLa otrora orgullosa ciudad se estropea a pasos agigantados. Los parques ya no son para ni\u00f1os sino para feriantes que ocupan los espacios con todo tipo de productos, algunos hechos por manos bolivianas, la mayor\u00eda ajenos.<br \/>\nArias concedi\u00f3 a vendedoras ambulantes las aceras de los barrios por donde pasaron los desfiles escolares de este 2024. Ocupaban adem\u00e1s las calzadas: unas fre\u00edan chorizos o anticuchos, al mismo tiempo que otra se\u00f1ora vend\u00eda calzones y m\u00e1s all\u00e1 unas chicas ofrec\u00edan juguetes chinos.<br \/>\nEl populismo destruy\u00f3 a la democracia boliviana. Tambi\u00e9n acorrala a los ciudadanos. Se sustenta sobre los pilares de las f\u00e1ciles concesiones a la informalidad (ilegalidad) y a la irresponsabilidad.<br \/>\nAl final, para los populistas valen m\u00e1s los votos de personas que no pagan impuestos ni crean empresas ni auspician fundaciones sociales y culturales que el trabajo de los de los \u00faltimos empresarios que tontamente siguen invirtiendo en su ciudad, en su pa\u00eds.<\/p>\n","protected":false},"excerpt":{"rendered":"<p>En la primera aparici\u00f3n p\u00fablica del entonces flamante alcalde pace\u00f1o Iv\u00e1n Arias Dur\u00e1n ante los industriales, su discurso se centr\u00f3 en una promesa: la sede de Gobierno tendr\u00eda el \u00e1rbol de Navidad m\u00e1s alto del pa\u00eds. Tem\u00ed en ese momento que el populismo hab\u00eda llegado al municipio que durante tres lustros se hab\u00eda defendido de [&hellip;]<\/p>\n","protected":false},"author":1,"featured_media":157862,"comment_status":"closed","ping_status":"open","sticky":false,"template":"","format":"standard","meta":{"_acf_changed":false,"footnotes":""},"categories":[9],"tags":[],"class_list":["post-265099","post","type-post","status-publish","format-standard","has-post-thumbnail","category-opinion"],"acf":{"antetitulo":"Desde la tierra"},"yoast_head":"<!-- This site is optimized with the Yoast SEO plugin v28.3 - https:\/\/yoast.com\/product\/yoast-seo-wordpress\/ -->\n<title>Ay, Arias, Arias - El Diario - Bolivia<\/title>\n<meta name=\"robots\" content=\"index, follow, max-snippet:-1, max-image-preview:large, max-video-preview:-1\" \/>\n<link rel=\"canonical\" href=\"https:\/\/www.eldiario.net\/portal\/2024\/12\/02\/ay-arias-arias\/\" \/>\n<meta property=\"og:locale\" content=\"es_ES\" \/>\n<meta property=\"og:type\" content=\"article\" \/>\n<meta property=\"og:title\" content=\"Ay, Arias, Arias - El Diario - Bolivia\" \/>\n<meta property=\"og:description\" content=\"En la primera aparici\u00f3n p\u00fablica del entonces flamante alcalde pace\u00f1o Iv\u00e1n Arias Dur\u00e1n ante los industriales, su discurso se centr\u00f3 en una promesa: la sede de Gobierno tendr\u00eda el \u00e1rbol de Navidad m\u00e1s alto del pa\u00eds. Tem\u00ed en ese momento que el populismo hab\u00eda llegado al municipio que durante tres lustros se hab\u00eda defendido de [&hellip;]\" \/>\n<meta property=\"og:url\" content=\"https:\/\/www.eldiario.net\/portal\/2024\/12\/02\/ay-arias-arias\/\" \/>\n<meta property=\"og:site_name\" content=\"El Diario - Bolivia\" \/>\n<meta property=\"article:publisher\" content=\"https:\/\/www.facebook.com\/eldiario.bolivia\/\" \/>\n<meta property=\"article:published_time\" content=\"2024-12-02T09:56:57+00:00\" \/>\n<meta property=\"og:image\" content=\"https:\/\/www.eldiario.net\/portal\/wp-content\/uploads\/2023\/06\/Lupe-Cajias.jpg\" \/>\n\t<meta property=\"og:image:width\" content=\"1200\" \/>\n\t<meta property=\"og:image:height\" content=\"628\" \/>\n\t<meta property=\"og:image:type\" content=\"image\/jpeg\" \/>\n<meta name=\"author\" content=\"Jeanette\" \/>\n<meta name=\"twitter:card\" content=\"summary_large_image\" \/>\n<meta name=\"twitter:creator\" content=\"@eldiario_net\" \/>\n<meta name=\"twitter:site\" content=\"@eldiario_net\" \/>\n<meta name=\"twitter:label1\" content=\"Escrito por\" \/>\n\t<meta name=\"twitter:data1\" content=\"Jeanette\" \/>\n\t<meta name=\"twitter:label2\" content=\"Tiempo de lectura\" \/>\n\t<meta name=\"twitter:data2\" content=\"5 minutos\" \/>\n<script type=\"application\/ld+json\" class=\"yoast-schema-graph\">{\"@context\":\"https:\\\/\\\/schema.org\",\"@graph\":[{\"@type\":\"Article\",\"@id\":\"https:\\\/\\\/www.eldiario.net\\\/portal\\\/2024\\\/12\\\/02\\\/ay-arias-arias\\\/#article\",\"isPartOf\":{\"@id\":\"https:\\\/\\\/www.eldiario.net\\\/portal\\\/2024\\\/12\\\/02\\\/ay-arias-arias\\\/\"},\"author\":{\"name\":\"Jeanette\",\"@id\":\"https:\\\/\\\/www.eldiario.net\\\/portal\\\/#\\\/schema\\\/person\\\/f46445640444750d7d753ccd04ae01b7\"},\"headline\":\"Ay, Arias, Arias\",\"datePublished\":\"2024-12-02T09:56:57+00:00\",\"mainEntityOfPage\":{\"@id\":\"https:\\\/\\\/www.eldiario.net\\\/portal\\\/2024\\\/12\\\/02\\\/ay-arias-arias\\\/\"},\"wordCount\":990,\"publisher\":{\"@id\":\"https:\\\/\\\/www.eldiario.net\\\/portal\\\/#organization\"},\"image\":{\"@id\":\"https:\\\/\\\/www.eldiario.net\\\/portal\\\/2024\\\/12\\\/02\\\/ay-arias-arias\\\/#primaryimage\"},\"thumbnailUrl\":\"https:\\\/\\\/www.eldiario.net\\\/portal\\\/wp-content\\\/uploads\\\/2023\\\/06\\\/Lupe-Cajias.jpg\",\"articleSection\":[\"Opini\u00f3n\"],\"inLanguage\":\"es\"},{\"@type\":\"WebPage\",\"@id\":\"https:\\\/\\\/www.eldiario.net\\\/portal\\\/2024\\\/12\\\/02\\\/ay-arias-arias\\\/\",\"url\":\"https:\\\/\\\/www.eldiario.net\\\/portal\\\/2024\\\/12\\\/02\\\/ay-arias-arias\\\/\",\"name\":\"Ay, Arias, Arias - El Diario - Bolivia\",\"isPartOf\":{\"@id\":\"https:\\\/\\\/www.eldiario.net\\\/portal\\\/#website\"},\"primaryImageOfPage\":{\"@id\":\"https:\\\/\\\/www.eldiario.net\\\/portal\\\/2024\\\/12\\\/02\\\/ay-arias-arias\\\/#primaryimage\"},\"image\":{\"@id\":\"https:\\\/\\\/www.eldiario.net\\\/portal\\\/2024\\\/12\\\/02\\\/ay-arias-arias\\\/#primaryimage\"},\"thumbnailUrl\":\"https:\\\/\\\/www.eldiario.net\\\/portal\\\/wp-content\\\/uploads\\\/2023\\\/06\\\/Lupe-Cajias.jpg\",\"datePublished\":\"2024-12-02T09:56:57+00:00\",\"breadcrumb\":{\"@id\":\"https:\\\/\\\/www.eldiario.net\\\/portal\\\/2024\\\/12\\\/02\\\/ay-arias-arias\\\/#breadcrumb\"},\"inLanguage\":\"es\",\"potentialAction\":[{\"@type\":\"ReadAction\",\"target\":[\"https:\\\/\\\/www.eldiario.net\\\/portal\\\/2024\\\/12\\\/02\\\/ay-arias-arias\\\/\"]}]},{\"@type\":\"ImageObject\",\"inLanguage\":\"es\",\"@id\":\"https:\\\/\\\/www.eldiario.net\\\/portal\\\/2024\\\/12\\\/02\\\/ay-arias-arias\\\/#primaryimage\",\"url\":\"https:\\\/\\\/www.eldiario.net\\\/portal\\\/wp-content\\\/uploads\\\/2023\\\/06\\\/Lupe-Cajias.jpg\",\"contentUrl\":\"https:\\\/\\\/www.eldiario.net\\\/portal\\\/wp-content\\\/uploads\\\/2023\\\/06\\\/Lupe-Cajias.jpg\",\"width\":1200,\"height\":628,\"caption\":\"Lupe Caj\u00edas\"},{\"@type\":\"BreadcrumbList\",\"@id\":\"https:\\\/\\\/www.eldiario.net\\\/portal\\\/2024\\\/12\\\/02\\\/ay-arias-arias\\\/#breadcrumb\",\"itemListElement\":[{\"@type\":\"ListItem\",\"position\":1,\"name\":\"Portada\",\"item\":\"https:\\\/\\\/www.eldiario.net\\\/portal\\\/\"},{\"@type\":\"ListItem\",\"position\":2,\"name\":\"Ay, Arias, Arias\"}]},{\"@type\":\"WebSite\",\"@id\":\"https:\\\/\\\/www.eldiario.net\\\/portal\\\/#website\",\"url\":\"https:\\\/\\\/www.eldiario.net\\\/portal\\\/\",\"name\":\"El Diario - Decano de la prensa nacional\",\"description\":\"El Diario - Decano de la prensa nacional\",\"publisher\":{\"@id\":\"https:\\\/\\\/www.eldiario.net\\\/portal\\\/#organization\"},\"potentialAction\":[{\"@type\":\"SearchAction\",\"target\":{\"@type\":\"EntryPoint\",\"urlTemplate\":\"https:\\\/\\\/www.eldiario.net\\\/portal\\\/?s={search_term_string}\"},\"query-input\":{\"@type\":\"PropertyValueSpecification\",\"valueRequired\":true,\"valueName\":\"search_term_string\"}}],\"inLanguage\":\"es\"},{\"@type\":\"Organization\",\"@id\":\"https:\\\/\\\/www.eldiario.net\\\/portal\\\/#organization\",\"name\":\"El Diario - Decano de la prensa nacional\",\"url\":\"https:\\\/\\\/www.eldiario.net\\\/portal\\\/\",\"logo\":{\"@type\":\"ImageObject\",\"inLanguage\":\"es\",\"@id\":\"https:\\\/\\\/www.eldiario.net\\\/portal\\\/#\\\/schema\\\/logo\\\/image\\\/\",\"url\":\"https:\\\/\\\/www.eldiario.net\\\/portal\\\/wp-content\\\/uploads\\\/2023\\\/07\\\/logo_ED.jpg\",\"contentUrl\":\"https:\\\/\\\/www.eldiario.net\\\/portal\\\/wp-content\\\/uploads\\\/2023\\\/07\\\/logo_ED.jpg\",\"width\":272,\"height\":52,\"caption\":\"El Diario - Decano de la prensa nacional\"},\"image\":{\"@id\":\"https:\\\/\\\/www.eldiario.net\\\/portal\\\/#\\\/schema\\\/logo\\\/image\\\/\"},\"sameAs\":[\"https:\\\/\\\/www.facebook.com\\\/eldiario.bolivia\\\/\",\"https:\\\/\\\/x.com\\\/eldiario_net\"]},{\"@type\":\"Person\",\"@id\":\"https:\\\/\\\/www.eldiario.net\\\/portal\\\/#\\\/schema\\\/person\\\/f46445640444750d7d753ccd04ae01b7\",\"name\":\"Jeanette\",\"image\":{\"@type\":\"ImageObject\",\"inLanguage\":\"es\",\"@id\":\"https:\\\/\\\/secure.gravatar.com\\\/avatar\\\/3ea2118a5f7dad2b7138b1187a6b7ee55f160b9968b66013c3a3ef39dd7e5798?s=96&d=mm&r=g\",\"url\":\"https:\\\/\\\/secure.gravatar.com\\\/avatar\\\/3ea2118a5f7dad2b7138b1187a6b7ee55f160b9968b66013c3a3ef39dd7e5798?s=96&d=mm&r=g\",\"contentUrl\":\"https:\\\/\\\/secure.gravatar.com\\\/avatar\\\/3ea2118a5f7dad2b7138b1187a6b7ee55f160b9968b66013c3a3ef39dd7e5798?s=96&d=mm&r=g\",\"caption\":\"Jeanette\"},\"sameAs\":[\"https:\\\/\\\/www.eldiario.net\\\/portal\"],\"url\":\"https:\\\/\\\/www.eldiario.net\\\/portal\\\/author\\\/jeanette\\\/\"}]}<\/script>\n<!-- \/ Yoast SEO plugin. -->","yoast_head_json":{"title":"Ay, Arias, Arias - El Diario - Bolivia","robots":{"index":"index","follow":"follow","max-snippet":"max-snippet:-1","max-image-preview":"max-image-preview:large","max-video-preview":"max-video-preview:-1"},"canonical":"https:\/\/www.eldiario.net\/portal\/2024\/12\/02\/ay-arias-arias\/","og_locale":"es_ES","og_type":"article","og_title":"Ay, Arias, Arias - El Diario - Bolivia","og_description":"En la primera aparici\u00f3n p\u00fablica del entonces flamante alcalde pace\u00f1o Iv\u00e1n Arias Dur\u00e1n ante los industriales, su discurso se centr\u00f3 en una promesa: la sede de Gobierno tendr\u00eda el \u00e1rbol de Navidad m\u00e1s alto del pa\u00eds. Tem\u00ed en ese momento que el populismo hab\u00eda llegado al municipio que durante tres lustros se hab\u00eda defendido de [&hellip;]","og_url":"https:\/\/www.eldiario.net\/portal\/2024\/12\/02\/ay-arias-arias\/","og_site_name":"El Diario - Bolivia","article_publisher":"https:\/\/www.facebook.com\/eldiario.bolivia\/","article_published_time":"2024-12-02T09:56:57+00:00","og_image":[{"width":1200,"height":628,"url":"https:\/\/www.eldiario.net\/portal\/wp-content\/uploads\/2023\/06\/Lupe-Cajias.jpg","type":"image\/jpeg"}],"author":"Jeanette","twitter_card":"summary_large_image","twitter_creator":"@eldiario_net","twitter_site":"@eldiario_net","twitter_misc":{"Escrito por":"Jeanette","Tiempo de lectura":"5 minutos"},"schema":{"@context":"https:\/\/schema.org","@graph":[{"@type":"Article","@id":"https:\/\/www.eldiario.net\/portal\/2024\/12\/02\/ay-arias-arias\/#article","isPartOf":{"@id":"https:\/\/www.eldiario.net\/portal\/2024\/12\/02\/ay-arias-arias\/"},"author":{"name":"Jeanette","@id":"https:\/\/www.eldiario.net\/portal\/#\/schema\/person\/f46445640444750d7d753ccd04ae01b7"},"headline":"Ay, Arias, Arias","datePublished":"2024-12-02T09:56:57+00:00","mainEntityOfPage":{"@id":"https:\/\/www.eldiario.net\/portal\/2024\/12\/02\/ay-arias-arias\/"},"wordCount":990,"publisher":{"@id":"https:\/\/www.eldiario.net\/portal\/#organization"},"image":{"@id":"https:\/\/www.eldiario.net\/portal\/2024\/12\/02\/ay-arias-arias\/#primaryimage"},"thumbnailUrl":"https:\/\/www.eldiario.net\/portal\/wp-content\/uploads\/2023\/06\/Lupe-Cajias.jpg","articleSection":["Opini\u00f3n"],"inLanguage":"es"},{"@type":"WebPage","@id":"https:\/\/www.eldiario.net\/portal\/2024\/12\/02\/ay-arias-arias\/","url":"https:\/\/www.eldiario.net\/portal\/2024\/12\/02\/ay-arias-arias\/","name":"Ay, Arias, Arias - El Diario - Bolivia","isPartOf":{"@id":"https:\/\/www.eldiario.net\/portal\/#website"},"primaryImageOfPage":{"@id":"https:\/\/www.eldiario.net\/portal\/2024\/12\/02\/ay-arias-arias\/#primaryimage"},"image":{"@id":"https:\/\/www.eldiario.net\/portal\/2024\/12\/02\/ay-arias-arias\/#primaryimage"},"thumbnailUrl":"https:\/\/www.eldiario.net\/portal\/wp-content\/uploads\/2023\/06\/Lupe-Cajias.jpg","datePublished":"2024-12-02T09:56:57+00:00","breadcrumb":{"@id":"https:\/\/www.eldiario.net\/portal\/2024\/12\/02\/ay-arias-arias\/#breadcrumb"},"inLanguage":"es","potentialAction":[{"@type":"ReadAction","target":["https:\/\/www.eldiario.net\/portal\/2024\/12\/02\/ay-arias-arias\/"]}]},{"@type":"ImageObject","inLanguage":"es","@id":"https:\/\/www.eldiario.net\/portal\/2024\/12\/02\/ay-arias-arias\/#primaryimage","url":"https:\/\/www.eldiario.net\/portal\/wp-content\/uploads\/2023\/06\/Lupe-Cajias.jpg","contentUrl":"https:\/\/www.eldiario.net\/portal\/wp-content\/uploads\/2023\/06\/Lupe-Cajias.jpg","width":1200,"height":628,"caption":"Lupe Caj\u00edas"},{"@type":"BreadcrumbList","@id":"https:\/\/www.eldiario.net\/portal\/2024\/12\/02\/ay-arias-arias\/#breadcrumb","itemListElement":[{"@type":"ListItem","position":1,"name":"Portada","item":"https:\/\/www.eldiario.net\/portal\/"},{"@type":"ListItem","position":2,"name":"Ay, Arias, Arias"}]},{"@type":"WebSite","@id":"https:\/\/www.eldiario.net\/portal\/#website","url":"https:\/\/www.eldiario.net\/portal\/","name":"El Diario - Decano de la prensa nacional","description":"El Diario - Decano de la prensa nacional","publisher":{"@id":"https:\/\/www.eldiario.net\/portal\/#organization"},"potentialAction":[{"@type":"SearchAction","target":{"@type":"EntryPoint","urlTemplate":"https:\/\/www.eldiario.net\/portal\/?s={search_term_string}"},"query-input":{"@type":"PropertyValueSpecification","valueRequired":true,"valueName":"search_term_string"}}],"inLanguage":"es"},{"@type":"Organization","@id":"https:\/\/www.eldiario.net\/portal\/#organization","name":"El Diario - Decano de la prensa nacional","url":"https:\/\/www.eldiario.net\/portal\/","logo":{"@type":"ImageObject","inLanguage":"es","@id":"https:\/\/www.eldiario.net\/portal\/#\/schema\/logo\/image\/","url":"https:\/\/www.eldiario.net\/portal\/wp-content\/uploads\/2023\/07\/logo_ED.jpg","contentUrl":"https:\/\/www.eldiario.net\/portal\/wp-content\/uploads\/2023\/07\/logo_ED.jpg","width":272,"height":52,"caption":"El Diario - Decano de la prensa nacional"},"image":{"@id":"https:\/\/www.eldiario.net\/portal\/#\/schema\/logo\/image\/"},"sameAs":["https:\/\/www.facebook.com\/eldiario.bolivia\/","https:\/\/x.com\/eldiario_net"]},{"@type":"Person","@id":"https:\/\/www.eldiario.net\/portal\/#\/schema\/person\/f46445640444750d7d753ccd04ae01b7","name":"Jeanette","image":{"@type":"ImageObject","inLanguage":"es","@id":"https:\/\/secure.gravatar.com\/avatar\/3ea2118a5f7dad2b7138b1187a6b7ee55f160b9968b66013c3a3ef39dd7e5798?s=96&d=mm&r=g","url":"https:\/\/secure.gravatar.com\/avatar\/3ea2118a5f7dad2b7138b1187a6b7ee55f160b9968b66013c3a3ef39dd7e5798?s=96&d=mm&r=g","contentUrl":"https:\/\/secure.gravatar.com\/avatar\/3ea2118a5f7dad2b7138b1187a6b7ee55f160b9968b66013c3a3ef39dd7e5798?s=96&d=mm&r=g","caption":"Jeanette"},"sameAs":["https:\/\/www.eldiario.net\/portal"],"url":"https:\/\/www.eldiario.net\/portal\/author\/jeanette\/"}]}},"_links":{"self":[{"href":"https:\/\/www.eldiario.net\/portal\/wp-json\/wp\/v2\/posts\/265099","targetHints":{"allow":["GET"]}}],"collection":[{"href":"https:\/\/www.eldiario.net\/portal\/wp-json\/wp\/v2\/posts"}],"about":[{"href":"https:\/\/www.eldiario.net\/portal\/wp-json\/wp\/v2\/types\/post"}],"author":[{"embeddable":true,"href":"https:\/\/www.eldiario.net\/portal\/wp-json\/wp\/v2\/users\/1"}],"replies":[{"embeddable":true,"href":"https:\/\/www.eldiario.net\/portal\/wp-json\/wp\/v2\/comments?post=265099"}],"version-history":[{"count":1,"href":"https:\/\/www.eldiario.net\/portal\/wp-json\/wp\/v2\/posts\/265099\/revisions"}],"predecessor-version":[{"id":265100,"href":"https:\/\/www.eldiario.net\/portal\/wp-json\/wp\/v2\/posts\/265099\/revisions\/265100"}],"wp:featuredmedia":[{"embeddable":true,"href":"https:\/\/www.eldiario.net\/portal\/wp-json\/wp\/v2\/media\/157862"}],"wp:attachment":[{"href":"https:\/\/www.eldiario.net\/portal\/wp-json\/wp\/v2\/media?parent=265099"}],"wp:term":[{"taxonomy":"category","embeddable":true,"href":"https:\/\/www.eldiario.net\/portal\/wp-json\/wp\/v2\/categories?post=265099"},{"taxonomy":"post_tag","embeddable":true,"href":"https:\/\/www.eldiario.net\/portal\/wp-json\/wp\/v2\/tags?post=265099"}],"curies":[{"name":"wp","href":"https:\/\/api.w.org\/{rel}","templated":true}]}}