{"id":265097,"date":"2024-12-02T05:56:18","date_gmt":"2024-12-02T09:56:18","guid":{"rendered":"https:\/\/www.eldiario.net\/portal\/?p=265097"},"modified":"2024-12-02T05:56:18","modified_gmt":"2024-12-02T09:56:18","slug":"cual-es-el-efecto-util-de-no-reconocer-a-maduro","status":"publish","type":"post","link":"https:\/\/www.eldiario.net\/portal\/2024\/12\/02\/cual-es-el-efecto-util-de-no-reconocer-a-maduro\/","title":{"rendered":"\u00bfCu\u00e1l es el efecto \u00fatil de no reconocer a Maduro?"},"content":{"rendered":"<p>Nicol\u00e1s Maduro, ha echado por el traste la decisi\u00f3n del pueblo venezolano y se ha auto prorrogado, una vez m\u00e1s, Presidente. Por supuesto, con la complicidad de malhechores que ocupan altos cargos en el Poder Judicial, el Consejo Nacional Electoral (CNE) y otras autoridades policiales y militares venezolanas.<br \/>\nEl n\u00edtido triunfo de Edmundo Gonz\u00e1lez Urrutia, con el 67% de los votos, de nada sirvi\u00f3. Ante tanta infamia, la ira se apoder\u00f3 de las calles de Venezuela. Una brutal represi\u00f3n, fue la respuesta, que ocasion\u00f3 m\u00e1s de un centenar de muertos y miles de detenidos; y como es de esperar y no se puede reprochar, la protesta fue contenida. Es un instinto natural preservar la libertad y la vida.<br \/>\nFrente a ello, la comunidad internacional, ya sea a trav\u00e9s de los organismos internacionales o los pa\u00edses individualmente; en principio exigieron transparencia y claridad en torno a las actas de votaci\u00f3n, luego pasaron al reproche y posteriormente a la condena.<br \/>\nLo \u00faltimo fue el reconocimiento que dio Estados Unidos y la Uni\u00f3n Europea a Edmundo Gonz\u00e1lez Urrutia como presidente electo de Venezuela, que implica el no reconocimiento al pr\u00f3ximo gobierno de Maduro que se inicia el 10 de enero de 2025. Lo hecho no es novedad, ya ocurri\u00f3 en 2019, cuando varios pa\u00edses, desconocieron a Maduro y reconocieron a Juan Guaid\u00f3.<br \/>\nEn ese marco la pregunta que cabe es: \u00bfcu\u00e1l es el efecto \u00fatil del no reconocimiento a Maduro? En general cabe preguntar: \u00bfcu\u00e1l es el entendimiento que tiene el Derecho Internacional P\u00fablico sobre el no reconocimiento a gobiernos de facto?, y \u00bfel no reconocimiento, no es una pr\u00e1ctica contraria al principio de no intervenci\u00f3n en asuntos internos?<br \/>\nEn principio, cabe mencionar que no existe un entendimiento un\u00edvoco sobre esta pr\u00e1ctica internacional; por el contrario, muchos ponen en tela de juicio su necesidad y utilidad.<br \/>\nEs l\u00f3gico, hay pa\u00edses de s\u00f3lida tradici\u00f3n democr\u00e1tica e institucional, como son varios pa\u00edses europeos, donde la sucesi\u00f3n gubernamental es realizada con estricto apego a la legalidad y legitimidad; consecuentemente en ese caso el tema pasa a ser intrascendente. En cambio, en pa\u00edses inestables, como son varios de Am\u00e9rica latina, caracterizados por fraudes y cuartelazos, el tema adquiere singular importancia.<br \/>\nFrente a esta realidad, en el marco del Derecho Internacional p\u00fablico, se desarrollaron varias doctrinas sobre el no reconocimiento a los gobiernos de facto.<br \/>\nUnos, los mayoritarios, defienden el no reconocimiento a gobiernos constituidos con infracci\u00f3n a la legalidad. Consideran que es un derecho de los pueblos el ser gobernados democr\u00e1ticamente, consecuentemente, en caso que ello no ocurra, es un deber de acci\u00f3n solidaria de los otros Estados, el no reconocerlo y as\u00ed desalentarlos; debiendo hacerse caso omiso al principio de no intervenci\u00f3n, ya que ha sido deslegitimizado y solo pretende ser mal utilizado como un escudo por gobiernos no democr\u00e1ticos.<br \/>\nEn los planteamientos m\u00e1s radicales esa solidaridad podr\u00eda conducir a la imposici\u00f3n de medidas coercitivas e, incluso, al empleo de la fuerza militar.<br \/>\nEn la vereda del frente, est\u00e1n aquellos autores que consideran que el no reconocimiento, es un acto contrario al derecho internacional, porque se pretende intervenir en la vida interna de otro Estado; y en algunos casos, pudiera desconocerse el derecho leg\u00edtimo a la revoluci\u00f3n, que tiene un pueblo.<br \/>\nEn la realidad, ambas posturas son superadas por lo que se denomina la regla de la efectividad. Establece que el reconocimiento o no a un gobierno, debe ser realizado por criterios eminentemente utilitarios. Por tanto, m\u00e1s all\u00e1 de su legalidad o ilegalidad, es el gobierno quien tiene el control de hecho y efectivo de la maquinaria administrativa del Estado.<br \/>\nPara un mejor entendimiento, imaginemos que los pa\u00edses amaz\u00f3nicos requieren llevar adelante una acci\u00f3n coordinada contra la miner\u00eda ilegal. En ese marco, las preguntas son: \u00bfqui\u00e9n representar\u00eda a Venezuela?, \u00bfqui\u00e9n puede dar efectivamente soluciones?, \u00bfaquel legalmente electo y que tiene el reconocimiento de la mayor\u00eda de los pa\u00edses, pero no tiene control sobre la polic\u00eda? o \u00bfqui\u00e9n est\u00e1 ejerciendo la autoridad de la polic\u00eda, aun sea de facto?<br \/>\nLa respuesta es obvia, aunque puede resultar desalentador, en el marco del realpolitik, es evidente que, quien tiene el poder, es el que gobierna y es el \u00fanico capaz de comprometer al Estado y asumir obligaciones internacionales.<\/p>\n<p>Windsor Hernani Limarino es economista y diplom\u00e1tico.<\/p>\n","protected":false},"excerpt":{"rendered":"<p>Nicol\u00e1s Maduro, ha echado por el traste la decisi\u00f3n del pueblo venezolano y se ha auto prorrogado, una vez m\u00e1s, Presidente. Por supuesto, con la complicidad de malhechores que ocupan altos cargos en el Poder Judicial, el Consejo Nacional Electoral (CNE) y otras autoridades policiales y militares venezolanas. El n\u00edtido triunfo de Edmundo Gonz\u00e1lez Urrutia, [&hellip;]<\/p>\n","protected":false},"author":1,"featured_media":169916,"comment_status":"closed","ping_status":"open","sticky":false,"template":"","format":"standard","meta":{"_acf_changed":false,"footnotes":""},"categories":[9],"tags":[],"class_list":["post-265097","post","type-post","status-publish","format-standard","has-post-thumbnail","category-opinion"],"acf":{"antetitulo":""},"yoast_head":"<!-- This site is optimized with the Yoast SEO plugin v28.3 - https:\/\/yoast.com\/product\/yoast-seo-wordpress\/ -->\n<title>\u00bfCu\u00e1l es el efecto \u00fatil de no reconocer a Maduro? - El Diario - Bolivia<\/title>\n<meta name=\"robots\" content=\"index, follow, max-snippet:-1, max-image-preview:large, max-video-preview:-1\" \/>\n<link rel=\"canonical\" href=\"https:\/\/www.eldiario.net\/portal\/2024\/12\/02\/cual-es-el-efecto-util-de-no-reconocer-a-maduro\/\" \/>\n<meta property=\"og:locale\" content=\"es_ES\" \/>\n<meta property=\"og:type\" content=\"article\" \/>\n<meta property=\"og:title\" content=\"\u00bfCu\u00e1l es el efecto \u00fatil de no reconocer a Maduro? - El Diario - Bolivia\" \/>\n<meta property=\"og:description\" content=\"Nicol\u00e1s Maduro, ha echado por el traste la decisi\u00f3n del pueblo venezolano y se ha auto prorrogado, una vez m\u00e1s, Presidente. Por supuesto, con la complicidad de malhechores que ocupan altos cargos en el Poder Judicial, el Consejo Nacional Electoral (CNE) y otras autoridades policiales y militares venezolanas. El n\u00edtido triunfo de Edmundo Gonz\u00e1lez Urrutia, [&hellip;]\" \/>\n<meta property=\"og:url\" content=\"https:\/\/www.eldiario.net\/portal\/2024\/12\/02\/cual-es-el-efecto-util-de-no-reconocer-a-maduro\/\" \/>\n<meta property=\"og:site_name\" content=\"El Diario - Bolivia\" \/>\n<meta property=\"article:publisher\" content=\"https:\/\/www.facebook.com\/eldiario.bolivia\/\" \/>\n<meta property=\"article:published_time\" content=\"2024-12-02T09:56:18+00:00\" \/>\n<meta property=\"og:image\" content=\"https:\/\/www.eldiario.net\/portal\/wp-content\/uploads\/2023\/08\/Windsor-Hernani-Limarino.jpg\" \/>\n\t<meta property=\"og:image:width\" content=\"1200\" \/>\n\t<meta property=\"og:image:height\" content=\"628\" \/>\n\t<meta property=\"og:image:type\" content=\"image\/jpeg\" \/>\n<meta name=\"author\" content=\"Jeanette\" \/>\n<meta name=\"twitter:card\" content=\"summary_large_image\" \/>\n<meta name=\"twitter:creator\" content=\"@eldiario_net\" \/>\n<meta name=\"twitter:site\" content=\"@eldiario_net\" \/>\n<meta name=\"twitter:label1\" content=\"Escrito por\" \/>\n\t<meta name=\"twitter:data1\" content=\"Jeanette\" \/>\n\t<meta name=\"twitter:label2\" content=\"Tiempo de lectura\" \/>\n\t<meta name=\"twitter:data2\" content=\"4 minutos\" \/>\n<script type=\"application\/ld+json\" class=\"yoast-schema-graph\">{\"@context\":\"https:\\\/\\\/schema.org\",\"@graph\":[{\"@type\":\"Article\",\"@id\":\"https:\\\/\\\/www.eldiario.net\\\/portal\\\/2024\\\/12\\\/02\\\/cual-es-el-efecto-util-de-no-reconocer-a-maduro\\\/#article\",\"isPartOf\":{\"@id\":\"https:\\\/\\\/www.eldiario.net\\\/portal\\\/2024\\\/12\\\/02\\\/cual-es-el-efecto-util-de-no-reconocer-a-maduro\\\/\"},\"author\":{\"name\":\"Jeanette\",\"@id\":\"https:\\\/\\\/www.eldiario.net\\\/portal\\\/#\\\/schema\\\/person\\\/f46445640444750d7d753ccd04ae01b7\"},\"headline\":\"\u00bfCu\u00e1l es el efecto \u00fatil de no reconocer a Maduro?\",\"datePublished\":\"2024-12-02T09:56:18+00:00\",\"mainEntityOfPage\":{\"@id\":\"https:\\\/\\\/www.eldiario.net\\\/portal\\\/2024\\\/12\\\/02\\\/cual-es-el-efecto-util-de-no-reconocer-a-maduro\\\/\"},\"wordCount\":769,\"publisher\":{\"@id\":\"https:\\\/\\\/www.eldiario.net\\\/portal\\\/#organization\"},\"image\":{\"@id\":\"https:\\\/\\\/www.eldiario.net\\\/portal\\\/2024\\\/12\\\/02\\\/cual-es-el-efecto-util-de-no-reconocer-a-maduro\\\/#primaryimage\"},\"thumbnailUrl\":\"https:\\\/\\\/www.eldiario.net\\\/portal\\\/wp-content\\\/uploads\\\/2023\\\/08\\\/Windsor-Hernani-Limarino.jpg\",\"articleSection\":[\"Opini\u00f3n\"],\"inLanguage\":\"es\"},{\"@type\":\"WebPage\",\"@id\":\"https:\\\/\\\/www.eldiario.net\\\/portal\\\/2024\\\/12\\\/02\\\/cual-es-el-efecto-util-de-no-reconocer-a-maduro\\\/\",\"url\":\"https:\\\/\\\/www.eldiario.net\\\/portal\\\/2024\\\/12\\\/02\\\/cual-es-el-efecto-util-de-no-reconocer-a-maduro\\\/\",\"name\":\"\u00bfCu\u00e1l es el efecto \u00fatil de no reconocer a Maduro? - El Diario - Bolivia\",\"isPartOf\":{\"@id\":\"https:\\\/\\\/www.eldiario.net\\\/portal\\\/#website\"},\"primaryImageOfPage\":{\"@id\":\"https:\\\/\\\/www.eldiario.net\\\/portal\\\/2024\\\/12\\\/02\\\/cual-es-el-efecto-util-de-no-reconocer-a-maduro\\\/#primaryimage\"},\"image\":{\"@id\":\"https:\\\/\\\/www.eldiario.net\\\/portal\\\/2024\\\/12\\\/02\\\/cual-es-el-efecto-util-de-no-reconocer-a-maduro\\\/#primaryimage\"},\"thumbnailUrl\":\"https:\\\/\\\/www.eldiario.net\\\/portal\\\/wp-content\\\/uploads\\\/2023\\\/08\\\/Windsor-Hernani-Limarino.jpg\",\"datePublished\":\"2024-12-02T09:56:18+00:00\",\"breadcrumb\":{\"@id\":\"https:\\\/\\\/www.eldiario.net\\\/portal\\\/2024\\\/12\\\/02\\\/cual-es-el-efecto-util-de-no-reconocer-a-maduro\\\/#breadcrumb\"},\"inLanguage\":\"es\",\"potentialAction\":[{\"@type\":\"ReadAction\",\"target\":[\"https:\\\/\\\/www.eldiario.net\\\/portal\\\/2024\\\/12\\\/02\\\/cual-es-el-efecto-util-de-no-reconocer-a-maduro\\\/\"]}]},{\"@type\":\"ImageObject\",\"inLanguage\":\"es\",\"@id\":\"https:\\\/\\\/www.eldiario.net\\\/portal\\\/2024\\\/12\\\/02\\\/cual-es-el-efecto-util-de-no-reconocer-a-maduro\\\/#primaryimage\",\"url\":\"https:\\\/\\\/www.eldiario.net\\\/portal\\\/wp-content\\\/uploads\\\/2023\\\/08\\\/Windsor-Hernani-Limarino.jpg\",\"contentUrl\":\"https:\\\/\\\/www.eldiario.net\\\/portal\\\/wp-content\\\/uploads\\\/2023\\\/08\\\/Windsor-Hernani-Limarino.jpg\",\"width\":1200,\"height\":628},{\"@type\":\"BreadcrumbList\",\"@id\":\"https:\\\/\\\/www.eldiario.net\\\/portal\\\/2024\\\/12\\\/02\\\/cual-es-el-efecto-util-de-no-reconocer-a-maduro\\\/#breadcrumb\",\"itemListElement\":[{\"@type\":\"ListItem\",\"position\":1,\"name\":\"Portada\",\"item\":\"https:\\\/\\\/www.eldiario.net\\\/portal\\\/\"},{\"@type\":\"ListItem\",\"position\":2,\"name\":\"\u00bfCu\u00e1l es el efecto \u00fatil de no reconocer a Maduro?\"}]},{\"@type\":\"WebSite\",\"@id\":\"https:\\\/\\\/www.eldiario.net\\\/portal\\\/#website\",\"url\":\"https:\\\/\\\/www.eldiario.net\\\/portal\\\/\",\"name\":\"El Diario - Decano de la prensa nacional\",\"description\":\"El Diario - Decano de la prensa nacional\",\"publisher\":{\"@id\":\"https:\\\/\\\/www.eldiario.net\\\/portal\\\/#organization\"},\"potentialAction\":[{\"@type\":\"SearchAction\",\"target\":{\"@type\":\"EntryPoint\",\"urlTemplate\":\"https:\\\/\\\/www.eldiario.net\\\/portal\\\/?s={search_term_string}\"},\"query-input\":{\"@type\":\"PropertyValueSpecification\",\"valueRequired\":true,\"valueName\":\"search_term_string\"}}],\"inLanguage\":\"es\"},{\"@type\":\"Organization\",\"@id\":\"https:\\\/\\\/www.eldiario.net\\\/portal\\\/#organization\",\"name\":\"El Diario - Decano de la prensa nacional\",\"url\":\"https:\\\/\\\/www.eldiario.net\\\/portal\\\/\",\"logo\":{\"@type\":\"ImageObject\",\"inLanguage\":\"es\",\"@id\":\"https:\\\/\\\/www.eldiario.net\\\/portal\\\/#\\\/schema\\\/logo\\\/image\\\/\",\"url\":\"https:\\\/\\\/www.eldiario.net\\\/portal\\\/wp-content\\\/uploads\\\/2023\\\/07\\\/logo_ED.jpg\",\"contentUrl\":\"https:\\\/\\\/www.eldiario.net\\\/portal\\\/wp-content\\\/uploads\\\/2023\\\/07\\\/logo_ED.jpg\",\"width\":272,\"height\":52,\"caption\":\"El Diario - Decano de la prensa nacional\"},\"image\":{\"@id\":\"https:\\\/\\\/www.eldiario.net\\\/portal\\\/#\\\/schema\\\/logo\\\/image\\\/\"},\"sameAs\":[\"https:\\\/\\\/www.facebook.com\\\/eldiario.bolivia\\\/\",\"https:\\\/\\\/x.com\\\/eldiario_net\"]},{\"@type\":\"Person\",\"@id\":\"https:\\\/\\\/www.eldiario.net\\\/portal\\\/#\\\/schema\\\/person\\\/f46445640444750d7d753ccd04ae01b7\",\"name\":\"Jeanette\",\"image\":{\"@type\":\"ImageObject\",\"inLanguage\":\"es\",\"@id\":\"https:\\\/\\\/secure.gravatar.com\\\/avatar\\\/3ea2118a5f7dad2b7138b1187a6b7ee55f160b9968b66013c3a3ef39dd7e5798?s=96&d=mm&r=g\",\"url\":\"https:\\\/\\\/secure.gravatar.com\\\/avatar\\\/3ea2118a5f7dad2b7138b1187a6b7ee55f160b9968b66013c3a3ef39dd7e5798?s=96&d=mm&r=g\",\"contentUrl\":\"https:\\\/\\\/secure.gravatar.com\\\/avatar\\\/3ea2118a5f7dad2b7138b1187a6b7ee55f160b9968b66013c3a3ef39dd7e5798?s=96&d=mm&r=g\",\"caption\":\"Jeanette\"},\"sameAs\":[\"https:\\\/\\\/www.eldiario.net\\\/portal\"],\"url\":\"https:\\\/\\\/www.eldiario.net\\\/portal\\\/author\\\/jeanette\\\/\"}]}<\/script>\n<!-- \/ Yoast SEO plugin. -->","yoast_head_json":{"title":"\u00bfCu\u00e1l es el efecto \u00fatil de no reconocer a Maduro? - El Diario - Bolivia","robots":{"index":"index","follow":"follow","max-snippet":"max-snippet:-1","max-image-preview":"max-image-preview:large","max-video-preview":"max-video-preview:-1"},"canonical":"https:\/\/www.eldiario.net\/portal\/2024\/12\/02\/cual-es-el-efecto-util-de-no-reconocer-a-maduro\/","og_locale":"es_ES","og_type":"article","og_title":"\u00bfCu\u00e1l es el efecto \u00fatil de no reconocer a Maduro? - El Diario - Bolivia","og_description":"Nicol\u00e1s Maduro, ha echado por el traste la decisi\u00f3n del pueblo venezolano y se ha auto prorrogado, una vez m\u00e1s, Presidente. Por supuesto, con la complicidad de malhechores que ocupan altos cargos en el Poder Judicial, el Consejo Nacional Electoral (CNE) y otras autoridades policiales y militares venezolanas. El n\u00edtido triunfo de Edmundo Gonz\u00e1lez Urrutia, [&hellip;]","og_url":"https:\/\/www.eldiario.net\/portal\/2024\/12\/02\/cual-es-el-efecto-util-de-no-reconocer-a-maduro\/","og_site_name":"El Diario - Bolivia","article_publisher":"https:\/\/www.facebook.com\/eldiario.bolivia\/","article_published_time":"2024-12-02T09:56:18+00:00","og_image":[{"width":1200,"height":628,"url":"https:\/\/www.eldiario.net\/portal\/wp-content\/uploads\/2023\/08\/Windsor-Hernani-Limarino.jpg","type":"image\/jpeg"}],"author":"Jeanette","twitter_card":"summary_large_image","twitter_creator":"@eldiario_net","twitter_site":"@eldiario_net","twitter_misc":{"Escrito por":"Jeanette","Tiempo de lectura":"4 minutos"},"schema":{"@context":"https:\/\/schema.org","@graph":[{"@type":"Article","@id":"https:\/\/www.eldiario.net\/portal\/2024\/12\/02\/cual-es-el-efecto-util-de-no-reconocer-a-maduro\/#article","isPartOf":{"@id":"https:\/\/www.eldiario.net\/portal\/2024\/12\/02\/cual-es-el-efecto-util-de-no-reconocer-a-maduro\/"},"author":{"name":"Jeanette","@id":"https:\/\/www.eldiario.net\/portal\/#\/schema\/person\/f46445640444750d7d753ccd04ae01b7"},"headline":"\u00bfCu\u00e1l es el efecto \u00fatil de no reconocer a Maduro?","datePublished":"2024-12-02T09:56:18+00:00","mainEntityOfPage":{"@id":"https:\/\/www.eldiario.net\/portal\/2024\/12\/02\/cual-es-el-efecto-util-de-no-reconocer-a-maduro\/"},"wordCount":769,"publisher":{"@id":"https:\/\/www.eldiario.net\/portal\/#organization"},"image":{"@id":"https:\/\/www.eldiario.net\/portal\/2024\/12\/02\/cual-es-el-efecto-util-de-no-reconocer-a-maduro\/#primaryimage"},"thumbnailUrl":"https:\/\/www.eldiario.net\/portal\/wp-content\/uploads\/2023\/08\/Windsor-Hernani-Limarino.jpg","articleSection":["Opini\u00f3n"],"inLanguage":"es"},{"@type":"WebPage","@id":"https:\/\/www.eldiario.net\/portal\/2024\/12\/02\/cual-es-el-efecto-util-de-no-reconocer-a-maduro\/","url":"https:\/\/www.eldiario.net\/portal\/2024\/12\/02\/cual-es-el-efecto-util-de-no-reconocer-a-maduro\/","name":"\u00bfCu\u00e1l es el efecto \u00fatil de no reconocer a Maduro? - El Diario - Bolivia","isPartOf":{"@id":"https:\/\/www.eldiario.net\/portal\/#website"},"primaryImageOfPage":{"@id":"https:\/\/www.eldiario.net\/portal\/2024\/12\/02\/cual-es-el-efecto-util-de-no-reconocer-a-maduro\/#primaryimage"},"image":{"@id":"https:\/\/www.eldiario.net\/portal\/2024\/12\/02\/cual-es-el-efecto-util-de-no-reconocer-a-maduro\/#primaryimage"},"thumbnailUrl":"https:\/\/www.eldiario.net\/portal\/wp-content\/uploads\/2023\/08\/Windsor-Hernani-Limarino.jpg","datePublished":"2024-12-02T09:56:18+00:00","breadcrumb":{"@id":"https:\/\/www.eldiario.net\/portal\/2024\/12\/02\/cual-es-el-efecto-util-de-no-reconocer-a-maduro\/#breadcrumb"},"inLanguage":"es","potentialAction":[{"@type":"ReadAction","target":["https:\/\/www.eldiario.net\/portal\/2024\/12\/02\/cual-es-el-efecto-util-de-no-reconocer-a-maduro\/"]}]},{"@type":"ImageObject","inLanguage":"es","@id":"https:\/\/www.eldiario.net\/portal\/2024\/12\/02\/cual-es-el-efecto-util-de-no-reconocer-a-maduro\/#primaryimage","url":"https:\/\/www.eldiario.net\/portal\/wp-content\/uploads\/2023\/08\/Windsor-Hernani-Limarino.jpg","contentUrl":"https:\/\/www.eldiario.net\/portal\/wp-content\/uploads\/2023\/08\/Windsor-Hernani-Limarino.jpg","width":1200,"height":628},{"@type":"BreadcrumbList","@id":"https:\/\/www.eldiario.net\/portal\/2024\/12\/02\/cual-es-el-efecto-util-de-no-reconocer-a-maduro\/#breadcrumb","itemListElement":[{"@type":"ListItem","position":1,"name":"Portada","item":"https:\/\/www.eldiario.net\/portal\/"},{"@type":"ListItem","position":2,"name":"\u00bfCu\u00e1l es el efecto \u00fatil de no reconocer a Maduro?"}]},{"@type":"WebSite","@id":"https:\/\/www.eldiario.net\/portal\/#website","url":"https:\/\/www.eldiario.net\/portal\/","name":"El Diario - Decano de la prensa nacional","description":"El Diario - Decano de la prensa nacional","publisher":{"@id":"https:\/\/www.eldiario.net\/portal\/#organization"},"potentialAction":[{"@type":"SearchAction","target":{"@type":"EntryPoint","urlTemplate":"https:\/\/www.eldiario.net\/portal\/?s={search_term_string}"},"query-input":{"@type":"PropertyValueSpecification","valueRequired":true,"valueName":"search_term_string"}}],"inLanguage":"es"},{"@type":"Organization","@id":"https:\/\/www.eldiario.net\/portal\/#organization","name":"El Diario - Decano de la prensa nacional","url":"https:\/\/www.eldiario.net\/portal\/","logo":{"@type":"ImageObject","inLanguage":"es","@id":"https:\/\/www.eldiario.net\/portal\/#\/schema\/logo\/image\/","url":"https:\/\/www.eldiario.net\/portal\/wp-content\/uploads\/2023\/07\/logo_ED.jpg","contentUrl":"https:\/\/www.eldiario.net\/portal\/wp-content\/uploads\/2023\/07\/logo_ED.jpg","width":272,"height":52,"caption":"El Diario - Decano de la prensa nacional"},"image":{"@id":"https:\/\/www.eldiario.net\/portal\/#\/schema\/logo\/image\/"},"sameAs":["https:\/\/www.facebook.com\/eldiario.bolivia\/","https:\/\/x.com\/eldiario_net"]},{"@type":"Person","@id":"https:\/\/www.eldiario.net\/portal\/#\/schema\/person\/f46445640444750d7d753ccd04ae01b7","name":"Jeanette","image":{"@type":"ImageObject","inLanguage":"es","@id":"https:\/\/secure.gravatar.com\/avatar\/3ea2118a5f7dad2b7138b1187a6b7ee55f160b9968b66013c3a3ef39dd7e5798?s=96&d=mm&r=g","url":"https:\/\/secure.gravatar.com\/avatar\/3ea2118a5f7dad2b7138b1187a6b7ee55f160b9968b66013c3a3ef39dd7e5798?s=96&d=mm&r=g","contentUrl":"https:\/\/secure.gravatar.com\/avatar\/3ea2118a5f7dad2b7138b1187a6b7ee55f160b9968b66013c3a3ef39dd7e5798?s=96&d=mm&r=g","caption":"Jeanette"},"sameAs":["https:\/\/www.eldiario.net\/portal"],"url":"https:\/\/www.eldiario.net\/portal\/author\/jeanette\/"}]}},"_links":{"self":[{"href":"https:\/\/www.eldiario.net\/portal\/wp-json\/wp\/v2\/posts\/265097","targetHints":{"allow":["GET"]}}],"collection":[{"href":"https:\/\/www.eldiario.net\/portal\/wp-json\/wp\/v2\/posts"}],"about":[{"href":"https:\/\/www.eldiario.net\/portal\/wp-json\/wp\/v2\/types\/post"}],"author":[{"embeddable":true,"href":"https:\/\/www.eldiario.net\/portal\/wp-json\/wp\/v2\/users\/1"}],"replies":[{"embeddable":true,"href":"https:\/\/www.eldiario.net\/portal\/wp-json\/wp\/v2\/comments?post=265097"}],"version-history":[{"count":1,"href":"https:\/\/www.eldiario.net\/portal\/wp-json\/wp\/v2\/posts\/265097\/revisions"}],"predecessor-version":[{"id":265098,"href":"https:\/\/www.eldiario.net\/portal\/wp-json\/wp\/v2\/posts\/265097\/revisions\/265098"}],"wp:featuredmedia":[{"embeddable":true,"href":"https:\/\/www.eldiario.net\/portal\/wp-json\/wp\/v2\/media\/169916"}],"wp:attachment":[{"href":"https:\/\/www.eldiario.net\/portal\/wp-json\/wp\/v2\/media?parent=265097"}],"wp:term":[{"taxonomy":"category","embeddable":true,"href":"https:\/\/www.eldiario.net\/portal\/wp-json\/wp\/v2\/categories?post=265097"},{"taxonomy":"post_tag","embeddable":true,"href":"https:\/\/www.eldiario.net\/portal\/wp-json\/wp\/v2\/tags?post=265097"}],"curies":[{"name":"wp","href":"https:\/\/api.w.org\/{rel}","templated":true}]}}