{"id":264654,"date":"2024-11-30T06:14:06","date_gmt":"2024-11-30T10:14:06","guid":{"rendered":"https:\/\/www.eldiario.net\/portal\/?p=264654"},"modified":"2024-11-30T06:14:06","modified_gmt":"2024-11-30T10:14:06","slug":"anuncian-alertas-hidrologicas-y-meteorologicas-para-siete-regiones","status":"publish","type":"post","link":"https:\/\/www.eldiario.net\/portal\/2024\/11\/30\/anuncian-alertas-hidrologicas-y-meteorologicas-para-siete-regiones\/","title":{"rendered":"Anuncian alertas hidrol\u00f3gicas y  meteorol\u00f3gicas para siete regiones"},"content":{"rendered":"<p>El Servicio Nacional de Meteorolog\u00eda e Hidrolog\u00eda (Senamhi) detall\u00f3 sobre tres alertas meteorol\u00f3gicas y dos hidrol\u00f3gicas vigentes en los departamentos de La Paz, Cochabamba, Santa Cruz, Oruro, Tarija, Chuquisaca y Potos\u00ed. Pronostican lluvias y tormentas el\u00e9ctricas el fin de semana para la regi\u00f3n pace\u00f1a.<br \/>\nDe acuerdo con los datos, las alertas advierten lluvias intensas, tormentas el\u00e9ctricas, incremento en la velocidad de los vientos y posibles desbordes de r\u00edos.<br \/>\nEn ese marco, para el departamento de La Paz se pronostican precipitaciones acompa\u00f1adas de tormentas el\u00e9ctricas, con posibilidad de granizo durante la tarde y noche desde este viernes hasta el fin de semana.<br \/>\nLa primera alerta hidrol\u00f3gica, vigente hasta hoy, afecta al r\u00edo Mamor\u00e9 (Cochabamba), la cuenca alta del r\u00edo Beni y el norte de los Yungas (La Paz), as\u00ed como los afluentes San Juan del Oro, Tumusla, Alto Pilcomayo y Chayanta (Potos\u00ed). Tambi\u00e9n se incluyen las cuencas de los r\u00edos Grande y Parapet\u00ed (Chuquisaca) y del Pilcomayo en Chuquisaca y Tarija.<br \/>\nPosible desbordamiento de r\u00edos en el Altiplano<br \/>\nUna segunda alerta hidrol\u00f3gica estar\u00e1 vigente hasta el 1 de diciembre para La Paz y Oruro. El Senamhi advirti\u00f3 sobre ascensos en los niveles de los r\u00edos La Paz, Desaguadero, Lauca y sus afluentes Catay, Jahuiras, Lauca y Poop\u00f3, afectando principalmente a la regi\u00f3n del Altiplano.<br \/>\nEn tanto, las alertas meteorol\u00f3gicas naranjas presentar\u00edan tormentas el\u00e9ctricas y lluvias intensas en Potos\u00ed, Chuquisaca y Tarija. Otra, con vientos fuertes en Santa Cruz; con velocidades de 60 a 90 km\/h, en las provincias Ib\u00e1\u00f1ez, Guarnes, Ichilo, Sara, \u00d1uflo de Ch\u00e1vez, Chiquitos y otras. Estar\u00e1 activa hasta hoy.<br \/>\nEn Chuquisaca, Potos\u00ed y Oruro, tambi\u00e9n se tiene una alerta meteorol\u00f3gica con lluvias y tormentas el\u00e9ctricas que estar\u00e1 desde esta tarde hasta ma\u00f1ana domingo.<\/p>\n","protected":false},"excerpt":{"rendered":"<p>El Servicio Nacional de Meteorolog\u00eda e Hidrolog\u00eda (Senamhi) detall\u00f3 sobre tres alertas meteorol\u00f3gicas y dos hidrol\u00f3gicas vigentes en los departamentos de La Paz, Cochabamba, Santa Cruz, Oruro, Tarija, Chuquisaca y Potos\u00ed. Pronostican lluvias y tormentas el\u00e9ctricas el fin de semana para la regi\u00f3n pace\u00f1a. De acuerdo con los datos, las alertas advierten lluvias intensas, tormentas [&hellip;]<\/p>\n","protected":false},"author":1,"featured_media":194726,"comment_status":"closed","ping_status":"open","sticky":false,"template":"","format":"standard","meta":{"_acf_changed":false,"footnotes":""},"categories":[12],"tags":[],"class_list":["post-264654","post","type-post","status-publish","format-standard","has-post-thumbnail","category-nacional"],"acf":{"antetitulo":""},"yoast_head":"<!-- This site is optimized with the Yoast SEO plugin v28.3 - https:\/\/yoast.com\/product\/yoast-seo-wordpress\/ -->\n<title>Anuncian alertas hidrol\u00f3gicas y meteorol\u00f3gicas para siete regiones - El Diario - Bolivia<\/title>\n<meta name=\"robots\" content=\"index, follow, max-snippet:-1, max-image-preview:large, max-video-preview:-1\" \/>\n<link rel=\"canonical\" href=\"https:\/\/www.eldiario.net\/portal\/2024\/11\/30\/anuncian-alertas-hidrologicas-y-meteorologicas-para-siete-regiones\/\" \/>\n<meta property=\"og:locale\" content=\"es_ES\" \/>\n<meta property=\"og:type\" content=\"article\" \/>\n<meta property=\"og:title\" content=\"Anuncian alertas hidrol\u00f3gicas y meteorol\u00f3gicas para siete regiones - El Diario - Bolivia\" \/>\n<meta property=\"og:description\" content=\"El Servicio Nacional de Meteorolog\u00eda e Hidrolog\u00eda (Senamhi) detall\u00f3 sobre tres alertas meteorol\u00f3gicas y dos hidrol\u00f3gicas vigentes en los departamentos de La Paz, Cochabamba, Santa Cruz, Oruro, Tarija, Chuquisaca y Potos\u00ed. Pronostican lluvias y tormentas el\u00e9ctricas el fin de semana para la regi\u00f3n pace\u00f1a. De acuerdo con los datos, las alertas advierten lluvias intensas, tormentas [&hellip;]\" \/>\n<meta property=\"og:url\" content=\"https:\/\/www.eldiario.net\/portal\/2024\/11\/30\/anuncian-alertas-hidrologicas-y-meteorologicas-para-siete-regiones\/\" \/>\n<meta property=\"og:site_name\" content=\"El Diario - Bolivia\" \/>\n<meta property=\"article:publisher\" content=\"https:\/\/www.facebook.com\/eldiario.bolivia\/\" \/>\n<meta property=\"article:published_time\" content=\"2024-11-30T10:14:06+00:00\" \/>\n<meta property=\"og:image\" content=\"https:\/\/www.eldiario.net\/portal\/wp-content\/uploads\/2023\/12\/Nacional.jpg\" \/>\n\t<meta property=\"og:image:width\" content=\"800\" \/>\n\t<meta property=\"og:image:height\" content=\"500\" \/>\n\t<meta property=\"og:image:type\" content=\"image\/jpeg\" \/>\n<meta name=\"author\" content=\"Jeanette\" \/>\n<meta name=\"twitter:card\" content=\"summary_large_image\" \/>\n<meta name=\"twitter:creator\" content=\"@eldiario_net\" \/>\n<meta name=\"twitter:site\" content=\"@eldiario_net\" \/>\n<meta name=\"twitter:label1\" content=\"Escrito por\" \/>\n\t<meta name=\"twitter:data1\" content=\"Jeanette\" \/>\n\t<meta name=\"twitter:label2\" content=\"Tiempo de lectura\" \/>\n\t<meta name=\"twitter:data2\" content=\"2 minutos\" \/>\n<script type=\"application\/ld+json\" class=\"yoast-schema-graph\">{\"@context\":\"https:\\\/\\\/schema.org\",\"@graph\":[{\"@type\":\"Article\",\"@id\":\"https:\\\/\\\/www.eldiario.net\\\/portal\\\/2024\\\/11\\\/30\\\/anuncian-alertas-hidrologicas-y-meteorologicas-para-siete-regiones\\\/#article\",\"isPartOf\":{\"@id\":\"https:\\\/\\\/www.eldiario.net\\\/portal\\\/2024\\\/11\\\/30\\\/anuncian-alertas-hidrologicas-y-meteorologicas-para-siete-regiones\\\/\"},\"author\":{\"name\":\"Jeanette\",\"@id\":\"https:\\\/\\\/www.eldiario.net\\\/portal\\\/#\\\/schema\\\/person\\\/f46445640444750d7d753ccd04ae01b7\"},\"headline\":\"Anuncian alertas hidrol\u00f3gicas y meteorol\u00f3gicas para siete regiones\",\"datePublished\":\"2024-11-30T10:14:06+00:00\",\"mainEntityOfPage\":{\"@id\":\"https:\\\/\\\/www.eldiario.net\\\/portal\\\/2024\\\/11\\\/30\\\/anuncian-alertas-hidrologicas-y-meteorologicas-para-siete-regiones\\\/\"},\"wordCount\":322,\"publisher\":{\"@id\":\"https:\\\/\\\/www.eldiario.net\\\/portal\\\/#organization\"},\"image\":{\"@id\":\"https:\\\/\\\/www.eldiario.net\\\/portal\\\/2024\\\/11\\\/30\\\/anuncian-alertas-hidrologicas-y-meteorologicas-para-siete-regiones\\\/#primaryimage\"},\"thumbnailUrl\":\"https:\\\/\\\/www.eldiario.net\\\/portal\\\/wp-content\\\/uploads\\\/2023\\\/12\\\/Nacional.jpg\",\"articleSection\":[\"Nacional\"],\"inLanguage\":\"es\"},{\"@type\":\"WebPage\",\"@id\":\"https:\\\/\\\/www.eldiario.net\\\/portal\\\/2024\\\/11\\\/30\\\/anuncian-alertas-hidrologicas-y-meteorologicas-para-siete-regiones\\\/\",\"url\":\"https:\\\/\\\/www.eldiario.net\\\/portal\\\/2024\\\/11\\\/30\\\/anuncian-alertas-hidrologicas-y-meteorologicas-para-siete-regiones\\\/\",\"name\":\"Anuncian alertas hidrol\u00f3gicas y meteorol\u00f3gicas para siete regiones - El Diario - Bolivia\",\"isPartOf\":{\"@id\":\"https:\\\/\\\/www.eldiario.net\\\/portal\\\/#website\"},\"primaryImageOfPage\":{\"@id\":\"https:\\\/\\\/www.eldiario.net\\\/portal\\\/2024\\\/11\\\/30\\\/anuncian-alertas-hidrologicas-y-meteorologicas-para-siete-regiones\\\/#primaryimage\"},\"image\":{\"@id\":\"https:\\\/\\\/www.eldiario.net\\\/portal\\\/2024\\\/11\\\/30\\\/anuncian-alertas-hidrologicas-y-meteorologicas-para-siete-regiones\\\/#primaryimage\"},\"thumbnailUrl\":\"https:\\\/\\\/www.eldiario.net\\\/portal\\\/wp-content\\\/uploads\\\/2023\\\/12\\\/Nacional.jpg\",\"datePublished\":\"2024-11-30T10:14:06+00:00\",\"breadcrumb\":{\"@id\":\"https:\\\/\\\/www.eldiario.net\\\/portal\\\/2024\\\/11\\\/30\\\/anuncian-alertas-hidrologicas-y-meteorologicas-para-siete-regiones\\\/#breadcrumb\"},\"inLanguage\":\"es\",\"potentialAction\":[{\"@type\":\"ReadAction\",\"target\":[\"https:\\\/\\\/www.eldiario.net\\\/portal\\\/2024\\\/11\\\/30\\\/anuncian-alertas-hidrologicas-y-meteorologicas-para-siete-regiones\\\/\"]}]},{\"@type\":\"ImageObject\",\"inLanguage\":\"es\",\"@id\":\"https:\\\/\\\/www.eldiario.net\\\/portal\\\/2024\\\/11\\\/30\\\/anuncian-alertas-hidrologicas-y-meteorologicas-para-siete-regiones\\\/#primaryimage\",\"url\":\"https:\\\/\\\/www.eldiario.net\\\/portal\\\/wp-content\\\/uploads\\\/2023\\\/12\\\/Nacional.jpg\",\"contentUrl\":\"https:\\\/\\\/www.eldiario.net\\\/portal\\\/wp-content\\\/uploads\\\/2023\\\/12\\\/Nacional.jpg\",\"width\":800,\"height\":500},{\"@type\":\"BreadcrumbList\",\"@id\":\"https:\\\/\\\/www.eldiario.net\\\/portal\\\/2024\\\/11\\\/30\\\/anuncian-alertas-hidrologicas-y-meteorologicas-para-siete-regiones\\\/#breadcrumb\",\"itemListElement\":[{\"@type\":\"ListItem\",\"position\":1,\"name\":\"Portada\",\"item\":\"https:\\\/\\\/www.eldiario.net\\\/portal\\\/\"},{\"@type\":\"ListItem\",\"position\":2,\"name\":\"Anuncian alertas hidrol\u00f3gicas y meteorol\u00f3gicas para siete regiones\"}]},{\"@type\":\"WebSite\",\"@id\":\"https:\\\/\\\/www.eldiario.net\\\/portal\\\/#website\",\"url\":\"https:\\\/\\\/www.eldiario.net\\\/portal\\\/\",\"name\":\"El Diario - Decano de la prensa nacional\",\"description\":\"El Diario - Decano de la prensa nacional\",\"publisher\":{\"@id\":\"https:\\\/\\\/www.eldiario.net\\\/portal\\\/#organization\"},\"potentialAction\":[{\"@type\":\"SearchAction\",\"target\":{\"@type\":\"EntryPoint\",\"urlTemplate\":\"https:\\\/\\\/www.eldiario.net\\\/portal\\\/?s={search_term_string}\"},\"query-input\":{\"@type\":\"PropertyValueSpecification\",\"valueRequired\":true,\"valueName\":\"search_term_string\"}}],\"inLanguage\":\"es\"},{\"@type\":\"Organization\",\"@id\":\"https:\\\/\\\/www.eldiario.net\\\/portal\\\/#organization\",\"name\":\"El Diario - Decano de la prensa nacional\",\"url\":\"https:\\\/\\\/www.eldiario.net\\\/portal\\\/\",\"logo\":{\"@type\":\"ImageObject\",\"inLanguage\":\"es\",\"@id\":\"https:\\\/\\\/www.eldiario.net\\\/portal\\\/#\\\/schema\\\/logo\\\/image\\\/\",\"url\":\"https:\\\/\\\/www.eldiario.net\\\/portal\\\/wp-content\\\/uploads\\\/2023\\\/07\\\/logo_ED.jpg\",\"contentUrl\":\"https:\\\/\\\/www.eldiario.net\\\/portal\\\/wp-content\\\/uploads\\\/2023\\\/07\\\/logo_ED.jpg\",\"width\":272,\"height\":52,\"caption\":\"El Diario - Decano de la prensa nacional\"},\"image\":{\"@id\":\"https:\\\/\\\/www.eldiario.net\\\/portal\\\/#\\\/schema\\\/logo\\\/image\\\/\"},\"sameAs\":[\"https:\\\/\\\/www.facebook.com\\\/eldiario.bolivia\\\/\",\"https:\\\/\\\/x.com\\\/eldiario_net\"]},{\"@type\":\"Person\",\"@id\":\"https:\\\/\\\/www.eldiario.net\\\/portal\\\/#\\\/schema\\\/person\\\/f46445640444750d7d753ccd04ae01b7\",\"name\":\"Jeanette\",\"image\":{\"@type\":\"ImageObject\",\"inLanguage\":\"es\",\"@id\":\"https:\\\/\\\/secure.gravatar.com\\\/avatar\\\/3ea2118a5f7dad2b7138b1187a6b7ee55f160b9968b66013c3a3ef39dd7e5798?s=96&d=mm&r=g\",\"url\":\"https:\\\/\\\/secure.gravatar.com\\\/avatar\\\/3ea2118a5f7dad2b7138b1187a6b7ee55f160b9968b66013c3a3ef39dd7e5798?s=96&d=mm&r=g\",\"contentUrl\":\"https:\\\/\\\/secure.gravatar.com\\\/avatar\\\/3ea2118a5f7dad2b7138b1187a6b7ee55f160b9968b66013c3a3ef39dd7e5798?s=96&d=mm&r=g\",\"caption\":\"Jeanette\"},\"sameAs\":[\"https:\\\/\\\/www.eldiario.net\\\/portal\"],\"url\":\"https:\\\/\\\/www.eldiario.net\\\/portal\\\/author\\\/jeanette\\\/\"}]}<\/script>\n<!-- \/ Yoast SEO plugin. -->","yoast_head_json":{"title":"Anuncian alertas hidrol\u00f3gicas y meteorol\u00f3gicas para siete regiones - El Diario - Bolivia","robots":{"index":"index","follow":"follow","max-snippet":"max-snippet:-1","max-image-preview":"max-image-preview:large","max-video-preview":"max-video-preview:-1"},"canonical":"https:\/\/www.eldiario.net\/portal\/2024\/11\/30\/anuncian-alertas-hidrologicas-y-meteorologicas-para-siete-regiones\/","og_locale":"es_ES","og_type":"article","og_title":"Anuncian alertas hidrol\u00f3gicas y meteorol\u00f3gicas para siete regiones - El Diario - Bolivia","og_description":"El Servicio Nacional de Meteorolog\u00eda e Hidrolog\u00eda (Senamhi) detall\u00f3 sobre tres alertas meteorol\u00f3gicas y dos hidrol\u00f3gicas vigentes en los departamentos de La Paz, Cochabamba, Santa Cruz, Oruro, Tarija, Chuquisaca y Potos\u00ed. Pronostican lluvias y tormentas el\u00e9ctricas el fin de semana para la regi\u00f3n pace\u00f1a. De acuerdo con los datos, las alertas advierten lluvias intensas, tormentas [&hellip;]","og_url":"https:\/\/www.eldiario.net\/portal\/2024\/11\/30\/anuncian-alertas-hidrologicas-y-meteorologicas-para-siete-regiones\/","og_site_name":"El Diario - Bolivia","article_publisher":"https:\/\/www.facebook.com\/eldiario.bolivia\/","article_published_time":"2024-11-30T10:14:06+00:00","og_image":[{"width":800,"height":500,"url":"https:\/\/www.eldiario.net\/portal\/wp-content\/uploads\/2023\/12\/Nacional.jpg","type":"image\/jpeg"}],"author":"Jeanette","twitter_card":"summary_large_image","twitter_creator":"@eldiario_net","twitter_site":"@eldiario_net","twitter_misc":{"Escrito por":"Jeanette","Tiempo de lectura":"2 minutos"},"schema":{"@context":"https:\/\/schema.org","@graph":[{"@type":"Article","@id":"https:\/\/www.eldiario.net\/portal\/2024\/11\/30\/anuncian-alertas-hidrologicas-y-meteorologicas-para-siete-regiones\/#article","isPartOf":{"@id":"https:\/\/www.eldiario.net\/portal\/2024\/11\/30\/anuncian-alertas-hidrologicas-y-meteorologicas-para-siete-regiones\/"},"author":{"name":"Jeanette","@id":"https:\/\/www.eldiario.net\/portal\/#\/schema\/person\/f46445640444750d7d753ccd04ae01b7"},"headline":"Anuncian alertas hidrol\u00f3gicas y meteorol\u00f3gicas para siete regiones","datePublished":"2024-11-30T10:14:06+00:00","mainEntityOfPage":{"@id":"https:\/\/www.eldiario.net\/portal\/2024\/11\/30\/anuncian-alertas-hidrologicas-y-meteorologicas-para-siete-regiones\/"},"wordCount":322,"publisher":{"@id":"https:\/\/www.eldiario.net\/portal\/#organization"},"image":{"@id":"https:\/\/www.eldiario.net\/portal\/2024\/11\/30\/anuncian-alertas-hidrologicas-y-meteorologicas-para-siete-regiones\/#primaryimage"},"thumbnailUrl":"https:\/\/www.eldiario.net\/portal\/wp-content\/uploads\/2023\/12\/Nacional.jpg","articleSection":["Nacional"],"inLanguage":"es"},{"@type":"WebPage","@id":"https:\/\/www.eldiario.net\/portal\/2024\/11\/30\/anuncian-alertas-hidrologicas-y-meteorologicas-para-siete-regiones\/","url":"https:\/\/www.eldiario.net\/portal\/2024\/11\/30\/anuncian-alertas-hidrologicas-y-meteorologicas-para-siete-regiones\/","name":"Anuncian alertas hidrol\u00f3gicas y meteorol\u00f3gicas para siete regiones - El Diario - Bolivia","isPartOf":{"@id":"https:\/\/www.eldiario.net\/portal\/#website"},"primaryImageOfPage":{"@id":"https:\/\/www.eldiario.net\/portal\/2024\/11\/30\/anuncian-alertas-hidrologicas-y-meteorologicas-para-siete-regiones\/#primaryimage"},"image":{"@id":"https:\/\/www.eldiario.net\/portal\/2024\/11\/30\/anuncian-alertas-hidrologicas-y-meteorologicas-para-siete-regiones\/#primaryimage"},"thumbnailUrl":"https:\/\/www.eldiario.net\/portal\/wp-content\/uploads\/2023\/12\/Nacional.jpg","datePublished":"2024-11-30T10:14:06+00:00","breadcrumb":{"@id":"https:\/\/www.eldiario.net\/portal\/2024\/11\/30\/anuncian-alertas-hidrologicas-y-meteorologicas-para-siete-regiones\/#breadcrumb"},"inLanguage":"es","potentialAction":[{"@type":"ReadAction","target":["https:\/\/www.eldiario.net\/portal\/2024\/11\/30\/anuncian-alertas-hidrologicas-y-meteorologicas-para-siete-regiones\/"]}]},{"@type":"ImageObject","inLanguage":"es","@id":"https:\/\/www.eldiario.net\/portal\/2024\/11\/30\/anuncian-alertas-hidrologicas-y-meteorologicas-para-siete-regiones\/#primaryimage","url":"https:\/\/www.eldiario.net\/portal\/wp-content\/uploads\/2023\/12\/Nacional.jpg","contentUrl":"https:\/\/www.eldiario.net\/portal\/wp-content\/uploads\/2023\/12\/Nacional.jpg","width":800,"height":500},{"@type":"BreadcrumbList","@id":"https:\/\/www.eldiario.net\/portal\/2024\/11\/30\/anuncian-alertas-hidrologicas-y-meteorologicas-para-siete-regiones\/#breadcrumb","itemListElement":[{"@type":"ListItem","position":1,"name":"Portada","item":"https:\/\/www.eldiario.net\/portal\/"},{"@type":"ListItem","position":2,"name":"Anuncian alertas hidrol\u00f3gicas y meteorol\u00f3gicas para siete regiones"}]},{"@type":"WebSite","@id":"https:\/\/www.eldiario.net\/portal\/#website","url":"https:\/\/www.eldiario.net\/portal\/","name":"El Diario - Decano de la prensa nacional","description":"El Diario - Decano de la prensa nacional","publisher":{"@id":"https:\/\/www.eldiario.net\/portal\/#organization"},"potentialAction":[{"@type":"SearchAction","target":{"@type":"EntryPoint","urlTemplate":"https:\/\/www.eldiario.net\/portal\/?s={search_term_string}"},"query-input":{"@type":"PropertyValueSpecification","valueRequired":true,"valueName":"search_term_string"}}],"inLanguage":"es"},{"@type":"Organization","@id":"https:\/\/www.eldiario.net\/portal\/#organization","name":"El Diario - Decano de la prensa nacional","url":"https:\/\/www.eldiario.net\/portal\/","logo":{"@type":"ImageObject","inLanguage":"es","@id":"https:\/\/www.eldiario.net\/portal\/#\/schema\/logo\/image\/","url":"https:\/\/www.eldiario.net\/portal\/wp-content\/uploads\/2023\/07\/logo_ED.jpg","contentUrl":"https:\/\/www.eldiario.net\/portal\/wp-content\/uploads\/2023\/07\/logo_ED.jpg","width":272,"height":52,"caption":"El Diario - Decano de la prensa nacional"},"image":{"@id":"https:\/\/www.eldiario.net\/portal\/#\/schema\/logo\/image\/"},"sameAs":["https:\/\/www.facebook.com\/eldiario.bolivia\/","https:\/\/x.com\/eldiario_net"]},{"@type":"Person","@id":"https:\/\/www.eldiario.net\/portal\/#\/schema\/person\/f46445640444750d7d753ccd04ae01b7","name":"Jeanette","image":{"@type":"ImageObject","inLanguage":"es","@id":"https:\/\/secure.gravatar.com\/avatar\/3ea2118a5f7dad2b7138b1187a6b7ee55f160b9968b66013c3a3ef39dd7e5798?s=96&d=mm&r=g","url":"https:\/\/secure.gravatar.com\/avatar\/3ea2118a5f7dad2b7138b1187a6b7ee55f160b9968b66013c3a3ef39dd7e5798?s=96&d=mm&r=g","contentUrl":"https:\/\/secure.gravatar.com\/avatar\/3ea2118a5f7dad2b7138b1187a6b7ee55f160b9968b66013c3a3ef39dd7e5798?s=96&d=mm&r=g","caption":"Jeanette"},"sameAs":["https:\/\/www.eldiario.net\/portal"],"url":"https:\/\/www.eldiario.net\/portal\/author\/jeanette\/"}]}},"_links":{"self":[{"href":"https:\/\/www.eldiario.net\/portal\/wp-json\/wp\/v2\/posts\/264654","targetHints":{"allow":["GET"]}}],"collection":[{"href":"https:\/\/www.eldiario.net\/portal\/wp-json\/wp\/v2\/posts"}],"about":[{"href":"https:\/\/www.eldiario.net\/portal\/wp-json\/wp\/v2\/types\/post"}],"author":[{"embeddable":true,"href":"https:\/\/www.eldiario.net\/portal\/wp-json\/wp\/v2\/users\/1"}],"replies":[{"embeddable":true,"href":"https:\/\/www.eldiario.net\/portal\/wp-json\/wp\/v2\/comments?post=264654"}],"version-history":[{"count":1,"href":"https:\/\/www.eldiario.net\/portal\/wp-json\/wp\/v2\/posts\/264654\/revisions"}],"predecessor-version":[{"id":264655,"href":"https:\/\/www.eldiario.net\/portal\/wp-json\/wp\/v2\/posts\/264654\/revisions\/264655"}],"wp:featuredmedia":[{"embeddable":true,"href":"https:\/\/www.eldiario.net\/portal\/wp-json\/wp\/v2\/media\/194726"}],"wp:attachment":[{"href":"https:\/\/www.eldiario.net\/portal\/wp-json\/wp\/v2\/media?parent=264654"}],"wp:term":[{"taxonomy":"category","embeddable":true,"href":"https:\/\/www.eldiario.net\/portal\/wp-json\/wp\/v2\/categories?post=264654"},{"taxonomy":"post_tag","embeddable":true,"href":"https:\/\/www.eldiario.net\/portal\/wp-json\/wp\/v2\/tags?post=264654"}],"curies":[{"name":"wp","href":"https:\/\/api.w.org\/{rel}","templated":true}]}}