{"id":264650,"date":"2024-11-30T06:13:04","date_gmt":"2024-11-30T10:13:04","guid":{"rendered":"https:\/\/www.eldiario.net\/portal\/?p=264650"},"modified":"2024-11-30T06:13:30","modified_gmt":"2024-11-30T10:13:30","slug":"jose-mujica-lanza-duras-criticas-a-lideres-de-regimenes-autoritarios","status":"publish","type":"post","link":"https:\/\/www.eldiario.net\/portal\/2024\/11\/30\/jose-mujica-lanza-duras-criticas-a-lideres-de-regimenes-autoritarios\/","title":{"rendered":"Jos\u00e9 Mujica lanza duras cr\u00edticas a l\u00edderes de \u201creg\u00edmenes autoritarios\u201d"},"content":{"rendered":"<p>El expresidente uruguayo Jos\u00e9 \u201cPepe\u201d Mujica, cree que el cambio llegar\u00e1 \u201cde adentro\u201d en Venezuela \u201cen alg\u00fan momento\u201d, afirm\u00f3 en una entrevista con la agencia de noticias Afp.<br \/>\n\u201cTengo \u00edntima discrepancia con los reg\u00edmenes autoritarios. Lo que no avalo es la intervenci\u00f3n de afuera. Los problemas de Venezuela los tienen que resolver los venezolanos. Y en todo caso hay que ayudarlos. Pero no meterse\u201d, se\u00f1al\u00f3 el exmandatario (2010-2015).<br \/>\n\u201cVa a haber alguna evoluci\u00f3n de adentro de Venezuela en alg\u00fan momento\u201d, asegur\u00f3.<br \/>\nMujica neg\u00f3 que el r\u00e9gimen de Maduro, en el poder desde 2013, sea de izquierda o comparable al de su antecesor, el fallecido expresidente Hugo Ch\u00e1vez (1999-2013). \u201cAlgunos de los chavistas est\u00e1n afuera de eso y much\u00edsimos est\u00e1n perseguidos en el mundo\u201d, subray\u00f3.<br \/>\nMujica, un exguerrillero que abraz\u00f3 la democracia tras pasar 14 a\u00f1os preso, la mayor parte durante la dictadura (1973-1985), tambi\u00e9n deplor\u00f3 el \u201cautoritarismo\u201d de Nicaragua bajo Daniel Ortega y su esposa Rosario Murillo, que lucharon contra la dictadura de Anastasio Somoza (1937-1979), gobernaron en los a\u00f1os 1980 con el FSLN, y volvieron al poder desde 2007.<br \/>\n\u201cLo de Nicaragua no tiene gollete (sentido)\u201d, sostuvo. \u201cEs incre\u00edble la revoluci\u00f3n sandinista en qu\u00e9 desemboca, en la vieja esa llena de piedras y de cosas. Es monstruoso (&#8230;). Era una revoluci\u00f3n so\u00f1adora contra Somoza\u201d.<br \/>\n\u201cA los cubanos los pongo aparte. No porque tengan raz\u00f3n. Es que definieron hace como 70 a\u00f1os la dictadura del proletariado y un partido \u00fanico. Y nosotros tenemos relaciones con China y con Vietnam, y no nos hacemos ning\u00fan problema. Entonces banquemos esa situaci\u00f3n. Yo no estoy de acuerdo con eso, porque no da resultado\u201d, indic\u00f3 Mujica.<br \/>\nAsimismo, agreg\u00f3 que \u201clo que m\u00e1s me revienta es cuando juegan a la democracia y despu\u00e9s le hacen fraude. Eso es insoportable\u201d.<br \/>\n\u201cEl autoritarismo en Am\u00e9rica Latina es un paso atr\u00e1s. Lo vivimos hist\u00f3ricamente cuando Estados Unidos se met\u00eda en todos lados\u201d, opin\u00f3 Mujica. \u201cPero ahora nosotros hacemos frangolladas tambi\u00e9n\u201d.<br \/>\nMujica cuestion\u00f3 al expresidente boliviano, Evo Morales (2006-2019), enfrentado por el control de la izquierda oficialista con el mandatario Luis Arce, a quien acusa de querer \u201cproscribirlo\u201d de la carrera electoral utilizando el sistema de justicia.<br \/>\n\u201cEn la vida hay un tiempo para llegar y otro tiempo para irse (&#8230;). Lo de Evo es inconcebible\u201d, reproch\u00f3 y tambi\u00e9n critic\u00f3 a la argentina Cristina Kirchner, dos veces presidenta (2007-2015) y vicepresidenta entre 2019 y 2023.<br \/>\n\u201cAh\u00ed est\u00e1 la vieja Kirchner en la Argentina, al frente del peronismo. En lugar de ponerse de vieja consejera y dejar nuevas generaciones, no, est\u00e1 molestando ah\u00ed. \u00a1C\u00f3mo les cuesta largar el pastel!\u201d, exclam\u00f3 Mujica.<br \/>\nEl expresidente uruguayo tambi\u00e9n ve con preocupaci\u00f3n que su \u201cviejo amigo\u201d Luiz In\u00e1cio Lula da Silva, que gobierna por tercera vez Brasil, no tenga sucesor en vista.<br \/>\n\u201cLula est\u00e1 cerca de los 80 a\u00f1os. Y no tiene repuesto. Esa es la desgracia de Brasil\u201d, expres\u00f3 Mujica.<\/p>\n<p>ACUERDO MERCOSUR-UE<br \/>\nPor otro lado, el expresidente uruguayo vaticin\u00f3 el fracaso del acuerdo comercial que buscan finalizar la Uni\u00f3n Europea (UE) y el Mercosur, tras 25 a\u00f1os de negociaciones y al que se opone f\u00e9rreamente Francia.<br \/>\n\u201cNo sale ni en el a\u00f1o del golero. Porque los campesinos franceses no quieren. Y los campesinos franceses dominan la cultura francesa\u201d, asever\u00f3 Mujica.<br \/>\nEl exmandatario reconoci\u00f3 que si fuera franc\u00e9s estar\u00eda del lado de los agricultores. \u201cPero como no soy franc\u00e9s, no me conviene\u201d, dijo. (Infobae)<\/p>\n","protected":false},"excerpt":{"rendered":"<p>El expresidente uruguayo Jos\u00e9 \u201cPepe\u201d Mujica, cree que el cambio llegar\u00e1 \u201cde adentro\u201d en Venezuela \u201cen alg\u00fan momento\u201d, afirm\u00f3 en una entrevista con la agencia de noticias Afp. \u201cTengo \u00edntima discrepancia con los reg\u00edmenes autoritarios. Lo que no avalo es la intervenci\u00f3n de afuera. Los problemas de Venezuela los tienen que resolver los venezolanos. Y [&hellip;]<\/p>\n","protected":false},"author":1,"featured_media":264651,"comment_status":"closed","ping_status":"open","sticky":false,"template":"","format":"standard","meta":{"_acf_changed":false,"footnotes":""},"categories":[3],"tags":[],"class_list":["post-264650","post","type-post","status-publish","format-standard","has-post-thumbnail","category-internacional"],"acf":{"antetitulo":"Uruguay"},"yoast_head":"<!-- This site is optimized with the Yoast SEO plugin v28.3 - https:\/\/yoast.com\/product\/yoast-seo-wordpress\/ -->\n<title>Jos\u00e9 Mujica lanza duras cr\u00edticas a l\u00edderes de \u201creg\u00edmenes autoritarios\u201d - El Diario - Bolivia<\/title>\n<meta name=\"robots\" content=\"index, follow, max-snippet:-1, max-image-preview:large, max-video-preview:-1\" \/>\n<link rel=\"canonical\" href=\"https:\/\/www.eldiario.net\/portal\/2024\/11\/30\/jose-mujica-lanza-duras-criticas-a-lideres-de-regimenes-autoritarios\/\" \/>\n<meta property=\"og:locale\" content=\"es_ES\" \/>\n<meta property=\"og:type\" content=\"article\" \/>\n<meta property=\"og:title\" content=\"Jos\u00e9 Mujica lanza duras cr\u00edticas a l\u00edderes de \u201creg\u00edmenes autoritarios\u201d - El Diario - Bolivia\" \/>\n<meta property=\"og:description\" content=\"El expresidente uruguayo Jos\u00e9 \u201cPepe\u201d Mujica, cree que el cambio llegar\u00e1 \u201cde adentro\u201d en Venezuela \u201cen alg\u00fan momento\u201d, afirm\u00f3 en una entrevista con la agencia de noticias Afp. \u201cTengo \u00edntima discrepancia con los reg\u00edmenes autoritarios. Lo que no avalo es la intervenci\u00f3n de afuera. Los problemas de Venezuela los tienen que resolver los venezolanos. Y [&hellip;]\" \/>\n<meta property=\"og:url\" content=\"https:\/\/www.eldiario.net\/portal\/2024\/11\/30\/jose-mujica-lanza-duras-criticas-a-lideres-de-regimenes-autoritarios\/\" \/>\n<meta property=\"og:site_name\" content=\"El Diario - Bolivia\" \/>\n<meta property=\"article:publisher\" content=\"https:\/\/www.facebook.com\/eldiario.bolivia\/\" \/>\n<meta property=\"article:published_time\" content=\"2024-11-30T10:13:04+00:00\" \/>\n<meta property=\"article:modified_time\" content=\"2024-11-30T10:13:30+00:00\" \/>\n<meta property=\"og:image\" content=\"https:\/\/www.eldiario.net\/portal\/wp-content\/uploads\/2024\/11\/MUJICA-AFP-2.jpg\" \/>\n\t<meta property=\"og:image:width\" content=\"992\" \/>\n\t<meta property=\"og:image:height\" content=\"558\" \/>\n\t<meta property=\"og:image:type\" content=\"image\/jpeg\" \/>\n<meta name=\"author\" content=\"Jeanette\" \/>\n<meta name=\"twitter:card\" content=\"summary_large_image\" \/>\n<meta name=\"twitter:creator\" content=\"@eldiario_net\" \/>\n<meta name=\"twitter:site\" content=\"@eldiario_net\" \/>\n<meta name=\"twitter:label1\" content=\"Escrito por\" \/>\n\t<meta name=\"twitter:data1\" content=\"Jeanette\" \/>\n\t<meta name=\"twitter:label2\" content=\"Tiempo de lectura\" \/>\n\t<meta name=\"twitter:data2\" content=\"3 minutos\" \/>\n<script type=\"application\/ld+json\" class=\"yoast-schema-graph\">{\"@context\":\"https:\\\/\\\/schema.org\",\"@graph\":[{\"@type\":\"Article\",\"@id\":\"https:\\\/\\\/www.eldiario.net\\\/portal\\\/2024\\\/11\\\/30\\\/jose-mujica-lanza-duras-criticas-a-lideres-de-regimenes-autoritarios\\\/#article\",\"isPartOf\":{\"@id\":\"https:\\\/\\\/www.eldiario.net\\\/portal\\\/2024\\\/11\\\/30\\\/jose-mujica-lanza-duras-criticas-a-lideres-de-regimenes-autoritarios\\\/\"},\"author\":{\"name\":\"Jeanette\",\"@id\":\"https:\\\/\\\/www.eldiario.net\\\/portal\\\/#\\\/schema\\\/person\\\/f46445640444750d7d753ccd04ae01b7\"},\"headline\":\"Jos\u00e9 Mujica lanza duras cr\u00edticas a l\u00edderes de \u201creg\u00edmenes autoritarios\u201d\",\"datePublished\":\"2024-11-30T10:13:04+00:00\",\"dateModified\":\"2024-11-30T10:13:30+00:00\",\"mainEntityOfPage\":{\"@id\":\"https:\\\/\\\/www.eldiario.net\\\/portal\\\/2024\\\/11\\\/30\\\/jose-mujica-lanza-duras-criticas-a-lideres-de-regimenes-autoritarios\\\/\"},\"wordCount\":604,\"publisher\":{\"@id\":\"https:\\\/\\\/www.eldiario.net\\\/portal\\\/#organization\"},\"image\":{\"@id\":\"https:\\\/\\\/www.eldiario.net\\\/portal\\\/2024\\\/11\\\/30\\\/jose-mujica-lanza-duras-criticas-a-lideres-de-regimenes-autoritarios\\\/#primaryimage\"},\"thumbnailUrl\":\"https:\\\/\\\/www.eldiario.net\\\/portal\\\/wp-content\\\/uploads\\\/2024\\\/11\\\/MUJICA-AFP-2.jpg\",\"articleSection\":[\"Internacional\"],\"inLanguage\":\"es\"},{\"@type\":\"WebPage\",\"@id\":\"https:\\\/\\\/www.eldiario.net\\\/portal\\\/2024\\\/11\\\/30\\\/jose-mujica-lanza-duras-criticas-a-lideres-de-regimenes-autoritarios\\\/\",\"url\":\"https:\\\/\\\/www.eldiario.net\\\/portal\\\/2024\\\/11\\\/30\\\/jose-mujica-lanza-duras-criticas-a-lideres-de-regimenes-autoritarios\\\/\",\"name\":\"Jos\u00e9 Mujica lanza duras cr\u00edticas a l\u00edderes de \u201creg\u00edmenes autoritarios\u201d - El Diario - Bolivia\",\"isPartOf\":{\"@id\":\"https:\\\/\\\/www.eldiario.net\\\/portal\\\/#website\"},\"primaryImageOfPage\":{\"@id\":\"https:\\\/\\\/www.eldiario.net\\\/portal\\\/2024\\\/11\\\/30\\\/jose-mujica-lanza-duras-criticas-a-lideres-de-regimenes-autoritarios\\\/#primaryimage\"},\"image\":{\"@id\":\"https:\\\/\\\/www.eldiario.net\\\/portal\\\/2024\\\/11\\\/30\\\/jose-mujica-lanza-duras-criticas-a-lideres-de-regimenes-autoritarios\\\/#primaryimage\"},\"thumbnailUrl\":\"https:\\\/\\\/www.eldiario.net\\\/portal\\\/wp-content\\\/uploads\\\/2024\\\/11\\\/MUJICA-AFP-2.jpg\",\"datePublished\":\"2024-11-30T10:13:04+00:00\",\"dateModified\":\"2024-11-30T10:13:30+00:00\",\"breadcrumb\":{\"@id\":\"https:\\\/\\\/www.eldiario.net\\\/portal\\\/2024\\\/11\\\/30\\\/jose-mujica-lanza-duras-criticas-a-lideres-de-regimenes-autoritarios\\\/#breadcrumb\"},\"inLanguage\":\"es\",\"potentialAction\":[{\"@type\":\"ReadAction\",\"target\":[\"https:\\\/\\\/www.eldiario.net\\\/portal\\\/2024\\\/11\\\/30\\\/jose-mujica-lanza-duras-criticas-a-lideres-de-regimenes-autoritarios\\\/\"]}]},{\"@type\":\"ImageObject\",\"inLanguage\":\"es\",\"@id\":\"https:\\\/\\\/www.eldiario.net\\\/portal\\\/2024\\\/11\\\/30\\\/jose-mujica-lanza-duras-criticas-a-lideres-de-regimenes-autoritarios\\\/#primaryimage\",\"url\":\"https:\\\/\\\/www.eldiario.net\\\/portal\\\/wp-content\\\/uploads\\\/2024\\\/11\\\/MUJICA-AFP-2.jpg\",\"contentUrl\":\"https:\\\/\\\/www.eldiario.net\\\/portal\\\/wp-content\\\/uploads\\\/2024\\\/11\\\/MUJICA-AFP-2.jpg\",\"width\":992,\"height\":558,\"caption\":\"El expresidente uruguayo, Jos\u00e9 \u201cPep\u00e9\u201d Mujica.\"},{\"@type\":\"BreadcrumbList\",\"@id\":\"https:\\\/\\\/www.eldiario.net\\\/portal\\\/2024\\\/11\\\/30\\\/jose-mujica-lanza-duras-criticas-a-lideres-de-regimenes-autoritarios\\\/#breadcrumb\",\"itemListElement\":[{\"@type\":\"ListItem\",\"position\":1,\"name\":\"Portada\",\"item\":\"https:\\\/\\\/www.eldiario.net\\\/portal\\\/\"},{\"@type\":\"ListItem\",\"position\":2,\"name\":\"Jos\u00e9 Mujica lanza duras cr\u00edticas a l\u00edderes de \u201creg\u00edmenes autoritarios\u201d\"}]},{\"@type\":\"WebSite\",\"@id\":\"https:\\\/\\\/www.eldiario.net\\\/portal\\\/#website\",\"url\":\"https:\\\/\\\/www.eldiario.net\\\/portal\\\/\",\"name\":\"El Diario - Decano de la prensa nacional\",\"description\":\"El Diario - Decano de la prensa nacional\",\"publisher\":{\"@id\":\"https:\\\/\\\/www.eldiario.net\\\/portal\\\/#organization\"},\"potentialAction\":[{\"@type\":\"SearchAction\",\"target\":{\"@type\":\"EntryPoint\",\"urlTemplate\":\"https:\\\/\\\/www.eldiario.net\\\/portal\\\/?s={search_term_string}\"},\"query-input\":{\"@type\":\"PropertyValueSpecification\",\"valueRequired\":true,\"valueName\":\"search_term_string\"}}],\"inLanguage\":\"es\"},{\"@type\":\"Organization\",\"@id\":\"https:\\\/\\\/www.eldiario.net\\\/portal\\\/#organization\",\"name\":\"El Diario - Decano de la prensa nacional\",\"url\":\"https:\\\/\\\/www.eldiario.net\\\/portal\\\/\",\"logo\":{\"@type\":\"ImageObject\",\"inLanguage\":\"es\",\"@id\":\"https:\\\/\\\/www.eldiario.net\\\/portal\\\/#\\\/schema\\\/logo\\\/image\\\/\",\"url\":\"https:\\\/\\\/www.eldiario.net\\\/portal\\\/wp-content\\\/uploads\\\/2023\\\/07\\\/logo_ED.jpg\",\"contentUrl\":\"https:\\\/\\\/www.eldiario.net\\\/portal\\\/wp-content\\\/uploads\\\/2023\\\/07\\\/logo_ED.jpg\",\"width\":272,\"height\":52,\"caption\":\"El Diario - Decano de la prensa nacional\"},\"image\":{\"@id\":\"https:\\\/\\\/www.eldiario.net\\\/portal\\\/#\\\/schema\\\/logo\\\/image\\\/\"},\"sameAs\":[\"https:\\\/\\\/www.facebook.com\\\/eldiario.bolivia\\\/\",\"https:\\\/\\\/x.com\\\/eldiario_net\"]},{\"@type\":\"Person\",\"@id\":\"https:\\\/\\\/www.eldiario.net\\\/portal\\\/#\\\/schema\\\/person\\\/f46445640444750d7d753ccd04ae01b7\",\"name\":\"Jeanette\",\"image\":{\"@type\":\"ImageObject\",\"inLanguage\":\"es\",\"@id\":\"https:\\\/\\\/secure.gravatar.com\\\/avatar\\\/3ea2118a5f7dad2b7138b1187a6b7ee55f160b9968b66013c3a3ef39dd7e5798?s=96&d=mm&r=g\",\"url\":\"https:\\\/\\\/secure.gravatar.com\\\/avatar\\\/3ea2118a5f7dad2b7138b1187a6b7ee55f160b9968b66013c3a3ef39dd7e5798?s=96&d=mm&r=g\",\"contentUrl\":\"https:\\\/\\\/secure.gravatar.com\\\/avatar\\\/3ea2118a5f7dad2b7138b1187a6b7ee55f160b9968b66013c3a3ef39dd7e5798?s=96&d=mm&r=g\",\"caption\":\"Jeanette\"},\"sameAs\":[\"https:\\\/\\\/www.eldiario.net\\\/portal\"],\"url\":\"https:\\\/\\\/www.eldiario.net\\\/portal\\\/author\\\/jeanette\\\/\"}]}<\/script>\n<!-- \/ Yoast SEO plugin. -->","yoast_head_json":{"title":"Jos\u00e9 Mujica lanza duras cr\u00edticas a l\u00edderes de \u201creg\u00edmenes autoritarios\u201d - El Diario - Bolivia","robots":{"index":"index","follow":"follow","max-snippet":"max-snippet:-1","max-image-preview":"max-image-preview:large","max-video-preview":"max-video-preview:-1"},"canonical":"https:\/\/www.eldiario.net\/portal\/2024\/11\/30\/jose-mujica-lanza-duras-criticas-a-lideres-de-regimenes-autoritarios\/","og_locale":"es_ES","og_type":"article","og_title":"Jos\u00e9 Mujica lanza duras cr\u00edticas a l\u00edderes de \u201creg\u00edmenes autoritarios\u201d - El Diario - Bolivia","og_description":"El expresidente uruguayo Jos\u00e9 \u201cPepe\u201d Mujica, cree que el cambio llegar\u00e1 \u201cde adentro\u201d en Venezuela \u201cen alg\u00fan momento\u201d, afirm\u00f3 en una entrevista con la agencia de noticias Afp. \u201cTengo \u00edntima discrepancia con los reg\u00edmenes autoritarios. Lo que no avalo es la intervenci\u00f3n de afuera. Los problemas de Venezuela los tienen que resolver los venezolanos. Y [&hellip;]","og_url":"https:\/\/www.eldiario.net\/portal\/2024\/11\/30\/jose-mujica-lanza-duras-criticas-a-lideres-de-regimenes-autoritarios\/","og_site_name":"El Diario - Bolivia","article_publisher":"https:\/\/www.facebook.com\/eldiario.bolivia\/","article_published_time":"2024-11-30T10:13:04+00:00","article_modified_time":"2024-11-30T10:13:30+00:00","og_image":[{"width":992,"height":558,"url":"https:\/\/www.eldiario.net\/portal\/wp-content\/uploads\/2024\/11\/MUJICA-AFP-2.jpg","type":"image\/jpeg"}],"author":"Jeanette","twitter_card":"summary_large_image","twitter_creator":"@eldiario_net","twitter_site":"@eldiario_net","twitter_misc":{"Escrito por":"Jeanette","Tiempo de lectura":"3 minutos"},"schema":{"@context":"https:\/\/schema.org","@graph":[{"@type":"Article","@id":"https:\/\/www.eldiario.net\/portal\/2024\/11\/30\/jose-mujica-lanza-duras-criticas-a-lideres-de-regimenes-autoritarios\/#article","isPartOf":{"@id":"https:\/\/www.eldiario.net\/portal\/2024\/11\/30\/jose-mujica-lanza-duras-criticas-a-lideres-de-regimenes-autoritarios\/"},"author":{"name":"Jeanette","@id":"https:\/\/www.eldiario.net\/portal\/#\/schema\/person\/f46445640444750d7d753ccd04ae01b7"},"headline":"Jos\u00e9 Mujica lanza duras cr\u00edticas a l\u00edderes de \u201creg\u00edmenes autoritarios\u201d","datePublished":"2024-11-30T10:13:04+00:00","dateModified":"2024-11-30T10:13:30+00:00","mainEntityOfPage":{"@id":"https:\/\/www.eldiario.net\/portal\/2024\/11\/30\/jose-mujica-lanza-duras-criticas-a-lideres-de-regimenes-autoritarios\/"},"wordCount":604,"publisher":{"@id":"https:\/\/www.eldiario.net\/portal\/#organization"},"image":{"@id":"https:\/\/www.eldiario.net\/portal\/2024\/11\/30\/jose-mujica-lanza-duras-criticas-a-lideres-de-regimenes-autoritarios\/#primaryimage"},"thumbnailUrl":"https:\/\/www.eldiario.net\/portal\/wp-content\/uploads\/2024\/11\/MUJICA-AFP-2.jpg","articleSection":["Internacional"],"inLanguage":"es"},{"@type":"WebPage","@id":"https:\/\/www.eldiario.net\/portal\/2024\/11\/30\/jose-mujica-lanza-duras-criticas-a-lideres-de-regimenes-autoritarios\/","url":"https:\/\/www.eldiario.net\/portal\/2024\/11\/30\/jose-mujica-lanza-duras-criticas-a-lideres-de-regimenes-autoritarios\/","name":"Jos\u00e9 Mujica lanza duras cr\u00edticas a l\u00edderes de \u201creg\u00edmenes autoritarios\u201d - El Diario - Bolivia","isPartOf":{"@id":"https:\/\/www.eldiario.net\/portal\/#website"},"primaryImageOfPage":{"@id":"https:\/\/www.eldiario.net\/portal\/2024\/11\/30\/jose-mujica-lanza-duras-criticas-a-lideres-de-regimenes-autoritarios\/#primaryimage"},"image":{"@id":"https:\/\/www.eldiario.net\/portal\/2024\/11\/30\/jose-mujica-lanza-duras-criticas-a-lideres-de-regimenes-autoritarios\/#primaryimage"},"thumbnailUrl":"https:\/\/www.eldiario.net\/portal\/wp-content\/uploads\/2024\/11\/MUJICA-AFP-2.jpg","datePublished":"2024-11-30T10:13:04+00:00","dateModified":"2024-11-30T10:13:30+00:00","breadcrumb":{"@id":"https:\/\/www.eldiario.net\/portal\/2024\/11\/30\/jose-mujica-lanza-duras-criticas-a-lideres-de-regimenes-autoritarios\/#breadcrumb"},"inLanguage":"es","potentialAction":[{"@type":"ReadAction","target":["https:\/\/www.eldiario.net\/portal\/2024\/11\/30\/jose-mujica-lanza-duras-criticas-a-lideres-de-regimenes-autoritarios\/"]}]},{"@type":"ImageObject","inLanguage":"es","@id":"https:\/\/www.eldiario.net\/portal\/2024\/11\/30\/jose-mujica-lanza-duras-criticas-a-lideres-de-regimenes-autoritarios\/#primaryimage","url":"https:\/\/www.eldiario.net\/portal\/wp-content\/uploads\/2024\/11\/MUJICA-AFP-2.jpg","contentUrl":"https:\/\/www.eldiario.net\/portal\/wp-content\/uploads\/2024\/11\/MUJICA-AFP-2.jpg","width":992,"height":558,"caption":"El expresidente uruguayo, Jos\u00e9 \u201cPep\u00e9\u201d Mujica."},{"@type":"BreadcrumbList","@id":"https:\/\/www.eldiario.net\/portal\/2024\/11\/30\/jose-mujica-lanza-duras-criticas-a-lideres-de-regimenes-autoritarios\/#breadcrumb","itemListElement":[{"@type":"ListItem","position":1,"name":"Portada","item":"https:\/\/www.eldiario.net\/portal\/"},{"@type":"ListItem","position":2,"name":"Jos\u00e9 Mujica lanza duras cr\u00edticas a l\u00edderes de \u201creg\u00edmenes autoritarios\u201d"}]},{"@type":"WebSite","@id":"https:\/\/www.eldiario.net\/portal\/#website","url":"https:\/\/www.eldiario.net\/portal\/","name":"El Diario - Decano de la prensa nacional","description":"El Diario - Decano de la prensa nacional","publisher":{"@id":"https:\/\/www.eldiario.net\/portal\/#organization"},"potentialAction":[{"@type":"SearchAction","target":{"@type":"EntryPoint","urlTemplate":"https:\/\/www.eldiario.net\/portal\/?s={search_term_string}"},"query-input":{"@type":"PropertyValueSpecification","valueRequired":true,"valueName":"search_term_string"}}],"inLanguage":"es"},{"@type":"Organization","@id":"https:\/\/www.eldiario.net\/portal\/#organization","name":"El Diario - Decano de la prensa nacional","url":"https:\/\/www.eldiario.net\/portal\/","logo":{"@type":"ImageObject","inLanguage":"es","@id":"https:\/\/www.eldiario.net\/portal\/#\/schema\/logo\/image\/","url":"https:\/\/www.eldiario.net\/portal\/wp-content\/uploads\/2023\/07\/logo_ED.jpg","contentUrl":"https:\/\/www.eldiario.net\/portal\/wp-content\/uploads\/2023\/07\/logo_ED.jpg","width":272,"height":52,"caption":"El Diario - Decano de la prensa nacional"},"image":{"@id":"https:\/\/www.eldiario.net\/portal\/#\/schema\/logo\/image\/"},"sameAs":["https:\/\/www.facebook.com\/eldiario.bolivia\/","https:\/\/x.com\/eldiario_net"]},{"@type":"Person","@id":"https:\/\/www.eldiario.net\/portal\/#\/schema\/person\/f46445640444750d7d753ccd04ae01b7","name":"Jeanette","image":{"@type":"ImageObject","inLanguage":"es","@id":"https:\/\/secure.gravatar.com\/avatar\/3ea2118a5f7dad2b7138b1187a6b7ee55f160b9968b66013c3a3ef39dd7e5798?s=96&d=mm&r=g","url":"https:\/\/secure.gravatar.com\/avatar\/3ea2118a5f7dad2b7138b1187a6b7ee55f160b9968b66013c3a3ef39dd7e5798?s=96&d=mm&r=g","contentUrl":"https:\/\/secure.gravatar.com\/avatar\/3ea2118a5f7dad2b7138b1187a6b7ee55f160b9968b66013c3a3ef39dd7e5798?s=96&d=mm&r=g","caption":"Jeanette"},"sameAs":["https:\/\/www.eldiario.net\/portal"],"url":"https:\/\/www.eldiario.net\/portal\/author\/jeanette\/"}]}},"_links":{"self":[{"href":"https:\/\/www.eldiario.net\/portal\/wp-json\/wp\/v2\/posts\/264650","targetHints":{"allow":["GET"]}}],"collection":[{"href":"https:\/\/www.eldiario.net\/portal\/wp-json\/wp\/v2\/posts"}],"about":[{"href":"https:\/\/www.eldiario.net\/portal\/wp-json\/wp\/v2\/types\/post"}],"author":[{"embeddable":true,"href":"https:\/\/www.eldiario.net\/portal\/wp-json\/wp\/v2\/users\/1"}],"replies":[{"embeddable":true,"href":"https:\/\/www.eldiario.net\/portal\/wp-json\/wp\/v2\/comments?post=264650"}],"version-history":[{"count":1,"href":"https:\/\/www.eldiario.net\/portal\/wp-json\/wp\/v2\/posts\/264650\/revisions"}],"predecessor-version":[{"id":264652,"href":"https:\/\/www.eldiario.net\/portal\/wp-json\/wp\/v2\/posts\/264650\/revisions\/264652"}],"wp:featuredmedia":[{"embeddable":true,"href":"https:\/\/www.eldiario.net\/portal\/wp-json\/wp\/v2\/media\/264651"}],"wp:attachment":[{"href":"https:\/\/www.eldiario.net\/portal\/wp-json\/wp\/v2\/media?parent=264650"}],"wp:term":[{"taxonomy":"category","embeddable":true,"href":"https:\/\/www.eldiario.net\/portal\/wp-json\/wp\/v2\/categories?post=264650"},{"taxonomy":"post_tag","embeddable":true,"href":"https:\/\/www.eldiario.net\/portal\/wp-json\/wp\/v2\/tags?post=264650"}],"curies":[{"name":"wp","href":"https:\/\/api.w.org\/{rel}","templated":true}]}}