{"id":264647,"date":"2024-11-30T06:12:33","date_gmt":"2024-11-30T10:12:33","guid":{"rendered":"https:\/\/www.eldiario.net\/portal\/?p=264647"},"modified":"2024-11-30T06:12:33","modified_gmt":"2024-11-30T10:12:33","slug":"nueva-condena-de-prision-para-disidente-ruso-alexei-gorinov","status":"publish","type":"post","link":"https:\/\/www.eldiario.net\/portal\/2024\/11\/30\/nueva-condena-de-prision-para-disidente-ruso-alexei-gorinov\/","title":{"rendered":"Nueva condena de prisi\u00f3n para disidente ruso Alex\u00e9i G\u00f3rinov"},"content":{"rendered":"<p>El opositor y exdiputado ruso, Alex\u00e9i G\u00f3rinov, que ya cumple una condena de siete a\u00f1os de c\u00e1rcel por difundir \u201cnoticias falsas\u201d sobre el Ej\u00e9rcito ruso, fue condenado ayer a otros tres a\u00f1os de prisi\u00f3n por justificar los ataques ucranianos. La Fiscal\u00eda hab\u00eda pedido tres a\u00f1os y medio.<br \/>\n\u201cVivo con la esperanza de que alg\u00fan d\u00eda intercambiaremos lugares con quienes iniciaron la guerra\u201d, sostuvo el opositor poco antes de que se conociera el veredicto, seg\u00fan el medio Sota. De acuerdo con la defensa del condenado, tras la suma de las dos condenas y el tiempo que el opositor ya pas\u00f3 en la c\u00e1rcel, su pena final ser\u00e1 de cinco a\u00f1os en r\u00e9gimen estricto.<br \/>\nEn su \u00faltima palabra, el pol\u00edtico dijo que pertenece a una generaci\u00f3n cuyos padres lucharon en la Segunda Guerra Mundial y dejaron como legado a sus hijos \u201cproteger la paz con todas sus fuerzas\u201d. \u201cMi culpa consiste en que yo, como ciudadano de mi pa\u00eds, permit\u00ed esta guerra y no pude detenerla\u201d, afirm\u00f3. Y conden\u00f3, en un alegato final publicado por un grupo de seguidores en Telegram, la \u201cdegradaci\u00f3n\u201d del sistema pol\u00edtico de Rusia, a\u00f1adiendo que hab\u00eda sido un opositor de toda la vida a la guerra y a la violencia.<br \/>\n\u201cEl tercer a\u00f1o de guerra est\u00e1 terminando, el tercer a\u00f1o de v\u00edctimas y destrucci\u00f3n en territorio europeo nunca visto desde la Segunda Guerra Mundial, la privaci\u00f3n y el sufrimiento de millones de personas. No podemos permanecer en silencio ante esto\u201d, enfatiz\u00f3.<\/p>\n<p>CONDENADO POR CONVERSACIONES<br \/>\nG\u00f3rinov, diputado municipal que fue el primer condenado en Rusia por supuestamente propagar \u201cinformaci\u00f3n falsa\u201d sobre la campa\u00f1a militar rusa en Ucrania, fue acusado por una conversaci\u00f3n que mantuvo con un compa\u00f1ero de celda. Seg\u00fan su delator, G\u00f3rinov, de 63 a\u00f1os, defendi\u00f3 los ataques enemigos contra el puente de Crimea y tambi\u00e9n otras acciones realizadas por el batall\u00f3n ucraniano Azov.<br \/>\nEl director del peri\u00f3dico ruso N\u00f3vaya Gazeta y Nobel de la Paz, Dmitri Mur\u00e1tov, denunci\u00f3 que los funcionarios de prisiones les asignaron como compa\u00f1eros a presos que deb\u00edan sonsacarle declaraciones cr\u00edticas con el Kremlin. Como llevaban micr\u00f3fonos, dichas conversaciones quedaron grabadas y son ahora utilizadas para alargar la condena contra el opositor. Mur\u00e1tov lament\u00f3 que \u201cla palabra de un criminal frente a la palabra de un preso pol\u00edtico tenga m\u00e1s peso\u201d.<br \/>\nAmnist\u00eda Internacional (AI) denunci\u00f3 un incremento de la represi\u00f3n por parte del Kremlin en contra de la disidencia tras la nueva condena. \u201cEl persistente acoso a G\u00f3rinov refleja la inclemencia de las represiones pol\u00edticas en Rusia, donde a una larga pena de c\u00e1rcel se le puede sumar otra\u201d, declar\u00f3 la directora de AI para Rusia, Natalia Zvi\u00e1guina, en un comunicado difundido por la ONG. (Dw)<\/p>\n<p>PIE DE FOTO<br \/>\nEl opositor y exdiputado ruso, Alex\u00e9i G\u00f3rinov.<\/p>\n<p>CREDITO: The Insider<\/p>\n","protected":false},"excerpt":{"rendered":"<p>El opositor y exdiputado ruso, Alex\u00e9i G\u00f3rinov, que ya cumple una condena de siete a\u00f1os de c\u00e1rcel por difundir \u201cnoticias falsas\u201d sobre el Ej\u00e9rcito ruso, fue condenado ayer a otros tres a\u00f1os de prisi\u00f3n por justificar los ataques ucranianos. La Fiscal\u00eda hab\u00eda pedido tres a\u00f1os y medio. \u201cVivo con la esperanza de que alg\u00fan d\u00eda [&hellip;]<\/p>\n","protected":false},"author":1,"featured_media":264648,"comment_status":"closed","ping_status":"open","sticky":false,"template":"","format":"standard","meta":{"_acf_changed":false,"footnotes":""},"categories":[3],"tags":[],"class_list":["post-264647","post","type-post","status-publish","format-standard","has-post-thumbnail","category-internacional"],"acf":{"antetitulo":"Por cr\u00edticas a invasi\u00f3n de Ucrania"},"yoast_head":"<!-- This site is optimized with the Yoast SEO plugin v28.3 - https:\/\/yoast.com\/product\/yoast-seo-wordpress\/ -->\n<title>Nueva condena de prisi\u00f3n para disidente ruso Alex\u00e9i G\u00f3rinov - El Diario - Bolivia<\/title>\n<meta name=\"robots\" content=\"index, follow, max-snippet:-1, max-image-preview:large, max-video-preview:-1\" \/>\n<link rel=\"canonical\" href=\"https:\/\/www.eldiario.net\/portal\/2024\/11\/30\/nueva-condena-de-prision-para-disidente-ruso-alexei-gorinov\/\" \/>\n<meta property=\"og:locale\" content=\"es_ES\" \/>\n<meta property=\"og:type\" content=\"article\" \/>\n<meta property=\"og:title\" content=\"Nueva condena de prisi\u00f3n para disidente ruso Alex\u00e9i G\u00f3rinov - El Diario - Bolivia\" \/>\n<meta property=\"og:description\" content=\"El opositor y exdiputado ruso, Alex\u00e9i G\u00f3rinov, que ya cumple una condena de siete a\u00f1os de c\u00e1rcel por difundir \u201cnoticias falsas\u201d sobre el Ej\u00e9rcito ruso, fue condenado ayer a otros tres a\u00f1os de prisi\u00f3n por justificar los ataques ucranianos. La Fiscal\u00eda hab\u00eda pedido tres a\u00f1os y medio. \u201cVivo con la esperanza de que alg\u00fan d\u00eda [&hellip;]\" \/>\n<meta property=\"og:url\" content=\"https:\/\/www.eldiario.net\/portal\/2024\/11\/30\/nueva-condena-de-prision-para-disidente-ruso-alexei-gorinov\/\" \/>\n<meta property=\"og:site_name\" content=\"El Diario - Bolivia\" \/>\n<meta property=\"article:publisher\" content=\"https:\/\/www.facebook.com\/eldiario.bolivia\/\" \/>\n<meta property=\"article:published_time\" content=\"2024-11-30T10:12:33+00:00\" \/>\n<meta property=\"og:image\" content=\"https:\/\/www.eldiario.net\/portal\/wp-content\/uploads\/2024\/11\/OPOSITOR-The-Insider.jpg\" \/>\n\t<meta property=\"og:image:width\" content=\"720\" \/>\n\t<meta property=\"og:image:height\" content=\"540\" \/>\n\t<meta property=\"og:image:type\" content=\"image\/jpeg\" \/>\n<meta name=\"author\" content=\"Jeanette\" \/>\n<meta name=\"twitter:card\" content=\"summary_large_image\" \/>\n<meta name=\"twitter:creator\" content=\"@eldiario_net\" \/>\n<meta name=\"twitter:site\" content=\"@eldiario_net\" \/>\n<meta name=\"twitter:label1\" content=\"Escrito por\" \/>\n\t<meta name=\"twitter:data1\" content=\"Jeanette\" \/>\n\t<meta name=\"twitter:label2\" content=\"Tiempo de lectura\" \/>\n\t<meta name=\"twitter:data2\" content=\"3 minutos\" \/>\n<script type=\"application\/ld+json\" class=\"yoast-schema-graph\">{\"@context\":\"https:\\\/\\\/schema.org\",\"@graph\":[{\"@type\":\"Article\",\"@id\":\"https:\\\/\\\/www.eldiario.net\\\/portal\\\/2024\\\/11\\\/30\\\/nueva-condena-de-prision-para-disidente-ruso-alexei-gorinov\\\/#article\",\"isPartOf\":{\"@id\":\"https:\\\/\\\/www.eldiario.net\\\/portal\\\/2024\\\/11\\\/30\\\/nueva-condena-de-prision-para-disidente-ruso-alexei-gorinov\\\/\"},\"author\":{\"name\":\"Jeanette\",\"@id\":\"https:\\\/\\\/www.eldiario.net\\\/portal\\\/#\\\/schema\\\/person\\\/f46445640444750d7d753ccd04ae01b7\"},\"headline\":\"Nueva condena de prisi\u00f3n para disidente ruso Alex\u00e9i G\u00f3rinov\",\"datePublished\":\"2024-11-30T10:12:33+00:00\",\"mainEntityOfPage\":{\"@id\":\"https:\\\/\\\/www.eldiario.net\\\/portal\\\/2024\\\/11\\\/30\\\/nueva-condena-de-prision-para-disidente-ruso-alexei-gorinov\\\/\"},\"wordCount\":523,\"publisher\":{\"@id\":\"https:\\\/\\\/www.eldiario.net\\\/portal\\\/#organization\"},\"image\":{\"@id\":\"https:\\\/\\\/www.eldiario.net\\\/portal\\\/2024\\\/11\\\/30\\\/nueva-condena-de-prision-para-disidente-ruso-alexei-gorinov\\\/#primaryimage\"},\"thumbnailUrl\":\"https:\\\/\\\/www.eldiario.net\\\/portal\\\/wp-content\\\/uploads\\\/2024\\\/11\\\/OPOSITOR-The-Insider.jpg\",\"articleSection\":[\"Internacional\"],\"inLanguage\":\"es\"},{\"@type\":\"WebPage\",\"@id\":\"https:\\\/\\\/www.eldiario.net\\\/portal\\\/2024\\\/11\\\/30\\\/nueva-condena-de-prision-para-disidente-ruso-alexei-gorinov\\\/\",\"url\":\"https:\\\/\\\/www.eldiario.net\\\/portal\\\/2024\\\/11\\\/30\\\/nueva-condena-de-prision-para-disidente-ruso-alexei-gorinov\\\/\",\"name\":\"Nueva condena de prisi\u00f3n para disidente ruso Alex\u00e9i G\u00f3rinov - El Diario - Bolivia\",\"isPartOf\":{\"@id\":\"https:\\\/\\\/www.eldiario.net\\\/portal\\\/#website\"},\"primaryImageOfPage\":{\"@id\":\"https:\\\/\\\/www.eldiario.net\\\/portal\\\/2024\\\/11\\\/30\\\/nueva-condena-de-prision-para-disidente-ruso-alexei-gorinov\\\/#primaryimage\"},\"image\":{\"@id\":\"https:\\\/\\\/www.eldiario.net\\\/portal\\\/2024\\\/11\\\/30\\\/nueva-condena-de-prision-para-disidente-ruso-alexei-gorinov\\\/#primaryimage\"},\"thumbnailUrl\":\"https:\\\/\\\/www.eldiario.net\\\/portal\\\/wp-content\\\/uploads\\\/2024\\\/11\\\/OPOSITOR-The-Insider.jpg\",\"datePublished\":\"2024-11-30T10:12:33+00:00\",\"breadcrumb\":{\"@id\":\"https:\\\/\\\/www.eldiario.net\\\/portal\\\/2024\\\/11\\\/30\\\/nueva-condena-de-prision-para-disidente-ruso-alexei-gorinov\\\/#breadcrumb\"},\"inLanguage\":\"es\",\"potentialAction\":[{\"@type\":\"ReadAction\",\"target\":[\"https:\\\/\\\/www.eldiario.net\\\/portal\\\/2024\\\/11\\\/30\\\/nueva-condena-de-prision-para-disidente-ruso-alexei-gorinov\\\/\"]}]},{\"@type\":\"ImageObject\",\"inLanguage\":\"es\",\"@id\":\"https:\\\/\\\/www.eldiario.net\\\/portal\\\/2024\\\/11\\\/30\\\/nueva-condena-de-prision-para-disidente-ruso-alexei-gorinov\\\/#primaryimage\",\"url\":\"https:\\\/\\\/www.eldiario.net\\\/portal\\\/wp-content\\\/uploads\\\/2024\\\/11\\\/OPOSITOR-The-Insider.jpg\",\"contentUrl\":\"https:\\\/\\\/www.eldiario.net\\\/portal\\\/wp-content\\\/uploads\\\/2024\\\/11\\\/OPOSITOR-The-Insider.jpg\",\"width\":720,\"height\":540},{\"@type\":\"BreadcrumbList\",\"@id\":\"https:\\\/\\\/www.eldiario.net\\\/portal\\\/2024\\\/11\\\/30\\\/nueva-condena-de-prision-para-disidente-ruso-alexei-gorinov\\\/#breadcrumb\",\"itemListElement\":[{\"@type\":\"ListItem\",\"position\":1,\"name\":\"Portada\",\"item\":\"https:\\\/\\\/www.eldiario.net\\\/portal\\\/\"},{\"@type\":\"ListItem\",\"position\":2,\"name\":\"Nueva condena de prisi\u00f3n para disidente ruso Alex\u00e9i G\u00f3rinov\"}]},{\"@type\":\"WebSite\",\"@id\":\"https:\\\/\\\/www.eldiario.net\\\/portal\\\/#website\",\"url\":\"https:\\\/\\\/www.eldiario.net\\\/portal\\\/\",\"name\":\"El Diario - Decano de la prensa nacional\",\"description\":\"El Diario - Decano de la prensa nacional\",\"publisher\":{\"@id\":\"https:\\\/\\\/www.eldiario.net\\\/portal\\\/#organization\"},\"potentialAction\":[{\"@type\":\"SearchAction\",\"target\":{\"@type\":\"EntryPoint\",\"urlTemplate\":\"https:\\\/\\\/www.eldiario.net\\\/portal\\\/?s={search_term_string}\"},\"query-input\":{\"@type\":\"PropertyValueSpecification\",\"valueRequired\":true,\"valueName\":\"search_term_string\"}}],\"inLanguage\":\"es\"},{\"@type\":\"Organization\",\"@id\":\"https:\\\/\\\/www.eldiario.net\\\/portal\\\/#organization\",\"name\":\"El Diario - Decano de la prensa nacional\",\"url\":\"https:\\\/\\\/www.eldiario.net\\\/portal\\\/\",\"logo\":{\"@type\":\"ImageObject\",\"inLanguage\":\"es\",\"@id\":\"https:\\\/\\\/www.eldiario.net\\\/portal\\\/#\\\/schema\\\/logo\\\/image\\\/\",\"url\":\"https:\\\/\\\/www.eldiario.net\\\/portal\\\/wp-content\\\/uploads\\\/2023\\\/07\\\/logo_ED.jpg\",\"contentUrl\":\"https:\\\/\\\/www.eldiario.net\\\/portal\\\/wp-content\\\/uploads\\\/2023\\\/07\\\/logo_ED.jpg\",\"width\":272,\"height\":52,\"caption\":\"El Diario - Decano de la prensa nacional\"},\"image\":{\"@id\":\"https:\\\/\\\/www.eldiario.net\\\/portal\\\/#\\\/schema\\\/logo\\\/image\\\/\"},\"sameAs\":[\"https:\\\/\\\/www.facebook.com\\\/eldiario.bolivia\\\/\",\"https:\\\/\\\/x.com\\\/eldiario_net\"]},{\"@type\":\"Person\",\"@id\":\"https:\\\/\\\/www.eldiario.net\\\/portal\\\/#\\\/schema\\\/person\\\/f46445640444750d7d753ccd04ae01b7\",\"name\":\"Jeanette\",\"image\":{\"@type\":\"ImageObject\",\"inLanguage\":\"es\",\"@id\":\"https:\\\/\\\/secure.gravatar.com\\\/avatar\\\/3ea2118a5f7dad2b7138b1187a6b7ee55f160b9968b66013c3a3ef39dd7e5798?s=96&d=mm&r=g\",\"url\":\"https:\\\/\\\/secure.gravatar.com\\\/avatar\\\/3ea2118a5f7dad2b7138b1187a6b7ee55f160b9968b66013c3a3ef39dd7e5798?s=96&d=mm&r=g\",\"contentUrl\":\"https:\\\/\\\/secure.gravatar.com\\\/avatar\\\/3ea2118a5f7dad2b7138b1187a6b7ee55f160b9968b66013c3a3ef39dd7e5798?s=96&d=mm&r=g\",\"caption\":\"Jeanette\"},\"sameAs\":[\"https:\\\/\\\/www.eldiario.net\\\/portal\"],\"url\":\"https:\\\/\\\/www.eldiario.net\\\/portal\\\/author\\\/jeanette\\\/\"}]}<\/script>\n<!-- \/ Yoast SEO plugin. -->","yoast_head_json":{"title":"Nueva condena de prisi\u00f3n para disidente ruso Alex\u00e9i G\u00f3rinov - El Diario - Bolivia","robots":{"index":"index","follow":"follow","max-snippet":"max-snippet:-1","max-image-preview":"max-image-preview:large","max-video-preview":"max-video-preview:-1"},"canonical":"https:\/\/www.eldiario.net\/portal\/2024\/11\/30\/nueva-condena-de-prision-para-disidente-ruso-alexei-gorinov\/","og_locale":"es_ES","og_type":"article","og_title":"Nueva condena de prisi\u00f3n para disidente ruso Alex\u00e9i G\u00f3rinov - El Diario - Bolivia","og_description":"El opositor y exdiputado ruso, Alex\u00e9i G\u00f3rinov, que ya cumple una condena de siete a\u00f1os de c\u00e1rcel por difundir \u201cnoticias falsas\u201d sobre el Ej\u00e9rcito ruso, fue condenado ayer a otros tres a\u00f1os de prisi\u00f3n por justificar los ataques ucranianos. La Fiscal\u00eda hab\u00eda pedido tres a\u00f1os y medio. \u201cVivo con la esperanza de que alg\u00fan d\u00eda [&hellip;]","og_url":"https:\/\/www.eldiario.net\/portal\/2024\/11\/30\/nueva-condena-de-prision-para-disidente-ruso-alexei-gorinov\/","og_site_name":"El Diario - Bolivia","article_publisher":"https:\/\/www.facebook.com\/eldiario.bolivia\/","article_published_time":"2024-11-30T10:12:33+00:00","og_image":[{"width":720,"height":540,"url":"https:\/\/www.eldiario.net\/portal\/wp-content\/uploads\/2024\/11\/OPOSITOR-The-Insider.jpg","type":"image\/jpeg"}],"author":"Jeanette","twitter_card":"summary_large_image","twitter_creator":"@eldiario_net","twitter_site":"@eldiario_net","twitter_misc":{"Escrito por":"Jeanette","Tiempo de lectura":"3 minutos"},"schema":{"@context":"https:\/\/schema.org","@graph":[{"@type":"Article","@id":"https:\/\/www.eldiario.net\/portal\/2024\/11\/30\/nueva-condena-de-prision-para-disidente-ruso-alexei-gorinov\/#article","isPartOf":{"@id":"https:\/\/www.eldiario.net\/portal\/2024\/11\/30\/nueva-condena-de-prision-para-disidente-ruso-alexei-gorinov\/"},"author":{"name":"Jeanette","@id":"https:\/\/www.eldiario.net\/portal\/#\/schema\/person\/f46445640444750d7d753ccd04ae01b7"},"headline":"Nueva condena de prisi\u00f3n para disidente ruso Alex\u00e9i G\u00f3rinov","datePublished":"2024-11-30T10:12:33+00:00","mainEntityOfPage":{"@id":"https:\/\/www.eldiario.net\/portal\/2024\/11\/30\/nueva-condena-de-prision-para-disidente-ruso-alexei-gorinov\/"},"wordCount":523,"publisher":{"@id":"https:\/\/www.eldiario.net\/portal\/#organization"},"image":{"@id":"https:\/\/www.eldiario.net\/portal\/2024\/11\/30\/nueva-condena-de-prision-para-disidente-ruso-alexei-gorinov\/#primaryimage"},"thumbnailUrl":"https:\/\/www.eldiario.net\/portal\/wp-content\/uploads\/2024\/11\/OPOSITOR-The-Insider.jpg","articleSection":["Internacional"],"inLanguage":"es"},{"@type":"WebPage","@id":"https:\/\/www.eldiario.net\/portal\/2024\/11\/30\/nueva-condena-de-prision-para-disidente-ruso-alexei-gorinov\/","url":"https:\/\/www.eldiario.net\/portal\/2024\/11\/30\/nueva-condena-de-prision-para-disidente-ruso-alexei-gorinov\/","name":"Nueva condena de prisi\u00f3n para disidente ruso Alex\u00e9i G\u00f3rinov - El Diario - Bolivia","isPartOf":{"@id":"https:\/\/www.eldiario.net\/portal\/#website"},"primaryImageOfPage":{"@id":"https:\/\/www.eldiario.net\/portal\/2024\/11\/30\/nueva-condena-de-prision-para-disidente-ruso-alexei-gorinov\/#primaryimage"},"image":{"@id":"https:\/\/www.eldiario.net\/portal\/2024\/11\/30\/nueva-condena-de-prision-para-disidente-ruso-alexei-gorinov\/#primaryimage"},"thumbnailUrl":"https:\/\/www.eldiario.net\/portal\/wp-content\/uploads\/2024\/11\/OPOSITOR-The-Insider.jpg","datePublished":"2024-11-30T10:12:33+00:00","breadcrumb":{"@id":"https:\/\/www.eldiario.net\/portal\/2024\/11\/30\/nueva-condena-de-prision-para-disidente-ruso-alexei-gorinov\/#breadcrumb"},"inLanguage":"es","potentialAction":[{"@type":"ReadAction","target":["https:\/\/www.eldiario.net\/portal\/2024\/11\/30\/nueva-condena-de-prision-para-disidente-ruso-alexei-gorinov\/"]}]},{"@type":"ImageObject","inLanguage":"es","@id":"https:\/\/www.eldiario.net\/portal\/2024\/11\/30\/nueva-condena-de-prision-para-disidente-ruso-alexei-gorinov\/#primaryimage","url":"https:\/\/www.eldiario.net\/portal\/wp-content\/uploads\/2024\/11\/OPOSITOR-The-Insider.jpg","contentUrl":"https:\/\/www.eldiario.net\/portal\/wp-content\/uploads\/2024\/11\/OPOSITOR-The-Insider.jpg","width":720,"height":540},{"@type":"BreadcrumbList","@id":"https:\/\/www.eldiario.net\/portal\/2024\/11\/30\/nueva-condena-de-prision-para-disidente-ruso-alexei-gorinov\/#breadcrumb","itemListElement":[{"@type":"ListItem","position":1,"name":"Portada","item":"https:\/\/www.eldiario.net\/portal\/"},{"@type":"ListItem","position":2,"name":"Nueva condena de prisi\u00f3n para disidente ruso Alex\u00e9i G\u00f3rinov"}]},{"@type":"WebSite","@id":"https:\/\/www.eldiario.net\/portal\/#website","url":"https:\/\/www.eldiario.net\/portal\/","name":"El Diario - Decano de la prensa nacional","description":"El Diario - Decano de la prensa nacional","publisher":{"@id":"https:\/\/www.eldiario.net\/portal\/#organization"},"potentialAction":[{"@type":"SearchAction","target":{"@type":"EntryPoint","urlTemplate":"https:\/\/www.eldiario.net\/portal\/?s={search_term_string}"},"query-input":{"@type":"PropertyValueSpecification","valueRequired":true,"valueName":"search_term_string"}}],"inLanguage":"es"},{"@type":"Organization","@id":"https:\/\/www.eldiario.net\/portal\/#organization","name":"El Diario - Decano de la prensa nacional","url":"https:\/\/www.eldiario.net\/portal\/","logo":{"@type":"ImageObject","inLanguage":"es","@id":"https:\/\/www.eldiario.net\/portal\/#\/schema\/logo\/image\/","url":"https:\/\/www.eldiario.net\/portal\/wp-content\/uploads\/2023\/07\/logo_ED.jpg","contentUrl":"https:\/\/www.eldiario.net\/portal\/wp-content\/uploads\/2023\/07\/logo_ED.jpg","width":272,"height":52,"caption":"El Diario - Decano de la prensa nacional"},"image":{"@id":"https:\/\/www.eldiario.net\/portal\/#\/schema\/logo\/image\/"},"sameAs":["https:\/\/www.facebook.com\/eldiario.bolivia\/","https:\/\/x.com\/eldiario_net"]},{"@type":"Person","@id":"https:\/\/www.eldiario.net\/portal\/#\/schema\/person\/f46445640444750d7d753ccd04ae01b7","name":"Jeanette","image":{"@type":"ImageObject","inLanguage":"es","@id":"https:\/\/secure.gravatar.com\/avatar\/3ea2118a5f7dad2b7138b1187a6b7ee55f160b9968b66013c3a3ef39dd7e5798?s=96&d=mm&r=g","url":"https:\/\/secure.gravatar.com\/avatar\/3ea2118a5f7dad2b7138b1187a6b7ee55f160b9968b66013c3a3ef39dd7e5798?s=96&d=mm&r=g","contentUrl":"https:\/\/secure.gravatar.com\/avatar\/3ea2118a5f7dad2b7138b1187a6b7ee55f160b9968b66013c3a3ef39dd7e5798?s=96&d=mm&r=g","caption":"Jeanette"},"sameAs":["https:\/\/www.eldiario.net\/portal"],"url":"https:\/\/www.eldiario.net\/portal\/author\/jeanette\/"}]}},"_links":{"self":[{"href":"https:\/\/www.eldiario.net\/portal\/wp-json\/wp\/v2\/posts\/264647","targetHints":{"allow":["GET"]}}],"collection":[{"href":"https:\/\/www.eldiario.net\/portal\/wp-json\/wp\/v2\/posts"}],"about":[{"href":"https:\/\/www.eldiario.net\/portal\/wp-json\/wp\/v2\/types\/post"}],"author":[{"embeddable":true,"href":"https:\/\/www.eldiario.net\/portal\/wp-json\/wp\/v2\/users\/1"}],"replies":[{"embeddable":true,"href":"https:\/\/www.eldiario.net\/portal\/wp-json\/wp\/v2\/comments?post=264647"}],"version-history":[{"count":1,"href":"https:\/\/www.eldiario.net\/portal\/wp-json\/wp\/v2\/posts\/264647\/revisions"}],"predecessor-version":[{"id":264649,"href":"https:\/\/www.eldiario.net\/portal\/wp-json\/wp\/v2\/posts\/264647\/revisions\/264649"}],"wp:featuredmedia":[{"embeddable":true,"href":"https:\/\/www.eldiario.net\/portal\/wp-json\/wp\/v2\/media\/264648"}],"wp:attachment":[{"href":"https:\/\/www.eldiario.net\/portal\/wp-json\/wp\/v2\/media?parent=264647"}],"wp:term":[{"taxonomy":"category","embeddable":true,"href":"https:\/\/www.eldiario.net\/portal\/wp-json\/wp\/v2\/categories?post=264647"},{"taxonomy":"post_tag","embeddable":true,"href":"https:\/\/www.eldiario.net\/portal\/wp-json\/wp\/v2\/tags?post=264647"}],"curies":[{"name":"wp","href":"https:\/\/api.w.org\/{rel}","templated":true}]}}