{"id":264142,"date":"2024-11-28T05:44:26","date_gmt":"2024-11-28T09:44:26","guid":{"rendered":"https:\/\/www.eldiario.net\/portal\/?p=264142"},"modified":"2024-11-28T05:44:26","modified_gmt":"2024-11-28T09:44:26","slug":"amplian-45-dias-el-estado-de-emergencia-por-inseguridad","status":"publish","type":"post","link":"https:\/\/www.eldiario.net\/portal\/2024\/11\/28\/amplian-45-dias-el-estado-de-emergencia-por-inseguridad\/","title":{"rendered":"Ampl\u00edan 45 d\u00edas el estado de emergencia por inseguridad"},"content":{"rendered":"<p>El Gobierno de Per\u00fa prorrog\u00f3 45 d\u00edas m\u00e1s el estado de emergencia en catorce distritos de la capital, Lima, y en Callao, en respuesta al alto \u00edndice de criminalidad y ataques que sufren especialmente transportistas y comerciante el \u00faltimo a\u00f1o y en medio de las cr\u00edticas por la ineficacia de esta medida hasta ahora.<\/p>\n<p>La medida expir\u00f3 el martes 26 de noviembre, despu\u00e9s de que viniera estando vigente desde finales de septiembre, con motivo de la primera huelga de transportistas, que estuvieron denunciado un aumento de robos, extorsiones e incluso asesinatos de trabajadores por parte de grupos de delincuencia organizada.<\/p>\n<p>Mientras dure este periodo, derechos constitucionales como la inviolabilidad de domicilio, la libertad de tr\u00e1nsito por todo el territorio, o la libertad de reuni\u00f3n, dejar\u00e1n de estar vigentes, informa \u201cEl Peruano\u201d, diario del Estado.<\/p>\n<p>Durante el pasado mes de octubre, el sector del transporte, apoyado por otros colectivos de trabajadores, convocaron varias marchas y movilizaciones, algunas de la cuales incluso coincidiendo con la semana en noviembre en la que Lima acogi\u00f3 el Foro de Cooperaci\u00f3n Econ\u00f3mica Asia-Pac\u00edfico (APEC).<\/p>\n<p>Estos sectores cuestionaron las medidas para frenar la inseguridad del Gobierno peruano, cuya presidenta, Dina Boluarte, arrastra el peor \u00edndice de popularidad de toda la regi\u00f3n, seg\u00fan varias encuestas. Reclamaron un plan para luchar contra la violencia y la derogaci\u00f3n de la ley sobre terrorismo, que criminaliza la protesta social y no combate verdaderamente el crimen, se\u00f1alaron. (EP)<\/p>\n<p>&nbsp;<\/p>\n","protected":false},"excerpt":{"rendered":"<p>El Gobierno de Per\u00fa prorrog\u00f3 45 d\u00edas m\u00e1s el estado de emergencia en catorce distritos de la capital, Lima, y en Callao, en respuesta al alto \u00edndice de criminalidad y ataques que sufren especialmente transportistas y comerciante el \u00faltimo a\u00f1o y en medio de las cr\u00edticas por la ineficacia de esta medida hasta ahora. La [&hellip;]<\/p>\n","protected":false},"author":1,"featured_media":264143,"comment_status":"closed","ping_status":"open","sticky":false,"template":"","format":"standard","meta":{"_acf_changed":false,"footnotes":""},"categories":[15],"tags":[],"class_list":["post-264142","post","type-post","status-publish","format-standard","has-post-thumbnail","category-portada"],"acf":{"antetitulo":"Per\u00fa"},"yoast_head":"<!-- This site is optimized with the Yoast SEO plugin v28.3 - https:\/\/yoast.com\/product\/yoast-seo-wordpress\/ -->\n<title>Ampl\u00edan 45 d\u00edas el estado de emergencia por inseguridad - El Diario - Bolivia<\/title>\n<meta name=\"robots\" content=\"index, follow, max-snippet:-1, max-image-preview:large, max-video-preview:-1\" \/>\n<link rel=\"canonical\" href=\"https:\/\/www.eldiario.net\/portal\/2024\/11\/28\/amplian-45-dias-el-estado-de-emergencia-por-inseguridad\/\" \/>\n<meta property=\"og:locale\" content=\"es_ES\" \/>\n<meta property=\"og:type\" content=\"article\" \/>\n<meta property=\"og:title\" content=\"Ampl\u00edan 45 d\u00edas el estado de emergencia por inseguridad - El Diario - Bolivia\" \/>\n<meta property=\"og:description\" content=\"El Gobierno de Per\u00fa prorrog\u00f3 45 d\u00edas m\u00e1s el estado de emergencia en catorce distritos de la capital, Lima, y en Callao, en respuesta al alto \u00edndice de criminalidad y ataques que sufren especialmente transportistas y comerciante el \u00faltimo a\u00f1o y en medio de las cr\u00edticas por la ineficacia de esta medida hasta ahora. La [&hellip;]\" \/>\n<meta property=\"og:url\" content=\"https:\/\/www.eldiario.net\/portal\/2024\/11\/28\/amplian-45-dias-el-estado-de-emergencia-por-inseguridad\/\" \/>\n<meta property=\"og:site_name\" content=\"El Diario - Bolivia\" \/>\n<meta property=\"article:publisher\" content=\"https:\/\/www.facebook.com\/eldiario.bolivia\/\" \/>\n<meta property=\"article:published_time\" content=\"2024-11-28T09:44:26+00:00\" \/>\n<meta property=\"og:image\" content=\"https:\/\/www.eldiario.net\/portal\/wp-content\/uploads\/2024\/11\/UPE-FOTO.jpg\" \/>\n\t<meta property=\"og:image:width\" content=\"1200\" \/>\n\t<meta property=\"og:image:height\" content=\"675\" \/>\n\t<meta property=\"og:image:type\" content=\"image\/jpeg\" \/>\n<meta name=\"author\" content=\"Jeanette\" \/>\n<meta name=\"twitter:card\" content=\"summary_large_image\" \/>\n<meta name=\"twitter:creator\" content=\"@eldiario_net\" \/>\n<meta name=\"twitter:site\" content=\"@eldiario_net\" \/>\n<meta name=\"twitter:label1\" content=\"Escrito por\" \/>\n\t<meta name=\"twitter:data1\" content=\"Jeanette\" \/>\n\t<meta name=\"twitter:label2\" content=\"Tiempo de lectura\" \/>\n\t<meta name=\"twitter:data2\" content=\"2 minutos\" \/>\n<script type=\"application\/ld+json\" class=\"yoast-schema-graph\">{\"@context\":\"https:\\\/\\\/schema.org\",\"@graph\":[{\"@type\":\"Article\",\"@id\":\"https:\\\/\\\/www.eldiario.net\\\/portal\\\/2024\\\/11\\\/28\\\/amplian-45-dias-el-estado-de-emergencia-por-inseguridad\\\/#article\",\"isPartOf\":{\"@id\":\"https:\\\/\\\/www.eldiario.net\\\/portal\\\/2024\\\/11\\\/28\\\/amplian-45-dias-el-estado-de-emergencia-por-inseguridad\\\/\"},\"author\":{\"name\":\"Jeanette\",\"@id\":\"https:\\\/\\\/www.eldiario.net\\\/portal\\\/#\\\/schema\\\/person\\\/f46445640444750d7d753ccd04ae01b7\"},\"headline\":\"Ampl\u00edan 45 d\u00edas el estado de emergencia por inseguridad\",\"datePublished\":\"2024-11-28T09:44:26+00:00\",\"mainEntityOfPage\":{\"@id\":\"https:\\\/\\\/www.eldiario.net\\\/portal\\\/2024\\\/11\\\/28\\\/amplian-45-dias-el-estado-de-emergencia-por-inseguridad\\\/\"},\"wordCount\":260,\"publisher\":{\"@id\":\"https:\\\/\\\/www.eldiario.net\\\/portal\\\/#organization\"},\"image\":{\"@id\":\"https:\\\/\\\/www.eldiario.net\\\/portal\\\/2024\\\/11\\\/28\\\/amplian-45-dias-el-estado-de-emergencia-por-inseguridad\\\/#primaryimage\"},\"thumbnailUrl\":\"https:\\\/\\\/www.eldiario.net\\\/portal\\\/wp-content\\\/uploads\\\/2024\\\/11\\\/UPE-FOTO.jpg\",\"articleSection\":[\"Portada\"],\"inLanguage\":\"es\"},{\"@type\":\"WebPage\",\"@id\":\"https:\\\/\\\/www.eldiario.net\\\/portal\\\/2024\\\/11\\\/28\\\/amplian-45-dias-el-estado-de-emergencia-por-inseguridad\\\/\",\"url\":\"https:\\\/\\\/www.eldiario.net\\\/portal\\\/2024\\\/11\\\/28\\\/amplian-45-dias-el-estado-de-emergencia-por-inseguridad\\\/\",\"name\":\"Ampl\u00edan 45 d\u00edas el estado de emergencia por inseguridad - El Diario - Bolivia\",\"isPartOf\":{\"@id\":\"https:\\\/\\\/www.eldiario.net\\\/portal\\\/#website\"},\"primaryImageOfPage\":{\"@id\":\"https:\\\/\\\/www.eldiario.net\\\/portal\\\/2024\\\/11\\\/28\\\/amplian-45-dias-el-estado-de-emergencia-por-inseguridad\\\/#primaryimage\"},\"image\":{\"@id\":\"https:\\\/\\\/www.eldiario.net\\\/portal\\\/2024\\\/11\\\/28\\\/amplian-45-dias-el-estado-de-emergencia-por-inseguridad\\\/#primaryimage\"},\"thumbnailUrl\":\"https:\\\/\\\/www.eldiario.net\\\/portal\\\/wp-content\\\/uploads\\\/2024\\\/11\\\/UPE-FOTO.jpg\",\"datePublished\":\"2024-11-28T09:44:26+00:00\",\"breadcrumb\":{\"@id\":\"https:\\\/\\\/www.eldiario.net\\\/portal\\\/2024\\\/11\\\/28\\\/amplian-45-dias-el-estado-de-emergencia-por-inseguridad\\\/#breadcrumb\"},\"inLanguage\":\"es\",\"potentialAction\":[{\"@type\":\"ReadAction\",\"target\":[\"https:\\\/\\\/www.eldiario.net\\\/portal\\\/2024\\\/11\\\/28\\\/amplian-45-dias-el-estado-de-emergencia-por-inseguridad\\\/\"]}]},{\"@type\":\"ImageObject\",\"inLanguage\":\"es\",\"@id\":\"https:\\\/\\\/www.eldiario.net\\\/portal\\\/2024\\\/11\\\/28\\\/amplian-45-dias-el-estado-de-emergencia-por-inseguridad\\\/#primaryimage\",\"url\":\"https:\\\/\\\/www.eldiario.net\\\/portal\\\/wp-content\\\/uploads\\\/2024\\\/11\\\/UPE-FOTO.jpg\",\"contentUrl\":\"https:\\\/\\\/www.eldiario.net\\\/portal\\\/wp-content\\\/uploads\\\/2024\\\/11\\\/UPE-FOTO.jpg\",\"width\":1200,\"height\":675,\"caption\":\"Gobierno ampl\u00eda estado de emergencia por la inseguridad ciudadana en Lima y Callao. CREDITO: Infobae.\"},{\"@type\":\"BreadcrumbList\",\"@id\":\"https:\\\/\\\/www.eldiario.net\\\/portal\\\/2024\\\/11\\\/28\\\/amplian-45-dias-el-estado-de-emergencia-por-inseguridad\\\/#breadcrumb\",\"itemListElement\":[{\"@type\":\"ListItem\",\"position\":1,\"name\":\"Portada\",\"item\":\"https:\\\/\\\/www.eldiario.net\\\/portal\\\/\"},{\"@type\":\"ListItem\",\"position\":2,\"name\":\"Ampl\u00edan 45 d\u00edas el estado de emergencia por inseguridad\"}]},{\"@type\":\"WebSite\",\"@id\":\"https:\\\/\\\/www.eldiario.net\\\/portal\\\/#website\",\"url\":\"https:\\\/\\\/www.eldiario.net\\\/portal\\\/\",\"name\":\"El Diario - Decano de la prensa nacional\",\"description\":\"El Diario - Decano de la prensa nacional\",\"publisher\":{\"@id\":\"https:\\\/\\\/www.eldiario.net\\\/portal\\\/#organization\"},\"potentialAction\":[{\"@type\":\"SearchAction\",\"target\":{\"@type\":\"EntryPoint\",\"urlTemplate\":\"https:\\\/\\\/www.eldiario.net\\\/portal\\\/?s={search_term_string}\"},\"query-input\":{\"@type\":\"PropertyValueSpecification\",\"valueRequired\":true,\"valueName\":\"search_term_string\"}}],\"inLanguage\":\"es\"},{\"@type\":\"Organization\",\"@id\":\"https:\\\/\\\/www.eldiario.net\\\/portal\\\/#organization\",\"name\":\"El Diario - Decano de la prensa nacional\",\"url\":\"https:\\\/\\\/www.eldiario.net\\\/portal\\\/\",\"logo\":{\"@type\":\"ImageObject\",\"inLanguage\":\"es\",\"@id\":\"https:\\\/\\\/www.eldiario.net\\\/portal\\\/#\\\/schema\\\/logo\\\/image\\\/\",\"url\":\"https:\\\/\\\/www.eldiario.net\\\/portal\\\/wp-content\\\/uploads\\\/2023\\\/07\\\/logo_ED.jpg\",\"contentUrl\":\"https:\\\/\\\/www.eldiario.net\\\/portal\\\/wp-content\\\/uploads\\\/2023\\\/07\\\/logo_ED.jpg\",\"width\":272,\"height\":52,\"caption\":\"El Diario - Decano de la prensa nacional\"},\"image\":{\"@id\":\"https:\\\/\\\/www.eldiario.net\\\/portal\\\/#\\\/schema\\\/logo\\\/image\\\/\"},\"sameAs\":[\"https:\\\/\\\/www.facebook.com\\\/eldiario.bolivia\\\/\",\"https:\\\/\\\/x.com\\\/eldiario_net\"]},{\"@type\":\"Person\",\"@id\":\"https:\\\/\\\/www.eldiario.net\\\/portal\\\/#\\\/schema\\\/person\\\/f46445640444750d7d753ccd04ae01b7\",\"name\":\"Jeanette\",\"image\":{\"@type\":\"ImageObject\",\"inLanguage\":\"es\",\"@id\":\"https:\\\/\\\/secure.gravatar.com\\\/avatar\\\/3ea2118a5f7dad2b7138b1187a6b7ee55f160b9968b66013c3a3ef39dd7e5798?s=96&d=mm&r=g\",\"url\":\"https:\\\/\\\/secure.gravatar.com\\\/avatar\\\/3ea2118a5f7dad2b7138b1187a6b7ee55f160b9968b66013c3a3ef39dd7e5798?s=96&d=mm&r=g\",\"contentUrl\":\"https:\\\/\\\/secure.gravatar.com\\\/avatar\\\/3ea2118a5f7dad2b7138b1187a6b7ee55f160b9968b66013c3a3ef39dd7e5798?s=96&d=mm&r=g\",\"caption\":\"Jeanette\"},\"sameAs\":[\"https:\\\/\\\/www.eldiario.net\\\/portal\"],\"url\":\"https:\\\/\\\/www.eldiario.net\\\/portal\\\/author\\\/jeanette\\\/\"}]}<\/script>\n<!-- \/ Yoast SEO plugin. -->","yoast_head_json":{"title":"Ampl\u00edan 45 d\u00edas el estado de emergencia por inseguridad - El Diario - Bolivia","robots":{"index":"index","follow":"follow","max-snippet":"max-snippet:-1","max-image-preview":"max-image-preview:large","max-video-preview":"max-video-preview:-1"},"canonical":"https:\/\/www.eldiario.net\/portal\/2024\/11\/28\/amplian-45-dias-el-estado-de-emergencia-por-inseguridad\/","og_locale":"es_ES","og_type":"article","og_title":"Ampl\u00edan 45 d\u00edas el estado de emergencia por inseguridad - El Diario - Bolivia","og_description":"El Gobierno de Per\u00fa prorrog\u00f3 45 d\u00edas m\u00e1s el estado de emergencia en catorce distritos de la capital, Lima, y en Callao, en respuesta al alto \u00edndice de criminalidad y ataques que sufren especialmente transportistas y comerciante el \u00faltimo a\u00f1o y en medio de las cr\u00edticas por la ineficacia de esta medida hasta ahora. La [&hellip;]","og_url":"https:\/\/www.eldiario.net\/portal\/2024\/11\/28\/amplian-45-dias-el-estado-de-emergencia-por-inseguridad\/","og_site_name":"El Diario - Bolivia","article_publisher":"https:\/\/www.facebook.com\/eldiario.bolivia\/","article_published_time":"2024-11-28T09:44:26+00:00","og_image":[{"width":1200,"height":675,"url":"https:\/\/www.eldiario.net\/portal\/wp-content\/uploads\/2024\/11\/UPE-FOTO.jpg","type":"image\/jpeg"}],"author":"Jeanette","twitter_card":"summary_large_image","twitter_creator":"@eldiario_net","twitter_site":"@eldiario_net","twitter_misc":{"Escrito por":"Jeanette","Tiempo de lectura":"2 minutos"},"schema":{"@context":"https:\/\/schema.org","@graph":[{"@type":"Article","@id":"https:\/\/www.eldiario.net\/portal\/2024\/11\/28\/amplian-45-dias-el-estado-de-emergencia-por-inseguridad\/#article","isPartOf":{"@id":"https:\/\/www.eldiario.net\/portal\/2024\/11\/28\/amplian-45-dias-el-estado-de-emergencia-por-inseguridad\/"},"author":{"name":"Jeanette","@id":"https:\/\/www.eldiario.net\/portal\/#\/schema\/person\/f46445640444750d7d753ccd04ae01b7"},"headline":"Ampl\u00edan 45 d\u00edas el estado de emergencia por inseguridad","datePublished":"2024-11-28T09:44:26+00:00","mainEntityOfPage":{"@id":"https:\/\/www.eldiario.net\/portal\/2024\/11\/28\/amplian-45-dias-el-estado-de-emergencia-por-inseguridad\/"},"wordCount":260,"publisher":{"@id":"https:\/\/www.eldiario.net\/portal\/#organization"},"image":{"@id":"https:\/\/www.eldiario.net\/portal\/2024\/11\/28\/amplian-45-dias-el-estado-de-emergencia-por-inseguridad\/#primaryimage"},"thumbnailUrl":"https:\/\/www.eldiario.net\/portal\/wp-content\/uploads\/2024\/11\/UPE-FOTO.jpg","articleSection":["Portada"],"inLanguage":"es"},{"@type":"WebPage","@id":"https:\/\/www.eldiario.net\/portal\/2024\/11\/28\/amplian-45-dias-el-estado-de-emergencia-por-inseguridad\/","url":"https:\/\/www.eldiario.net\/portal\/2024\/11\/28\/amplian-45-dias-el-estado-de-emergencia-por-inseguridad\/","name":"Ampl\u00edan 45 d\u00edas el estado de emergencia por inseguridad - El Diario - Bolivia","isPartOf":{"@id":"https:\/\/www.eldiario.net\/portal\/#website"},"primaryImageOfPage":{"@id":"https:\/\/www.eldiario.net\/portal\/2024\/11\/28\/amplian-45-dias-el-estado-de-emergencia-por-inseguridad\/#primaryimage"},"image":{"@id":"https:\/\/www.eldiario.net\/portal\/2024\/11\/28\/amplian-45-dias-el-estado-de-emergencia-por-inseguridad\/#primaryimage"},"thumbnailUrl":"https:\/\/www.eldiario.net\/portal\/wp-content\/uploads\/2024\/11\/UPE-FOTO.jpg","datePublished":"2024-11-28T09:44:26+00:00","breadcrumb":{"@id":"https:\/\/www.eldiario.net\/portal\/2024\/11\/28\/amplian-45-dias-el-estado-de-emergencia-por-inseguridad\/#breadcrumb"},"inLanguage":"es","potentialAction":[{"@type":"ReadAction","target":["https:\/\/www.eldiario.net\/portal\/2024\/11\/28\/amplian-45-dias-el-estado-de-emergencia-por-inseguridad\/"]}]},{"@type":"ImageObject","inLanguage":"es","@id":"https:\/\/www.eldiario.net\/portal\/2024\/11\/28\/amplian-45-dias-el-estado-de-emergencia-por-inseguridad\/#primaryimage","url":"https:\/\/www.eldiario.net\/portal\/wp-content\/uploads\/2024\/11\/UPE-FOTO.jpg","contentUrl":"https:\/\/www.eldiario.net\/portal\/wp-content\/uploads\/2024\/11\/UPE-FOTO.jpg","width":1200,"height":675,"caption":"Gobierno ampl\u00eda estado de emergencia por la inseguridad ciudadana en Lima y Callao. CREDITO: Infobae."},{"@type":"BreadcrumbList","@id":"https:\/\/www.eldiario.net\/portal\/2024\/11\/28\/amplian-45-dias-el-estado-de-emergencia-por-inseguridad\/#breadcrumb","itemListElement":[{"@type":"ListItem","position":1,"name":"Portada","item":"https:\/\/www.eldiario.net\/portal\/"},{"@type":"ListItem","position":2,"name":"Ampl\u00edan 45 d\u00edas el estado de emergencia por inseguridad"}]},{"@type":"WebSite","@id":"https:\/\/www.eldiario.net\/portal\/#website","url":"https:\/\/www.eldiario.net\/portal\/","name":"El Diario - Decano de la prensa nacional","description":"El Diario - Decano de la prensa nacional","publisher":{"@id":"https:\/\/www.eldiario.net\/portal\/#organization"},"potentialAction":[{"@type":"SearchAction","target":{"@type":"EntryPoint","urlTemplate":"https:\/\/www.eldiario.net\/portal\/?s={search_term_string}"},"query-input":{"@type":"PropertyValueSpecification","valueRequired":true,"valueName":"search_term_string"}}],"inLanguage":"es"},{"@type":"Organization","@id":"https:\/\/www.eldiario.net\/portal\/#organization","name":"El Diario - Decano de la prensa nacional","url":"https:\/\/www.eldiario.net\/portal\/","logo":{"@type":"ImageObject","inLanguage":"es","@id":"https:\/\/www.eldiario.net\/portal\/#\/schema\/logo\/image\/","url":"https:\/\/www.eldiario.net\/portal\/wp-content\/uploads\/2023\/07\/logo_ED.jpg","contentUrl":"https:\/\/www.eldiario.net\/portal\/wp-content\/uploads\/2023\/07\/logo_ED.jpg","width":272,"height":52,"caption":"El Diario - Decano de la prensa nacional"},"image":{"@id":"https:\/\/www.eldiario.net\/portal\/#\/schema\/logo\/image\/"},"sameAs":["https:\/\/www.facebook.com\/eldiario.bolivia\/","https:\/\/x.com\/eldiario_net"]},{"@type":"Person","@id":"https:\/\/www.eldiario.net\/portal\/#\/schema\/person\/f46445640444750d7d753ccd04ae01b7","name":"Jeanette","image":{"@type":"ImageObject","inLanguage":"es","@id":"https:\/\/secure.gravatar.com\/avatar\/3ea2118a5f7dad2b7138b1187a6b7ee55f160b9968b66013c3a3ef39dd7e5798?s=96&d=mm&r=g","url":"https:\/\/secure.gravatar.com\/avatar\/3ea2118a5f7dad2b7138b1187a6b7ee55f160b9968b66013c3a3ef39dd7e5798?s=96&d=mm&r=g","contentUrl":"https:\/\/secure.gravatar.com\/avatar\/3ea2118a5f7dad2b7138b1187a6b7ee55f160b9968b66013c3a3ef39dd7e5798?s=96&d=mm&r=g","caption":"Jeanette"},"sameAs":["https:\/\/www.eldiario.net\/portal"],"url":"https:\/\/www.eldiario.net\/portal\/author\/jeanette\/"}]}},"_links":{"self":[{"href":"https:\/\/www.eldiario.net\/portal\/wp-json\/wp\/v2\/posts\/264142","targetHints":{"allow":["GET"]}}],"collection":[{"href":"https:\/\/www.eldiario.net\/portal\/wp-json\/wp\/v2\/posts"}],"about":[{"href":"https:\/\/www.eldiario.net\/portal\/wp-json\/wp\/v2\/types\/post"}],"author":[{"embeddable":true,"href":"https:\/\/www.eldiario.net\/portal\/wp-json\/wp\/v2\/users\/1"}],"replies":[{"embeddable":true,"href":"https:\/\/www.eldiario.net\/portal\/wp-json\/wp\/v2\/comments?post=264142"}],"version-history":[{"count":1,"href":"https:\/\/www.eldiario.net\/portal\/wp-json\/wp\/v2\/posts\/264142\/revisions"}],"predecessor-version":[{"id":264144,"href":"https:\/\/www.eldiario.net\/portal\/wp-json\/wp\/v2\/posts\/264142\/revisions\/264144"}],"wp:featuredmedia":[{"embeddable":true,"href":"https:\/\/www.eldiario.net\/portal\/wp-json\/wp\/v2\/media\/264143"}],"wp:attachment":[{"href":"https:\/\/www.eldiario.net\/portal\/wp-json\/wp\/v2\/media?parent=264142"}],"wp:term":[{"taxonomy":"category","embeddable":true,"href":"https:\/\/www.eldiario.net\/portal\/wp-json\/wp\/v2\/categories?post=264142"},{"taxonomy":"post_tag","embeddable":true,"href":"https:\/\/www.eldiario.net\/portal\/wp-json\/wp\/v2\/tags?post=264142"}],"curies":[{"name":"wp","href":"https:\/\/api.w.org\/{rel}","templated":true}]}}