{"id":26412,"date":"2021-08-29T07:06:08","date_gmt":"2021-08-29T11:06:08","guid":{"rendered":"https:\/\/www.eldiario.net\/portal\/?p=26412"},"modified":"2021-08-29T07:06:08","modified_gmt":"2021-08-29T11:06:08","slug":"ex-jefe-militar-ordeno-traslado-de-asambleistas","status":"publish","type":"post","link":"https:\/\/www.eldiario.net\/portal\/2021\/08\/29\/ex-jefe-militar-ordeno-traslado-de-asambleistas\/","title":{"rendered":"Ex jefe militar orden\u00f3  traslado de asamble\u00edstas"},"content":{"rendered":"<p>En el marco de las investigaciones por el caso denominado \u201cgolpe de Estado\u201d, el general Jorge Terceros, excomandante de la Fuerza A\u00e9rea, declar\u00f3 ante la Fiscal\u00eda que, durante la crisis de vac\u00edo de poder de 2019, el entonces comandante en jefe, Williams Kaliman, orden\u00f3 a las Fuerzas Armadas el traslado de asamble\u00edstas nacionales para que sesionen, inform\u00f3 su abogado Eusebio Vera.<br \/>\nTerceros ya hab\u00eda declarado en el caso \u201cgolpe de Estado\u201d que se investiga por los delitos de terrorismo, sedici\u00f3n y conspiraci\u00f3n, pero al abrirse un segundo proceso por los tipos penales de incumplimiento de deberes y resoluciones contrarias a la Constituci\u00f3n, el general volvi\u00f3 a ser convocado a declarar. Seg\u00fan su abogado, el general Terceros detall\u00f3 los hechos entre el 9, 10 y 11 de noviembre de 2019.<br \/>\n\u201cLa declaraci\u00f3n del general Terceros ha establecido que el d\u00eda 11, mientras hac\u00eda el recorrido de un patrullaje por la ciudad de La Paz v\u00eda a\u00e9rea, el general Kaliman habr\u00eda ordenado que se constituyan a las ciudades de Cochabamba, Tarija y Sucre a objeto de que puedan asamble\u00edstas del \u00d3rgano Legislativo ser trasladados hasta la ciudad de La Paz, a objeto de resolver el qu\u00f3rum correspondiente y resolver este vac\u00edo de poder que estaba atravesando en ese momento el Estado boliviano\u201d, detall\u00f3 el jurista.<br \/>\nTras la renuncia de Evo Morales el 10 de noviembre de 2019, se conoci\u00f3 que se estaba buscando la manera de que asamble\u00edstas lleguen a La Paz para sesionar y definir el tema de la sucesi\u00f3n constitucional.<\/p>\n","protected":false},"excerpt":{"rendered":"<p>En el marco de las investigaciones por el caso denominado \u201cgolpe de Estado\u201d, el general Jorge Terceros, excomandante de la Fuerza A\u00e9rea, declar\u00f3 ante la Fiscal\u00eda que, durante la crisis de vac\u00edo de poder de 2019, el entonces comandante en jefe, Williams Kaliman, orden\u00f3 a las Fuerzas Armadas el traslado de asamble\u00edstas nacionales para que [&hellip;]<\/p>\n","protected":false},"author":1,"featured_media":0,"comment_status":"closed","ping_status":"closed","sticky":false,"template":"","format":"standard","meta":{"_acf_changed":false,"footnotes":""},"categories":[39],"tags":[],"class_list":["post-26412","post","type-post","status-publish","format-standard","category-sociedad"],"acf":{"antetitulo":""},"yoast_head":"<!-- This site is optimized with the Yoast SEO plugin v28.4 - https:\/\/yoast.com\/product\/yoast-seo-wordpress\/ -->\n<title>Ex jefe militar orden\u00f3 traslado de asamble\u00edstas - El Diario - Bolivia<\/title>\n<meta name=\"robots\" content=\"index, follow, max-snippet:-1, max-image-preview:large, max-video-preview:-1\" \/>\n<link rel=\"canonical\" href=\"https:\/\/www.eldiario.net\/portal\/2021\/08\/29\/ex-jefe-militar-ordeno-traslado-de-asambleistas\/\" \/>\n<meta property=\"og:locale\" content=\"es_ES\" \/>\n<meta property=\"og:type\" content=\"article\" \/>\n<meta property=\"og:title\" content=\"Ex jefe militar orden\u00f3 traslado de asamble\u00edstas - El Diario - Bolivia\" \/>\n<meta property=\"og:description\" content=\"En el marco de las investigaciones por el caso denominado \u201cgolpe de Estado\u201d, el general Jorge Terceros, excomandante de la Fuerza A\u00e9rea, declar\u00f3 ante la Fiscal\u00eda que, durante la crisis de vac\u00edo de poder de 2019, el entonces comandante en jefe, Williams Kaliman, orden\u00f3 a las Fuerzas Armadas el traslado de asamble\u00edstas nacionales para que [&hellip;]\" \/>\n<meta property=\"og:url\" content=\"https:\/\/www.eldiario.net\/portal\/2021\/08\/29\/ex-jefe-militar-ordeno-traslado-de-asambleistas\/\" \/>\n<meta property=\"og:site_name\" content=\"El Diario - Bolivia\" \/>\n<meta property=\"article:publisher\" content=\"https:\/\/www.facebook.com\/eldiario.bolivia\/\" \/>\n<meta property=\"article:published_time\" content=\"2021-08-29T11:06:08+00:00\" \/>\n<meta name=\"author\" content=\"Jeanette\" \/>\n<meta name=\"twitter:card\" content=\"summary_large_image\" \/>\n<meta name=\"twitter:creator\" content=\"@eldiario_net\" \/>\n<meta name=\"twitter:site\" content=\"@eldiario_net\" \/>\n<meta name=\"twitter:label1\" content=\"Escrito por\" \/>\n\t<meta name=\"twitter:data1\" content=\"Jeanette\" \/>\n\t<meta name=\"twitter:label2\" content=\"Tiempo de lectura\" \/>\n\t<meta name=\"twitter:data2\" content=\"2 minutos\" \/>\n<script type=\"application\/ld+json\" class=\"yoast-schema-graph\">{\"@context\":\"https:\\\/\\\/schema.org\",\"@graph\":[{\"@type\":\"Article\",\"@id\":\"https:\\\/\\\/www.eldiario.net\\\/portal\\\/2021\\\/08\\\/29\\\/ex-jefe-militar-ordeno-traslado-de-asambleistas\\\/#article\",\"isPartOf\":{\"@id\":\"https:\\\/\\\/www.eldiario.net\\\/portal\\\/2021\\\/08\\\/29\\\/ex-jefe-militar-ordeno-traslado-de-asambleistas\\\/\"},\"author\":{\"name\":\"Jeanette\",\"@id\":\"https:\\\/\\\/www.eldiario.net\\\/portal\\\/#\\\/schema\\\/person\\\/f46445640444750d7d753ccd04ae01b7\"},\"headline\":\"Ex jefe militar orden\u00f3 traslado de asamble\u00edstas\",\"datePublished\":\"2021-08-29T11:06:08+00:00\",\"mainEntityOfPage\":{\"@id\":\"https:\\\/\\\/www.eldiario.net\\\/portal\\\/2021\\\/08\\\/29\\\/ex-jefe-militar-ordeno-traslado-de-asambleistas\\\/\"},\"wordCount\":270,\"publisher\":{\"@id\":\"https:\\\/\\\/www.eldiario.net\\\/portal\\\/#organization\"},\"articleSection\":[\"Sociedad - Seguridad\"],\"inLanguage\":\"es\"},{\"@type\":\"WebPage\",\"@id\":\"https:\\\/\\\/www.eldiario.net\\\/portal\\\/2021\\\/08\\\/29\\\/ex-jefe-militar-ordeno-traslado-de-asambleistas\\\/\",\"url\":\"https:\\\/\\\/www.eldiario.net\\\/portal\\\/2021\\\/08\\\/29\\\/ex-jefe-militar-ordeno-traslado-de-asambleistas\\\/\",\"name\":\"Ex jefe militar orden\u00f3 traslado de asamble\u00edstas - El Diario - Bolivia\",\"isPartOf\":{\"@id\":\"https:\\\/\\\/www.eldiario.net\\\/portal\\\/#website\"},\"datePublished\":\"2021-08-29T11:06:08+00:00\",\"breadcrumb\":{\"@id\":\"https:\\\/\\\/www.eldiario.net\\\/portal\\\/2021\\\/08\\\/29\\\/ex-jefe-militar-ordeno-traslado-de-asambleistas\\\/#breadcrumb\"},\"inLanguage\":\"es\",\"potentialAction\":[{\"@type\":\"ReadAction\",\"target\":[\"https:\\\/\\\/www.eldiario.net\\\/portal\\\/2021\\\/08\\\/29\\\/ex-jefe-militar-ordeno-traslado-de-asambleistas\\\/\"]}]},{\"@type\":\"BreadcrumbList\",\"@id\":\"https:\\\/\\\/www.eldiario.net\\\/portal\\\/2021\\\/08\\\/29\\\/ex-jefe-militar-ordeno-traslado-de-asambleistas\\\/#breadcrumb\",\"itemListElement\":[{\"@type\":\"ListItem\",\"position\":1,\"name\":\"Portada\",\"item\":\"https:\\\/\\\/www.eldiario.net\\\/portal\\\/\"},{\"@type\":\"ListItem\",\"position\":2,\"name\":\"Ex jefe militar orden\u00f3 traslado de asamble\u00edstas\"}]},{\"@type\":\"WebSite\",\"@id\":\"https:\\\/\\\/www.eldiario.net\\\/portal\\\/#website\",\"url\":\"https:\\\/\\\/www.eldiario.net\\\/portal\\\/\",\"name\":\"El Diario - Decano de la prensa nacional\",\"description\":\"El Diario - Decano de la prensa nacional\",\"publisher\":{\"@id\":\"https:\\\/\\\/www.eldiario.net\\\/portal\\\/#organization\"},\"potentialAction\":[{\"@type\":\"SearchAction\",\"target\":{\"@type\":\"EntryPoint\",\"urlTemplate\":\"https:\\\/\\\/www.eldiario.net\\\/portal\\\/?s={search_term_string}\"},\"query-input\":{\"@type\":\"PropertyValueSpecification\",\"valueRequired\":true,\"valueName\":\"search_term_string\"}}],\"inLanguage\":\"es\"},{\"@type\":\"Organization\",\"@id\":\"https:\\\/\\\/www.eldiario.net\\\/portal\\\/#organization\",\"name\":\"El Diario - Decano de la prensa nacional\",\"url\":\"https:\\\/\\\/www.eldiario.net\\\/portal\\\/\",\"logo\":{\"@type\":\"ImageObject\",\"inLanguage\":\"es\",\"@id\":\"https:\\\/\\\/www.eldiario.net\\\/portal\\\/#\\\/schema\\\/logo\\\/image\\\/\",\"url\":\"https:\\\/\\\/www.eldiario.net\\\/portal\\\/wp-content\\\/uploads\\\/2023\\\/07\\\/logo_ED.jpg\",\"contentUrl\":\"https:\\\/\\\/www.eldiario.net\\\/portal\\\/wp-content\\\/uploads\\\/2023\\\/07\\\/logo_ED.jpg\",\"width\":272,\"height\":52,\"caption\":\"El Diario - Decano de la prensa nacional\"},\"image\":{\"@id\":\"https:\\\/\\\/www.eldiario.net\\\/portal\\\/#\\\/schema\\\/logo\\\/image\\\/\"},\"sameAs\":[\"https:\\\/\\\/www.facebook.com\\\/eldiario.bolivia\\\/\",\"https:\\\/\\\/x.com\\\/eldiario_net\"]},{\"@type\":\"Person\",\"@id\":\"https:\\\/\\\/www.eldiario.net\\\/portal\\\/#\\\/schema\\\/person\\\/f46445640444750d7d753ccd04ae01b7\",\"name\":\"Jeanette\",\"image\":{\"@type\":\"ImageObject\",\"inLanguage\":\"es\",\"@id\":\"https:\\\/\\\/secure.gravatar.com\\\/avatar\\\/3ea2118a5f7dad2b7138b1187a6b7ee55f160b9968b66013c3a3ef39dd7e5798?s=96&d=mm&r=g\",\"url\":\"https:\\\/\\\/secure.gravatar.com\\\/avatar\\\/3ea2118a5f7dad2b7138b1187a6b7ee55f160b9968b66013c3a3ef39dd7e5798?s=96&d=mm&r=g\",\"contentUrl\":\"https:\\\/\\\/secure.gravatar.com\\\/avatar\\\/3ea2118a5f7dad2b7138b1187a6b7ee55f160b9968b66013c3a3ef39dd7e5798?s=96&d=mm&r=g\",\"caption\":\"Jeanette\"},\"sameAs\":[\"https:\\\/\\\/www.eldiario.net\\\/portal\"],\"url\":\"https:\\\/\\\/www.eldiario.net\\\/portal\\\/author\\\/jeanette\\\/\"}]}<\/script>\n<!-- \/ Yoast SEO plugin. -->","yoast_head_json":{"title":"Ex jefe militar orden\u00f3 traslado de asamble\u00edstas - El Diario - Bolivia","robots":{"index":"index","follow":"follow","max-snippet":"max-snippet:-1","max-image-preview":"max-image-preview:large","max-video-preview":"max-video-preview:-1"},"canonical":"https:\/\/www.eldiario.net\/portal\/2021\/08\/29\/ex-jefe-militar-ordeno-traslado-de-asambleistas\/","og_locale":"es_ES","og_type":"article","og_title":"Ex jefe militar orden\u00f3 traslado de asamble\u00edstas - El Diario - Bolivia","og_description":"En el marco de las investigaciones por el caso denominado \u201cgolpe de Estado\u201d, el general Jorge Terceros, excomandante de la Fuerza A\u00e9rea, declar\u00f3 ante la Fiscal\u00eda que, durante la crisis de vac\u00edo de poder de 2019, el entonces comandante en jefe, Williams Kaliman, orden\u00f3 a las Fuerzas Armadas el traslado de asamble\u00edstas nacionales para que [&hellip;]","og_url":"https:\/\/www.eldiario.net\/portal\/2021\/08\/29\/ex-jefe-militar-ordeno-traslado-de-asambleistas\/","og_site_name":"El Diario - Bolivia","article_publisher":"https:\/\/www.facebook.com\/eldiario.bolivia\/","article_published_time":"2021-08-29T11:06:08+00:00","author":"Jeanette","twitter_card":"summary_large_image","twitter_creator":"@eldiario_net","twitter_site":"@eldiario_net","twitter_misc":{"Escrito por":"Jeanette","Tiempo de lectura":"2 minutos"},"schema":{"@context":"https:\/\/schema.org","@graph":[{"@type":"Article","@id":"https:\/\/www.eldiario.net\/portal\/2021\/08\/29\/ex-jefe-militar-ordeno-traslado-de-asambleistas\/#article","isPartOf":{"@id":"https:\/\/www.eldiario.net\/portal\/2021\/08\/29\/ex-jefe-militar-ordeno-traslado-de-asambleistas\/"},"author":{"name":"Jeanette","@id":"https:\/\/www.eldiario.net\/portal\/#\/schema\/person\/f46445640444750d7d753ccd04ae01b7"},"headline":"Ex jefe militar orden\u00f3 traslado de asamble\u00edstas","datePublished":"2021-08-29T11:06:08+00:00","mainEntityOfPage":{"@id":"https:\/\/www.eldiario.net\/portal\/2021\/08\/29\/ex-jefe-militar-ordeno-traslado-de-asambleistas\/"},"wordCount":270,"publisher":{"@id":"https:\/\/www.eldiario.net\/portal\/#organization"},"articleSection":["Sociedad - Seguridad"],"inLanguage":"es"},{"@type":"WebPage","@id":"https:\/\/www.eldiario.net\/portal\/2021\/08\/29\/ex-jefe-militar-ordeno-traslado-de-asambleistas\/","url":"https:\/\/www.eldiario.net\/portal\/2021\/08\/29\/ex-jefe-militar-ordeno-traslado-de-asambleistas\/","name":"Ex jefe militar orden\u00f3 traslado de asamble\u00edstas - El Diario - Bolivia","isPartOf":{"@id":"https:\/\/www.eldiario.net\/portal\/#website"},"datePublished":"2021-08-29T11:06:08+00:00","breadcrumb":{"@id":"https:\/\/www.eldiario.net\/portal\/2021\/08\/29\/ex-jefe-militar-ordeno-traslado-de-asambleistas\/#breadcrumb"},"inLanguage":"es","potentialAction":[{"@type":"ReadAction","target":["https:\/\/www.eldiario.net\/portal\/2021\/08\/29\/ex-jefe-militar-ordeno-traslado-de-asambleistas\/"]}]},{"@type":"BreadcrumbList","@id":"https:\/\/www.eldiario.net\/portal\/2021\/08\/29\/ex-jefe-militar-ordeno-traslado-de-asambleistas\/#breadcrumb","itemListElement":[{"@type":"ListItem","position":1,"name":"Portada","item":"https:\/\/www.eldiario.net\/portal\/"},{"@type":"ListItem","position":2,"name":"Ex jefe militar orden\u00f3 traslado de asamble\u00edstas"}]},{"@type":"WebSite","@id":"https:\/\/www.eldiario.net\/portal\/#website","url":"https:\/\/www.eldiario.net\/portal\/","name":"El Diario - Decano de la prensa nacional","description":"El Diario - Decano de la prensa nacional","publisher":{"@id":"https:\/\/www.eldiario.net\/portal\/#organization"},"potentialAction":[{"@type":"SearchAction","target":{"@type":"EntryPoint","urlTemplate":"https:\/\/www.eldiario.net\/portal\/?s={search_term_string}"},"query-input":{"@type":"PropertyValueSpecification","valueRequired":true,"valueName":"search_term_string"}}],"inLanguage":"es"},{"@type":"Organization","@id":"https:\/\/www.eldiario.net\/portal\/#organization","name":"El Diario - Decano de la prensa nacional","url":"https:\/\/www.eldiario.net\/portal\/","logo":{"@type":"ImageObject","inLanguage":"es","@id":"https:\/\/www.eldiario.net\/portal\/#\/schema\/logo\/image\/","url":"https:\/\/www.eldiario.net\/portal\/wp-content\/uploads\/2023\/07\/logo_ED.jpg","contentUrl":"https:\/\/www.eldiario.net\/portal\/wp-content\/uploads\/2023\/07\/logo_ED.jpg","width":272,"height":52,"caption":"El Diario - Decano de la prensa nacional"},"image":{"@id":"https:\/\/www.eldiario.net\/portal\/#\/schema\/logo\/image\/"},"sameAs":["https:\/\/www.facebook.com\/eldiario.bolivia\/","https:\/\/x.com\/eldiario_net"]},{"@type":"Person","@id":"https:\/\/www.eldiario.net\/portal\/#\/schema\/person\/f46445640444750d7d753ccd04ae01b7","name":"Jeanette","image":{"@type":"ImageObject","inLanguage":"es","@id":"https:\/\/secure.gravatar.com\/avatar\/3ea2118a5f7dad2b7138b1187a6b7ee55f160b9968b66013c3a3ef39dd7e5798?s=96&d=mm&r=g","url":"https:\/\/secure.gravatar.com\/avatar\/3ea2118a5f7dad2b7138b1187a6b7ee55f160b9968b66013c3a3ef39dd7e5798?s=96&d=mm&r=g","contentUrl":"https:\/\/secure.gravatar.com\/avatar\/3ea2118a5f7dad2b7138b1187a6b7ee55f160b9968b66013c3a3ef39dd7e5798?s=96&d=mm&r=g","caption":"Jeanette"},"sameAs":["https:\/\/www.eldiario.net\/portal"],"url":"https:\/\/www.eldiario.net\/portal\/author\/jeanette\/"}]}},"_links":{"self":[{"href":"https:\/\/www.eldiario.net\/portal\/wp-json\/wp\/v2\/posts\/26412","targetHints":{"allow":["GET"]}}],"collection":[{"href":"https:\/\/www.eldiario.net\/portal\/wp-json\/wp\/v2\/posts"}],"about":[{"href":"https:\/\/www.eldiario.net\/portal\/wp-json\/wp\/v2\/types\/post"}],"author":[{"embeddable":true,"href":"https:\/\/www.eldiario.net\/portal\/wp-json\/wp\/v2\/users\/1"}],"replies":[{"embeddable":true,"href":"https:\/\/www.eldiario.net\/portal\/wp-json\/wp\/v2\/comments?post=26412"}],"version-history":[{"count":0,"href":"https:\/\/www.eldiario.net\/portal\/wp-json\/wp\/v2\/posts\/26412\/revisions"}],"wp:attachment":[{"href":"https:\/\/www.eldiario.net\/portal\/wp-json\/wp\/v2\/media?parent=26412"}],"wp:term":[{"taxonomy":"category","embeddable":true,"href":"https:\/\/www.eldiario.net\/portal\/wp-json\/wp\/v2\/categories?post=26412"},{"taxonomy":"post_tag","embeddable":true,"href":"https:\/\/www.eldiario.net\/portal\/wp-json\/wp\/v2\/tags?post=26412"}],"curies":[{"name":"wp","href":"https:\/\/api.w.org\/{rel}","templated":true}]}}