{"id":263624,"date":"2024-11-25T15:45:15","date_gmt":"2024-11-25T19:45:15","guid":{"rendered":"https:\/\/www.eldiario.net\/portal\/?p=263624"},"modified":"2024-11-25T17:55:42","modified_gmt":"2024-11-25T21:55:42","slug":"hallan-al-quinto-cuerpo-de-las-victimas-torturadas-y-ejecutadas-en-puca-mayu-1545","status":"publish","type":"post","link":"https:\/\/www.eldiario.net\/portal\/2024\/11\/25\/hallan-al-quinto-cuerpo-de-las-victimas-torturadas-y-ejecutadas-en-puca-mayu-1545\/","title":{"rendered":"Hallan quinto cuerpo de las v\u00edctimas torturadas y ejecutadas en Puca Mayu. (15:45)"},"content":{"rendered":"<p>El cuerpo de Cristhian Serna, fue hallado en una fosa en la comunidad de Puca Mayu, tras d\u00edas de intensa b\u00fasqueda policial. Seg\u00fan inform\u00f3 el Ministro de Gobierno, Carlos Eduardo del Castillo, en sus redes sociales.<\/p>\n<p>Seg\u00fan las investigaciones, Serna habr\u00eda sido enterrado vivo tras un intento fallido de fuga, convirti\u00e9ndose en la quinta v\u00edctima de un atroz crimen. Las autoridades indicaron que el joven era acusado por un grupo de comunarios de una supuesta fallida entrega de armas, por la cual habr\u00eda recibido Bs 27.800.<\/p>\n<p>Los primeros cuatro cuerpos encontrados pertenecen a Tadashi Loro\u00f1a, Trinidad Mu\u00f1oz, Auristela Loro\u00f1a y Juan Carlos Rom\u00e1n, quienes, al igual que Serna, fueron\u00a0 torturados y ejecutados con disparos en la cabeza.<\/p>\n","protected":false},"excerpt":{"rendered":"<p>El cuerpo de Cristhian Serna, fue hallado en una fosa en la comunidad de Puca Mayu, tras d\u00edas de intensa b\u00fasqueda policial. Seg\u00fan inform\u00f3 el Ministro de Gobierno, Carlos Eduardo del Castillo, en sus redes sociales. Seg\u00fan las investigaciones, Serna habr\u00eda sido enterrado vivo tras un intento fallido de fuga, convirti\u00e9ndose en la quinta v\u00edctima [&hellip;]<\/p>\n","protected":false},"author":7,"featured_media":263625,"comment_status":"closed","ping_status":"open","sticky":false,"template":"","format":"standard","meta":{"_acf_changed":false,"footnotes":""},"categories":[51],"tags":[],"class_list":["post-263624","post","type-post","status-publish","format-standard","has-post-thumbnail","category-ultima-hora"],"acf":{"antetitulo":""},"yoast_head":"<!-- This site is optimized with the Yoast SEO plugin v28.4 - https:\/\/yoast.com\/product\/yoast-seo-wordpress\/ -->\n<title>Hallan quinto cuerpo de las v\u00edctimas torturadas y ejecutadas en Puca Mayu. (15:45) - El Diario - Bolivia<\/title>\n<meta name=\"robots\" content=\"index, follow, max-snippet:-1, max-image-preview:large, max-video-preview:-1\" \/>\n<link rel=\"canonical\" href=\"https:\/\/www.eldiario.net\/portal\/2024\/11\/25\/hallan-al-quinto-cuerpo-de-las-victimas-torturadas-y-ejecutadas-en-puca-mayu-1545\/\" \/>\n<meta property=\"og:locale\" content=\"es_ES\" \/>\n<meta property=\"og:type\" content=\"article\" \/>\n<meta property=\"og:title\" content=\"Hallan quinto cuerpo de las v\u00edctimas torturadas y ejecutadas en Puca Mayu. (15:45) - El Diario - Bolivia\" \/>\n<meta property=\"og:description\" content=\"El cuerpo de Cristhian Serna, fue hallado en una fosa en la comunidad de Puca Mayu, tras d\u00edas de intensa b\u00fasqueda policial. Seg\u00fan inform\u00f3 el Ministro de Gobierno, Carlos Eduardo del Castillo, en sus redes sociales. Seg\u00fan las investigaciones, Serna habr\u00eda sido enterrado vivo tras un intento fallido de fuga, convirti\u00e9ndose en la quinta v\u00edctima [&hellip;]\" \/>\n<meta property=\"og:url\" content=\"https:\/\/www.eldiario.net\/portal\/2024\/11\/25\/hallan-al-quinto-cuerpo-de-las-victimas-torturadas-y-ejecutadas-en-puca-mayu-1545\/\" \/>\n<meta property=\"og:site_name\" content=\"El Diario - Bolivia\" \/>\n<meta property=\"article:publisher\" content=\"https:\/\/www.facebook.com\/eldiario.bolivia\/\" \/>\n<meta property=\"article:published_time\" content=\"2024-11-25T19:45:15+00:00\" \/>\n<meta property=\"article:modified_time\" content=\"2024-11-25T21:55:42+00:00\" \/>\n<meta property=\"og:image\" content=\"https:\/\/www.eldiario.net\/portal\/wp-content\/uploads\/2024\/11\/pucamayu-e1732563864443.jpg\" \/>\n\t<meta property=\"og:image:width\" content=\"300\" \/>\n\t<meta property=\"og:image:height\" content=\"400\" \/>\n\t<meta property=\"og:image:type\" content=\"image\/jpeg\" \/>\n<meta name=\"author\" content=\"Viviana Monrroy\" \/>\n<meta name=\"twitter:card\" content=\"summary_large_image\" \/>\n<meta name=\"twitter:creator\" content=\"@eldiario_net\" \/>\n<meta name=\"twitter:site\" content=\"@eldiario_net\" \/>\n<meta name=\"twitter:label1\" content=\"Escrito por\" \/>\n\t<meta name=\"twitter:data1\" content=\"Viviana Monrroy\" \/>\n\t<meta name=\"twitter:label2\" content=\"Tiempo de lectura\" \/>\n\t<meta name=\"twitter:data2\" content=\"1 minuto\" \/>\n<script type=\"application\/ld+json\" class=\"yoast-schema-graph\">{\"@context\":\"https:\\\/\\\/schema.org\",\"@graph\":[{\"@type\":\"Article\",\"@id\":\"https:\\\/\\\/www.eldiario.net\\\/portal\\\/2024\\\/11\\\/25\\\/hallan-al-quinto-cuerpo-de-las-victimas-torturadas-y-ejecutadas-en-puca-mayu-1545\\\/#article\",\"isPartOf\":{\"@id\":\"https:\\\/\\\/www.eldiario.net\\\/portal\\\/2024\\\/11\\\/25\\\/hallan-al-quinto-cuerpo-de-las-victimas-torturadas-y-ejecutadas-en-puca-mayu-1545\\\/\"},\"author\":{\"name\":\"Viviana Monrroy\",\"@id\":\"https:\\\/\\\/www.eldiario.net\\\/portal\\\/#\\\/schema\\\/person\\\/32cc89e801dfcbad3a54f91da7f2ea06\"},\"headline\":\"Hallan quinto cuerpo de las v\u00edctimas torturadas y ejecutadas en Puca Mayu. (15:45)\",\"datePublished\":\"2024-11-25T19:45:15+00:00\",\"dateModified\":\"2024-11-25T21:55:42+00:00\",\"mainEntityOfPage\":{\"@id\":\"https:\\\/\\\/www.eldiario.net\\\/portal\\\/2024\\\/11\\\/25\\\/hallan-al-quinto-cuerpo-de-las-victimas-torturadas-y-ejecutadas-en-puca-mayu-1545\\\/\"},\"wordCount\":141,\"publisher\":{\"@id\":\"https:\\\/\\\/www.eldiario.net\\\/portal\\\/#organization\"},\"image\":{\"@id\":\"https:\\\/\\\/www.eldiario.net\\\/portal\\\/2024\\\/11\\\/25\\\/hallan-al-quinto-cuerpo-de-las-victimas-torturadas-y-ejecutadas-en-puca-mayu-1545\\\/#primaryimage\"},\"thumbnailUrl\":\"https:\\\/\\\/www.eldiario.net\\\/portal\\\/wp-content\\\/uploads\\\/2024\\\/11\\\/pucamayu-e1732563864443.jpg\",\"articleSection\":[\"\u00daltima Hora\"],\"inLanguage\":\"es\"},{\"@type\":\"WebPage\",\"@id\":\"https:\\\/\\\/www.eldiario.net\\\/portal\\\/2024\\\/11\\\/25\\\/hallan-al-quinto-cuerpo-de-las-victimas-torturadas-y-ejecutadas-en-puca-mayu-1545\\\/\",\"url\":\"https:\\\/\\\/www.eldiario.net\\\/portal\\\/2024\\\/11\\\/25\\\/hallan-al-quinto-cuerpo-de-las-victimas-torturadas-y-ejecutadas-en-puca-mayu-1545\\\/\",\"name\":\"Hallan quinto cuerpo de las v\u00edctimas torturadas y ejecutadas en Puca Mayu. (15:45) - El Diario - Bolivia\",\"isPartOf\":{\"@id\":\"https:\\\/\\\/www.eldiario.net\\\/portal\\\/#website\"},\"primaryImageOfPage\":{\"@id\":\"https:\\\/\\\/www.eldiario.net\\\/portal\\\/2024\\\/11\\\/25\\\/hallan-al-quinto-cuerpo-de-las-victimas-torturadas-y-ejecutadas-en-puca-mayu-1545\\\/#primaryimage\"},\"image\":{\"@id\":\"https:\\\/\\\/www.eldiario.net\\\/portal\\\/2024\\\/11\\\/25\\\/hallan-al-quinto-cuerpo-de-las-victimas-torturadas-y-ejecutadas-en-puca-mayu-1545\\\/#primaryimage\"},\"thumbnailUrl\":\"https:\\\/\\\/www.eldiario.net\\\/portal\\\/wp-content\\\/uploads\\\/2024\\\/11\\\/pucamayu-e1732563864443.jpg\",\"datePublished\":\"2024-11-25T19:45:15+00:00\",\"dateModified\":\"2024-11-25T21:55:42+00:00\",\"breadcrumb\":{\"@id\":\"https:\\\/\\\/www.eldiario.net\\\/portal\\\/2024\\\/11\\\/25\\\/hallan-al-quinto-cuerpo-de-las-victimas-torturadas-y-ejecutadas-en-puca-mayu-1545\\\/#breadcrumb\"},\"inLanguage\":\"es\",\"potentialAction\":[{\"@type\":\"ReadAction\",\"target\":[\"https:\\\/\\\/www.eldiario.net\\\/portal\\\/2024\\\/11\\\/25\\\/hallan-al-quinto-cuerpo-de-las-victimas-torturadas-y-ejecutadas-en-puca-mayu-1545\\\/\"]}]},{\"@type\":\"ImageObject\",\"inLanguage\":\"es\",\"@id\":\"https:\\\/\\\/www.eldiario.net\\\/portal\\\/2024\\\/11\\\/25\\\/hallan-al-quinto-cuerpo-de-las-victimas-torturadas-y-ejecutadas-en-puca-mayu-1545\\\/#primaryimage\",\"url\":\"https:\\\/\\\/www.eldiario.net\\\/portal\\\/wp-content\\\/uploads\\\/2024\\\/11\\\/pucamayu-e1732563864443.jpg\",\"contentUrl\":\"https:\\\/\\\/www.eldiario.net\\\/portal\\\/wp-content\\\/uploads\\\/2024\\\/11\\\/pucamayu-e1732563864443.jpg\",\"width\":300,\"height\":400,\"caption\":\"Foto: RR.SS.\"},{\"@type\":\"BreadcrumbList\",\"@id\":\"https:\\\/\\\/www.eldiario.net\\\/portal\\\/2024\\\/11\\\/25\\\/hallan-al-quinto-cuerpo-de-las-victimas-torturadas-y-ejecutadas-en-puca-mayu-1545\\\/#breadcrumb\",\"itemListElement\":[{\"@type\":\"ListItem\",\"position\":1,\"name\":\"Portada\",\"item\":\"https:\\\/\\\/www.eldiario.net\\\/portal\\\/\"},{\"@type\":\"ListItem\",\"position\":2,\"name\":\"Hallan quinto cuerpo de las v\u00edctimas torturadas y ejecutadas en Puca Mayu. (15:45)\"}]},{\"@type\":\"WebSite\",\"@id\":\"https:\\\/\\\/www.eldiario.net\\\/portal\\\/#website\",\"url\":\"https:\\\/\\\/www.eldiario.net\\\/portal\\\/\",\"name\":\"El Diario - Decano de la prensa nacional\",\"description\":\"El Diario - Decano de la prensa nacional\",\"publisher\":{\"@id\":\"https:\\\/\\\/www.eldiario.net\\\/portal\\\/#organization\"},\"potentialAction\":[{\"@type\":\"SearchAction\",\"target\":{\"@type\":\"EntryPoint\",\"urlTemplate\":\"https:\\\/\\\/www.eldiario.net\\\/portal\\\/?s={search_term_string}\"},\"query-input\":{\"@type\":\"PropertyValueSpecification\",\"valueRequired\":true,\"valueName\":\"search_term_string\"}}],\"inLanguage\":\"es\"},{\"@type\":\"Organization\",\"@id\":\"https:\\\/\\\/www.eldiario.net\\\/portal\\\/#organization\",\"name\":\"El Diario - Decano de la prensa nacional\",\"url\":\"https:\\\/\\\/www.eldiario.net\\\/portal\\\/\",\"logo\":{\"@type\":\"ImageObject\",\"inLanguage\":\"es\",\"@id\":\"https:\\\/\\\/www.eldiario.net\\\/portal\\\/#\\\/schema\\\/logo\\\/image\\\/\",\"url\":\"https:\\\/\\\/www.eldiario.net\\\/portal\\\/wp-content\\\/uploads\\\/2023\\\/07\\\/logo_ED.jpg\",\"contentUrl\":\"https:\\\/\\\/www.eldiario.net\\\/portal\\\/wp-content\\\/uploads\\\/2023\\\/07\\\/logo_ED.jpg\",\"width\":272,\"height\":52,\"caption\":\"El Diario - Decano de la prensa nacional\"},\"image\":{\"@id\":\"https:\\\/\\\/www.eldiario.net\\\/portal\\\/#\\\/schema\\\/logo\\\/image\\\/\"},\"sameAs\":[\"https:\\\/\\\/www.facebook.com\\\/eldiario.bolivia\\\/\",\"https:\\\/\\\/x.com\\\/eldiario_net\"]},{\"@type\":\"Person\",\"@id\":\"https:\\\/\\\/www.eldiario.net\\\/portal\\\/#\\\/schema\\\/person\\\/32cc89e801dfcbad3a54f91da7f2ea06\",\"name\":\"Viviana Monrroy\",\"image\":{\"@type\":\"ImageObject\",\"inLanguage\":\"es\",\"@id\":\"https:\\\/\\\/secure.gravatar.com\\\/avatar\\\/dfd1611ed5600959a0e5a9754503b6c05d1dcf190010998e0363aee2ad98afca?s=96&d=mm&r=g\",\"url\":\"https:\\\/\\\/secure.gravatar.com\\\/avatar\\\/dfd1611ed5600959a0e5a9754503b6c05d1dcf190010998e0363aee2ad98afca?s=96&d=mm&r=g\",\"contentUrl\":\"https:\\\/\\\/secure.gravatar.com\\\/avatar\\\/dfd1611ed5600959a0e5a9754503b6c05d1dcf190010998e0363aee2ad98afca?s=96&d=mm&r=g\",\"caption\":\"Viviana Monrroy\"},\"sameAs\":[\"http:\\\/\\\/www.eldiario.net\"],\"url\":\"https:\\\/\\\/www.eldiario.net\\\/portal\\\/author\\\/vivianamonrroy\\\/\"}]}<\/script>\n<!-- \/ Yoast SEO plugin. -->","yoast_head_json":{"title":"Hallan quinto cuerpo de las v\u00edctimas torturadas y ejecutadas en Puca Mayu. (15:45) - El Diario - Bolivia","robots":{"index":"index","follow":"follow","max-snippet":"max-snippet:-1","max-image-preview":"max-image-preview:large","max-video-preview":"max-video-preview:-1"},"canonical":"https:\/\/www.eldiario.net\/portal\/2024\/11\/25\/hallan-al-quinto-cuerpo-de-las-victimas-torturadas-y-ejecutadas-en-puca-mayu-1545\/","og_locale":"es_ES","og_type":"article","og_title":"Hallan quinto cuerpo de las v\u00edctimas torturadas y ejecutadas en Puca Mayu. (15:45) - El Diario - Bolivia","og_description":"El cuerpo de Cristhian Serna, fue hallado en una fosa en la comunidad de Puca Mayu, tras d\u00edas de intensa b\u00fasqueda policial. Seg\u00fan inform\u00f3 el Ministro de Gobierno, Carlos Eduardo del Castillo, en sus redes sociales. Seg\u00fan las investigaciones, Serna habr\u00eda sido enterrado vivo tras un intento fallido de fuga, convirti\u00e9ndose en la quinta v\u00edctima [&hellip;]","og_url":"https:\/\/www.eldiario.net\/portal\/2024\/11\/25\/hallan-al-quinto-cuerpo-de-las-victimas-torturadas-y-ejecutadas-en-puca-mayu-1545\/","og_site_name":"El Diario - Bolivia","article_publisher":"https:\/\/www.facebook.com\/eldiario.bolivia\/","article_published_time":"2024-11-25T19:45:15+00:00","article_modified_time":"2024-11-25T21:55:42+00:00","og_image":[{"width":300,"height":400,"url":"https:\/\/www.eldiario.net\/portal\/wp-content\/uploads\/2024\/11\/pucamayu-e1732563864443.jpg","type":"image\/jpeg"}],"author":"Viviana Monrroy","twitter_card":"summary_large_image","twitter_creator":"@eldiario_net","twitter_site":"@eldiario_net","twitter_misc":{"Escrito por":"Viviana Monrroy","Tiempo de lectura":"1 minuto"},"schema":{"@context":"https:\/\/schema.org","@graph":[{"@type":"Article","@id":"https:\/\/www.eldiario.net\/portal\/2024\/11\/25\/hallan-al-quinto-cuerpo-de-las-victimas-torturadas-y-ejecutadas-en-puca-mayu-1545\/#article","isPartOf":{"@id":"https:\/\/www.eldiario.net\/portal\/2024\/11\/25\/hallan-al-quinto-cuerpo-de-las-victimas-torturadas-y-ejecutadas-en-puca-mayu-1545\/"},"author":{"name":"Viviana Monrroy","@id":"https:\/\/www.eldiario.net\/portal\/#\/schema\/person\/32cc89e801dfcbad3a54f91da7f2ea06"},"headline":"Hallan quinto cuerpo de las v\u00edctimas torturadas y ejecutadas en Puca Mayu. (15:45)","datePublished":"2024-11-25T19:45:15+00:00","dateModified":"2024-11-25T21:55:42+00:00","mainEntityOfPage":{"@id":"https:\/\/www.eldiario.net\/portal\/2024\/11\/25\/hallan-al-quinto-cuerpo-de-las-victimas-torturadas-y-ejecutadas-en-puca-mayu-1545\/"},"wordCount":141,"publisher":{"@id":"https:\/\/www.eldiario.net\/portal\/#organization"},"image":{"@id":"https:\/\/www.eldiario.net\/portal\/2024\/11\/25\/hallan-al-quinto-cuerpo-de-las-victimas-torturadas-y-ejecutadas-en-puca-mayu-1545\/#primaryimage"},"thumbnailUrl":"https:\/\/www.eldiario.net\/portal\/wp-content\/uploads\/2024\/11\/pucamayu-e1732563864443.jpg","articleSection":["\u00daltima Hora"],"inLanguage":"es"},{"@type":"WebPage","@id":"https:\/\/www.eldiario.net\/portal\/2024\/11\/25\/hallan-al-quinto-cuerpo-de-las-victimas-torturadas-y-ejecutadas-en-puca-mayu-1545\/","url":"https:\/\/www.eldiario.net\/portal\/2024\/11\/25\/hallan-al-quinto-cuerpo-de-las-victimas-torturadas-y-ejecutadas-en-puca-mayu-1545\/","name":"Hallan quinto cuerpo de las v\u00edctimas torturadas y ejecutadas en Puca Mayu. (15:45) - El Diario - Bolivia","isPartOf":{"@id":"https:\/\/www.eldiario.net\/portal\/#website"},"primaryImageOfPage":{"@id":"https:\/\/www.eldiario.net\/portal\/2024\/11\/25\/hallan-al-quinto-cuerpo-de-las-victimas-torturadas-y-ejecutadas-en-puca-mayu-1545\/#primaryimage"},"image":{"@id":"https:\/\/www.eldiario.net\/portal\/2024\/11\/25\/hallan-al-quinto-cuerpo-de-las-victimas-torturadas-y-ejecutadas-en-puca-mayu-1545\/#primaryimage"},"thumbnailUrl":"https:\/\/www.eldiario.net\/portal\/wp-content\/uploads\/2024\/11\/pucamayu-e1732563864443.jpg","datePublished":"2024-11-25T19:45:15+00:00","dateModified":"2024-11-25T21:55:42+00:00","breadcrumb":{"@id":"https:\/\/www.eldiario.net\/portal\/2024\/11\/25\/hallan-al-quinto-cuerpo-de-las-victimas-torturadas-y-ejecutadas-en-puca-mayu-1545\/#breadcrumb"},"inLanguage":"es","potentialAction":[{"@type":"ReadAction","target":["https:\/\/www.eldiario.net\/portal\/2024\/11\/25\/hallan-al-quinto-cuerpo-de-las-victimas-torturadas-y-ejecutadas-en-puca-mayu-1545\/"]}]},{"@type":"ImageObject","inLanguage":"es","@id":"https:\/\/www.eldiario.net\/portal\/2024\/11\/25\/hallan-al-quinto-cuerpo-de-las-victimas-torturadas-y-ejecutadas-en-puca-mayu-1545\/#primaryimage","url":"https:\/\/www.eldiario.net\/portal\/wp-content\/uploads\/2024\/11\/pucamayu-e1732563864443.jpg","contentUrl":"https:\/\/www.eldiario.net\/portal\/wp-content\/uploads\/2024\/11\/pucamayu-e1732563864443.jpg","width":300,"height":400,"caption":"Foto: RR.SS."},{"@type":"BreadcrumbList","@id":"https:\/\/www.eldiario.net\/portal\/2024\/11\/25\/hallan-al-quinto-cuerpo-de-las-victimas-torturadas-y-ejecutadas-en-puca-mayu-1545\/#breadcrumb","itemListElement":[{"@type":"ListItem","position":1,"name":"Portada","item":"https:\/\/www.eldiario.net\/portal\/"},{"@type":"ListItem","position":2,"name":"Hallan quinto cuerpo de las v\u00edctimas torturadas y ejecutadas en Puca Mayu. (15:45)"}]},{"@type":"WebSite","@id":"https:\/\/www.eldiario.net\/portal\/#website","url":"https:\/\/www.eldiario.net\/portal\/","name":"El Diario - Decano de la prensa nacional","description":"El Diario - Decano de la prensa nacional","publisher":{"@id":"https:\/\/www.eldiario.net\/portal\/#organization"},"potentialAction":[{"@type":"SearchAction","target":{"@type":"EntryPoint","urlTemplate":"https:\/\/www.eldiario.net\/portal\/?s={search_term_string}"},"query-input":{"@type":"PropertyValueSpecification","valueRequired":true,"valueName":"search_term_string"}}],"inLanguage":"es"},{"@type":"Organization","@id":"https:\/\/www.eldiario.net\/portal\/#organization","name":"El Diario - Decano de la prensa nacional","url":"https:\/\/www.eldiario.net\/portal\/","logo":{"@type":"ImageObject","inLanguage":"es","@id":"https:\/\/www.eldiario.net\/portal\/#\/schema\/logo\/image\/","url":"https:\/\/www.eldiario.net\/portal\/wp-content\/uploads\/2023\/07\/logo_ED.jpg","contentUrl":"https:\/\/www.eldiario.net\/portal\/wp-content\/uploads\/2023\/07\/logo_ED.jpg","width":272,"height":52,"caption":"El Diario - Decano de la prensa nacional"},"image":{"@id":"https:\/\/www.eldiario.net\/portal\/#\/schema\/logo\/image\/"},"sameAs":["https:\/\/www.facebook.com\/eldiario.bolivia\/","https:\/\/x.com\/eldiario_net"]},{"@type":"Person","@id":"https:\/\/www.eldiario.net\/portal\/#\/schema\/person\/32cc89e801dfcbad3a54f91da7f2ea06","name":"Viviana Monrroy","image":{"@type":"ImageObject","inLanguage":"es","@id":"https:\/\/secure.gravatar.com\/avatar\/dfd1611ed5600959a0e5a9754503b6c05d1dcf190010998e0363aee2ad98afca?s=96&d=mm&r=g","url":"https:\/\/secure.gravatar.com\/avatar\/dfd1611ed5600959a0e5a9754503b6c05d1dcf190010998e0363aee2ad98afca?s=96&d=mm&r=g","contentUrl":"https:\/\/secure.gravatar.com\/avatar\/dfd1611ed5600959a0e5a9754503b6c05d1dcf190010998e0363aee2ad98afca?s=96&d=mm&r=g","caption":"Viviana Monrroy"},"sameAs":["http:\/\/www.eldiario.net"],"url":"https:\/\/www.eldiario.net\/portal\/author\/vivianamonrroy\/"}]}},"_links":{"self":[{"href":"https:\/\/www.eldiario.net\/portal\/wp-json\/wp\/v2\/posts\/263624","targetHints":{"allow":["GET"]}}],"collection":[{"href":"https:\/\/www.eldiario.net\/portal\/wp-json\/wp\/v2\/posts"}],"about":[{"href":"https:\/\/www.eldiario.net\/portal\/wp-json\/wp\/v2\/types\/post"}],"author":[{"embeddable":true,"href":"https:\/\/www.eldiario.net\/portal\/wp-json\/wp\/v2\/users\/7"}],"replies":[{"embeddable":true,"href":"https:\/\/www.eldiario.net\/portal\/wp-json\/wp\/v2\/comments?post=263624"}],"version-history":[{"count":2,"href":"https:\/\/www.eldiario.net\/portal\/wp-json\/wp\/v2\/posts\/263624\/revisions"}],"predecessor-version":[{"id":263627,"href":"https:\/\/www.eldiario.net\/portal\/wp-json\/wp\/v2\/posts\/263624\/revisions\/263627"}],"wp:featuredmedia":[{"embeddable":true,"href":"https:\/\/www.eldiario.net\/portal\/wp-json\/wp\/v2\/media\/263625"}],"wp:attachment":[{"href":"https:\/\/www.eldiario.net\/portal\/wp-json\/wp\/v2\/media?parent=263624"}],"wp:term":[{"taxonomy":"category","embeddable":true,"href":"https:\/\/www.eldiario.net\/portal\/wp-json\/wp\/v2\/categories?post=263624"},{"taxonomy":"post_tag","embeddable":true,"href":"https:\/\/www.eldiario.net\/portal\/wp-json\/wp\/v2\/tags?post=263624"}],"curies":[{"name":"wp","href":"https:\/\/api.w.org\/{rel}","templated":true}]}}