{"id":263447,"date":"2024-11-25T06:08:05","date_gmt":"2024-11-25T10:08:05","guid":{"rendered":"https:\/\/www.eldiario.net\/portal\/?p=263447"},"modified":"2024-11-26T06:32:22","modified_gmt":"2024-11-26T10:32:22","slug":"centro-de-investigacion-en-etnomusicologia-dona-registros-sonoros-a-la-biblioteca-nacional","status":"publish","type":"post","link":"https:\/\/www.eldiario.net\/portal\/2024\/11\/25\/centro-de-investigacion-en-etnomusicologia-dona-registros-sonoros-a-la-biblioteca-nacional\/","title":{"rendered":"Centro de Investigaci\u00f3n en Etnomusicolog\u00eda dona registros sonoros a la Biblioteca Nacional"},"content":{"rendered":"<p>El Archivo y Biblioteca Nacionales de Bolivia (ABNB) recibi\u00f3 la donaci\u00f3n de 157 grabaciones sonoras realizadas en Bolivia entre 1903 y 2001, de parte del Centre de Recherche en Ethnomusicology de Francia (Centro de Investigaci\u00f3n en Etnomusicolog\u00eda CREM).<br \/>\nEl material con sus respectivos metadatos en formato Wav y Excel, proceden de once colecciones que contienen registros sonoros de pueblos ind\u00edgenas y comunidades rurales bolivianas, siendo que los ficheros digitales transmitidos, corresponden a los archivos de responsabilidad del CREM, en particular, la Colecci\u00f3n de la Misi\u00f3n Cr\u00e9qui-Montfort y S\u00e9n\u00e9chal de la Grange (1903), y aquellas colecciones, cuyos depositantes Jean-Michel Beaudet y Rosal\u00eda Mart\u00ednez, investigadores del CREM-LESC, aprobaron para esta transmisi\u00f3n.<br \/>\nRosal\u00eda Mart\u00ednez Cereceda entreg\u00f3 al director del ABNB, M\u00e1ximo Pacheco Balanza, las copias digitales de las grabaciones sonoras, poniendo \u00e9nfasis en que la propiedad intelectual de la creaci\u00f3n de estas piezas musicales pertenece, sin embargo, a los pueblos ind\u00edgenas de acuerdo con las recomendaciones de protecci\u00f3n de la Organizaci\u00f3n Mundial de la Propiedad Intelectual (OMPI).<br \/>\nAl respecto, el director del ABNB, M\u00e1ximo Pacheco, manifest\u00f3 que el prop\u00f3sito de la donaci\u00f3n del CREM, forma parte de la pol\u00edtica de este centro del \u201cRetorno de grabaciones a los pa\u00edses de origen\u201d, destacando el respeto a la propiedad intelectual de los pueblos ind\u00edgenas y contribuyendo de esa manera al enriquecimiento del patrimonio documental y sonoro de Bolivia.<br \/>\nLa donaci\u00f3n al ABNB tiene el objetivo de devolver a una instituci\u00f3n nacional los archivos sonoros del CNRS &#8211; Mus\u00e9e de l&#8217;Homme relativos a Bolivia, en el marco de la pol\u00edtica del CREM, material que podr\u00e1 ser consultado de manera libre en los ambientes del repositorio nacional con fines investigativos y otros no comerciales, a tiempo de que el Repositorio podr\u00e1 enviar copias a los miembros de las comunidades locales de las que proceden las grabaciones y a los descendientes de los int\u00e9rpretes mencionados por el recopilador.<br \/>\nEl CREM, es un equipo de Laboratorio de Etnolog\u00eda y Sociolog\u00eda (LESC), ubicado en el campus de la Universidad de Par\u00eds &#8211; Nanterre desde el 2009, abocado a la etnomusicolog\u00eda o antropolog\u00eda musical y encargado de un archivo sonoro de todas partes del mundo, mismo que comprende m\u00e1s de 32.000 art\u00edculos al que se puede acceder de manera gratuita.<\/p>\n","protected":false},"excerpt":{"rendered":"<p>El Archivo y Biblioteca Nacionales de Bolivia (ABNB) recibi\u00f3 la donaci\u00f3n de 157 grabaciones sonoras realizadas en Bolivia entre 1903 y 2001, de parte del Centre de Recherche en Ethnomusicology de Francia (Centro de Investigaci\u00f3n en Etnomusicolog\u00eda CREM). El material con sus respectivos metadatos en formato Wav y Excel, proceden de once colecciones que contienen [&hellip;]<\/p>\n","protected":false},"author":1,"featured_media":263448,"comment_status":"closed","ping_status":"open","sticky":false,"template":"","format":"standard","meta":{"_acf_changed":false,"footnotes":""},"categories":[8],"tags":[],"class_list":["post-263447","post","type-post","status-publish","format-standard","has-post-thumbnail","category-cultural"],"acf":{"antetitulo":""},"yoast_head":"<!-- This site is optimized with the Yoast SEO plugin v28.3 - https:\/\/yoast.com\/product\/yoast-seo-wordpress\/ -->\n<title>Centro de Investigaci\u00f3n en Etnomusicolog\u00eda dona registros sonoros a la Biblioteca Nacional - El Diario - Bolivia<\/title>\n<meta name=\"robots\" content=\"index, follow, max-snippet:-1, max-image-preview:large, max-video-preview:-1\" \/>\n<link rel=\"canonical\" href=\"https:\/\/www.eldiario.net\/portal\/2024\/11\/25\/centro-de-investigacion-en-etnomusicologia-dona-registros-sonoros-a-la-biblioteca-nacional\/\" \/>\n<meta property=\"og:locale\" content=\"es_ES\" \/>\n<meta property=\"og:type\" content=\"article\" \/>\n<meta property=\"og:title\" content=\"Centro de Investigaci\u00f3n en Etnomusicolog\u00eda dona registros sonoros a la Biblioteca Nacional - El Diario - Bolivia\" \/>\n<meta property=\"og:description\" content=\"El Archivo y Biblioteca Nacionales de Bolivia (ABNB) recibi\u00f3 la donaci\u00f3n de 157 grabaciones sonoras realizadas en Bolivia entre 1903 y 2001, de parte del Centre de Recherche en Ethnomusicology de Francia (Centro de Investigaci\u00f3n en Etnomusicolog\u00eda CREM). El material con sus respectivos metadatos en formato Wav y Excel, proceden de once colecciones que contienen [&hellip;]\" \/>\n<meta property=\"og:url\" content=\"https:\/\/www.eldiario.net\/portal\/2024\/11\/25\/centro-de-investigacion-en-etnomusicologia-dona-registros-sonoros-a-la-biblioteca-nacional\/\" \/>\n<meta property=\"og:site_name\" content=\"El Diario - Bolivia\" \/>\n<meta property=\"article:publisher\" content=\"https:\/\/www.facebook.com\/eldiario.bolivia\/\" \/>\n<meta property=\"article:published_time\" content=\"2024-11-25T10:08:05+00:00\" \/>\n<meta property=\"article:modified_time\" content=\"2024-11-26T10:32:22+00:00\" \/>\n<meta property=\"og:image\" content=\"https:\/\/www.eldiario.net\/portal\/wp-content\/uploads\/2024\/11\/DONA.jpeg\" \/>\n\t<meta property=\"og:image:width\" content=\"1080\" \/>\n\t<meta property=\"og:image:height\" content=\"810\" \/>\n\t<meta property=\"og:image:type\" content=\"image\/jpeg\" \/>\n<meta name=\"author\" content=\"Jeanette\" \/>\n<meta name=\"twitter:card\" content=\"summary_large_image\" \/>\n<meta name=\"twitter:creator\" content=\"@eldiario_net\" \/>\n<meta name=\"twitter:site\" content=\"@eldiario_net\" \/>\n<meta name=\"twitter:label1\" content=\"Escrito por\" \/>\n\t<meta name=\"twitter:data1\" content=\"Jeanette\" \/>\n\t<meta name=\"twitter:label2\" content=\"Tiempo de lectura\" \/>\n\t<meta name=\"twitter:data2\" content=\"2 minutos\" \/>\n<script type=\"application\/ld+json\" class=\"yoast-schema-graph\">{\"@context\":\"https:\\\/\\\/schema.org\",\"@graph\":[{\"@type\":\"Article\",\"@id\":\"https:\\\/\\\/www.eldiario.net\\\/portal\\\/2024\\\/11\\\/25\\\/centro-de-investigacion-en-etnomusicologia-dona-registros-sonoros-a-la-biblioteca-nacional\\\/#article\",\"isPartOf\":{\"@id\":\"https:\\\/\\\/www.eldiario.net\\\/portal\\\/2024\\\/11\\\/25\\\/centro-de-investigacion-en-etnomusicologia-dona-registros-sonoros-a-la-biblioteca-nacional\\\/\"},\"author\":{\"name\":\"Jeanette\",\"@id\":\"https:\\\/\\\/www.eldiario.net\\\/portal\\\/#\\\/schema\\\/person\\\/f46445640444750d7d753ccd04ae01b7\"},\"headline\":\"Centro de Investigaci\u00f3n en Etnomusicolog\u00eda dona registros sonoros a la Biblioteca Nacional\",\"datePublished\":\"2024-11-25T10:08:05+00:00\",\"dateModified\":\"2024-11-26T10:32:22+00:00\",\"mainEntityOfPage\":{\"@id\":\"https:\\\/\\\/www.eldiario.net\\\/portal\\\/2024\\\/11\\\/25\\\/centro-de-investigacion-en-etnomusicologia-dona-registros-sonoros-a-la-biblioteca-nacional\\\/\"},\"wordCount\":415,\"publisher\":{\"@id\":\"https:\\\/\\\/www.eldiario.net\\\/portal\\\/#organization\"},\"image\":{\"@id\":\"https:\\\/\\\/www.eldiario.net\\\/portal\\\/2024\\\/11\\\/25\\\/centro-de-investigacion-en-etnomusicologia-dona-registros-sonoros-a-la-biblioteca-nacional\\\/#primaryimage\"},\"thumbnailUrl\":\"https:\\\/\\\/www.eldiario.net\\\/portal\\\/wp-content\\\/uploads\\\/2024\\\/11\\\/DONA.jpeg\",\"articleSection\":[\"Cultural\"],\"inLanguage\":\"es\"},{\"@type\":\"WebPage\",\"@id\":\"https:\\\/\\\/www.eldiario.net\\\/portal\\\/2024\\\/11\\\/25\\\/centro-de-investigacion-en-etnomusicologia-dona-registros-sonoros-a-la-biblioteca-nacional\\\/\",\"url\":\"https:\\\/\\\/www.eldiario.net\\\/portal\\\/2024\\\/11\\\/25\\\/centro-de-investigacion-en-etnomusicologia-dona-registros-sonoros-a-la-biblioteca-nacional\\\/\",\"name\":\"Centro de Investigaci\u00f3n en Etnomusicolog\u00eda dona registros sonoros a la Biblioteca Nacional - El Diario - Bolivia\",\"isPartOf\":{\"@id\":\"https:\\\/\\\/www.eldiario.net\\\/portal\\\/#website\"},\"primaryImageOfPage\":{\"@id\":\"https:\\\/\\\/www.eldiario.net\\\/portal\\\/2024\\\/11\\\/25\\\/centro-de-investigacion-en-etnomusicologia-dona-registros-sonoros-a-la-biblioteca-nacional\\\/#primaryimage\"},\"image\":{\"@id\":\"https:\\\/\\\/www.eldiario.net\\\/portal\\\/2024\\\/11\\\/25\\\/centro-de-investigacion-en-etnomusicologia-dona-registros-sonoros-a-la-biblioteca-nacional\\\/#primaryimage\"},\"thumbnailUrl\":\"https:\\\/\\\/www.eldiario.net\\\/portal\\\/wp-content\\\/uploads\\\/2024\\\/11\\\/DONA.jpeg\",\"datePublished\":\"2024-11-25T10:08:05+00:00\",\"dateModified\":\"2024-11-26T10:32:22+00:00\",\"breadcrumb\":{\"@id\":\"https:\\\/\\\/www.eldiario.net\\\/portal\\\/2024\\\/11\\\/25\\\/centro-de-investigacion-en-etnomusicologia-dona-registros-sonoros-a-la-biblioteca-nacional\\\/#breadcrumb\"},\"inLanguage\":\"es\",\"potentialAction\":[{\"@type\":\"ReadAction\",\"target\":[\"https:\\\/\\\/www.eldiario.net\\\/portal\\\/2024\\\/11\\\/25\\\/centro-de-investigacion-en-etnomusicologia-dona-registros-sonoros-a-la-biblioteca-nacional\\\/\"]}]},{\"@type\":\"ImageObject\",\"inLanguage\":\"es\",\"@id\":\"https:\\\/\\\/www.eldiario.net\\\/portal\\\/2024\\\/11\\\/25\\\/centro-de-investigacion-en-etnomusicologia-dona-registros-sonoros-a-la-biblioteca-nacional\\\/#primaryimage\",\"url\":\"https:\\\/\\\/www.eldiario.net\\\/portal\\\/wp-content\\\/uploads\\\/2024\\\/11\\\/DONA.jpeg\",\"contentUrl\":\"https:\\\/\\\/www.eldiario.net\\\/portal\\\/wp-content\\\/uploads\\\/2024\\\/11\\\/DONA.jpeg\",\"width\":1080,\"height\":810,\"caption\":\"M\u00c1XIMO PACHECO, DIRECTOR DEL ARCHIVO Y BIBLIOTECA NACIONALES DE BOLIVIA, Y LA INVESTIGADORA ROSAL\u00cdA MART\u00cdNEZ.\"},{\"@type\":\"BreadcrumbList\",\"@id\":\"https:\\\/\\\/www.eldiario.net\\\/portal\\\/2024\\\/11\\\/25\\\/centro-de-investigacion-en-etnomusicologia-dona-registros-sonoros-a-la-biblioteca-nacional\\\/#breadcrumb\",\"itemListElement\":[{\"@type\":\"ListItem\",\"position\":1,\"name\":\"Portada\",\"item\":\"https:\\\/\\\/www.eldiario.net\\\/portal\\\/\"},{\"@type\":\"ListItem\",\"position\":2,\"name\":\"Centro de Investigaci\u00f3n en Etnomusicolog\u00eda dona registros sonoros a la Biblioteca Nacional\"}]},{\"@type\":\"WebSite\",\"@id\":\"https:\\\/\\\/www.eldiario.net\\\/portal\\\/#website\",\"url\":\"https:\\\/\\\/www.eldiario.net\\\/portal\\\/\",\"name\":\"El Diario - Decano de la prensa nacional\",\"description\":\"El Diario - Decano de la prensa nacional\",\"publisher\":{\"@id\":\"https:\\\/\\\/www.eldiario.net\\\/portal\\\/#organization\"},\"potentialAction\":[{\"@type\":\"SearchAction\",\"target\":{\"@type\":\"EntryPoint\",\"urlTemplate\":\"https:\\\/\\\/www.eldiario.net\\\/portal\\\/?s={search_term_string}\"},\"query-input\":{\"@type\":\"PropertyValueSpecification\",\"valueRequired\":true,\"valueName\":\"search_term_string\"}}],\"inLanguage\":\"es\"},{\"@type\":\"Organization\",\"@id\":\"https:\\\/\\\/www.eldiario.net\\\/portal\\\/#organization\",\"name\":\"El Diario - Decano de la prensa nacional\",\"url\":\"https:\\\/\\\/www.eldiario.net\\\/portal\\\/\",\"logo\":{\"@type\":\"ImageObject\",\"inLanguage\":\"es\",\"@id\":\"https:\\\/\\\/www.eldiario.net\\\/portal\\\/#\\\/schema\\\/logo\\\/image\\\/\",\"url\":\"https:\\\/\\\/www.eldiario.net\\\/portal\\\/wp-content\\\/uploads\\\/2023\\\/07\\\/logo_ED.jpg\",\"contentUrl\":\"https:\\\/\\\/www.eldiario.net\\\/portal\\\/wp-content\\\/uploads\\\/2023\\\/07\\\/logo_ED.jpg\",\"width\":272,\"height\":52,\"caption\":\"El Diario - Decano de la prensa nacional\"},\"image\":{\"@id\":\"https:\\\/\\\/www.eldiario.net\\\/portal\\\/#\\\/schema\\\/logo\\\/image\\\/\"},\"sameAs\":[\"https:\\\/\\\/www.facebook.com\\\/eldiario.bolivia\\\/\",\"https:\\\/\\\/x.com\\\/eldiario_net\"]},{\"@type\":\"Person\",\"@id\":\"https:\\\/\\\/www.eldiario.net\\\/portal\\\/#\\\/schema\\\/person\\\/f46445640444750d7d753ccd04ae01b7\",\"name\":\"Jeanette\",\"image\":{\"@type\":\"ImageObject\",\"inLanguage\":\"es\",\"@id\":\"https:\\\/\\\/secure.gravatar.com\\\/avatar\\\/3ea2118a5f7dad2b7138b1187a6b7ee55f160b9968b66013c3a3ef39dd7e5798?s=96&d=mm&r=g\",\"url\":\"https:\\\/\\\/secure.gravatar.com\\\/avatar\\\/3ea2118a5f7dad2b7138b1187a6b7ee55f160b9968b66013c3a3ef39dd7e5798?s=96&d=mm&r=g\",\"contentUrl\":\"https:\\\/\\\/secure.gravatar.com\\\/avatar\\\/3ea2118a5f7dad2b7138b1187a6b7ee55f160b9968b66013c3a3ef39dd7e5798?s=96&d=mm&r=g\",\"caption\":\"Jeanette\"},\"sameAs\":[\"https:\\\/\\\/www.eldiario.net\\\/portal\"],\"url\":\"https:\\\/\\\/www.eldiario.net\\\/portal\\\/author\\\/jeanette\\\/\"}]}<\/script>\n<!-- \/ Yoast SEO plugin. -->","yoast_head_json":{"title":"Centro de Investigaci\u00f3n en Etnomusicolog\u00eda dona registros sonoros a la Biblioteca Nacional - El Diario - Bolivia","robots":{"index":"index","follow":"follow","max-snippet":"max-snippet:-1","max-image-preview":"max-image-preview:large","max-video-preview":"max-video-preview:-1"},"canonical":"https:\/\/www.eldiario.net\/portal\/2024\/11\/25\/centro-de-investigacion-en-etnomusicologia-dona-registros-sonoros-a-la-biblioteca-nacional\/","og_locale":"es_ES","og_type":"article","og_title":"Centro de Investigaci\u00f3n en Etnomusicolog\u00eda dona registros sonoros a la Biblioteca Nacional - El Diario - Bolivia","og_description":"El Archivo y Biblioteca Nacionales de Bolivia (ABNB) recibi\u00f3 la donaci\u00f3n de 157 grabaciones sonoras realizadas en Bolivia entre 1903 y 2001, de parte del Centre de Recherche en Ethnomusicology de Francia (Centro de Investigaci\u00f3n en Etnomusicolog\u00eda CREM). El material con sus respectivos metadatos en formato Wav y Excel, proceden de once colecciones que contienen [&hellip;]","og_url":"https:\/\/www.eldiario.net\/portal\/2024\/11\/25\/centro-de-investigacion-en-etnomusicologia-dona-registros-sonoros-a-la-biblioteca-nacional\/","og_site_name":"El Diario - Bolivia","article_publisher":"https:\/\/www.facebook.com\/eldiario.bolivia\/","article_published_time":"2024-11-25T10:08:05+00:00","article_modified_time":"2024-11-26T10:32:22+00:00","og_image":[{"width":1080,"height":810,"url":"https:\/\/www.eldiario.net\/portal\/wp-content\/uploads\/2024\/11\/DONA.jpeg","type":"image\/jpeg"}],"author":"Jeanette","twitter_card":"summary_large_image","twitter_creator":"@eldiario_net","twitter_site":"@eldiario_net","twitter_misc":{"Escrito por":"Jeanette","Tiempo de lectura":"2 minutos"},"schema":{"@context":"https:\/\/schema.org","@graph":[{"@type":"Article","@id":"https:\/\/www.eldiario.net\/portal\/2024\/11\/25\/centro-de-investigacion-en-etnomusicologia-dona-registros-sonoros-a-la-biblioteca-nacional\/#article","isPartOf":{"@id":"https:\/\/www.eldiario.net\/portal\/2024\/11\/25\/centro-de-investigacion-en-etnomusicologia-dona-registros-sonoros-a-la-biblioteca-nacional\/"},"author":{"name":"Jeanette","@id":"https:\/\/www.eldiario.net\/portal\/#\/schema\/person\/f46445640444750d7d753ccd04ae01b7"},"headline":"Centro de Investigaci\u00f3n en Etnomusicolog\u00eda dona registros sonoros a la Biblioteca Nacional","datePublished":"2024-11-25T10:08:05+00:00","dateModified":"2024-11-26T10:32:22+00:00","mainEntityOfPage":{"@id":"https:\/\/www.eldiario.net\/portal\/2024\/11\/25\/centro-de-investigacion-en-etnomusicologia-dona-registros-sonoros-a-la-biblioteca-nacional\/"},"wordCount":415,"publisher":{"@id":"https:\/\/www.eldiario.net\/portal\/#organization"},"image":{"@id":"https:\/\/www.eldiario.net\/portal\/2024\/11\/25\/centro-de-investigacion-en-etnomusicologia-dona-registros-sonoros-a-la-biblioteca-nacional\/#primaryimage"},"thumbnailUrl":"https:\/\/www.eldiario.net\/portal\/wp-content\/uploads\/2024\/11\/DONA.jpeg","articleSection":["Cultural"],"inLanguage":"es"},{"@type":"WebPage","@id":"https:\/\/www.eldiario.net\/portal\/2024\/11\/25\/centro-de-investigacion-en-etnomusicologia-dona-registros-sonoros-a-la-biblioteca-nacional\/","url":"https:\/\/www.eldiario.net\/portal\/2024\/11\/25\/centro-de-investigacion-en-etnomusicologia-dona-registros-sonoros-a-la-biblioteca-nacional\/","name":"Centro de Investigaci\u00f3n en Etnomusicolog\u00eda dona registros sonoros a la Biblioteca Nacional - El Diario - Bolivia","isPartOf":{"@id":"https:\/\/www.eldiario.net\/portal\/#website"},"primaryImageOfPage":{"@id":"https:\/\/www.eldiario.net\/portal\/2024\/11\/25\/centro-de-investigacion-en-etnomusicologia-dona-registros-sonoros-a-la-biblioteca-nacional\/#primaryimage"},"image":{"@id":"https:\/\/www.eldiario.net\/portal\/2024\/11\/25\/centro-de-investigacion-en-etnomusicologia-dona-registros-sonoros-a-la-biblioteca-nacional\/#primaryimage"},"thumbnailUrl":"https:\/\/www.eldiario.net\/portal\/wp-content\/uploads\/2024\/11\/DONA.jpeg","datePublished":"2024-11-25T10:08:05+00:00","dateModified":"2024-11-26T10:32:22+00:00","breadcrumb":{"@id":"https:\/\/www.eldiario.net\/portal\/2024\/11\/25\/centro-de-investigacion-en-etnomusicologia-dona-registros-sonoros-a-la-biblioteca-nacional\/#breadcrumb"},"inLanguage":"es","potentialAction":[{"@type":"ReadAction","target":["https:\/\/www.eldiario.net\/portal\/2024\/11\/25\/centro-de-investigacion-en-etnomusicologia-dona-registros-sonoros-a-la-biblioteca-nacional\/"]}]},{"@type":"ImageObject","inLanguage":"es","@id":"https:\/\/www.eldiario.net\/portal\/2024\/11\/25\/centro-de-investigacion-en-etnomusicologia-dona-registros-sonoros-a-la-biblioteca-nacional\/#primaryimage","url":"https:\/\/www.eldiario.net\/portal\/wp-content\/uploads\/2024\/11\/DONA.jpeg","contentUrl":"https:\/\/www.eldiario.net\/portal\/wp-content\/uploads\/2024\/11\/DONA.jpeg","width":1080,"height":810,"caption":"M\u00c1XIMO PACHECO, DIRECTOR DEL ARCHIVO Y BIBLIOTECA NACIONALES DE BOLIVIA, Y LA INVESTIGADORA ROSAL\u00cdA MART\u00cdNEZ."},{"@type":"BreadcrumbList","@id":"https:\/\/www.eldiario.net\/portal\/2024\/11\/25\/centro-de-investigacion-en-etnomusicologia-dona-registros-sonoros-a-la-biblioteca-nacional\/#breadcrumb","itemListElement":[{"@type":"ListItem","position":1,"name":"Portada","item":"https:\/\/www.eldiario.net\/portal\/"},{"@type":"ListItem","position":2,"name":"Centro de Investigaci\u00f3n en Etnomusicolog\u00eda dona registros sonoros a la Biblioteca Nacional"}]},{"@type":"WebSite","@id":"https:\/\/www.eldiario.net\/portal\/#website","url":"https:\/\/www.eldiario.net\/portal\/","name":"El Diario - Decano de la prensa nacional","description":"El Diario - Decano de la prensa nacional","publisher":{"@id":"https:\/\/www.eldiario.net\/portal\/#organization"},"potentialAction":[{"@type":"SearchAction","target":{"@type":"EntryPoint","urlTemplate":"https:\/\/www.eldiario.net\/portal\/?s={search_term_string}"},"query-input":{"@type":"PropertyValueSpecification","valueRequired":true,"valueName":"search_term_string"}}],"inLanguage":"es"},{"@type":"Organization","@id":"https:\/\/www.eldiario.net\/portal\/#organization","name":"El Diario - Decano de la prensa nacional","url":"https:\/\/www.eldiario.net\/portal\/","logo":{"@type":"ImageObject","inLanguage":"es","@id":"https:\/\/www.eldiario.net\/portal\/#\/schema\/logo\/image\/","url":"https:\/\/www.eldiario.net\/portal\/wp-content\/uploads\/2023\/07\/logo_ED.jpg","contentUrl":"https:\/\/www.eldiario.net\/portal\/wp-content\/uploads\/2023\/07\/logo_ED.jpg","width":272,"height":52,"caption":"El Diario - Decano de la prensa nacional"},"image":{"@id":"https:\/\/www.eldiario.net\/portal\/#\/schema\/logo\/image\/"},"sameAs":["https:\/\/www.facebook.com\/eldiario.bolivia\/","https:\/\/x.com\/eldiario_net"]},{"@type":"Person","@id":"https:\/\/www.eldiario.net\/portal\/#\/schema\/person\/f46445640444750d7d753ccd04ae01b7","name":"Jeanette","image":{"@type":"ImageObject","inLanguage":"es","@id":"https:\/\/secure.gravatar.com\/avatar\/3ea2118a5f7dad2b7138b1187a6b7ee55f160b9968b66013c3a3ef39dd7e5798?s=96&d=mm&r=g","url":"https:\/\/secure.gravatar.com\/avatar\/3ea2118a5f7dad2b7138b1187a6b7ee55f160b9968b66013c3a3ef39dd7e5798?s=96&d=mm&r=g","contentUrl":"https:\/\/secure.gravatar.com\/avatar\/3ea2118a5f7dad2b7138b1187a6b7ee55f160b9968b66013c3a3ef39dd7e5798?s=96&d=mm&r=g","caption":"Jeanette"},"sameAs":["https:\/\/www.eldiario.net\/portal"],"url":"https:\/\/www.eldiario.net\/portal\/author\/jeanette\/"}]}},"_links":{"self":[{"href":"https:\/\/www.eldiario.net\/portal\/wp-json\/wp\/v2\/posts\/263447","targetHints":{"allow":["GET"]}}],"collection":[{"href":"https:\/\/www.eldiario.net\/portal\/wp-json\/wp\/v2\/posts"}],"about":[{"href":"https:\/\/www.eldiario.net\/portal\/wp-json\/wp\/v2\/types\/post"}],"author":[{"embeddable":true,"href":"https:\/\/www.eldiario.net\/portal\/wp-json\/wp\/v2\/users\/1"}],"replies":[{"embeddable":true,"href":"https:\/\/www.eldiario.net\/portal\/wp-json\/wp\/v2\/comments?post=263447"}],"version-history":[{"count":1,"href":"https:\/\/www.eldiario.net\/portal\/wp-json\/wp\/v2\/posts\/263447\/revisions"}],"predecessor-version":[{"id":263449,"href":"https:\/\/www.eldiario.net\/portal\/wp-json\/wp\/v2\/posts\/263447\/revisions\/263449"}],"wp:featuredmedia":[{"embeddable":true,"href":"https:\/\/www.eldiario.net\/portal\/wp-json\/wp\/v2\/media\/263448"}],"wp:attachment":[{"href":"https:\/\/www.eldiario.net\/portal\/wp-json\/wp\/v2\/media?parent=263447"}],"wp:term":[{"taxonomy":"category","embeddable":true,"href":"https:\/\/www.eldiario.net\/portal\/wp-json\/wp\/v2\/categories?post=263447"},{"taxonomy":"post_tag","embeddable":true,"href":"https:\/\/www.eldiario.net\/portal\/wp-json\/wp\/v2\/tags?post=263447"}],"curies":[{"name":"wp","href":"https:\/\/api.w.org\/{rel}","templated":true}]}}