{"id":263395,"date":"2024-11-25T05:42:19","date_gmt":"2024-11-25T09:42:19","guid":{"rendered":"https:\/\/www.eldiario.net\/portal\/?p=263395"},"modified":"2024-11-25T05:42:19","modified_gmt":"2024-11-25T09:42:19","slug":"ucrania-y-rusia-intercambian-masivos-ataques-con-drones","status":"publish","type":"post","link":"https:\/\/www.eldiario.net\/portal\/2024\/11\/25\/ucrania-y-rusia-intercambian-masivos-ataques-con-drones\/","title":{"rendered":"Ucrania y Rusia intercambian  masivos ataques con drones"},"content":{"rendered":"<p class=\"v1MsoNormal\">Las defensas antia\u00e9reas ucranianas interceptaron ayer m\u00e1s de una docena de drones lanzados sobre la ciudad de Kiev por los rusos, que tambi\u00e9n atacaron otras zonas del pa\u00eds durante la noche. En total, las tropas de Mosc\u00fa lanzaron medio centenar de veh\u00edculos no tripulados Shahed, de fabricaci\u00f3n iran\u00ed, y varios de otro tipo.<\/p>\n<p class=\"v1MsoNormal\">\u00abAnoche, las Fuerzas Armadas rusas volvieron a atacar la capital de Ucrania con veh\u00edculos a\u00e9reos no tripulados. La alerta a\u00e9rea en la ciudad dur\u00f3 m\u00e1s de 3 horas\u00bb, escribi\u00f3 en Telegram el jefe de la Administraci\u00f3n Militar Regional de Kiev, Sergui Popko. El funcionario asegur\u00f3 que las fuerzas de defensa antia\u00e9rea detectaron y neutralizaron \u00abm\u00e1s de una docena de drones que amenazaban la capital\u00bb.<\/p>\n<p class=\"v1MsoNormal\">Gracias a esto, no se produjeron da\u00f1os ni se inform\u00f3 de v\u00edctimas. Sin embargo, tambi\u00e9n hubo ataques en las regiones de Cherkasi, Kirovograd, Cherniguiv, Sumi, Poltava y Zhitomir. En total, las defensas antia\u00e9reas de Ucrania derribaron durante la noche 50 drones iran\u00edes Shahed y otro tipo de veh\u00edculos a\u00e9reos no tripulados lanzados desde Rusia, seg\u00fan inform\u00f3 a su vez en la misma aplicaci\u00f3n la Fuerza A\u00e9rea del pa\u00eds.<\/p>\n<p class=\"v1MsoNormal\">\n<p class=\"v1MsoNormal\">DESTRUYEN RADAR EN KURSK<\/p>\n<p class=\"v1MsoNormal\">En tanto, el Estado Mayor General ucraniano reivindic\u00f3 la destrucci\u00f3n de una estaci\u00f3n de radar de un sistema de misiles antia\u00e9reos S-400 en la regi\u00f3n rusa de Kursk, parcialmente ocupada por las tropas ucranianas desde agosto pasado. Seg\u00fan la c\u00fapula militar ucraniana, esta unidad de las Fuerzas Armadas rusas llevaba a cabo operaciones de combate en la modalidad \u00abtierra-tierra\u00bb, es decir, golpeaba objetivos fijos situados en tierra.<\/p>\n<p class=\"v1MsoNormal\">\u00abEstos bombardeos de los invasores rusos se dirigen principalmente contra objetivos civiles y contra la poblaci\u00f3n civil de las regiones de primera l\u00ednea de Ucrania\u00bb, agreg\u00f3 el Estado Mayor ucraniano.<\/p>\n<p class=\"v1MsoNormal\">Por su parte, el Ministerio de Defensa ruso inform\u00f3 que 36 drones ucranianos fueron interceptados en cinco regiones del pa\u00eds. De estos, 27 drones y dos misiles habr\u00edan sido derribados sobre territorio de la regi\u00f3n de Kursk. Adem\u00e1s, otros cuatro drones fueron derribados sobre Lipetsk; tres sobre B\u00e9lgorod y uno en Briansk y Orlov, regi\u00f3n situada a 300 kil\u00f3metros de Mosc\u00fa.(Dw)<\/p>\n<p class=\"v1MsoNormal\">\n","protected":false},"excerpt":{"rendered":"<p>Las defensas antia\u00e9reas ucranianas interceptaron ayer m\u00e1s de una docena de drones lanzados sobre la ciudad de Kiev por los rusos, que tambi\u00e9n atacaron otras zonas del pa\u00eds durante la noche. En total, las tropas de Mosc\u00fa lanzaron medio centenar de veh\u00edculos no tripulados Shahed, de fabricaci\u00f3n iran\u00ed, y varios de otro tipo. \u00abAnoche, las [&hellip;]<\/p>\n","protected":false},"author":1,"featured_media":263396,"comment_status":"closed","ping_status":"open","sticky":false,"template":"","format":"standard","meta":{"_acf_changed":false,"footnotes":""},"categories":[3],"tags":[],"class_list":["post-263395","post","type-post","status-publish","format-standard","has-post-thumbnail","category-internacional"],"acf":{"antetitulo":"Cerca de 3 a\u00f1os en guerra"},"yoast_head":"<!-- This site is optimized with the Yoast SEO plugin v28.3 - https:\/\/yoast.com\/product\/yoast-seo-wordpress\/ -->\n<title>Ucrania y Rusia intercambian masivos ataques con drones - El Diario - Bolivia<\/title>\n<meta name=\"robots\" content=\"index, follow, max-snippet:-1, max-image-preview:large, max-video-preview:-1\" \/>\n<link rel=\"canonical\" href=\"https:\/\/www.eldiario.net\/portal\/2024\/11\/25\/ucrania-y-rusia-intercambian-masivos-ataques-con-drones\/\" \/>\n<meta property=\"og:locale\" content=\"es_ES\" \/>\n<meta property=\"og:type\" content=\"article\" \/>\n<meta property=\"og:title\" content=\"Ucrania y Rusia intercambian masivos ataques con drones - El Diario - Bolivia\" \/>\n<meta property=\"og:description\" content=\"Las defensas antia\u00e9reas ucranianas interceptaron ayer m\u00e1s de una docena de drones lanzados sobre la ciudad de Kiev por los rusos, que tambi\u00e9n atacaron otras zonas del pa\u00eds durante la noche. En total, las tropas de Mosc\u00fa lanzaron medio centenar de veh\u00edculos no tripulados Shahed, de fabricaci\u00f3n iran\u00ed, y varios de otro tipo. \u00abAnoche, las [&hellip;]\" \/>\n<meta property=\"og:url\" content=\"https:\/\/www.eldiario.net\/portal\/2024\/11\/25\/ucrania-y-rusia-intercambian-masivos-ataques-con-drones\/\" \/>\n<meta property=\"og:site_name\" content=\"El Diario - Bolivia\" \/>\n<meta property=\"article:publisher\" content=\"https:\/\/www.facebook.com\/eldiario.bolivia\/\" \/>\n<meta property=\"article:published_time\" content=\"2024-11-25T09:42:19+00:00\" \/>\n<meta property=\"og:image\" content=\"https:\/\/www.eldiario.net\/portal\/wp-content\/uploads\/2024\/11\/DRONES-Picture-Alliance.jpg\" \/>\n\t<meta property=\"og:image:width\" content=\"1200\" \/>\n\t<meta property=\"og:image:height\" content=\"525\" \/>\n\t<meta property=\"og:image:type\" content=\"image\/jpeg\" \/>\n<meta name=\"author\" content=\"Jeanette\" \/>\n<meta name=\"twitter:card\" content=\"summary_large_image\" \/>\n<meta name=\"twitter:creator\" content=\"@eldiario_net\" \/>\n<meta name=\"twitter:site\" content=\"@eldiario_net\" \/>\n<meta name=\"twitter:label1\" content=\"Escrito por\" \/>\n\t<meta name=\"twitter:data1\" content=\"Jeanette\" \/>\n\t<meta name=\"twitter:label2\" content=\"Tiempo de lectura\" \/>\n\t<meta name=\"twitter:data2\" content=\"2 minutos\" \/>\n<script type=\"application\/ld+json\" class=\"yoast-schema-graph\">{\"@context\":\"https:\\\/\\\/schema.org\",\"@graph\":[{\"@type\":\"Article\",\"@id\":\"https:\\\/\\\/www.eldiario.net\\\/portal\\\/2024\\\/11\\\/25\\\/ucrania-y-rusia-intercambian-masivos-ataques-con-drones\\\/#article\",\"isPartOf\":{\"@id\":\"https:\\\/\\\/www.eldiario.net\\\/portal\\\/2024\\\/11\\\/25\\\/ucrania-y-rusia-intercambian-masivos-ataques-con-drones\\\/\"},\"author\":{\"name\":\"Jeanette\",\"@id\":\"https:\\\/\\\/www.eldiario.net\\\/portal\\\/#\\\/schema\\\/person\\\/f46445640444750d7d753ccd04ae01b7\"},\"headline\":\"Ucrania y Rusia intercambian masivos ataques con drones\",\"datePublished\":\"2024-11-25T09:42:19+00:00\",\"mainEntityOfPage\":{\"@id\":\"https:\\\/\\\/www.eldiario.net\\\/portal\\\/2024\\\/11\\\/25\\\/ucrania-y-rusia-intercambian-masivos-ataques-con-drones\\\/\"},\"wordCount\":390,\"publisher\":{\"@id\":\"https:\\\/\\\/www.eldiario.net\\\/portal\\\/#organization\"},\"image\":{\"@id\":\"https:\\\/\\\/www.eldiario.net\\\/portal\\\/2024\\\/11\\\/25\\\/ucrania-y-rusia-intercambian-masivos-ataques-con-drones\\\/#primaryimage\"},\"thumbnailUrl\":\"https:\\\/\\\/www.eldiario.net\\\/portal\\\/wp-content\\\/uploads\\\/2024\\\/11\\\/DRONES-Picture-Alliance.jpg\",\"articleSection\":[\"Internacional\"],\"inLanguage\":\"es\"},{\"@type\":\"WebPage\",\"@id\":\"https:\\\/\\\/www.eldiario.net\\\/portal\\\/2024\\\/11\\\/25\\\/ucrania-y-rusia-intercambian-masivos-ataques-con-drones\\\/\",\"url\":\"https:\\\/\\\/www.eldiario.net\\\/portal\\\/2024\\\/11\\\/25\\\/ucrania-y-rusia-intercambian-masivos-ataques-con-drones\\\/\",\"name\":\"Ucrania y Rusia intercambian masivos ataques con drones - El Diario - Bolivia\",\"isPartOf\":{\"@id\":\"https:\\\/\\\/www.eldiario.net\\\/portal\\\/#website\"},\"primaryImageOfPage\":{\"@id\":\"https:\\\/\\\/www.eldiario.net\\\/portal\\\/2024\\\/11\\\/25\\\/ucrania-y-rusia-intercambian-masivos-ataques-con-drones\\\/#primaryimage\"},\"image\":{\"@id\":\"https:\\\/\\\/www.eldiario.net\\\/portal\\\/2024\\\/11\\\/25\\\/ucrania-y-rusia-intercambian-masivos-ataques-con-drones\\\/#primaryimage\"},\"thumbnailUrl\":\"https:\\\/\\\/www.eldiario.net\\\/portal\\\/wp-content\\\/uploads\\\/2024\\\/11\\\/DRONES-Picture-Alliance.jpg\",\"datePublished\":\"2024-11-25T09:42:19+00:00\",\"breadcrumb\":{\"@id\":\"https:\\\/\\\/www.eldiario.net\\\/portal\\\/2024\\\/11\\\/25\\\/ucrania-y-rusia-intercambian-masivos-ataques-con-drones\\\/#breadcrumb\"},\"inLanguage\":\"es\",\"potentialAction\":[{\"@type\":\"ReadAction\",\"target\":[\"https:\\\/\\\/www.eldiario.net\\\/portal\\\/2024\\\/11\\\/25\\\/ucrania-y-rusia-intercambian-masivos-ataques-con-drones\\\/\"]}]},{\"@type\":\"ImageObject\",\"inLanguage\":\"es\",\"@id\":\"https:\\\/\\\/www.eldiario.net\\\/portal\\\/2024\\\/11\\\/25\\\/ucrania-y-rusia-intercambian-masivos-ataques-con-drones\\\/#primaryimage\",\"url\":\"https:\\\/\\\/www.eldiario.net\\\/portal\\\/wp-content\\\/uploads\\\/2024\\\/11\\\/DRONES-Picture-Alliance.jpg\",\"contentUrl\":\"https:\\\/\\\/www.eldiario.net\\\/portal\\\/wp-content\\\/uploads\\\/2024\\\/11\\\/DRONES-Picture-Alliance.jpg\",\"width\":1200,\"height\":525,\"caption\":\"Imagen de la defensa antia\u00e9rea ucraniana destruyendo un dron ruso sobre Kiev. CREDITO: Picture Alliance (archivo)\"},{\"@type\":\"BreadcrumbList\",\"@id\":\"https:\\\/\\\/www.eldiario.net\\\/portal\\\/2024\\\/11\\\/25\\\/ucrania-y-rusia-intercambian-masivos-ataques-con-drones\\\/#breadcrumb\",\"itemListElement\":[{\"@type\":\"ListItem\",\"position\":1,\"name\":\"Portada\",\"item\":\"https:\\\/\\\/www.eldiario.net\\\/portal\\\/\"},{\"@type\":\"ListItem\",\"position\":2,\"name\":\"Ucrania y Rusia intercambian masivos ataques con drones\"}]},{\"@type\":\"WebSite\",\"@id\":\"https:\\\/\\\/www.eldiario.net\\\/portal\\\/#website\",\"url\":\"https:\\\/\\\/www.eldiario.net\\\/portal\\\/\",\"name\":\"El Diario - Decano de la prensa nacional\",\"description\":\"El Diario - Decano de la prensa nacional\",\"publisher\":{\"@id\":\"https:\\\/\\\/www.eldiario.net\\\/portal\\\/#organization\"},\"potentialAction\":[{\"@type\":\"SearchAction\",\"target\":{\"@type\":\"EntryPoint\",\"urlTemplate\":\"https:\\\/\\\/www.eldiario.net\\\/portal\\\/?s={search_term_string}\"},\"query-input\":{\"@type\":\"PropertyValueSpecification\",\"valueRequired\":true,\"valueName\":\"search_term_string\"}}],\"inLanguage\":\"es\"},{\"@type\":\"Organization\",\"@id\":\"https:\\\/\\\/www.eldiario.net\\\/portal\\\/#organization\",\"name\":\"El Diario - Decano de la prensa nacional\",\"url\":\"https:\\\/\\\/www.eldiario.net\\\/portal\\\/\",\"logo\":{\"@type\":\"ImageObject\",\"inLanguage\":\"es\",\"@id\":\"https:\\\/\\\/www.eldiario.net\\\/portal\\\/#\\\/schema\\\/logo\\\/image\\\/\",\"url\":\"https:\\\/\\\/www.eldiario.net\\\/portal\\\/wp-content\\\/uploads\\\/2023\\\/07\\\/logo_ED.jpg\",\"contentUrl\":\"https:\\\/\\\/www.eldiario.net\\\/portal\\\/wp-content\\\/uploads\\\/2023\\\/07\\\/logo_ED.jpg\",\"width\":272,\"height\":52,\"caption\":\"El Diario - Decano de la prensa nacional\"},\"image\":{\"@id\":\"https:\\\/\\\/www.eldiario.net\\\/portal\\\/#\\\/schema\\\/logo\\\/image\\\/\"},\"sameAs\":[\"https:\\\/\\\/www.facebook.com\\\/eldiario.bolivia\\\/\",\"https:\\\/\\\/x.com\\\/eldiario_net\"]},{\"@type\":\"Person\",\"@id\":\"https:\\\/\\\/www.eldiario.net\\\/portal\\\/#\\\/schema\\\/person\\\/f46445640444750d7d753ccd04ae01b7\",\"name\":\"Jeanette\",\"image\":{\"@type\":\"ImageObject\",\"inLanguage\":\"es\",\"@id\":\"https:\\\/\\\/secure.gravatar.com\\\/avatar\\\/3ea2118a5f7dad2b7138b1187a6b7ee55f160b9968b66013c3a3ef39dd7e5798?s=96&d=mm&r=g\",\"url\":\"https:\\\/\\\/secure.gravatar.com\\\/avatar\\\/3ea2118a5f7dad2b7138b1187a6b7ee55f160b9968b66013c3a3ef39dd7e5798?s=96&d=mm&r=g\",\"contentUrl\":\"https:\\\/\\\/secure.gravatar.com\\\/avatar\\\/3ea2118a5f7dad2b7138b1187a6b7ee55f160b9968b66013c3a3ef39dd7e5798?s=96&d=mm&r=g\",\"caption\":\"Jeanette\"},\"sameAs\":[\"https:\\\/\\\/www.eldiario.net\\\/portal\"],\"url\":\"https:\\\/\\\/www.eldiario.net\\\/portal\\\/author\\\/jeanette\\\/\"}]}<\/script>\n<!-- \/ Yoast SEO plugin. -->","yoast_head_json":{"title":"Ucrania y Rusia intercambian masivos ataques con drones - El Diario - Bolivia","robots":{"index":"index","follow":"follow","max-snippet":"max-snippet:-1","max-image-preview":"max-image-preview:large","max-video-preview":"max-video-preview:-1"},"canonical":"https:\/\/www.eldiario.net\/portal\/2024\/11\/25\/ucrania-y-rusia-intercambian-masivos-ataques-con-drones\/","og_locale":"es_ES","og_type":"article","og_title":"Ucrania y Rusia intercambian masivos ataques con drones - El Diario - Bolivia","og_description":"Las defensas antia\u00e9reas ucranianas interceptaron ayer m\u00e1s de una docena de drones lanzados sobre la ciudad de Kiev por los rusos, que tambi\u00e9n atacaron otras zonas del pa\u00eds durante la noche. En total, las tropas de Mosc\u00fa lanzaron medio centenar de veh\u00edculos no tripulados Shahed, de fabricaci\u00f3n iran\u00ed, y varios de otro tipo. \u00abAnoche, las [&hellip;]","og_url":"https:\/\/www.eldiario.net\/portal\/2024\/11\/25\/ucrania-y-rusia-intercambian-masivos-ataques-con-drones\/","og_site_name":"El Diario - Bolivia","article_publisher":"https:\/\/www.facebook.com\/eldiario.bolivia\/","article_published_time":"2024-11-25T09:42:19+00:00","og_image":[{"width":1200,"height":525,"url":"https:\/\/www.eldiario.net\/portal\/wp-content\/uploads\/2024\/11\/DRONES-Picture-Alliance.jpg","type":"image\/jpeg"}],"author":"Jeanette","twitter_card":"summary_large_image","twitter_creator":"@eldiario_net","twitter_site":"@eldiario_net","twitter_misc":{"Escrito por":"Jeanette","Tiempo de lectura":"2 minutos"},"schema":{"@context":"https:\/\/schema.org","@graph":[{"@type":"Article","@id":"https:\/\/www.eldiario.net\/portal\/2024\/11\/25\/ucrania-y-rusia-intercambian-masivos-ataques-con-drones\/#article","isPartOf":{"@id":"https:\/\/www.eldiario.net\/portal\/2024\/11\/25\/ucrania-y-rusia-intercambian-masivos-ataques-con-drones\/"},"author":{"name":"Jeanette","@id":"https:\/\/www.eldiario.net\/portal\/#\/schema\/person\/f46445640444750d7d753ccd04ae01b7"},"headline":"Ucrania y Rusia intercambian masivos ataques con drones","datePublished":"2024-11-25T09:42:19+00:00","mainEntityOfPage":{"@id":"https:\/\/www.eldiario.net\/portal\/2024\/11\/25\/ucrania-y-rusia-intercambian-masivos-ataques-con-drones\/"},"wordCount":390,"publisher":{"@id":"https:\/\/www.eldiario.net\/portal\/#organization"},"image":{"@id":"https:\/\/www.eldiario.net\/portal\/2024\/11\/25\/ucrania-y-rusia-intercambian-masivos-ataques-con-drones\/#primaryimage"},"thumbnailUrl":"https:\/\/www.eldiario.net\/portal\/wp-content\/uploads\/2024\/11\/DRONES-Picture-Alliance.jpg","articleSection":["Internacional"],"inLanguage":"es"},{"@type":"WebPage","@id":"https:\/\/www.eldiario.net\/portal\/2024\/11\/25\/ucrania-y-rusia-intercambian-masivos-ataques-con-drones\/","url":"https:\/\/www.eldiario.net\/portal\/2024\/11\/25\/ucrania-y-rusia-intercambian-masivos-ataques-con-drones\/","name":"Ucrania y Rusia intercambian masivos ataques con drones - El Diario - Bolivia","isPartOf":{"@id":"https:\/\/www.eldiario.net\/portal\/#website"},"primaryImageOfPage":{"@id":"https:\/\/www.eldiario.net\/portal\/2024\/11\/25\/ucrania-y-rusia-intercambian-masivos-ataques-con-drones\/#primaryimage"},"image":{"@id":"https:\/\/www.eldiario.net\/portal\/2024\/11\/25\/ucrania-y-rusia-intercambian-masivos-ataques-con-drones\/#primaryimage"},"thumbnailUrl":"https:\/\/www.eldiario.net\/portal\/wp-content\/uploads\/2024\/11\/DRONES-Picture-Alliance.jpg","datePublished":"2024-11-25T09:42:19+00:00","breadcrumb":{"@id":"https:\/\/www.eldiario.net\/portal\/2024\/11\/25\/ucrania-y-rusia-intercambian-masivos-ataques-con-drones\/#breadcrumb"},"inLanguage":"es","potentialAction":[{"@type":"ReadAction","target":["https:\/\/www.eldiario.net\/portal\/2024\/11\/25\/ucrania-y-rusia-intercambian-masivos-ataques-con-drones\/"]}]},{"@type":"ImageObject","inLanguage":"es","@id":"https:\/\/www.eldiario.net\/portal\/2024\/11\/25\/ucrania-y-rusia-intercambian-masivos-ataques-con-drones\/#primaryimage","url":"https:\/\/www.eldiario.net\/portal\/wp-content\/uploads\/2024\/11\/DRONES-Picture-Alliance.jpg","contentUrl":"https:\/\/www.eldiario.net\/portal\/wp-content\/uploads\/2024\/11\/DRONES-Picture-Alliance.jpg","width":1200,"height":525,"caption":"Imagen de la defensa antia\u00e9rea ucraniana destruyendo un dron ruso sobre Kiev. CREDITO: Picture Alliance (archivo)"},{"@type":"BreadcrumbList","@id":"https:\/\/www.eldiario.net\/portal\/2024\/11\/25\/ucrania-y-rusia-intercambian-masivos-ataques-con-drones\/#breadcrumb","itemListElement":[{"@type":"ListItem","position":1,"name":"Portada","item":"https:\/\/www.eldiario.net\/portal\/"},{"@type":"ListItem","position":2,"name":"Ucrania y Rusia intercambian masivos ataques con drones"}]},{"@type":"WebSite","@id":"https:\/\/www.eldiario.net\/portal\/#website","url":"https:\/\/www.eldiario.net\/portal\/","name":"El Diario - Decano de la prensa nacional","description":"El Diario - Decano de la prensa nacional","publisher":{"@id":"https:\/\/www.eldiario.net\/portal\/#organization"},"potentialAction":[{"@type":"SearchAction","target":{"@type":"EntryPoint","urlTemplate":"https:\/\/www.eldiario.net\/portal\/?s={search_term_string}"},"query-input":{"@type":"PropertyValueSpecification","valueRequired":true,"valueName":"search_term_string"}}],"inLanguage":"es"},{"@type":"Organization","@id":"https:\/\/www.eldiario.net\/portal\/#organization","name":"El Diario - Decano de la prensa nacional","url":"https:\/\/www.eldiario.net\/portal\/","logo":{"@type":"ImageObject","inLanguage":"es","@id":"https:\/\/www.eldiario.net\/portal\/#\/schema\/logo\/image\/","url":"https:\/\/www.eldiario.net\/portal\/wp-content\/uploads\/2023\/07\/logo_ED.jpg","contentUrl":"https:\/\/www.eldiario.net\/portal\/wp-content\/uploads\/2023\/07\/logo_ED.jpg","width":272,"height":52,"caption":"El Diario - Decano de la prensa nacional"},"image":{"@id":"https:\/\/www.eldiario.net\/portal\/#\/schema\/logo\/image\/"},"sameAs":["https:\/\/www.facebook.com\/eldiario.bolivia\/","https:\/\/x.com\/eldiario_net"]},{"@type":"Person","@id":"https:\/\/www.eldiario.net\/portal\/#\/schema\/person\/f46445640444750d7d753ccd04ae01b7","name":"Jeanette","image":{"@type":"ImageObject","inLanguage":"es","@id":"https:\/\/secure.gravatar.com\/avatar\/3ea2118a5f7dad2b7138b1187a6b7ee55f160b9968b66013c3a3ef39dd7e5798?s=96&d=mm&r=g","url":"https:\/\/secure.gravatar.com\/avatar\/3ea2118a5f7dad2b7138b1187a6b7ee55f160b9968b66013c3a3ef39dd7e5798?s=96&d=mm&r=g","contentUrl":"https:\/\/secure.gravatar.com\/avatar\/3ea2118a5f7dad2b7138b1187a6b7ee55f160b9968b66013c3a3ef39dd7e5798?s=96&d=mm&r=g","caption":"Jeanette"},"sameAs":["https:\/\/www.eldiario.net\/portal"],"url":"https:\/\/www.eldiario.net\/portal\/author\/jeanette\/"}]}},"_links":{"self":[{"href":"https:\/\/www.eldiario.net\/portal\/wp-json\/wp\/v2\/posts\/263395","targetHints":{"allow":["GET"]}}],"collection":[{"href":"https:\/\/www.eldiario.net\/portal\/wp-json\/wp\/v2\/posts"}],"about":[{"href":"https:\/\/www.eldiario.net\/portal\/wp-json\/wp\/v2\/types\/post"}],"author":[{"embeddable":true,"href":"https:\/\/www.eldiario.net\/portal\/wp-json\/wp\/v2\/users\/1"}],"replies":[{"embeddable":true,"href":"https:\/\/www.eldiario.net\/portal\/wp-json\/wp\/v2\/comments?post=263395"}],"version-history":[{"count":1,"href":"https:\/\/www.eldiario.net\/portal\/wp-json\/wp\/v2\/posts\/263395\/revisions"}],"predecessor-version":[{"id":263397,"href":"https:\/\/www.eldiario.net\/portal\/wp-json\/wp\/v2\/posts\/263395\/revisions\/263397"}],"wp:featuredmedia":[{"embeddable":true,"href":"https:\/\/www.eldiario.net\/portal\/wp-json\/wp\/v2\/media\/263396"}],"wp:attachment":[{"href":"https:\/\/www.eldiario.net\/portal\/wp-json\/wp\/v2\/media?parent=263395"}],"wp:term":[{"taxonomy":"category","embeddable":true,"href":"https:\/\/www.eldiario.net\/portal\/wp-json\/wp\/v2\/categories?post=263395"},{"taxonomy":"post_tag","embeddable":true,"href":"https:\/\/www.eldiario.net\/portal\/wp-json\/wp\/v2\/tags?post=263395"}],"curies":[{"name":"wp","href":"https:\/\/api.w.org\/{rel}","templated":true}]}}