{"id":263392,"date":"2024-11-25T05:41:21","date_gmt":"2024-11-25T09:41:21","guid":{"rendered":"https:\/\/www.eldiario.net\/portal\/?p=263392"},"modified":"2024-11-25T05:41:21","modified_gmt":"2024-11-25T09:41:21","slug":"cop29-acuerda-aporte-de-300-000-millones-de-dolares-al-sur-global","status":"publish","type":"post","link":"https:\/\/www.eldiario.net\/portal\/2024\/11\/25\/cop29-acuerda-aporte-de-300-000-millones-de-dolares-al-sur-global\/","title":{"rendered":"COP29 acuerda aporte de 300.000  millones de d\u00f3lares al Sur Global"},"content":{"rendered":"<p class=\"v1MsoNormal\">Seg\u00fan el proyecto de acuerdo final, los pa\u00edses ricos se comprometen a aportar \u00abal menos\u00bb 300.000 millones de d\u00f3lares anuales hasta 2035 para que las naciones empobrecidas enfrenten las consecuencias del calentamiento global.<\/p>\n<p class=\"v1MsoNormal\">El secretario general de la ONU, Ant\u00f3nio Guterres, afirm\u00f3 que esperaba \u00abun resultado m\u00e1s ambicioso\u00bb y llam\u00f3 \u00aba los gobiernos para que vean este acuerdo como una base y construyan sobre ella\u00bb.<\/p>\n<p class=\"v1MsoNormal\">El presidente Biden elogi\u00f3 el pacto como un \u00abpaso significativo\u00bb para combatir el calentamiento global y el comisario para el Clima de la Uni\u00f3n Europea, Wopke Hoekstra, asegur\u00f3 que era \u00abel inicio de una nueva era para las finanzas clim\u00e1ticas\u00bb.<\/p>\n<p class=\"v1MsoNormal\">\u00abEste objetivo no es lo que esper\u00e1bamos conseguir. Despu\u00e9s de a\u00f1os de discusiones, no es ambicioso para nosotros\u00bb, sostuvo Evans Njewa, diplom\u00e1tico de Malaui y jefe del bloque de Pa\u00edses Menos Desarrollados.<\/p>\n<p class=\"v1MsoNormal\">La contribuci\u00f3n acordada \u00abes un insulto a la demanda de los pa\u00edses en desarrollo\u00bb, sostuvo Diego Pacheco, negociador jefe de Bolivia. \u00abEl pago de la deuda clim\u00e1tica es un derecho de los pa\u00edses del Sur Global\u00bb, defendi\u00f3, despertando una gran ovaci\u00f3n en la sala donde se celebraba la sesi\u00f3n plenaria.<\/p>\n<p class=\"v1MsoNormal\">El keniano Ali Mohamed, al frente del grupo de pa\u00edses africanos, se mostr\u00f3 \u00abextremadamente decepcionado\u00bb con un acuerdo \u00abdemasiado peque\u00f1o, demasiado tard\u00edo\u00bb. Y la representante india, Chandni Raina, arremeti\u00f3 contra \u00abuna suma miserable\u00bb.<\/p>\n<p class=\"v1MsoNormal\">\u00abEsto no ser\u00e1 suficiente\u00bb, advirti\u00f3 a la AFP el negociador jefe de Panam\u00e1, Juan Carlos Monterrey.<\/p>\n<p class=\"v1MsoNormal\">Las naciones en desarrollo calculan que, con la inflaci\u00f3n, el esfuerzo financiero real de los pa\u00edses que aportan esa ayuda (los europeos, Estados Unidos, Canad\u00e1, Jap\u00f3n, Australia, Nueva Zelanda) ser\u00eda mucho menor, m\u00e1s a\u00fan con los esfuerzos ya previstos por los bancos multilaterales de desarrollo.<\/p>\n<p class=\"v1MsoNormal\">\u00abNing\u00fan pa\u00eds consigui\u00f3 todo lo que quer\u00eda, y nos vamos de Bak\u00fa con una monta\u00f1a de trabajo a\u00fan por hacer. As\u00ed que no es el momento de dar vueltas de honor\u00bb, afirm\u00f3 el jefe del organismo de la ONU para el Clima, Simon Stiell, en un comunicado.<\/p>\n<p class=\"v1MsoNormal\">El acuerdo fija separadamente el ambicioso objetivo de obtener un total de 1,3 billones de d\u00f3lares al a\u00f1o para 2035, destinados a los pa\u00edses en desarrollo, en el que se contar\u00eda la contribuci\u00f3n de los pa\u00edses ricos y de otras fuentes de financiaci\u00f3n, como fondos privados o nuevas tasas.<\/p>\n<p class=\"v1MsoNormal\">La decisi\u00f3n lleg\u00f3 m\u00e1s de un d\u00eda despu\u00e9s de que la conferencia terminase oficialmente y al cabo de unas \u00abdolorosas\u00bb discusiones, seg\u00fan las palabras de la ministra brasile\u00f1a de Medio Ambiente, Marina Silva, quien achac\u00f3 el bloqueo continuado a una falta de \u00abliderazgo central\u00bb.<\/p>\n<p class=\"v1MsoNormal\">El a\u00f1o pr\u00f3ximo, la ciudad brasile\u00f1a de Bel\u00e9m acoger\u00e1 la COP30.(RFI)<\/p>\n<p class=\"v1MsoNormal\">\n","protected":false},"excerpt":{"rendered":"<p>Seg\u00fan el proyecto de acuerdo final, los pa\u00edses ricos se comprometen a aportar \u00abal menos\u00bb 300.000 millones de d\u00f3lares anuales hasta 2035 para que las naciones empobrecidas enfrenten las consecuencias del calentamiento global. El secretario general de la ONU, Ant\u00f3nio Guterres, afirm\u00f3 que esperaba \u00abun resultado m\u00e1s ambicioso\u00bb y llam\u00f3 \u00aba los gobiernos para que [&hellip;]<\/p>\n","protected":false},"author":1,"featured_media":263393,"comment_status":"closed","ping_status":"open","sticky":false,"template":"","format":"standard","meta":{"_acf_changed":false,"footnotes":""},"categories":[3],"tags":[],"class_list":["post-263392","post","type-post","status-publish","format-standard","has-post-thumbnail","category-internacional"],"acf":{"antetitulo":"Azerbaiy\u00e1n"},"yoast_head":"<!-- This site is optimized with the Yoast SEO plugin v28.3 - https:\/\/yoast.com\/product\/yoast-seo-wordpress\/ -->\n<title>COP29 acuerda aporte de 300.000 millones de d\u00f3lares al Sur Global - El Diario - Bolivia<\/title>\n<meta name=\"robots\" content=\"index, follow, max-snippet:-1, max-image-preview:large, max-video-preview:-1\" \/>\n<link rel=\"canonical\" href=\"https:\/\/www.eldiario.net\/portal\/2024\/11\/25\/cop29-acuerda-aporte-de-300-000-millones-de-dolares-al-sur-global\/\" \/>\n<meta property=\"og:locale\" content=\"es_ES\" \/>\n<meta property=\"og:type\" content=\"article\" \/>\n<meta property=\"og:title\" content=\"COP29 acuerda aporte de 300.000 millones de d\u00f3lares al Sur Global - El Diario - Bolivia\" \/>\n<meta property=\"og:description\" content=\"Seg\u00fan el proyecto de acuerdo final, los pa\u00edses ricos se comprometen a aportar \u00abal menos\u00bb 300.000 millones de d\u00f3lares anuales hasta 2035 para que las naciones empobrecidas enfrenten las consecuencias del calentamiento global. El secretario general de la ONU, Ant\u00f3nio Guterres, afirm\u00f3 que esperaba \u00abun resultado m\u00e1s ambicioso\u00bb y llam\u00f3 \u00aba los gobiernos para que [&hellip;]\" \/>\n<meta property=\"og:url\" content=\"https:\/\/www.eldiario.net\/portal\/2024\/11\/25\/cop29-acuerda-aporte-de-300-000-millones-de-dolares-al-sur-global\/\" \/>\n<meta property=\"og:site_name\" content=\"El Diario - Bolivia\" \/>\n<meta property=\"article:publisher\" content=\"https:\/\/www.facebook.com\/eldiario.bolivia\/\" \/>\n<meta property=\"article:published_time\" content=\"2024-11-25T09:41:21+00:00\" \/>\n<meta property=\"og:image\" content=\"https:\/\/www.eldiario.net\/portal\/wp-content\/uploads\/2024\/11\/BAKU-Reuters.jpg\" \/>\n\t<meta property=\"og:image:width\" content=\"1200\" \/>\n\t<meta property=\"og:image:height\" content=\"525\" \/>\n\t<meta property=\"og:image:type\" content=\"image\/jpeg\" \/>\n<meta name=\"author\" content=\"Jeanette\" \/>\n<meta name=\"twitter:card\" content=\"summary_large_image\" \/>\n<meta name=\"twitter:creator\" content=\"@eldiario_net\" \/>\n<meta name=\"twitter:site\" content=\"@eldiario_net\" \/>\n<meta name=\"twitter:label1\" content=\"Escrito por\" \/>\n\t<meta name=\"twitter:data1\" content=\"Jeanette\" \/>\n\t<meta name=\"twitter:label2\" content=\"Tiempo de lectura\" \/>\n\t<meta name=\"twitter:data2\" content=\"3 minutos\" \/>\n<script type=\"application\/ld+json\" class=\"yoast-schema-graph\">{\"@context\":\"https:\\\/\\\/schema.org\",\"@graph\":[{\"@type\":\"Article\",\"@id\":\"https:\\\/\\\/www.eldiario.net\\\/portal\\\/2024\\\/11\\\/25\\\/cop29-acuerda-aporte-de-300-000-millones-de-dolares-al-sur-global\\\/#article\",\"isPartOf\":{\"@id\":\"https:\\\/\\\/www.eldiario.net\\\/portal\\\/2024\\\/11\\\/25\\\/cop29-acuerda-aporte-de-300-000-millones-de-dolares-al-sur-global\\\/\"},\"author\":{\"name\":\"Jeanette\",\"@id\":\"https:\\\/\\\/www.eldiario.net\\\/portal\\\/#\\\/schema\\\/person\\\/f46445640444750d7d753ccd04ae01b7\"},\"headline\":\"COP29 acuerda aporte de 300.000 millones de d\u00f3lares al Sur Global\",\"datePublished\":\"2024-11-25T09:41:21+00:00\",\"mainEntityOfPage\":{\"@id\":\"https:\\\/\\\/www.eldiario.net\\\/portal\\\/2024\\\/11\\\/25\\\/cop29-acuerda-aporte-de-300-000-millones-de-dolares-al-sur-global\\\/\"},\"wordCount\":489,\"publisher\":{\"@id\":\"https:\\\/\\\/www.eldiario.net\\\/portal\\\/#organization\"},\"image\":{\"@id\":\"https:\\\/\\\/www.eldiario.net\\\/portal\\\/2024\\\/11\\\/25\\\/cop29-acuerda-aporte-de-300-000-millones-de-dolares-al-sur-global\\\/#primaryimage\"},\"thumbnailUrl\":\"https:\\\/\\\/www.eldiario.net\\\/portal\\\/wp-content\\\/uploads\\\/2024\\\/11\\\/BAKU-Reuters.jpg\",\"articleSection\":[\"Internacional\"],\"inLanguage\":\"es\"},{\"@type\":\"WebPage\",\"@id\":\"https:\\\/\\\/www.eldiario.net\\\/portal\\\/2024\\\/11\\\/25\\\/cop29-acuerda-aporte-de-300-000-millones-de-dolares-al-sur-global\\\/\",\"url\":\"https:\\\/\\\/www.eldiario.net\\\/portal\\\/2024\\\/11\\\/25\\\/cop29-acuerda-aporte-de-300-000-millones-de-dolares-al-sur-global\\\/\",\"name\":\"COP29 acuerda aporte de 300.000 millones de d\u00f3lares al Sur Global - El Diario - Bolivia\",\"isPartOf\":{\"@id\":\"https:\\\/\\\/www.eldiario.net\\\/portal\\\/#website\"},\"primaryImageOfPage\":{\"@id\":\"https:\\\/\\\/www.eldiario.net\\\/portal\\\/2024\\\/11\\\/25\\\/cop29-acuerda-aporte-de-300-000-millones-de-dolares-al-sur-global\\\/#primaryimage\"},\"image\":{\"@id\":\"https:\\\/\\\/www.eldiario.net\\\/portal\\\/2024\\\/11\\\/25\\\/cop29-acuerda-aporte-de-300-000-millones-de-dolares-al-sur-global\\\/#primaryimage\"},\"thumbnailUrl\":\"https:\\\/\\\/www.eldiario.net\\\/portal\\\/wp-content\\\/uploads\\\/2024\\\/11\\\/BAKU-Reuters.jpg\",\"datePublished\":\"2024-11-25T09:41:21+00:00\",\"breadcrumb\":{\"@id\":\"https:\\\/\\\/www.eldiario.net\\\/portal\\\/2024\\\/11\\\/25\\\/cop29-acuerda-aporte-de-300-000-millones-de-dolares-al-sur-global\\\/#breadcrumb\"},\"inLanguage\":\"es\",\"potentialAction\":[{\"@type\":\"ReadAction\",\"target\":[\"https:\\\/\\\/www.eldiario.net\\\/portal\\\/2024\\\/11\\\/25\\\/cop29-acuerda-aporte-de-300-000-millones-de-dolares-al-sur-global\\\/\"]}]},{\"@type\":\"ImageObject\",\"inLanguage\":\"es\",\"@id\":\"https:\\\/\\\/www.eldiario.net\\\/portal\\\/2024\\\/11\\\/25\\\/cop29-acuerda-aporte-de-300-000-millones-de-dolares-al-sur-global\\\/#primaryimage\",\"url\":\"https:\\\/\\\/www.eldiario.net\\\/portal\\\/wp-content\\\/uploads\\\/2024\\\/11\\\/BAKU-Reuters.jpg\",\"contentUrl\":\"https:\\\/\\\/www.eldiario.net\\\/portal\\\/wp-content\\\/uploads\\\/2024\\\/11\\\/BAKU-Reuters.jpg\",\"width\":1200,\"height\":525,\"caption\":\"Estados pudientes se comprometen en Bak\u00fa asumir parte de la transici\u00f3n ecol\u00f3gica y la adaptaci\u00f3n clim\u00e1tica en pa\u00edses del Sur Global. CREDITO: Reuters\"},{\"@type\":\"BreadcrumbList\",\"@id\":\"https:\\\/\\\/www.eldiario.net\\\/portal\\\/2024\\\/11\\\/25\\\/cop29-acuerda-aporte-de-300-000-millones-de-dolares-al-sur-global\\\/#breadcrumb\",\"itemListElement\":[{\"@type\":\"ListItem\",\"position\":1,\"name\":\"Portada\",\"item\":\"https:\\\/\\\/www.eldiario.net\\\/portal\\\/\"},{\"@type\":\"ListItem\",\"position\":2,\"name\":\"COP29 acuerda aporte de 300.000 millones de d\u00f3lares al Sur Global\"}]},{\"@type\":\"WebSite\",\"@id\":\"https:\\\/\\\/www.eldiario.net\\\/portal\\\/#website\",\"url\":\"https:\\\/\\\/www.eldiario.net\\\/portal\\\/\",\"name\":\"El Diario - Decano de la prensa nacional\",\"description\":\"El Diario - Decano de la prensa nacional\",\"publisher\":{\"@id\":\"https:\\\/\\\/www.eldiario.net\\\/portal\\\/#organization\"},\"potentialAction\":[{\"@type\":\"SearchAction\",\"target\":{\"@type\":\"EntryPoint\",\"urlTemplate\":\"https:\\\/\\\/www.eldiario.net\\\/portal\\\/?s={search_term_string}\"},\"query-input\":{\"@type\":\"PropertyValueSpecification\",\"valueRequired\":true,\"valueName\":\"search_term_string\"}}],\"inLanguage\":\"es\"},{\"@type\":\"Organization\",\"@id\":\"https:\\\/\\\/www.eldiario.net\\\/portal\\\/#organization\",\"name\":\"El Diario - Decano de la prensa nacional\",\"url\":\"https:\\\/\\\/www.eldiario.net\\\/portal\\\/\",\"logo\":{\"@type\":\"ImageObject\",\"inLanguage\":\"es\",\"@id\":\"https:\\\/\\\/www.eldiario.net\\\/portal\\\/#\\\/schema\\\/logo\\\/image\\\/\",\"url\":\"https:\\\/\\\/www.eldiario.net\\\/portal\\\/wp-content\\\/uploads\\\/2023\\\/07\\\/logo_ED.jpg\",\"contentUrl\":\"https:\\\/\\\/www.eldiario.net\\\/portal\\\/wp-content\\\/uploads\\\/2023\\\/07\\\/logo_ED.jpg\",\"width\":272,\"height\":52,\"caption\":\"El Diario - Decano de la prensa nacional\"},\"image\":{\"@id\":\"https:\\\/\\\/www.eldiario.net\\\/portal\\\/#\\\/schema\\\/logo\\\/image\\\/\"},\"sameAs\":[\"https:\\\/\\\/www.facebook.com\\\/eldiario.bolivia\\\/\",\"https:\\\/\\\/x.com\\\/eldiario_net\"]},{\"@type\":\"Person\",\"@id\":\"https:\\\/\\\/www.eldiario.net\\\/portal\\\/#\\\/schema\\\/person\\\/f46445640444750d7d753ccd04ae01b7\",\"name\":\"Jeanette\",\"image\":{\"@type\":\"ImageObject\",\"inLanguage\":\"es\",\"@id\":\"https:\\\/\\\/secure.gravatar.com\\\/avatar\\\/3ea2118a5f7dad2b7138b1187a6b7ee55f160b9968b66013c3a3ef39dd7e5798?s=96&d=mm&r=g\",\"url\":\"https:\\\/\\\/secure.gravatar.com\\\/avatar\\\/3ea2118a5f7dad2b7138b1187a6b7ee55f160b9968b66013c3a3ef39dd7e5798?s=96&d=mm&r=g\",\"contentUrl\":\"https:\\\/\\\/secure.gravatar.com\\\/avatar\\\/3ea2118a5f7dad2b7138b1187a6b7ee55f160b9968b66013c3a3ef39dd7e5798?s=96&d=mm&r=g\",\"caption\":\"Jeanette\"},\"sameAs\":[\"https:\\\/\\\/www.eldiario.net\\\/portal\"],\"url\":\"https:\\\/\\\/www.eldiario.net\\\/portal\\\/author\\\/jeanette\\\/\"}]}<\/script>\n<!-- \/ Yoast SEO plugin. -->","yoast_head_json":{"title":"COP29 acuerda aporte de 300.000 millones de d\u00f3lares al Sur Global - El Diario - Bolivia","robots":{"index":"index","follow":"follow","max-snippet":"max-snippet:-1","max-image-preview":"max-image-preview:large","max-video-preview":"max-video-preview:-1"},"canonical":"https:\/\/www.eldiario.net\/portal\/2024\/11\/25\/cop29-acuerda-aporte-de-300-000-millones-de-dolares-al-sur-global\/","og_locale":"es_ES","og_type":"article","og_title":"COP29 acuerda aporte de 300.000 millones de d\u00f3lares al Sur Global - El Diario - Bolivia","og_description":"Seg\u00fan el proyecto de acuerdo final, los pa\u00edses ricos se comprometen a aportar \u00abal menos\u00bb 300.000 millones de d\u00f3lares anuales hasta 2035 para que las naciones empobrecidas enfrenten las consecuencias del calentamiento global. El secretario general de la ONU, Ant\u00f3nio Guterres, afirm\u00f3 que esperaba \u00abun resultado m\u00e1s ambicioso\u00bb y llam\u00f3 \u00aba los gobiernos para que [&hellip;]","og_url":"https:\/\/www.eldiario.net\/portal\/2024\/11\/25\/cop29-acuerda-aporte-de-300-000-millones-de-dolares-al-sur-global\/","og_site_name":"El Diario - Bolivia","article_publisher":"https:\/\/www.facebook.com\/eldiario.bolivia\/","article_published_time":"2024-11-25T09:41:21+00:00","og_image":[{"width":1200,"height":525,"url":"https:\/\/www.eldiario.net\/portal\/wp-content\/uploads\/2024\/11\/BAKU-Reuters.jpg","type":"image\/jpeg"}],"author":"Jeanette","twitter_card":"summary_large_image","twitter_creator":"@eldiario_net","twitter_site":"@eldiario_net","twitter_misc":{"Escrito por":"Jeanette","Tiempo de lectura":"3 minutos"},"schema":{"@context":"https:\/\/schema.org","@graph":[{"@type":"Article","@id":"https:\/\/www.eldiario.net\/portal\/2024\/11\/25\/cop29-acuerda-aporte-de-300-000-millones-de-dolares-al-sur-global\/#article","isPartOf":{"@id":"https:\/\/www.eldiario.net\/portal\/2024\/11\/25\/cop29-acuerda-aporte-de-300-000-millones-de-dolares-al-sur-global\/"},"author":{"name":"Jeanette","@id":"https:\/\/www.eldiario.net\/portal\/#\/schema\/person\/f46445640444750d7d753ccd04ae01b7"},"headline":"COP29 acuerda aporte de 300.000 millones de d\u00f3lares al Sur Global","datePublished":"2024-11-25T09:41:21+00:00","mainEntityOfPage":{"@id":"https:\/\/www.eldiario.net\/portal\/2024\/11\/25\/cop29-acuerda-aporte-de-300-000-millones-de-dolares-al-sur-global\/"},"wordCount":489,"publisher":{"@id":"https:\/\/www.eldiario.net\/portal\/#organization"},"image":{"@id":"https:\/\/www.eldiario.net\/portal\/2024\/11\/25\/cop29-acuerda-aporte-de-300-000-millones-de-dolares-al-sur-global\/#primaryimage"},"thumbnailUrl":"https:\/\/www.eldiario.net\/portal\/wp-content\/uploads\/2024\/11\/BAKU-Reuters.jpg","articleSection":["Internacional"],"inLanguage":"es"},{"@type":"WebPage","@id":"https:\/\/www.eldiario.net\/portal\/2024\/11\/25\/cop29-acuerda-aporte-de-300-000-millones-de-dolares-al-sur-global\/","url":"https:\/\/www.eldiario.net\/portal\/2024\/11\/25\/cop29-acuerda-aporte-de-300-000-millones-de-dolares-al-sur-global\/","name":"COP29 acuerda aporte de 300.000 millones de d\u00f3lares al Sur Global - El Diario - Bolivia","isPartOf":{"@id":"https:\/\/www.eldiario.net\/portal\/#website"},"primaryImageOfPage":{"@id":"https:\/\/www.eldiario.net\/portal\/2024\/11\/25\/cop29-acuerda-aporte-de-300-000-millones-de-dolares-al-sur-global\/#primaryimage"},"image":{"@id":"https:\/\/www.eldiario.net\/portal\/2024\/11\/25\/cop29-acuerda-aporte-de-300-000-millones-de-dolares-al-sur-global\/#primaryimage"},"thumbnailUrl":"https:\/\/www.eldiario.net\/portal\/wp-content\/uploads\/2024\/11\/BAKU-Reuters.jpg","datePublished":"2024-11-25T09:41:21+00:00","breadcrumb":{"@id":"https:\/\/www.eldiario.net\/portal\/2024\/11\/25\/cop29-acuerda-aporte-de-300-000-millones-de-dolares-al-sur-global\/#breadcrumb"},"inLanguage":"es","potentialAction":[{"@type":"ReadAction","target":["https:\/\/www.eldiario.net\/portal\/2024\/11\/25\/cop29-acuerda-aporte-de-300-000-millones-de-dolares-al-sur-global\/"]}]},{"@type":"ImageObject","inLanguage":"es","@id":"https:\/\/www.eldiario.net\/portal\/2024\/11\/25\/cop29-acuerda-aporte-de-300-000-millones-de-dolares-al-sur-global\/#primaryimage","url":"https:\/\/www.eldiario.net\/portal\/wp-content\/uploads\/2024\/11\/BAKU-Reuters.jpg","contentUrl":"https:\/\/www.eldiario.net\/portal\/wp-content\/uploads\/2024\/11\/BAKU-Reuters.jpg","width":1200,"height":525,"caption":"Estados pudientes se comprometen en Bak\u00fa asumir parte de la transici\u00f3n ecol\u00f3gica y la adaptaci\u00f3n clim\u00e1tica en pa\u00edses del Sur Global. CREDITO: Reuters"},{"@type":"BreadcrumbList","@id":"https:\/\/www.eldiario.net\/portal\/2024\/11\/25\/cop29-acuerda-aporte-de-300-000-millones-de-dolares-al-sur-global\/#breadcrumb","itemListElement":[{"@type":"ListItem","position":1,"name":"Portada","item":"https:\/\/www.eldiario.net\/portal\/"},{"@type":"ListItem","position":2,"name":"COP29 acuerda aporte de 300.000 millones de d\u00f3lares al Sur Global"}]},{"@type":"WebSite","@id":"https:\/\/www.eldiario.net\/portal\/#website","url":"https:\/\/www.eldiario.net\/portal\/","name":"El Diario - Decano de la prensa nacional","description":"El Diario - Decano de la prensa nacional","publisher":{"@id":"https:\/\/www.eldiario.net\/portal\/#organization"},"potentialAction":[{"@type":"SearchAction","target":{"@type":"EntryPoint","urlTemplate":"https:\/\/www.eldiario.net\/portal\/?s={search_term_string}"},"query-input":{"@type":"PropertyValueSpecification","valueRequired":true,"valueName":"search_term_string"}}],"inLanguage":"es"},{"@type":"Organization","@id":"https:\/\/www.eldiario.net\/portal\/#organization","name":"El Diario - Decano de la prensa nacional","url":"https:\/\/www.eldiario.net\/portal\/","logo":{"@type":"ImageObject","inLanguage":"es","@id":"https:\/\/www.eldiario.net\/portal\/#\/schema\/logo\/image\/","url":"https:\/\/www.eldiario.net\/portal\/wp-content\/uploads\/2023\/07\/logo_ED.jpg","contentUrl":"https:\/\/www.eldiario.net\/portal\/wp-content\/uploads\/2023\/07\/logo_ED.jpg","width":272,"height":52,"caption":"El Diario - Decano de la prensa nacional"},"image":{"@id":"https:\/\/www.eldiario.net\/portal\/#\/schema\/logo\/image\/"},"sameAs":["https:\/\/www.facebook.com\/eldiario.bolivia\/","https:\/\/x.com\/eldiario_net"]},{"@type":"Person","@id":"https:\/\/www.eldiario.net\/portal\/#\/schema\/person\/f46445640444750d7d753ccd04ae01b7","name":"Jeanette","image":{"@type":"ImageObject","inLanguage":"es","@id":"https:\/\/secure.gravatar.com\/avatar\/3ea2118a5f7dad2b7138b1187a6b7ee55f160b9968b66013c3a3ef39dd7e5798?s=96&d=mm&r=g","url":"https:\/\/secure.gravatar.com\/avatar\/3ea2118a5f7dad2b7138b1187a6b7ee55f160b9968b66013c3a3ef39dd7e5798?s=96&d=mm&r=g","contentUrl":"https:\/\/secure.gravatar.com\/avatar\/3ea2118a5f7dad2b7138b1187a6b7ee55f160b9968b66013c3a3ef39dd7e5798?s=96&d=mm&r=g","caption":"Jeanette"},"sameAs":["https:\/\/www.eldiario.net\/portal"],"url":"https:\/\/www.eldiario.net\/portal\/author\/jeanette\/"}]}},"_links":{"self":[{"href":"https:\/\/www.eldiario.net\/portal\/wp-json\/wp\/v2\/posts\/263392","targetHints":{"allow":["GET"]}}],"collection":[{"href":"https:\/\/www.eldiario.net\/portal\/wp-json\/wp\/v2\/posts"}],"about":[{"href":"https:\/\/www.eldiario.net\/portal\/wp-json\/wp\/v2\/types\/post"}],"author":[{"embeddable":true,"href":"https:\/\/www.eldiario.net\/portal\/wp-json\/wp\/v2\/users\/1"}],"replies":[{"embeddable":true,"href":"https:\/\/www.eldiario.net\/portal\/wp-json\/wp\/v2\/comments?post=263392"}],"version-history":[{"count":1,"href":"https:\/\/www.eldiario.net\/portal\/wp-json\/wp\/v2\/posts\/263392\/revisions"}],"predecessor-version":[{"id":263394,"href":"https:\/\/www.eldiario.net\/portal\/wp-json\/wp\/v2\/posts\/263392\/revisions\/263394"}],"wp:featuredmedia":[{"embeddable":true,"href":"https:\/\/www.eldiario.net\/portal\/wp-json\/wp\/v2\/media\/263393"}],"wp:attachment":[{"href":"https:\/\/www.eldiario.net\/portal\/wp-json\/wp\/v2\/media?parent=263392"}],"wp:term":[{"taxonomy":"category","embeddable":true,"href":"https:\/\/www.eldiario.net\/portal\/wp-json\/wp\/v2\/categories?post=263392"},{"taxonomy":"post_tag","embeddable":true,"href":"https:\/\/www.eldiario.net\/portal\/wp-json\/wp\/v2\/tags?post=263392"}],"curies":[{"name":"wp","href":"https:\/\/api.w.org\/{rel}","templated":true}]}}