{"id":263389,"date":"2024-11-25T05:40:27","date_gmt":"2024-11-25T09:40:27","guid":{"rendered":"https:\/\/www.eldiario.net\/portal\/?p=263389"},"modified":"2024-11-25T05:40:27","modified_gmt":"2024-11-25T09:40:27","slug":"borrel-pide-presionar-a-israel-y-hezbola-para-aceptar-propuesta-de-alto-el-fuego","status":"publish","type":"post","link":"https:\/\/www.eldiario.net\/portal\/2024\/11\/25\/borrel-pide-presionar-a-israel-y-hezbola-para-aceptar-propuesta-de-alto-el-fuego\/","title":{"rendered":"Borrel pide presionar a Israel y Hezbol\u00e1  para aceptar propuesta de alto el fuego"},"content":{"rendered":"<p class=\"v1MsoNormal\">El Alto Representante de la Uni\u00f3n Europea (UE) para Asuntos Exteriores, Josep Borrell, inst\u00f3 desde Beirut a presionar a Israel y al grupo chi\u00ed liban\u00e9s Hezbol\u00e1 para que concluyan un acuerdo de alto el fuego.<b><\/b><\/p>\n<p class=\"v1MsoNormal\">\u00abDebemos presionar al Gobierno israel\u00ed y mantener la presi\u00f3n sobre Hezbol\u00e1 para que acepten la propuesta de alto el fuego de Estados Unidos\u00bb, sostuvo Borrell en rueda de prensa, al t\u00e9rmino de una reuni\u00f3n con el presidente del Parlamento liban\u00e9s y principal negociador por parte del L\u00edbano, Nabih Berri.<\/p>\n<p class=\"v1MsoNormal\">\u00abEn los \u00faltimos d\u00edas, el enviado estadounidense estuvo aqu\u00ed en el L\u00edbano, tuvo lugar una larga negociaci\u00f3n con el presidente Berri y la propuesta fue trasladada al Gobierno israel\u00ed. Y en este momento, est\u00e1 pendiente una respuesta concreta y definitiva del Gobierno israel\u00ed\u00bb, explic\u00f3.<\/p>\n<p class=\"v1MsoNormal\">Esta semana, el mediador estadounidense, Amos Hochstein, se reuni\u00f3 en Beirut con el jefe del Legislativo, aliado de Hezbol\u00e1, y posteriormente viaj\u00f3 a Israel para continuar con las negociaciones, sin llegar a cerrar un pacto antes de su regreso a Washington.<\/p>\n<p class=\"v1MsoNormal\">Borrell reconoci\u00f3 que durante su \u00faltima visita al pa\u00eds el pasado septiembre a\u00fan ten\u00eda esperanza de que se pudiera evitar una guerra abierta \u00abde Israel atacando el L\u00edbano\u00bb, algo que acab\u00f3 ocurriendo aquel mismo mes con el inicio de una intensa ofensiva a\u00e9rea israel\u00ed.<\/p>\n<p class=\"v1MsoNormal\">\u00abHe elegido cerrar mi mandato aqu\u00ed en el L\u00edbano, en Beirut, porque lo que est\u00e1 ocurriendo en Oriente Medio y, particularmente aqu\u00ed en Beirut, est\u00e1 poniendo a prueba a la comunidad internacional sobre si verdaderamente estamos dispuestos y somos capaces de lograr la paz\u00bb, se\u00f1al\u00f3 Borrell, que alert\u00f3 de que el conflicto ya alcanz\u00f3 una \u00abdimensi\u00f3n internacional\u00bb y consider\u00f3 que el mundo no puede quedarse \u00abquieto\u00bb, ya que el precio a pagar por la inseguridad en Oriente Medio se volvi\u00f3 \u00abexorbitante e incosteable\u00bb.<\/p>\n<p class=\"v1MsoNormal\">El alto representante europeo tambi\u00e9n record\u00f3 que en un a\u00f1o de conflicto murieron en el L\u00edbano m\u00e1s de 3.500 personas, \u00abtres veces m\u00e1s\u00bb de las que perdieron la vida durante la \u00faltima guerra de 2006, y destac\u00f3 que entre las v\u00edctimas hay una \u00abcantidad incre\u00edble\u00bb de trabajadores sanitarios.<\/p>\n<p class=\"v1MsoNormal\">\u00abSolo vemos un camino: un alto el fuego inmediato y una total implementaci\u00f3n de la resoluci\u00f3n 1701 del Consejo de Seguridad. Un alto el fuego inmediato y simult\u00e1neo de todas las partes\u00bb, reiter\u00f3 durante su intervenci\u00f3n. Por ello, Borrell reafirm\u00f3 el apoyo de la UE a las estipulaciones de ese texto adoptado por el \u00f3rgano de la ONU para poner fin a la guerra de 2006, incluyendo la retirada de Hezbol\u00e1 de la franja fronteriza con Israel y el restablecimiento de una \u00abcompleta soberan\u00eda libanesa por aire, tierra y mar\u00bb.<\/p>\n<p class=\"v1MsoNormal\">A su juicio, la elecci\u00f3n de un presidente en el L\u00edbano, puesto vacante desde hace dos a\u00f1os, ayudar\u00eda a acelerar una salida al conflicto. Por ello, Borrell llam\u00f3 a todos los actores pol\u00edticos del pa\u00eds a que se esfuercen para consensuar a un candidato \u00ablo antes posible\u00bb, si bien reconoci\u00f3 que Berri, encargado de convocar las votaciones presidenciales en la C\u00e1mara, considera que es necesario pactar \u00abprimero\u00bb un cese de hostilidades.<\/p>\n<p class=\"v1MsoNormal\">\u00abLa gente libanesa tiene que tener la soberan\u00eda del L\u00edbano en manos de los libaneses, no de un poder interno ni de un Estado dentro del Estado\u00bb, pidi\u00f3 Borrell, en aparente referencia a Hezbol\u00e1, acusado de querer imponer a su candidato preferente a jefe de Estado.<\/p>\n<p class=\"v1MsoNormal\">\n<p class=\"v1MsoNormal\">ATAQUE CONTRA UN CUARTEL<\/p>\n<p class=\"v1MsoNormal\">El domingo, al menos un soldado liban\u00e9s muri\u00f3 y otros 18 resultaron heridos en un ataque israel\u00ed contra el cuartel del Ej\u00e9rcito del L\u00edbano de Al Ameriya, en la carretera que conecta Al Qalila con Tiro en zona costera al sur del pa\u00eds.<\/p>\n<p class=\"v1MsoNormal\">El primer ministro liban\u00e9s, Najib Mikati, conden\u00f3 el ataque y reiter\u00f3 que la comunidad internacional debe presionar a Israel para que detenga tales acciones. \u00abEl ataque del enemigo israel\u00ed de hoy contra un cuartel del Ej\u00e9rcito en el sur (&#8230;) representa un mensaje sangriento de rechazo directo de todos los intentos y comunicaciones actuales para alcanzar un alto el fuego\u00bb, se\u00f1al\u00f3 Mikati en un comunicado, en relaci\u00f3n a los esfuerzos para lograr una tregua entre Israel y Hezbol\u00e1.<\/p>\n<p class=\"v1MsoNormal\">Cerca de 41 soldados del Ej\u00e9rcito liban\u00e9s murieron en ataques israel\u00edes desde el estallido del conflicto entre Hezbol\u00e1 e Israel el 8 de octubre de 2023, a pesar de que las tropas regulares del L\u00edbano no participan en el conflicto y se limitan a realizar tareas de socorro y de monitoreo de la situaci\u00f3n sobre el terreno. Sin embargo, la mayor\u00eda perdieron la vida desde el comienzo de la campa\u00f1a de bombardeos israel\u00edes el pasado 23 de septiembre.<\/p>\n<p class=\"v1MsoNormal\">Mientras, un hombre de 60 a\u00f1os result\u00f3 gravemente herido en la regi\u00f3n de Alta Galilea, en el norte de Israel, inform\u00f3 el servicio de emergencias israel\u00ed, Magen David Adom (MDA), tras el lanzamiento de m\u00e1s de 160 cohetes desde el L\u00edbano.<\/p>\n<p class=\"v1MsoNormal\">\n<p class=\"v1MsoNormal\">84 MUERTOS EN 24 HORAS<\/p>\n<p class=\"v1MsoNormal\">En las \u00faltimas 24 horas, cerca de 84 personas murieron y otras 213 resultaron heridas en ataques de Israel contra diferentes partes del L\u00edbano. El Ministerio de Salud P\u00fablica se\u00f1al\u00f3 en un comunicado que al menos 29 personas murieron y 67 resultaron heridas en Beirut; mientras que las provincias meridionales de Sur y Nabatiye registraron un total de 19 muertos y 72 heridos.<\/p>\n<p class=\"v1MsoNormal\">En las regiones orientales de la Bekaa y Baalbek-Hermel se contabilizaron un total de 36 muertos y 69 heridos, de acuerdo con el citado departamento, que tambi\u00e9n registr\u00f3 cinco heridos en la provincia central de Monte L\u00edbano.<\/p>\n<p class=\"v1MsoNormal\">Con este nuevo recuento, ascienden a 3.754 los muertos y a 15.626 los heridos desde el estallido de las hostilidades entre Hezbol\u00e1 e Israel el 8 de octubre de 2023, un d\u00eda despu\u00e9s del inicio de la guerra en la Franja de Gaza. La inmensa mayor\u00eda de estas muertes, alrededor de 3.000, se registraron desde el pasado 23 de septiembre, cuando Israel inici\u00f3 una campa\u00f1a de bombardeos sin precedentes contra diferentes puntos del L\u00edbano, especialmente en el sur y el este pero tambi\u00e9n contra los suburbios meridionales de Beirut.<\/p>\n<p class=\"v1MsoNormal\">Entre las v\u00edctimas se contabilizan al menos 240 ni\u00f1os y ni\u00f1as y 706 mujeres, de acuerdo con el Ministerio de Salud P\u00fablica, que denunciaron que al menos 222 sanitarios fallecieron y otros 330 resultaron heridos desde el inicio del conflicto. A su vez, la violencia oblig\u00f3 a m\u00e1s de 1,2 millones de personas a abandonar sus hogares, m\u00e1s de la mitad de las cuales cruzaron la frontera hacia territorio sirio, seg\u00fan las autoridades libanesas.(Rtve)<\/p>\n","protected":false},"excerpt":{"rendered":"<p>El Alto Representante de la Uni\u00f3n Europea (UE) para Asuntos Exteriores, Josep Borrell, inst\u00f3 desde Beirut a presionar a Israel y al grupo chi\u00ed liban\u00e9s Hezbol\u00e1 para que concluyan un acuerdo de alto el fuego. \u00abDebemos presionar al Gobierno israel\u00ed y mantener la presi\u00f3n sobre Hezbol\u00e1 para que acepten la propuesta de alto el fuego [&hellip;]<\/p>\n","protected":false},"author":1,"featured_media":263390,"comment_status":"closed","ping_status":"open","sticky":false,"template":"","format":"standard","meta":{"_acf_changed":false,"footnotes":""},"categories":[3],"tags":[],"class_list":["post-263389","post","type-post","status-publish","format-standard","has-post-thumbnail","category-internacional"],"acf":{"antetitulo":"Uni\u00f3n Europea"},"yoast_head":"<!-- This site is optimized with the Yoast SEO plugin v28.3 - https:\/\/yoast.com\/product\/yoast-seo-wordpress\/ -->\n<title>Borrel pide presionar a Israel y Hezbol\u00e1 para aceptar propuesta de alto el fuego - El Diario - Bolivia<\/title>\n<meta name=\"robots\" content=\"index, follow, max-snippet:-1, max-image-preview:large, max-video-preview:-1\" \/>\n<link rel=\"canonical\" href=\"https:\/\/www.eldiario.net\/portal\/2024\/11\/25\/borrel-pide-presionar-a-israel-y-hezbola-para-aceptar-propuesta-de-alto-el-fuego\/\" \/>\n<meta property=\"og:locale\" content=\"es_ES\" \/>\n<meta property=\"og:type\" content=\"article\" \/>\n<meta property=\"og:title\" content=\"Borrel pide presionar a Israel y Hezbol\u00e1 para aceptar propuesta de alto el fuego - El Diario - Bolivia\" \/>\n<meta property=\"og:description\" content=\"El Alto Representante de la Uni\u00f3n Europea (UE) para Asuntos Exteriores, Josep Borrell, inst\u00f3 desde Beirut a presionar a Israel y al grupo chi\u00ed liban\u00e9s Hezbol\u00e1 para que concluyan un acuerdo de alto el fuego. \u00abDebemos presionar al Gobierno israel\u00ed y mantener la presi\u00f3n sobre Hezbol\u00e1 para que acepten la propuesta de alto el fuego [&hellip;]\" \/>\n<meta property=\"og:url\" content=\"https:\/\/www.eldiario.net\/portal\/2024\/11\/25\/borrel-pide-presionar-a-israel-y-hezbola-para-aceptar-propuesta-de-alto-el-fuego\/\" \/>\n<meta property=\"og:site_name\" content=\"El Diario - Bolivia\" \/>\n<meta property=\"article:publisher\" content=\"https:\/\/www.facebook.com\/eldiario.bolivia\/\" \/>\n<meta property=\"article:published_time\" content=\"2024-11-25T09:40:27+00:00\" \/>\n<meta property=\"og:image\" content=\"https:\/\/www.eldiario.net\/portal\/wp-content\/uploads\/2024\/11\/BORELL-AP.jpg\" \/>\n\t<meta property=\"og:image:width\" content=\"1200\" \/>\n\t<meta property=\"og:image:height\" content=\"675\" \/>\n\t<meta property=\"og:image:type\" content=\"image\/jpeg\" \/>\n<meta name=\"author\" content=\"Jeanette\" \/>\n<meta name=\"twitter:card\" content=\"summary_large_image\" \/>\n<meta name=\"twitter:creator\" content=\"@eldiario_net\" \/>\n<meta name=\"twitter:site\" content=\"@eldiario_net\" \/>\n<meta name=\"twitter:label1\" content=\"Escrito por\" \/>\n\t<meta name=\"twitter:data1\" content=\"Jeanette\" \/>\n\t<meta name=\"twitter:label2\" content=\"Tiempo de lectura\" \/>\n\t<meta name=\"twitter:data2\" content=\"6 minutos\" \/>\n<script type=\"application\/ld+json\" class=\"yoast-schema-graph\">{\"@context\":\"https:\\\/\\\/schema.org\",\"@graph\":[{\"@type\":\"Article\",\"@id\":\"https:\\\/\\\/www.eldiario.net\\\/portal\\\/2024\\\/11\\\/25\\\/borrel-pide-presionar-a-israel-y-hezbola-para-aceptar-propuesta-de-alto-el-fuego\\\/#article\",\"isPartOf\":{\"@id\":\"https:\\\/\\\/www.eldiario.net\\\/portal\\\/2024\\\/11\\\/25\\\/borrel-pide-presionar-a-israel-y-hezbola-para-aceptar-propuesta-de-alto-el-fuego\\\/\"},\"author\":{\"name\":\"Jeanette\",\"@id\":\"https:\\\/\\\/www.eldiario.net\\\/portal\\\/#\\\/schema\\\/person\\\/f46445640444750d7d753ccd04ae01b7\"},\"headline\":\"Borrel pide presionar a Israel y Hezbol\u00e1 para aceptar propuesta de alto el fuego\",\"datePublished\":\"2024-11-25T09:40:27+00:00\",\"mainEntityOfPage\":{\"@id\":\"https:\\\/\\\/www.eldiario.net\\\/portal\\\/2024\\\/11\\\/25\\\/borrel-pide-presionar-a-israel-y-hezbola-para-aceptar-propuesta-de-alto-el-fuego\\\/\"},\"wordCount\":1121,\"publisher\":{\"@id\":\"https:\\\/\\\/www.eldiario.net\\\/portal\\\/#organization\"},\"image\":{\"@id\":\"https:\\\/\\\/www.eldiario.net\\\/portal\\\/2024\\\/11\\\/25\\\/borrel-pide-presionar-a-israel-y-hezbola-para-aceptar-propuesta-de-alto-el-fuego\\\/#primaryimage\"},\"thumbnailUrl\":\"https:\\\/\\\/www.eldiario.net\\\/portal\\\/wp-content\\\/uploads\\\/2024\\\/11\\\/BORELL-AP.jpg\",\"articleSection\":[\"Internacional\"],\"inLanguage\":\"es\"},{\"@type\":\"WebPage\",\"@id\":\"https:\\\/\\\/www.eldiario.net\\\/portal\\\/2024\\\/11\\\/25\\\/borrel-pide-presionar-a-israel-y-hezbola-para-aceptar-propuesta-de-alto-el-fuego\\\/\",\"url\":\"https:\\\/\\\/www.eldiario.net\\\/portal\\\/2024\\\/11\\\/25\\\/borrel-pide-presionar-a-israel-y-hezbola-para-aceptar-propuesta-de-alto-el-fuego\\\/\",\"name\":\"Borrel pide presionar a Israel y Hezbol\u00e1 para aceptar propuesta de alto el fuego - El Diario - Bolivia\",\"isPartOf\":{\"@id\":\"https:\\\/\\\/www.eldiario.net\\\/portal\\\/#website\"},\"primaryImageOfPage\":{\"@id\":\"https:\\\/\\\/www.eldiario.net\\\/portal\\\/2024\\\/11\\\/25\\\/borrel-pide-presionar-a-israel-y-hezbola-para-aceptar-propuesta-de-alto-el-fuego\\\/#primaryimage\"},\"image\":{\"@id\":\"https:\\\/\\\/www.eldiario.net\\\/portal\\\/2024\\\/11\\\/25\\\/borrel-pide-presionar-a-israel-y-hezbola-para-aceptar-propuesta-de-alto-el-fuego\\\/#primaryimage\"},\"thumbnailUrl\":\"https:\\\/\\\/www.eldiario.net\\\/portal\\\/wp-content\\\/uploads\\\/2024\\\/11\\\/BORELL-AP.jpg\",\"datePublished\":\"2024-11-25T09:40:27+00:00\",\"breadcrumb\":{\"@id\":\"https:\\\/\\\/www.eldiario.net\\\/portal\\\/2024\\\/11\\\/25\\\/borrel-pide-presionar-a-israel-y-hezbola-para-aceptar-propuesta-de-alto-el-fuego\\\/#breadcrumb\"},\"inLanguage\":\"es\",\"potentialAction\":[{\"@type\":\"ReadAction\",\"target\":[\"https:\\\/\\\/www.eldiario.net\\\/portal\\\/2024\\\/11\\\/25\\\/borrel-pide-presionar-a-israel-y-hezbola-para-aceptar-propuesta-de-alto-el-fuego\\\/\"]}]},{\"@type\":\"ImageObject\",\"inLanguage\":\"es\",\"@id\":\"https:\\\/\\\/www.eldiario.net\\\/portal\\\/2024\\\/11\\\/25\\\/borrel-pide-presionar-a-israel-y-hezbola-para-aceptar-propuesta-de-alto-el-fuego\\\/#primaryimage\",\"url\":\"https:\\\/\\\/www.eldiario.net\\\/portal\\\/wp-content\\\/uploads\\\/2024\\\/11\\\/BORELL-AP.jpg\",\"contentUrl\":\"https:\\\/\\\/www.eldiario.net\\\/portal\\\/wp-content\\\/uploads\\\/2024\\\/11\\\/BORELL-AP.jpg\",\"width\":1200,\"height\":675,\"caption\":\"Josep Borrell en un encuentro con la prensa en Beirut. CREDITO: AP\"},{\"@type\":\"BreadcrumbList\",\"@id\":\"https:\\\/\\\/www.eldiario.net\\\/portal\\\/2024\\\/11\\\/25\\\/borrel-pide-presionar-a-israel-y-hezbola-para-aceptar-propuesta-de-alto-el-fuego\\\/#breadcrumb\",\"itemListElement\":[{\"@type\":\"ListItem\",\"position\":1,\"name\":\"Portada\",\"item\":\"https:\\\/\\\/www.eldiario.net\\\/portal\\\/\"},{\"@type\":\"ListItem\",\"position\":2,\"name\":\"Borrel pide presionar a Israel y Hezbol\u00e1 para aceptar propuesta de alto el fuego\"}]},{\"@type\":\"WebSite\",\"@id\":\"https:\\\/\\\/www.eldiario.net\\\/portal\\\/#website\",\"url\":\"https:\\\/\\\/www.eldiario.net\\\/portal\\\/\",\"name\":\"El Diario - Decano de la prensa nacional\",\"description\":\"El Diario - Decano de la prensa nacional\",\"publisher\":{\"@id\":\"https:\\\/\\\/www.eldiario.net\\\/portal\\\/#organization\"},\"potentialAction\":[{\"@type\":\"SearchAction\",\"target\":{\"@type\":\"EntryPoint\",\"urlTemplate\":\"https:\\\/\\\/www.eldiario.net\\\/portal\\\/?s={search_term_string}\"},\"query-input\":{\"@type\":\"PropertyValueSpecification\",\"valueRequired\":true,\"valueName\":\"search_term_string\"}}],\"inLanguage\":\"es\"},{\"@type\":\"Organization\",\"@id\":\"https:\\\/\\\/www.eldiario.net\\\/portal\\\/#organization\",\"name\":\"El Diario - Decano de la prensa nacional\",\"url\":\"https:\\\/\\\/www.eldiario.net\\\/portal\\\/\",\"logo\":{\"@type\":\"ImageObject\",\"inLanguage\":\"es\",\"@id\":\"https:\\\/\\\/www.eldiario.net\\\/portal\\\/#\\\/schema\\\/logo\\\/image\\\/\",\"url\":\"https:\\\/\\\/www.eldiario.net\\\/portal\\\/wp-content\\\/uploads\\\/2023\\\/07\\\/logo_ED.jpg\",\"contentUrl\":\"https:\\\/\\\/www.eldiario.net\\\/portal\\\/wp-content\\\/uploads\\\/2023\\\/07\\\/logo_ED.jpg\",\"width\":272,\"height\":52,\"caption\":\"El Diario - Decano de la prensa nacional\"},\"image\":{\"@id\":\"https:\\\/\\\/www.eldiario.net\\\/portal\\\/#\\\/schema\\\/logo\\\/image\\\/\"},\"sameAs\":[\"https:\\\/\\\/www.facebook.com\\\/eldiario.bolivia\\\/\",\"https:\\\/\\\/x.com\\\/eldiario_net\"]},{\"@type\":\"Person\",\"@id\":\"https:\\\/\\\/www.eldiario.net\\\/portal\\\/#\\\/schema\\\/person\\\/f46445640444750d7d753ccd04ae01b7\",\"name\":\"Jeanette\",\"image\":{\"@type\":\"ImageObject\",\"inLanguage\":\"es\",\"@id\":\"https:\\\/\\\/secure.gravatar.com\\\/avatar\\\/3ea2118a5f7dad2b7138b1187a6b7ee55f160b9968b66013c3a3ef39dd7e5798?s=96&d=mm&r=g\",\"url\":\"https:\\\/\\\/secure.gravatar.com\\\/avatar\\\/3ea2118a5f7dad2b7138b1187a6b7ee55f160b9968b66013c3a3ef39dd7e5798?s=96&d=mm&r=g\",\"contentUrl\":\"https:\\\/\\\/secure.gravatar.com\\\/avatar\\\/3ea2118a5f7dad2b7138b1187a6b7ee55f160b9968b66013c3a3ef39dd7e5798?s=96&d=mm&r=g\",\"caption\":\"Jeanette\"},\"sameAs\":[\"https:\\\/\\\/www.eldiario.net\\\/portal\"],\"url\":\"https:\\\/\\\/www.eldiario.net\\\/portal\\\/author\\\/jeanette\\\/\"}]}<\/script>\n<!-- \/ Yoast SEO plugin. -->","yoast_head_json":{"title":"Borrel pide presionar a Israel y Hezbol\u00e1 para aceptar propuesta de alto el fuego - El Diario - Bolivia","robots":{"index":"index","follow":"follow","max-snippet":"max-snippet:-1","max-image-preview":"max-image-preview:large","max-video-preview":"max-video-preview:-1"},"canonical":"https:\/\/www.eldiario.net\/portal\/2024\/11\/25\/borrel-pide-presionar-a-israel-y-hezbola-para-aceptar-propuesta-de-alto-el-fuego\/","og_locale":"es_ES","og_type":"article","og_title":"Borrel pide presionar a Israel y Hezbol\u00e1 para aceptar propuesta de alto el fuego - El Diario - Bolivia","og_description":"El Alto Representante de la Uni\u00f3n Europea (UE) para Asuntos Exteriores, Josep Borrell, inst\u00f3 desde Beirut a presionar a Israel y al grupo chi\u00ed liban\u00e9s Hezbol\u00e1 para que concluyan un acuerdo de alto el fuego. \u00abDebemos presionar al Gobierno israel\u00ed y mantener la presi\u00f3n sobre Hezbol\u00e1 para que acepten la propuesta de alto el fuego [&hellip;]","og_url":"https:\/\/www.eldiario.net\/portal\/2024\/11\/25\/borrel-pide-presionar-a-israel-y-hezbola-para-aceptar-propuesta-de-alto-el-fuego\/","og_site_name":"El Diario - Bolivia","article_publisher":"https:\/\/www.facebook.com\/eldiario.bolivia\/","article_published_time":"2024-11-25T09:40:27+00:00","og_image":[{"width":1200,"height":675,"url":"https:\/\/www.eldiario.net\/portal\/wp-content\/uploads\/2024\/11\/BORELL-AP.jpg","type":"image\/jpeg"}],"author":"Jeanette","twitter_card":"summary_large_image","twitter_creator":"@eldiario_net","twitter_site":"@eldiario_net","twitter_misc":{"Escrito por":"Jeanette","Tiempo de lectura":"6 minutos"},"schema":{"@context":"https:\/\/schema.org","@graph":[{"@type":"Article","@id":"https:\/\/www.eldiario.net\/portal\/2024\/11\/25\/borrel-pide-presionar-a-israel-y-hezbola-para-aceptar-propuesta-de-alto-el-fuego\/#article","isPartOf":{"@id":"https:\/\/www.eldiario.net\/portal\/2024\/11\/25\/borrel-pide-presionar-a-israel-y-hezbola-para-aceptar-propuesta-de-alto-el-fuego\/"},"author":{"name":"Jeanette","@id":"https:\/\/www.eldiario.net\/portal\/#\/schema\/person\/f46445640444750d7d753ccd04ae01b7"},"headline":"Borrel pide presionar a Israel y Hezbol\u00e1 para aceptar propuesta de alto el fuego","datePublished":"2024-11-25T09:40:27+00:00","mainEntityOfPage":{"@id":"https:\/\/www.eldiario.net\/portal\/2024\/11\/25\/borrel-pide-presionar-a-israel-y-hezbola-para-aceptar-propuesta-de-alto-el-fuego\/"},"wordCount":1121,"publisher":{"@id":"https:\/\/www.eldiario.net\/portal\/#organization"},"image":{"@id":"https:\/\/www.eldiario.net\/portal\/2024\/11\/25\/borrel-pide-presionar-a-israel-y-hezbola-para-aceptar-propuesta-de-alto-el-fuego\/#primaryimage"},"thumbnailUrl":"https:\/\/www.eldiario.net\/portal\/wp-content\/uploads\/2024\/11\/BORELL-AP.jpg","articleSection":["Internacional"],"inLanguage":"es"},{"@type":"WebPage","@id":"https:\/\/www.eldiario.net\/portal\/2024\/11\/25\/borrel-pide-presionar-a-israel-y-hezbola-para-aceptar-propuesta-de-alto-el-fuego\/","url":"https:\/\/www.eldiario.net\/portal\/2024\/11\/25\/borrel-pide-presionar-a-israel-y-hezbola-para-aceptar-propuesta-de-alto-el-fuego\/","name":"Borrel pide presionar a Israel y Hezbol\u00e1 para aceptar propuesta de alto el fuego - El Diario - Bolivia","isPartOf":{"@id":"https:\/\/www.eldiario.net\/portal\/#website"},"primaryImageOfPage":{"@id":"https:\/\/www.eldiario.net\/portal\/2024\/11\/25\/borrel-pide-presionar-a-israel-y-hezbola-para-aceptar-propuesta-de-alto-el-fuego\/#primaryimage"},"image":{"@id":"https:\/\/www.eldiario.net\/portal\/2024\/11\/25\/borrel-pide-presionar-a-israel-y-hezbola-para-aceptar-propuesta-de-alto-el-fuego\/#primaryimage"},"thumbnailUrl":"https:\/\/www.eldiario.net\/portal\/wp-content\/uploads\/2024\/11\/BORELL-AP.jpg","datePublished":"2024-11-25T09:40:27+00:00","breadcrumb":{"@id":"https:\/\/www.eldiario.net\/portal\/2024\/11\/25\/borrel-pide-presionar-a-israel-y-hezbola-para-aceptar-propuesta-de-alto-el-fuego\/#breadcrumb"},"inLanguage":"es","potentialAction":[{"@type":"ReadAction","target":["https:\/\/www.eldiario.net\/portal\/2024\/11\/25\/borrel-pide-presionar-a-israel-y-hezbola-para-aceptar-propuesta-de-alto-el-fuego\/"]}]},{"@type":"ImageObject","inLanguage":"es","@id":"https:\/\/www.eldiario.net\/portal\/2024\/11\/25\/borrel-pide-presionar-a-israel-y-hezbola-para-aceptar-propuesta-de-alto-el-fuego\/#primaryimage","url":"https:\/\/www.eldiario.net\/portal\/wp-content\/uploads\/2024\/11\/BORELL-AP.jpg","contentUrl":"https:\/\/www.eldiario.net\/portal\/wp-content\/uploads\/2024\/11\/BORELL-AP.jpg","width":1200,"height":675,"caption":"Josep Borrell en un encuentro con la prensa en Beirut. CREDITO: AP"},{"@type":"BreadcrumbList","@id":"https:\/\/www.eldiario.net\/portal\/2024\/11\/25\/borrel-pide-presionar-a-israel-y-hezbola-para-aceptar-propuesta-de-alto-el-fuego\/#breadcrumb","itemListElement":[{"@type":"ListItem","position":1,"name":"Portada","item":"https:\/\/www.eldiario.net\/portal\/"},{"@type":"ListItem","position":2,"name":"Borrel pide presionar a Israel y Hezbol\u00e1 para aceptar propuesta de alto el fuego"}]},{"@type":"WebSite","@id":"https:\/\/www.eldiario.net\/portal\/#website","url":"https:\/\/www.eldiario.net\/portal\/","name":"El Diario - Decano de la prensa nacional","description":"El Diario - Decano de la prensa nacional","publisher":{"@id":"https:\/\/www.eldiario.net\/portal\/#organization"},"potentialAction":[{"@type":"SearchAction","target":{"@type":"EntryPoint","urlTemplate":"https:\/\/www.eldiario.net\/portal\/?s={search_term_string}"},"query-input":{"@type":"PropertyValueSpecification","valueRequired":true,"valueName":"search_term_string"}}],"inLanguage":"es"},{"@type":"Organization","@id":"https:\/\/www.eldiario.net\/portal\/#organization","name":"El Diario - Decano de la prensa nacional","url":"https:\/\/www.eldiario.net\/portal\/","logo":{"@type":"ImageObject","inLanguage":"es","@id":"https:\/\/www.eldiario.net\/portal\/#\/schema\/logo\/image\/","url":"https:\/\/www.eldiario.net\/portal\/wp-content\/uploads\/2023\/07\/logo_ED.jpg","contentUrl":"https:\/\/www.eldiario.net\/portal\/wp-content\/uploads\/2023\/07\/logo_ED.jpg","width":272,"height":52,"caption":"El Diario - Decano de la prensa nacional"},"image":{"@id":"https:\/\/www.eldiario.net\/portal\/#\/schema\/logo\/image\/"},"sameAs":["https:\/\/www.facebook.com\/eldiario.bolivia\/","https:\/\/x.com\/eldiario_net"]},{"@type":"Person","@id":"https:\/\/www.eldiario.net\/portal\/#\/schema\/person\/f46445640444750d7d753ccd04ae01b7","name":"Jeanette","image":{"@type":"ImageObject","inLanguage":"es","@id":"https:\/\/secure.gravatar.com\/avatar\/3ea2118a5f7dad2b7138b1187a6b7ee55f160b9968b66013c3a3ef39dd7e5798?s=96&d=mm&r=g","url":"https:\/\/secure.gravatar.com\/avatar\/3ea2118a5f7dad2b7138b1187a6b7ee55f160b9968b66013c3a3ef39dd7e5798?s=96&d=mm&r=g","contentUrl":"https:\/\/secure.gravatar.com\/avatar\/3ea2118a5f7dad2b7138b1187a6b7ee55f160b9968b66013c3a3ef39dd7e5798?s=96&d=mm&r=g","caption":"Jeanette"},"sameAs":["https:\/\/www.eldiario.net\/portal"],"url":"https:\/\/www.eldiario.net\/portal\/author\/jeanette\/"}]}},"_links":{"self":[{"href":"https:\/\/www.eldiario.net\/portal\/wp-json\/wp\/v2\/posts\/263389","targetHints":{"allow":["GET"]}}],"collection":[{"href":"https:\/\/www.eldiario.net\/portal\/wp-json\/wp\/v2\/posts"}],"about":[{"href":"https:\/\/www.eldiario.net\/portal\/wp-json\/wp\/v2\/types\/post"}],"author":[{"embeddable":true,"href":"https:\/\/www.eldiario.net\/portal\/wp-json\/wp\/v2\/users\/1"}],"replies":[{"embeddable":true,"href":"https:\/\/www.eldiario.net\/portal\/wp-json\/wp\/v2\/comments?post=263389"}],"version-history":[{"count":1,"href":"https:\/\/www.eldiario.net\/portal\/wp-json\/wp\/v2\/posts\/263389\/revisions"}],"predecessor-version":[{"id":263391,"href":"https:\/\/www.eldiario.net\/portal\/wp-json\/wp\/v2\/posts\/263389\/revisions\/263391"}],"wp:featuredmedia":[{"embeddable":true,"href":"https:\/\/www.eldiario.net\/portal\/wp-json\/wp\/v2\/media\/263390"}],"wp:attachment":[{"href":"https:\/\/www.eldiario.net\/portal\/wp-json\/wp\/v2\/media?parent=263389"}],"wp:term":[{"taxonomy":"category","embeddable":true,"href":"https:\/\/www.eldiario.net\/portal\/wp-json\/wp\/v2\/categories?post=263389"},{"taxonomy":"post_tag","embeddable":true,"href":"https:\/\/www.eldiario.net\/portal\/wp-json\/wp\/v2\/tags?post=263389"}],"curies":[{"name":"wp","href":"https:\/\/api.w.org\/{rel}","templated":true}]}}