{"id":263386,"date":"2024-11-25T05:39:24","date_gmt":"2024-11-25T09:39:24","guid":{"rendered":"https:\/\/www.eldiario.net\/portal\/?p=263386"},"modified":"2024-11-25T05:39:24","modified_gmt":"2024-11-25T09:39:24","slug":"reportan-escalada-represiva-y-nuevas-redadas-en-nicaragua","status":"publish","type":"post","link":"https:\/\/www.eldiario.net\/portal\/2024\/11\/25\/reportan-escalada-represiva-y-nuevas-redadas-en-nicaragua\/","title":{"rendered":"Reportan escalada represiva  y nuevas redadas en Nicaragua"},"content":{"rendered":"<p class=\"v1MsoNormal\">Cerca de 11 personas, entre ellas un periodista, fueron arrestadas en Nicaragua, en el marco de una reforma a la Constituci\u00f3n aprobada para ampliar el poder del Ejecutivo sandinista, inform\u00f3 el organismo Alertas Libertad de Prensa Nicaragua y los portales Confidencial y 100 % Noticias.<\/p>\n<p class=\"v1MsoNormal\">\u00abUnos 11 ciudadanos fueron detenidos por el r\u00e9gimen de Daniel Ortega y Rosario Murillo, este fin de semana. Adem\u00e1s, el s\u00e1bado se conoci\u00f3 de la detenci\u00f3n del periodista retirado, originario de Le\u00f3n, Leo Catalino C\u00e1rcamo Herrera\u00bb, public\u00f3 100% Noticias.<\/p>\n<p class=\"v1MsoNormal\">El portal noticioso se\u00f1ala que C\u00e1rcamo \u00abes un adulto mayor que enfrenta diversas enfermedades cr\u00f3nicas y un estado de salud delicado\u00bb, y que \u00abpreliminarmente se sabe que patrullas de la polic\u00eda llegaron a su casa, en el municipio de La Paz Centro, y se lo llevaron a eso de las 9 de la ma\u00f1ana\u00bb.<\/p>\n<p class=\"v1MsoNormal\">Record\u00f3 tambi\u00e9n que Leo C\u00e1rcamo Herrera \u00abfue detenido por primera vez en enero de 2019, cuando a\u00fan era periodista activo en una radio local. Sin embargo fue liberado horas despu\u00e9s\u00bb. A\u00f1adi\u00f3 que sus familiares \u00abguardan silencio absoluto\u00bb sobre su detenci\u00f3n.<\/p>\n<p class=\"v1MsoNormal\">La aprehensi\u00f3n de C\u00e1rcamo, seg\u00fan el portal informativo, fue confirmada por Alertas Libertad de Prensa Nicaragua, de la Fundaci\u00f3n para la Libertad de Prensa y Expresi\u00f3n, FLED.<\/p>\n<p class=\"v1MsoNormal\">Adem\u00e1s, en el departamento de Le\u00f3n se dio a conocer el arresto del m\u00e9dico jubilado, Arnoldo Toru\u00f1o, un excatedr\u00e1tico, quien en su momento tambi\u00e9n enfrent\u00f3 asedios\u00bb y cuya casa fue quemada por activistas sandinistas durante la rebeli\u00f3n de 2018.<\/p>\n<p class=\"v1MsoNormal\">Por su parte, la red c\u00edvica Monitoreo Azul y Blanco report\u00f3 12 \u00abdetenciones arbitrarias confirmadas\u00bb y otras por confirmar en las zonas se\u00f1aladas por los medios de prensa, como parte de una \u00abescalada represiva\u00a0\u00a0de la dictadura\u00bb.<\/p>\n<p class=\"v1MsoNormal\">De momento, ni el gobierno de Nicaragua ni la Polic\u00eda Nacional ofrecieron sus versiones sobre la denuncia de estos arrestos, y generalmente no suelen pronunciarse. (Dw)<\/p>\n","protected":false},"excerpt":{"rendered":"<p>Cerca de 11 personas, entre ellas un periodista, fueron arrestadas en Nicaragua, en el marco de una reforma a la Constituci\u00f3n aprobada para ampliar el poder del Ejecutivo sandinista, inform\u00f3 el organismo Alertas Libertad de Prensa Nicaragua y los portales Confidencial y 100 % Noticias. \u00abUnos 11 ciudadanos fueron detenidos por el r\u00e9gimen de Daniel [&hellip;]<\/p>\n","protected":false},"author":1,"featured_media":263387,"comment_status":"closed","ping_status":"open","sticky":false,"template":"","format":"standard","meta":{"_acf_changed":false,"footnotes":""},"categories":[3],"tags":[],"class_list":["post-263386","post","type-post","status-publish","format-standard","has-post-thumbnail","category-internacional"],"acf":{"antetitulo":"Tras reforma a la Constituci\u00f3n"},"yoast_head":"<!-- This site is optimized with the Yoast SEO plugin v28.3 - https:\/\/yoast.com\/product\/yoast-seo-wordpress\/ -->\n<title>Reportan escalada represiva y nuevas redadas en Nicaragua - El Diario - Bolivia<\/title>\n<meta name=\"robots\" content=\"index, follow, max-snippet:-1, max-image-preview:large, max-video-preview:-1\" \/>\n<link rel=\"canonical\" href=\"https:\/\/www.eldiario.net\/portal\/2024\/11\/25\/reportan-escalada-represiva-y-nuevas-redadas-en-nicaragua\/\" \/>\n<meta property=\"og:locale\" content=\"es_ES\" \/>\n<meta property=\"og:type\" content=\"article\" \/>\n<meta property=\"og:title\" content=\"Reportan escalada represiva y nuevas redadas en Nicaragua - El Diario - Bolivia\" \/>\n<meta property=\"og:description\" content=\"Cerca de 11 personas, entre ellas un periodista, fueron arrestadas en Nicaragua, en el marco de una reforma a la Constituci\u00f3n aprobada para ampliar el poder del Ejecutivo sandinista, inform\u00f3 el organismo Alertas Libertad de Prensa Nicaragua y los portales Confidencial y 100 % Noticias. \u00abUnos 11 ciudadanos fueron detenidos por el r\u00e9gimen de Daniel [&hellip;]\" \/>\n<meta property=\"og:url\" content=\"https:\/\/www.eldiario.net\/portal\/2024\/11\/25\/reportan-escalada-represiva-y-nuevas-redadas-en-nicaragua\/\" \/>\n<meta property=\"og:site_name\" content=\"El Diario - Bolivia\" \/>\n<meta property=\"article:publisher\" content=\"https:\/\/www.facebook.com\/eldiario.bolivia\/\" \/>\n<meta property=\"article:published_time\" content=\"2024-11-25T09:39:24+00:00\" \/>\n<meta property=\"og:image\" content=\"https:\/\/www.eldiario.net\/portal\/wp-content\/uploads\/2024\/11\/NICARAGUA-Picture-Alliance.jpg\" \/>\n\t<meta property=\"og:image:width\" content=\"1200\" \/>\n\t<meta property=\"og:image:height\" content=\"525\" \/>\n\t<meta property=\"og:image:type\" content=\"image\/jpeg\" \/>\n<meta name=\"author\" content=\"Jeanette\" \/>\n<meta name=\"twitter:card\" content=\"summary_large_image\" \/>\n<meta name=\"twitter:creator\" content=\"@eldiario_net\" \/>\n<meta name=\"twitter:site\" content=\"@eldiario_net\" \/>\n<meta name=\"twitter:label1\" content=\"Escrito por\" \/>\n\t<meta name=\"twitter:data1\" content=\"Jeanette\" \/>\n\t<meta name=\"twitter:label2\" content=\"Tiempo de lectura\" \/>\n\t<meta name=\"twitter:data2\" content=\"2 minutos\" \/>\n<script type=\"application\/ld+json\" class=\"yoast-schema-graph\">{\"@context\":\"https:\\\/\\\/schema.org\",\"@graph\":[{\"@type\":\"Article\",\"@id\":\"https:\\\/\\\/www.eldiario.net\\\/portal\\\/2024\\\/11\\\/25\\\/reportan-escalada-represiva-y-nuevas-redadas-en-nicaragua\\\/#article\",\"isPartOf\":{\"@id\":\"https:\\\/\\\/www.eldiario.net\\\/portal\\\/2024\\\/11\\\/25\\\/reportan-escalada-represiva-y-nuevas-redadas-en-nicaragua\\\/\"},\"author\":{\"name\":\"Jeanette\",\"@id\":\"https:\\\/\\\/www.eldiario.net\\\/portal\\\/#\\\/schema\\\/person\\\/f46445640444750d7d753ccd04ae01b7\"},\"headline\":\"Reportan escalada represiva y nuevas redadas en Nicaragua\",\"datePublished\":\"2024-11-25T09:39:24+00:00\",\"mainEntityOfPage\":{\"@id\":\"https:\\\/\\\/www.eldiario.net\\\/portal\\\/2024\\\/11\\\/25\\\/reportan-escalada-represiva-y-nuevas-redadas-en-nicaragua\\\/\"},\"wordCount\":339,\"publisher\":{\"@id\":\"https:\\\/\\\/www.eldiario.net\\\/portal\\\/#organization\"},\"image\":{\"@id\":\"https:\\\/\\\/www.eldiario.net\\\/portal\\\/2024\\\/11\\\/25\\\/reportan-escalada-represiva-y-nuevas-redadas-en-nicaragua\\\/#primaryimage\"},\"thumbnailUrl\":\"https:\\\/\\\/www.eldiario.net\\\/portal\\\/wp-content\\\/uploads\\\/2024\\\/11\\\/NICARAGUA-Picture-Alliance.jpg\",\"articleSection\":[\"Internacional\"],\"inLanguage\":\"es\"},{\"@type\":\"WebPage\",\"@id\":\"https:\\\/\\\/www.eldiario.net\\\/portal\\\/2024\\\/11\\\/25\\\/reportan-escalada-represiva-y-nuevas-redadas-en-nicaragua\\\/\",\"url\":\"https:\\\/\\\/www.eldiario.net\\\/portal\\\/2024\\\/11\\\/25\\\/reportan-escalada-represiva-y-nuevas-redadas-en-nicaragua\\\/\",\"name\":\"Reportan escalada represiva y nuevas redadas en Nicaragua - El Diario - Bolivia\",\"isPartOf\":{\"@id\":\"https:\\\/\\\/www.eldiario.net\\\/portal\\\/#website\"},\"primaryImageOfPage\":{\"@id\":\"https:\\\/\\\/www.eldiario.net\\\/portal\\\/2024\\\/11\\\/25\\\/reportan-escalada-represiva-y-nuevas-redadas-en-nicaragua\\\/#primaryimage\"},\"image\":{\"@id\":\"https:\\\/\\\/www.eldiario.net\\\/portal\\\/2024\\\/11\\\/25\\\/reportan-escalada-represiva-y-nuevas-redadas-en-nicaragua\\\/#primaryimage\"},\"thumbnailUrl\":\"https:\\\/\\\/www.eldiario.net\\\/portal\\\/wp-content\\\/uploads\\\/2024\\\/11\\\/NICARAGUA-Picture-Alliance.jpg\",\"datePublished\":\"2024-11-25T09:39:24+00:00\",\"breadcrumb\":{\"@id\":\"https:\\\/\\\/www.eldiario.net\\\/portal\\\/2024\\\/11\\\/25\\\/reportan-escalada-represiva-y-nuevas-redadas-en-nicaragua\\\/#breadcrumb\"},\"inLanguage\":\"es\",\"potentialAction\":[{\"@type\":\"ReadAction\",\"target\":[\"https:\\\/\\\/www.eldiario.net\\\/portal\\\/2024\\\/11\\\/25\\\/reportan-escalada-represiva-y-nuevas-redadas-en-nicaragua\\\/\"]}]},{\"@type\":\"ImageObject\",\"inLanguage\":\"es\",\"@id\":\"https:\\\/\\\/www.eldiario.net\\\/portal\\\/2024\\\/11\\\/25\\\/reportan-escalada-represiva-y-nuevas-redadas-en-nicaragua\\\/#primaryimage\",\"url\":\"https:\\\/\\\/www.eldiario.net\\\/portal\\\/wp-content\\\/uploads\\\/2024\\\/11\\\/NICARAGUA-Picture-Alliance.jpg\",\"contentUrl\":\"https:\\\/\\\/www.eldiario.net\\\/portal\\\/wp-content\\\/uploads\\\/2024\\\/11\\\/NICARAGUA-Picture-Alliance.jpg\",\"width\":1200,\"height\":525,\"caption\":\"Imagen referencial CREDITO: Picture Alliance\"},{\"@type\":\"BreadcrumbList\",\"@id\":\"https:\\\/\\\/www.eldiario.net\\\/portal\\\/2024\\\/11\\\/25\\\/reportan-escalada-represiva-y-nuevas-redadas-en-nicaragua\\\/#breadcrumb\",\"itemListElement\":[{\"@type\":\"ListItem\",\"position\":1,\"name\":\"Portada\",\"item\":\"https:\\\/\\\/www.eldiario.net\\\/portal\\\/\"},{\"@type\":\"ListItem\",\"position\":2,\"name\":\"Reportan escalada represiva y nuevas redadas en Nicaragua\"}]},{\"@type\":\"WebSite\",\"@id\":\"https:\\\/\\\/www.eldiario.net\\\/portal\\\/#website\",\"url\":\"https:\\\/\\\/www.eldiario.net\\\/portal\\\/\",\"name\":\"El Diario - Decano de la prensa nacional\",\"description\":\"El Diario - Decano de la prensa nacional\",\"publisher\":{\"@id\":\"https:\\\/\\\/www.eldiario.net\\\/portal\\\/#organization\"},\"potentialAction\":[{\"@type\":\"SearchAction\",\"target\":{\"@type\":\"EntryPoint\",\"urlTemplate\":\"https:\\\/\\\/www.eldiario.net\\\/portal\\\/?s={search_term_string}\"},\"query-input\":{\"@type\":\"PropertyValueSpecification\",\"valueRequired\":true,\"valueName\":\"search_term_string\"}}],\"inLanguage\":\"es\"},{\"@type\":\"Organization\",\"@id\":\"https:\\\/\\\/www.eldiario.net\\\/portal\\\/#organization\",\"name\":\"El Diario - Decano de la prensa nacional\",\"url\":\"https:\\\/\\\/www.eldiario.net\\\/portal\\\/\",\"logo\":{\"@type\":\"ImageObject\",\"inLanguage\":\"es\",\"@id\":\"https:\\\/\\\/www.eldiario.net\\\/portal\\\/#\\\/schema\\\/logo\\\/image\\\/\",\"url\":\"https:\\\/\\\/www.eldiario.net\\\/portal\\\/wp-content\\\/uploads\\\/2023\\\/07\\\/logo_ED.jpg\",\"contentUrl\":\"https:\\\/\\\/www.eldiario.net\\\/portal\\\/wp-content\\\/uploads\\\/2023\\\/07\\\/logo_ED.jpg\",\"width\":272,\"height\":52,\"caption\":\"El Diario - Decano de la prensa nacional\"},\"image\":{\"@id\":\"https:\\\/\\\/www.eldiario.net\\\/portal\\\/#\\\/schema\\\/logo\\\/image\\\/\"},\"sameAs\":[\"https:\\\/\\\/www.facebook.com\\\/eldiario.bolivia\\\/\",\"https:\\\/\\\/x.com\\\/eldiario_net\"]},{\"@type\":\"Person\",\"@id\":\"https:\\\/\\\/www.eldiario.net\\\/portal\\\/#\\\/schema\\\/person\\\/f46445640444750d7d753ccd04ae01b7\",\"name\":\"Jeanette\",\"image\":{\"@type\":\"ImageObject\",\"inLanguage\":\"es\",\"@id\":\"https:\\\/\\\/secure.gravatar.com\\\/avatar\\\/3ea2118a5f7dad2b7138b1187a6b7ee55f160b9968b66013c3a3ef39dd7e5798?s=96&d=mm&r=g\",\"url\":\"https:\\\/\\\/secure.gravatar.com\\\/avatar\\\/3ea2118a5f7dad2b7138b1187a6b7ee55f160b9968b66013c3a3ef39dd7e5798?s=96&d=mm&r=g\",\"contentUrl\":\"https:\\\/\\\/secure.gravatar.com\\\/avatar\\\/3ea2118a5f7dad2b7138b1187a6b7ee55f160b9968b66013c3a3ef39dd7e5798?s=96&d=mm&r=g\",\"caption\":\"Jeanette\"},\"sameAs\":[\"https:\\\/\\\/www.eldiario.net\\\/portal\"],\"url\":\"https:\\\/\\\/www.eldiario.net\\\/portal\\\/author\\\/jeanette\\\/\"}]}<\/script>\n<!-- \/ Yoast SEO plugin. -->","yoast_head_json":{"title":"Reportan escalada represiva y nuevas redadas en Nicaragua - El Diario - Bolivia","robots":{"index":"index","follow":"follow","max-snippet":"max-snippet:-1","max-image-preview":"max-image-preview:large","max-video-preview":"max-video-preview:-1"},"canonical":"https:\/\/www.eldiario.net\/portal\/2024\/11\/25\/reportan-escalada-represiva-y-nuevas-redadas-en-nicaragua\/","og_locale":"es_ES","og_type":"article","og_title":"Reportan escalada represiva y nuevas redadas en Nicaragua - El Diario - Bolivia","og_description":"Cerca de 11 personas, entre ellas un periodista, fueron arrestadas en Nicaragua, en el marco de una reforma a la Constituci\u00f3n aprobada para ampliar el poder del Ejecutivo sandinista, inform\u00f3 el organismo Alertas Libertad de Prensa Nicaragua y los portales Confidencial y 100 % Noticias. \u00abUnos 11 ciudadanos fueron detenidos por el r\u00e9gimen de Daniel [&hellip;]","og_url":"https:\/\/www.eldiario.net\/portal\/2024\/11\/25\/reportan-escalada-represiva-y-nuevas-redadas-en-nicaragua\/","og_site_name":"El Diario - Bolivia","article_publisher":"https:\/\/www.facebook.com\/eldiario.bolivia\/","article_published_time":"2024-11-25T09:39:24+00:00","og_image":[{"width":1200,"height":525,"url":"https:\/\/www.eldiario.net\/portal\/wp-content\/uploads\/2024\/11\/NICARAGUA-Picture-Alliance.jpg","type":"image\/jpeg"}],"author":"Jeanette","twitter_card":"summary_large_image","twitter_creator":"@eldiario_net","twitter_site":"@eldiario_net","twitter_misc":{"Escrito por":"Jeanette","Tiempo de lectura":"2 minutos"},"schema":{"@context":"https:\/\/schema.org","@graph":[{"@type":"Article","@id":"https:\/\/www.eldiario.net\/portal\/2024\/11\/25\/reportan-escalada-represiva-y-nuevas-redadas-en-nicaragua\/#article","isPartOf":{"@id":"https:\/\/www.eldiario.net\/portal\/2024\/11\/25\/reportan-escalada-represiva-y-nuevas-redadas-en-nicaragua\/"},"author":{"name":"Jeanette","@id":"https:\/\/www.eldiario.net\/portal\/#\/schema\/person\/f46445640444750d7d753ccd04ae01b7"},"headline":"Reportan escalada represiva y nuevas redadas en Nicaragua","datePublished":"2024-11-25T09:39:24+00:00","mainEntityOfPage":{"@id":"https:\/\/www.eldiario.net\/portal\/2024\/11\/25\/reportan-escalada-represiva-y-nuevas-redadas-en-nicaragua\/"},"wordCount":339,"publisher":{"@id":"https:\/\/www.eldiario.net\/portal\/#organization"},"image":{"@id":"https:\/\/www.eldiario.net\/portal\/2024\/11\/25\/reportan-escalada-represiva-y-nuevas-redadas-en-nicaragua\/#primaryimage"},"thumbnailUrl":"https:\/\/www.eldiario.net\/portal\/wp-content\/uploads\/2024\/11\/NICARAGUA-Picture-Alliance.jpg","articleSection":["Internacional"],"inLanguage":"es"},{"@type":"WebPage","@id":"https:\/\/www.eldiario.net\/portal\/2024\/11\/25\/reportan-escalada-represiva-y-nuevas-redadas-en-nicaragua\/","url":"https:\/\/www.eldiario.net\/portal\/2024\/11\/25\/reportan-escalada-represiva-y-nuevas-redadas-en-nicaragua\/","name":"Reportan escalada represiva y nuevas redadas en Nicaragua - El Diario - Bolivia","isPartOf":{"@id":"https:\/\/www.eldiario.net\/portal\/#website"},"primaryImageOfPage":{"@id":"https:\/\/www.eldiario.net\/portal\/2024\/11\/25\/reportan-escalada-represiva-y-nuevas-redadas-en-nicaragua\/#primaryimage"},"image":{"@id":"https:\/\/www.eldiario.net\/portal\/2024\/11\/25\/reportan-escalada-represiva-y-nuevas-redadas-en-nicaragua\/#primaryimage"},"thumbnailUrl":"https:\/\/www.eldiario.net\/portal\/wp-content\/uploads\/2024\/11\/NICARAGUA-Picture-Alliance.jpg","datePublished":"2024-11-25T09:39:24+00:00","breadcrumb":{"@id":"https:\/\/www.eldiario.net\/portal\/2024\/11\/25\/reportan-escalada-represiva-y-nuevas-redadas-en-nicaragua\/#breadcrumb"},"inLanguage":"es","potentialAction":[{"@type":"ReadAction","target":["https:\/\/www.eldiario.net\/portal\/2024\/11\/25\/reportan-escalada-represiva-y-nuevas-redadas-en-nicaragua\/"]}]},{"@type":"ImageObject","inLanguage":"es","@id":"https:\/\/www.eldiario.net\/portal\/2024\/11\/25\/reportan-escalada-represiva-y-nuevas-redadas-en-nicaragua\/#primaryimage","url":"https:\/\/www.eldiario.net\/portal\/wp-content\/uploads\/2024\/11\/NICARAGUA-Picture-Alliance.jpg","contentUrl":"https:\/\/www.eldiario.net\/portal\/wp-content\/uploads\/2024\/11\/NICARAGUA-Picture-Alliance.jpg","width":1200,"height":525,"caption":"Imagen referencial CREDITO: Picture Alliance"},{"@type":"BreadcrumbList","@id":"https:\/\/www.eldiario.net\/portal\/2024\/11\/25\/reportan-escalada-represiva-y-nuevas-redadas-en-nicaragua\/#breadcrumb","itemListElement":[{"@type":"ListItem","position":1,"name":"Portada","item":"https:\/\/www.eldiario.net\/portal\/"},{"@type":"ListItem","position":2,"name":"Reportan escalada represiva y nuevas redadas en Nicaragua"}]},{"@type":"WebSite","@id":"https:\/\/www.eldiario.net\/portal\/#website","url":"https:\/\/www.eldiario.net\/portal\/","name":"El Diario - Decano de la prensa nacional","description":"El Diario - Decano de la prensa nacional","publisher":{"@id":"https:\/\/www.eldiario.net\/portal\/#organization"},"potentialAction":[{"@type":"SearchAction","target":{"@type":"EntryPoint","urlTemplate":"https:\/\/www.eldiario.net\/portal\/?s={search_term_string}"},"query-input":{"@type":"PropertyValueSpecification","valueRequired":true,"valueName":"search_term_string"}}],"inLanguage":"es"},{"@type":"Organization","@id":"https:\/\/www.eldiario.net\/portal\/#organization","name":"El Diario - Decano de la prensa nacional","url":"https:\/\/www.eldiario.net\/portal\/","logo":{"@type":"ImageObject","inLanguage":"es","@id":"https:\/\/www.eldiario.net\/portal\/#\/schema\/logo\/image\/","url":"https:\/\/www.eldiario.net\/portal\/wp-content\/uploads\/2023\/07\/logo_ED.jpg","contentUrl":"https:\/\/www.eldiario.net\/portal\/wp-content\/uploads\/2023\/07\/logo_ED.jpg","width":272,"height":52,"caption":"El Diario - Decano de la prensa nacional"},"image":{"@id":"https:\/\/www.eldiario.net\/portal\/#\/schema\/logo\/image\/"},"sameAs":["https:\/\/www.facebook.com\/eldiario.bolivia\/","https:\/\/x.com\/eldiario_net"]},{"@type":"Person","@id":"https:\/\/www.eldiario.net\/portal\/#\/schema\/person\/f46445640444750d7d753ccd04ae01b7","name":"Jeanette","image":{"@type":"ImageObject","inLanguage":"es","@id":"https:\/\/secure.gravatar.com\/avatar\/3ea2118a5f7dad2b7138b1187a6b7ee55f160b9968b66013c3a3ef39dd7e5798?s=96&d=mm&r=g","url":"https:\/\/secure.gravatar.com\/avatar\/3ea2118a5f7dad2b7138b1187a6b7ee55f160b9968b66013c3a3ef39dd7e5798?s=96&d=mm&r=g","contentUrl":"https:\/\/secure.gravatar.com\/avatar\/3ea2118a5f7dad2b7138b1187a6b7ee55f160b9968b66013c3a3ef39dd7e5798?s=96&d=mm&r=g","caption":"Jeanette"},"sameAs":["https:\/\/www.eldiario.net\/portal"],"url":"https:\/\/www.eldiario.net\/portal\/author\/jeanette\/"}]}},"_links":{"self":[{"href":"https:\/\/www.eldiario.net\/portal\/wp-json\/wp\/v2\/posts\/263386","targetHints":{"allow":["GET"]}}],"collection":[{"href":"https:\/\/www.eldiario.net\/portal\/wp-json\/wp\/v2\/posts"}],"about":[{"href":"https:\/\/www.eldiario.net\/portal\/wp-json\/wp\/v2\/types\/post"}],"author":[{"embeddable":true,"href":"https:\/\/www.eldiario.net\/portal\/wp-json\/wp\/v2\/users\/1"}],"replies":[{"embeddable":true,"href":"https:\/\/www.eldiario.net\/portal\/wp-json\/wp\/v2\/comments?post=263386"}],"version-history":[{"count":1,"href":"https:\/\/www.eldiario.net\/portal\/wp-json\/wp\/v2\/posts\/263386\/revisions"}],"predecessor-version":[{"id":263388,"href":"https:\/\/www.eldiario.net\/portal\/wp-json\/wp\/v2\/posts\/263386\/revisions\/263388"}],"wp:featuredmedia":[{"embeddable":true,"href":"https:\/\/www.eldiario.net\/portal\/wp-json\/wp\/v2\/media\/263387"}],"wp:attachment":[{"href":"https:\/\/www.eldiario.net\/portal\/wp-json\/wp\/v2\/media?parent=263386"}],"wp:term":[{"taxonomy":"category","embeddable":true,"href":"https:\/\/www.eldiario.net\/portal\/wp-json\/wp\/v2\/categories?post=263386"},{"taxonomy":"post_tag","embeddable":true,"href":"https:\/\/www.eldiario.net\/portal\/wp-json\/wp\/v2\/tags?post=263386"}],"curies":[{"name":"wp","href":"https:\/\/api.w.org\/{rel}","templated":true}]}}